{"id":11291,"date":"2024-02-07T00:17:47","date_gmt":"2024-02-07T03:17:47","guid":{"rendered":"https:\/\/apuntesdesanluis.com\/?p=11291"},"modified":"2024-02-07T00:17:47","modified_gmt":"2024-02-07T03:17:47","slug":"milei-lloro-en-el-muro-de-los-lamentos-y-se-reunio-con-el-presidente-de-israel","status":"publish","type":"post","link":"https:\/\/apuntesdesanluis.com\/index.php\/2024\/02\/07\/milei-lloro-en-el-muro-de-los-lamentos-y-se-reunio-con-el-presidente-de-israel\/","title":{"rendered":"MILEI LLOR\u00d3 EN EL MURO DE LOS LAMENTOS Y SE REUNI\u00d3 CON EL PRESIDENTE DE ISRAEL"},"content":{"rendered":"<h3>El presidente <strong>Javier Milei<\/strong> arrib\u00f3 ayer a Israel para su primera gira internacional como mandatario y tuvo su escala inicial en el hist\u00f3rico Muro de los Lamentos, donde no pudo contener las l\u00e1grimas.<\/h3>\n<h3>El jefe de Estado lleg\u00f3 al muro rodeado de curiosos y fot\u00f3grafos, que retrataron el momento en que se puso a llorar, en cumplimiento con el costado espiritual del viaje.<\/h3>\n<p><img fetchpriority=\"high\" decoding=\"async\" class=\"wp-image-11293 aligncenter\" src=\"https:\/\/apuntesdesanluis.com\/wp-content\/uploads\/2024\/02\/milei-llora-300x173.png\" alt=\"\" width=\"602\" height=\"347\" srcset=\"https:\/\/apuntesdesanluis.com\/wp-content\/uploads\/2024\/02\/milei-llora-300x173.png 300w, https:\/\/apuntesdesanluis.com\/wp-content\/uploads\/2024\/02\/milei-llora.png 600w\" sizes=\"(max-width: 602px) 100vw, 602px\" \/><\/p>\n<h3>Se trat\u00f3 de la primera actividad que realiz\u00f3 tras su arribo a Medio Oriente, en compa\u00f1\u00eda de su rabino, Axel Wahnish, quien fue designado como futuro embajador argentino en el pa\u00eds.<\/h3>\n<h3>Adem\u00e1s, de la emoci\u00f3n por la visita a los restos milenarios del Templo de Jerusal\u00e9n, dedic\u00f3 un momento de su estad\u00eda a rezar, en soledad y junto a su rabino, y a leer La Tor\u00e1 en los antiguos t\u00faneles.<\/h3>\n<h3>Lo esperaron all\u00ed muchos j\u00f3venes argentinos que viven en Israel, que portaban banderas celestes y blancas y camisetas de la Selecci\u00f3n y a quienes el mandatario se acerc\u00f3 a estrecharles la mano, como tambi\u00e9n bastantes cronistas de la prensa local que se viene haciendo eco del fen\u00f3meno Milei, tras su triunfo electoral.<\/h3>\n<h3>En ese marco, hubo gran cantidad de personal de seguridad que lo rode\u00f3, tanto hombres de civil y uniformados armados. Una persona lleg\u00f3 a pedirle &#8220;un mensaje para Argentina&#8221;, a lo cual respondi\u00f3: &#8220;Estamos saliendo&#8221;.<\/h3>\n<h3>Luego de esa visita, tuvo un encuentro con el presidente del Estado de Israel, <strong>Isaac Herzog<\/strong>, en Jerusal\u00e9n, a agenda abierta, en el que se avanz\u00f3 en el compromiso entre ambas naciones y se abord\u00f3 la decisi\u00f3n de mudar la embajada de Argentina a Jerusal\u00e9n.<\/h3>\n<p><img decoding=\"async\" class=\"wp-image-11294 aligncenter\" src=\"https:\/\/apuntesdesanluis.com\/wp-content\/uploads\/2024\/02\/milei-t-herzog-300x179.png\" alt=\"\" width=\"603\" height=\"360\" srcset=\"https:\/\/apuntesdesanluis.com\/wp-content\/uploads\/2024\/02\/milei-t-herzog-300x179.png 300w, https:\/\/apuntesdesanluis.com\/wp-content\/uploads\/2024\/02\/milei-t-herzog.png 509w\" sizes=\"(max-width: 603px) 100vw, 603px\" \/><\/p>\n<h3>Formaron parte del intercambio la secretaria general de la Presidencia, Karina Milei; la canciller Diana Mondino y el embajador designado en Israel.<\/h3>\n<h3>Seg\u00fan supo la agencia Noticias Argentinas, la Orquesta de Presidencia de Israel enton\u00f3 los himnos de ambos pa\u00edses y los mandatarios intercambiaron obsequios.<\/h3>\n<h3>En la previa al viaje, Milei anticip\u00f3 que su visita, adem\u00e1s de cumplir con una promesa de campa\u00f1a, responde a su intenci\u00f3n de concretar su apoyo a Israel contra los ataques del grupo Hamas, como tambi\u00e9n llevar a cabo el traslado de la Embajada argentina desde Tel Aviv a Jerusal\u00e9n.<\/h3>\n<h3>Tras eso, este mismo martes, el grupo terrorista respondi\u00f3 con un comunicado, en el que manifest\u00f3: &#8220;Condenamos y deploramos en\u00e9rgicamente el anuncio del presidente de Argentina sobre su intenci\u00f3n de trasladar la embajada de su pa\u00eds en la entidad nazi-sionista (Israel) a Jerusal\u00e9n&#8221;.<\/h3>\n<p><img decoding=\"async\" class=\"wp-image-11295 aligncenter\" src=\"https:\/\/apuntesdesanluis.com\/wp-content\/uploads\/2024\/02\/encuentro-300x157.png\" alt=\"\" width=\"610\" height=\"319\" srcset=\"https:\/\/apuntesdesanluis.com\/wp-content\/uploads\/2024\/02\/encuentro-300x157.png 300w, https:\/\/apuntesdesanluis.com\/wp-content\/uploads\/2024\/02\/encuentro.png 600w\" sizes=\"(max-width: 610px) 100vw, 610px\" \/><\/p>\n<h3>El mandatario arrib\u00f3 al Aeropuerto Internacional Ben Guri\u00f3n de Tel Aviv a las 14:30 de Israel (9:30 hora argentina), y al descender del avi\u00f3n de la l\u00ednea a\u00e9rea israel\u00ed ElAl, fue recibido por el ministro de Asuntos Exteriores local, Yisrael Katz.<\/h3>\n<h3>La actividad de Milei en Israel se extender\u00e1 dos d\u00edas m\u00e1s, con el objetivo de profundizar los lazos de amistad y econ\u00f3micos de la Argentina con el estado jud\u00edo.<\/h3>\n<h3>En ese marco, este mi\u00e9rcoles el presidente argentino se reunir\u00e1 cara a cara con el primer ministro israel\u00ed, Benjamin Netanyahu. Ser\u00e1 una reuni\u00f3n bilateral y otra reuni\u00f3n ampliada con Diana Mondino, Karina Milei, el Embajador designado ante Israel y el Encargado de Negocios ante Israel.<\/h3>\n<h3>El itinerario de Milei para ese d\u00eda incluye adem\u00e1s una visita guiada al Museo del Holocausto, la plantaci\u00f3n de un \u00e1rbol en &#8220;El Bosque de las Naciones del Keren Kayemet LeIsrael&#8221; y una visita a la Ciudad Antigua de Jerusal\u00e9n.<\/h3>\n<h3>Tambi\u00e9n un encuentro privado con el empresario mexicano Isaac Assa; otro con el empresario israel\u00ed, Simon Falic; una reuni\u00f3n con los Rabinos Principales de Israel, Itzjak Yosef y David Lau y otra con el rabino David Abujatzera.<\/h3>\n<p>&nbsp;<\/p>\n<p>&nbsp;<\/p>\n<p>&nbsp;<\/p>\n<p>&nbsp;<\/p>\n<p>&nbsp;<\/p>\n<p>&nbsp;<\/p>\n<p>&nbsp;<\/p>\n","protected":false},"excerpt":{"rendered":"<p>El presidente Javier Milei arrib\u00f3 ayer a Israel para su primera gira internacional como mandatario&#8230;<\/p>\n","protected":false},"author":1,"featured_media":11292,"comment_status":"closed","ping_status":"closed","sticky":false,"template":"","format":"standard","meta":{"footnotes":""},"categories":[5],"tags":[],"class_list":["post-11291","post","type-post","status-publish","format-standard","has-post-thumbnail","hentry","category-nacionales-internacionales"],"yoast_head":"<!-- This site is optimized with the Yoast SEO plugin v26.1.1 - https:\/\/yoast.com\/wordpress\/plugins\/seo\/ -->\n<title>MILEI LLOR\u00d3 EN EL MURO DE LOS LAMENTOS Y SE REUNI\u00d3 CON EL PRESIDENTE DE ISRAEL - Apuntes de San Luis<\/title>\n<meta name=\"robots\" content=\"index, follow, max-snippet:-1, max-image-preview:large, max-video-preview:-1\" \/>\n<link rel=\"canonical\" href=\"https:\/\/apuntesdesanluis.com\/index.php\/2024\/02\/07\/milei-lloro-en-el-muro-de-los-lamentos-y-se-reunio-con-el-presidente-de-israel\/\" \/>\n<meta property=\"og:locale\" content=\"es_ES\" \/>\n<meta property=\"og:type\" content=\"article\" \/>\n<meta property=\"og:title\" content=\"MILEI LLOR\u00d3 EN EL MURO DE LOS LAMENTOS Y SE REUNI\u00d3 CON EL PRESIDENTE DE ISRAEL - Apuntes de San Luis\" \/>\n<meta property=\"og:description\" content=\"El presidente Javier Milei arrib\u00f3 ayer a Israel para su primera gira internacional como mandatario...\" \/>\n<meta property=\"og:url\" content=\"https:\/\/apuntesdesanluis.com\/index.php\/2024\/02\/07\/milei-lloro-en-el-muro-de-los-lamentos-y-se-reunio-con-el-presidente-de-israel\/\" \/>\n<meta property=\"og:site_name\" content=\"Apuntes de San Luis\" \/>\n<meta property=\"article:published_time\" content=\"2024-02-07T03:17:47+00:00\" \/>\n<meta property=\"og:image\" content=\"https:\/\/apuntesdesanluis.com\/wp-content\/uploads\/2024\/02\/milei-llorando.png\" \/>\n\t<meta property=\"og:image:width\" content=\"600\" \/>\n\t<meta property=\"og:image:height\" content=\"351\" \/>\n\t<meta property=\"og:image:type\" content=\"image\/png\" \/>\n<meta name=\"author\" content=\"apuntesdesanluis.com\" \/>\n<meta name=\"twitter:card\" content=\"summary_large_image\" \/>\n<meta name=\"twitter:label1\" content=\"Escrito por\" \/>\n\t<meta name=\"twitter:data1\" content=\"apuntesdesanluis.com\" \/>\n\t<meta name=\"twitter:label2\" content=\"Tiempo de lectura\" \/>\n\t<meta name=\"twitter:data2\" content=\"4 minutos\" \/>\n<script type=\"application\/ld+json\" class=\"yoast-schema-graph\">{\"@context\":\"https:\/\/schema.org\",\"@graph\":[{\"@type\":\"Article\",\"@id\":\"https:\/\/apuntesdesanluis.com\/index.php\/2024\/02\/07\/milei-lloro-en-el-muro-de-los-lamentos-y-se-reunio-con-el-presidente-de-israel\/#article\",\"isPartOf\":{\"@id\":\"https:\/\/apuntesdesanluis.com\/index.php\/2024\/02\/07\/milei-lloro-en-el-muro-de-los-lamentos-y-se-reunio-con-el-presidente-de-israel\/\"},\"author\":{\"name\":\"apuntesdesanluis.com\",\"@id\":\"https:\/\/apuntesdesanluis.com\/#\/schema\/person\/b55151d52296fcce64d1a72538a70b90\"},\"headline\":\"MILEI LLOR\u00d3 EN EL MURO DE LOS LAMENTOS Y SE REUNI\u00d3 CON EL PRESIDENTE DE ISRAEL\",\"datePublished\":\"2024-02-07T03:17:47+00:00\",\"mainEntityOfPage\":{\"@id\":\"https:\/\/apuntesdesanluis.com\/index.php\/2024\/02\/07\/milei-lloro-en-el-muro-de-los-lamentos-y-se-reunio-con-el-presidente-de-israel\/\"},\"wordCount\":661,\"publisher\":{\"@id\":\"https:\/\/apuntesdesanluis.com\/#\/schema\/person\/b55151d52296fcce64d1a72538a70b90\"},\"image\":{\"@id\":\"https:\/\/apuntesdesanluis.com\/index.php\/2024\/02\/07\/milei-lloro-en-el-muro-de-los-lamentos-y-se-reunio-con-el-presidente-de-israel\/#primaryimage\"},\"thumbnailUrl\":\"https:\/\/apuntesdesanluis.com\/wp-content\/uploads\/2024\/02\/milei-llorando.png\",\"articleSection\":[\"Nacionales\/Internacionales\"],\"inLanguage\":\"es-AR\"},{\"@type\":\"WebPage\",\"@id\":\"https:\/\/apuntesdesanluis.com\/index.php\/2024\/02\/07\/milei-lloro-en-el-muro-de-los-lamentos-y-se-reunio-con-el-presidente-de-israel\/\",\"url\":\"https:\/\/apuntesdesanluis.com\/index.php\/2024\/02\/07\/milei-lloro-en-el-muro-de-los-lamentos-y-se-reunio-con-el-presidente-de-israel\/\",\"name\":\"MILEI LLOR\u00d3 EN EL MURO DE LOS LAMENTOS Y SE REUNI\u00d3 CON EL PRESIDENTE DE ISRAEL - Apuntes de San Luis\",\"isPartOf\":{\"@id\":\"https:\/\/apuntesdesanluis.com\/#website\"},\"primaryImageOfPage\":{\"@id\":\"https:\/\/apuntesdesanluis.com\/index.php\/2024\/02\/07\/milei-lloro-en-el-muro-de-los-lamentos-y-se-reunio-con-el-presidente-de-israel\/#primaryimage\"},\"image\":{\"@id\":\"https:\/\/apuntesdesanluis.com\/index.php\/2024\/02\/07\/milei-lloro-en-el-muro-de-los-lamentos-y-se-reunio-con-el-presidente-de-israel\/#primaryimage\"},\"thumbnailUrl\":\"https:\/\/apuntesdesanluis.com\/wp-content\/uploads\/2024\/02\/milei-llorando.png\",\"datePublished\":\"2024-02-07T03:17:47+00:00\",\"breadcrumb\":{\"@id\":\"https:\/\/apuntesdesanluis.com\/index.php\/2024\/02\/07\/milei-lloro-en-el-muro-de-los-lamentos-y-se-reunio-con-el-presidente-de-israel\/#breadcrumb\"},\"inLanguage\":\"es-AR\",\"potentialAction\":[{\"@type\":\"ReadAction\",\"target\":[\"https:\/\/apuntesdesanluis.com\/index.php\/2024\/02\/07\/milei-lloro-en-el-muro-de-los-lamentos-y-se-reunio-con-el-presidente-de-israel\/\"]}]},{\"@type\":\"ImageObject\",\"inLanguage\":\"es-AR\",\"@id\":\"https:\/\/apuntesdesanluis.com\/index.php\/2024\/02\/07\/milei-lloro-en-el-muro-de-los-lamentos-y-se-reunio-con-el-presidente-de-israel\/#primaryimage\",\"url\":\"https:\/\/apuntesdesanluis.com\/wp-content\/uploads\/2024\/02\/milei-llorando.png\",\"contentUrl\":\"https:\/\/apuntesdesanluis.com\/wp-content\/uploads\/2024\/02\/milei-llorando.png\",\"width\":600,\"height\":351},{\"@type\":\"BreadcrumbList\",\"@id\":\"https:\/\/apuntesdesanluis.com\/index.php\/2024\/02\/07\/milei-lloro-en-el-muro-de-los-lamentos-y-se-reunio-con-el-presidente-de-israel\/#breadcrumb\",\"itemListElement\":[{\"@type\":\"ListItem\",\"position\":1,\"name\":\"Inicio\",\"item\":\"https:\/\/apuntesdesanluis.com\/\"},{\"@type\":\"ListItem\",\"position\":2,\"name\":\"MILEI LLOR\u00d3 EN EL MURO DE LOS LAMENTOS Y SE REUNI\u00d3 CON EL PRESIDENTE DE ISRAEL\"}]},{\"@type\":\"WebSite\",\"@id\":\"https:\/\/apuntesdesanluis.com\/#website\",\"url\":\"https:\/\/apuntesdesanluis.com\/\",\"name\":\"Apuntes de San Luis\",\"description\":\"\",\"publisher\":{\"@id\":\"https:\/\/apuntesdesanluis.com\/#\/schema\/person\/b55151d52296fcce64d1a72538a70b90\"},\"potentialAction\":[{\"@type\":\"SearchAction\",\"target\":{\"@type\":\"EntryPoint\",\"urlTemplate\":\"https:\/\/apuntesdesanluis.com\/?s={search_term_string}\"},\"query-input\":{\"@type\":\"PropertyValueSpecification\",\"valueRequired\":true,\"valueName\":\"search_term_string\"}}],\"inLanguage\":\"es-AR\"},{\"@type\":[\"Person\",\"Organization\"],\"@id\":\"https:\/\/apuntesdesanluis.com\/#\/schema\/person\/b55151d52296fcce64d1a72538a70b90\",\"name\":\"apuntesdesanluis.com\",\"image\":{\"@type\":\"ImageObject\",\"inLanguage\":\"es-AR\",\"@id\":\"https:\/\/apuntesdesanluis.com\/#\/schema\/person\/image\/\",\"url\":\"https:\/\/apuntesdesanluis.com\/wp-content\/uploads\/2023\/07\/cropped-apuntesdesanluis.png\",\"contentUrl\":\"https:\/\/apuntesdesanluis.com\/wp-content\/uploads\/2023\/07\/cropped-apuntesdesanluis.png\",\"width\":450,\"height\":112,\"caption\":\"apuntesdesanluis.com\"},\"logo\":{\"@id\":\"https:\/\/apuntesdesanluis.com\/#\/schema\/person\/image\/\"},\"sameAs\":[\"https:\/\/apuntesdesanluis.com\"],\"url\":\"https:\/\/apuntesdesanluis.com\/index.php\/author\/apuntesdesanluis-com\/\"}]}<\/script>\n<!-- \/ Yoast SEO plugin. -->","yoast_head_json":{"title":"MILEI LLOR\u00d3 EN EL MURO DE LOS LAMENTOS Y SE REUNI\u00d3 CON EL PRESIDENTE DE ISRAEL - Apuntes de San Luis","robots":{"index":"index","follow":"follow","max-snippet":"max-snippet:-1","max-image-preview":"max-image-preview:large","max-video-preview":"max-video-preview:-1"},"canonical":"https:\/\/apuntesdesanluis.com\/index.php\/2024\/02\/07\/milei-lloro-en-el-muro-de-los-lamentos-y-se-reunio-con-el-presidente-de-israel\/","og_locale":"es_ES","og_type":"article","og_title":"MILEI LLOR\u00d3 EN EL MURO DE LOS LAMENTOS Y SE REUNI\u00d3 CON EL PRESIDENTE DE ISRAEL - Apuntes de San Luis","og_description":"El presidente Javier Milei arrib\u00f3 ayer a Israel para su primera gira internacional como mandatario...","og_url":"https:\/\/apuntesdesanluis.com\/index.php\/2024\/02\/07\/milei-lloro-en-el-muro-de-los-lamentos-y-se-reunio-con-el-presidente-de-israel\/","og_site_name":"Apuntes de San Luis","article_published_time":"2024-02-07T03:17:47+00:00","og_image":[{"width":600,"height":351,"url":"https:\/\/apuntesdesanluis.com\/wp-content\/uploads\/2024\/02\/milei-llorando.png","type":"image\/png"}],"author":"apuntesdesanluis.com","twitter_card":"summary_large_image","twitter_misc":{"Escrito por":"apuntesdesanluis.com","Tiempo de lectura":"4 minutos"},"schema":{"@context":"https:\/\/schema.org","@graph":[{"@type":"Article","@id":"https:\/\/apuntesdesanluis.com\/index.php\/2024\/02\/07\/milei-lloro-en-el-muro-de-los-lamentos-y-se-reunio-con-el-presidente-de-israel\/#article","isPartOf":{"@id":"https:\/\/apuntesdesanluis.com\/index.php\/2024\/02\/07\/milei-lloro-en-el-muro-de-los-lamentos-y-se-reunio-con-el-presidente-de-israel\/"},"author":{"name":"apuntesdesanluis.com","@id":"https:\/\/apuntesdesanluis.com\/#\/schema\/person\/b55151d52296fcce64d1a72538a70b90"},"headline":"MILEI LLOR\u00d3 EN EL MURO DE LOS LAMENTOS Y SE REUNI\u00d3 CON EL PRESIDENTE DE ISRAEL","datePublished":"2024-02-07T03:17:47+00:00","mainEntityOfPage":{"@id":"https:\/\/apuntesdesanluis.com\/index.php\/2024\/02\/07\/milei-lloro-en-el-muro-de-los-lamentos-y-se-reunio-con-el-presidente-de-israel\/"},"wordCount":661,"publisher":{"@id":"https:\/\/apuntesdesanluis.com\/#\/schema\/person\/b55151d52296fcce64d1a72538a70b90"},"image":{"@id":"https:\/\/apuntesdesanluis.com\/index.php\/2024\/02\/07\/milei-lloro-en-el-muro-de-los-lamentos-y-se-reunio-con-el-presidente-de-israel\/#primaryimage"},"thumbnailUrl":"https:\/\/apuntesdesanluis.com\/wp-content\/uploads\/2024\/02\/milei-llorando.png","articleSection":["Nacionales\/Internacionales"],"inLanguage":"es-AR"},{"@type":"WebPage","@id":"https:\/\/apuntesdesanluis.com\/index.php\/2024\/02\/07\/milei-lloro-en-el-muro-de-los-lamentos-y-se-reunio-con-el-presidente-de-israel\/","url":"https:\/\/apuntesdesanluis.com\/index.php\/2024\/02\/07\/milei-lloro-en-el-muro-de-los-lamentos-y-se-reunio-con-el-presidente-de-israel\/","name":"MILEI LLOR\u00d3 EN EL MURO DE LOS LAMENTOS Y SE REUNI\u00d3 CON EL PRESIDENTE DE ISRAEL - Apuntes de San Luis","isPartOf":{"@id":"https:\/\/apuntesdesanluis.com\/#website"},"primaryImageOfPage":{"@id":"https:\/\/apuntesdesanluis.com\/index.php\/2024\/02\/07\/milei-lloro-en-el-muro-de-los-lamentos-y-se-reunio-con-el-presidente-de-israel\/#primaryimage"},"image":{"@id":"https:\/\/apuntesdesanluis.com\/index.php\/2024\/02\/07\/milei-lloro-en-el-muro-de-los-lamentos-y-se-reunio-con-el-presidente-de-israel\/#primaryimage"},"thumbnailUrl":"https:\/\/apuntesdesanluis.com\/wp-content\/uploads\/2024\/02\/milei-llorando.png","datePublished":"2024-02-07T03:17:47+00:00","breadcrumb":{"@id":"https:\/\/apuntesdesanluis.com\/index.php\/2024\/02\/07\/milei-lloro-en-el-muro-de-los-lamentos-y-se-reunio-con-el-presidente-de-israel\/#breadcrumb"},"inLanguage":"es-AR","potentialAction":[{"@type":"ReadAction","target":["https:\/\/apuntesdesanluis.com\/index.php\/2024\/02\/07\/milei-lloro-en-el-muro-de-los-lamentos-y-se-reunio-con-el-presidente-de-israel\/"]}]},{"@type":"ImageObject","inLanguage":"es-AR","@id":"https:\/\/apuntesdesanluis.com\/index.php\/2024\/02\/07\/milei-lloro-en-el-muro-de-los-lamentos-y-se-reunio-con-el-presidente-de-israel\/#primaryimage","url":"https:\/\/apuntesdesanluis.com\/wp-content\/uploads\/2024\/02\/milei-llorando.png","contentUrl":"https:\/\/apuntesdesanluis.com\/wp-content\/uploads\/2024\/02\/milei-llorando.png","width":600,"height":351},{"@type":"BreadcrumbList","@id":"https:\/\/apuntesdesanluis.com\/index.php\/2024\/02\/07\/milei-lloro-en-el-muro-de-los-lamentos-y-se-reunio-con-el-presidente-de-israel\/#breadcrumb","itemListElement":[{"@type":"ListItem","position":1,"name":"Inicio","item":"https:\/\/apuntesdesanluis.com\/"},{"@type":"ListItem","position":2,"name":"MILEI LLOR\u00d3 EN EL MURO DE LOS LAMENTOS Y SE REUNI\u00d3 CON EL PRESIDENTE DE ISRAEL"}]},{"@type":"WebSite","@id":"https:\/\/apuntesdesanluis.com\/#website","url":"https:\/\/apuntesdesanluis.com\/","name":"Apuntes de San Luis","description":"","publisher":{"@id":"https:\/\/apuntesdesanluis.com\/#\/schema\/person\/b55151d52296fcce64d1a72538a70b90"},"potentialAction":[{"@type":"SearchAction","target":{"@type":"EntryPoint","urlTemplate":"https:\/\/apuntesdesanluis.com\/?s={search_term_string}"},"query-input":{"@type":"PropertyValueSpecification","valueRequired":true,"valueName":"search_term_string"}}],"inLanguage":"es-AR"},{"@type":["Person","Organization"],"@id":"https:\/\/apuntesdesanluis.com\/#\/schema\/person\/b55151d52296fcce64d1a72538a70b90","name":"apuntesdesanluis.com","image":{"@type":"ImageObject","inLanguage":"es-AR","@id":"https:\/\/apuntesdesanluis.com\/#\/schema\/person\/image\/","url":"https:\/\/apuntesdesanluis.com\/wp-content\/uploads\/2023\/07\/cropped-apuntesdesanluis.png","contentUrl":"https:\/\/apuntesdesanluis.com\/wp-content\/uploads\/2023\/07\/cropped-apuntesdesanluis.png","width":450,"height":112,"caption":"apuntesdesanluis.com"},"logo":{"@id":"https:\/\/apuntesdesanluis.com\/#\/schema\/person\/image\/"},"sameAs":["https:\/\/apuntesdesanluis.com"],"url":"https:\/\/apuntesdesanluis.com\/index.php\/author\/apuntesdesanluis-com\/"}]}},"featured_image_urls":{"full":["https:\/\/apuntesdesanluis.com\/wp-content\/uploads\/2024\/02\/milei-llorando.png",600,351,false],"thumbnail":["https:\/\/apuntesdesanluis.com\/wp-content\/uploads\/2024\/02\/milei-llorando-150x150.png",150,150,true],"medium":["https:\/\/apuntesdesanluis.com\/wp-content\/uploads\/2024\/02\/milei-llorando-300x176.png",300,176,true],"medium_large":["https:\/\/apuntesdesanluis.com\/wp-content\/uploads\/2024\/02\/milei-llorando.png",600,351,false],"large":["https:\/\/apuntesdesanluis.com\/wp-content\/uploads\/2024\/02\/milei-llorando.png",600,351,false],"1536x1536":["https:\/\/apuntesdesanluis.com\/wp-content\/uploads\/2024\/02\/milei-llorando.png",600,351,false],"2048x2048":["https:\/\/apuntesdesanluis.com\/wp-content\/uploads\/2024\/02\/milei-llorando.png",600,351,false],"newsever-slider-full":["https:\/\/apuntesdesanluis.com\/wp-content\/uploads\/2024\/02\/milei-llorando.png",600,351,false],"newsever-featured":["https:\/\/apuntesdesanluis.com\/wp-content\/uploads\/2024\/02\/milei-llorando.png",600,351,false],"newsever-medium":["https:\/\/apuntesdesanluis.com\/wp-content\/uploads\/2024\/02\/milei-llorando.png",600,351,false]},"author_info":{"display_name":"apuntesdesanluis.com","author_link":"https:\/\/apuntesdesanluis.com\/index.php\/author\/apuntesdesanluis-com\/"},"category_info":"<a href=\"https:\/\/apuntesdesanluis.com\/index.php\/category\/nacionales-internacionales\/\" rel=\"category tag\">Nacionales\/Internacionales<\/a>","tag_info":"Nacionales\/Internacionales","comment_count":"0","_links":{"self":[{"href":"https:\/\/apuntesdesanluis.com\/index.php\/wp-json\/wp\/v2\/posts\/11291","targetHints":{"allow":["GET"]}}],"collection":[{"href":"https:\/\/apuntesdesanluis.com\/index.php\/wp-json\/wp\/v2\/posts"}],"about":[{"href":"https:\/\/apuntesdesanluis.com\/index.php\/wp-json\/wp\/v2\/types\/post"}],"author":[{"embeddable":true,"href":"https:\/\/apuntesdesanluis.com\/index.php\/wp-json\/wp\/v2\/users\/1"}],"replies":[{"embeddable":true,"href":"https:\/\/apuntesdesanluis.com\/index.php\/wp-json\/wp\/v2\/comments?post=11291"}],"version-history":[{"count":1,"href":"https:\/\/apuntesdesanluis.com\/index.php\/wp-json\/wp\/v2\/posts\/11291\/revisions"}],"predecessor-version":[{"id":11296,"href":"https:\/\/apuntesdesanluis.com\/index.php\/wp-json\/wp\/v2\/posts\/11291\/revisions\/11296"}],"wp:featuredmedia":[{"embeddable":true,"href":"https:\/\/apuntesdesanluis.com\/index.php\/wp-json\/wp\/v2\/media\/11292"}],"wp:attachment":[{"href":"https:\/\/apuntesdesanluis.com\/index.php\/wp-json\/wp\/v2\/media?parent=11291"}],"wp:term":[{"taxonomy":"category","embeddable":true,"href":"https:\/\/apuntesdesanluis.com\/index.php\/wp-json\/wp\/v2\/categories?post=11291"},{"taxonomy":"post_tag","embeddable":true,"href":"https:\/\/apuntesdesanluis.com\/index.php\/wp-json\/wp\/v2\/tags?post=11291"}],"curies":[{"name":"wp","href":"https:\/\/api.w.org\/{rel}","templated":true}]}}