{"id":11297,"date":"2024-02-07T00:28:49","date_gmt":"2024-02-07T03:28:49","guid":{"rendered":"https:\/\/apuntesdesanluis.com\/?p=11297"},"modified":"2024-02-07T00:28:49","modified_gmt":"2024-02-07T03:28:49","slug":"murio-el-ex-presidente-de-chile-sebastian-pinera-en-un-accidente-de-helicoptero","status":"publish","type":"post","link":"https:\/\/apuntesdesanluis.com\/index.php\/2024\/02\/07\/murio-el-ex-presidente-de-chile-sebastian-pinera-en-un-accidente-de-helicoptero\/","title":{"rendered":"MURI\u00d3 EL EX PRESIDENTE DE CHILE SEBASTI\u00c1N PI\u00d1ERA EN UN ACCIDENTE DE HELIC\u00d3PTERO"},"content":{"rendered":"<h3>La aeronave cay\u00f3 en la comuna de Lago Ranco, en el sur del pa\u00eds. El Gobierno declar\u00f3 duelo nacional y anticip\u00f3 que se realizar\u00e1 un funeral de Estado.<\/h3>\n<h3>Este martes por la tarde muri\u00f3 el ex presidente de Chile <strong>Sebasti\u00e1n Pi\u00f1era<\/strong> luego de que cayera el helic\u00f3ptero en el que viajaba en la comuna de Lago Ranco, en la regi\u00f3n de Los R\u00edos, ubicada al sur del pa\u00eds.<\/h3>\n<h3>\u201cCon profundo pesar comunicamos el fallecimiento del expresidente de la Rep\u00fablica de Chile, Sebasti\u00e1n Pi\u00f1era Echenique. Durante la tarde de este martes 06 de febrero de 2024, el exmandatario sufri\u00f3 un accidente a\u00e9reo en la Regi\u00f3n de Los R\u00edos. Oportunamente se informar\u00e1 sobre sus funerales. Agradecemos las masivas muestras de cari\u00f1o y preocupaci\u00f3n que hemos recibido durante estas amargas horas\u201d, se\u00f1al\u00f3 la oficina del ex jefe de Estado en un comunicado.<\/h3>\n<h3>El presidente Gabriel Boric se dirigi\u00f3 a la naci\u00f3n tras la confirmaci\u00f3n de la muerte de Pi\u00f1era y declar\u00f3 tres d\u00edas de duelo: \u201cMe he comunicado en estos \u00faltimos minutos con los ex presidentes Frei, Lagos y Bachelet, y todos lamentan profundamente la partida del ex presidente Pi\u00f1era y har\u00e1n lo posible por participar de sus funerales\u201d.<\/h3>\n<h3>\u201cChile somos todos y debemos so\u00f1arlo, dibujarlo y construirlo entre todos, dijo Sebasti\u00e1n Pi\u00f1era al asumir su segundo periodo presidencial el 11 de marzo de 2018. Un fuerte abrazo para su familia y sus seres queridos en estos dif\u00edciles momentos\u201d, agreg\u00f3.<\/h3>\n<p><img fetchpriority=\"high\" decoding=\"async\" class=\"wp-image-11299 aligncenter\" src=\"https:\/\/apuntesdesanluis.com\/wp-content\/uploads\/2024\/02\/SEBASTIAN-PINERA-300x170.png\" alt=\"\" width=\"609\" height=\"345\" srcset=\"https:\/\/apuntesdesanluis.com\/wp-content\/uploads\/2024\/02\/SEBASTIAN-PINERA-300x170.png 300w, https:\/\/apuntesdesanluis.com\/wp-content\/uploads\/2024\/02\/SEBASTIAN-PINERA.png 674w\" sizes=\"(max-width: 609px) 100vw, 609px\" \/><\/p>\n<h3>Boric defini\u00f3 a Pi\u00f1era como un \u201cdem\u00f3crata desde la primera hora\u201d y dijo que el ex mandatario \u201ccontribuy\u00f3, desde su visi\u00f3n, a construir grandes acuerdos por el bien de la patria\u201d. \u201cBusc\u00f3 genuinamente lo que \u00e9l cre\u00eda que era mejor para el pa\u00eds\u201d, indic\u00f3 en un mensaje en cadena nacional el mandatario, que decret\u00f3 tres d\u00edas de duelo nacional.<\/h3>\n<h3>La ministra del Interior de Chile, Carolina Toh\u00e1, anunci\u00f3 que el gobierno de Gabriel Boric declara el duelo nacional, y anticip\u00f3 que habr\u00e1 funeral de Estado: \u201cTendr\u00e1 todos los honores y reconocimientos republicanos que merece. El presidente Boric ha instruido que se realice un funeral de Estado y que se declare duelo nacional\u201d.<\/h3>\n<h3>\u201cQueremos en primer lugar expresar nuestra conmoci\u00f3n por esta tragedia, hacerle llegar nuestro abrazo solidario a las familias del expresidente, a todos sus cercanos, pero tambi\u00e9n a todas las chilenas y los chilenos, porque Sebasti\u00e1n Pi\u00f1era Echenique fue presidente democr\u00e1tico de Chile en dos oportunidades y tendr\u00e1 en consecuencia todos los honores y reconocimientos republicanos que merece. El presidente Pi\u00f1era nos gobern\u00f3, y lo recordaremos, por la manera en que dio y dedic\u00f3 su vida al servicio p\u00fablico\u201d, agreg\u00f3.<\/h3>\n<h3>En el momento del accidente tambi\u00e9n iban a bordo Magdalena Pi\u00f1era (hermana del ex presidente), el empresario Ignacio Guerrero y su hijo. El helic\u00f3ptero era piloteado por el ex jefe de Estado, quien no logr\u00f3 sacarse el cintur\u00f3n. Las otras tres personas, en tanto, lograron llegar a la orilla nadando.<\/h3>\n<p><img decoding=\"async\" class=\"wp-image-11300 aligncenter\" src=\"https:\/\/apuntesdesanluis.com\/wp-content\/uploads\/2024\/02\/PINERA-300x208.png\" alt=\"\" width=\"606\" height=\"420\" srcset=\"https:\/\/apuntesdesanluis.com\/wp-content\/uploads\/2024\/02\/PINERA-300x208.png 300w, https:\/\/apuntesdesanluis.com\/wp-content\/uploads\/2024\/02\/PINERA.png 636w\" sizes=\"(max-width: 606px) 100vw, 606px\" \/><\/p>\n<h3>Pi\u00f1era, de 74 a\u00f1os, y sus acompa\u00f1antes ven\u00edan de la casa del empresario Jos\u00e9 Cox, ubicada en el sector Illihue de Lago Ranco. Los primeros reportes se\u00f1alan que el helic\u00f3ptero despeg\u00f3 en medio de una jornada de lluvia y neblina que afecta a la zona, lo que ocasion\u00f3 su ca\u00edda apenas unos minutos despu\u00e9s. Tras lo sucedido, acudieron al lugar agentes de emergencia, la Armada, los bomberos, Carabineros, y el Servicio de Atenci\u00f3n M\u00e9dica de Urgencia (Samu).<\/h3>\n<h3>Los sobrevivientes fueron dirigidos a la residencia de Cox, quien se enter\u00f3 del accidente en el momento. Todos ellos, seg\u00fan confirm\u00f3 la ministra Toh\u00e1, se encuentran \u201cfuera de peligro\u201d. Confirm\u00f3, asimismo que \u201cla Armada pudo llegar al lugar donde se provoc\u00f3 el accidente y recuperar el cuerpo del ex presidente Pi\u00f1era\u201d de las profundidades del agua.<\/h3>\n<h3>Claudio Lavado Castro, alcalde de la comuna de Futrono, ubicada en provincia del Ranco, en la Regi\u00f3n de Los R\u00edos, declar\u00f3 a la prensa local que al momento del accidente, cerca de las 15, hora local, \u201cel cielo estaba nubado, con una llovizna bastante intensa y con mucha nubosidad en la cuenca del Lago Ranco\u201d. Seg\u00fan indic\u00f3, los vecinos se\u00f1alaron que el helic\u00f3ptero \u201csobrevol\u00f3 la zona a una altura no muy alta\u201d, y agreg\u00f3: \u201cLa zona donde capot\u00f3 es muy cercana al continente\u201d.<\/h3>\n<h3>Por su parte, la Direcci\u00f3n General de Aeron\u00e1utica Civil (DGAC) se refiri\u00f3 al accidente en el que falleci\u00f3 el ex presidente. \u201dHoy aproximadamente a las 15:30 horas, el helic\u00f3ptero matricula CC- PHP, en las inmediaciones del sector Ilhue, Lago Ranco, Regi\u00f3n de Los R\u00edos, tras el despegue y luego de unos pocos minutos de vuelo, capot\u00f3 en el lugar, con cuatro personas a bordo, entre los cuales iba el ex presidente de la Rep\u00fablica, Sebasti\u00e1n Pi\u00f1era Echenique, quien falleci\u00f3 en este lamentable accidente. El resto de los ocupantes de la aeronave logr\u00f3 sobrevivir\u201d.<\/h3>\n<h3>Las autoridades aeron\u00e1uticas indicaron, adem\u00e1s, que el \u201cpersonal del Cuerpo de Bomberos de Lago Ranco, Carabineros y la Armada se encuentra trabajando en el lugar\u201d, mientras que funcionarios del Departamento de Investigaci\u00f3n de Accidentes de la DGAC \u201cse dirige al sector para iniciar la investigaci\u00f3n correspondiente\u201d.<\/h3>\n<h3>La fiscal regional Tatiana Esquivel, quien se traslad\u00f3 hasta la zona para supervisar el inicio de las pesquisas, inform\u00f3 que el cuerpo es trasladado a Valdivia para hacer all\u00ed la autopsia correspondiente.<\/h3>\n<h3>En Santiago, en las afueras de la sede de su partido Renovaci\u00f3n Nacional (RN) y de su casa en la comuna de Las Condes, decenas de admiradores se acercaron a dejar flores, mensajes y encender velas en su memoria.<\/h3>\n<h3>Pi\u00f1era, dos veces presidente de Chile (2010-2014, y 2018-2022), ten\u00eda una casa en el Lago Ranco y se encontraba de vacaciones con su esposa Cecilia Morel y algunos de sus cuatro hijos y nueve nietos.<\/h3>\n<h3>El funeral de Estado del ex presidente se realizar\u00e1 el jueves en el Sal\u00f3n de Honor del Congreso de Chile en Santiago, luego de que Boric decretara duelo nacional de tres d\u00edas. En un funeral de esta magnitud en Chile se involucran los tres poderes del Estado, Ejecutivo, Legislativo y Judicial, y es el Ministerio del Interior quien decreta la formalizaci\u00f3n de las actividades, estipuladas en el reglamento ceremonial p\u00fablico y de protocolo. En el caso de Pi\u00f1era, ser\u00e1 el Ministerio de Relaciones Exteriores quien lidere la organizaci\u00f3n de las honras f\u00fanebres, seg\u00fan anunci\u00f3 Boric.<\/h3>\n<h3>Tras ser decretado el duelo nacional por tres d\u00edas, la sede del Gobierno, las instituciones p\u00fablicas y las Fuerzas Armadas y de Orden P\u00fablico deben mantener la bandera izada a media asta durante este periodo. Asimismo, quedan suspendidos todos los actos de Gobierno de car\u00e1cter festivo que estuvieran agendados.<\/h3>\n<h3>A las actividades p\u00f3stumas, que contar\u00edan con honores militares, asistir\u00e1n representantes del cuerpo diplom\u00e1tico, autoridades chilenas civiles y religiosas, adem\u00e1s de personalidades del extranjero.<\/h3>\n<p>&nbsp;<\/p>\n<p>&nbsp;<\/p>\n<p>&nbsp;<\/p>\n<p>&nbsp;<\/p>\n<p>&nbsp;<\/p>\n<p>&nbsp;<\/p>\n<p>&nbsp;<\/p>\n<p>&nbsp;<\/p>\n","protected":false},"excerpt":{"rendered":"<p>La aeronave cay\u00f3 en la comuna de Lago Ranco, en el sur del pa\u00eds. El&#8230;<\/p>\n","protected":false},"author":1,"featured_media":11298,"comment_status":"closed","ping_status":"closed","sticky":false,"template":"","format":"standard","meta":{"footnotes":""},"categories":[5],"tags":[],"class_list":["post-11297","post","type-post","status-publish","format-standard","has-post-thumbnail","hentry","category-nacionales-internacionales"],"yoast_head":"<!-- This site is optimized with the Yoast SEO plugin v26.1.1 - https:\/\/yoast.com\/wordpress\/plugins\/seo\/ -->\n<title>MURI\u00d3 EL EX PRESIDENTE DE CHILE SEBASTI\u00c1N PI\u00d1ERA EN UN ACCIDENTE DE HELIC\u00d3PTERO - Apuntes de San Luis<\/title>\n<meta name=\"robots\" content=\"index, follow, max-snippet:-1, max-image-preview:large, max-video-preview:-1\" \/>\n<link rel=\"canonical\" href=\"https:\/\/apuntesdesanluis.com\/index.php\/2024\/02\/07\/murio-el-ex-presidente-de-chile-sebastian-pinera-en-un-accidente-de-helicoptero\/\" \/>\n<meta property=\"og:locale\" content=\"es_ES\" \/>\n<meta property=\"og:type\" content=\"article\" \/>\n<meta property=\"og:title\" content=\"MURI\u00d3 EL EX PRESIDENTE DE CHILE SEBASTI\u00c1N PI\u00d1ERA EN UN ACCIDENTE DE HELIC\u00d3PTERO - Apuntes de San Luis\" \/>\n<meta property=\"og:description\" content=\"La aeronave cay\u00f3 en la comuna de Lago Ranco, en el sur del pa\u00eds. El...\" \/>\n<meta property=\"og:url\" content=\"https:\/\/apuntesdesanluis.com\/index.php\/2024\/02\/07\/murio-el-ex-presidente-de-chile-sebastian-pinera-en-un-accidente-de-helicoptero\/\" \/>\n<meta property=\"og:site_name\" content=\"Apuntes de San Luis\" \/>\n<meta property=\"article:published_time\" content=\"2024-02-07T03:28:49+00:00\" \/>\n<meta property=\"og:image\" content=\"https:\/\/apuntesdesanluis.com\/wp-content\/uploads\/2024\/02\/SEBASTIAN.png\" \/>\n\t<meta property=\"og:image:width\" content=\"738\" \/>\n\t<meta property=\"og:image:height\" content=\"427\" \/>\n\t<meta property=\"og:image:type\" content=\"image\/png\" \/>\n<meta name=\"author\" content=\"apuntesdesanluis.com\" \/>\n<meta name=\"twitter:card\" content=\"summary_large_image\" \/>\n<meta name=\"twitter:label1\" content=\"Escrito por\" \/>\n\t<meta name=\"twitter:data1\" content=\"apuntesdesanluis.com\" \/>\n\t<meta name=\"twitter:label2\" content=\"Tiempo de lectura\" \/>\n\t<meta name=\"twitter:data2\" content=\"6 minutos\" \/>\n<script type=\"application\/ld+json\" class=\"yoast-schema-graph\">{\"@context\":\"https:\/\/schema.org\",\"@graph\":[{\"@type\":\"Article\",\"@id\":\"https:\/\/apuntesdesanluis.com\/index.php\/2024\/02\/07\/murio-el-ex-presidente-de-chile-sebastian-pinera-en-un-accidente-de-helicoptero\/#article\",\"isPartOf\":{\"@id\":\"https:\/\/apuntesdesanluis.com\/index.php\/2024\/02\/07\/murio-el-ex-presidente-de-chile-sebastian-pinera-en-un-accidente-de-helicoptero\/\"},\"author\":{\"name\":\"apuntesdesanluis.com\",\"@id\":\"https:\/\/apuntesdesanluis.com\/#\/schema\/person\/b55151d52296fcce64d1a72538a70b90\"},\"headline\":\"MURI\u00d3 EL EX PRESIDENTE DE CHILE SEBASTI\u00c1N PI\u00d1ERA EN UN ACCIDENTE DE HELIC\u00d3PTERO\",\"datePublished\":\"2024-02-07T03:28:49+00:00\",\"mainEntityOfPage\":{\"@id\":\"https:\/\/apuntesdesanluis.com\/index.php\/2024\/02\/07\/murio-el-ex-presidente-de-chile-sebastian-pinera-en-un-accidente-de-helicoptero\/\"},\"wordCount\":1216,\"publisher\":{\"@id\":\"https:\/\/apuntesdesanluis.com\/#\/schema\/person\/b55151d52296fcce64d1a72538a70b90\"},\"image\":{\"@id\":\"https:\/\/apuntesdesanluis.com\/index.php\/2024\/02\/07\/murio-el-ex-presidente-de-chile-sebastian-pinera-en-un-accidente-de-helicoptero\/#primaryimage\"},\"thumbnailUrl\":\"https:\/\/apuntesdesanluis.com\/wp-content\/uploads\/2024\/02\/SEBASTIAN.png\",\"articleSection\":[\"Nacionales\/Internacionales\"],\"inLanguage\":\"es-AR\"},{\"@type\":\"WebPage\",\"@id\":\"https:\/\/apuntesdesanluis.com\/index.php\/2024\/02\/07\/murio-el-ex-presidente-de-chile-sebastian-pinera-en-un-accidente-de-helicoptero\/\",\"url\":\"https:\/\/apuntesdesanluis.com\/index.php\/2024\/02\/07\/murio-el-ex-presidente-de-chile-sebastian-pinera-en-un-accidente-de-helicoptero\/\",\"name\":\"MURI\u00d3 EL EX PRESIDENTE DE CHILE SEBASTI\u00c1N PI\u00d1ERA EN UN ACCIDENTE DE HELIC\u00d3PTERO - Apuntes de San Luis\",\"isPartOf\":{\"@id\":\"https:\/\/apuntesdesanluis.com\/#website\"},\"primaryImageOfPage\":{\"@id\":\"https:\/\/apuntesdesanluis.com\/index.php\/2024\/02\/07\/murio-el-ex-presidente-de-chile-sebastian-pinera-en-un-accidente-de-helicoptero\/#primaryimage\"},\"image\":{\"@id\":\"https:\/\/apuntesdesanluis.com\/index.php\/2024\/02\/07\/murio-el-ex-presidente-de-chile-sebastian-pinera-en-un-accidente-de-helicoptero\/#primaryimage\"},\"thumbnailUrl\":\"https:\/\/apuntesdesanluis.com\/wp-content\/uploads\/2024\/02\/SEBASTIAN.png\",\"datePublished\":\"2024-02-07T03:28:49+00:00\",\"breadcrumb\":{\"@id\":\"https:\/\/apuntesdesanluis.com\/index.php\/2024\/02\/07\/murio-el-ex-presidente-de-chile-sebastian-pinera-en-un-accidente-de-helicoptero\/#breadcrumb\"},\"inLanguage\":\"es-AR\",\"potentialAction\":[{\"@type\":\"ReadAction\",\"target\":[\"https:\/\/apuntesdesanluis.com\/index.php\/2024\/02\/07\/murio-el-ex-presidente-de-chile-sebastian-pinera-en-un-accidente-de-helicoptero\/\"]}]},{\"@type\":\"ImageObject\",\"inLanguage\":\"es-AR\",\"@id\":\"https:\/\/apuntesdesanluis.com\/index.php\/2024\/02\/07\/murio-el-ex-presidente-de-chile-sebastian-pinera-en-un-accidente-de-helicoptero\/#primaryimage\",\"url\":\"https:\/\/apuntesdesanluis.com\/wp-content\/uploads\/2024\/02\/SEBASTIAN.png\",\"contentUrl\":\"https:\/\/apuntesdesanluis.com\/wp-content\/uploads\/2024\/02\/SEBASTIAN.png\",\"width\":738,\"height\":427},{\"@type\":\"BreadcrumbList\",\"@id\":\"https:\/\/apuntesdesanluis.com\/index.php\/2024\/02\/07\/murio-el-ex-presidente-de-chile-sebastian-pinera-en-un-accidente-de-helicoptero\/#breadcrumb\",\"itemListElement\":[{\"@type\":\"ListItem\",\"position\":1,\"name\":\"Inicio\",\"item\":\"https:\/\/apuntesdesanluis.com\/\"},{\"@type\":\"ListItem\",\"position\":2,\"name\":\"MURI\u00d3 EL EX PRESIDENTE DE CHILE SEBASTI\u00c1N PI\u00d1ERA EN UN ACCIDENTE DE HELIC\u00d3PTERO\"}]},{\"@type\":\"WebSite\",\"@id\":\"https:\/\/apuntesdesanluis.com\/#website\",\"url\":\"https:\/\/apuntesdesanluis.com\/\",\"name\":\"Apuntes de San Luis\",\"description\":\"\",\"publisher\":{\"@id\":\"https:\/\/apuntesdesanluis.com\/#\/schema\/person\/b55151d52296fcce64d1a72538a70b90\"},\"potentialAction\":[{\"@type\":\"SearchAction\",\"target\":{\"@type\":\"EntryPoint\",\"urlTemplate\":\"https:\/\/apuntesdesanluis.com\/?s={search_term_string}\"},\"query-input\":{\"@type\":\"PropertyValueSpecification\",\"valueRequired\":true,\"valueName\":\"search_term_string\"}}],\"inLanguage\":\"es-AR\"},{\"@type\":[\"Person\",\"Organization\"],\"@id\":\"https:\/\/apuntesdesanluis.com\/#\/schema\/person\/b55151d52296fcce64d1a72538a70b90\",\"name\":\"apuntesdesanluis.com\",\"image\":{\"@type\":\"ImageObject\",\"inLanguage\":\"es-AR\",\"@id\":\"https:\/\/apuntesdesanluis.com\/#\/schema\/person\/image\/\",\"url\":\"https:\/\/apuntesdesanluis.com\/wp-content\/uploads\/2023\/07\/cropped-apuntesdesanluis.png\",\"contentUrl\":\"https:\/\/apuntesdesanluis.com\/wp-content\/uploads\/2023\/07\/cropped-apuntesdesanluis.png\",\"width\":450,\"height\":112,\"caption\":\"apuntesdesanluis.com\"},\"logo\":{\"@id\":\"https:\/\/apuntesdesanluis.com\/#\/schema\/person\/image\/\"},\"sameAs\":[\"https:\/\/apuntesdesanluis.com\"],\"url\":\"https:\/\/apuntesdesanluis.com\/index.php\/author\/apuntesdesanluis-com\/\"}]}<\/script>\n<!-- \/ Yoast SEO plugin. -->","yoast_head_json":{"title":"MURI\u00d3 EL EX PRESIDENTE DE CHILE SEBASTI\u00c1N PI\u00d1ERA EN UN ACCIDENTE DE HELIC\u00d3PTERO - Apuntes de San Luis","robots":{"index":"index","follow":"follow","max-snippet":"max-snippet:-1","max-image-preview":"max-image-preview:large","max-video-preview":"max-video-preview:-1"},"canonical":"https:\/\/apuntesdesanluis.com\/index.php\/2024\/02\/07\/murio-el-ex-presidente-de-chile-sebastian-pinera-en-un-accidente-de-helicoptero\/","og_locale":"es_ES","og_type":"article","og_title":"MURI\u00d3 EL EX PRESIDENTE DE CHILE SEBASTI\u00c1N PI\u00d1ERA EN UN ACCIDENTE DE HELIC\u00d3PTERO - Apuntes de San Luis","og_description":"La aeronave cay\u00f3 en la comuna de Lago Ranco, en el sur del pa\u00eds. El...","og_url":"https:\/\/apuntesdesanluis.com\/index.php\/2024\/02\/07\/murio-el-ex-presidente-de-chile-sebastian-pinera-en-un-accidente-de-helicoptero\/","og_site_name":"Apuntes de San Luis","article_published_time":"2024-02-07T03:28:49+00:00","og_image":[{"width":738,"height":427,"url":"https:\/\/apuntesdesanluis.com\/wp-content\/uploads\/2024\/02\/SEBASTIAN.png","type":"image\/png"}],"author":"apuntesdesanluis.com","twitter_card":"summary_large_image","twitter_misc":{"Escrito por":"apuntesdesanluis.com","Tiempo de lectura":"6 minutos"},"schema":{"@context":"https:\/\/schema.org","@graph":[{"@type":"Article","@id":"https:\/\/apuntesdesanluis.com\/index.php\/2024\/02\/07\/murio-el-ex-presidente-de-chile-sebastian-pinera-en-un-accidente-de-helicoptero\/#article","isPartOf":{"@id":"https:\/\/apuntesdesanluis.com\/index.php\/2024\/02\/07\/murio-el-ex-presidente-de-chile-sebastian-pinera-en-un-accidente-de-helicoptero\/"},"author":{"name":"apuntesdesanluis.com","@id":"https:\/\/apuntesdesanluis.com\/#\/schema\/person\/b55151d52296fcce64d1a72538a70b90"},"headline":"MURI\u00d3 EL EX PRESIDENTE DE CHILE SEBASTI\u00c1N PI\u00d1ERA EN UN ACCIDENTE DE HELIC\u00d3PTERO","datePublished":"2024-02-07T03:28:49+00:00","mainEntityOfPage":{"@id":"https:\/\/apuntesdesanluis.com\/index.php\/2024\/02\/07\/murio-el-ex-presidente-de-chile-sebastian-pinera-en-un-accidente-de-helicoptero\/"},"wordCount":1216,"publisher":{"@id":"https:\/\/apuntesdesanluis.com\/#\/schema\/person\/b55151d52296fcce64d1a72538a70b90"},"image":{"@id":"https:\/\/apuntesdesanluis.com\/index.php\/2024\/02\/07\/murio-el-ex-presidente-de-chile-sebastian-pinera-en-un-accidente-de-helicoptero\/#primaryimage"},"thumbnailUrl":"https:\/\/apuntesdesanluis.com\/wp-content\/uploads\/2024\/02\/SEBASTIAN.png","articleSection":["Nacionales\/Internacionales"],"inLanguage":"es-AR"},{"@type":"WebPage","@id":"https:\/\/apuntesdesanluis.com\/index.php\/2024\/02\/07\/murio-el-ex-presidente-de-chile-sebastian-pinera-en-un-accidente-de-helicoptero\/","url":"https:\/\/apuntesdesanluis.com\/index.php\/2024\/02\/07\/murio-el-ex-presidente-de-chile-sebastian-pinera-en-un-accidente-de-helicoptero\/","name":"MURI\u00d3 EL EX PRESIDENTE DE CHILE SEBASTI\u00c1N PI\u00d1ERA EN UN ACCIDENTE DE HELIC\u00d3PTERO - Apuntes de San Luis","isPartOf":{"@id":"https:\/\/apuntesdesanluis.com\/#website"},"primaryImageOfPage":{"@id":"https:\/\/apuntesdesanluis.com\/index.php\/2024\/02\/07\/murio-el-ex-presidente-de-chile-sebastian-pinera-en-un-accidente-de-helicoptero\/#primaryimage"},"image":{"@id":"https:\/\/apuntesdesanluis.com\/index.php\/2024\/02\/07\/murio-el-ex-presidente-de-chile-sebastian-pinera-en-un-accidente-de-helicoptero\/#primaryimage"},"thumbnailUrl":"https:\/\/apuntesdesanluis.com\/wp-content\/uploads\/2024\/02\/SEBASTIAN.png","datePublished":"2024-02-07T03:28:49+00:00","breadcrumb":{"@id":"https:\/\/apuntesdesanluis.com\/index.php\/2024\/02\/07\/murio-el-ex-presidente-de-chile-sebastian-pinera-en-un-accidente-de-helicoptero\/#breadcrumb"},"inLanguage":"es-AR","potentialAction":[{"@type":"ReadAction","target":["https:\/\/apuntesdesanluis.com\/index.php\/2024\/02\/07\/murio-el-ex-presidente-de-chile-sebastian-pinera-en-un-accidente-de-helicoptero\/"]}]},{"@type":"ImageObject","inLanguage":"es-AR","@id":"https:\/\/apuntesdesanluis.com\/index.php\/2024\/02\/07\/murio-el-ex-presidente-de-chile-sebastian-pinera-en-un-accidente-de-helicoptero\/#primaryimage","url":"https:\/\/apuntesdesanluis.com\/wp-content\/uploads\/2024\/02\/SEBASTIAN.png","contentUrl":"https:\/\/apuntesdesanluis.com\/wp-content\/uploads\/2024\/02\/SEBASTIAN.png","width":738,"height":427},{"@type":"BreadcrumbList","@id":"https:\/\/apuntesdesanluis.com\/index.php\/2024\/02\/07\/murio-el-ex-presidente-de-chile-sebastian-pinera-en-un-accidente-de-helicoptero\/#breadcrumb","itemListElement":[{"@type":"ListItem","position":1,"name":"Inicio","item":"https:\/\/apuntesdesanluis.com\/"},{"@type":"ListItem","position":2,"name":"MURI\u00d3 EL EX PRESIDENTE DE CHILE SEBASTI\u00c1N PI\u00d1ERA EN UN ACCIDENTE DE HELIC\u00d3PTERO"}]},{"@type":"WebSite","@id":"https:\/\/apuntesdesanluis.com\/#website","url":"https:\/\/apuntesdesanluis.com\/","name":"Apuntes de San Luis","description":"","publisher":{"@id":"https:\/\/apuntesdesanluis.com\/#\/schema\/person\/b55151d52296fcce64d1a72538a70b90"},"potentialAction":[{"@type":"SearchAction","target":{"@type":"EntryPoint","urlTemplate":"https:\/\/apuntesdesanluis.com\/?s={search_term_string}"},"query-input":{"@type":"PropertyValueSpecification","valueRequired":true,"valueName":"search_term_string"}}],"inLanguage":"es-AR"},{"@type":["Person","Organization"],"@id":"https:\/\/apuntesdesanluis.com\/#\/schema\/person\/b55151d52296fcce64d1a72538a70b90","name":"apuntesdesanluis.com","image":{"@type":"ImageObject","inLanguage":"es-AR","@id":"https:\/\/apuntesdesanluis.com\/#\/schema\/person\/image\/","url":"https:\/\/apuntesdesanluis.com\/wp-content\/uploads\/2023\/07\/cropped-apuntesdesanluis.png","contentUrl":"https:\/\/apuntesdesanluis.com\/wp-content\/uploads\/2023\/07\/cropped-apuntesdesanluis.png","width":450,"height":112,"caption":"apuntesdesanluis.com"},"logo":{"@id":"https:\/\/apuntesdesanluis.com\/#\/schema\/person\/image\/"},"sameAs":["https:\/\/apuntesdesanluis.com"],"url":"https:\/\/apuntesdesanluis.com\/index.php\/author\/apuntesdesanluis-com\/"}]}},"featured_image_urls":{"full":["https:\/\/apuntesdesanluis.com\/wp-content\/uploads\/2024\/02\/SEBASTIAN.png",738,427,false],"thumbnail":["https:\/\/apuntesdesanluis.com\/wp-content\/uploads\/2024\/02\/SEBASTIAN-150x150.png",150,150,true],"medium":["https:\/\/apuntesdesanluis.com\/wp-content\/uploads\/2024\/02\/SEBASTIAN-300x174.png",300,174,true],"medium_large":["https:\/\/apuntesdesanluis.com\/wp-content\/uploads\/2024\/02\/SEBASTIAN.png",640,370,false],"large":["https:\/\/apuntesdesanluis.com\/wp-content\/uploads\/2024\/02\/SEBASTIAN.png",640,370,false],"1536x1536":["https:\/\/apuntesdesanluis.com\/wp-content\/uploads\/2024\/02\/SEBASTIAN.png",738,427,false],"2048x2048":["https:\/\/apuntesdesanluis.com\/wp-content\/uploads\/2024\/02\/SEBASTIAN.png",738,427,false],"newsever-slider-full":["https:\/\/apuntesdesanluis.com\/wp-content\/uploads\/2024\/02\/SEBASTIAN.png",738,427,false],"newsever-featured":["https:\/\/apuntesdesanluis.com\/wp-content\/uploads\/2024\/02\/SEBASTIAN.png",738,427,false],"newsever-medium":["https:\/\/apuntesdesanluis.com\/wp-content\/uploads\/2024\/02\/SEBASTIAN-720x427.png",720,427,true]},"author_info":{"display_name":"apuntesdesanluis.com","author_link":"https:\/\/apuntesdesanluis.com\/index.php\/author\/apuntesdesanluis-com\/"},"category_info":"<a href=\"https:\/\/apuntesdesanluis.com\/index.php\/category\/nacionales-internacionales\/\" rel=\"category tag\">Nacionales\/Internacionales<\/a>","tag_info":"Nacionales\/Internacionales","comment_count":"0","_links":{"self":[{"href":"https:\/\/apuntesdesanluis.com\/index.php\/wp-json\/wp\/v2\/posts\/11297","targetHints":{"allow":["GET"]}}],"collection":[{"href":"https:\/\/apuntesdesanluis.com\/index.php\/wp-json\/wp\/v2\/posts"}],"about":[{"href":"https:\/\/apuntesdesanluis.com\/index.php\/wp-json\/wp\/v2\/types\/post"}],"author":[{"embeddable":true,"href":"https:\/\/apuntesdesanluis.com\/index.php\/wp-json\/wp\/v2\/users\/1"}],"replies":[{"embeddable":true,"href":"https:\/\/apuntesdesanluis.com\/index.php\/wp-json\/wp\/v2\/comments?post=11297"}],"version-history":[{"count":1,"href":"https:\/\/apuntesdesanluis.com\/index.php\/wp-json\/wp\/v2\/posts\/11297\/revisions"}],"predecessor-version":[{"id":11301,"href":"https:\/\/apuntesdesanluis.com\/index.php\/wp-json\/wp\/v2\/posts\/11297\/revisions\/11301"}],"wp:featuredmedia":[{"embeddable":true,"href":"https:\/\/apuntesdesanluis.com\/index.php\/wp-json\/wp\/v2\/media\/11298"}],"wp:attachment":[{"href":"https:\/\/apuntesdesanluis.com\/index.php\/wp-json\/wp\/v2\/media?parent=11297"}],"wp:term":[{"taxonomy":"category","embeddable":true,"href":"https:\/\/apuntesdesanluis.com\/index.php\/wp-json\/wp\/v2\/categories?post=11297"},{"taxonomy":"post_tag","embeddable":true,"href":"https:\/\/apuntesdesanluis.com\/index.php\/wp-json\/wp\/v2\/tags?post=11297"}],"curies":[{"name":"wp","href":"https:\/\/api.w.org\/{rel}","templated":true}]}}