{"id":11302,"date":"2024-02-07T00:47:02","date_gmt":"2024-02-07T03:47:02","guid":{"rendered":"https:\/\/apuntesdesanluis.com\/?p=11302"},"modified":"2024-02-07T00:47:02","modified_gmt":"2024-02-07T03:47:02","slug":"derrota-anunciada-el-oficialismo-levanto-la-sesion-de-la-ley-omnibus-y-el-proyecto-volvera-a-comision","status":"publish","type":"post","link":"https:\/\/apuntesdesanluis.com\/index.php\/2024\/02\/07\/derrota-anunciada-el-oficialismo-levanto-la-sesion-de-la-ley-omnibus-y-el-proyecto-volvera-a-comision\/","title":{"rendered":"DERROTA ANUNCIADA: EL OFICIALISMO LEVANT\u00d3 LA SESI\u00d3N DE LA LEY \u00d3MNIBUS Y EL PROYECTO VOLVER\u00c1 A COMISI\u00d3N"},"content":{"rendered":"<h3>El proyecto vuelve a foja cero: se cay\u00f3 el dictamen y la votaci\u00f3n ya no sirve. Seg\u00fan el reglamento de Diputados, el regreso a comisi\u00f3n deja sin efecto las aprobaciones en el recinto. La Libertad Avanza aspira reflotar el megaproyecto la pr\u00f3xima semana. Delegaciones y reorganizaci\u00f3n administrativa fueron los puntos de conflicto.<\/h3>\n<h3>Luego de ignorar durante d\u00edas las luces de alarma en art\u00edculos clave, el oficialismo se vio obligado a levantar la sesi\u00f3n de este martes en la que se trataba en particular la ley \u00f3mnibus, para votar el articulado del megaproyecto que envi\u00f3 a finales de diciembre el presidente Javier Milei.<\/h3>\n<h3>De esta manera, la iniciativa volver\u00e1 a ser discutida en comisi\u00f3n, donde ya hab\u00eda sufrido un fuerte retaceo, sumado a la quita total del cap\u00edtulo fiscal con el impulso y aval del ministro de Econom\u00eda, Luis Caputo.<\/h3>\n<h3>Seg\u00fan especificaron fuentes de La Libertad Avanza (LLA), el debate podr\u00eda comenzar la semana pr\u00f3xima en el Anexo del Congreso de la Naci\u00f3n. Sin embargo, consultados otros bloques todav\u00eda no tienen precisi\u00f3n de que as\u00ed sea.<\/h3>\n<h3>Los principales ejes de discordia y alejamiento entre LLA y los bloques dialoguistas pasaron por los art\u00edculos vinculados a las delegaciones de facultades (art\u00edculo 4) y la reorganizaci\u00f3n administrativa (art\u00edculo 5). Los art\u00edculos 4 y 5, que si bien se encuentran en cap\u00edtulos diferentes, ten\u00edan incisos correlativos en la pr\u00e1ctica.<\/h3>\n<p><img fetchpriority=\"high\" decoding=\"async\" class=\"wp-image-11306 aligncenter\" src=\"https:\/\/apuntesdesanluis.com\/wp-content\/uploads\/2024\/02\/DIPUTADOS-RADICALES-300x174.png\" alt=\"\" width=\"631\" height=\"366\" srcset=\"https:\/\/apuntesdesanluis.com\/wp-content\/uploads\/2024\/02\/DIPUTADOS-RADICALES-300x174.png 300w, https:\/\/apuntesdesanluis.com\/wp-content\/uploads\/2024\/02\/DIPUTADOS-RADICALES.png 748w\" sizes=\"(max-width: 631px) 100vw, 631px\" \/><\/p>\n<h4 style=\"text-align: center;\"><em>Un grupo de diputados radicales.<\/em><\/h4>\n<h3>En facultades, la votaci\u00f3n del 4 sali\u00f3 132 afirmativos contra 122 negativos. Sin embargo, le puso un freno al oficialismo en los incisos \u201ch\u201d, \u201ci\u201d y \u201cj\u201d. Estos tres ejes estaban vinculados al control de los fondos fiduciarios, seguridad y energ\u00eda.<\/h3>\n<h3>La votaci\u00f3n empez\u00f3 a te\u00f1irse de gris para LLA cuando llegaron al art\u00edculo 5, donde solo sali\u00f3 con vida el inciso \u201cb\u201d. Este eje propon\u00eda otorgarle al Poder Ejecutivo facultades para reorganizaci\u00f3n, regulaci\u00f3n o supresi\u00f3n de toda entidad p\u00fablica.<\/h3>\n<h3>Fuentes consultadas explicaron que la intervenci\u00f3n de los medios p\u00fablicos promovida en el Bolet\u00edn Oficial de ayer hicieron cambiar los votos en algunos diputados de Hacemos Coalici\u00f3n Federal y radicalismo.<\/h3>\n<h3>\u201cAh, \u00bfpara esto quer\u00edan facultades para reorganizar el Estado?\u201d, se pregunt\u00f3 una diputada dialoguista. A su vez, otra voz advirti\u00f3 lo que esta agencia public\u00f3 durante la semana pasada: \u201cSab\u00edan que no estaban los votos asegurados en facultades y fueron a chocar\u201d.<\/h3>\n<h3>Finalizada la votaci\u00f3n del art\u00edculo 5, La Libertad Avanza pidi\u00f3 un cuarto intermedio para alinear posiciones antes de la votaci\u00f3n del art\u00edculo 7, que contemplaba las privatizaciones de 27 empresas p\u00fablicas.<\/h3>\n<h3>Este pedido fue respaldado por el presidente de Hacemos Coalici\u00f3n Federal, Miguel \u00c1ngel Pichetto, que minutos antes lanz\u00f3 una chicana a la LLA: &#8220;Al oficialismo le pedimos que tenga alguna cuota de flexibilidad, les encanta seguir perdiendo&#8221;.<\/h3>\n<p><img decoding=\"async\" class=\"wp-image-11305 aligncenter\" src=\"https:\/\/apuntesdesanluis.com\/wp-content\/uploads\/2024\/02\/pichetto-300x174.png\" alt=\"\" width=\"633\" height=\"367\" srcset=\"https:\/\/apuntesdesanluis.com\/wp-content\/uploads\/2024\/02\/pichetto-300x174.png 300w, https:\/\/apuntesdesanluis.com\/wp-content\/uploads\/2024\/02\/pichetto.png 640w\" sizes=\"(max-width: 633px) 100vw, 633px\" \/><\/p>\n<h3>De gran experiencia en el hemiciclo, como hist\u00f3rico jefe del peronismo en el Senado, Pichetto olfateaba la dura derrota que ven\u00eda cosechando LLA en el recinto. Pasadas las 19, los rumores en los pasillos del Palacio Legislativo deslizaban la posibilidad de que la sesi\u00f3n se levantara.<\/h3>\n<h3>La confirmaci\u00f3n lleg\u00f3 por parte del presidente del bloque de LLA en Diputados, Oscar Zago, de poco protagonismo durante el proceso de discusi\u00f3n de la iniciativa. Zago demostr\u00f3 su molestia en una caminata encendida hacia su despacho.<\/h3>\n<h3>Desde el bloque libertario expresaron que esperar\u00edan repasar en voto a voto para no \u201cno atribuir\u201d falsas acusaciones a sus pares y gobernadores. Esta postura qued\u00f3 sepultada enseguida por el tuit publicado en la cuenta oficial de LLA: \u201cLa traici\u00f3n se paga cara y La Libertad Avanza no va a permitir que los gobernadores extorsionen al pueblo para mantener sus privilegios. La Ley Bases vuelve a comisi\u00f3n\u201d.<\/h3>\n<h3>Lo sigui\u00f3 una fuerte declaraci\u00f3n del ministro del Interior, Guillermo Francos: &#8220;Seguiremos gobernando con el apoyo popular que tenemos y sin el parlamento que no tenemos&#8221;. Mientras que Milei indic\u00f3: \u201cLa casta se puso en contra del cambio que los argentinos votamos en las urnas.<\/h3>\n<h3>\u201cSabemos que no va a ser f\u00e1cil cambiar un sistema donde los pol\u00edticos se hicieron ricos a costa de los argentinos que se levantan todos los d\u00edas a trabajar\u201d, agreg\u00f3 el jefe de Estado que se encuentra fuera de la Argentina.<\/h3>\n<h3><strong>EL OFICIALISMO SAB\u00cdA EN QU\u00c9 CONDICIONES LLEGABA<\/strong><\/h3>\n<h3>La Libertad Avanza lleg\u00f3 este mediod\u00eda al recinto sin los votos asegurados en facultades delegadas y privatizaciones. El fin de semana parec\u00eda haber sido el espacio para que el Poder Ejecutivo y los diputados -que acompa\u00f1aron el proyecto- acercaran posiciones con respecto a los ejes que mayores rispideces produjeron durante el transcurso del debate, pero no fue as\u00ed.<\/h3>\n<h3>El acercamiento tampoco ocurri\u00f3 durante el lunes. Reci\u00e9n esta ma\u00f1ana el oficialismo abri\u00f3 un canal de di\u00e1logo con los l\u00edderes de los bloques para tantear el poroteo antes del inicio de voto en particular. En este contexto, lejos qued\u00f3 el Impuesto Pa\u00eds y el Fondo de Garant\u00eda y Sustentabilidad, dos cartas que jug\u00f3 sobre la mesa el gobernador de C\u00f3rdoba, Mart\u00edn Llaryora.<\/h3>\n<h3><strong>UNI\u00d3N POR LA PATRIA<\/strong><\/h3>\n<h3>Uno de los alfiles del kirchnerismo, sostuvo que \u201cno fue un triunfo\u201d, sino \u201cuna derrota del oficialismo\u201d. En esa l\u00ednea, agreg\u00f3: \u201cEs un enorme fracaso del Gobierno\u201d. &#8220;Est\u00e1bamos recontra afilados en el art\u00edculo por art\u00edculo. \u00c9ramos los \u00fanicos que sab\u00edamos lo que est\u00e1bamos hablando&#8221;, se\u00f1al\u00f3 otro alfil del cristinismo en Diputados.<\/h3>\n<h3><strong>FRACASO TOTAL<\/strong><\/h3>\n<h3>Por pedido de La Libertad Avanza (LLA), ante la imposibilidad de aprobar los principales art\u00edculos de la ley \u00f3mnibus, la C\u00e1mara de Diputado regres\u00f3 a la instancia de comisi\u00f3n a la Ley de Bases del presidente Javier Milei.<\/h3>\n<h3>Por esta situaci\u00f3n, la aprobaci\u00f3n en general que el gobierno logr\u00f3 la semana pasada qued\u00f3 sin efecto.<\/h3>\n<h3>Adem\u00e1s, el dictamen de mayor\u00eda que firm\u00f3 antes para llevar el proyecto al recinto fue descartado, es decir, que el tema queda exactamente como Milei lo envi\u00f3 al Congreso la primera vez, con m\u00e1s de 600 art\u00edculos.<\/h3>\n<h3>La redacci\u00f3n original es la que se volver\u00e1 a someter a discusi\u00f3n en el plenario de comisiones y sobre eso se deber\u00e1n realizar nuevamente las modificaciones que se hab\u00edan acordado.<\/h3>\n<h3>As\u00ed lo establece el art\u00edculo 155 del reglamento la C\u00e1mara de Diputados, sobre la &#8220;consideraci\u00f3n de un proyecto vuelto a comisi\u00f3n&#8221;.<\/h3>\n<h3>&#8220;Un proyecto que, despu\u00e9s de sancionado en general, o en general y parcialmente en particular, vuelve a comisi\u00f3n, al considerarlo nuevamente la C\u00e1mara, se le someter\u00e1 al tr\u00e1mite ordinario como si no hubiese recibido sanci\u00f3n alguna&#8221;, asegura el texto.<\/h3>\n<p>&nbsp;<\/p>\n<p>&nbsp;<\/p>\n<p>&nbsp;<\/p>\n<p>&nbsp;<\/p>\n<h3><\/h3>\n<h3><\/h3>\n<h3><\/h3>\n<h3><\/h3>\n","protected":false},"excerpt":{"rendered":"<p>El proyecto vuelve a foja cero: se cay\u00f3 el dictamen y la votaci\u00f3n ya no&#8230;<\/p>\n","protected":false},"author":1,"featured_media":11304,"comment_status":"closed","ping_status":"closed","sticky":false,"template":"","format":"standard","meta":{"footnotes":""},"categories":[5],"tags":[],"class_list":["post-11302","post","type-post","status-publish","format-standard","has-post-thumbnail","hentry","category-nacionales-internacionales"],"yoast_head":"<!-- This site is optimized with the Yoast SEO plugin v26.1.1 - https:\/\/yoast.com\/wordpress\/plugins\/seo\/ -->\n<title>DERROTA ANUNCIADA: EL OFICIALISMO LEVANT\u00d3 LA SESI\u00d3N DE LA LEY \u00d3MNIBUS Y EL PROYECTO VOLVER\u00c1 A COMISI\u00d3N - Apuntes de San Luis<\/title>\n<meta name=\"robots\" content=\"index, follow, max-snippet:-1, max-image-preview:large, max-video-preview:-1\" \/>\n<link rel=\"canonical\" href=\"https:\/\/apuntesdesanluis.com\/index.php\/2024\/02\/07\/derrota-anunciada-el-oficialismo-levanto-la-sesion-de-la-ley-omnibus-y-el-proyecto-volvera-a-comision\/\" \/>\n<meta property=\"og:locale\" content=\"es_ES\" \/>\n<meta property=\"og:type\" content=\"article\" \/>\n<meta property=\"og:title\" content=\"DERROTA ANUNCIADA: EL OFICIALISMO LEVANT\u00d3 LA SESI\u00d3N DE LA LEY \u00d3MNIBUS Y EL PROYECTO VOLVER\u00c1 A COMISI\u00d3N - Apuntes de San Luis\" \/>\n<meta property=\"og:description\" content=\"El proyecto vuelve a foja cero: se cay\u00f3 el dictamen y la votaci\u00f3n ya no...\" \/>\n<meta property=\"og:url\" content=\"https:\/\/apuntesdesanluis.com\/index.php\/2024\/02\/07\/derrota-anunciada-el-oficialismo-levanto-la-sesion-de-la-ley-omnibus-y-el-proyecto-volvera-a-comision\/\" \/>\n<meta property=\"og:site_name\" content=\"Apuntes de San Luis\" \/>\n<meta property=\"article:published_time\" content=\"2024-02-07T03:47:02+00:00\" \/>\n<meta property=\"og:image\" content=\"https:\/\/apuntesdesanluis.com\/wp-content\/uploads\/2024\/02\/diputados.png\" \/>\n\t<meta property=\"og:image:width\" content=\"600\" \/>\n\t<meta property=\"og:image:height\" content=\"335\" \/>\n\t<meta property=\"og:image:type\" content=\"image\/png\" \/>\n<meta name=\"author\" content=\"apuntesdesanluis.com\" \/>\n<meta name=\"twitter:card\" content=\"summary_large_image\" \/>\n<meta name=\"twitter:label1\" content=\"Escrito por\" \/>\n\t<meta name=\"twitter:data1\" content=\"apuntesdesanluis.com\" \/>\n\t<meta name=\"twitter:label2\" content=\"Tiempo de lectura\" \/>\n\t<meta name=\"twitter:data2\" content=\"6 minutos\" \/>\n<script type=\"application\/ld+json\" class=\"yoast-schema-graph\">{\"@context\":\"https:\/\/schema.org\",\"@graph\":[{\"@type\":\"Article\",\"@id\":\"https:\/\/apuntesdesanluis.com\/index.php\/2024\/02\/07\/derrota-anunciada-el-oficialismo-levanto-la-sesion-de-la-ley-omnibus-y-el-proyecto-volvera-a-comision\/#article\",\"isPartOf\":{\"@id\":\"https:\/\/apuntesdesanluis.com\/index.php\/2024\/02\/07\/derrota-anunciada-el-oficialismo-levanto-la-sesion-de-la-ley-omnibus-y-el-proyecto-volvera-a-comision\/\"},\"author\":{\"name\":\"apuntesdesanluis.com\",\"@id\":\"https:\/\/apuntesdesanluis.com\/#\/schema\/person\/b55151d52296fcce64d1a72538a70b90\"},\"headline\":\"DERROTA ANUNCIADA: EL OFICIALISMO LEVANT\u00d3 LA SESI\u00d3N DE LA LEY \u00d3MNIBUS Y EL PROYECTO VOLVER\u00c1 A COMISI\u00d3N\",\"datePublished\":\"2024-02-07T03:47:02+00:00\",\"mainEntityOfPage\":{\"@id\":\"https:\/\/apuntesdesanluis.com\/index.php\/2024\/02\/07\/derrota-anunciada-el-oficialismo-levanto-la-sesion-de-la-ley-omnibus-y-el-proyecto-volvera-a-comision\/\"},\"wordCount\":1163,\"publisher\":{\"@id\":\"https:\/\/apuntesdesanluis.com\/#\/schema\/person\/b55151d52296fcce64d1a72538a70b90\"},\"image\":{\"@id\":\"https:\/\/apuntesdesanluis.com\/index.php\/2024\/02\/07\/derrota-anunciada-el-oficialismo-levanto-la-sesion-de-la-ley-omnibus-y-el-proyecto-volvera-a-comision\/#primaryimage\"},\"thumbnailUrl\":\"https:\/\/apuntesdesanluis.com\/wp-content\/uploads\/2024\/02\/diputados.png\",\"articleSection\":[\"Nacionales\/Internacionales\"],\"inLanguage\":\"es-AR\"},{\"@type\":\"WebPage\",\"@id\":\"https:\/\/apuntesdesanluis.com\/index.php\/2024\/02\/07\/derrota-anunciada-el-oficialismo-levanto-la-sesion-de-la-ley-omnibus-y-el-proyecto-volvera-a-comision\/\",\"url\":\"https:\/\/apuntesdesanluis.com\/index.php\/2024\/02\/07\/derrota-anunciada-el-oficialismo-levanto-la-sesion-de-la-ley-omnibus-y-el-proyecto-volvera-a-comision\/\",\"name\":\"DERROTA ANUNCIADA: EL OFICIALISMO LEVANT\u00d3 LA SESI\u00d3N DE LA LEY \u00d3MNIBUS Y EL PROYECTO VOLVER\u00c1 A COMISI\u00d3N - Apuntes de San Luis\",\"isPartOf\":{\"@id\":\"https:\/\/apuntesdesanluis.com\/#website\"},\"primaryImageOfPage\":{\"@id\":\"https:\/\/apuntesdesanluis.com\/index.php\/2024\/02\/07\/derrota-anunciada-el-oficialismo-levanto-la-sesion-de-la-ley-omnibus-y-el-proyecto-volvera-a-comision\/#primaryimage\"},\"image\":{\"@id\":\"https:\/\/apuntesdesanluis.com\/index.php\/2024\/02\/07\/derrota-anunciada-el-oficialismo-levanto-la-sesion-de-la-ley-omnibus-y-el-proyecto-volvera-a-comision\/#primaryimage\"},\"thumbnailUrl\":\"https:\/\/apuntesdesanluis.com\/wp-content\/uploads\/2024\/02\/diputados.png\",\"datePublished\":\"2024-02-07T03:47:02+00:00\",\"breadcrumb\":{\"@id\":\"https:\/\/apuntesdesanluis.com\/index.php\/2024\/02\/07\/derrota-anunciada-el-oficialismo-levanto-la-sesion-de-la-ley-omnibus-y-el-proyecto-volvera-a-comision\/#breadcrumb\"},\"inLanguage\":\"es-AR\",\"potentialAction\":[{\"@type\":\"ReadAction\",\"target\":[\"https:\/\/apuntesdesanluis.com\/index.php\/2024\/02\/07\/derrota-anunciada-el-oficialismo-levanto-la-sesion-de-la-ley-omnibus-y-el-proyecto-volvera-a-comision\/\"]}]},{\"@type\":\"ImageObject\",\"inLanguage\":\"es-AR\",\"@id\":\"https:\/\/apuntesdesanluis.com\/index.php\/2024\/02\/07\/derrota-anunciada-el-oficialismo-levanto-la-sesion-de-la-ley-omnibus-y-el-proyecto-volvera-a-comision\/#primaryimage\",\"url\":\"https:\/\/apuntesdesanluis.com\/wp-content\/uploads\/2024\/02\/diputados.png\",\"contentUrl\":\"https:\/\/apuntesdesanluis.com\/wp-content\/uploads\/2024\/02\/diputados.png\",\"width\":600,\"height\":335},{\"@type\":\"BreadcrumbList\",\"@id\":\"https:\/\/apuntesdesanluis.com\/index.php\/2024\/02\/07\/derrota-anunciada-el-oficialismo-levanto-la-sesion-de-la-ley-omnibus-y-el-proyecto-volvera-a-comision\/#breadcrumb\",\"itemListElement\":[{\"@type\":\"ListItem\",\"position\":1,\"name\":\"Inicio\",\"item\":\"https:\/\/apuntesdesanluis.com\/\"},{\"@type\":\"ListItem\",\"position\":2,\"name\":\"DERROTA ANUNCIADA: EL OFICIALISMO LEVANT\u00d3 LA SESI\u00d3N DE LA LEY \u00d3MNIBUS Y EL PROYECTO VOLVER\u00c1 A COMISI\u00d3N\"}]},{\"@type\":\"WebSite\",\"@id\":\"https:\/\/apuntesdesanluis.com\/#website\",\"url\":\"https:\/\/apuntesdesanluis.com\/\",\"name\":\"Apuntes de San Luis\",\"description\":\"\",\"publisher\":{\"@id\":\"https:\/\/apuntesdesanluis.com\/#\/schema\/person\/b55151d52296fcce64d1a72538a70b90\"},\"potentialAction\":[{\"@type\":\"SearchAction\",\"target\":{\"@type\":\"EntryPoint\",\"urlTemplate\":\"https:\/\/apuntesdesanluis.com\/?s={search_term_string}\"},\"query-input\":{\"@type\":\"PropertyValueSpecification\",\"valueRequired\":true,\"valueName\":\"search_term_string\"}}],\"inLanguage\":\"es-AR\"},{\"@type\":[\"Person\",\"Organization\"],\"@id\":\"https:\/\/apuntesdesanluis.com\/#\/schema\/person\/b55151d52296fcce64d1a72538a70b90\",\"name\":\"apuntesdesanluis.com\",\"image\":{\"@type\":\"ImageObject\",\"inLanguage\":\"es-AR\",\"@id\":\"https:\/\/apuntesdesanluis.com\/#\/schema\/person\/image\/\",\"url\":\"https:\/\/apuntesdesanluis.com\/wp-content\/uploads\/2023\/07\/cropped-apuntesdesanluis.png\",\"contentUrl\":\"https:\/\/apuntesdesanluis.com\/wp-content\/uploads\/2023\/07\/cropped-apuntesdesanluis.png\",\"width\":450,\"height\":112,\"caption\":\"apuntesdesanluis.com\"},\"logo\":{\"@id\":\"https:\/\/apuntesdesanluis.com\/#\/schema\/person\/image\/\"},\"sameAs\":[\"https:\/\/apuntesdesanluis.com\"],\"url\":\"https:\/\/apuntesdesanluis.com\/index.php\/author\/apuntesdesanluis-com\/\"}]}<\/script>\n<!-- \/ Yoast SEO plugin. -->","yoast_head_json":{"title":"DERROTA ANUNCIADA: EL OFICIALISMO LEVANT\u00d3 LA SESI\u00d3N DE LA LEY \u00d3MNIBUS Y EL PROYECTO VOLVER\u00c1 A COMISI\u00d3N - Apuntes de San Luis","robots":{"index":"index","follow":"follow","max-snippet":"max-snippet:-1","max-image-preview":"max-image-preview:large","max-video-preview":"max-video-preview:-1"},"canonical":"https:\/\/apuntesdesanluis.com\/index.php\/2024\/02\/07\/derrota-anunciada-el-oficialismo-levanto-la-sesion-de-la-ley-omnibus-y-el-proyecto-volvera-a-comision\/","og_locale":"es_ES","og_type":"article","og_title":"DERROTA ANUNCIADA: EL OFICIALISMO LEVANT\u00d3 LA SESI\u00d3N DE LA LEY \u00d3MNIBUS Y EL PROYECTO VOLVER\u00c1 A COMISI\u00d3N - Apuntes de San Luis","og_description":"El proyecto vuelve a foja cero: se cay\u00f3 el dictamen y la votaci\u00f3n ya no...","og_url":"https:\/\/apuntesdesanluis.com\/index.php\/2024\/02\/07\/derrota-anunciada-el-oficialismo-levanto-la-sesion-de-la-ley-omnibus-y-el-proyecto-volvera-a-comision\/","og_site_name":"Apuntes de San Luis","article_published_time":"2024-02-07T03:47:02+00:00","og_image":[{"width":600,"height":335,"url":"https:\/\/apuntesdesanluis.com\/wp-content\/uploads\/2024\/02\/diputados.png","type":"image\/png"}],"author":"apuntesdesanluis.com","twitter_card":"summary_large_image","twitter_misc":{"Escrito por":"apuntesdesanluis.com","Tiempo de lectura":"6 minutos"},"schema":{"@context":"https:\/\/schema.org","@graph":[{"@type":"Article","@id":"https:\/\/apuntesdesanluis.com\/index.php\/2024\/02\/07\/derrota-anunciada-el-oficialismo-levanto-la-sesion-de-la-ley-omnibus-y-el-proyecto-volvera-a-comision\/#article","isPartOf":{"@id":"https:\/\/apuntesdesanluis.com\/index.php\/2024\/02\/07\/derrota-anunciada-el-oficialismo-levanto-la-sesion-de-la-ley-omnibus-y-el-proyecto-volvera-a-comision\/"},"author":{"name":"apuntesdesanluis.com","@id":"https:\/\/apuntesdesanluis.com\/#\/schema\/person\/b55151d52296fcce64d1a72538a70b90"},"headline":"DERROTA ANUNCIADA: EL OFICIALISMO LEVANT\u00d3 LA SESI\u00d3N DE LA LEY \u00d3MNIBUS Y EL PROYECTO VOLVER\u00c1 A COMISI\u00d3N","datePublished":"2024-02-07T03:47:02+00:00","mainEntityOfPage":{"@id":"https:\/\/apuntesdesanluis.com\/index.php\/2024\/02\/07\/derrota-anunciada-el-oficialismo-levanto-la-sesion-de-la-ley-omnibus-y-el-proyecto-volvera-a-comision\/"},"wordCount":1163,"publisher":{"@id":"https:\/\/apuntesdesanluis.com\/#\/schema\/person\/b55151d52296fcce64d1a72538a70b90"},"image":{"@id":"https:\/\/apuntesdesanluis.com\/index.php\/2024\/02\/07\/derrota-anunciada-el-oficialismo-levanto-la-sesion-de-la-ley-omnibus-y-el-proyecto-volvera-a-comision\/#primaryimage"},"thumbnailUrl":"https:\/\/apuntesdesanluis.com\/wp-content\/uploads\/2024\/02\/diputados.png","articleSection":["Nacionales\/Internacionales"],"inLanguage":"es-AR"},{"@type":"WebPage","@id":"https:\/\/apuntesdesanluis.com\/index.php\/2024\/02\/07\/derrota-anunciada-el-oficialismo-levanto-la-sesion-de-la-ley-omnibus-y-el-proyecto-volvera-a-comision\/","url":"https:\/\/apuntesdesanluis.com\/index.php\/2024\/02\/07\/derrota-anunciada-el-oficialismo-levanto-la-sesion-de-la-ley-omnibus-y-el-proyecto-volvera-a-comision\/","name":"DERROTA ANUNCIADA: EL OFICIALISMO LEVANT\u00d3 LA SESI\u00d3N DE LA LEY \u00d3MNIBUS Y EL PROYECTO VOLVER\u00c1 A COMISI\u00d3N - Apuntes de San Luis","isPartOf":{"@id":"https:\/\/apuntesdesanluis.com\/#website"},"primaryImageOfPage":{"@id":"https:\/\/apuntesdesanluis.com\/index.php\/2024\/02\/07\/derrota-anunciada-el-oficialismo-levanto-la-sesion-de-la-ley-omnibus-y-el-proyecto-volvera-a-comision\/#primaryimage"},"image":{"@id":"https:\/\/apuntesdesanluis.com\/index.php\/2024\/02\/07\/derrota-anunciada-el-oficialismo-levanto-la-sesion-de-la-ley-omnibus-y-el-proyecto-volvera-a-comision\/#primaryimage"},"thumbnailUrl":"https:\/\/apuntesdesanluis.com\/wp-content\/uploads\/2024\/02\/diputados.png","datePublished":"2024-02-07T03:47:02+00:00","breadcrumb":{"@id":"https:\/\/apuntesdesanluis.com\/index.php\/2024\/02\/07\/derrota-anunciada-el-oficialismo-levanto-la-sesion-de-la-ley-omnibus-y-el-proyecto-volvera-a-comision\/#breadcrumb"},"inLanguage":"es-AR","potentialAction":[{"@type":"ReadAction","target":["https:\/\/apuntesdesanluis.com\/index.php\/2024\/02\/07\/derrota-anunciada-el-oficialismo-levanto-la-sesion-de-la-ley-omnibus-y-el-proyecto-volvera-a-comision\/"]}]},{"@type":"ImageObject","inLanguage":"es-AR","@id":"https:\/\/apuntesdesanluis.com\/index.php\/2024\/02\/07\/derrota-anunciada-el-oficialismo-levanto-la-sesion-de-la-ley-omnibus-y-el-proyecto-volvera-a-comision\/#primaryimage","url":"https:\/\/apuntesdesanluis.com\/wp-content\/uploads\/2024\/02\/diputados.png","contentUrl":"https:\/\/apuntesdesanluis.com\/wp-content\/uploads\/2024\/02\/diputados.png","width":600,"height":335},{"@type":"BreadcrumbList","@id":"https:\/\/apuntesdesanluis.com\/index.php\/2024\/02\/07\/derrota-anunciada-el-oficialismo-levanto-la-sesion-de-la-ley-omnibus-y-el-proyecto-volvera-a-comision\/#breadcrumb","itemListElement":[{"@type":"ListItem","position":1,"name":"Inicio","item":"https:\/\/apuntesdesanluis.com\/"},{"@type":"ListItem","position":2,"name":"DERROTA ANUNCIADA: EL OFICIALISMO LEVANT\u00d3 LA SESI\u00d3N DE LA LEY \u00d3MNIBUS Y EL PROYECTO VOLVER\u00c1 A COMISI\u00d3N"}]},{"@type":"WebSite","@id":"https:\/\/apuntesdesanluis.com\/#website","url":"https:\/\/apuntesdesanluis.com\/","name":"Apuntes de San Luis","description":"","publisher":{"@id":"https:\/\/apuntesdesanluis.com\/#\/schema\/person\/b55151d52296fcce64d1a72538a70b90"},"potentialAction":[{"@type":"SearchAction","target":{"@type":"EntryPoint","urlTemplate":"https:\/\/apuntesdesanluis.com\/?s={search_term_string}"},"query-input":{"@type":"PropertyValueSpecification","valueRequired":true,"valueName":"search_term_string"}}],"inLanguage":"es-AR"},{"@type":["Person","Organization"],"@id":"https:\/\/apuntesdesanluis.com\/#\/schema\/person\/b55151d52296fcce64d1a72538a70b90","name":"apuntesdesanluis.com","image":{"@type":"ImageObject","inLanguage":"es-AR","@id":"https:\/\/apuntesdesanluis.com\/#\/schema\/person\/image\/","url":"https:\/\/apuntesdesanluis.com\/wp-content\/uploads\/2023\/07\/cropped-apuntesdesanluis.png","contentUrl":"https:\/\/apuntesdesanluis.com\/wp-content\/uploads\/2023\/07\/cropped-apuntesdesanluis.png","width":450,"height":112,"caption":"apuntesdesanluis.com"},"logo":{"@id":"https:\/\/apuntesdesanluis.com\/#\/schema\/person\/image\/"},"sameAs":["https:\/\/apuntesdesanluis.com"],"url":"https:\/\/apuntesdesanluis.com\/index.php\/author\/apuntesdesanluis-com\/"}]}},"featured_image_urls":{"full":["https:\/\/apuntesdesanluis.com\/wp-content\/uploads\/2024\/02\/diputados.png",600,335,false],"thumbnail":["https:\/\/apuntesdesanluis.com\/wp-content\/uploads\/2024\/02\/diputados-150x150.png",150,150,true],"medium":["https:\/\/apuntesdesanluis.com\/wp-content\/uploads\/2024\/02\/diputados-300x168.png",300,168,true],"medium_large":["https:\/\/apuntesdesanluis.com\/wp-content\/uploads\/2024\/02\/diputados.png",600,335,false],"large":["https:\/\/apuntesdesanluis.com\/wp-content\/uploads\/2024\/02\/diputados.png",600,335,false],"1536x1536":["https:\/\/apuntesdesanluis.com\/wp-content\/uploads\/2024\/02\/diputados.png",600,335,false],"2048x2048":["https:\/\/apuntesdesanluis.com\/wp-content\/uploads\/2024\/02\/diputados.png",600,335,false],"newsever-slider-full":["https:\/\/apuntesdesanluis.com\/wp-content\/uploads\/2024\/02\/diputados.png",600,335,false],"newsever-featured":["https:\/\/apuntesdesanluis.com\/wp-content\/uploads\/2024\/02\/diputados.png",600,335,false],"newsever-medium":["https:\/\/apuntesdesanluis.com\/wp-content\/uploads\/2024\/02\/diputados.png",600,335,false]},"author_info":{"display_name":"apuntesdesanluis.com","author_link":"https:\/\/apuntesdesanluis.com\/index.php\/author\/apuntesdesanluis-com\/"},"category_info":"<a href=\"https:\/\/apuntesdesanluis.com\/index.php\/category\/nacionales-internacionales\/\" rel=\"category tag\">Nacionales\/Internacionales<\/a>","tag_info":"Nacionales\/Internacionales","comment_count":"0","_links":{"self":[{"href":"https:\/\/apuntesdesanluis.com\/index.php\/wp-json\/wp\/v2\/posts\/11302","targetHints":{"allow":["GET"]}}],"collection":[{"href":"https:\/\/apuntesdesanluis.com\/index.php\/wp-json\/wp\/v2\/posts"}],"about":[{"href":"https:\/\/apuntesdesanluis.com\/index.php\/wp-json\/wp\/v2\/types\/post"}],"author":[{"embeddable":true,"href":"https:\/\/apuntesdesanluis.com\/index.php\/wp-json\/wp\/v2\/users\/1"}],"replies":[{"embeddable":true,"href":"https:\/\/apuntesdesanluis.com\/index.php\/wp-json\/wp\/v2\/comments?post=11302"}],"version-history":[{"count":1,"href":"https:\/\/apuntesdesanluis.com\/index.php\/wp-json\/wp\/v2\/posts\/11302\/revisions"}],"predecessor-version":[{"id":11307,"href":"https:\/\/apuntesdesanluis.com\/index.php\/wp-json\/wp\/v2\/posts\/11302\/revisions\/11307"}],"wp:featuredmedia":[{"embeddable":true,"href":"https:\/\/apuntesdesanluis.com\/index.php\/wp-json\/wp\/v2\/media\/11304"}],"wp:attachment":[{"href":"https:\/\/apuntesdesanluis.com\/index.php\/wp-json\/wp\/v2\/media?parent=11302"}],"wp:term":[{"taxonomy":"category","embeddable":true,"href":"https:\/\/apuntesdesanluis.com\/index.php\/wp-json\/wp\/v2\/categories?post=11302"},{"taxonomy":"post_tag","embeddable":true,"href":"https:\/\/apuntesdesanluis.com\/index.php\/wp-json\/wp\/v2\/tags?post=11302"}],"curies":[{"name":"wp","href":"https:\/\/api.w.org\/{rel}","templated":true}]}}