{"id":11308,"date":"2024-02-07T00:59:27","date_gmt":"2024-02-07T03:59:27","guid":{"rendered":"https:\/\/apuntesdesanluis.com\/?p=11308"},"modified":"2024-02-07T00:59:27","modified_gmt":"2024-02-07T03:59:27","slug":"los-gobernadores-de-juntos-por-el-cambio-le-respondieron-a-milei-no-corresponde-que-nos-responsabilice","status":"publish","type":"post","link":"https:\/\/apuntesdesanluis.com\/index.php\/2024\/02\/07\/los-gobernadores-de-juntos-por-el-cambio-le-respondieron-a-milei-no-corresponde-que-nos-responsabilice\/","title":{"rendered":"LOS GOBERNADORES DE JUNTOS POR EL CAMBIO LE RESPONDIERON A MILEI: \u201cNO CORRESPONDE QUE NOS RESPONSABILICE\u201d"},"content":{"rendered":"<h3>Los diez gobernadores que pertenecen a Juntos por el Cambio respondieron las cr\u00edticas del presidente Javier Milei por el traspi\u00e9 que sufri\u00f3 la Ley \u00d3mnibus en el Congreso de la Naci\u00f3n este martes 6 de febrero. Los mandatarios provinciales fueron apuntados por el jefe de Estado y por todo el oficialismo por el regreso del proyecto a comisiones, en una sesi\u00f3n fallida.<\/h3>\n<h3>\u201cNo corresponde que nos responsabilicen a todos por igual ni que nos falten el respeto aduciendo poca vocaci\u00f3n de di\u00e1logo e incapacidad de nuestra parte, cuando en realidad trabajamos incansablemente para lograr los consensos necesarios para que se apruebe la Ley Bases\u201d, dijeron los mandatarios.<\/h3>\n<h3>El texto lleva la firma de Jorge Macri (CABA), Leandro Zdero (Chaco), Ignacio Torres (Chubut), Gustavo Vald\u00e9s (Corrientes), Rogelio Frigerio (Entre R\u00edos), Carlos Sadir (Jujuy), Alfredo Cornejo (Mendoza), Marcelo Orrego (San Juan), <strong>Claudio Poggi (San Luis)<\/strong> y Maximiliano Pullaro (Santa Fe).<\/h3>\n<p><img fetchpriority=\"high\" decoding=\"async\" class=\"wp-image-11310 aligncenter\" src=\"https:\/\/apuntesdesanluis.com\/wp-content\/uploads\/2024\/02\/comunicado-256x300.png\" alt=\"\" width=\"551\" height=\"646\" srcset=\"https:\/\/apuntesdesanluis.com\/wp-content\/uploads\/2024\/02\/comunicado-256x300.png 256w, https:\/\/apuntesdesanluis.com\/wp-content\/uploads\/2024\/02\/comunicado.png 656w\" sizes=\"(max-width: 551px) 100vw, 551px\" \/><\/p>\n<h3>La sesi\u00f3n que retom\u00f3 el debate por la ley Bases y Puntos de Partida para la Libertad de los Argentinos comenz\u00f3 pasadas las 14. Durante la tarde registr\u00f3 avances, con la aprobaci\u00f3n de los seis primeros art\u00edculos, referidos a la declaraci\u00f3n de emergencia y a las facultades delegadas al presidente Javier Milei.<\/h3>\n<h3>Sin embargo, cuando aparec\u00eda en el horizonte el cap\u00edtulo referido a la autorizaci\u00f3n de privatizaciones de empresas pertenecientes al Estado, la sesi\u00f3n pas\u00f3 a un cuarto intermedio. Al regreso, el debate cay\u00f3.<\/h3>\n<h3>Con ese resultado, el oficialismo hizo p\u00fablico su malestar, con su estilo: directo y apuntando en duros t\u00e9rminos con quienes considera que trabaron la ley. Fue el propio presidente, Javier Milei, desde Israel donde se encuentra liderando una misi\u00f3n diplom\u00e1tica, quien responsabiliz\u00f3 a los gobernadores, a modo general, por los obst\u00e1culos en la aprobaci\u00f3n de la ley en Diputados.<\/h3>\n<h3>\u201cLa casta se puso en contra del cambio que los argentinos votamos en las urnas. Sabemos que no va a ser f\u00e1cil cambiar un sistema donde los pol\u00edticos se hicieron ricos a costa de los argentinos que se levantan todos los d\u00edas a trabajar. Nuestro programa de gobierno fue votado por el 56% de los argentinos y no estamos dispuestos a negociarlo con quienes destruyeron el pa\u00eds\u201d, dijo el l\u00edder libertario.<\/h3>\n<h3>La cuenta de la red social X, Oficina del Presidente de la Naci\u00f3n, en tanto, replic\u00f3 un mensaje similar. \u201cEste martes, los gobernadores tomaron la decisi\u00f3n de destruir la \u2018Ley Bases y Puntos para la Libertad de los Argentinos\u2019 art\u00edculo por art\u00edculo, horas despu\u00e9s de acordar acompa\u00f1arla. Decidieron darle la espalda a los argentinos para proteger sus intereses e impedir que el Gobierno Nacional cuente con las herramientas para resolver los problemas estructurales de la Argentina\u201d, public\u00f3 el usuario que comunica informaci\u00f3n oficial del gobierno.<\/h3>\n<h3>El presidente del bloque de La Libertad Avanza, Oscar Zago, por su parte, tambi\u00e9n hab\u00eda aludido a los gobernadores, a quienes acus\u00f3 de no cumplir con su palabra. \u201cNo nos sentimos traicionados pero creo que se equivocan\u201d, afirm\u00f3 al terminar la sesi\u00f3n.<\/h3>\n<h3>Esa arremetida contra los mandatarios provinciales fue general, sin puntualizar en ninguna provincia ni dirigente en particular. El gobierno sostiene que la posici\u00f3n de los diputados obedece a una negociaci\u00f3n que quieren obtener los jefes de Estado por recursos para las provincias. Esto es lo que, desde Juntos por el Cambio, los gobernadores negaron.<\/h3>\n<h3>\u201cLos 10 gobernadores de Juntos por el Cambio, junto a los diputados nacionales que representan a los ciudadanos de las diferentes provincias que gobernamos, acompa\u00f1amos el paquete de emergencias y facultades pedidas por el gobierno nacional. Cumplimos el compromiso asumido p\u00fablicamente de ayudar al Gobierno entrante con las herramientas que cree necesarias para hacer las transformaciones que requiere nuestro pa\u00eds\u201d, sostiene el comunicado.<\/h3>\n<h3>Desde otras fuerzas pol\u00edticas tambi\u00e9n rechazaron la acusaci\u00f3n del gobierno y sus funcionarios. \u201cNo nos sentimos aludidos cuando hablan de traidores. Al gobierno le hemos sido leales. Lo acompa\u00f1amos con el dictamen, el qu\u00f3rum y la elecci\u00f3n general. Pero tenemos diferencias\u201d, admiti\u00f3 una voz provincial opositora.<\/h3>\n<p>&nbsp;<\/p>\n<p>&nbsp;<\/p>\n<p>&nbsp;<\/p>\n<p>&nbsp;<\/p>\n","protected":false},"excerpt":{"rendered":"<p>Los diez gobernadores que pertenecen a Juntos por el Cambio respondieron las cr\u00edticas del presidente&#8230;<\/p>\n","protected":false},"author":1,"featured_media":11309,"comment_status":"closed","ping_status":"closed","sticky":false,"template":"","format":"standard","meta":{"footnotes":""},"categories":[5],"tags":[],"class_list":["post-11308","post","type-post","status-publish","format-standard","has-post-thumbnail","hentry","category-nacionales-internacionales"],"yoast_head":"<!-- This site is optimized with the Yoast SEO plugin v26.1.1 - https:\/\/yoast.com\/wordpress\/plugins\/seo\/ -->\n<title>LOS GOBERNADORES DE JUNTOS POR EL CAMBIO LE RESPONDIERON A MILEI: \u201cNO CORRESPONDE QUE NOS RESPONSABILICE\u201d - Apuntes de San Luis<\/title>\n<meta name=\"robots\" content=\"index, follow, max-snippet:-1, max-image-preview:large, max-video-preview:-1\" \/>\n<link rel=\"canonical\" href=\"https:\/\/apuntesdesanluis.com\/index.php\/2024\/02\/07\/los-gobernadores-de-juntos-por-el-cambio-le-respondieron-a-milei-no-corresponde-que-nos-responsabilice\/\" \/>\n<meta property=\"og:locale\" content=\"es_ES\" \/>\n<meta property=\"og:type\" content=\"article\" \/>\n<meta property=\"og:title\" content=\"LOS GOBERNADORES DE JUNTOS POR EL CAMBIO LE RESPONDIERON A MILEI: \u201cNO CORRESPONDE QUE NOS RESPONSABILICE\u201d - Apuntes de San Luis\" \/>\n<meta property=\"og:description\" content=\"Los diez gobernadores que pertenecen a Juntos por el Cambio respondieron las cr\u00edticas del presidente...\" \/>\n<meta property=\"og:url\" content=\"https:\/\/apuntesdesanluis.com\/index.php\/2024\/02\/07\/los-gobernadores-de-juntos-por-el-cambio-le-respondieron-a-milei-no-corresponde-que-nos-responsabilice\/\" \/>\n<meta property=\"og:site_name\" content=\"Apuntes de San Luis\" \/>\n<meta property=\"article:published_time\" content=\"2024-02-07T03:59:27+00:00\" \/>\n<meta property=\"og:image\" content=\"https:\/\/apuntesdesanluis.com\/wp-content\/uploads\/2024\/02\/gobernadores-de-jxc.png\" \/>\n\t<meta property=\"og:image:width\" content=\"616\" \/>\n\t<meta property=\"og:image:height\" content=\"385\" \/>\n\t<meta property=\"og:image:type\" content=\"image\/png\" \/>\n<meta name=\"author\" content=\"apuntesdesanluis.com\" \/>\n<meta name=\"twitter:card\" content=\"summary_large_image\" \/>\n<meta name=\"twitter:label1\" content=\"Escrito por\" \/>\n\t<meta name=\"twitter:data1\" content=\"apuntesdesanluis.com\" \/>\n\t<meta name=\"twitter:label2\" content=\"Tiempo de lectura\" \/>\n\t<meta name=\"twitter:data2\" content=\"4 minutos\" \/>\n<script type=\"application\/ld+json\" class=\"yoast-schema-graph\">{\"@context\":\"https:\/\/schema.org\",\"@graph\":[{\"@type\":\"Article\",\"@id\":\"https:\/\/apuntesdesanluis.com\/index.php\/2024\/02\/07\/los-gobernadores-de-juntos-por-el-cambio-le-respondieron-a-milei-no-corresponde-que-nos-responsabilice\/#article\",\"isPartOf\":{\"@id\":\"https:\/\/apuntesdesanluis.com\/index.php\/2024\/02\/07\/los-gobernadores-de-juntos-por-el-cambio-le-respondieron-a-milei-no-corresponde-que-nos-responsabilice\/\"},\"author\":{\"name\":\"apuntesdesanluis.com\",\"@id\":\"https:\/\/apuntesdesanluis.com\/#\/schema\/person\/b55151d52296fcce64d1a72538a70b90\"},\"headline\":\"LOS GOBERNADORES DE JUNTOS POR EL CAMBIO LE RESPONDIERON A MILEI: \u201cNO CORRESPONDE QUE NOS RESPONSABILICE\u201d\",\"datePublished\":\"2024-02-07T03:59:27+00:00\",\"mainEntityOfPage\":{\"@id\":\"https:\/\/apuntesdesanluis.com\/index.php\/2024\/02\/07\/los-gobernadores-de-juntos-por-el-cambio-le-respondieron-a-milei-no-corresponde-que-nos-responsabilice\/\"},\"wordCount\":715,\"publisher\":{\"@id\":\"https:\/\/apuntesdesanluis.com\/#\/schema\/person\/b55151d52296fcce64d1a72538a70b90\"},\"image\":{\"@id\":\"https:\/\/apuntesdesanluis.com\/index.php\/2024\/02\/07\/los-gobernadores-de-juntos-por-el-cambio-le-respondieron-a-milei-no-corresponde-que-nos-responsabilice\/#primaryimage\"},\"thumbnailUrl\":\"https:\/\/apuntesdesanluis.com\/wp-content\/uploads\/2024\/02\/gobernadores-de-jxc.png\",\"articleSection\":[\"Nacionales\/Internacionales\"],\"inLanguage\":\"es-AR\"},{\"@type\":\"WebPage\",\"@id\":\"https:\/\/apuntesdesanluis.com\/index.php\/2024\/02\/07\/los-gobernadores-de-juntos-por-el-cambio-le-respondieron-a-milei-no-corresponde-que-nos-responsabilice\/\",\"url\":\"https:\/\/apuntesdesanluis.com\/index.php\/2024\/02\/07\/los-gobernadores-de-juntos-por-el-cambio-le-respondieron-a-milei-no-corresponde-que-nos-responsabilice\/\",\"name\":\"LOS GOBERNADORES DE JUNTOS POR EL CAMBIO LE RESPONDIERON A MILEI: \u201cNO CORRESPONDE QUE NOS RESPONSABILICE\u201d - Apuntes de San Luis\",\"isPartOf\":{\"@id\":\"https:\/\/apuntesdesanluis.com\/#website\"},\"primaryImageOfPage\":{\"@id\":\"https:\/\/apuntesdesanluis.com\/index.php\/2024\/02\/07\/los-gobernadores-de-juntos-por-el-cambio-le-respondieron-a-milei-no-corresponde-que-nos-responsabilice\/#primaryimage\"},\"image\":{\"@id\":\"https:\/\/apuntesdesanluis.com\/index.php\/2024\/02\/07\/los-gobernadores-de-juntos-por-el-cambio-le-respondieron-a-milei-no-corresponde-que-nos-responsabilice\/#primaryimage\"},\"thumbnailUrl\":\"https:\/\/apuntesdesanluis.com\/wp-content\/uploads\/2024\/02\/gobernadores-de-jxc.png\",\"datePublished\":\"2024-02-07T03:59:27+00:00\",\"breadcrumb\":{\"@id\":\"https:\/\/apuntesdesanluis.com\/index.php\/2024\/02\/07\/los-gobernadores-de-juntos-por-el-cambio-le-respondieron-a-milei-no-corresponde-que-nos-responsabilice\/#breadcrumb\"},\"inLanguage\":\"es-AR\",\"potentialAction\":[{\"@type\":\"ReadAction\",\"target\":[\"https:\/\/apuntesdesanluis.com\/index.php\/2024\/02\/07\/los-gobernadores-de-juntos-por-el-cambio-le-respondieron-a-milei-no-corresponde-que-nos-responsabilice\/\"]}]},{\"@type\":\"ImageObject\",\"inLanguage\":\"es-AR\",\"@id\":\"https:\/\/apuntesdesanluis.com\/index.php\/2024\/02\/07\/los-gobernadores-de-juntos-por-el-cambio-le-respondieron-a-milei-no-corresponde-que-nos-responsabilice\/#primaryimage\",\"url\":\"https:\/\/apuntesdesanluis.com\/wp-content\/uploads\/2024\/02\/gobernadores-de-jxc.png\",\"contentUrl\":\"https:\/\/apuntesdesanluis.com\/wp-content\/uploads\/2024\/02\/gobernadores-de-jxc.png\",\"width\":616,\"height\":385},{\"@type\":\"BreadcrumbList\",\"@id\":\"https:\/\/apuntesdesanluis.com\/index.php\/2024\/02\/07\/los-gobernadores-de-juntos-por-el-cambio-le-respondieron-a-milei-no-corresponde-que-nos-responsabilice\/#breadcrumb\",\"itemListElement\":[{\"@type\":\"ListItem\",\"position\":1,\"name\":\"Inicio\",\"item\":\"https:\/\/apuntesdesanluis.com\/\"},{\"@type\":\"ListItem\",\"position\":2,\"name\":\"LOS GOBERNADORES DE JUNTOS POR EL CAMBIO LE RESPONDIERON A MILEI: \u201cNO CORRESPONDE QUE NOS RESPONSABILICE\u201d\"}]},{\"@type\":\"WebSite\",\"@id\":\"https:\/\/apuntesdesanluis.com\/#website\",\"url\":\"https:\/\/apuntesdesanluis.com\/\",\"name\":\"Apuntes de San Luis\",\"description\":\"\",\"publisher\":{\"@id\":\"https:\/\/apuntesdesanluis.com\/#\/schema\/person\/b55151d52296fcce64d1a72538a70b90\"},\"potentialAction\":[{\"@type\":\"SearchAction\",\"target\":{\"@type\":\"EntryPoint\",\"urlTemplate\":\"https:\/\/apuntesdesanluis.com\/?s={search_term_string}\"},\"query-input\":{\"@type\":\"PropertyValueSpecification\",\"valueRequired\":true,\"valueName\":\"search_term_string\"}}],\"inLanguage\":\"es-AR\"},{\"@type\":[\"Person\",\"Organization\"],\"@id\":\"https:\/\/apuntesdesanluis.com\/#\/schema\/person\/b55151d52296fcce64d1a72538a70b90\",\"name\":\"apuntesdesanluis.com\",\"image\":{\"@type\":\"ImageObject\",\"inLanguage\":\"es-AR\",\"@id\":\"https:\/\/apuntesdesanluis.com\/#\/schema\/person\/image\/\",\"url\":\"https:\/\/apuntesdesanluis.com\/wp-content\/uploads\/2023\/07\/cropped-apuntesdesanluis.png\",\"contentUrl\":\"https:\/\/apuntesdesanluis.com\/wp-content\/uploads\/2023\/07\/cropped-apuntesdesanluis.png\",\"width\":450,\"height\":112,\"caption\":\"apuntesdesanluis.com\"},\"logo\":{\"@id\":\"https:\/\/apuntesdesanluis.com\/#\/schema\/person\/image\/\"},\"sameAs\":[\"https:\/\/apuntesdesanluis.com\"],\"url\":\"https:\/\/apuntesdesanluis.com\/index.php\/author\/apuntesdesanluis-com\/\"}]}<\/script>\n<!-- \/ Yoast SEO plugin. -->","yoast_head_json":{"title":"LOS GOBERNADORES DE JUNTOS POR EL CAMBIO LE RESPONDIERON A MILEI: \u201cNO CORRESPONDE QUE NOS RESPONSABILICE\u201d - Apuntes de San Luis","robots":{"index":"index","follow":"follow","max-snippet":"max-snippet:-1","max-image-preview":"max-image-preview:large","max-video-preview":"max-video-preview:-1"},"canonical":"https:\/\/apuntesdesanluis.com\/index.php\/2024\/02\/07\/los-gobernadores-de-juntos-por-el-cambio-le-respondieron-a-milei-no-corresponde-que-nos-responsabilice\/","og_locale":"es_ES","og_type":"article","og_title":"LOS GOBERNADORES DE JUNTOS POR EL CAMBIO LE RESPONDIERON A MILEI: \u201cNO CORRESPONDE QUE NOS RESPONSABILICE\u201d - Apuntes de San Luis","og_description":"Los diez gobernadores que pertenecen a Juntos por el Cambio respondieron las cr\u00edticas del presidente...","og_url":"https:\/\/apuntesdesanluis.com\/index.php\/2024\/02\/07\/los-gobernadores-de-juntos-por-el-cambio-le-respondieron-a-milei-no-corresponde-que-nos-responsabilice\/","og_site_name":"Apuntes de San Luis","article_published_time":"2024-02-07T03:59:27+00:00","og_image":[{"width":616,"height":385,"url":"https:\/\/apuntesdesanluis.com\/wp-content\/uploads\/2024\/02\/gobernadores-de-jxc.png","type":"image\/png"}],"author":"apuntesdesanluis.com","twitter_card":"summary_large_image","twitter_misc":{"Escrito por":"apuntesdesanluis.com","Tiempo de lectura":"4 minutos"},"schema":{"@context":"https:\/\/schema.org","@graph":[{"@type":"Article","@id":"https:\/\/apuntesdesanluis.com\/index.php\/2024\/02\/07\/los-gobernadores-de-juntos-por-el-cambio-le-respondieron-a-milei-no-corresponde-que-nos-responsabilice\/#article","isPartOf":{"@id":"https:\/\/apuntesdesanluis.com\/index.php\/2024\/02\/07\/los-gobernadores-de-juntos-por-el-cambio-le-respondieron-a-milei-no-corresponde-que-nos-responsabilice\/"},"author":{"name":"apuntesdesanluis.com","@id":"https:\/\/apuntesdesanluis.com\/#\/schema\/person\/b55151d52296fcce64d1a72538a70b90"},"headline":"LOS GOBERNADORES DE JUNTOS POR EL CAMBIO LE RESPONDIERON A MILEI: \u201cNO CORRESPONDE QUE NOS RESPONSABILICE\u201d","datePublished":"2024-02-07T03:59:27+00:00","mainEntityOfPage":{"@id":"https:\/\/apuntesdesanluis.com\/index.php\/2024\/02\/07\/los-gobernadores-de-juntos-por-el-cambio-le-respondieron-a-milei-no-corresponde-que-nos-responsabilice\/"},"wordCount":715,"publisher":{"@id":"https:\/\/apuntesdesanluis.com\/#\/schema\/person\/b55151d52296fcce64d1a72538a70b90"},"image":{"@id":"https:\/\/apuntesdesanluis.com\/index.php\/2024\/02\/07\/los-gobernadores-de-juntos-por-el-cambio-le-respondieron-a-milei-no-corresponde-que-nos-responsabilice\/#primaryimage"},"thumbnailUrl":"https:\/\/apuntesdesanluis.com\/wp-content\/uploads\/2024\/02\/gobernadores-de-jxc.png","articleSection":["Nacionales\/Internacionales"],"inLanguage":"es-AR"},{"@type":"WebPage","@id":"https:\/\/apuntesdesanluis.com\/index.php\/2024\/02\/07\/los-gobernadores-de-juntos-por-el-cambio-le-respondieron-a-milei-no-corresponde-que-nos-responsabilice\/","url":"https:\/\/apuntesdesanluis.com\/index.php\/2024\/02\/07\/los-gobernadores-de-juntos-por-el-cambio-le-respondieron-a-milei-no-corresponde-que-nos-responsabilice\/","name":"LOS GOBERNADORES DE JUNTOS POR EL CAMBIO LE RESPONDIERON A MILEI: \u201cNO CORRESPONDE QUE NOS RESPONSABILICE\u201d - Apuntes de San Luis","isPartOf":{"@id":"https:\/\/apuntesdesanluis.com\/#website"},"primaryImageOfPage":{"@id":"https:\/\/apuntesdesanluis.com\/index.php\/2024\/02\/07\/los-gobernadores-de-juntos-por-el-cambio-le-respondieron-a-milei-no-corresponde-que-nos-responsabilice\/#primaryimage"},"image":{"@id":"https:\/\/apuntesdesanluis.com\/index.php\/2024\/02\/07\/los-gobernadores-de-juntos-por-el-cambio-le-respondieron-a-milei-no-corresponde-que-nos-responsabilice\/#primaryimage"},"thumbnailUrl":"https:\/\/apuntesdesanluis.com\/wp-content\/uploads\/2024\/02\/gobernadores-de-jxc.png","datePublished":"2024-02-07T03:59:27+00:00","breadcrumb":{"@id":"https:\/\/apuntesdesanluis.com\/index.php\/2024\/02\/07\/los-gobernadores-de-juntos-por-el-cambio-le-respondieron-a-milei-no-corresponde-que-nos-responsabilice\/#breadcrumb"},"inLanguage":"es-AR","potentialAction":[{"@type":"ReadAction","target":["https:\/\/apuntesdesanluis.com\/index.php\/2024\/02\/07\/los-gobernadores-de-juntos-por-el-cambio-le-respondieron-a-milei-no-corresponde-que-nos-responsabilice\/"]}]},{"@type":"ImageObject","inLanguage":"es-AR","@id":"https:\/\/apuntesdesanluis.com\/index.php\/2024\/02\/07\/los-gobernadores-de-juntos-por-el-cambio-le-respondieron-a-milei-no-corresponde-que-nos-responsabilice\/#primaryimage","url":"https:\/\/apuntesdesanluis.com\/wp-content\/uploads\/2024\/02\/gobernadores-de-jxc.png","contentUrl":"https:\/\/apuntesdesanluis.com\/wp-content\/uploads\/2024\/02\/gobernadores-de-jxc.png","width":616,"height":385},{"@type":"BreadcrumbList","@id":"https:\/\/apuntesdesanluis.com\/index.php\/2024\/02\/07\/los-gobernadores-de-juntos-por-el-cambio-le-respondieron-a-milei-no-corresponde-que-nos-responsabilice\/#breadcrumb","itemListElement":[{"@type":"ListItem","position":1,"name":"Inicio","item":"https:\/\/apuntesdesanluis.com\/"},{"@type":"ListItem","position":2,"name":"LOS GOBERNADORES DE JUNTOS POR EL CAMBIO LE RESPONDIERON A MILEI: \u201cNO CORRESPONDE QUE NOS RESPONSABILICE\u201d"}]},{"@type":"WebSite","@id":"https:\/\/apuntesdesanluis.com\/#website","url":"https:\/\/apuntesdesanluis.com\/","name":"Apuntes de San Luis","description":"","publisher":{"@id":"https:\/\/apuntesdesanluis.com\/#\/schema\/person\/b55151d52296fcce64d1a72538a70b90"},"potentialAction":[{"@type":"SearchAction","target":{"@type":"EntryPoint","urlTemplate":"https:\/\/apuntesdesanluis.com\/?s={search_term_string}"},"query-input":{"@type":"PropertyValueSpecification","valueRequired":true,"valueName":"search_term_string"}}],"inLanguage":"es-AR"},{"@type":["Person","Organization"],"@id":"https:\/\/apuntesdesanluis.com\/#\/schema\/person\/b55151d52296fcce64d1a72538a70b90","name":"apuntesdesanluis.com","image":{"@type":"ImageObject","inLanguage":"es-AR","@id":"https:\/\/apuntesdesanluis.com\/#\/schema\/person\/image\/","url":"https:\/\/apuntesdesanluis.com\/wp-content\/uploads\/2023\/07\/cropped-apuntesdesanluis.png","contentUrl":"https:\/\/apuntesdesanluis.com\/wp-content\/uploads\/2023\/07\/cropped-apuntesdesanluis.png","width":450,"height":112,"caption":"apuntesdesanluis.com"},"logo":{"@id":"https:\/\/apuntesdesanluis.com\/#\/schema\/person\/image\/"},"sameAs":["https:\/\/apuntesdesanluis.com"],"url":"https:\/\/apuntesdesanluis.com\/index.php\/author\/apuntesdesanluis-com\/"}]}},"featured_image_urls":{"full":["https:\/\/apuntesdesanluis.com\/wp-content\/uploads\/2024\/02\/gobernadores-de-jxc.png",616,385,false],"thumbnail":["https:\/\/apuntesdesanluis.com\/wp-content\/uploads\/2024\/02\/gobernadores-de-jxc-150x150.png",150,150,true],"medium":["https:\/\/apuntesdesanluis.com\/wp-content\/uploads\/2024\/02\/gobernadores-de-jxc-300x188.png",300,188,true],"medium_large":["https:\/\/apuntesdesanluis.com\/wp-content\/uploads\/2024\/02\/gobernadores-de-jxc.png",616,385,false],"large":["https:\/\/apuntesdesanluis.com\/wp-content\/uploads\/2024\/02\/gobernadores-de-jxc.png",616,385,false],"1536x1536":["https:\/\/apuntesdesanluis.com\/wp-content\/uploads\/2024\/02\/gobernadores-de-jxc.png",616,385,false],"2048x2048":["https:\/\/apuntesdesanluis.com\/wp-content\/uploads\/2024\/02\/gobernadores-de-jxc.png",616,385,false],"newsever-slider-full":["https:\/\/apuntesdesanluis.com\/wp-content\/uploads\/2024\/02\/gobernadores-de-jxc.png",616,385,false],"newsever-featured":["https:\/\/apuntesdesanluis.com\/wp-content\/uploads\/2024\/02\/gobernadores-de-jxc.png",616,385,false],"newsever-medium":["https:\/\/apuntesdesanluis.com\/wp-content\/uploads\/2024\/02\/gobernadores-de-jxc.png",616,385,false]},"author_info":{"display_name":"apuntesdesanluis.com","author_link":"https:\/\/apuntesdesanluis.com\/index.php\/author\/apuntesdesanluis-com\/"},"category_info":"<a href=\"https:\/\/apuntesdesanluis.com\/index.php\/category\/nacionales-internacionales\/\" rel=\"category tag\">Nacionales\/Internacionales<\/a>","tag_info":"Nacionales\/Internacionales","comment_count":"0","_links":{"self":[{"href":"https:\/\/apuntesdesanluis.com\/index.php\/wp-json\/wp\/v2\/posts\/11308","targetHints":{"allow":["GET"]}}],"collection":[{"href":"https:\/\/apuntesdesanluis.com\/index.php\/wp-json\/wp\/v2\/posts"}],"about":[{"href":"https:\/\/apuntesdesanluis.com\/index.php\/wp-json\/wp\/v2\/types\/post"}],"author":[{"embeddable":true,"href":"https:\/\/apuntesdesanluis.com\/index.php\/wp-json\/wp\/v2\/users\/1"}],"replies":[{"embeddable":true,"href":"https:\/\/apuntesdesanluis.com\/index.php\/wp-json\/wp\/v2\/comments?post=11308"}],"version-history":[{"count":1,"href":"https:\/\/apuntesdesanluis.com\/index.php\/wp-json\/wp\/v2\/posts\/11308\/revisions"}],"predecessor-version":[{"id":11311,"href":"https:\/\/apuntesdesanluis.com\/index.php\/wp-json\/wp\/v2\/posts\/11308\/revisions\/11311"}],"wp:featuredmedia":[{"embeddable":true,"href":"https:\/\/apuntesdesanluis.com\/index.php\/wp-json\/wp\/v2\/media\/11309"}],"wp:attachment":[{"href":"https:\/\/apuntesdesanluis.com\/index.php\/wp-json\/wp\/v2\/media?parent=11308"}],"wp:term":[{"taxonomy":"category","embeddable":true,"href":"https:\/\/apuntesdesanluis.com\/index.php\/wp-json\/wp\/v2\/categories?post=11308"},{"taxonomy":"post_tag","embeddable":true,"href":"https:\/\/apuntesdesanluis.com\/index.php\/wp-json\/wp\/v2\/tags?post=11308"}],"curies":[{"name":"wp","href":"https:\/\/api.w.org\/{rel}","templated":true}]}}