{"id":11323,"date":"2024-02-07T01:57:55","date_gmt":"2024-02-07T04:57:55","guid":{"rendered":"https:\/\/apuntesdesanluis.com\/?p=11323"},"modified":"2024-02-07T02:00:22","modified_gmt":"2024-02-07T05:00:22","slug":"francos-paso-un-mal-momento-cuando-le-explicaron-que-se-habia-caido-la-votacion-en-general","status":"publish","type":"post","link":"https:\/\/apuntesdesanluis.com\/index.php\/2024\/02\/07\/francos-paso-un-mal-momento-cuando-le-explicaron-que-se-habia-caido-la-votacion-en-general\/","title":{"rendered":"FRANCOS PAS\u00d3 UN MAL MOMENTO CUANDO LE EXPLICARON QUE SE HAB\u00cdA CA\u00cdDO LA VOTACI\u00d3N EN GENERAL"},"content":{"rendered":"<h3>El ministro del Interior <strong>Guillermo Francos<\/strong> pas\u00f3 un mal momento en La Naci\u00f3n+ cuando intent\u00f3 argumentar que la aprobaci\u00f3n en general de la Ley \u00d3mnibus segu\u00eda vigente, pese a la decisi\u00f3n del gobierno de volver a enviar a comisi\u00f3n el proyecto, dejando en evidencia su absoluto desconocimiento sobre las consecuencias de lo ocurrido.<\/h3>\n<h3>Justo en ese momento, en la se\u00f1al de noticias estaban debatiendo sobre si la votaci\u00f3n en general segu\u00eda vigente o no, por eso fue la primera pregunta al ministro del Interior.<\/h3>\n<h3>&#8220;El tratamiento en particular pas\u00f3 a comisi\u00f3n por propuesta de nuestro bloque. Entendemos que no tiene l\u00f3gica aprobar en general una ley y luego rechazar los art\u00edculos que le dan los instrumento al Ejecutivo&#8221;, argument\u00f3 Francos.<\/h3>\n<h3>Eduardo Feinmann le pregunt\u00f3 por el art\u00edculo 155 del reglamento y eso descoloc\u00f3 al ministro. &#8220;Ese art\u00edculo no dice lo que usted dice&#8221;, le dijo.<\/h3>\n<h3>&#8220;La ley en general est\u00e1 aprobada \u00bfEstamos de acuerdo en eso?&#8221;, lo apur\u00f3 Francos. &#8220;Si, yo estoy de acuerdo, pero el art\u00edculo 155 no dice eso&#8221;, le contest\u00f3 Feinmann. El ministro sigui\u00f3 argumentando: &#8220;lo que pas\u00f3 a comisi\u00f3n fue el tratamiento en particular&#8221;.<\/h3>\n<h3>Ah\u00ed lo interrumpi\u00f3 Pablo Rossi: &#8220;\u00bfMinistro, usted revis\u00f3 el art\u00edculo 155?&#8221;, lo apur\u00f3 y le pidi\u00f3 a un panelista que lea la norma. Feinmann volvi\u00f3 a preguntarle, consternado: &#8220;\u00bfUsted estaba al tanto de esto?&#8221;.<\/h3>\n<p><iframe title=\"Francos pas\u00f3 un mal momento cuando le explicaron que se hab\u00eda ca\u00eddo la votaci\u00f3n\u00a0en\u00a0general\" width=\"640\" height=\"360\" src=\"https:\/\/www.youtube.com\/embed\/MBLJk6bdWUo?feature=oembed\" frameborder=\"0\" allow=\"accelerometer; autoplay; clipboard-write; encrypted-media; gyroscope; picture-in-picture; web-share\" referrerpolicy=\"strict-origin-when-cross-origin\" allowfullscreen><\/iframe><\/p>\n<h3>Francos empez\u00f3 a dudar. &#8220;Los diputados de nuestro bloque pidieron el pase a comisi\u00f3n del proyecto supongo que habr\u00e1n considerando la norma que ustedes mencionan&#8221;, dijo.<\/h3>\n<h3>Rossi analiz\u00f3 el video oficial de Diputados y sac\u00f3 conclusiones: &#8220;Por la manera en que festej\u00f3 el kirchnerismo. Fue como si hubiesen ganado un mundial&#8221;, argument\u00f3.<\/h3>\n<h3>Francos pareci\u00f3 rendirse: &#8220;Bueno, la verdad es que no le puedo decir si es verdaderamente as\u00ed. Yo entend\u00ed que la aprobaci\u00f3n general de la ley ya estaba. Pero bueno, se mandar\u00e1 otro proyecto y se tratar\u00e1 nuevamente&#8221;, dijo.<\/h3>\n<h3>Seg\u00fan trascendi\u00f3, los cuestionamientos tras la fallida sesi\u00f3n recayeron en Francos y en Oscar Zago, el jefe de los diputados libertarios. Zago incluso pareci\u00f3 reconocer en una entrevista en televisi\u00f3n que fue un error volver el proyecto a comisi\u00f3n porque esa movida arrastr\u00f3 tambi\u00e9n la votaci\u00f3n en general.<\/h3>\n<h3><strong>ESC\u00c1NDALO<\/strong><\/h3>\n<h3>Por otro lado, la <strong>cuenta oficial de Presidencia<\/strong> public\u00f3 una lista negra de los diputados aliados que no votaron a favor de las privatizaciones e hicieron caer la ley \u00f3mnibus.<\/h3>\n<h3>En un hecho sin precedentes en democracia, el Gobierno difundi\u00f3 de manera oficial los nombres de los diputados que, de acuerdo a la presidencia, &#8220;votaron en contra del pueblo&#8221;.<\/h3>\n<h3>En la lista no aparecen los diputados de Uni\u00f3n por la Patria que se descontaba que votar\u00edan en contra sino los aliados que el Gobierno esperaba tener a su lado, como un sector mayoritario de la UCR, buena parte del bloque Hacemos y hasta la ex candidata a gobernadora bonaerense de La Libertad Avanza, Carolina P\u00edparo.<\/h3>\n<h3>&#8220;La Oficina del Presidente agradece el compromiso legislativo del bloque Frente PRO, encabezado por Cristian Ritondo, del diputado Miguel \u00c1ngel Pichetto, y del sector de la UCR que acompa\u00f1\u00f3 el proyecto, as\u00ed como a todos los diputados que este martes votaron a favor en particular de la &#8216;Ley de Bases y Puntos de Partida para la Libertad de los Argentinos'&#8221;, dice el comunicado.<\/h3>\n<h3>La segunda parte del texto que public\u00f3 la cuenta que manejan Los I\u00f1akis es la m\u00e1s pol\u00e9mica. &#8220;Tambi\u00e9n destaca la traici\u00f3n a sus votantes por parte de todos los bloques que le dieron la espalda a sus promesas de campa\u00f1a por una Argentina distinta. El pueblo jam\u00e1s olvidar\u00e1 los nombres de aquellos que, pudiendo facilitar las reformas que fueron elegidas por el 56% de los argentinos, decidieron seguir haci\u00e9ndole el juego a la casta&#8221;, dice el comunicado.<\/h3>\n<h3>Luego nombra uno por uno a los diputados que &#8220;votaron a favor del pueblo&#8221; y los distingue de quienes &#8220;votaron en contra del pueblo&#8221;.<\/h3>\n<h3>\u00a0&#8220;Este lamentable y fascista comunicado solo confirma que al gobierno nunca le interes\u00f3 que saliera la Ley y tampoco tiene ning\u00fan inter\u00e9s a que se trate en comisi\u00f3n&#8221;, replic\u00f3 el radical Mart\u00edn Tetaz.<\/h3>\n<p>&nbsp;<\/p>\n<p>&nbsp;<\/p>\n<p>&nbsp;<\/p>\n","protected":false},"excerpt":{"rendered":"<p>El ministro del Interior Guillermo Francos pas\u00f3 un mal momento en La Naci\u00f3n+ cuando intent\u00f3&#8230;<\/p>\n","protected":false},"author":1,"featured_media":11324,"comment_status":"closed","ping_status":"closed","sticky":false,"template":"","format":"standard","meta":{"footnotes":""},"categories":[5],"tags":[],"class_list":["post-11323","post","type-post","status-publish","format-standard","has-post-thumbnail","hentry","category-nacionales-internacionales"],"yoast_head":"<!-- This site is optimized with the Yoast SEO plugin v26.1.1 - https:\/\/yoast.com\/wordpress\/plugins\/seo\/ -->\n<title>FRANCOS PAS\u00d3 UN MAL MOMENTO CUANDO LE EXPLICARON QUE SE HAB\u00cdA CA\u00cdDO LA VOTACI\u00d3N EN GENERAL - Apuntes de San Luis<\/title>\n<meta name=\"robots\" content=\"index, follow, max-snippet:-1, max-image-preview:large, max-video-preview:-1\" \/>\n<link rel=\"canonical\" href=\"https:\/\/apuntesdesanluis.com\/index.php\/2024\/02\/07\/francos-paso-un-mal-momento-cuando-le-explicaron-que-se-habia-caido-la-votacion-en-general\/\" \/>\n<meta property=\"og:locale\" content=\"es_ES\" \/>\n<meta property=\"og:type\" content=\"article\" \/>\n<meta property=\"og:title\" content=\"FRANCOS PAS\u00d3 UN MAL MOMENTO CUANDO LE EXPLICARON QUE SE HAB\u00cdA CA\u00cdDO LA VOTACI\u00d3N EN GENERAL - Apuntes de San Luis\" \/>\n<meta property=\"og:description\" content=\"El ministro del Interior Guillermo Francos pas\u00f3 un mal momento en La Naci\u00f3n+ cuando intent\u00f3...\" \/>\n<meta property=\"og:url\" content=\"https:\/\/apuntesdesanluis.com\/index.php\/2024\/02\/07\/francos-paso-un-mal-momento-cuando-le-explicaron-que-se-habia-caido-la-votacion-en-general\/\" \/>\n<meta property=\"og:site_name\" content=\"Apuntes de San Luis\" \/>\n<meta property=\"article:published_time\" content=\"2024-02-07T04:57:55+00:00\" \/>\n<meta property=\"article:modified_time\" content=\"2024-02-07T05:00:22+00:00\" \/>\n<meta property=\"og:image\" content=\"https:\/\/apuntesdesanluis.com\/wp-content\/uploads\/2024\/02\/ENTREVISTA-1.png\" \/>\n\t<meta property=\"og:image:width\" content=\"721\" \/>\n\t<meta property=\"og:image:height\" content=\"385\" \/>\n\t<meta property=\"og:image:type\" content=\"image\/png\" \/>\n<meta name=\"author\" content=\"apuntesdesanluis.com\" \/>\n<meta name=\"twitter:card\" content=\"summary_large_image\" \/>\n<meta name=\"twitter:label1\" content=\"Escrito por\" \/>\n\t<meta name=\"twitter:data1\" content=\"apuntesdesanluis.com\" \/>\n\t<meta name=\"twitter:label2\" content=\"Tiempo de lectura\" \/>\n\t<meta name=\"twitter:data2\" content=\"4 minutos\" \/>\n<script type=\"application\/ld+json\" class=\"yoast-schema-graph\">{\"@context\":\"https:\/\/schema.org\",\"@graph\":[{\"@type\":\"Article\",\"@id\":\"https:\/\/apuntesdesanluis.com\/index.php\/2024\/02\/07\/francos-paso-un-mal-momento-cuando-le-explicaron-que-se-habia-caido-la-votacion-en-general\/#article\",\"isPartOf\":{\"@id\":\"https:\/\/apuntesdesanluis.com\/index.php\/2024\/02\/07\/francos-paso-un-mal-momento-cuando-le-explicaron-que-se-habia-caido-la-votacion-en-general\/\"},\"author\":{\"name\":\"apuntesdesanluis.com\",\"@id\":\"https:\/\/apuntesdesanluis.com\/#\/schema\/person\/b55151d52296fcce64d1a72538a70b90\"},\"headline\":\"FRANCOS PAS\u00d3 UN MAL MOMENTO CUANDO LE EXPLICARON QUE SE HAB\u00cdA CA\u00cdDO LA VOTACI\u00d3N EN GENERAL\",\"datePublished\":\"2024-02-07T04:57:55+00:00\",\"dateModified\":\"2024-02-07T05:00:22+00:00\",\"mainEntityOfPage\":{\"@id\":\"https:\/\/apuntesdesanluis.com\/index.php\/2024\/02\/07\/francos-paso-un-mal-momento-cuando-le-explicaron-que-se-habia-caido-la-votacion-en-general\/\"},\"wordCount\":739,\"publisher\":{\"@id\":\"https:\/\/apuntesdesanluis.com\/#\/schema\/person\/b55151d52296fcce64d1a72538a70b90\"},\"image\":{\"@id\":\"https:\/\/apuntesdesanluis.com\/index.php\/2024\/02\/07\/francos-paso-un-mal-momento-cuando-le-explicaron-que-se-habia-caido-la-votacion-en-general\/#primaryimage\"},\"thumbnailUrl\":\"https:\/\/apuntesdesanluis.com\/wp-content\/uploads\/2024\/02\/ENTREVISTA-1.png\",\"articleSection\":[\"Nacionales\/Internacionales\"],\"inLanguage\":\"es-AR\"},{\"@type\":\"WebPage\",\"@id\":\"https:\/\/apuntesdesanluis.com\/index.php\/2024\/02\/07\/francos-paso-un-mal-momento-cuando-le-explicaron-que-se-habia-caido-la-votacion-en-general\/\",\"url\":\"https:\/\/apuntesdesanluis.com\/index.php\/2024\/02\/07\/francos-paso-un-mal-momento-cuando-le-explicaron-que-se-habia-caido-la-votacion-en-general\/\",\"name\":\"FRANCOS PAS\u00d3 UN MAL MOMENTO CUANDO LE EXPLICARON QUE SE HAB\u00cdA CA\u00cdDO LA VOTACI\u00d3N EN GENERAL - Apuntes de San Luis\",\"isPartOf\":{\"@id\":\"https:\/\/apuntesdesanluis.com\/#website\"},\"primaryImageOfPage\":{\"@id\":\"https:\/\/apuntesdesanluis.com\/index.php\/2024\/02\/07\/francos-paso-un-mal-momento-cuando-le-explicaron-que-se-habia-caido-la-votacion-en-general\/#primaryimage\"},\"image\":{\"@id\":\"https:\/\/apuntesdesanluis.com\/index.php\/2024\/02\/07\/francos-paso-un-mal-momento-cuando-le-explicaron-que-se-habia-caido-la-votacion-en-general\/#primaryimage\"},\"thumbnailUrl\":\"https:\/\/apuntesdesanluis.com\/wp-content\/uploads\/2024\/02\/ENTREVISTA-1.png\",\"datePublished\":\"2024-02-07T04:57:55+00:00\",\"dateModified\":\"2024-02-07T05:00:22+00:00\",\"breadcrumb\":{\"@id\":\"https:\/\/apuntesdesanluis.com\/index.php\/2024\/02\/07\/francos-paso-un-mal-momento-cuando-le-explicaron-que-se-habia-caido-la-votacion-en-general\/#breadcrumb\"},\"inLanguage\":\"es-AR\",\"potentialAction\":[{\"@type\":\"ReadAction\",\"target\":[\"https:\/\/apuntesdesanluis.com\/index.php\/2024\/02\/07\/francos-paso-un-mal-momento-cuando-le-explicaron-que-se-habia-caido-la-votacion-en-general\/\"]}]},{\"@type\":\"ImageObject\",\"inLanguage\":\"es-AR\",\"@id\":\"https:\/\/apuntesdesanluis.com\/index.php\/2024\/02\/07\/francos-paso-un-mal-momento-cuando-le-explicaron-que-se-habia-caido-la-votacion-en-general\/#primaryimage\",\"url\":\"https:\/\/apuntesdesanluis.com\/wp-content\/uploads\/2024\/02\/ENTREVISTA-1.png\",\"contentUrl\":\"https:\/\/apuntesdesanluis.com\/wp-content\/uploads\/2024\/02\/ENTREVISTA-1.png\",\"width\":721,\"height\":385},{\"@type\":\"BreadcrumbList\",\"@id\":\"https:\/\/apuntesdesanluis.com\/index.php\/2024\/02\/07\/francos-paso-un-mal-momento-cuando-le-explicaron-que-se-habia-caido-la-votacion-en-general\/#breadcrumb\",\"itemListElement\":[{\"@type\":\"ListItem\",\"position\":1,\"name\":\"Inicio\",\"item\":\"https:\/\/apuntesdesanluis.com\/\"},{\"@type\":\"ListItem\",\"position\":2,\"name\":\"FRANCOS PAS\u00d3 UN MAL MOMENTO CUANDO LE EXPLICARON QUE SE HAB\u00cdA CA\u00cdDO LA VOTACI\u00d3N EN GENERAL\"}]},{\"@type\":\"WebSite\",\"@id\":\"https:\/\/apuntesdesanluis.com\/#website\",\"url\":\"https:\/\/apuntesdesanluis.com\/\",\"name\":\"Apuntes de San Luis\",\"description\":\"\",\"publisher\":{\"@id\":\"https:\/\/apuntesdesanluis.com\/#\/schema\/person\/b55151d52296fcce64d1a72538a70b90\"},\"potentialAction\":[{\"@type\":\"SearchAction\",\"target\":{\"@type\":\"EntryPoint\",\"urlTemplate\":\"https:\/\/apuntesdesanluis.com\/?s={search_term_string}\"},\"query-input\":{\"@type\":\"PropertyValueSpecification\",\"valueRequired\":true,\"valueName\":\"search_term_string\"}}],\"inLanguage\":\"es-AR\"},{\"@type\":[\"Person\",\"Organization\"],\"@id\":\"https:\/\/apuntesdesanluis.com\/#\/schema\/person\/b55151d52296fcce64d1a72538a70b90\",\"name\":\"apuntesdesanluis.com\",\"image\":{\"@type\":\"ImageObject\",\"inLanguage\":\"es-AR\",\"@id\":\"https:\/\/apuntesdesanluis.com\/#\/schema\/person\/image\/\",\"url\":\"https:\/\/apuntesdesanluis.com\/wp-content\/uploads\/2023\/07\/cropped-apuntesdesanluis.png\",\"contentUrl\":\"https:\/\/apuntesdesanluis.com\/wp-content\/uploads\/2023\/07\/cropped-apuntesdesanluis.png\",\"width\":450,\"height\":112,\"caption\":\"apuntesdesanluis.com\"},\"logo\":{\"@id\":\"https:\/\/apuntesdesanluis.com\/#\/schema\/person\/image\/\"},\"sameAs\":[\"https:\/\/apuntesdesanluis.com\"],\"url\":\"https:\/\/apuntesdesanluis.com\/index.php\/author\/apuntesdesanluis-com\/\"}]}<\/script>\n<!-- \/ Yoast SEO plugin. -->","yoast_head_json":{"title":"FRANCOS PAS\u00d3 UN MAL MOMENTO CUANDO LE EXPLICARON QUE SE HAB\u00cdA CA\u00cdDO LA VOTACI\u00d3N EN GENERAL - Apuntes de San Luis","robots":{"index":"index","follow":"follow","max-snippet":"max-snippet:-1","max-image-preview":"max-image-preview:large","max-video-preview":"max-video-preview:-1"},"canonical":"https:\/\/apuntesdesanluis.com\/index.php\/2024\/02\/07\/francos-paso-un-mal-momento-cuando-le-explicaron-que-se-habia-caido-la-votacion-en-general\/","og_locale":"es_ES","og_type":"article","og_title":"FRANCOS PAS\u00d3 UN MAL MOMENTO CUANDO LE EXPLICARON QUE SE HAB\u00cdA CA\u00cdDO LA VOTACI\u00d3N EN GENERAL - Apuntes de San Luis","og_description":"El ministro del Interior Guillermo Francos pas\u00f3 un mal momento en La Naci\u00f3n+ cuando intent\u00f3...","og_url":"https:\/\/apuntesdesanluis.com\/index.php\/2024\/02\/07\/francos-paso-un-mal-momento-cuando-le-explicaron-que-se-habia-caido-la-votacion-en-general\/","og_site_name":"Apuntes de San Luis","article_published_time":"2024-02-07T04:57:55+00:00","article_modified_time":"2024-02-07T05:00:22+00:00","og_image":[{"width":721,"height":385,"url":"https:\/\/apuntesdesanluis.com\/wp-content\/uploads\/2024\/02\/ENTREVISTA-1.png","type":"image\/png"}],"author":"apuntesdesanluis.com","twitter_card":"summary_large_image","twitter_misc":{"Escrito por":"apuntesdesanluis.com","Tiempo de lectura":"4 minutos"},"schema":{"@context":"https:\/\/schema.org","@graph":[{"@type":"Article","@id":"https:\/\/apuntesdesanluis.com\/index.php\/2024\/02\/07\/francos-paso-un-mal-momento-cuando-le-explicaron-que-se-habia-caido-la-votacion-en-general\/#article","isPartOf":{"@id":"https:\/\/apuntesdesanluis.com\/index.php\/2024\/02\/07\/francos-paso-un-mal-momento-cuando-le-explicaron-que-se-habia-caido-la-votacion-en-general\/"},"author":{"name":"apuntesdesanluis.com","@id":"https:\/\/apuntesdesanluis.com\/#\/schema\/person\/b55151d52296fcce64d1a72538a70b90"},"headline":"FRANCOS PAS\u00d3 UN MAL MOMENTO CUANDO LE EXPLICARON QUE SE HAB\u00cdA CA\u00cdDO LA VOTACI\u00d3N EN GENERAL","datePublished":"2024-02-07T04:57:55+00:00","dateModified":"2024-02-07T05:00:22+00:00","mainEntityOfPage":{"@id":"https:\/\/apuntesdesanluis.com\/index.php\/2024\/02\/07\/francos-paso-un-mal-momento-cuando-le-explicaron-que-se-habia-caido-la-votacion-en-general\/"},"wordCount":739,"publisher":{"@id":"https:\/\/apuntesdesanluis.com\/#\/schema\/person\/b55151d52296fcce64d1a72538a70b90"},"image":{"@id":"https:\/\/apuntesdesanluis.com\/index.php\/2024\/02\/07\/francos-paso-un-mal-momento-cuando-le-explicaron-que-se-habia-caido-la-votacion-en-general\/#primaryimage"},"thumbnailUrl":"https:\/\/apuntesdesanluis.com\/wp-content\/uploads\/2024\/02\/ENTREVISTA-1.png","articleSection":["Nacionales\/Internacionales"],"inLanguage":"es-AR"},{"@type":"WebPage","@id":"https:\/\/apuntesdesanluis.com\/index.php\/2024\/02\/07\/francos-paso-un-mal-momento-cuando-le-explicaron-que-se-habia-caido-la-votacion-en-general\/","url":"https:\/\/apuntesdesanluis.com\/index.php\/2024\/02\/07\/francos-paso-un-mal-momento-cuando-le-explicaron-que-se-habia-caido-la-votacion-en-general\/","name":"FRANCOS PAS\u00d3 UN MAL MOMENTO CUANDO LE EXPLICARON QUE SE HAB\u00cdA CA\u00cdDO LA VOTACI\u00d3N EN GENERAL - Apuntes de San Luis","isPartOf":{"@id":"https:\/\/apuntesdesanluis.com\/#website"},"primaryImageOfPage":{"@id":"https:\/\/apuntesdesanluis.com\/index.php\/2024\/02\/07\/francos-paso-un-mal-momento-cuando-le-explicaron-que-se-habia-caido-la-votacion-en-general\/#primaryimage"},"image":{"@id":"https:\/\/apuntesdesanluis.com\/index.php\/2024\/02\/07\/francos-paso-un-mal-momento-cuando-le-explicaron-que-se-habia-caido-la-votacion-en-general\/#primaryimage"},"thumbnailUrl":"https:\/\/apuntesdesanluis.com\/wp-content\/uploads\/2024\/02\/ENTREVISTA-1.png","datePublished":"2024-02-07T04:57:55+00:00","dateModified":"2024-02-07T05:00:22+00:00","breadcrumb":{"@id":"https:\/\/apuntesdesanluis.com\/index.php\/2024\/02\/07\/francos-paso-un-mal-momento-cuando-le-explicaron-que-se-habia-caido-la-votacion-en-general\/#breadcrumb"},"inLanguage":"es-AR","potentialAction":[{"@type":"ReadAction","target":["https:\/\/apuntesdesanluis.com\/index.php\/2024\/02\/07\/francos-paso-un-mal-momento-cuando-le-explicaron-que-se-habia-caido-la-votacion-en-general\/"]}]},{"@type":"ImageObject","inLanguage":"es-AR","@id":"https:\/\/apuntesdesanluis.com\/index.php\/2024\/02\/07\/francos-paso-un-mal-momento-cuando-le-explicaron-que-se-habia-caido-la-votacion-en-general\/#primaryimage","url":"https:\/\/apuntesdesanluis.com\/wp-content\/uploads\/2024\/02\/ENTREVISTA-1.png","contentUrl":"https:\/\/apuntesdesanluis.com\/wp-content\/uploads\/2024\/02\/ENTREVISTA-1.png","width":721,"height":385},{"@type":"BreadcrumbList","@id":"https:\/\/apuntesdesanluis.com\/index.php\/2024\/02\/07\/francos-paso-un-mal-momento-cuando-le-explicaron-que-se-habia-caido-la-votacion-en-general\/#breadcrumb","itemListElement":[{"@type":"ListItem","position":1,"name":"Inicio","item":"https:\/\/apuntesdesanluis.com\/"},{"@type":"ListItem","position":2,"name":"FRANCOS PAS\u00d3 UN MAL MOMENTO CUANDO LE EXPLICARON QUE SE HAB\u00cdA CA\u00cdDO LA VOTACI\u00d3N EN GENERAL"}]},{"@type":"WebSite","@id":"https:\/\/apuntesdesanluis.com\/#website","url":"https:\/\/apuntesdesanluis.com\/","name":"Apuntes de San Luis","description":"","publisher":{"@id":"https:\/\/apuntesdesanluis.com\/#\/schema\/person\/b55151d52296fcce64d1a72538a70b90"},"potentialAction":[{"@type":"SearchAction","target":{"@type":"EntryPoint","urlTemplate":"https:\/\/apuntesdesanluis.com\/?s={search_term_string}"},"query-input":{"@type":"PropertyValueSpecification","valueRequired":true,"valueName":"search_term_string"}}],"inLanguage":"es-AR"},{"@type":["Person","Organization"],"@id":"https:\/\/apuntesdesanluis.com\/#\/schema\/person\/b55151d52296fcce64d1a72538a70b90","name":"apuntesdesanluis.com","image":{"@type":"ImageObject","inLanguage":"es-AR","@id":"https:\/\/apuntesdesanluis.com\/#\/schema\/person\/image\/","url":"https:\/\/apuntesdesanluis.com\/wp-content\/uploads\/2023\/07\/cropped-apuntesdesanluis.png","contentUrl":"https:\/\/apuntesdesanluis.com\/wp-content\/uploads\/2023\/07\/cropped-apuntesdesanluis.png","width":450,"height":112,"caption":"apuntesdesanluis.com"},"logo":{"@id":"https:\/\/apuntesdesanluis.com\/#\/schema\/person\/image\/"},"sameAs":["https:\/\/apuntesdesanluis.com"],"url":"https:\/\/apuntesdesanluis.com\/index.php\/author\/apuntesdesanluis-com\/"}]}},"featured_image_urls":{"full":["https:\/\/apuntesdesanluis.com\/wp-content\/uploads\/2024\/02\/ENTREVISTA-1.png",721,385,false],"thumbnail":["https:\/\/apuntesdesanluis.com\/wp-content\/uploads\/2024\/02\/ENTREVISTA-1-150x150.png",150,150,true],"medium":["https:\/\/apuntesdesanluis.com\/wp-content\/uploads\/2024\/02\/ENTREVISTA-1-300x160.png",300,160,true],"medium_large":["https:\/\/apuntesdesanluis.com\/wp-content\/uploads\/2024\/02\/ENTREVISTA-1.png",640,342,false],"large":["https:\/\/apuntesdesanluis.com\/wp-content\/uploads\/2024\/02\/ENTREVISTA-1.png",640,342,false],"1536x1536":["https:\/\/apuntesdesanluis.com\/wp-content\/uploads\/2024\/02\/ENTREVISTA-1.png",721,385,false],"2048x2048":["https:\/\/apuntesdesanluis.com\/wp-content\/uploads\/2024\/02\/ENTREVISTA-1.png",721,385,false],"newsever-slider-full":["https:\/\/apuntesdesanluis.com\/wp-content\/uploads\/2024\/02\/ENTREVISTA-1.png",721,385,false],"newsever-featured":["https:\/\/apuntesdesanluis.com\/wp-content\/uploads\/2024\/02\/ENTREVISTA-1.png",721,385,false],"newsever-medium":["https:\/\/apuntesdesanluis.com\/wp-content\/uploads\/2024\/02\/ENTREVISTA-1.png",720,384,false]},"author_info":{"display_name":"apuntesdesanluis.com","author_link":"https:\/\/apuntesdesanluis.com\/index.php\/author\/apuntesdesanluis-com\/"},"category_info":"<a href=\"https:\/\/apuntesdesanluis.com\/index.php\/category\/nacionales-internacionales\/\" rel=\"category tag\">Nacionales\/Internacionales<\/a>","tag_info":"Nacionales\/Internacionales","comment_count":"0","_links":{"self":[{"href":"https:\/\/apuntesdesanluis.com\/index.php\/wp-json\/wp\/v2\/posts\/11323","targetHints":{"allow":["GET"]}}],"collection":[{"href":"https:\/\/apuntesdesanluis.com\/index.php\/wp-json\/wp\/v2\/posts"}],"about":[{"href":"https:\/\/apuntesdesanluis.com\/index.php\/wp-json\/wp\/v2\/types\/post"}],"author":[{"embeddable":true,"href":"https:\/\/apuntesdesanluis.com\/index.php\/wp-json\/wp\/v2\/users\/1"}],"replies":[{"embeddable":true,"href":"https:\/\/apuntesdesanluis.com\/index.php\/wp-json\/wp\/v2\/comments?post=11323"}],"version-history":[{"count":3,"href":"https:\/\/apuntesdesanluis.com\/index.php\/wp-json\/wp\/v2\/posts\/11323\/revisions"}],"predecessor-version":[{"id":11327,"href":"https:\/\/apuntesdesanluis.com\/index.php\/wp-json\/wp\/v2\/posts\/11323\/revisions\/11327"}],"wp:featuredmedia":[{"embeddable":true,"href":"https:\/\/apuntesdesanluis.com\/index.php\/wp-json\/wp\/v2\/media\/11324"}],"wp:attachment":[{"href":"https:\/\/apuntesdesanluis.com\/index.php\/wp-json\/wp\/v2\/media?parent=11323"}],"wp:term":[{"taxonomy":"category","embeddable":true,"href":"https:\/\/apuntesdesanluis.com\/index.php\/wp-json\/wp\/v2\/categories?post=11323"},{"taxonomy":"post_tag","embeddable":true,"href":"https:\/\/apuntesdesanluis.com\/index.php\/wp-json\/wp\/v2\/tags?post=11323"}],"curies":[{"name":"wp","href":"https:\/\/api.w.org\/{rel}","templated":true}]}}