{"id":11328,"date":"2024-02-07T02:10:56","date_gmt":"2024-02-07T05:10:56","guid":{"rendered":"https:\/\/apuntesdesanluis.com\/?p=11328"},"modified":"2024-02-07T02:12:25","modified_gmt":"2024-02-07T05:12:25","slug":"sacado-milei-dice-que-va-a-llamar-a-un-plebiscito-y-gobernar-por-decreto","status":"publish","type":"post","link":"https:\/\/apuntesdesanluis.com\/index.php\/2024\/02\/07\/sacado-milei-dice-que-va-a-llamar-a-un-plebiscito-y-gobernar-por-decreto\/","title":{"rendered":"SACADO, MILEI DICE QUE VA A LLAMAR A UN PLEBISCITO Y GOBERNAR POR DECRETO"},"content":{"rendered":"<h3>Desde la madrugada israel\u00ed, el presidente se puso a dar me gusta a tuits que proponen una &#8220;guerra&#8221; luego de la derrota en el Congreso.<\/h3>\n<h3><strong>Javier Milei<\/strong> entr\u00f3 en emoci\u00f3n violenta luego de la derrota catastr\u00f3fica que le propin\u00f3 el Congreso con su ley \u00f3mnibus y ahora hablar de llamar a un plebiscito.<\/h3>\n<h3>Desde la madrugada de Israel, el presidente tuite\u00f3 enardecido contra &#8220;la casta&#8221; y luego se dispens\u00f3 con una bater\u00eda de likes en las que hasta le suger\u00edan ir a la guerra y se refer\u00edan a los radicales como &#8220;las putitas del peronismo&#8221;.<\/h3>\n<h3>El primero que sugiri\u00f3 la consulta popular fue <strong>Guillermo Francos<\/strong>, que sali\u00f3 al aire de LN+ minutos despu\u00e9s de la derrota legislativa. All\u00ed, el ministro del Interior dijo que la ley volv\u00eda a comisi\u00f3n s\u00f3lo en particular porque ya hab\u00eda sido aprobada en general.<\/h3>\n<h3>Los periodistas <strong>Eduardo Feimann<\/strong> y <strong>Pablo Rossi<\/strong> lo corrigieron con amabilidad y le leyeron el art\u00edculo 155 del reglamento de la C\u00e1mara de Diputados, que confirmaba que la ley volv\u00eda entera. Francos reaccion\u00f3 y dijo que Milei hab\u00eda hablado de consulta popular si el Congreso le daba la espalda y adelant\u00f3 que gobernar\u00e1 por decreto. <strong>(Ver nota aparte)<\/strong><\/h3>\n<h3>Luego del ministro se sumaron m\u00e1s voces. El periodista <strong>Jony Viale<\/strong> dijo que Milei analizaba &#8220;seriamente&#8221; llamar a un plebiscito.<\/h3>\n<p><a href=\"https:\/\/twitter.com\/JMilei\/status\/1755009359061344268?ref_src=twsrc%5Etfw%7Ctwcamp%5Etweetembed%7Ctwterm%5E1755009359061344268%7Ctwgr%5Ec68b3acebe36b16d1863623dc1bf10bfc0e9d08a%7Ctwcon%5Es1_&amp;ref_url=https%3A%2F%2Fwww.lapoliticaonline.com%2Fpolitica%2Fsacado-milei-dice-que-va-a-llamar-a-un-plebiscito-y-gobernar-por-decreto%2F\" target=\"_blank\" rel=\"noopener\"><img fetchpriority=\"high\" decoding=\"async\" class=\"wp-image-11330 aligncenter\" src=\"https:\/\/apuntesdesanluis.com\/wp-content\/uploads\/2024\/02\/MILEI-POSTEO-300x244.png\" alt=\"\" width=\"574\" height=\"467\" srcset=\"https:\/\/apuntesdesanluis.com\/wp-content\/uploads\/2024\/02\/MILEI-POSTEO-300x244.png 300w, https:\/\/apuntesdesanluis.com\/wp-content\/uploads\/2024\/02\/MILEI-POSTEO.png 454w\" sizes=\"(max-width: 574px) 100vw, 574px\" \/><\/a><\/p>\n<h3>Finalmente el propio Milei se puso a dar me gusta a las 2 am israel\u00ed y entre sus tuits seleccionados apareci\u00f3 uno que hablaba de &#8220;plebiscito vinculante y corta la bocha&#8221;.<\/h3>\n<h3>La Constituci\u00f3n Nacional establece en su art\u00edculo 40 que el presidente s\u00f3lo puede convocar a una consulta popular no vinculante, sin que el voto sea obligatorio. S\u00f3lo el Congreso puede convocar a una consulta popular para convertir un proyecto en ley.<\/h3>\n<h3>&#8220;Anda a la guerra Milei. Macri negoci\u00f3 y se lo cogieron. No se negocia con esta gente. No te pusimos para negociar cosas b\u00e1sicas como bulos o kioskos que Pichetto us\u00f3 como moneda de intercambio. Esto no es pol\u00edtica, esto es traici\u00f3n a la Argentina&#8221;, dice otro de los likes que aval\u00f3 Milei. (LPO)<\/h3>\n<p>&nbsp;<\/p>\n<h3><span style=\"color: #3366ff;\">NOTICIA RELACIONADA:<\/span><\/h3>\n<p><a href=\"https:\/\/apuntesdesanluis.com\/index.php\/2024\/02\/07\/francos-paso-un-mal-momento-cuando-le-explicaron-que-se-habia-caido-la-votacion-en-general\/\" target=\"_blank\" rel=\"noopener\"><img decoding=\"async\" class=\"alignnone wp-image-11329\" src=\"https:\/\/apuntesdesanluis.com\/wp-content\/uploads\/2024\/02\/POSTEO-2-300x234.png\" alt=\"\" width=\"413\" height=\"322\" srcset=\"https:\/\/apuntesdesanluis.com\/wp-content\/uploads\/2024\/02\/POSTEO-2-300x234.png 300w, https:\/\/apuntesdesanluis.com\/wp-content\/uploads\/2024\/02\/POSTEO-2.png 683w\" sizes=\"(max-width: 413px) 100vw, 413px\" \/><\/a><\/p>\n<p>&nbsp;<\/p>\n<p>&nbsp;<\/p>\n<p>&nbsp;<\/p>\n<p>&nbsp;<\/p>\n","protected":false},"excerpt":{"rendered":"<p>Desde la madrugada israel\u00ed, el presidente se puso a dar me gusta a tuits que&#8230;<\/p>\n","protected":false},"author":1,"featured_media":11331,"comment_status":"closed","ping_status":"closed","sticky":false,"template":"","format":"standard","meta":{"footnotes":""},"categories":[5],"tags":[],"class_list":["post-11328","post","type-post","status-publish","format-standard","has-post-thumbnail","hentry","category-nacionales-internacionales"],"yoast_head":"<!-- This site is optimized with the Yoast SEO plugin v26.1.1 - https:\/\/yoast.com\/wordpress\/plugins\/seo\/ -->\n<title>SACADO, MILEI DICE QUE VA A LLAMAR A UN PLEBISCITO Y GOBERNAR POR DECRETO - Apuntes de San Luis<\/title>\n<meta name=\"robots\" content=\"index, follow, max-snippet:-1, max-image-preview:large, max-video-preview:-1\" \/>\n<link rel=\"canonical\" href=\"https:\/\/apuntesdesanluis.com\/index.php\/2024\/02\/07\/sacado-milei-dice-que-va-a-llamar-a-un-plebiscito-y-gobernar-por-decreto\/\" \/>\n<meta property=\"og:locale\" content=\"es_ES\" \/>\n<meta property=\"og:type\" content=\"article\" \/>\n<meta property=\"og:title\" content=\"SACADO, MILEI DICE QUE VA A LLAMAR A UN PLEBISCITO Y GOBERNAR POR DECRETO - Apuntes de San Luis\" \/>\n<meta property=\"og:description\" content=\"Desde la madrugada israel\u00ed, el presidente se puso a dar me gusta a tuits que...\" \/>\n<meta property=\"og:url\" content=\"https:\/\/apuntesdesanluis.com\/index.php\/2024\/02\/07\/sacado-milei-dice-que-va-a-llamar-a-un-plebiscito-y-gobernar-por-decreto\/\" \/>\n<meta property=\"og:site_name\" content=\"Apuntes de San Luis\" \/>\n<meta property=\"article:published_time\" content=\"2024-02-07T05:10:56+00:00\" \/>\n<meta property=\"article:modified_time\" content=\"2024-02-07T05:12:25+00:00\" \/>\n<meta property=\"og:image\" content=\"https:\/\/apuntesdesanluis.com\/wp-content\/uploads\/2024\/02\/MILEI-EN-EL-MURO.png\" \/>\n\t<meta property=\"og:image:width\" content=\"746\" \/>\n\t<meta property=\"og:image:height\" content=\"457\" \/>\n\t<meta property=\"og:image:type\" content=\"image\/png\" \/>\n<meta name=\"author\" content=\"apuntesdesanluis.com\" \/>\n<meta name=\"twitter:card\" content=\"summary_large_image\" \/>\n<meta name=\"twitter:label1\" content=\"Escrito por\" \/>\n\t<meta name=\"twitter:data1\" content=\"apuntesdesanluis.com\" \/>\n\t<meta name=\"twitter:label2\" content=\"Tiempo de lectura\" \/>\n\t<meta name=\"twitter:data2\" content=\"2 minutos\" \/>\n<script type=\"application\/ld+json\" class=\"yoast-schema-graph\">{\"@context\":\"https:\/\/schema.org\",\"@graph\":[{\"@type\":\"Article\",\"@id\":\"https:\/\/apuntesdesanluis.com\/index.php\/2024\/02\/07\/sacado-milei-dice-que-va-a-llamar-a-un-plebiscito-y-gobernar-por-decreto\/#article\",\"isPartOf\":{\"@id\":\"https:\/\/apuntesdesanluis.com\/index.php\/2024\/02\/07\/sacado-milei-dice-que-va-a-llamar-a-un-plebiscito-y-gobernar-por-decreto\/\"},\"author\":{\"name\":\"apuntesdesanluis.com\",\"@id\":\"https:\/\/apuntesdesanluis.com\/#\/schema\/person\/b55151d52296fcce64d1a72538a70b90\"},\"headline\":\"SACADO, MILEI DICE QUE VA A LLAMAR A UN PLEBISCITO Y GOBERNAR POR DECRETO\",\"datePublished\":\"2024-02-07T05:10:56+00:00\",\"dateModified\":\"2024-02-07T05:12:25+00:00\",\"mainEntityOfPage\":{\"@id\":\"https:\/\/apuntesdesanluis.com\/index.php\/2024\/02\/07\/sacado-milei-dice-que-va-a-llamar-a-un-plebiscito-y-gobernar-por-decreto\/\"},\"wordCount\":383,\"publisher\":{\"@id\":\"https:\/\/apuntesdesanluis.com\/#\/schema\/person\/b55151d52296fcce64d1a72538a70b90\"},\"image\":{\"@id\":\"https:\/\/apuntesdesanluis.com\/index.php\/2024\/02\/07\/sacado-milei-dice-que-va-a-llamar-a-un-plebiscito-y-gobernar-por-decreto\/#primaryimage\"},\"thumbnailUrl\":\"https:\/\/apuntesdesanluis.com\/wp-content\/uploads\/2024\/02\/MILEI-EN-EL-MURO.png\",\"articleSection\":[\"Nacionales\/Internacionales\"],\"inLanguage\":\"es-AR\"},{\"@type\":\"WebPage\",\"@id\":\"https:\/\/apuntesdesanluis.com\/index.php\/2024\/02\/07\/sacado-milei-dice-que-va-a-llamar-a-un-plebiscito-y-gobernar-por-decreto\/\",\"url\":\"https:\/\/apuntesdesanluis.com\/index.php\/2024\/02\/07\/sacado-milei-dice-que-va-a-llamar-a-un-plebiscito-y-gobernar-por-decreto\/\",\"name\":\"SACADO, MILEI DICE QUE VA A LLAMAR A UN PLEBISCITO Y GOBERNAR POR DECRETO - Apuntes de San Luis\",\"isPartOf\":{\"@id\":\"https:\/\/apuntesdesanluis.com\/#website\"},\"primaryImageOfPage\":{\"@id\":\"https:\/\/apuntesdesanluis.com\/index.php\/2024\/02\/07\/sacado-milei-dice-que-va-a-llamar-a-un-plebiscito-y-gobernar-por-decreto\/#primaryimage\"},\"image\":{\"@id\":\"https:\/\/apuntesdesanluis.com\/index.php\/2024\/02\/07\/sacado-milei-dice-que-va-a-llamar-a-un-plebiscito-y-gobernar-por-decreto\/#primaryimage\"},\"thumbnailUrl\":\"https:\/\/apuntesdesanluis.com\/wp-content\/uploads\/2024\/02\/MILEI-EN-EL-MURO.png\",\"datePublished\":\"2024-02-07T05:10:56+00:00\",\"dateModified\":\"2024-02-07T05:12:25+00:00\",\"breadcrumb\":{\"@id\":\"https:\/\/apuntesdesanluis.com\/index.php\/2024\/02\/07\/sacado-milei-dice-que-va-a-llamar-a-un-plebiscito-y-gobernar-por-decreto\/#breadcrumb\"},\"inLanguage\":\"es-AR\",\"potentialAction\":[{\"@type\":\"ReadAction\",\"target\":[\"https:\/\/apuntesdesanluis.com\/index.php\/2024\/02\/07\/sacado-milei-dice-que-va-a-llamar-a-un-plebiscito-y-gobernar-por-decreto\/\"]}]},{\"@type\":\"ImageObject\",\"inLanguage\":\"es-AR\",\"@id\":\"https:\/\/apuntesdesanluis.com\/index.php\/2024\/02\/07\/sacado-milei-dice-que-va-a-llamar-a-un-plebiscito-y-gobernar-por-decreto\/#primaryimage\",\"url\":\"https:\/\/apuntesdesanluis.com\/wp-content\/uploads\/2024\/02\/MILEI-EN-EL-MURO.png\",\"contentUrl\":\"https:\/\/apuntesdesanluis.com\/wp-content\/uploads\/2024\/02\/MILEI-EN-EL-MURO.png\",\"width\":746,\"height\":457},{\"@type\":\"BreadcrumbList\",\"@id\":\"https:\/\/apuntesdesanluis.com\/index.php\/2024\/02\/07\/sacado-milei-dice-que-va-a-llamar-a-un-plebiscito-y-gobernar-por-decreto\/#breadcrumb\",\"itemListElement\":[{\"@type\":\"ListItem\",\"position\":1,\"name\":\"Inicio\",\"item\":\"https:\/\/apuntesdesanluis.com\/\"},{\"@type\":\"ListItem\",\"position\":2,\"name\":\"SACADO, MILEI DICE QUE VA A LLAMAR A UN PLEBISCITO Y GOBERNAR POR DECRETO\"}]},{\"@type\":\"WebSite\",\"@id\":\"https:\/\/apuntesdesanluis.com\/#website\",\"url\":\"https:\/\/apuntesdesanluis.com\/\",\"name\":\"Apuntes de San Luis\",\"description\":\"\",\"publisher\":{\"@id\":\"https:\/\/apuntesdesanluis.com\/#\/schema\/person\/b55151d52296fcce64d1a72538a70b90\"},\"potentialAction\":[{\"@type\":\"SearchAction\",\"target\":{\"@type\":\"EntryPoint\",\"urlTemplate\":\"https:\/\/apuntesdesanluis.com\/?s={search_term_string}\"},\"query-input\":{\"@type\":\"PropertyValueSpecification\",\"valueRequired\":true,\"valueName\":\"search_term_string\"}}],\"inLanguage\":\"es-AR\"},{\"@type\":[\"Person\",\"Organization\"],\"@id\":\"https:\/\/apuntesdesanluis.com\/#\/schema\/person\/b55151d52296fcce64d1a72538a70b90\",\"name\":\"apuntesdesanluis.com\",\"image\":{\"@type\":\"ImageObject\",\"inLanguage\":\"es-AR\",\"@id\":\"https:\/\/apuntesdesanluis.com\/#\/schema\/person\/image\/\",\"url\":\"https:\/\/apuntesdesanluis.com\/wp-content\/uploads\/2023\/07\/cropped-apuntesdesanluis.png\",\"contentUrl\":\"https:\/\/apuntesdesanluis.com\/wp-content\/uploads\/2023\/07\/cropped-apuntesdesanluis.png\",\"width\":450,\"height\":112,\"caption\":\"apuntesdesanluis.com\"},\"logo\":{\"@id\":\"https:\/\/apuntesdesanluis.com\/#\/schema\/person\/image\/\"},\"sameAs\":[\"https:\/\/apuntesdesanluis.com\"],\"url\":\"https:\/\/apuntesdesanluis.com\/index.php\/author\/apuntesdesanluis-com\/\"}]}<\/script>\n<!-- \/ Yoast SEO plugin. -->","yoast_head_json":{"title":"SACADO, MILEI DICE QUE VA A LLAMAR A UN PLEBISCITO Y GOBERNAR POR DECRETO - Apuntes de San Luis","robots":{"index":"index","follow":"follow","max-snippet":"max-snippet:-1","max-image-preview":"max-image-preview:large","max-video-preview":"max-video-preview:-1"},"canonical":"https:\/\/apuntesdesanluis.com\/index.php\/2024\/02\/07\/sacado-milei-dice-que-va-a-llamar-a-un-plebiscito-y-gobernar-por-decreto\/","og_locale":"es_ES","og_type":"article","og_title":"SACADO, MILEI DICE QUE VA A LLAMAR A UN PLEBISCITO Y GOBERNAR POR DECRETO - Apuntes de San Luis","og_description":"Desde la madrugada israel\u00ed, el presidente se puso a dar me gusta a tuits que...","og_url":"https:\/\/apuntesdesanluis.com\/index.php\/2024\/02\/07\/sacado-milei-dice-que-va-a-llamar-a-un-plebiscito-y-gobernar-por-decreto\/","og_site_name":"Apuntes de San Luis","article_published_time":"2024-02-07T05:10:56+00:00","article_modified_time":"2024-02-07T05:12:25+00:00","og_image":[{"width":746,"height":457,"url":"https:\/\/apuntesdesanluis.com\/wp-content\/uploads\/2024\/02\/MILEI-EN-EL-MURO.png","type":"image\/png"}],"author":"apuntesdesanluis.com","twitter_card":"summary_large_image","twitter_misc":{"Escrito por":"apuntesdesanluis.com","Tiempo de lectura":"2 minutos"},"schema":{"@context":"https:\/\/schema.org","@graph":[{"@type":"Article","@id":"https:\/\/apuntesdesanluis.com\/index.php\/2024\/02\/07\/sacado-milei-dice-que-va-a-llamar-a-un-plebiscito-y-gobernar-por-decreto\/#article","isPartOf":{"@id":"https:\/\/apuntesdesanluis.com\/index.php\/2024\/02\/07\/sacado-milei-dice-que-va-a-llamar-a-un-plebiscito-y-gobernar-por-decreto\/"},"author":{"name":"apuntesdesanluis.com","@id":"https:\/\/apuntesdesanluis.com\/#\/schema\/person\/b55151d52296fcce64d1a72538a70b90"},"headline":"SACADO, MILEI DICE QUE VA A LLAMAR A UN PLEBISCITO Y GOBERNAR POR DECRETO","datePublished":"2024-02-07T05:10:56+00:00","dateModified":"2024-02-07T05:12:25+00:00","mainEntityOfPage":{"@id":"https:\/\/apuntesdesanluis.com\/index.php\/2024\/02\/07\/sacado-milei-dice-que-va-a-llamar-a-un-plebiscito-y-gobernar-por-decreto\/"},"wordCount":383,"publisher":{"@id":"https:\/\/apuntesdesanluis.com\/#\/schema\/person\/b55151d52296fcce64d1a72538a70b90"},"image":{"@id":"https:\/\/apuntesdesanluis.com\/index.php\/2024\/02\/07\/sacado-milei-dice-que-va-a-llamar-a-un-plebiscito-y-gobernar-por-decreto\/#primaryimage"},"thumbnailUrl":"https:\/\/apuntesdesanluis.com\/wp-content\/uploads\/2024\/02\/MILEI-EN-EL-MURO.png","articleSection":["Nacionales\/Internacionales"],"inLanguage":"es-AR"},{"@type":"WebPage","@id":"https:\/\/apuntesdesanluis.com\/index.php\/2024\/02\/07\/sacado-milei-dice-que-va-a-llamar-a-un-plebiscito-y-gobernar-por-decreto\/","url":"https:\/\/apuntesdesanluis.com\/index.php\/2024\/02\/07\/sacado-milei-dice-que-va-a-llamar-a-un-plebiscito-y-gobernar-por-decreto\/","name":"SACADO, MILEI DICE QUE VA A LLAMAR A UN PLEBISCITO Y GOBERNAR POR DECRETO - Apuntes de San Luis","isPartOf":{"@id":"https:\/\/apuntesdesanluis.com\/#website"},"primaryImageOfPage":{"@id":"https:\/\/apuntesdesanluis.com\/index.php\/2024\/02\/07\/sacado-milei-dice-que-va-a-llamar-a-un-plebiscito-y-gobernar-por-decreto\/#primaryimage"},"image":{"@id":"https:\/\/apuntesdesanluis.com\/index.php\/2024\/02\/07\/sacado-milei-dice-que-va-a-llamar-a-un-plebiscito-y-gobernar-por-decreto\/#primaryimage"},"thumbnailUrl":"https:\/\/apuntesdesanluis.com\/wp-content\/uploads\/2024\/02\/MILEI-EN-EL-MURO.png","datePublished":"2024-02-07T05:10:56+00:00","dateModified":"2024-02-07T05:12:25+00:00","breadcrumb":{"@id":"https:\/\/apuntesdesanluis.com\/index.php\/2024\/02\/07\/sacado-milei-dice-que-va-a-llamar-a-un-plebiscito-y-gobernar-por-decreto\/#breadcrumb"},"inLanguage":"es-AR","potentialAction":[{"@type":"ReadAction","target":["https:\/\/apuntesdesanluis.com\/index.php\/2024\/02\/07\/sacado-milei-dice-que-va-a-llamar-a-un-plebiscito-y-gobernar-por-decreto\/"]}]},{"@type":"ImageObject","inLanguage":"es-AR","@id":"https:\/\/apuntesdesanluis.com\/index.php\/2024\/02\/07\/sacado-milei-dice-que-va-a-llamar-a-un-plebiscito-y-gobernar-por-decreto\/#primaryimage","url":"https:\/\/apuntesdesanluis.com\/wp-content\/uploads\/2024\/02\/MILEI-EN-EL-MURO.png","contentUrl":"https:\/\/apuntesdesanluis.com\/wp-content\/uploads\/2024\/02\/MILEI-EN-EL-MURO.png","width":746,"height":457},{"@type":"BreadcrumbList","@id":"https:\/\/apuntesdesanluis.com\/index.php\/2024\/02\/07\/sacado-milei-dice-que-va-a-llamar-a-un-plebiscito-y-gobernar-por-decreto\/#breadcrumb","itemListElement":[{"@type":"ListItem","position":1,"name":"Inicio","item":"https:\/\/apuntesdesanluis.com\/"},{"@type":"ListItem","position":2,"name":"SACADO, MILEI DICE QUE VA A LLAMAR A UN PLEBISCITO Y GOBERNAR POR DECRETO"}]},{"@type":"WebSite","@id":"https:\/\/apuntesdesanluis.com\/#website","url":"https:\/\/apuntesdesanluis.com\/","name":"Apuntes de San Luis","description":"","publisher":{"@id":"https:\/\/apuntesdesanluis.com\/#\/schema\/person\/b55151d52296fcce64d1a72538a70b90"},"potentialAction":[{"@type":"SearchAction","target":{"@type":"EntryPoint","urlTemplate":"https:\/\/apuntesdesanluis.com\/?s={search_term_string}"},"query-input":{"@type":"PropertyValueSpecification","valueRequired":true,"valueName":"search_term_string"}}],"inLanguage":"es-AR"},{"@type":["Person","Organization"],"@id":"https:\/\/apuntesdesanluis.com\/#\/schema\/person\/b55151d52296fcce64d1a72538a70b90","name":"apuntesdesanluis.com","image":{"@type":"ImageObject","inLanguage":"es-AR","@id":"https:\/\/apuntesdesanluis.com\/#\/schema\/person\/image\/","url":"https:\/\/apuntesdesanluis.com\/wp-content\/uploads\/2023\/07\/cropped-apuntesdesanluis.png","contentUrl":"https:\/\/apuntesdesanluis.com\/wp-content\/uploads\/2023\/07\/cropped-apuntesdesanluis.png","width":450,"height":112,"caption":"apuntesdesanluis.com"},"logo":{"@id":"https:\/\/apuntesdesanluis.com\/#\/schema\/person\/image\/"},"sameAs":["https:\/\/apuntesdesanluis.com"],"url":"https:\/\/apuntesdesanluis.com\/index.php\/author\/apuntesdesanluis-com\/"}]}},"featured_image_urls":{"full":["https:\/\/apuntesdesanluis.com\/wp-content\/uploads\/2024\/02\/MILEI-EN-EL-MURO.png",746,457,false],"thumbnail":["https:\/\/apuntesdesanluis.com\/wp-content\/uploads\/2024\/02\/MILEI-EN-EL-MURO-150x150.png",150,150,true],"medium":["https:\/\/apuntesdesanluis.com\/wp-content\/uploads\/2024\/02\/MILEI-EN-EL-MURO-300x184.png",300,184,true],"medium_large":["https:\/\/apuntesdesanluis.com\/wp-content\/uploads\/2024\/02\/MILEI-EN-EL-MURO.png",640,392,false],"large":["https:\/\/apuntesdesanluis.com\/wp-content\/uploads\/2024\/02\/MILEI-EN-EL-MURO.png",640,392,false],"1536x1536":["https:\/\/apuntesdesanluis.com\/wp-content\/uploads\/2024\/02\/MILEI-EN-EL-MURO.png",746,457,false],"2048x2048":["https:\/\/apuntesdesanluis.com\/wp-content\/uploads\/2024\/02\/MILEI-EN-EL-MURO.png",746,457,false],"newsever-slider-full":["https:\/\/apuntesdesanluis.com\/wp-content\/uploads\/2024\/02\/MILEI-EN-EL-MURO.png",746,457,false],"newsever-featured":["https:\/\/apuntesdesanluis.com\/wp-content\/uploads\/2024\/02\/MILEI-EN-EL-MURO.png",746,457,false],"newsever-medium":["https:\/\/apuntesdesanluis.com\/wp-content\/uploads\/2024\/02\/MILEI-EN-EL-MURO-720x457.png",720,457,true]},"author_info":{"display_name":"apuntesdesanluis.com","author_link":"https:\/\/apuntesdesanluis.com\/index.php\/author\/apuntesdesanluis-com\/"},"category_info":"<a href=\"https:\/\/apuntesdesanluis.com\/index.php\/category\/nacionales-internacionales\/\" rel=\"category tag\">Nacionales\/Internacionales<\/a>","tag_info":"Nacionales\/Internacionales","comment_count":"0","_links":{"self":[{"href":"https:\/\/apuntesdesanluis.com\/index.php\/wp-json\/wp\/v2\/posts\/11328","targetHints":{"allow":["GET"]}}],"collection":[{"href":"https:\/\/apuntesdesanluis.com\/index.php\/wp-json\/wp\/v2\/posts"}],"about":[{"href":"https:\/\/apuntesdesanluis.com\/index.php\/wp-json\/wp\/v2\/types\/post"}],"author":[{"embeddable":true,"href":"https:\/\/apuntesdesanluis.com\/index.php\/wp-json\/wp\/v2\/users\/1"}],"replies":[{"embeddable":true,"href":"https:\/\/apuntesdesanluis.com\/index.php\/wp-json\/wp\/v2\/comments?post=11328"}],"version-history":[{"count":4,"href":"https:\/\/apuntesdesanluis.com\/index.php\/wp-json\/wp\/v2\/posts\/11328\/revisions"}],"predecessor-version":[{"id":11335,"href":"https:\/\/apuntesdesanluis.com\/index.php\/wp-json\/wp\/v2\/posts\/11328\/revisions\/11335"}],"wp:featuredmedia":[{"embeddable":true,"href":"https:\/\/apuntesdesanluis.com\/index.php\/wp-json\/wp\/v2\/media\/11331"}],"wp:attachment":[{"href":"https:\/\/apuntesdesanluis.com\/index.php\/wp-json\/wp\/v2\/media?parent=11328"}],"wp:term":[{"taxonomy":"category","embeddable":true,"href":"https:\/\/apuntesdesanluis.com\/index.php\/wp-json\/wp\/v2\/categories?post=11328"},{"taxonomy":"post_tag","embeddable":true,"href":"https:\/\/apuntesdesanluis.com\/index.php\/wp-json\/wp\/v2\/tags?post=11328"}],"curies":[{"name":"wp","href":"https:\/\/api.w.org\/{rel}","templated":true}]}}