{"id":11339,"date":"2024-02-07T14:49:51","date_gmt":"2024-02-07T17:49:51","guid":{"rendered":"https:\/\/apuntesdesanluis.com\/?p=11339"},"modified":"2024-02-07T14:49:51","modified_gmt":"2024-02-07T17:49:51","slug":"luis-caputo-aseguro-que-la-caida-de-la-ley-omnibus-no-afecta-el-programa-economico-del-gobierno","status":"publish","type":"post","link":"https:\/\/apuntesdesanluis.com\/index.php\/2024\/02\/07\/luis-caputo-aseguro-que-la-caida-de-la-ley-omnibus-no-afecta-el-programa-economico-del-gobierno\/","title":{"rendered":"LUIS CAPUTO ASEGUR\u00d3 QUE LA CA\u00cdDA DE LA LEY \u00d3MNIBUS &#8220;NO AFECTA EL PROGRAMA ECON\u00d3MICO&#8221; DEL GOBIERNO"},"content":{"rendered":"<h3>El ministro de Econom\u00eda, <strong>Lu\u00eds Caputo<\/strong>, sostuvo que &#8220;la no aprobaci\u00f3n&#8221; de la Ley \u00d3mnibus, que este martes regres\u00f3 al pleno de comisiones luego de que fueran rechazados varios puntos claves de la legislaci\u00f3n, &#8220;no afecta en lo m\u00e1s m\u00ednimo&#8221; el programa econ\u00f3mico del gobierno de Javier Milei y el &#8220;compromiso de estabilizar las cuentas fiscales&#8221;.<\/h3>\n<h3>&#8220;Lo que pas\u00f3 ayer en el Congreso no afecta las cuentas a nivel nacional para alcanzar el equilibrio fiscal. Es muy poco lo que hemos puesto ah\u00ed que impacta en nuestros n\u00fameros fiscales&#8221;, asever\u00f3, en di\u00e1logo con La Naci\u00f3n +.<\/h3>\n<h3>En este sentido, remarc\u00f3 que se &#8220;hab\u00eda retirado el paquete fiscal de la ley&#8221; y que, incluso dentro del mismo, &#8220;la mayor parte del ajuste de las cuentas fiscales ya estaban por fuera&#8221;.<\/h3>\n<h3>Adem\u00e1s, apunt\u00f3 duramente contra los diputados que votaron en contra del proyecto, tanto en el debate general como en el particular, donde finalmente se termin\u00f3 truncando la expectativa de La Libertad Avanza de que la iniciativa contin\u00fae su camino hacia el Senado. &#8220;No seremos pol\u00edticos, pero no somos tontos. Sabemos que luchamos contra un pu\u00f1ado de legisladores, la casta, que no quiere ning\u00fan cambio en Argentina. La posibilidad de que pasara lo que sucedi\u00f3 ayer, estaba&#8221;, dijo.<\/h3>\n<h3>&#8220;La ley no es para nosotros, sino para los argentinos; es para desregular, sacar el pie del Estado de la gente, eliminar kioscos, que pueda desarrollarse el potencial del sector privado&#8221;, agreg\u00f3 el funcionario.<\/h3>\n<h3>Respecto al panorama econ\u00f3mico, afirm\u00f3 que &#8220;las cosas han ido acompa\u00f1ando mucho m\u00e1s en funci\u00f3n de lo que se pensaba&#8221;. En l\u00ednea, revel\u00f3 que, en enero, &#8220;ya estamos en equilibrio financiero, y sin ley&#8221;, pese a ser &#8220;un mes financieramente m\u00e1s sensible porque est\u00e1 el pago de los intereses de la deuda&#8221;, algo que se efectu\u00f3 en las \u00faltimas horas y que hicieron disminuir las reservas del Banco Central.<\/h3>\n<h3>&#8220;LA INFLACI\u00d3N YA EST\u00c1 BAJANDO&#8221;<\/h3>\n<h3>Respecto a la suba de precios, proyect\u00f3 que la inflaci\u00f3n de enero, a difundirse los pr\u00f3ximos d\u00edas por parte del INDEC, &#8220;puede estar en torno al 20%&#8221; y asegur\u00f3 que &#8220;va a ser m\u00e1s baja en febrero y probablemente m\u00e1s baja en marzo&#8221;.<\/h3>\n<h3>&#8220;La inflaci\u00f3n ya est\u00e1 bajando. La mayor\u00eda de los economistas pronosticaban diciembre 30%, enero 30%, febrero 20%. En cambio, en diciembre fue de 25%, enero estar\u00e1 alrededor de 20% y febrero estar\u00e1 por debajo de 20%. Est\u00e1 viniendo significativamente por debajo de lo que se esperaba&#8221;, expres\u00f3.<\/h3>\n<h3>Esto, seg\u00fan el titular del Palacio de Hacienda, &#8220;es una se\u00f1al de que esto est\u00e1 funcionando, el ancla fiscal, el estar siendo fiscalmente disciplinados, el no estar imprimiendo pesos para financiar el Banco Central, el mejoramiento del balance del BCRA; todo eso est\u00e1 dando sus frutos y comprueba que estamos yendo por el camino correcto&#8221;.<\/h3>\n<h3>SUPERMERCADOS<\/h3>\n<h3>&#8220;Nos hace ser m\u00e1s optimistas de que probablemente vamos a tener un segundo semestre mucho m\u00e1s calmo, pero no hay que perder el norte, el rumbo, ya que somos un paciente adicto al d\u00e9ficit y estamos en rehabilitaci\u00f3n&#8221;, advirti\u00f3 Caputo, quien puntualiz\u00f3: &#8220;Nosotros vamos a cuidar el peso, vamos a emitir cada vez menos, y la gente va a cuidar los precios. De hecho ya lo est\u00e1 haciendo&#8221;.<\/h3>\n<h3>Adem\u00e1s, el funcionario consider\u00f3 que la actual administraci\u00f3n hered\u00f3 &#8220;la peor situaci\u00f3n econ\u00f3mica de la historia&#8221;. &#8220;No s\u00f3lo porque se estaba al borde de una hiperinflaci\u00f3n, por los pasivos remunerados, d\u00e9ficit de 15 puntos entre fiscal y cuasi fiscal y la deuda comercial, sino tambi\u00e9n esa inflaci\u00f3n reprimida que hab\u00eda en alimentos, tarifas y tipos de cambio congelados&#8221;, argument\u00f3.<\/h3>\n<h3>&#8220;Todo eso de entrada, el sinceramiento de los precios, se refleja inmediatamente en inflaci\u00f3n, pero no hay otra forma de resolverlo&#8221;, sostuvo el ministro, tras lo cual consider\u00f3 que &#8220;la gente entiende y sabe que va a hacer dif\u00edcil&#8221;.<\/h3>\n<h3>&#8220;LOS JUBILADOS SON PARTE DEL ESFUERZO&#8221;<\/h3>\n<h3>Por \u00faltimo, y consultado sobre las jubilaciones y el impacto de las medidas en el sector social y econ\u00f3micamente vulnerable, Caputo consider\u00f3 que &#8220;todos est\u00e1n haciendo un esfuerzo enorme y los jubilados son parte de eso&#8221;. Sin embargo, recalc\u00f3 que &#8220;han sufrido toda la administraci\u00f3n anterior, donde sus haberes cayeron entre un 15% y un 40%, desfavorecidos por una f\u00f3rmula que no sirve&#8221;.<\/h3>\n<h3>Sobre esto \u00faltimo, anticip\u00f3: &#8220;Estamos mucho m\u00e1s cerca con la oposici\u00f3n de llegar a una f\u00f3rmula mucho m\u00e1s razonable y favorable para los jubilados y eso se va a lograr prontamente&#8221;.<\/h3>\n<h3>Cabe remarcar, en este sentido, que la Ley \u00d3mnibus planteaba una reforma previsional, con la eliminaci\u00f3n de la Ley de Movilidad Jubilatoria y la implementaci\u00f3n de una nueva actualizaci\u00f3n autom\u00e1tica por inflaci\u00f3n, desde abril. Sin embargo, tras su ca\u00edda, continuar\u00e1 en vigencia la f\u00f3rmula de movilidad jubilatoria actual.<\/h3>\n<h3>En la actualidad, la jubilaci\u00f3n m\u00ednima es de $105.712, n\u00famero que se alcanz\u00f3 tras el \u00faltimo incremento, del 20,8%, efectuado en diciembre. Por su parte, la Pensi\u00f3n No Contributiva (PNC) se cobra en torno a un b\u00e1sico de $73.999.<\/h3>\n<p>&nbsp;<\/p>\n<p>&nbsp;<\/p>\n<p>&nbsp;<\/p>\n<p>&nbsp;<\/p>\n","protected":false},"excerpt":{"rendered":"<p>El ministro de Econom\u00eda, Lu\u00eds Caputo, sostuvo que &#8220;la no aprobaci\u00f3n&#8221; de la Ley \u00d3mnibus,&#8230;<\/p>\n","protected":false},"author":1,"featured_media":8263,"comment_status":"closed","ping_status":"closed","sticky":false,"template":"","format":"standard","meta":{"footnotes":""},"categories":[5],"tags":[],"class_list":["post-11339","post","type-post","status-publish","format-standard","has-post-thumbnail","hentry","category-nacionales-internacionales"],"yoast_head":"<!-- This site is optimized with the Yoast SEO plugin v26.1.1 - https:\/\/yoast.com\/wordpress\/plugins\/seo\/ -->\n<title>LUIS CAPUTO ASEGUR\u00d3 QUE LA CA\u00cdDA DE LA LEY \u00d3MNIBUS &quot;NO AFECTA EL PROGRAMA ECON\u00d3MICO&quot; DEL GOBIERNO - Apuntes de San Luis<\/title>\n<meta name=\"robots\" content=\"index, follow, max-snippet:-1, max-image-preview:large, max-video-preview:-1\" \/>\n<link rel=\"canonical\" href=\"https:\/\/apuntesdesanluis.com\/index.php\/2024\/02\/07\/luis-caputo-aseguro-que-la-caida-de-la-ley-omnibus-no-afecta-el-programa-economico-del-gobierno\/\" \/>\n<meta property=\"og:locale\" content=\"es_ES\" \/>\n<meta property=\"og:type\" content=\"article\" \/>\n<meta property=\"og:title\" content=\"LUIS CAPUTO ASEGUR\u00d3 QUE LA CA\u00cdDA DE LA LEY \u00d3MNIBUS &quot;NO AFECTA EL PROGRAMA ECON\u00d3MICO&quot; DEL GOBIERNO - Apuntes de San Luis\" \/>\n<meta property=\"og:description\" content=\"El ministro de Econom\u00eda, Lu\u00eds Caputo, sostuvo que &#8220;la no aprobaci\u00f3n&#8221; de la Ley \u00d3mnibus,...\" \/>\n<meta property=\"og:url\" content=\"https:\/\/apuntesdesanluis.com\/index.php\/2024\/02\/07\/luis-caputo-aseguro-que-la-caida-de-la-ley-omnibus-no-afecta-el-programa-economico-del-gobierno\/\" \/>\n<meta property=\"og:site_name\" content=\"Apuntes de San Luis\" \/>\n<meta property=\"article:published_time\" content=\"2024-02-07T17:49:51+00:00\" \/>\n<meta property=\"og:image\" content=\"https:\/\/apuntesdesanluis.com\/wp-content\/uploads\/2023\/12\/CAPUTO.png\" \/>\n\t<meta property=\"og:image:width\" content=\"714\" \/>\n\t<meta property=\"og:image:height\" content=\"449\" \/>\n\t<meta property=\"og:image:type\" content=\"image\/png\" \/>\n<meta name=\"author\" content=\"apuntesdesanluis.com\" \/>\n<meta name=\"twitter:card\" content=\"summary_large_image\" \/>\n<meta name=\"twitter:label1\" content=\"Escrito por\" \/>\n\t<meta name=\"twitter:data1\" content=\"apuntesdesanluis.com\" \/>\n\t<meta name=\"twitter:label2\" content=\"Tiempo de lectura\" \/>\n\t<meta name=\"twitter:data2\" content=\"4 minutos\" \/>\n<script type=\"application\/ld+json\" class=\"yoast-schema-graph\">{\"@context\":\"https:\/\/schema.org\",\"@graph\":[{\"@type\":\"Article\",\"@id\":\"https:\/\/apuntesdesanluis.com\/index.php\/2024\/02\/07\/luis-caputo-aseguro-que-la-caida-de-la-ley-omnibus-no-afecta-el-programa-economico-del-gobierno\/#article\",\"isPartOf\":{\"@id\":\"https:\/\/apuntesdesanluis.com\/index.php\/2024\/02\/07\/luis-caputo-aseguro-que-la-caida-de-la-ley-omnibus-no-afecta-el-programa-economico-del-gobierno\/\"},\"author\":{\"name\":\"apuntesdesanluis.com\",\"@id\":\"https:\/\/apuntesdesanluis.com\/#\/schema\/person\/b55151d52296fcce64d1a72538a70b90\"},\"headline\":\"LUIS CAPUTO ASEGUR\u00d3 QUE LA CA\u00cdDA DE LA LEY \u00d3MNIBUS &#8220;NO AFECTA EL PROGRAMA ECON\u00d3MICO&#8221; DEL GOBIERNO\",\"datePublished\":\"2024-02-07T17:49:51+00:00\",\"mainEntityOfPage\":{\"@id\":\"https:\/\/apuntesdesanluis.com\/index.php\/2024\/02\/07\/luis-caputo-aseguro-que-la-caida-de-la-ley-omnibus-no-afecta-el-programa-economico-del-gobierno\/\"},\"wordCount\":890,\"publisher\":{\"@id\":\"https:\/\/apuntesdesanluis.com\/#\/schema\/person\/b55151d52296fcce64d1a72538a70b90\"},\"image\":{\"@id\":\"https:\/\/apuntesdesanluis.com\/index.php\/2024\/02\/07\/luis-caputo-aseguro-que-la-caida-de-la-ley-omnibus-no-afecta-el-programa-economico-del-gobierno\/#primaryimage\"},\"thumbnailUrl\":\"https:\/\/apuntesdesanluis.com\/wp-content\/uploads\/2023\/12\/CAPUTO.png\",\"articleSection\":[\"Nacionales\/Internacionales\"],\"inLanguage\":\"es-AR\"},{\"@type\":\"WebPage\",\"@id\":\"https:\/\/apuntesdesanluis.com\/index.php\/2024\/02\/07\/luis-caputo-aseguro-que-la-caida-de-la-ley-omnibus-no-afecta-el-programa-economico-del-gobierno\/\",\"url\":\"https:\/\/apuntesdesanluis.com\/index.php\/2024\/02\/07\/luis-caputo-aseguro-que-la-caida-de-la-ley-omnibus-no-afecta-el-programa-economico-del-gobierno\/\",\"name\":\"LUIS CAPUTO ASEGUR\u00d3 QUE LA CA\u00cdDA DE LA LEY \u00d3MNIBUS \\\"NO AFECTA EL PROGRAMA ECON\u00d3MICO\\\" DEL GOBIERNO - Apuntes de San Luis\",\"isPartOf\":{\"@id\":\"https:\/\/apuntesdesanluis.com\/#website\"},\"primaryImageOfPage\":{\"@id\":\"https:\/\/apuntesdesanluis.com\/index.php\/2024\/02\/07\/luis-caputo-aseguro-que-la-caida-de-la-ley-omnibus-no-afecta-el-programa-economico-del-gobierno\/#primaryimage\"},\"image\":{\"@id\":\"https:\/\/apuntesdesanluis.com\/index.php\/2024\/02\/07\/luis-caputo-aseguro-que-la-caida-de-la-ley-omnibus-no-afecta-el-programa-economico-del-gobierno\/#primaryimage\"},\"thumbnailUrl\":\"https:\/\/apuntesdesanluis.com\/wp-content\/uploads\/2023\/12\/CAPUTO.png\",\"datePublished\":\"2024-02-07T17:49:51+00:00\",\"breadcrumb\":{\"@id\":\"https:\/\/apuntesdesanluis.com\/index.php\/2024\/02\/07\/luis-caputo-aseguro-que-la-caida-de-la-ley-omnibus-no-afecta-el-programa-economico-del-gobierno\/#breadcrumb\"},\"inLanguage\":\"es-AR\",\"potentialAction\":[{\"@type\":\"ReadAction\",\"target\":[\"https:\/\/apuntesdesanluis.com\/index.php\/2024\/02\/07\/luis-caputo-aseguro-que-la-caida-de-la-ley-omnibus-no-afecta-el-programa-economico-del-gobierno\/\"]}]},{\"@type\":\"ImageObject\",\"inLanguage\":\"es-AR\",\"@id\":\"https:\/\/apuntesdesanluis.com\/index.php\/2024\/02\/07\/luis-caputo-aseguro-que-la-caida-de-la-ley-omnibus-no-afecta-el-programa-economico-del-gobierno\/#primaryimage\",\"url\":\"https:\/\/apuntesdesanluis.com\/wp-content\/uploads\/2023\/12\/CAPUTO.png\",\"contentUrl\":\"https:\/\/apuntesdesanluis.com\/wp-content\/uploads\/2023\/12\/CAPUTO.png\",\"width\":714,\"height\":449},{\"@type\":\"BreadcrumbList\",\"@id\":\"https:\/\/apuntesdesanluis.com\/index.php\/2024\/02\/07\/luis-caputo-aseguro-que-la-caida-de-la-ley-omnibus-no-afecta-el-programa-economico-del-gobierno\/#breadcrumb\",\"itemListElement\":[{\"@type\":\"ListItem\",\"position\":1,\"name\":\"Inicio\",\"item\":\"https:\/\/apuntesdesanluis.com\/\"},{\"@type\":\"ListItem\",\"position\":2,\"name\":\"LUIS CAPUTO ASEGUR\u00d3 QUE LA CA\u00cdDA DE LA LEY \u00d3MNIBUS &#8220;NO AFECTA EL PROGRAMA ECON\u00d3MICO&#8221; DEL GOBIERNO\"}]},{\"@type\":\"WebSite\",\"@id\":\"https:\/\/apuntesdesanluis.com\/#website\",\"url\":\"https:\/\/apuntesdesanluis.com\/\",\"name\":\"Apuntes de San Luis\",\"description\":\"\",\"publisher\":{\"@id\":\"https:\/\/apuntesdesanluis.com\/#\/schema\/person\/b55151d52296fcce64d1a72538a70b90\"},\"potentialAction\":[{\"@type\":\"SearchAction\",\"target\":{\"@type\":\"EntryPoint\",\"urlTemplate\":\"https:\/\/apuntesdesanluis.com\/?s={search_term_string}\"},\"query-input\":{\"@type\":\"PropertyValueSpecification\",\"valueRequired\":true,\"valueName\":\"search_term_string\"}}],\"inLanguage\":\"es-AR\"},{\"@type\":[\"Person\",\"Organization\"],\"@id\":\"https:\/\/apuntesdesanluis.com\/#\/schema\/person\/b55151d52296fcce64d1a72538a70b90\",\"name\":\"apuntesdesanluis.com\",\"image\":{\"@type\":\"ImageObject\",\"inLanguage\":\"es-AR\",\"@id\":\"https:\/\/apuntesdesanluis.com\/#\/schema\/person\/image\/\",\"url\":\"https:\/\/apuntesdesanluis.com\/wp-content\/uploads\/2023\/07\/cropped-apuntesdesanluis.png\",\"contentUrl\":\"https:\/\/apuntesdesanluis.com\/wp-content\/uploads\/2023\/07\/cropped-apuntesdesanluis.png\",\"width\":450,\"height\":112,\"caption\":\"apuntesdesanluis.com\"},\"logo\":{\"@id\":\"https:\/\/apuntesdesanluis.com\/#\/schema\/person\/image\/\"},\"sameAs\":[\"https:\/\/apuntesdesanluis.com\"],\"url\":\"https:\/\/apuntesdesanluis.com\/index.php\/author\/apuntesdesanluis-com\/\"}]}<\/script>\n<!-- \/ Yoast SEO plugin. -->","yoast_head_json":{"title":"LUIS CAPUTO ASEGUR\u00d3 QUE LA CA\u00cdDA DE LA LEY \u00d3MNIBUS \"NO AFECTA EL PROGRAMA ECON\u00d3MICO\" DEL GOBIERNO - Apuntes de San Luis","robots":{"index":"index","follow":"follow","max-snippet":"max-snippet:-1","max-image-preview":"max-image-preview:large","max-video-preview":"max-video-preview:-1"},"canonical":"https:\/\/apuntesdesanluis.com\/index.php\/2024\/02\/07\/luis-caputo-aseguro-que-la-caida-de-la-ley-omnibus-no-afecta-el-programa-economico-del-gobierno\/","og_locale":"es_ES","og_type":"article","og_title":"LUIS CAPUTO ASEGUR\u00d3 QUE LA CA\u00cdDA DE LA LEY \u00d3MNIBUS \"NO AFECTA EL PROGRAMA ECON\u00d3MICO\" DEL GOBIERNO - Apuntes de San Luis","og_description":"El ministro de Econom\u00eda, Lu\u00eds Caputo, sostuvo que &#8220;la no aprobaci\u00f3n&#8221; de la Ley \u00d3mnibus,...","og_url":"https:\/\/apuntesdesanluis.com\/index.php\/2024\/02\/07\/luis-caputo-aseguro-que-la-caida-de-la-ley-omnibus-no-afecta-el-programa-economico-del-gobierno\/","og_site_name":"Apuntes de San Luis","article_published_time":"2024-02-07T17:49:51+00:00","og_image":[{"width":714,"height":449,"url":"https:\/\/apuntesdesanluis.com\/wp-content\/uploads\/2023\/12\/CAPUTO.png","type":"image\/png"}],"author":"apuntesdesanluis.com","twitter_card":"summary_large_image","twitter_misc":{"Escrito por":"apuntesdesanluis.com","Tiempo de lectura":"4 minutos"},"schema":{"@context":"https:\/\/schema.org","@graph":[{"@type":"Article","@id":"https:\/\/apuntesdesanluis.com\/index.php\/2024\/02\/07\/luis-caputo-aseguro-que-la-caida-de-la-ley-omnibus-no-afecta-el-programa-economico-del-gobierno\/#article","isPartOf":{"@id":"https:\/\/apuntesdesanluis.com\/index.php\/2024\/02\/07\/luis-caputo-aseguro-que-la-caida-de-la-ley-omnibus-no-afecta-el-programa-economico-del-gobierno\/"},"author":{"name":"apuntesdesanluis.com","@id":"https:\/\/apuntesdesanluis.com\/#\/schema\/person\/b55151d52296fcce64d1a72538a70b90"},"headline":"LUIS CAPUTO ASEGUR\u00d3 QUE LA CA\u00cdDA DE LA LEY \u00d3MNIBUS &#8220;NO AFECTA EL PROGRAMA ECON\u00d3MICO&#8221; DEL GOBIERNO","datePublished":"2024-02-07T17:49:51+00:00","mainEntityOfPage":{"@id":"https:\/\/apuntesdesanluis.com\/index.php\/2024\/02\/07\/luis-caputo-aseguro-que-la-caida-de-la-ley-omnibus-no-afecta-el-programa-economico-del-gobierno\/"},"wordCount":890,"publisher":{"@id":"https:\/\/apuntesdesanluis.com\/#\/schema\/person\/b55151d52296fcce64d1a72538a70b90"},"image":{"@id":"https:\/\/apuntesdesanluis.com\/index.php\/2024\/02\/07\/luis-caputo-aseguro-que-la-caida-de-la-ley-omnibus-no-afecta-el-programa-economico-del-gobierno\/#primaryimage"},"thumbnailUrl":"https:\/\/apuntesdesanluis.com\/wp-content\/uploads\/2023\/12\/CAPUTO.png","articleSection":["Nacionales\/Internacionales"],"inLanguage":"es-AR"},{"@type":"WebPage","@id":"https:\/\/apuntesdesanluis.com\/index.php\/2024\/02\/07\/luis-caputo-aseguro-que-la-caida-de-la-ley-omnibus-no-afecta-el-programa-economico-del-gobierno\/","url":"https:\/\/apuntesdesanluis.com\/index.php\/2024\/02\/07\/luis-caputo-aseguro-que-la-caida-de-la-ley-omnibus-no-afecta-el-programa-economico-del-gobierno\/","name":"LUIS CAPUTO ASEGUR\u00d3 QUE LA CA\u00cdDA DE LA LEY \u00d3MNIBUS \"NO AFECTA EL PROGRAMA ECON\u00d3MICO\" DEL GOBIERNO - Apuntes de San Luis","isPartOf":{"@id":"https:\/\/apuntesdesanluis.com\/#website"},"primaryImageOfPage":{"@id":"https:\/\/apuntesdesanluis.com\/index.php\/2024\/02\/07\/luis-caputo-aseguro-que-la-caida-de-la-ley-omnibus-no-afecta-el-programa-economico-del-gobierno\/#primaryimage"},"image":{"@id":"https:\/\/apuntesdesanluis.com\/index.php\/2024\/02\/07\/luis-caputo-aseguro-que-la-caida-de-la-ley-omnibus-no-afecta-el-programa-economico-del-gobierno\/#primaryimage"},"thumbnailUrl":"https:\/\/apuntesdesanluis.com\/wp-content\/uploads\/2023\/12\/CAPUTO.png","datePublished":"2024-02-07T17:49:51+00:00","breadcrumb":{"@id":"https:\/\/apuntesdesanluis.com\/index.php\/2024\/02\/07\/luis-caputo-aseguro-que-la-caida-de-la-ley-omnibus-no-afecta-el-programa-economico-del-gobierno\/#breadcrumb"},"inLanguage":"es-AR","potentialAction":[{"@type":"ReadAction","target":["https:\/\/apuntesdesanluis.com\/index.php\/2024\/02\/07\/luis-caputo-aseguro-que-la-caida-de-la-ley-omnibus-no-afecta-el-programa-economico-del-gobierno\/"]}]},{"@type":"ImageObject","inLanguage":"es-AR","@id":"https:\/\/apuntesdesanluis.com\/index.php\/2024\/02\/07\/luis-caputo-aseguro-que-la-caida-de-la-ley-omnibus-no-afecta-el-programa-economico-del-gobierno\/#primaryimage","url":"https:\/\/apuntesdesanluis.com\/wp-content\/uploads\/2023\/12\/CAPUTO.png","contentUrl":"https:\/\/apuntesdesanluis.com\/wp-content\/uploads\/2023\/12\/CAPUTO.png","width":714,"height":449},{"@type":"BreadcrumbList","@id":"https:\/\/apuntesdesanluis.com\/index.php\/2024\/02\/07\/luis-caputo-aseguro-que-la-caida-de-la-ley-omnibus-no-afecta-el-programa-economico-del-gobierno\/#breadcrumb","itemListElement":[{"@type":"ListItem","position":1,"name":"Inicio","item":"https:\/\/apuntesdesanluis.com\/"},{"@type":"ListItem","position":2,"name":"LUIS CAPUTO ASEGUR\u00d3 QUE LA CA\u00cdDA DE LA LEY \u00d3MNIBUS &#8220;NO AFECTA EL PROGRAMA ECON\u00d3MICO&#8221; DEL GOBIERNO"}]},{"@type":"WebSite","@id":"https:\/\/apuntesdesanluis.com\/#website","url":"https:\/\/apuntesdesanluis.com\/","name":"Apuntes de San Luis","description":"","publisher":{"@id":"https:\/\/apuntesdesanluis.com\/#\/schema\/person\/b55151d52296fcce64d1a72538a70b90"},"potentialAction":[{"@type":"SearchAction","target":{"@type":"EntryPoint","urlTemplate":"https:\/\/apuntesdesanluis.com\/?s={search_term_string}"},"query-input":{"@type":"PropertyValueSpecification","valueRequired":true,"valueName":"search_term_string"}}],"inLanguage":"es-AR"},{"@type":["Person","Organization"],"@id":"https:\/\/apuntesdesanluis.com\/#\/schema\/person\/b55151d52296fcce64d1a72538a70b90","name":"apuntesdesanluis.com","image":{"@type":"ImageObject","inLanguage":"es-AR","@id":"https:\/\/apuntesdesanluis.com\/#\/schema\/person\/image\/","url":"https:\/\/apuntesdesanluis.com\/wp-content\/uploads\/2023\/07\/cropped-apuntesdesanluis.png","contentUrl":"https:\/\/apuntesdesanluis.com\/wp-content\/uploads\/2023\/07\/cropped-apuntesdesanluis.png","width":450,"height":112,"caption":"apuntesdesanluis.com"},"logo":{"@id":"https:\/\/apuntesdesanluis.com\/#\/schema\/person\/image\/"},"sameAs":["https:\/\/apuntesdesanluis.com"],"url":"https:\/\/apuntesdesanluis.com\/index.php\/author\/apuntesdesanluis-com\/"}]}},"featured_image_urls":{"full":["https:\/\/apuntesdesanluis.com\/wp-content\/uploads\/2023\/12\/CAPUTO.png",714,449,false],"thumbnail":["https:\/\/apuntesdesanluis.com\/wp-content\/uploads\/2023\/12\/CAPUTO-150x150.png",150,150,true],"medium":["https:\/\/apuntesdesanluis.com\/wp-content\/uploads\/2023\/12\/CAPUTO-300x189.png",300,189,true],"medium_large":["https:\/\/apuntesdesanluis.com\/wp-content\/uploads\/2023\/12\/CAPUTO.png",640,402,false],"large":["https:\/\/apuntesdesanluis.com\/wp-content\/uploads\/2023\/12\/CAPUTO.png",640,402,false],"1536x1536":["https:\/\/apuntesdesanluis.com\/wp-content\/uploads\/2023\/12\/CAPUTO.png",714,449,false],"2048x2048":["https:\/\/apuntesdesanluis.com\/wp-content\/uploads\/2023\/12\/CAPUTO.png",714,449,false],"newsever-slider-full":["https:\/\/apuntesdesanluis.com\/wp-content\/uploads\/2023\/12\/CAPUTO.png",714,449,false],"newsever-featured":["https:\/\/apuntesdesanluis.com\/wp-content\/uploads\/2023\/12\/CAPUTO.png",714,449,false],"newsever-medium":["https:\/\/apuntesdesanluis.com\/wp-content\/uploads\/2023\/12\/CAPUTO.png",714,449,false]},"author_info":{"display_name":"apuntesdesanluis.com","author_link":"https:\/\/apuntesdesanluis.com\/index.php\/author\/apuntesdesanluis-com\/"},"category_info":"<a href=\"https:\/\/apuntesdesanluis.com\/index.php\/category\/nacionales-internacionales\/\" rel=\"category tag\">Nacionales\/Internacionales<\/a>","tag_info":"Nacionales\/Internacionales","comment_count":"0","_links":{"self":[{"href":"https:\/\/apuntesdesanluis.com\/index.php\/wp-json\/wp\/v2\/posts\/11339","targetHints":{"allow":["GET"]}}],"collection":[{"href":"https:\/\/apuntesdesanluis.com\/index.php\/wp-json\/wp\/v2\/posts"}],"about":[{"href":"https:\/\/apuntesdesanluis.com\/index.php\/wp-json\/wp\/v2\/types\/post"}],"author":[{"embeddable":true,"href":"https:\/\/apuntesdesanluis.com\/index.php\/wp-json\/wp\/v2\/users\/1"}],"replies":[{"embeddable":true,"href":"https:\/\/apuntesdesanluis.com\/index.php\/wp-json\/wp\/v2\/comments?post=11339"}],"version-history":[{"count":1,"href":"https:\/\/apuntesdesanluis.com\/index.php\/wp-json\/wp\/v2\/posts\/11339\/revisions"}],"predecessor-version":[{"id":11340,"href":"https:\/\/apuntesdesanluis.com\/index.php\/wp-json\/wp\/v2\/posts\/11339\/revisions\/11340"}],"wp:featuredmedia":[{"embeddable":true,"href":"https:\/\/apuntesdesanluis.com\/index.php\/wp-json\/wp\/v2\/media\/8263"}],"wp:attachment":[{"href":"https:\/\/apuntesdesanluis.com\/index.php\/wp-json\/wp\/v2\/media?parent=11339"}],"wp:term":[{"taxonomy":"category","embeddable":true,"href":"https:\/\/apuntesdesanluis.com\/index.php\/wp-json\/wp\/v2\/categories?post=11339"},{"taxonomy":"post_tag","embeddable":true,"href":"https:\/\/apuntesdesanluis.com\/index.php\/wp-json\/wp\/v2\/tags?post=11339"}],"curies":[{"name":"wp","href":"https:\/\/api.w.org\/{rel}","templated":true}]}}