{"id":11341,"date":"2024-02-07T20:44:22","date_gmt":"2024-02-07T23:44:22","guid":{"rendered":"https:\/\/apuntesdesanluis.com\/?p=11341"},"modified":"2024-02-07T20:44:22","modified_gmt":"2024-02-07T23:44:22","slug":"pelea-en-colectivo-de-transpuntano-aun-no-se-formularon-cargos","status":"publish","type":"post","link":"https:\/\/apuntesdesanluis.com\/index.php\/2024\/02\/07\/pelea-en-colectivo-de-transpuntano-aun-no-se-formularon-cargos\/","title":{"rendered":"PELEA EN COLECTIVO DE TRANSPUNTANO: A\u00daN NO SE FORMULARON CARGOS"},"content":{"rendered":"<h3>Juan Pablo D\u00edaz Estopi\u00f1\u00e1n, fiscal adjunto de Fiscal\u00eda N\u00ba 1 de la ciudad de San Luis, inform\u00f3 que a\u00fan no se ha realizado una imputaci\u00f3n de cargos en la causa que investiga una pelea ocurrida el jueves pasado entre un chofer del colectivo de la L\u00ednea R de Transpuntano y un pasajero, hasta tanto no se culmine con la recepci\u00f3n de todas las testimoniales y se pueda dilucidar con claridad lo que sucedi\u00f3 ese d\u00eda, en inmediaciones del Barrio 155 Viviendas.<\/h3>\n<h3>\u201cHay testigos fundamentales que iban en el colectivo que contradicen en gran medida los dichos de ambas partes. Sabemos de la existencia de un video, pero ese material representa solamente un fragmento del hecho delictivo que se investiga, no contempla la totalidad. Por esto, los focos de la Fiscal\u00eda est\u00e1n puestos en cu\u00e1l fue el comienzo y cu\u00e1l ser\u00eda el final real de la situaci\u00f3n\u201d, dijo el funcionario del Ministerio P\u00fablico Fiscal.<\/h3>\n<h3>El hecho ocurri\u00f3 el 1\u00ba de febrero pasado en la plaza de los Dados por calle Juan Pekol e involucra a una mujer de 52 a\u00f1os, su hijo de 18 y el conductor de Transpuntano. La causa est\u00e1 caratulada como \u201clesiones leves\u201d.<\/h3>\n<!--[if lt IE 9]><script>document.createElement('video');<\/script><![endif]-->\n\t<div class=\"wp-playlist wp-video-playlist wp-playlist-light\">\n\t\t<video controls=\"controls\" preload=\"none\" width=\"618\"\n\t\t height=\"1100\"\t><\/video>\n\t<div class=\"wp-playlist-next\"><\/div>\n\t<div class=\"wp-playlist-prev\"><\/div>\n\t<noscript>\n\t<ol>\n\t\t<li><a href='https:\/\/apuntesdesanluis.com\/wp-content\/uploads\/2024\/02\/GJnTWRntYBG_t70HAOz_GU7-sOZZbmdjAAAF.mp4'>GJnTWRntYBG_t70HAOz_GU7-sOZZbmdjAAAF<\/a><\/li>\t<\/ol>\n\t<\/noscript>\n\t<script type=\"application\/json\" class=\"wp-playlist-script\">{\"type\":\"video\",\"tracklist\":true,\"tracknumbers\":true,\"images\":true,\"artists\":true,\"tracks\":[{\"src\":\"https:\\\/\\\/apuntesdesanluis.com\\\/wp-content\\\/uploads\\\/2024\\\/02\\\/GJnTWRntYBG_t70HAOz_GU7-sOZZbmdjAAAF.mp4\",\"type\":\"video\\\/mp4\",\"title\":\"GJnTWRntYBG_t70HAOz_GU7-sOZZbmdjAAAF\",\"caption\":\"\",\"description\":\"\",\"meta\":{\"length_formatted\":\"1:42\"},\"dimensions\":{\"original\":{\"width\":636,\"height\":1132},\"resized\":{\"width\":618,\"height\":1100}},\"image\":{\"src\":\"https:\\\/\\\/apuntesdesanluis.com\\\/wp-includes\\\/images\\\/media\\\/video.svg\",\"width\":48,\"height\":64},\"thumb\":{\"src\":\"https:\\\/\\\/apuntesdesanluis.com\\\/wp-includes\\\/images\\\/media\\\/video.svg\",\"width\":48,\"height\":64}}]}<\/script>\n<\/div>\n\t\n<h3>\u201cEl colectivero a\u00fan no ha declarado en sede judicial y est\u00e1n pendientes las declaraciones de otros testigos directos. Una vez que tengamos todas las piezas del rompecabezas vamos a dilucidar realmente que es lo que pas\u00f3. El joven dijo que el colectivero frena de golpe y eso hace que su madre se caiga y ah\u00ed comenzar\u00eda el problema. Los testigos que viajaban no hablan de ning\u00fan frenado y algunos mencionan que el pasajero directamente sube y empieza a golpear al colectivero\u201d, inform\u00f3 el fiscal.<\/h3>\n<h3>En su declaraci\u00f3n ante Fiscal\u00eda, el joven de 18 a\u00f1os dijo adem\u00e1s que el chofer se mostr\u00f3 agresivo desde el primer momento y que en medio de la discusi\u00f3n sac\u00f3 un arma blanca y lo lastim\u00f3 en uno de sus brazos.<\/h3>\n<h3>\u201cLa causa est\u00e1 calificada como lesiones leves por el momento, pero probablemente estemos m\u00e1s ante un escenario de lesiones rec\u00edprocas. Sucede que estamos ante un delito que exige instancia de acci\u00f3n y el \u00fanico que la ha instado es el joven, la madre no ha venido a sede judicial. En este sentido, hay muchas contradicciones y el escenario es confuso. Tenemos que recordar que en nuestro C\u00f3digo Procesal toda persona es imputada desde el primer momento que se empieza una investigaci\u00f3n penal pero que en esta causa a\u00fan no se ha llegado a una imputaci\u00f3n de cargos hasta no dilucidar como fue la situaci\u00f3n realmente\u201d, dijo Estopi\u00f1\u00e1n.<\/h3>\n<p>&nbsp;<\/p>\n<p>&nbsp;<\/p>\n<p>&nbsp;<\/p>\n<p>&nbsp;<\/p>\n<p>&nbsp;<\/p>\n","protected":false},"excerpt":{"rendered":"<p>Juan Pablo D\u00edaz Estopi\u00f1\u00e1n, fiscal adjunto de Fiscal\u00eda N\u00ba 1 de la ciudad de San&#8230;<\/p>\n","protected":false},"author":1,"featured_media":11343,"comment_status":"closed","ping_status":"closed","sticky":false,"template":"","format":"standard","meta":{"footnotes":""},"categories":[6],"tags":[],"class_list":["post-11341","post","type-post","status-publish","format-standard","has-post-thumbnail","hentry","category-ciudad-provincia"],"yoast_head":"<!-- This site is optimized with the Yoast SEO plugin v26.1.1 - https:\/\/yoast.com\/wordpress\/plugins\/seo\/ -->\n<title>PELEA EN COLECTIVO DE TRANSPUNTANO: A\u00daN NO SE FORMULARON CARGOS - Apuntes de San Luis<\/title>\n<meta name=\"robots\" content=\"index, follow, max-snippet:-1, max-image-preview:large, max-video-preview:-1\" \/>\n<link rel=\"canonical\" href=\"https:\/\/apuntesdesanluis.com\/index.php\/2024\/02\/07\/pelea-en-colectivo-de-transpuntano-aun-no-se-formularon-cargos\/\" \/>\n<meta property=\"og:locale\" content=\"es_ES\" \/>\n<meta property=\"og:type\" content=\"article\" \/>\n<meta property=\"og:title\" content=\"PELEA EN COLECTIVO DE TRANSPUNTANO: A\u00daN NO SE FORMULARON CARGOS - Apuntes de San Luis\" \/>\n<meta property=\"og:description\" content=\"Juan Pablo D\u00edaz Estopi\u00f1\u00e1n, fiscal adjunto de Fiscal\u00eda N\u00ba 1 de la ciudad de San...\" \/>\n<meta property=\"og:url\" content=\"https:\/\/apuntesdesanluis.com\/index.php\/2024\/02\/07\/pelea-en-colectivo-de-transpuntano-aun-no-se-formularon-cargos\/\" \/>\n<meta property=\"og:site_name\" content=\"Apuntes de San Luis\" \/>\n<meta property=\"article:published_time\" content=\"2024-02-07T23:44:22+00:00\" \/>\n<meta property=\"og:image\" content=\"https:\/\/apuntesdesanluis.com\/wp-content\/uploads\/2024\/02\/PELEA.png\" \/>\n\t<meta property=\"og:image:width\" content=\"412\" \/>\n\t<meta property=\"og:image:height\" content=\"283\" \/>\n\t<meta property=\"og:image:type\" content=\"image\/png\" \/>\n<meta name=\"author\" content=\"apuntesdesanluis.com\" \/>\n<meta name=\"twitter:card\" content=\"summary_large_image\" \/>\n<meta name=\"twitter:label1\" content=\"Escrito por\" \/>\n\t<meta name=\"twitter:data1\" content=\"apuntesdesanluis.com\" \/>\n\t<meta name=\"twitter:label2\" content=\"Tiempo de lectura\" \/>\n\t<meta name=\"twitter:data2\" content=\"2 minutos\" \/>\n<script type=\"application\/ld+json\" class=\"yoast-schema-graph\">{\"@context\":\"https:\/\/schema.org\",\"@graph\":[{\"@type\":\"Article\",\"@id\":\"https:\/\/apuntesdesanluis.com\/index.php\/2024\/02\/07\/pelea-en-colectivo-de-transpuntano-aun-no-se-formularon-cargos\/#article\",\"isPartOf\":{\"@id\":\"https:\/\/apuntesdesanluis.com\/index.php\/2024\/02\/07\/pelea-en-colectivo-de-transpuntano-aun-no-se-formularon-cargos\/\"},\"author\":{\"name\":\"apuntesdesanluis.com\",\"@id\":\"https:\/\/apuntesdesanluis.com\/#\/schema\/person\/b55151d52296fcce64d1a72538a70b90\"},\"headline\":\"PELEA EN COLECTIVO DE TRANSPUNTANO: A\u00daN NO SE FORMULARON CARGOS\",\"datePublished\":\"2024-02-07T23:44:22+00:00\",\"mainEntityOfPage\":{\"@id\":\"https:\/\/apuntesdesanluis.com\/index.php\/2024\/02\/07\/pelea-en-colectivo-de-transpuntano-aun-no-se-formularon-cargos\/\"},\"wordCount\":475,\"publisher\":{\"@id\":\"https:\/\/apuntesdesanluis.com\/#\/schema\/person\/b55151d52296fcce64d1a72538a70b90\"},\"image\":{\"@id\":\"https:\/\/apuntesdesanluis.com\/index.php\/2024\/02\/07\/pelea-en-colectivo-de-transpuntano-aun-no-se-formularon-cargos\/#primaryimage\"},\"thumbnailUrl\":\"https:\/\/apuntesdesanluis.com\/wp-content\/uploads\/2024\/02\/PELEA.png\",\"articleSection\":[\"Ciudad\/Provincia\"],\"inLanguage\":\"es-AR\"},{\"@type\":\"WebPage\",\"@id\":\"https:\/\/apuntesdesanluis.com\/index.php\/2024\/02\/07\/pelea-en-colectivo-de-transpuntano-aun-no-se-formularon-cargos\/\",\"url\":\"https:\/\/apuntesdesanluis.com\/index.php\/2024\/02\/07\/pelea-en-colectivo-de-transpuntano-aun-no-se-formularon-cargos\/\",\"name\":\"PELEA EN COLECTIVO DE TRANSPUNTANO: A\u00daN NO SE FORMULARON CARGOS - Apuntes de San Luis\",\"isPartOf\":{\"@id\":\"https:\/\/apuntesdesanluis.com\/#website\"},\"primaryImageOfPage\":{\"@id\":\"https:\/\/apuntesdesanluis.com\/index.php\/2024\/02\/07\/pelea-en-colectivo-de-transpuntano-aun-no-se-formularon-cargos\/#primaryimage\"},\"image\":{\"@id\":\"https:\/\/apuntesdesanluis.com\/index.php\/2024\/02\/07\/pelea-en-colectivo-de-transpuntano-aun-no-se-formularon-cargos\/#primaryimage\"},\"thumbnailUrl\":\"https:\/\/apuntesdesanluis.com\/wp-content\/uploads\/2024\/02\/PELEA.png\",\"datePublished\":\"2024-02-07T23:44:22+00:00\",\"breadcrumb\":{\"@id\":\"https:\/\/apuntesdesanluis.com\/index.php\/2024\/02\/07\/pelea-en-colectivo-de-transpuntano-aun-no-se-formularon-cargos\/#breadcrumb\"},\"inLanguage\":\"es-AR\",\"potentialAction\":[{\"@type\":\"ReadAction\",\"target\":[\"https:\/\/apuntesdesanluis.com\/index.php\/2024\/02\/07\/pelea-en-colectivo-de-transpuntano-aun-no-se-formularon-cargos\/\"]}]},{\"@type\":\"ImageObject\",\"inLanguage\":\"es-AR\",\"@id\":\"https:\/\/apuntesdesanluis.com\/index.php\/2024\/02\/07\/pelea-en-colectivo-de-transpuntano-aun-no-se-formularon-cargos\/#primaryimage\",\"url\":\"https:\/\/apuntesdesanluis.com\/wp-content\/uploads\/2024\/02\/PELEA.png\",\"contentUrl\":\"https:\/\/apuntesdesanluis.com\/wp-content\/uploads\/2024\/02\/PELEA.png\",\"width\":412,\"height\":283},{\"@type\":\"BreadcrumbList\",\"@id\":\"https:\/\/apuntesdesanluis.com\/index.php\/2024\/02\/07\/pelea-en-colectivo-de-transpuntano-aun-no-se-formularon-cargos\/#breadcrumb\",\"itemListElement\":[{\"@type\":\"ListItem\",\"position\":1,\"name\":\"Inicio\",\"item\":\"https:\/\/apuntesdesanluis.com\/\"},{\"@type\":\"ListItem\",\"position\":2,\"name\":\"PELEA EN COLECTIVO DE TRANSPUNTANO: A\u00daN NO SE FORMULARON CARGOS\"}]},{\"@type\":\"WebSite\",\"@id\":\"https:\/\/apuntesdesanluis.com\/#website\",\"url\":\"https:\/\/apuntesdesanluis.com\/\",\"name\":\"Apuntes de San Luis\",\"description\":\"\",\"publisher\":{\"@id\":\"https:\/\/apuntesdesanluis.com\/#\/schema\/person\/b55151d52296fcce64d1a72538a70b90\"},\"potentialAction\":[{\"@type\":\"SearchAction\",\"target\":{\"@type\":\"EntryPoint\",\"urlTemplate\":\"https:\/\/apuntesdesanluis.com\/?s={search_term_string}\"},\"query-input\":{\"@type\":\"PropertyValueSpecification\",\"valueRequired\":true,\"valueName\":\"search_term_string\"}}],\"inLanguage\":\"es-AR\"},{\"@type\":[\"Person\",\"Organization\"],\"@id\":\"https:\/\/apuntesdesanluis.com\/#\/schema\/person\/b55151d52296fcce64d1a72538a70b90\",\"name\":\"apuntesdesanluis.com\",\"image\":{\"@type\":\"ImageObject\",\"inLanguage\":\"es-AR\",\"@id\":\"https:\/\/apuntesdesanluis.com\/#\/schema\/person\/image\/\",\"url\":\"https:\/\/apuntesdesanluis.com\/wp-content\/uploads\/2023\/07\/cropped-apuntesdesanluis.png\",\"contentUrl\":\"https:\/\/apuntesdesanluis.com\/wp-content\/uploads\/2023\/07\/cropped-apuntesdesanluis.png\",\"width\":450,\"height\":112,\"caption\":\"apuntesdesanluis.com\"},\"logo\":{\"@id\":\"https:\/\/apuntesdesanluis.com\/#\/schema\/person\/image\/\"},\"sameAs\":[\"https:\/\/apuntesdesanluis.com\"],\"url\":\"https:\/\/apuntesdesanluis.com\/index.php\/author\/apuntesdesanluis-com\/\"}]}<\/script>\n<!-- \/ Yoast SEO plugin. -->","yoast_head_json":{"title":"PELEA EN COLECTIVO DE TRANSPUNTANO: A\u00daN NO SE FORMULARON CARGOS - Apuntes de San Luis","robots":{"index":"index","follow":"follow","max-snippet":"max-snippet:-1","max-image-preview":"max-image-preview:large","max-video-preview":"max-video-preview:-1"},"canonical":"https:\/\/apuntesdesanluis.com\/index.php\/2024\/02\/07\/pelea-en-colectivo-de-transpuntano-aun-no-se-formularon-cargos\/","og_locale":"es_ES","og_type":"article","og_title":"PELEA EN COLECTIVO DE TRANSPUNTANO: A\u00daN NO SE FORMULARON CARGOS - Apuntes de San Luis","og_description":"Juan Pablo D\u00edaz Estopi\u00f1\u00e1n, fiscal adjunto de Fiscal\u00eda N\u00ba 1 de la ciudad de San...","og_url":"https:\/\/apuntesdesanluis.com\/index.php\/2024\/02\/07\/pelea-en-colectivo-de-transpuntano-aun-no-se-formularon-cargos\/","og_site_name":"Apuntes de San Luis","article_published_time":"2024-02-07T23:44:22+00:00","og_image":[{"width":412,"height":283,"url":"https:\/\/apuntesdesanluis.com\/wp-content\/uploads\/2024\/02\/PELEA.png","type":"image\/png"}],"author":"apuntesdesanluis.com","twitter_card":"summary_large_image","twitter_misc":{"Escrito por":"apuntesdesanluis.com","Tiempo de lectura":"2 minutos"},"schema":{"@context":"https:\/\/schema.org","@graph":[{"@type":"Article","@id":"https:\/\/apuntesdesanluis.com\/index.php\/2024\/02\/07\/pelea-en-colectivo-de-transpuntano-aun-no-se-formularon-cargos\/#article","isPartOf":{"@id":"https:\/\/apuntesdesanluis.com\/index.php\/2024\/02\/07\/pelea-en-colectivo-de-transpuntano-aun-no-se-formularon-cargos\/"},"author":{"name":"apuntesdesanluis.com","@id":"https:\/\/apuntesdesanluis.com\/#\/schema\/person\/b55151d52296fcce64d1a72538a70b90"},"headline":"PELEA EN COLECTIVO DE TRANSPUNTANO: A\u00daN NO SE FORMULARON CARGOS","datePublished":"2024-02-07T23:44:22+00:00","mainEntityOfPage":{"@id":"https:\/\/apuntesdesanluis.com\/index.php\/2024\/02\/07\/pelea-en-colectivo-de-transpuntano-aun-no-se-formularon-cargos\/"},"wordCount":475,"publisher":{"@id":"https:\/\/apuntesdesanluis.com\/#\/schema\/person\/b55151d52296fcce64d1a72538a70b90"},"image":{"@id":"https:\/\/apuntesdesanluis.com\/index.php\/2024\/02\/07\/pelea-en-colectivo-de-transpuntano-aun-no-se-formularon-cargos\/#primaryimage"},"thumbnailUrl":"https:\/\/apuntesdesanluis.com\/wp-content\/uploads\/2024\/02\/PELEA.png","articleSection":["Ciudad\/Provincia"],"inLanguage":"es-AR"},{"@type":"WebPage","@id":"https:\/\/apuntesdesanluis.com\/index.php\/2024\/02\/07\/pelea-en-colectivo-de-transpuntano-aun-no-se-formularon-cargos\/","url":"https:\/\/apuntesdesanluis.com\/index.php\/2024\/02\/07\/pelea-en-colectivo-de-transpuntano-aun-no-se-formularon-cargos\/","name":"PELEA EN COLECTIVO DE TRANSPUNTANO: A\u00daN NO SE FORMULARON CARGOS - Apuntes de San Luis","isPartOf":{"@id":"https:\/\/apuntesdesanluis.com\/#website"},"primaryImageOfPage":{"@id":"https:\/\/apuntesdesanluis.com\/index.php\/2024\/02\/07\/pelea-en-colectivo-de-transpuntano-aun-no-se-formularon-cargos\/#primaryimage"},"image":{"@id":"https:\/\/apuntesdesanluis.com\/index.php\/2024\/02\/07\/pelea-en-colectivo-de-transpuntano-aun-no-se-formularon-cargos\/#primaryimage"},"thumbnailUrl":"https:\/\/apuntesdesanluis.com\/wp-content\/uploads\/2024\/02\/PELEA.png","datePublished":"2024-02-07T23:44:22+00:00","breadcrumb":{"@id":"https:\/\/apuntesdesanluis.com\/index.php\/2024\/02\/07\/pelea-en-colectivo-de-transpuntano-aun-no-se-formularon-cargos\/#breadcrumb"},"inLanguage":"es-AR","potentialAction":[{"@type":"ReadAction","target":["https:\/\/apuntesdesanluis.com\/index.php\/2024\/02\/07\/pelea-en-colectivo-de-transpuntano-aun-no-se-formularon-cargos\/"]}]},{"@type":"ImageObject","inLanguage":"es-AR","@id":"https:\/\/apuntesdesanluis.com\/index.php\/2024\/02\/07\/pelea-en-colectivo-de-transpuntano-aun-no-se-formularon-cargos\/#primaryimage","url":"https:\/\/apuntesdesanluis.com\/wp-content\/uploads\/2024\/02\/PELEA.png","contentUrl":"https:\/\/apuntesdesanluis.com\/wp-content\/uploads\/2024\/02\/PELEA.png","width":412,"height":283},{"@type":"BreadcrumbList","@id":"https:\/\/apuntesdesanluis.com\/index.php\/2024\/02\/07\/pelea-en-colectivo-de-transpuntano-aun-no-se-formularon-cargos\/#breadcrumb","itemListElement":[{"@type":"ListItem","position":1,"name":"Inicio","item":"https:\/\/apuntesdesanluis.com\/"},{"@type":"ListItem","position":2,"name":"PELEA EN COLECTIVO DE TRANSPUNTANO: A\u00daN NO SE FORMULARON CARGOS"}]},{"@type":"WebSite","@id":"https:\/\/apuntesdesanluis.com\/#website","url":"https:\/\/apuntesdesanluis.com\/","name":"Apuntes de San Luis","description":"","publisher":{"@id":"https:\/\/apuntesdesanluis.com\/#\/schema\/person\/b55151d52296fcce64d1a72538a70b90"},"potentialAction":[{"@type":"SearchAction","target":{"@type":"EntryPoint","urlTemplate":"https:\/\/apuntesdesanluis.com\/?s={search_term_string}"},"query-input":{"@type":"PropertyValueSpecification","valueRequired":true,"valueName":"search_term_string"}}],"inLanguage":"es-AR"},{"@type":["Person","Organization"],"@id":"https:\/\/apuntesdesanluis.com\/#\/schema\/person\/b55151d52296fcce64d1a72538a70b90","name":"apuntesdesanluis.com","image":{"@type":"ImageObject","inLanguage":"es-AR","@id":"https:\/\/apuntesdesanluis.com\/#\/schema\/person\/image\/","url":"https:\/\/apuntesdesanluis.com\/wp-content\/uploads\/2023\/07\/cropped-apuntesdesanluis.png","contentUrl":"https:\/\/apuntesdesanluis.com\/wp-content\/uploads\/2023\/07\/cropped-apuntesdesanluis.png","width":450,"height":112,"caption":"apuntesdesanluis.com"},"logo":{"@id":"https:\/\/apuntesdesanluis.com\/#\/schema\/person\/image\/"},"sameAs":["https:\/\/apuntesdesanluis.com"],"url":"https:\/\/apuntesdesanluis.com\/index.php\/author\/apuntesdesanluis-com\/"}]}},"featured_image_urls":{"full":["https:\/\/apuntesdesanluis.com\/wp-content\/uploads\/2024\/02\/PELEA.png",412,283,false],"thumbnail":["https:\/\/apuntesdesanluis.com\/wp-content\/uploads\/2024\/02\/PELEA-150x150.png",150,150,true],"medium":["https:\/\/apuntesdesanluis.com\/wp-content\/uploads\/2024\/02\/PELEA-300x206.png",300,206,true],"medium_large":["https:\/\/apuntesdesanluis.com\/wp-content\/uploads\/2024\/02\/PELEA.png",412,283,false],"large":["https:\/\/apuntesdesanluis.com\/wp-content\/uploads\/2024\/02\/PELEA.png",412,283,false],"1536x1536":["https:\/\/apuntesdesanluis.com\/wp-content\/uploads\/2024\/02\/PELEA.png",412,283,false],"2048x2048":["https:\/\/apuntesdesanluis.com\/wp-content\/uploads\/2024\/02\/PELEA.png",412,283,false],"newsever-slider-full":["https:\/\/apuntesdesanluis.com\/wp-content\/uploads\/2024\/02\/PELEA.png",412,283,false],"newsever-featured":["https:\/\/apuntesdesanluis.com\/wp-content\/uploads\/2024\/02\/PELEA.png",412,283,false],"newsever-medium":["https:\/\/apuntesdesanluis.com\/wp-content\/uploads\/2024\/02\/PELEA.png",412,283,false]},"author_info":{"display_name":"apuntesdesanluis.com","author_link":"https:\/\/apuntesdesanluis.com\/index.php\/author\/apuntesdesanluis-com\/"},"category_info":"<a href=\"https:\/\/apuntesdesanluis.com\/index.php\/category\/ciudad-provincia\/\" rel=\"category tag\">Ciudad\/Provincia<\/a>","tag_info":"Ciudad\/Provincia","comment_count":"0","_links":{"self":[{"href":"https:\/\/apuntesdesanluis.com\/index.php\/wp-json\/wp\/v2\/posts\/11341","targetHints":{"allow":["GET"]}}],"collection":[{"href":"https:\/\/apuntesdesanluis.com\/index.php\/wp-json\/wp\/v2\/posts"}],"about":[{"href":"https:\/\/apuntesdesanluis.com\/index.php\/wp-json\/wp\/v2\/types\/post"}],"author":[{"embeddable":true,"href":"https:\/\/apuntesdesanluis.com\/index.php\/wp-json\/wp\/v2\/users\/1"}],"replies":[{"embeddable":true,"href":"https:\/\/apuntesdesanluis.com\/index.php\/wp-json\/wp\/v2\/comments?post=11341"}],"version-history":[{"count":1,"href":"https:\/\/apuntesdesanluis.com\/index.php\/wp-json\/wp\/v2\/posts\/11341\/revisions"}],"predecessor-version":[{"id":11344,"href":"https:\/\/apuntesdesanluis.com\/index.php\/wp-json\/wp\/v2\/posts\/11341\/revisions\/11344"}],"wp:featuredmedia":[{"embeddable":true,"href":"https:\/\/apuntesdesanluis.com\/index.php\/wp-json\/wp\/v2\/media\/11343"}],"wp:attachment":[{"href":"https:\/\/apuntesdesanluis.com\/index.php\/wp-json\/wp\/v2\/media?parent=11341"}],"wp:term":[{"taxonomy":"category","embeddable":true,"href":"https:\/\/apuntesdesanluis.com\/index.php\/wp-json\/wp\/v2\/categories?post=11341"},{"taxonomy":"post_tag","embeddable":true,"href":"https:\/\/apuntesdesanluis.com\/index.php\/wp-json\/wp\/v2\/tags?post=11341"}],"curies":[{"name":"wp","href":"https:\/\/api.w.org\/{rel}","templated":true}]}}