{"id":11349,"date":"2024-02-07T20:59:40","date_gmt":"2024-02-07T23:59:40","guid":{"rendered":"https:\/\/apuntesdesanluis.com\/?p=11349"},"modified":"2024-02-07T20:59:51","modified_gmt":"2024-02-07T23:59:51","slug":"denuncian-penalmente-a-la-ex-funcionaria-carolina-aguero-garcia","status":"publish","type":"post","link":"https:\/\/apuntesdesanluis.com\/index.php\/2024\/02\/07\/denuncian-penalmente-a-la-ex-funcionaria-carolina-aguero-garcia\/","title":{"rendered":"DENUNCIAN PENALMENTE A LA EX FUNCIONARIA CAROLINA AG\u00dcERO GARC\u00cdA"},"content":{"rendered":"<h3>La titular de la secretar\u00eda de Comunicaci\u00f3n hasta el 9 de diciembre pasado habr\u00eda incurrido en los delitos de negociaciones incompatibles con la funci\u00f3n p\u00fablica, malversaci\u00f3n de caudales y peculado. Habr\u00eda favorecido a su expareja con contrataciones directas millonarias.<\/h3>\n<h3>La <strong>Fiscal\u00eda de Estado<\/strong> le inici\u00f3 una denuncia penal a <strong>Carolina Ag\u00fcero Garc\u00eda<\/strong>, la exsecretaria de Medios, quien estuvo en el cargo hasta el \u00faltimo d\u00eda de la gesti\u00f3n anterior, por delitos contra la Administraci\u00f3n p\u00fablica.<\/h3>\n<h3>Seg\u00fan el escrito presentado por los abogados <strong>Juan Jos\u00e9 Chediack<\/strong>\u00a0y <strong>Santiago Calder\u00f3n Salom\u00f3n<\/strong>, en representaci\u00f3n de la Fiscal\u00eda de Estado de San Luis, Ag\u00fcero Garc\u00eda habr\u00eda protagonizado \u201cnegociaciones incompatibles al ejercicio de funciones p\u00fablicas\u201d, sin perjuicio de haber incurrido tambi\u00e9n en \u2018malversaci\u00f3n de caudales p\u00fablicos\u2019 y \u2018peculado\u2019. La responsabilidad penal podr\u00eda extenderse tambi\u00e9n a la eventual participaci\u00f3n criminal del personal contratado para servicios de log\u00edstica, eventos y promoci\u00f3n.<\/h3>\n<h3>Seg\u00fan Fiscal\u00eda de Estado, al ser designada secretaria de Comunicaci\u00f3n, la estructura a su cargo, el presupuesto asignado y las partidas reacondicionadas facilitaron el acceso a los fondos p\u00fablicos para favorecer emprendimientos cercanos, con lo que logr\u00f3 inducir contrataciones directas, incumpliendo con la ley que establece l\u00edmites a esta pr\u00e1ctica.<\/h3>\n<h3>El 5 de noviembre de 2021 el entonces <strong>Programa Medios<\/strong> contrat\u00f3 a la empresa Servicios y Consultor\u00eda San Luis S.A.P.E.M. de manera directa para servicios de gesti\u00f3n publicitaria, cuya vigencia y retribuci\u00f3n fue modificada por adenda suscripta por la exsecretaria de Comunicaci\u00f3n luego de su asunci\u00f3n, el 16 de marzo de 2022.<\/h3>\n<h3>\u201cLa funcionaria (por Ag\u00fcero Garc\u00eda), durante el periodo en donde desempe\u00f1\u00f3 su cargo, se inmiscuy\u00f3 y procedi\u00f3 a orquestar un sistema de prestaciones de servicios de promoci\u00f3n y difusi\u00f3n de actos institucionales direccionados a su expareja y progenitor de su hija, <strong>Mariano Alberto Viteri<\/strong>, dedicado a una actividad declarada en AFIP diferente a las tareas encomendadas. Desde el 23 de marzo hasta el 6 de noviembre del a\u00f1o pasado, sin excluir la posibilidad de que existan otras similares, utiliz\u00f3 a Servicios y Consultor\u00eda San Luis S.A.P.E.M. para que de manera directa y sin procedimiento licitatorio se beneficiara a personas vinculadas, autorizando 30 transferencias por un monto total de $102.328.467,01\u201d, dice la denuncia.<\/h3>\n<h3>Y no fue la \u00fanica irregularidad: \u201cEl nomenclador tributario de la inscripci\u00f3n en cuesti\u00f3n indica que las facturas son de baja nominaci\u00f3n y consecutivas, esto implica que las actividades comerciales o profesionales, eran prestadas a un solo cliente, el Estado provincial\u201d, agrega. La misma operatoria se us\u00f3 para direccionar y favorecer a la firma <strong>Pumas S.R.L<\/strong>., conformada en noviembre de 2019, cuya actividad principal, seg\u00fan la AFIP, es \u2018\u2026Servicios de Jardiner\u00eda y Mantenimiento de Espacios Verdes. Alquiler de Veh\u00edculos Automotores sin Conductor, ni Operarios\u2026\u2019. Una empresa que, en base a datos no oficiales, figura con actividades conexas a la expareja de Ag\u00fcero Garc\u00eda.<\/h3>\n<h3>\u201cLas erogaciones de una prestaci\u00f3n de servicio, en apariencia ficticia, comenzaron en diciembre de 2022 y se extendieron hasta noviembre de 2023, con un total de 18 transferencias por $89.882.758,83\u201d, ampl\u00eda el escrito, que agrega que \u201cuna trabajadora en relaci\u00f3n de dependencia declarada por la sociedad mencionada, <strong>Jessica Soledad Garc\u00eda<\/strong>, factur\u00f3 Servicios de log\u00edstica para la difusi\u00f3n de actos institucionales, en octubre y noviembre de 2023 por $4.507.604,53\u201d.<\/h3>\n<h3>Seg\u00fan Fiscal\u00eda de Estado, \u201cclaramente el esquema estuvo destinado desde el principio a desviar fondos p\u00fablicos haciendo uso de mecanismos de contrataci\u00f3n directa, sin reunir requisitos propios, para favorecer a personas y empresas cercanas\u201d. Son al menos 30 las negociaciones incompatibles llevadas a cabo por la exsecretaria de Medios, por $196.718.830,37. Se trata de la liberaci\u00f3n de fondos p\u00fablicos a personas inhabilitadas en raz\u00f3n de un v\u00ednculo.<\/h3>\n<h3>A esto hay que agregarle que, aunque la estructura operativa del \u00e1rea de Comunicaciones contaba con recurso humano disponible, decidi\u00f3 mediante una adenda (NdR: un a\u00f1adido) modificar un Contrato de Servicios de Gesti\u00f3n Publicitaria con una S.A.P.E.M. e imputarle de manera preventiva al ejercicio futuro del a\u00f1o 2023 la suma de $956 millones, con el fin de habilitar la contrataci\u00f3n directa y evitar los mecanismos de autorizaci\u00f3n administrativa y posterior control interno. Ag\u00fcero Garc\u00eda continu\u00f3 con este accionar hasta el \u00faltimo d\u00eda de su gesti\u00f3n.<\/h3>\n<p>&nbsp;<\/p>\n<p>&nbsp;<\/p>\n<p>&nbsp;<\/p>\n<p>&nbsp;<\/p>\n","protected":false},"excerpt":{"rendered":"<p>La titular de la secretar\u00eda de Comunicaci\u00f3n hasta el 9 de diciembre pasado habr\u00eda incurrido&#8230;<\/p>\n","protected":false},"author":1,"featured_media":11350,"comment_status":"closed","ping_status":"closed","sticky":false,"template":"","format":"standard","meta":{"footnotes":""},"categories":[6],"tags":[],"class_list":["post-11349","post","type-post","status-publish","format-standard","has-post-thumbnail","hentry","category-ciudad-provincia"],"yoast_head":"<!-- This site is optimized with the Yoast SEO plugin v26.1.1 - https:\/\/yoast.com\/wordpress\/plugins\/seo\/ -->\n<title>DENUNCIAN PENALMENTE A LA EX FUNCIONARIA CAROLINA AG\u00dcERO GARC\u00cdA - Apuntes de San Luis<\/title>\n<meta name=\"robots\" content=\"index, follow, max-snippet:-1, max-image-preview:large, max-video-preview:-1\" \/>\n<link rel=\"canonical\" href=\"https:\/\/apuntesdesanluis.com\/index.php\/2024\/02\/07\/denuncian-penalmente-a-la-ex-funcionaria-carolina-aguero-garcia\/\" \/>\n<meta property=\"og:locale\" content=\"es_ES\" \/>\n<meta property=\"og:type\" content=\"article\" \/>\n<meta property=\"og:title\" content=\"DENUNCIAN PENALMENTE A LA EX FUNCIONARIA CAROLINA AG\u00dcERO GARC\u00cdA - Apuntes de San Luis\" \/>\n<meta property=\"og:description\" content=\"La titular de la secretar\u00eda de Comunicaci\u00f3n hasta el 9 de diciembre pasado habr\u00eda incurrido...\" \/>\n<meta property=\"og:url\" content=\"https:\/\/apuntesdesanluis.com\/index.php\/2024\/02\/07\/denuncian-penalmente-a-la-ex-funcionaria-carolina-aguero-garcia\/\" \/>\n<meta property=\"og:site_name\" content=\"Apuntes de San Luis\" \/>\n<meta property=\"article:published_time\" content=\"2024-02-07T23:59:40+00:00\" \/>\n<meta property=\"article:modified_time\" content=\"2024-02-07T23:59:51+00:00\" \/>\n<meta property=\"og:image\" content=\"https:\/\/apuntesdesanluis.com\/wp-content\/uploads\/2024\/02\/CAROLINA-GARCIA.png\" \/>\n\t<meta property=\"og:image:width\" content=\"600\" \/>\n\t<meta property=\"og:image:height\" content=\"373\" \/>\n\t<meta property=\"og:image:type\" content=\"image\/png\" \/>\n<meta name=\"author\" content=\"apuntesdesanluis.com\" \/>\n<meta name=\"twitter:card\" content=\"summary_large_image\" \/>\n<meta name=\"twitter:label1\" content=\"Escrito por\" \/>\n\t<meta name=\"twitter:data1\" content=\"apuntesdesanluis.com\" \/>\n\t<meta name=\"twitter:label2\" content=\"Tiempo de lectura\" \/>\n\t<meta name=\"twitter:data2\" content=\"4 minutos\" \/>\n<script type=\"application\/ld+json\" class=\"yoast-schema-graph\">{\"@context\":\"https:\/\/schema.org\",\"@graph\":[{\"@type\":\"Article\",\"@id\":\"https:\/\/apuntesdesanluis.com\/index.php\/2024\/02\/07\/denuncian-penalmente-a-la-ex-funcionaria-carolina-aguero-garcia\/#article\",\"isPartOf\":{\"@id\":\"https:\/\/apuntesdesanluis.com\/index.php\/2024\/02\/07\/denuncian-penalmente-a-la-ex-funcionaria-carolina-aguero-garcia\/\"},\"author\":{\"name\":\"apuntesdesanluis.com\",\"@id\":\"https:\/\/apuntesdesanluis.com\/#\/schema\/person\/b55151d52296fcce64d1a72538a70b90\"},\"headline\":\"DENUNCIAN PENALMENTE A LA EX FUNCIONARIA CAROLINA AG\u00dcERO GARC\u00cdA\",\"datePublished\":\"2024-02-07T23:59:40+00:00\",\"dateModified\":\"2024-02-07T23:59:51+00:00\",\"mainEntityOfPage\":{\"@id\":\"https:\/\/apuntesdesanluis.com\/index.php\/2024\/02\/07\/denuncian-penalmente-a-la-ex-funcionaria-carolina-aguero-garcia\/\"},\"wordCount\":769,\"publisher\":{\"@id\":\"https:\/\/apuntesdesanluis.com\/#\/schema\/person\/b55151d52296fcce64d1a72538a70b90\"},\"image\":{\"@id\":\"https:\/\/apuntesdesanluis.com\/index.php\/2024\/02\/07\/denuncian-penalmente-a-la-ex-funcionaria-carolina-aguero-garcia\/#primaryimage\"},\"thumbnailUrl\":\"https:\/\/apuntesdesanluis.com\/wp-content\/uploads\/2024\/02\/CAROLINA-GARCIA.png\",\"articleSection\":[\"Ciudad\/Provincia\"],\"inLanguage\":\"es-AR\"},{\"@type\":\"WebPage\",\"@id\":\"https:\/\/apuntesdesanluis.com\/index.php\/2024\/02\/07\/denuncian-penalmente-a-la-ex-funcionaria-carolina-aguero-garcia\/\",\"url\":\"https:\/\/apuntesdesanluis.com\/index.php\/2024\/02\/07\/denuncian-penalmente-a-la-ex-funcionaria-carolina-aguero-garcia\/\",\"name\":\"DENUNCIAN PENALMENTE A LA EX FUNCIONARIA CAROLINA AG\u00dcERO GARC\u00cdA - Apuntes de San Luis\",\"isPartOf\":{\"@id\":\"https:\/\/apuntesdesanluis.com\/#website\"},\"primaryImageOfPage\":{\"@id\":\"https:\/\/apuntesdesanluis.com\/index.php\/2024\/02\/07\/denuncian-penalmente-a-la-ex-funcionaria-carolina-aguero-garcia\/#primaryimage\"},\"image\":{\"@id\":\"https:\/\/apuntesdesanluis.com\/index.php\/2024\/02\/07\/denuncian-penalmente-a-la-ex-funcionaria-carolina-aguero-garcia\/#primaryimage\"},\"thumbnailUrl\":\"https:\/\/apuntesdesanluis.com\/wp-content\/uploads\/2024\/02\/CAROLINA-GARCIA.png\",\"datePublished\":\"2024-02-07T23:59:40+00:00\",\"dateModified\":\"2024-02-07T23:59:51+00:00\",\"breadcrumb\":{\"@id\":\"https:\/\/apuntesdesanluis.com\/index.php\/2024\/02\/07\/denuncian-penalmente-a-la-ex-funcionaria-carolina-aguero-garcia\/#breadcrumb\"},\"inLanguage\":\"es-AR\",\"potentialAction\":[{\"@type\":\"ReadAction\",\"target\":[\"https:\/\/apuntesdesanluis.com\/index.php\/2024\/02\/07\/denuncian-penalmente-a-la-ex-funcionaria-carolina-aguero-garcia\/\"]}]},{\"@type\":\"ImageObject\",\"inLanguage\":\"es-AR\",\"@id\":\"https:\/\/apuntesdesanluis.com\/index.php\/2024\/02\/07\/denuncian-penalmente-a-la-ex-funcionaria-carolina-aguero-garcia\/#primaryimage\",\"url\":\"https:\/\/apuntesdesanluis.com\/wp-content\/uploads\/2024\/02\/CAROLINA-GARCIA.png\",\"contentUrl\":\"https:\/\/apuntesdesanluis.com\/wp-content\/uploads\/2024\/02\/CAROLINA-GARCIA.png\",\"width\":600,\"height\":373},{\"@type\":\"BreadcrumbList\",\"@id\":\"https:\/\/apuntesdesanluis.com\/index.php\/2024\/02\/07\/denuncian-penalmente-a-la-ex-funcionaria-carolina-aguero-garcia\/#breadcrumb\",\"itemListElement\":[{\"@type\":\"ListItem\",\"position\":1,\"name\":\"Inicio\",\"item\":\"https:\/\/apuntesdesanluis.com\/\"},{\"@type\":\"ListItem\",\"position\":2,\"name\":\"DENUNCIAN PENALMENTE A LA EX FUNCIONARIA CAROLINA AG\u00dcERO GARC\u00cdA\"}]},{\"@type\":\"WebSite\",\"@id\":\"https:\/\/apuntesdesanluis.com\/#website\",\"url\":\"https:\/\/apuntesdesanluis.com\/\",\"name\":\"Apuntes de San Luis\",\"description\":\"\",\"publisher\":{\"@id\":\"https:\/\/apuntesdesanluis.com\/#\/schema\/person\/b55151d52296fcce64d1a72538a70b90\"},\"potentialAction\":[{\"@type\":\"SearchAction\",\"target\":{\"@type\":\"EntryPoint\",\"urlTemplate\":\"https:\/\/apuntesdesanluis.com\/?s={search_term_string}\"},\"query-input\":{\"@type\":\"PropertyValueSpecification\",\"valueRequired\":true,\"valueName\":\"search_term_string\"}}],\"inLanguage\":\"es-AR\"},{\"@type\":[\"Person\",\"Organization\"],\"@id\":\"https:\/\/apuntesdesanluis.com\/#\/schema\/person\/b55151d52296fcce64d1a72538a70b90\",\"name\":\"apuntesdesanluis.com\",\"image\":{\"@type\":\"ImageObject\",\"inLanguage\":\"es-AR\",\"@id\":\"https:\/\/apuntesdesanluis.com\/#\/schema\/person\/image\/\",\"url\":\"https:\/\/apuntesdesanluis.com\/wp-content\/uploads\/2023\/07\/cropped-apuntesdesanluis.png\",\"contentUrl\":\"https:\/\/apuntesdesanluis.com\/wp-content\/uploads\/2023\/07\/cropped-apuntesdesanluis.png\",\"width\":450,\"height\":112,\"caption\":\"apuntesdesanluis.com\"},\"logo\":{\"@id\":\"https:\/\/apuntesdesanluis.com\/#\/schema\/person\/image\/\"},\"sameAs\":[\"https:\/\/apuntesdesanluis.com\"],\"url\":\"https:\/\/apuntesdesanluis.com\/index.php\/author\/apuntesdesanluis-com\/\"}]}<\/script>\n<!-- \/ Yoast SEO plugin. -->","yoast_head_json":{"title":"DENUNCIAN PENALMENTE A LA EX FUNCIONARIA CAROLINA AG\u00dcERO GARC\u00cdA - Apuntes de San Luis","robots":{"index":"index","follow":"follow","max-snippet":"max-snippet:-1","max-image-preview":"max-image-preview:large","max-video-preview":"max-video-preview:-1"},"canonical":"https:\/\/apuntesdesanluis.com\/index.php\/2024\/02\/07\/denuncian-penalmente-a-la-ex-funcionaria-carolina-aguero-garcia\/","og_locale":"es_ES","og_type":"article","og_title":"DENUNCIAN PENALMENTE A LA EX FUNCIONARIA CAROLINA AG\u00dcERO GARC\u00cdA - Apuntes de San Luis","og_description":"La titular de la secretar\u00eda de Comunicaci\u00f3n hasta el 9 de diciembre pasado habr\u00eda incurrido...","og_url":"https:\/\/apuntesdesanluis.com\/index.php\/2024\/02\/07\/denuncian-penalmente-a-la-ex-funcionaria-carolina-aguero-garcia\/","og_site_name":"Apuntes de San Luis","article_published_time":"2024-02-07T23:59:40+00:00","article_modified_time":"2024-02-07T23:59:51+00:00","og_image":[{"width":600,"height":373,"url":"https:\/\/apuntesdesanluis.com\/wp-content\/uploads\/2024\/02\/CAROLINA-GARCIA.png","type":"image\/png"}],"author":"apuntesdesanluis.com","twitter_card":"summary_large_image","twitter_misc":{"Escrito por":"apuntesdesanluis.com","Tiempo de lectura":"4 minutos"},"schema":{"@context":"https:\/\/schema.org","@graph":[{"@type":"Article","@id":"https:\/\/apuntesdesanluis.com\/index.php\/2024\/02\/07\/denuncian-penalmente-a-la-ex-funcionaria-carolina-aguero-garcia\/#article","isPartOf":{"@id":"https:\/\/apuntesdesanluis.com\/index.php\/2024\/02\/07\/denuncian-penalmente-a-la-ex-funcionaria-carolina-aguero-garcia\/"},"author":{"name":"apuntesdesanluis.com","@id":"https:\/\/apuntesdesanluis.com\/#\/schema\/person\/b55151d52296fcce64d1a72538a70b90"},"headline":"DENUNCIAN PENALMENTE A LA EX FUNCIONARIA CAROLINA AG\u00dcERO GARC\u00cdA","datePublished":"2024-02-07T23:59:40+00:00","dateModified":"2024-02-07T23:59:51+00:00","mainEntityOfPage":{"@id":"https:\/\/apuntesdesanluis.com\/index.php\/2024\/02\/07\/denuncian-penalmente-a-la-ex-funcionaria-carolina-aguero-garcia\/"},"wordCount":769,"publisher":{"@id":"https:\/\/apuntesdesanluis.com\/#\/schema\/person\/b55151d52296fcce64d1a72538a70b90"},"image":{"@id":"https:\/\/apuntesdesanluis.com\/index.php\/2024\/02\/07\/denuncian-penalmente-a-la-ex-funcionaria-carolina-aguero-garcia\/#primaryimage"},"thumbnailUrl":"https:\/\/apuntesdesanluis.com\/wp-content\/uploads\/2024\/02\/CAROLINA-GARCIA.png","articleSection":["Ciudad\/Provincia"],"inLanguage":"es-AR"},{"@type":"WebPage","@id":"https:\/\/apuntesdesanluis.com\/index.php\/2024\/02\/07\/denuncian-penalmente-a-la-ex-funcionaria-carolina-aguero-garcia\/","url":"https:\/\/apuntesdesanluis.com\/index.php\/2024\/02\/07\/denuncian-penalmente-a-la-ex-funcionaria-carolina-aguero-garcia\/","name":"DENUNCIAN PENALMENTE A LA EX FUNCIONARIA CAROLINA AG\u00dcERO GARC\u00cdA - Apuntes de San Luis","isPartOf":{"@id":"https:\/\/apuntesdesanluis.com\/#website"},"primaryImageOfPage":{"@id":"https:\/\/apuntesdesanluis.com\/index.php\/2024\/02\/07\/denuncian-penalmente-a-la-ex-funcionaria-carolina-aguero-garcia\/#primaryimage"},"image":{"@id":"https:\/\/apuntesdesanluis.com\/index.php\/2024\/02\/07\/denuncian-penalmente-a-la-ex-funcionaria-carolina-aguero-garcia\/#primaryimage"},"thumbnailUrl":"https:\/\/apuntesdesanluis.com\/wp-content\/uploads\/2024\/02\/CAROLINA-GARCIA.png","datePublished":"2024-02-07T23:59:40+00:00","dateModified":"2024-02-07T23:59:51+00:00","breadcrumb":{"@id":"https:\/\/apuntesdesanluis.com\/index.php\/2024\/02\/07\/denuncian-penalmente-a-la-ex-funcionaria-carolina-aguero-garcia\/#breadcrumb"},"inLanguage":"es-AR","potentialAction":[{"@type":"ReadAction","target":["https:\/\/apuntesdesanluis.com\/index.php\/2024\/02\/07\/denuncian-penalmente-a-la-ex-funcionaria-carolina-aguero-garcia\/"]}]},{"@type":"ImageObject","inLanguage":"es-AR","@id":"https:\/\/apuntesdesanluis.com\/index.php\/2024\/02\/07\/denuncian-penalmente-a-la-ex-funcionaria-carolina-aguero-garcia\/#primaryimage","url":"https:\/\/apuntesdesanluis.com\/wp-content\/uploads\/2024\/02\/CAROLINA-GARCIA.png","contentUrl":"https:\/\/apuntesdesanluis.com\/wp-content\/uploads\/2024\/02\/CAROLINA-GARCIA.png","width":600,"height":373},{"@type":"BreadcrumbList","@id":"https:\/\/apuntesdesanluis.com\/index.php\/2024\/02\/07\/denuncian-penalmente-a-la-ex-funcionaria-carolina-aguero-garcia\/#breadcrumb","itemListElement":[{"@type":"ListItem","position":1,"name":"Inicio","item":"https:\/\/apuntesdesanluis.com\/"},{"@type":"ListItem","position":2,"name":"DENUNCIAN PENALMENTE A LA EX FUNCIONARIA CAROLINA AG\u00dcERO GARC\u00cdA"}]},{"@type":"WebSite","@id":"https:\/\/apuntesdesanluis.com\/#website","url":"https:\/\/apuntesdesanluis.com\/","name":"Apuntes de San Luis","description":"","publisher":{"@id":"https:\/\/apuntesdesanluis.com\/#\/schema\/person\/b55151d52296fcce64d1a72538a70b90"},"potentialAction":[{"@type":"SearchAction","target":{"@type":"EntryPoint","urlTemplate":"https:\/\/apuntesdesanluis.com\/?s={search_term_string}"},"query-input":{"@type":"PropertyValueSpecification","valueRequired":true,"valueName":"search_term_string"}}],"inLanguage":"es-AR"},{"@type":["Person","Organization"],"@id":"https:\/\/apuntesdesanluis.com\/#\/schema\/person\/b55151d52296fcce64d1a72538a70b90","name":"apuntesdesanluis.com","image":{"@type":"ImageObject","inLanguage":"es-AR","@id":"https:\/\/apuntesdesanluis.com\/#\/schema\/person\/image\/","url":"https:\/\/apuntesdesanluis.com\/wp-content\/uploads\/2023\/07\/cropped-apuntesdesanluis.png","contentUrl":"https:\/\/apuntesdesanluis.com\/wp-content\/uploads\/2023\/07\/cropped-apuntesdesanluis.png","width":450,"height":112,"caption":"apuntesdesanluis.com"},"logo":{"@id":"https:\/\/apuntesdesanluis.com\/#\/schema\/person\/image\/"},"sameAs":["https:\/\/apuntesdesanluis.com"],"url":"https:\/\/apuntesdesanluis.com\/index.php\/author\/apuntesdesanluis-com\/"}]}},"featured_image_urls":{"full":["https:\/\/apuntesdesanluis.com\/wp-content\/uploads\/2024\/02\/CAROLINA-GARCIA.png",600,373,false],"thumbnail":["https:\/\/apuntesdesanluis.com\/wp-content\/uploads\/2024\/02\/CAROLINA-GARCIA-150x150.png",150,150,true],"medium":["https:\/\/apuntesdesanluis.com\/wp-content\/uploads\/2024\/02\/CAROLINA-GARCIA-300x187.png",300,187,true],"medium_large":["https:\/\/apuntesdesanluis.com\/wp-content\/uploads\/2024\/02\/CAROLINA-GARCIA.png",600,373,false],"large":["https:\/\/apuntesdesanluis.com\/wp-content\/uploads\/2024\/02\/CAROLINA-GARCIA.png",600,373,false],"1536x1536":["https:\/\/apuntesdesanluis.com\/wp-content\/uploads\/2024\/02\/CAROLINA-GARCIA.png",600,373,false],"2048x2048":["https:\/\/apuntesdesanluis.com\/wp-content\/uploads\/2024\/02\/CAROLINA-GARCIA.png",600,373,false],"newsever-slider-full":["https:\/\/apuntesdesanluis.com\/wp-content\/uploads\/2024\/02\/CAROLINA-GARCIA.png",600,373,false],"newsever-featured":["https:\/\/apuntesdesanluis.com\/wp-content\/uploads\/2024\/02\/CAROLINA-GARCIA.png",600,373,false],"newsever-medium":["https:\/\/apuntesdesanluis.com\/wp-content\/uploads\/2024\/02\/CAROLINA-GARCIA.png",600,373,false]},"author_info":{"display_name":"apuntesdesanluis.com","author_link":"https:\/\/apuntesdesanluis.com\/index.php\/author\/apuntesdesanluis-com\/"},"category_info":"<a href=\"https:\/\/apuntesdesanluis.com\/index.php\/category\/ciudad-provincia\/\" rel=\"category tag\">Ciudad\/Provincia<\/a>","tag_info":"Ciudad\/Provincia","comment_count":"0","_links":{"self":[{"href":"https:\/\/apuntesdesanluis.com\/index.php\/wp-json\/wp\/v2\/posts\/11349","targetHints":{"allow":["GET"]}}],"collection":[{"href":"https:\/\/apuntesdesanluis.com\/index.php\/wp-json\/wp\/v2\/posts"}],"about":[{"href":"https:\/\/apuntesdesanluis.com\/index.php\/wp-json\/wp\/v2\/types\/post"}],"author":[{"embeddable":true,"href":"https:\/\/apuntesdesanluis.com\/index.php\/wp-json\/wp\/v2\/users\/1"}],"replies":[{"embeddable":true,"href":"https:\/\/apuntesdesanluis.com\/index.php\/wp-json\/wp\/v2\/comments?post=11349"}],"version-history":[{"count":2,"href":"https:\/\/apuntesdesanluis.com\/index.php\/wp-json\/wp\/v2\/posts\/11349\/revisions"}],"predecessor-version":[{"id":11352,"href":"https:\/\/apuntesdesanluis.com\/index.php\/wp-json\/wp\/v2\/posts\/11349\/revisions\/11352"}],"wp:featuredmedia":[{"embeddable":true,"href":"https:\/\/apuntesdesanluis.com\/index.php\/wp-json\/wp\/v2\/media\/11350"}],"wp:attachment":[{"href":"https:\/\/apuntesdesanluis.com\/index.php\/wp-json\/wp\/v2\/media?parent=11349"}],"wp:term":[{"taxonomy":"category","embeddable":true,"href":"https:\/\/apuntesdesanluis.com\/index.php\/wp-json\/wp\/v2\/categories?post=11349"},{"taxonomy":"post_tag","embeddable":true,"href":"https:\/\/apuntesdesanluis.com\/index.php\/wp-json\/wp\/v2\/tags?post=11349"}],"curies":[{"name":"wp","href":"https:\/\/api.w.org\/{rel}","templated":true}]}}