{"id":11353,"date":"2024-02-07T21:48:33","date_gmt":"2024-02-08T00:48:33","guid":{"rendered":"https:\/\/apuntesdesanluis.com\/?p=11353"},"modified":"2024-02-08T01:20:08","modified_gmt":"2024-02-08T04:20:08","slug":"homicidio-de-jorge-ashworth-hoy-sera-el-control-de-acusacion","status":"publish","type":"post","link":"https:\/\/apuntesdesanluis.com\/index.php\/2024\/02\/07\/homicidio-de-jorge-ashworth-hoy-sera-el-control-de-acusacion\/","title":{"rendered":"HOMICIDIO DE JORGE ASHWORTH: HOY SER\u00c1 EL CONTROL DE ACUSACI\u00d3N"},"content":{"rendered":"<h3>La audiencia tendr\u00e1 lugar este jueves a las 10:30 hs., en el Juzgado de Garant\u00eda N\u00b01 con asiento en Concar\u00e1n, y ser\u00e1 transmitida a trav\u00e9s de YouTube.<\/h3>\n<h3>Este jueves 8 de febrero se llevar\u00e1 a cabo la audiencia de control de acusaci\u00f3n contra<strong> Pablo Ashworth<\/strong>, se\u00f1alado como presunto autor del delito de homicidio agravado por el v\u00ednculo en perjuicio de su padre <strong>Jorge \u201cTeddy\u201d Ashworth<\/strong>, hecho ocurrido el 4 de julio de 2023 en la zona rural de San Pablo, a pocos kil\u00f3metros de Tilisarao.<\/h3>\n<p><img fetchpriority=\"high\" decoding=\"async\" class=\"wp-image-11355 aligncenter\" src=\"https:\/\/apuntesdesanluis.com\/wp-content\/uploads\/2024\/02\/padre-e-hijo-300x200.png\" alt=\"\" width=\"593\" height=\"395\" srcset=\"https:\/\/apuntesdesanluis.com\/wp-content\/uploads\/2024\/02\/padre-e-hijo-300x200.png 300w, https:\/\/apuntesdesanluis.com\/wp-content\/uploads\/2024\/02\/padre-e-hijo.png 574w\" sizes=\"(max-width: 593px) 100vw, 593px\" \/><\/p>\n<h3>La audiencia comenzar\u00e1 a las 10:30 hs., y se podr\u00e1 visualizar en vivo a trav\u00e9s del Canal oficial de YouTube de la Tercera Circunscripci\u00f3n Judicial, haciendo clic en la pesta\u00f1a \u201cEn directo\u201d:<\/h3>\n<h3><span style=\"color: #3366ff;\"><a style=\"color: #3366ff;\" href=\"https:\/\/www.youtube.com\/@PoderJudicialdeSanLuis3raC\">https:\/\/www.youtube.com\/@PoderJudicialdeSanLuis3raC<\/a><\/span><\/h3>\n<h3><strong>EL HECHO<\/strong><\/h3>\n<h3>El 4 de julio de este a\u00f1o, en un establecimiento rural ubicado entre San Pablo y Tilisarao, personal de bomberos fue alertado respecto de una camioneta que estaba en llamas en el ingreso de dicho campo. Tras sofocar el fuego, hallaron en su interior un cuerpo completamente calcinado. De la pesquisa forense, se determin\u00f3 que se trataba de Jorge \u201cTeddy\u201d Ashworth, un reconocido veterinario de la zona.<\/h3>\n<p><img decoding=\"async\" class=\"wp-image-11356 aligncenter\" src=\"https:\/\/apuntesdesanluis.com\/wp-content\/uploads\/2024\/02\/camioneta-300x184.png\" alt=\"\" width=\"631\" height=\"387\" srcset=\"https:\/\/apuntesdesanluis.com\/wp-content\/uploads\/2024\/02\/camioneta-300x184.png 300w, https:\/\/apuntesdesanluis.com\/wp-content\/uploads\/2024\/02\/camioneta.png 597w\" sizes=\"(max-width: 631px) 100vw, 631px\" \/><\/p>\n<h3>Desde un primer momento, todas las sospechas recayeron sobre su hijo, Pablo Santiago Ashworth, de 48 a\u00f1os y de profesi\u00f3n veterinario al igual que su padre. De acuerdo al relato de testigos, la relaci\u00f3n entre ellos era conflictiva e, incluso, Ashworth padre ten\u00eda intenciones de denunciarlo y solicitar una prohibici\u00f3n de acercamiento para resguardar su integridad y la de su familia.<\/h3>\n<h3>El pasado 10 de julio, Pablo Ashworth fue formalmente imputado como presunto autor del delito de homicidio agravado por el v\u00ednculo, y trasladado al Servicio Penitenciario Provincial donde se encuentra cumpliendo prisi\u00f3n preventiva a la espera de la resoluci\u00f3n procesal.<\/h3>\n<p>&nbsp;<\/p>\n<p>&nbsp;<\/p>\n<p>&nbsp;<\/p>\n","protected":false},"excerpt":{"rendered":"<p>La audiencia tendr\u00e1 lugar este jueves a las 10:30 hs., en el Juzgado de Garant\u00eda&#8230;<\/p>\n","protected":false},"author":1,"featured_media":11354,"comment_status":"closed","ping_status":"closed","sticky":false,"template":"","format":"standard","meta":{"footnotes":""},"categories":[6],"tags":[],"class_list":["post-11353","post","type-post","status-publish","format-standard","has-post-thumbnail","hentry","category-ciudad-provincia"],"yoast_head":"<!-- This site is optimized with the Yoast SEO plugin v26.1.1 - https:\/\/yoast.com\/wordpress\/plugins\/seo\/ -->\n<title>HOMICIDIO DE JORGE ASHWORTH: HOY SER\u00c1 EL CONTROL DE ACUSACI\u00d3N - Apuntes de San Luis<\/title>\n<meta name=\"robots\" content=\"index, follow, max-snippet:-1, max-image-preview:large, max-video-preview:-1\" \/>\n<link rel=\"canonical\" href=\"https:\/\/apuntesdesanluis.com\/index.php\/2024\/02\/07\/homicidio-de-jorge-ashworth-hoy-sera-el-control-de-acusacion\/\" \/>\n<meta property=\"og:locale\" content=\"es_ES\" \/>\n<meta property=\"og:type\" content=\"article\" \/>\n<meta property=\"og:title\" content=\"HOMICIDIO DE JORGE ASHWORTH: HOY SER\u00c1 EL CONTROL DE ACUSACI\u00d3N - Apuntes de San Luis\" \/>\n<meta property=\"og:description\" content=\"La audiencia tendr\u00e1 lugar este jueves a las 10:30 hs., en el Juzgado de Garant\u00eda...\" \/>\n<meta property=\"og:url\" content=\"https:\/\/apuntesdesanluis.com\/index.php\/2024\/02\/07\/homicidio-de-jorge-ashworth-hoy-sera-el-control-de-acusacion\/\" \/>\n<meta property=\"og:site_name\" content=\"Apuntes de San Luis\" \/>\n<meta property=\"article:published_time\" content=\"2024-02-08T00:48:33+00:00\" \/>\n<meta property=\"article:modified_time\" content=\"2024-02-08T04:20:08+00:00\" \/>\n<meta property=\"og:image\" content=\"https:\/\/apuntesdesanluis.com\/wp-content\/uploads\/2024\/02\/victima.png\" \/>\n\t<meta property=\"og:image:width\" content=\"600\" \/>\n\t<meta property=\"og:image:height\" content=\"356\" \/>\n\t<meta property=\"og:image:type\" content=\"image\/png\" \/>\n<meta name=\"author\" content=\"apuntesdesanluis.com\" \/>\n<meta name=\"twitter:card\" content=\"summary_large_image\" \/>\n<meta name=\"twitter:label1\" content=\"Escrito por\" \/>\n\t<meta name=\"twitter:data1\" content=\"apuntesdesanluis.com\" \/>\n\t<meta name=\"twitter:label2\" content=\"Tiempo de lectura\" \/>\n\t<meta name=\"twitter:data2\" content=\"2 minutos\" \/>\n<script type=\"application\/ld+json\" class=\"yoast-schema-graph\">{\"@context\":\"https:\/\/schema.org\",\"@graph\":[{\"@type\":\"Article\",\"@id\":\"https:\/\/apuntesdesanluis.com\/index.php\/2024\/02\/07\/homicidio-de-jorge-ashworth-hoy-sera-el-control-de-acusacion\/#article\",\"isPartOf\":{\"@id\":\"https:\/\/apuntesdesanluis.com\/index.php\/2024\/02\/07\/homicidio-de-jorge-ashworth-hoy-sera-el-control-de-acusacion\/\"},\"author\":{\"name\":\"apuntesdesanluis.com\",\"@id\":\"https:\/\/apuntesdesanluis.com\/#\/schema\/person\/b55151d52296fcce64d1a72538a70b90\"},\"headline\":\"HOMICIDIO DE JORGE ASHWORTH: HOY SER\u00c1 EL CONTROL DE ACUSACI\u00d3N\",\"datePublished\":\"2024-02-08T00:48:33+00:00\",\"dateModified\":\"2024-02-08T04:20:08+00:00\",\"mainEntityOfPage\":{\"@id\":\"https:\/\/apuntesdesanluis.com\/index.php\/2024\/02\/07\/homicidio-de-jorge-ashworth-hoy-sera-el-control-de-acusacion\/\"},\"wordCount\":318,\"publisher\":{\"@id\":\"https:\/\/apuntesdesanluis.com\/#\/schema\/person\/b55151d52296fcce64d1a72538a70b90\"},\"image\":{\"@id\":\"https:\/\/apuntesdesanluis.com\/index.php\/2024\/02\/07\/homicidio-de-jorge-ashworth-hoy-sera-el-control-de-acusacion\/#primaryimage\"},\"thumbnailUrl\":\"https:\/\/apuntesdesanluis.com\/wp-content\/uploads\/2024\/02\/victima.png\",\"articleSection\":[\"Ciudad\/Provincia\"],\"inLanguage\":\"es-AR\"},{\"@type\":\"WebPage\",\"@id\":\"https:\/\/apuntesdesanluis.com\/index.php\/2024\/02\/07\/homicidio-de-jorge-ashworth-hoy-sera-el-control-de-acusacion\/\",\"url\":\"https:\/\/apuntesdesanluis.com\/index.php\/2024\/02\/07\/homicidio-de-jorge-ashworth-hoy-sera-el-control-de-acusacion\/\",\"name\":\"HOMICIDIO DE JORGE ASHWORTH: HOY SER\u00c1 EL CONTROL DE ACUSACI\u00d3N - Apuntes de San Luis\",\"isPartOf\":{\"@id\":\"https:\/\/apuntesdesanluis.com\/#website\"},\"primaryImageOfPage\":{\"@id\":\"https:\/\/apuntesdesanluis.com\/index.php\/2024\/02\/07\/homicidio-de-jorge-ashworth-hoy-sera-el-control-de-acusacion\/#primaryimage\"},\"image\":{\"@id\":\"https:\/\/apuntesdesanluis.com\/index.php\/2024\/02\/07\/homicidio-de-jorge-ashworth-hoy-sera-el-control-de-acusacion\/#primaryimage\"},\"thumbnailUrl\":\"https:\/\/apuntesdesanluis.com\/wp-content\/uploads\/2024\/02\/victima.png\",\"datePublished\":\"2024-02-08T00:48:33+00:00\",\"dateModified\":\"2024-02-08T04:20:08+00:00\",\"breadcrumb\":{\"@id\":\"https:\/\/apuntesdesanluis.com\/index.php\/2024\/02\/07\/homicidio-de-jorge-ashworth-hoy-sera-el-control-de-acusacion\/#breadcrumb\"},\"inLanguage\":\"es-AR\",\"potentialAction\":[{\"@type\":\"ReadAction\",\"target\":[\"https:\/\/apuntesdesanluis.com\/index.php\/2024\/02\/07\/homicidio-de-jorge-ashworth-hoy-sera-el-control-de-acusacion\/\"]}]},{\"@type\":\"ImageObject\",\"inLanguage\":\"es-AR\",\"@id\":\"https:\/\/apuntesdesanluis.com\/index.php\/2024\/02\/07\/homicidio-de-jorge-ashworth-hoy-sera-el-control-de-acusacion\/#primaryimage\",\"url\":\"https:\/\/apuntesdesanluis.com\/wp-content\/uploads\/2024\/02\/victima.png\",\"contentUrl\":\"https:\/\/apuntesdesanluis.com\/wp-content\/uploads\/2024\/02\/victima.png\",\"width\":600,\"height\":356},{\"@type\":\"BreadcrumbList\",\"@id\":\"https:\/\/apuntesdesanluis.com\/index.php\/2024\/02\/07\/homicidio-de-jorge-ashworth-hoy-sera-el-control-de-acusacion\/#breadcrumb\",\"itemListElement\":[{\"@type\":\"ListItem\",\"position\":1,\"name\":\"Inicio\",\"item\":\"https:\/\/apuntesdesanluis.com\/\"},{\"@type\":\"ListItem\",\"position\":2,\"name\":\"HOMICIDIO DE JORGE ASHWORTH: HOY SER\u00c1 EL CONTROL DE ACUSACI\u00d3N\"}]},{\"@type\":\"WebSite\",\"@id\":\"https:\/\/apuntesdesanluis.com\/#website\",\"url\":\"https:\/\/apuntesdesanluis.com\/\",\"name\":\"Apuntes de San Luis\",\"description\":\"\",\"publisher\":{\"@id\":\"https:\/\/apuntesdesanluis.com\/#\/schema\/person\/b55151d52296fcce64d1a72538a70b90\"},\"potentialAction\":[{\"@type\":\"SearchAction\",\"target\":{\"@type\":\"EntryPoint\",\"urlTemplate\":\"https:\/\/apuntesdesanluis.com\/?s={search_term_string}\"},\"query-input\":{\"@type\":\"PropertyValueSpecification\",\"valueRequired\":true,\"valueName\":\"search_term_string\"}}],\"inLanguage\":\"es-AR\"},{\"@type\":[\"Person\",\"Organization\"],\"@id\":\"https:\/\/apuntesdesanluis.com\/#\/schema\/person\/b55151d52296fcce64d1a72538a70b90\",\"name\":\"apuntesdesanluis.com\",\"image\":{\"@type\":\"ImageObject\",\"inLanguage\":\"es-AR\",\"@id\":\"https:\/\/apuntesdesanluis.com\/#\/schema\/person\/image\/\",\"url\":\"https:\/\/apuntesdesanluis.com\/wp-content\/uploads\/2023\/07\/cropped-apuntesdesanluis.png\",\"contentUrl\":\"https:\/\/apuntesdesanluis.com\/wp-content\/uploads\/2023\/07\/cropped-apuntesdesanluis.png\",\"width\":450,\"height\":112,\"caption\":\"apuntesdesanluis.com\"},\"logo\":{\"@id\":\"https:\/\/apuntesdesanluis.com\/#\/schema\/person\/image\/\"},\"sameAs\":[\"https:\/\/apuntesdesanluis.com\"],\"url\":\"https:\/\/apuntesdesanluis.com\/index.php\/author\/apuntesdesanluis-com\/\"}]}<\/script>\n<!-- \/ Yoast SEO plugin. -->","yoast_head_json":{"title":"HOMICIDIO DE JORGE ASHWORTH: HOY SER\u00c1 EL CONTROL DE ACUSACI\u00d3N - Apuntes de San Luis","robots":{"index":"index","follow":"follow","max-snippet":"max-snippet:-1","max-image-preview":"max-image-preview:large","max-video-preview":"max-video-preview:-1"},"canonical":"https:\/\/apuntesdesanluis.com\/index.php\/2024\/02\/07\/homicidio-de-jorge-ashworth-hoy-sera-el-control-de-acusacion\/","og_locale":"es_ES","og_type":"article","og_title":"HOMICIDIO DE JORGE ASHWORTH: HOY SER\u00c1 EL CONTROL DE ACUSACI\u00d3N - Apuntes de San Luis","og_description":"La audiencia tendr\u00e1 lugar este jueves a las 10:30 hs., en el Juzgado de Garant\u00eda...","og_url":"https:\/\/apuntesdesanluis.com\/index.php\/2024\/02\/07\/homicidio-de-jorge-ashworth-hoy-sera-el-control-de-acusacion\/","og_site_name":"Apuntes de San Luis","article_published_time":"2024-02-08T00:48:33+00:00","article_modified_time":"2024-02-08T04:20:08+00:00","og_image":[{"width":600,"height":356,"url":"https:\/\/apuntesdesanluis.com\/wp-content\/uploads\/2024\/02\/victima.png","type":"image\/png"}],"author":"apuntesdesanluis.com","twitter_card":"summary_large_image","twitter_misc":{"Escrito por":"apuntesdesanluis.com","Tiempo de lectura":"2 minutos"},"schema":{"@context":"https:\/\/schema.org","@graph":[{"@type":"Article","@id":"https:\/\/apuntesdesanluis.com\/index.php\/2024\/02\/07\/homicidio-de-jorge-ashworth-hoy-sera-el-control-de-acusacion\/#article","isPartOf":{"@id":"https:\/\/apuntesdesanluis.com\/index.php\/2024\/02\/07\/homicidio-de-jorge-ashworth-hoy-sera-el-control-de-acusacion\/"},"author":{"name":"apuntesdesanluis.com","@id":"https:\/\/apuntesdesanluis.com\/#\/schema\/person\/b55151d52296fcce64d1a72538a70b90"},"headline":"HOMICIDIO DE JORGE ASHWORTH: HOY SER\u00c1 EL CONTROL DE ACUSACI\u00d3N","datePublished":"2024-02-08T00:48:33+00:00","dateModified":"2024-02-08T04:20:08+00:00","mainEntityOfPage":{"@id":"https:\/\/apuntesdesanluis.com\/index.php\/2024\/02\/07\/homicidio-de-jorge-ashworth-hoy-sera-el-control-de-acusacion\/"},"wordCount":318,"publisher":{"@id":"https:\/\/apuntesdesanluis.com\/#\/schema\/person\/b55151d52296fcce64d1a72538a70b90"},"image":{"@id":"https:\/\/apuntesdesanluis.com\/index.php\/2024\/02\/07\/homicidio-de-jorge-ashworth-hoy-sera-el-control-de-acusacion\/#primaryimage"},"thumbnailUrl":"https:\/\/apuntesdesanluis.com\/wp-content\/uploads\/2024\/02\/victima.png","articleSection":["Ciudad\/Provincia"],"inLanguage":"es-AR"},{"@type":"WebPage","@id":"https:\/\/apuntesdesanluis.com\/index.php\/2024\/02\/07\/homicidio-de-jorge-ashworth-hoy-sera-el-control-de-acusacion\/","url":"https:\/\/apuntesdesanluis.com\/index.php\/2024\/02\/07\/homicidio-de-jorge-ashworth-hoy-sera-el-control-de-acusacion\/","name":"HOMICIDIO DE JORGE ASHWORTH: HOY SER\u00c1 EL CONTROL DE ACUSACI\u00d3N - Apuntes de San Luis","isPartOf":{"@id":"https:\/\/apuntesdesanluis.com\/#website"},"primaryImageOfPage":{"@id":"https:\/\/apuntesdesanluis.com\/index.php\/2024\/02\/07\/homicidio-de-jorge-ashworth-hoy-sera-el-control-de-acusacion\/#primaryimage"},"image":{"@id":"https:\/\/apuntesdesanluis.com\/index.php\/2024\/02\/07\/homicidio-de-jorge-ashworth-hoy-sera-el-control-de-acusacion\/#primaryimage"},"thumbnailUrl":"https:\/\/apuntesdesanluis.com\/wp-content\/uploads\/2024\/02\/victima.png","datePublished":"2024-02-08T00:48:33+00:00","dateModified":"2024-02-08T04:20:08+00:00","breadcrumb":{"@id":"https:\/\/apuntesdesanluis.com\/index.php\/2024\/02\/07\/homicidio-de-jorge-ashworth-hoy-sera-el-control-de-acusacion\/#breadcrumb"},"inLanguage":"es-AR","potentialAction":[{"@type":"ReadAction","target":["https:\/\/apuntesdesanluis.com\/index.php\/2024\/02\/07\/homicidio-de-jorge-ashworth-hoy-sera-el-control-de-acusacion\/"]}]},{"@type":"ImageObject","inLanguage":"es-AR","@id":"https:\/\/apuntesdesanluis.com\/index.php\/2024\/02\/07\/homicidio-de-jorge-ashworth-hoy-sera-el-control-de-acusacion\/#primaryimage","url":"https:\/\/apuntesdesanluis.com\/wp-content\/uploads\/2024\/02\/victima.png","contentUrl":"https:\/\/apuntesdesanluis.com\/wp-content\/uploads\/2024\/02\/victima.png","width":600,"height":356},{"@type":"BreadcrumbList","@id":"https:\/\/apuntesdesanluis.com\/index.php\/2024\/02\/07\/homicidio-de-jorge-ashworth-hoy-sera-el-control-de-acusacion\/#breadcrumb","itemListElement":[{"@type":"ListItem","position":1,"name":"Inicio","item":"https:\/\/apuntesdesanluis.com\/"},{"@type":"ListItem","position":2,"name":"HOMICIDIO DE JORGE ASHWORTH: HOY SER\u00c1 EL CONTROL DE ACUSACI\u00d3N"}]},{"@type":"WebSite","@id":"https:\/\/apuntesdesanluis.com\/#website","url":"https:\/\/apuntesdesanluis.com\/","name":"Apuntes de San Luis","description":"","publisher":{"@id":"https:\/\/apuntesdesanluis.com\/#\/schema\/person\/b55151d52296fcce64d1a72538a70b90"},"potentialAction":[{"@type":"SearchAction","target":{"@type":"EntryPoint","urlTemplate":"https:\/\/apuntesdesanluis.com\/?s={search_term_string}"},"query-input":{"@type":"PropertyValueSpecification","valueRequired":true,"valueName":"search_term_string"}}],"inLanguage":"es-AR"},{"@type":["Person","Organization"],"@id":"https:\/\/apuntesdesanluis.com\/#\/schema\/person\/b55151d52296fcce64d1a72538a70b90","name":"apuntesdesanluis.com","image":{"@type":"ImageObject","inLanguage":"es-AR","@id":"https:\/\/apuntesdesanluis.com\/#\/schema\/person\/image\/","url":"https:\/\/apuntesdesanluis.com\/wp-content\/uploads\/2023\/07\/cropped-apuntesdesanluis.png","contentUrl":"https:\/\/apuntesdesanluis.com\/wp-content\/uploads\/2023\/07\/cropped-apuntesdesanluis.png","width":450,"height":112,"caption":"apuntesdesanluis.com"},"logo":{"@id":"https:\/\/apuntesdesanluis.com\/#\/schema\/person\/image\/"},"sameAs":["https:\/\/apuntesdesanluis.com"],"url":"https:\/\/apuntesdesanluis.com\/index.php\/author\/apuntesdesanluis-com\/"}]}},"featured_image_urls":{"full":["https:\/\/apuntesdesanluis.com\/wp-content\/uploads\/2024\/02\/victima.png",600,356,false],"thumbnail":["https:\/\/apuntesdesanluis.com\/wp-content\/uploads\/2024\/02\/victima-150x150.png",150,150,true],"medium":["https:\/\/apuntesdesanluis.com\/wp-content\/uploads\/2024\/02\/victima-300x178.png",300,178,true],"medium_large":["https:\/\/apuntesdesanluis.com\/wp-content\/uploads\/2024\/02\/victima.png",600,356,false],"large":["https:\/\/apuntesdesanluis.com\/wp-content\/uploads\/2024\/02\/victima.png",600,356,false],"1536x1536":["https:\/\/apuntesdesanluis.com\/wp-content\/uploads\/2024\/02\/victima.png",600,356,false],"2048x2048":["https:\/\/apuntesdesanluis.com\/wp-content\/uploads\/2024\/02\/victima.png",600,356,false],"newsever-slider-full":["https:\/\/apuntesdesanluis.com\/wp-content\/uploads\/2024\/02\/victima.png",600,356,false],"newsever-featured":["https:\/\/apuntesdesanluis.com\/wp-content\/uploads\/2024\/02\/victima.png",600,356,false],"newsever-medium":["https:\/\/apuntesdesanluis.com\/wp-content\/uploads\/2024\/02\/victima.png",600,356,false]},"author_info":{"display_name":"apuntesdesanluis.com","author_link":"https:\/\/apuntesdesanluis.com\/index.php\/author\/apuntesdesanluis-com\/"},"category_info":"<a href=\"https:\/\/apuntesdesanluis.com\/index.php\/category\/ciudad-provincia\/\" rel=\"category tag\">Ciudad\/Provincia<\/a>","tag_info":"Ciudad\/Provincia","comment_count":"0","_links":{"self":[{"href":"https:\/\/apuntesdesanluis.com\/index.php\/wp-json\/wp\/v2\/posts\/11353","targetHints":{"allow":["GET"]}}],"collection":[{"href":"https:\/\/apuntesdesanluis.com\/index.php\/wp-json\/wp\/v2\/posts"}],"about":[{"href":"https:\/\/apuntesdesanluis.com\/index.php\/wp-json\/wp\/v2\/types\/post"}],"author":[{"embeddable":true,"href":"https:\/\/apuntesdesanluis.com\/index.php\/wp-json\/wp\/v2\/users\/1"}],"replies":[{"embeddable":true,"href":"https:\/\/apuntesdesanluis.com\/index.php\/wp-json\/wp\/v2\/comments?post=11353"}],"version-history":[{"count":4,"href":"https:\/\/apuntesdesanluis.com\/index.php\/wp-json\/wp\/v2\/posts\/11353\/revisions"}],"predecessor-version":[{"id":11414,"href":"https:\/\/apuntesdesanluis.com\/index.php\/wp-json\/wp\/v2\/posts\/11353\/revisions\/11414"}],"wp:featuredmedia":[{"embeddable":true,"href":"https:\/\/apuntesdesanluis.com\/index.php\/wp-json\/wp\/v2\/media\/11354"}],"wp:attachment":[{"href":"https:\/\/apuntesdesanluis.com\/index.php\/wp-json\/wp\/v2\/media?parent=11353"}],"wp:term":[{"taxonomy":"category","embeddable":true,"href":"https:\/\/apuntesdesanluis.com\/index.php\/wp-json\/wp\/v2\/categories?post=11353"},{"taxonomy":"post_tag","embeddable":true,"href":"https:\/\/apuntesdesanluis.com\/index.php\/wp-json\/wp\/v2\/tags?post=11353"}],"curies":[{"name":"wp","href":"https:\/\/api.w.org\/{rel}","templated":true}]}}