{"id":11371,"date":"2024-02-07T21:58:53","date_gmt":"2024-02-08T00:58:53","guid":{"rendered":"https:\/\/apuntesdesanluis.com\/?p=11371"},"modified":"2024-02-07T21:58:53","modified_gmt":"2024-02-08T00:58:53","slug":"la-unvime-da-la-bienvenida-este-jueves-a-los-nuevos-ingresantes","status":"publish","type":"post","link":"https:\/\/apuntesdesanluis.com\/index.php\/2024\/02\/07\/la-unvime-da-la-bienvenida-este-jueves-a-los-nuevos-ingresantes\/","title":{"rendered":"LA UNVIME DA LA BIENVENIDA ESTE JUEVES A LOS NUEVOS INGRESANTES"},"content":{"rendered":"<h3>El Rector <strong>Marcelo Sosa<\/strong> invita a la comunidad universitaria al acto que se desarrollar\u00e1 este <strong>jueves 8 de febrero<\/strong>, para dar la bienvenida a los nuevos ingresantes al Ciclo Lectivo 2024.<\/h3>\n<h3>El Secretario Acad\u00e9mico y de Posgrado, Lic. <strong>Enrique Chiesa<\/strong>, indic\u00f3 que se ha citado a los ingresantes a partir de la hora 10:00, en instalaciones del Aula Magna (Jun\u00edn 132).<\/h3>\n<h3>En la oportunidad dirigir\u00e1 palabras alusivas el Rector Marcelo Sosa y luego se han programado distintas charlas y actividades dirigidas a los nuevos ingresantes.<\/h3>\n<p><img fetchpriority=\"high\" decoding=\"async\" class=\"wp-image-11373 aligncenter\" src=\"https:\/\/apuntesdesanluis.com\/wp-content\/uploads\/2024\/02\/Imagen-de-WhatsApp-2024-02-07-a-las-18.54.56_d28c7491-169x300.jpg\" alt=\"\" width=\"461\" height=\"818\" srcset=\"https:\/\/apuntesdesanluis.com\/wp-content\/uploads\/2024\/02\/Imagen-de-WhatsApp-2024-02-07-a-las-18.54.56_d28c7491-169x300.jpg 169w, https:\/\/apuntesdesanluis.com\/wp-content\/uploads\/2024\/02\/Imagen-de-WhatsApp-2024-02-07-a-las-18.54.56_d28c7491-768x1365.jpg 768w\" sizes=\"(max-width: 461px) 100vw, 461px\" \/><\/p>\n<h3>\u201cHemos preparado una serie de acciones, junto con la Secretar\u00eda de Asuntos Estudiantes y Bienestar Universitario y el personal del Curso de Apoyo al Ingresante (CAI), entre otras \u00e1reas, para que los chicos se sientan c\u00f3modos y contenidos en esta nueva etapa que inician en sus vidas, para hacer confortable la transici\u00f3n desde la secundaria al \u00e1mbito universitario\u201d, indic\u00f3 Chiesa.<\/h3>\n<h3><strong>COOPERACI\u00d3N CON LA PROVINCIA<\/strong><\/h3>\n<h3>Por otro lado, el Dr. Marcelo Sosa mantuvo d\u00edas atr\u00e1s un primer encuentro con el titular de la cartera educativa de la provincia, <strong>Guillermo Araujo<\/strong>.<\/h3>\n<h3>En la oportunidad acordaron \u201cavanzar en acciones y herramientas que permitan afianzar el v\u00ednculo entre los estudiantes del nivel secundario y el ambiente universitario\u201d.<\/h3>\n<h3>Otros temas fueron los que han sido definidos como los principales ejes de gesti\u00f3n en el plano educativo: el anuncio de la \u201cuniversalizaci\u00f3n de la sala de 3 a\u00f1os del Nivel Inicial en todo el territorio provincial y el proyecto de alfabetizaci\u00f3n inicial\u00bb.<\/h3>\n<h3><img decoding=\"async\" class=\"wp-image-11372 aligncenter\" src=\"https:\/\/apuntesdesanluis.com\/wp-content\/uploads\/2024\/02\/araujo-y-sosa-300x175.png\" alt=\"\" width=\"638\" height=\"372\" srcset=\"https:\/\/apuntesdesanluis.com\/wp-content\/uploads\/2024\/02\/araujo-y-sosa-300x175.png 300w, https:\/\/apuntesdesanluis.com\/wp-content\/uploads\/2024\/02\/araujo-y-sosa.png 586w\" sizes=\"(max-width: 638px) 100vw, 638px\" \/><\/h3>\n<h3>Durante el encuentro se dialog\u00f3 sobre \u201cideas y herramientas que cada sector puede poner a disposici\u00f3n a fin de consolidar acciones a corto, mediano y largo plazo, para el logro de un mejor v\u00ednculo entre la educaci\u00f3n obligatoria y el nivel superior\u201d.<\/h3>\n<h3>El rector, que se desempe\u00f1\u00f3 como ministro de Educaci\u00f3n de la provincia en el per\u00edodo 2011-2015, lo felicit\u00f3 por las iniciativas y se puso a disposici\u00f3n para colaborar en lo que sea necesario desde la UNViMe.<\/h3>\n<p>&nbsp;<\/p>\n<p>&nbsp;<\/p>\n<p>&nbsp;<\/p>\n<p>&nbsp;<\/p>\n<p>&nbsp;<\/p>\n<p>&nbsp;<\/p>\n<p>&nbsp;<\/p>\n<p>&nbsp;<\/p>\n","protected":false},"excerpt":{"rendered":"<p>El Rector Marcelo Sosa invita a la comunidad universitaria al acto que se desarrollar\u00e1 este&#8230;<\/p>\n","protected":false},"author":1,"featured_media":11374,"comment_status":"closed","ping_status":"closed","sticky":false,"template":"","format":"standard","meta":{"footnotes":""},"categories":[6],"tags":[],"class_list":["post-11371","post","type-post","status-publish","format-standard","has-post-thumbnail","hentry","category-ciudad-provincia"],"yoast_head":"<!-- This site is optimized with the Yoast SEO plugin v26.1.1 - https:\/\/yoast.com\/wordpress\/plugins\/seo\/ -->\n<title>LA UNVIME DA LA BIENVENIDA ESTE JUEVES A LOS NUEVOS INGRESANTES - Apuntes de San Luis<\/title>\n<meta name=\"robots\" content=\"index, follow, max-snippet:-1, max-image-preview:large, max-video-preview:-1\" \/>\n<link rel=\"canonical\" href=\"https:\/\/apuntesdesanluis.com\/index.php\/2024\/02\/07\/la-unvime-da-la-bienvenida-este-jueves-a-los-nuevos-ingresantes\/\" \/>\n<meta property=\"og:locale\" content=\"es_ES\" \/>\n<meta property=\"og:type\" content=\"article\" \/>\n<meta property=\"og:title\" content=\"LA UNVIME DA LA BIENVENIDA ESTE JUEVES A LOS NUEVOS INGRESANTES - Apuntes de San Luis\" \/>\n<meta property=\"og:description\" content=\"El Rector Marcelo Sosa invita a la comunidad universitaria al acto que se desarrollar\u00e1 este...\" \/>\n<meta property=\"og:url\" content=\"https:\/\/apuntesdesanluis.com\/index.php\/2024\/02\/07\/la-unvime-da-la-bienvenida-este-jueves-a-los-nuevos-ingresantes\/\" \/>\n<meta property=\"og:site_name\" content=\"Apuntes de San Luis\" \/>\n<meta property=\"article:published_time\" content=\"2024-02-08T00:58:53+00:00\" \/>\n<meta property=\"og:image\" content=\"https:\/\/apuntesdesanluis.com\/wp-content\/uploads\/2024\/02\/aula-magna.png\" \/>\n\t<meta property=\"og:image:width\" content=\"577\" \/>\n\t<meta property=\"og:image:height\" content=\"323\" \/>\n\t<meta property=\"og:image:type\" content=\"image\/png\" \/>\n<meta name=\"author\" content=\"apuntesdesanluis.com\" \/>\n<meta name=\"twitter:card\" content=\"summary_large_image\" \/>\n<meta name=\"twitter:label1\" content=\"Escrito por\" \/>\n\t<meta name=\"twitter:data1\" content=\"apuntesdesanluis.com\" \/>\n\t<meta name=\"twitter:label2\" content=\"Tiempo de lectura\" \/>\n\t<meta name=\"twitter:data2\" content=\"2 minutos\" \/>\n<script type=\"application\/ld+json\" class=\"yoast-schema-graph\">{\"@context\":\"https:\/\/schema.org\",\"@graph\":[{\"@type\":\"Article\",\"@id\":\"https:\/\/apuntesdesanluis.com\/index.php\/2024\/02\/07\/la-unvime-da-la-bienvenida-este-jueves-a-los-nuevos-ingresantes\/#article\",\"isPartOf\":{\"@id\":\"https:\/\/apuntesdesanluis.com\/index.php\/2024\/02\/07\/la-unvime-da-la-bienvenida-este-jueves-a-los-nuevos-ingresantes\/\"},\"author\":{\"name\":\"apuntesdesanluis.com\",\"@id\":\"https:\/\/apuntesdesanluis.com\/#\/schema\/person\/b55151d52296fcce64d1a72538a70b90\"},\"headline\":\"LA UNVIME DA LA BIENVENIDA ESTE JUEVES A LOS NUEVOS INGRESANTES\",\"datePublished\":\"2024-02-08T00:58:53+00:00\",\"mainEntityOfPage\":{\"@id\":\"https:\/\/apuntesdesanluis.com\/index.php\/2024\/02\/07\/la-unvime-da-la-bienvenida-este-jueves-a-los-nuevos-ingresantes\/\"},\"wordCount\":352,\"publisher\":{\"@id\":\"https:\/\/apuntesdesanluis.com\/#\/schema\/person\/b55151d52296fcce64d1a72538a70b90\"},\"image\":{\"@id\":\"https:\/\/apuntesdesanluis.com\/index.php\/2024\/02\/07\/la-unvime-da-la-bienvenida-este-jueves-a-los-nuevos-ingresantes\/#primaryimage\"},\"thumbnailUrl\":\"https:\/\/apuntesdesanluis.com\/wp-content\/uploads\/2024\/02\/aula-magna.png\",\"articleSection\":[\"Ciudad\/Provincia\"],\"inLanguage\":\"es-AR\"},{\"@type\":\"WebPage\",\"@id\":\"https:\/\/apuntesdesanluis.com\/index.php\/2024\/02\/07\/la-unvime-da-la-bienvenida-este-jueves-a-los-nuevos-ingresantes\/\",\"url\":\"https:\/\/apuntesdesanluis.com\/index.php\/2024\/02\/07\/la-unvime-da-la-bienvenida-este-jueves-a-los-nuevos-ingresantes\/\",\"name\":\"LA UNVIME DA LA BIENVENIDA ESTE JUEVES A LOS NUEVOS INGRESANTES - Apuntes de San Luis\",\"isPartOf\":{\"@id\":\"https:\/\/apuntesdesanluis.com\/#website\"},\"primaryImageOfPage\":{\"@id\":\"https:\/\/apuntesdesanluis.com\/index.php\/2024\/02\/07\/la-unvime-da-la-bienvenida-este-jueves-a-los-nuevos-ingresantes\/#primaryimage\"},\"image\":{\"@id\":\"https:\/\/apuntesdesanluis.com\/index.php\/2024\/02\/07\/la-unvime-da-la-bienvenida-este-jueves-a-los-nuevos-ingresantes\/#primaryimage\"},\"thumbnailUrl\":\"https:\/\/apuntesdesanluis.com\/wp-content\/uploads\/2024\/02\/aula-magna.png\",\"datePublished\":\"2024-02-08T00:58:53+00:00\",\"breadcrumb\":{\"@id\":\"https:\/\/apuntesdesanluis.com\/index.php\/2024\/02\/07\/la-unvime-da-la-bienvenida-este-jueves-a-los-nuevos-ingresantes\/#breadcrumb\"},\"inLanguage\":\"es-AR\",\"potentialAction\":[{\"@type\":\"ReadAction\",\"target\":[\"https:\/\/apuntesdesanluis.com\/index.php\/2024\/02\/07\/la-unvime-da-la-bienvenida-este-jueves-a-los-nuevos-ingresantes\/\"]}]},{\"@type\":\"ImageObject\",\"inLanguage\":\"es-AR\",\"@id\":\"https:\/\/apuntesdesanluis.com\/index.php\/2024\/02\/07\/la-unvime-da-la-bienvenida-este-jueves-a-los-nuevos-ingresantes\/#primaryimage\",\"url\":\"https:\/\/apuntesdesanluis.com\/wp-content\/uploads\/2024\/02\/aula-magna.png\",\"contentUrl\":\"https:\/\/apuntesdesanluis.com\/wp-content\/uploads\/2024\/02\/aula-magna.png\",\"width\":577,\"height\":323},{\"@type\":\"BreadcrumbList\",\"@id\":\"https:\/\/apuntesdesanluis.com\/index.php\/2024\/02\/07\/la-unvime-da-la-bienvenida-este-jueves-a-los-nuevos-ingresantes\/#breadcrumb\",\"itemListElement\":[{\"@type\":\"ListItem\",\"position\":1,\"name\":\"Inicio\",\"item\":\"https:\/\/apuntesdesanluis.com\/\"},{\"@type\":\"ListItem\",\"position\":2,\"name\":\"LA UNVIME DA LA BIENVENIDA ESTE JUEVES A LOS NUEVOS INGRESANTES\"}]},{\"@type\":\"WebSite\",\"@id\":\"https:\/\/apuntesdesanluis.com\/#website\",\"url\":\"https:\/\/apuntesdesanluis.com\/\",\"name\":\"Apuntes de San Luis\",\"description\":\"\",\"publisher\":{\"@id\":\"https:\/\/apuntesdesanluis.com\/#\/schema\/person\/b55151d52296fcce64d1a72538a70b90\"},\"potentialAction\":[{\"@type\":\"SearchAction\",\"target\":{\"@type\":\"EntryPoint\",\"urlTemplate\":\"https:\/\/apuntesdesanluis.com\/?s={search_term_string}\"},\"query-input\":{\"@type\":\"PropertyValueSpecification\",\"valueRequired\":true,\"valueName\":\"search_term_string\"}}],\"inLanguage\":\"es-AR\"},{\"@type\":[\"Person\",\"Organization\"],\"@id\":\"https:\/\/apuntesdesanluis.com\/#\/schema\/person\/b55151d52296fcce64d1a72538a70b90\",\"name\":\"apuntesdesanluis.com\",\"image\":{\"@type\":\"ImageObject\",\"inLanguage\":\"es-AR\",\"@id\":\"https:\/\/apuntesdesanluis.com\/#\/schema\/person\/image\/\",\"url\":\"https:\/\/apuntesdesanluis.com\/wp-content\/uploads\/2023\/07\/cropped-apuntesdesanluis.png\",\"contentUrl\":\"https:\/\/apuntesdesanluis.com\/wp-content\/uploads\/2023\/07\/cropped-apuntesdesanluis.png\",\"width\":450,\"height\":112,\"caption\":\"apuntesdesanluis.com\"},\"logo\":{\"@id\":\"https:\/\/apuntesdesanluis.com\/#\/schema\/person\/image\/\"},\"sameAs\":[\"https:\/\/apuntesdesanluis.com\"],\"url\":\"https:\/\/apuntesdesanluis.com\/index.php\/author\/apuntesdesanluis-com\/\"}]}<\/script>\n<!-- \/ Yoast SEO plugin. -->","yoast_head_json":{"title":"LA UNVIME DA LA BIENVENIDA ESTE JUEVES A LOS NUEVOS INGRESANTES - Apuntes de San Luis","robots":{"index":"index","follow":"follow","max-snippet":"max-snippet:-1","max-image-preview":"max-image-preview:large","max-video-preview":"max-video-preview:-1"},"canonical":"https:\/\/apuntesdesanluis.com\/index.php\/2024\/02\/07\/la-unvime-da-la-bienvenida-este-jueves-a-los-nuevos-ingresantes\/","og_locale":"es_ES","og_type":"article","og_title":"LA UNVIME DA LA BIENVENIDA ESTE JUEVES A LOS NUEVOS INGRESANTES - Apuntes de San Luis","og_description":"El Rector Marcelo Sosa invita a la comunidad universitaria al acto que se desarrollar\u00e1 este...","og_url":"https:\/\/apuntesdesanluis.com\/index.php\/2024\/02\/07\/la-unvime-da-la-bienvenida-este-jueves-a-los-nuevos-ingresantes\/","og_site_name":"Apuntes de San Luis","article_published_time":"2024-02-08T00:58:53+00:00","og_image":[{"width":577,"height":323,"url":"https:\/\/apuntesdesanluis.com\/wp-content\/uploads\/2024\/02\/aula-magna.png","type":"image\/png"}],"author":"apuntesdesanluis.com","twitter_card":"summary_large_image","twitter_misc":{"Escrito por":"apuntesdesanluis.com","Tiempo de lectura":"2 minutos"},"schema":{"@context":"https:\/\/schema.org","@graph":[{"@type":"Article","@id":"https:\/\/apuntesdesanluis.com\/index.php\/2024\/02\/07\/la-unvime-da-la-bienvenida-este-jueves-a-los-nuevos-ingresantes\/#article","isPartOf":{"@id":"https:\/\/apuntesdesanluis.com\/index.php\/2024\/02\/07\/la-unvime-da-la-bienvenida-este-jueves-a-los-nuevos-ingresantes\/"},"author":{"name":"apuntesdesanluis.com","@id":"https:\/\/apuntesdesanluis.com\/#\/schema\/person\/b55151d52296fcce64d1a72538a70b90"},"headline":"LA UNVIME DA LA BIENVENIDA ESTE JUEVES A LOS NUEVOS INGRESANTES","datePublished":"2024-02-08T00:58:53+00:00","mainEntityOfPage":{"@id":"https:\/\/apuntesdesanluis.com\/index.php\/2024\/02\/07\/la-unvime-da-la-bienvenida-este-jueves-a-los-nuevos-ingresantes\/"},"wordCount":352,"publisher":{"@id":"https:\/\/apuntesdesanluis.com\/#\/schema\/person\/b55151d52296fcce64d1a72538a70b90"},"image":{"@id":"https:\/\/apuntesdesanluis.com\/index.php\/2024\/02\/07\/la-unvime-da-la-bienvenida-este-jueves-a-los-nuevos-ingresantes\/#primaryimage"},"thumbnailUrl":"https:\/\/apuntesdesanluis.com\/wp-content\/uploads\/2024\/02\/aula-magna.png","articleSection":["Ciudad\/Provincia"],"inLanguage":"es-AR"},{"@type":"WebPage","@id":"https:\/\/apuntesdesanluis.com\/index.php\/2024\/02\/07\/la-unvime-da-la-bienvenida-este-jueves-a-los-nuevos-ingresantes\/","url":"https:\/\/apuntesdesanluis.com\/index.php\/2024\/02\/07\/la-unvime-da-la-bienvenida-este-jueves-a-los-nuevos-ingresantes\/","name":"LA UNVIME DA LA BIENVENIDA ESTE JUEVES A LOS NUEVOS INGRESANTES - Apuntes de San Luis","isPartOf":{"@id":"https:\/\/apuntesdesanluis.com\/#website"},"primaryImageOfPage":{"@id":"https:\/\/apuntesdesanluis.com\/index.php\/2024\/02\/07\/la-unvime-da-la-bienvenida-este-jueves-a-los-nuevos-ingresantes\/#primaryimage"},"image":{"@id":"https:\/\/apuntesdesanluis.com\/index.php\/2024\/02\/07\/la-unvime-da-la-bienvenida-este-jueves-a-los-nuevos-ingresantes\/#primaryimage"},"thumbnailUrl":"https:\/\/apuntesdesanluis.com\/wp-content\/uploads\/2024\/02\/aula-magna.png","datePublished":"2024-02-08T00:58:53+00:00","breadcrumb":{"@id":"https:\/\/apuntesdesanluis.com\/index.php\/2024\/02\/07\/la-unvime-da-la-bienvenida-este-jueves-a-los-nuevos-ingresantes\/#breadcrumb"},"inLanguage":"es-AR","potentialAction":[{"@type":"ReadAction","target":["https:\/\/apuntesdesanluis.com\/index.php\/2024\/02\/07\/la-unvime-da-la-bienvenida-este-jueves-a-los-nuevos-ingresantes\/"]}]},{"@type":"ImageObject","inLanguage":"es-AR","@id":"https:\/\/apuntesdesanluis.com\/index.php\/2024\/02\/07\/la-unvime-da-la-bienvenida-este-jueves-a-los-nuevos-ingresantes\/#primaryimage","url":"https:\/\/apuntesdesanluis.com\/wp-content\/uploads\/2024\/02\/aula-magna.png","contentUrl":"https:\/\/apuntesdesanluis.com\/wp-content\/uploads\/2024\/02\/aula-magna.png","width":577,"height":323},{"@type":"BreadcrumbList","@id":"https:\/\/apuntesdesanluis.com\/index.php\/2024\/02\/07\/la-unvime-da-la-bienvenida-este-jueves-a-los-nuevos-ingresantes\/#breadcrumb","itemListElement":[{"@type":"ListItem","position":1,"name":"Inicio","item":"https:\/\/apuntesdesanluis.com\/"},{"@type":"ListItem","position":2,"name":"LA UNVIME DA LA BIENVENIDA ESTE JUEVES A LOS NUEVOS INGRESANTES"}]},{"@type":"WebSite","@id":"https:\/\/apuntesdesanluis.com\/#website","url":"https:\/\/apuntesdesanluis.com\/","name":"Apuntes de San Luis","description":"","publisher":{"@id":"https:\/\/apuntesdesanluis.com\/#\/schema\/person\/b55151d52296fcce64d1a72538a70b90"},"potentialAction":[{"@type":"SearchAction","target":{"@type":"EntryPoint","urlTemplate":"https:\/\/apuntesdesanluis.com\/?s={search_term_string}"},"query-input":{"@type":"PropertyValueSpecification","valueRequired":true,"valueName":"search_term_string"}}],"inLanguage":"es-AR"},{"@type":["Person","Organization"],"@id":"https:\/\/apuntesdesanluis.com\/#\/schema\/person\/b55151d52296fcce64d1a72538a70b90","name":"apuntesdesanluis.com","image":{"@type":"ImageObject","inLanguage":"es-AR","@id":"https:\/\/apuntesdesanluis.com\/#\/schema\/person\/image\/","url":"https:\/\/apuntesdesanluis.com\/wp-content\/uploads\/2023\/07\/cropped-apuntesdesanluis.png","contentUrl":"https:\/\/apuntesdesanluis.com\/wp-content\/uploads\/2023\/07\/cropped-apuntesdesanluis.png","width":450,"height":112,"caption":"apuntesdesanluis.com"},"logo":{"@id":"https:\/\/apuntesdesanluis.com\/#\/schema\/person\/image\/"},"sameAs":["https:\/\/apuntesdesanluis.com"],"url":"https:\/\/apuntesdesanluis.com\/index.php\/author\/apuntesdesanluis-com\/"}]}},"featured_image_urls":{"full":["https:\/\/apuntesdesanluis.com\/wp-content\/uploads\/2024\/02\/aula-magna.png",577,323,false],"thumbnail":["https:\/\/apuntesdesanluis.com\/wp-content\/uploads\/2024\/02\/aula-magna-150x150.png",150,150,true],"medium":["https:\/\/apuntesdesanluis.com\/wp-content\/uploads\/2024\/02\/aula-magna-300x168.png",300,168,true],"medium_large":["https:\/\/apuntesdesanluis.com\/wp-content\/uploads\/2024\/02\/aula-magna.png",577,323,false],"large":["https:\/\/apuntesdesanluis.com\/wp-content\/uploads\/2024\/02\/aula-magna.png",577,323,false],"1536x1536":["https:\/\/apuntesdesanluis.com\/wp-content\/uploads\/2024\/02\/aula-magna.png",577,323,false],"2048x2048":["https:\/\/apuntesdesanluis.com\/wp-content\/uploads\/2024\/02\/aula-magna.png",577,323,false],"newsever-slider-full":["https:\/\/apuntesdesanluis.com\/wp-content\/uploads\/2024\/02\/aula-magna.png",577,323,false],"newsever-featured":["https:\/\/apuntesdesanluis.com\/wp-content\/uploads\/2024\/02\/aula-magna.png",577,323,false],"newsever-medium":["https:\/\/apuntesdesanluis.com\/wp-content\/uploads\/2024\/02\/aula-magna.png",577,323,false]},"author_info":{"display_name":"apuntesdesanluis.com","author_link":"https:\/\/apuntesdesanluis.com\/index.php\/author\/apuntesdesanluis-com\/"},"category_info":"<a href=\"https:\/\/apuntesdesanluis.com\/index.php\/category\/ciudad-provincia\/\" rel=\"category tag\">Ciudad\/Provincia<\/a>","tag_info":"Ciudad\/Provincia","comment_count":"0","_links":{"self":[{"href":"https:\/\/apuntesdesanluis.com\/index.php\/wp-json\/wp\/v2\/posts\/11371","targetHints":{"allow":["GET"]}}],"collection":[{"href":"https:\/\/apuntesdesanluis.com\/index.php\/wp-json\/wp\/v2\/posts"}],"about":[{"href":"https:\/\/apuntesdesanluis.com\/index.php\/wp-json\/wp\/v2\/types\/post"}],"author":[{"embeddable":true,"href":"https:\/\/apuntesdesanluis.com\/index.php\/wp-json\/wp\/v2\/users\/1"}],"replies":[{"embeddable":true,"href":"https:\/\/apuntesdesanluis.com\/index.php\/wp-json\/wp\/v2\/comments?post=11371"}],"version-history":[{"count":1,"href":"https:\/\/apuntesdesanluis.com\/index.php\/wp-json\/wp\/v2\/posts\/11371\/revisions"}],"predecessor-version":[{"id":11375,"href":"https:\/\/apuntesdesanluis.com\/index.php\/wp-json\/wp\/v2\/posts\/11371\/revisions\/11375"}],"wp:featuredmedia":[{"embeddable":true,"href":"https:\/\/apuntesdesanluis.com\/index.php\/wp-json\/wp\/v2\/media\/11374"}],"wp:attachment":[{"href":"https:\/\/apuntesdesanluis.com\/index.php\/wp-json\/wp\/v2\/media?parent=11371"}],"wp:term":[{"taxonomy":"category","embeddable":true,"href":"https:\/\/apuntesdesanluis.com\/index.php\/wp-json\/wp\/v2\/categories?post=11371"},{"taxonomy":"post_tag","embeddable":true,"href":"https:\/\/apuntesdesanluis.com\/index.php\/wp-json\/wp\/v2\/tags?post=11371"}],"curies":[{"name":"wp","href":"https:\/\/api.w.org\/{rel}","templated":true}]}}