{"id":11380,"date":"2024-02-07T23:35:25","date_gmt":"2024-02-08T02:35:25","guid":{"rendered":"https:\/\/apuntesdesanluis.com\/?p=11380"},"modified":"2024-02-07T23:35:25","modified_gmt":"2024-02-08T02:35:25","slug":"dictaron-la-conciliacion-obligatoria-y-se-levanto-el-paro-de-uta-en-el-interior","status":"publish","type":"post","link":"https:\/\/apuntesdesanluis.com\/index.php\/2024\/02\/07\/dictaron-la-conciliacion-obligatoria-y-se-levanto-el-paro-de-uta-en-el-interior\/","title":{"rendered":"DICTARON LA CONCILIACI\u00d3N OBLIGATORIA Y SE LEVANT\u00d3 EL PARO DE UTA EN EL INTERIOR"},"content":{"rendered":"<h3>Lo dispuso la Secretar\u00eda de Trabajo de la Naci\u00f3n. La medida de fuerza estaba anunciada para este jueves y afectaba tambi\u00e9n a San Luis. Con esta decisi\u00f3n, los colectivos circular\u00e1n con normalidad.<\/h3>\n<h3>La Secretar\u00eda de Trabajo de la Naci\u00f3n dict\u00f3 este mi\u00e9rcoles a la noche la conciliaci\u00f3n obligatoria en el marco del conflicto paritario entre la Uni\u00f3n Tranviarios Automotor (UTA) y la Federaci\u00f3n Argentina de Transportadores por Automotor de Pasajeros (FATAP) y se levant\u00f3 el paro que el gremio de los choferes hab\u00eda anunciado para este jueves en todo el interior del pa\u00eds.<\/h3>\n<h3>De esta manera, los colectivos urbanos circular\u00e1n con normalidad este jueves en todo el interior del territorio nacional.<\/h3>\n<h3>La solicitud de la conciliaci\u00f3n obligatoria hab\u00eda sido elevada a la Secretar\u00eda de Trabajo de la Naci\u00f3n por los intendentes de las principales ciudades del pa\u00eds, entre ellos el de la capital cordobesa, Daniel Passerini, y de Rosario, Pablo Javkin.<\/h3>\n<h3>\u201cEl presente pedido est\u00e1 avalado por los intendentes que nos encontramos en estado de deliberaci\u00f3n permanente ante la falta de respuesta de los organismos nacionales, en particular en lo que respecta a la distribuci\u00f3n equitativa y justa de los subsidios hacia el transporte del interior del pa\u00eds, en consonancia con la pol\u00edtica en el AMBA\u201d, reza el texto que suscribieron.<\/h3>\n<h3>El pasado viernes, tras la reuni\u00f3n con el secretario de Transporte de la Naci\u00f3n, Franco Mogetta, y la falta de respuestas e incertidumbre del presupuesto para 2024, la Red Federal de Intendentes declar\u00f3 la emergencia en el transporte urbano.<\/h3>\n<h3>Adem\u00e1s de Passerini y Javkin, rubricaron la petici\u00f3n los intendentes de Paran\u00e1, Rosario Romero; Neuqu\u00e9n, Mariano Gaido; Santa Fe, Juan Pablo Poletti; Salta, Emiliano Durand; R\u00edo Cuarto, Juan Manuel Llamosas; Mar del Plata, Guillermo Montenegro; Formosa, Jorge Jofr\u00e9; Resistencia, Roy Nikisch; y San Salvador de Jujuy, Ra\u00fal Jorge.<\/h3>\n<h3>Cabe recordar que los empresarios argumentaron que no tienen fondos para abonar lo acordado en noviembre pasado y aseguraron que deber\u00e1n fraccionar el pago de sueldos en funci\u00f3n de la llegada del dinero que les adeuda la Naci\u00f3n, que valuaron en 20.500 millones de pesos.<\/h3>\n<h3>Seg\u00fan FATAP, el Estado nacional les debe el fondo compensador, independientemente de la falta de actualizaci\u00f3n de subsidios por inflaci\u00f3n y aumento de otros costos, como combustibles. Tambi\u00e9n se\u00f1alan que est\u00e1n las deudas de las provincias y los municipios.<\/h3>\n","protected":false},"excerpt":{"rendered":"<p>Lo dispuso la Secretar\u00eda de Trabajo de la Naci\u00f3n. La medida de fuerza estaba anunciada&#8230;<\/p>\n","protected":false},"author":1,"featured_media":11381,"comment_status":"closed","ping_status":"closed","sticky":false,"template":"","format":"standard","meta":{"footnotes":""},"categories":[6],"tags":[],"class_list":["post-11380","post","type-post","status-publish","format-standard","has-post-thumbnail","hentry","category-ciudad-provincia"],"yoast_head":"<!-- This site is optimized with the Yoast SEO plugin v26.1.1 - https:\/\/yoast.com\/wordpress\/plugins\/seo\/ -->\n<title>DICTARON LA CONCILIACI\u00d3N OBLIGATORIA Y SE LEVANT\u00d3 EL PARO DE UTA EN EL INTERIOR - Apuntes de San Luis<\/title>\n<meta name=\"robots\" content=\"index, follow, max-snippet:-1, max-image-preview:large, max-video-preview:-1\" \/>\n<link rel=\"canonical\" href=\"https:\/\/apuntesdesanluis.com\/index.php\/2024\/02\/07\/dictaron-la-conciliacion-obligatoria-y-se-levanto-el-paro-de-uta-en-el-interior\/\" \/>\n<meta property=\"og:locale\" content=\"es_ES\" \/>\n<meta property=\"og:type\" content=\"article\" \/>\n<meta property=\"og:title\" content=\"DICTARON LA CONCILIACI\u00d3N OBLIGATORIA Y SE LEVANT\u00d3 EL PARO DE UTA EN EL INTERIOR - Apuntes de San Luis\" \/>\n<meta property=\"og:description\" content=\"Lo dispuso la Secretar\u00eda de Trabajo de la Naci\u00f3n. La medida de fuerza estaba anunciada...\" \/>\n<meta property=\"og:url\" content=\"https:\/\/apuntesdesanluis.com\/index.php\/2024\/02\/07\/dictaron-la-conciliacion-obligatoria-y-se-levanto-el-paro-de-uta-en-el-interior\/\" \/>\n<meta property=\"og:site_name\" content=\"Apuntes de San Luis\" \/>\n<meta property=\"article:published_time\" content=\"2024-02-08T02:35:25+00:00\" \/>\n<meta property=\"og:image\" content=\"https:\/\/apuntesdesanluis.com\/wp-content\/uploads\/2024\/02\/bondi-vila-mercedes.png\" \/>\n\t<meta property=\"og:image:width\" content=\"631\" \/>\n\t<meta property=\"og:image:height\" content=\"339\" \/>\n\t<meta property=\"og:image:type\" content=\"image\/png\" \/>\n<meta name=\"author\" content=\"apuntesdesanluis.com\" \/>\n<meta name=\"twitter:card\" content=\"summary_large_image\" \/>\n<meta name=\"twitter:label1\" content=\"Escrito por\" \/>\n\t<meta name=\"twitter:data1\" content=\"apuntesdesanluis.com\" \/>\n\t<meta name=\"twitter:label2\" content=\"Tiempo de lectura\" \/>\n\t<meta name=\"twitter:data2\" content=\"2 minutos\" \/>\n<script type=\"application\/ld+json\" class=\"yoast-schema-graph\">{\"@context\":\"https:\/\/schema.org\",\"@graph\":[{\"@type\":\"Article\",\"@id\":\"https:\/\/apuntesdesanluis.com\/index.php\/2024\/02\/07\/dictaron-la-conciliacion-obligatoria-y-se-levanto-el-paro-de-uta-en-el-interior\/#article\",\"isPartOf\":{\"@id\":\"https:\/\/apuntesdesanluis.com\/index.php\/2024\/02\/07\/dictaron-la-conciliacion-obligatoria-y-se-levanto-el-paro-de-uta-en-el-interior\/\"},\"author\":{\"name\":\"apuntesdesanluis.com\",\"@id\":\"https:\/\/apuntesdesanluis.com\/#\/schema\/person\/b55151d52296fcce64d1a72538a70b90\"},\"headline\":\"DICTARON LA CONCILIACI\u00d3N OBLIGATORIA Y SE LEVANT\u00d3 EL PARO DE UTA EN EL INTERIOR\",\"datePublished\":\"2024-02-08T02:35:25+00:00\",\"mainEntityOfPage\":{\"@id\":\"https:\/\/apuntesdesanluis.com\/index.php\/2024\/02\/07\/dictaron-la-conciliacion-obligatoria-y-se-levanto-el-paro-de-uta-en-el-interior\/\"},\"wordCount\":434,\"publisher\":{\"@id\":\"https:\/\/apuntesdesanluis.com\/#\/schema\/person\/b55151d52296fcce64d1a72538a70b90\"},\"image\":{\"@id\":\"https:\/\/apuntesdesanluis.com\/index.php\/2024\/02\/07\/dictaron-la-conciliacion-obligatoria-y-se-levanto-el-paro-de-uta-en-el-interior\/#primaryimage\"},\"thumbnailUrl\":\"https:\/\/apuntesdesanluis.com\/wp-content\/uploads\/2024\/02\/bondi-vila-mercedes.png\",\"articleSection\":[\"Ciudad\/Provincia\"],\"inLanguage\":\"es-AR\"},{\"@type\":\"WebPage\",\"@id\":\"https:\/\/apuntesdesanluis.com\/index.php\/2024\/02\/07\/dictaron-la-conciliacion-obligatoria-y-se-levanto-el-paro-de-uta-en-el-interior\/\",\"url\":\"https:\/\/apuntesdesanluis.com\/index.php\/2024\/02\/07\/dictaron-la-conciliacion-obligatoria-y-se-levanto-el-paro-de-uta-en-el-interior\/\",\"name\":\"DICTARON LA CONCILIACI\u00d3N OBLIGATORIA Y SE LEVANT\u00d3 EL PARO DE UTA EN EL INTERIOR - Apuntes de San Luis\",\"isPartOf\":{\"@id\":\"https:\/\/apuntesdesanluis.com\/#website\"},\"primaryImageOfPage\":{\"@id\":\"https:\/\/apuntesdesanluis.com\/index.php\/2024\/02\/07\/dictaron-la-conciliacion-obligatoria-y-se-levanto-el-paro-de-uta-en-el-interior\/#primaryimage\"},\"image\":{\"@id\":\"https:\/\/apuntesdesanluis.com\/index.php\/2024\/02\/07\/dictaron-la-conciliacion-obligatoria-y-se-levanto-el-paro-de-uta-en-el-interior\/#primaryimage\"},\"thumbnailUrl\":\"https:\/\/apuntesdesanluis.com\/wp-content\/uploads\/2024\/02\/bondi-vila-mercedes.png\",\"datePublished\":\"2024-02-08T02:35:25+00:00\",\"breadcrumb\":{\"@id\":\"https:\/\/apuntesdesanluis.com\/index.php\/2024\/02\/07\/dictaron-la-conciliacion-obligatoria-y-se-levanto-el-paro-de-uta-en-el-interior\/#breadcrumb\"},\"inLanguage\":\"es-AR\",\"potentialAction\":[{\"@type\":\"ReadAction\",\"target\":[\"https:\/\/apuntesdesanluis.com\/index.php\/2024\/02\/07\/dictaron-la-conciliacion-obligatoria-y-se-levanto-el-paro-de-uta-en-el-interior\/\"]}]},{\"@type\":\"ImageObject\",\"inLanguage\":\"es-AR\",\"@id\":\"https:\/\/apuntesdesanluis.com\/index.php\/2024\/02\/07\/dictaron-la-conciliacion-obligatoria-y-se-levanto-el-paro-de-uta-en-el-interior\/#primaryimage\",\"url\":\"https:\/\/apuntesdesanluis.com\/wp-content\/uploads\/2024\/02\/bondi-vila-mercedes.png\",\"contentUrl\":\"https:\/\/apuntesdesanluis.com\/wp-content\/uploads\/2024\/02\/bondi-vila-mercedes.png\",\"width\":631,\"height\":339},{\"@type\":\"BreadcrumbList\",\"@id\":\"https:\/\/apuntesdesanluis.com\/index.php\/2024\/02\/07\/dictaron-la-conciliacion-obligatoria-y-se-levanto-el-paro-de-uta-en-el-interior\/#breadcrumb\",\"itemListElement\":[{\"@type\":\"ListItem\",\"position\":1,\"name\":\"Inicio\",\"item\":\"https:\/\/apuntesdesanluis.com\/\"},{\"@type\":\"ListItem\",\"position\":2,\"name\":\"DICTARON LA CONCILIACI\u00d3N OBLIGATORIA Y SE LEVANT\u00d3 EL PARO DE UTA EN EL INTERIOR\"}]},{\"@type\":\"WebSite\",\"@id\":\"https:\/\/apuntesdesanluis.com\/#website\",\"url\":\"https:\/\/apuntesdesanluis.com\/\",\"name\":\"Apuntes de San Luis\",\"description\":\"\",\"publisher\":{\"@id\":\"https:\/\/apuntesdesanluis.com\/#\/schema\/person\/b55151d52296fcce64d1a72538a70b90\"},\"potentialAction\":[{\"@type\":\"SearchAction\",\"target\":{\"@type\":\"EntryPoint\",\"urlTemplate\":\"https:\/\/apuntesdesanluis.com\/?s={search_term_string}\"},\"query-input\":{\"@type\":\"PropertyValueSpecification\",\"valueRequired\":true,\"valueName\":\"search_term_string\"}}],\"inLanguage\":\"es-AR\"},{\"@type\":[\"Person\",\"Organization\"],\"@id\":\"https:\/\/apuntesdesanluis.com\/#\/schema\/person\/b55151d52296fcce64d1a72538a70b90\",\"name\":\"apuntesdesanluis.com\",\"image\":{\"@type\":\"ImageObject\",\"inLanguage\":\"es-AR\",\"@id\":\"https:\/\/apuntesdesanluis.com\/#\/schema\/person\/image\/\",\"url\":\"https:\/\/apuntesdesanluis.com\/wp-content\/uploads\/2023\/07\/cropped-apuntesdesanluis.png\",\"contentUrl\":\"https:\/\/apuntesdesanluis.com\/wp-content\/uploads\/2023\/07\/cropped-apuntesdesanluis.png\",\"width\":450,\"height\":112,\"caption\":\"apuntesdesanluis.com\"},\"logo\":{\"@id\":\"https:\/\/apuntesdesanluis.com\/#\/schema\/person\/image\/\"},\"sameAs\":[\"https:\/\/apuntesdesanluis.com\"],\"url\":\"https:\/\/apuntesdesanluis.com\/index.php\/author\/apuntesdesanluis-com\/\"}]}<\/script>\n<!-- \/ Yoast SEO plugin. -->","yoast_head_json":{"title":"DICTARON LA CONCILIACI\u00d3N OBLIGATORIA Y SE LEVANT\u00d3 EL PARO DE UTA EN EL INTERIOR - Apuntes de San Luis","robots":{"index":"index","follow":"follow","max-snippet":"max-snippet:-1","max-image-preview":"max-image-preview:large","max-video-preview":"max-video-preview:-1"},"canonical":"https:\/\/apuntesdesanluis.com\/index.php\/2024\/02\/07\/dictaron-la-conciliacion-obligatoria-y-se-levanto-el-paro-de-uta-en-el-interior\/","og_locale":"es_ES","og_type":"article","og_title":"DICTARON LA CONCILIACI\u00d3N OBLIGATORIA Y SE LEVANT\u00d3 EL PARO DE UTA EN EL INTERIOR - Apuntes de San Luis","og_description":"Lo dispuso la Secretar\u00eda de Trabajo de la Naci\u00f3n. La medida de fuerza estaba anunciada...","og_url":"https:\/\/apuntesdesanluis.com\/index.php\/2024\/02\/07\/dictaron-la-conciliacion-obligatoria-y-se-levanto-el-paro-de-uta-en-el-interior\/","og_site_name":"Apuntes de San Luis","article_published_time":"2024-02-08T02:35:25+00:00","og_image":[{"width":631,"height":339,"url":"https:\/\/apuntesdesanluis.com\/wp-content\/uploads\/2024\/02\/bondi-vila-mercedes.png","type":"image\/png"}],"author":"apuntesdesanluis.com","twitter_card":"summary_large_image","twitter_misc":{"Escrito por":"apuntesdesanluis.com","Tiempo de lectura":"2 minutos"},"schema":{"@context":"https:\/\/schema.org","@graph":[{"@type":"Article","@id":"https:\/\/apuntesdesanluis.com\/index.php\/2024\/02\/07\/dictaron-la-conciliacion-obligatoria-y-se-levanto-el-paro-de-uta-en-el-interior\/#article","isPartOf":{"@id":"https:\/\/apuntesdesanluis.com\/index.php\/2024\/02\/07\/dictaron-la-conciliacion-obligatoria-y-se-levanto-el-paro-de-uta-en-el-interior\/"},"author":{"name":"apuntesdesanluis.com","@id":"https:\/\/apuntesdesanluis.com\/#\/schema\/person\/b55151d52296fcce64d1a72538a70b90"},"headline":"DICTARON LA CONCILIACI\u00d3N OBLIGATORIA Y SE LEVANT\u00d3 EL PARO DE UTA EN EL INTERIOR","datePublished":"2024-02-08T02:35:25+00:00","mainEntityOfPage":{"@id":"https:\/\/apuntesdesanluis.com\/index.php\/2024\/02\/07\/dictaron-la-conciliacion-obligatoria-y-se-levanto-el-paro-de-uta-en-el-interior\/"},"wordCount":434,"publisher":{"@id":"https:\/\/apuntesdesanluis.com\/#\/schema\/person\/b55151d52296fcce64d1a72538a70b90"},"image":{"@id":"https:\/\/apuntesdesanluis.com\/index.php\/2024\/02\/07\/dictaron-la-conciliacion-obligatoria-y-se-levanto-el-paro-de-uta-en-el-interior\/#primaryimage"},"thumbnailUrl":"https:\/\/apuntesdesanluis.com\/wp-content\/uploads\/2024\/02\/bondi-vila-mercedes.png","articleSection":["Ciudad\/Provincia"],"inLanguage":"es-AR"},{"@type":"WebPage","@id":"https:\/\/apuntesdesanluis.com\/index.php\/2024\/02\/07\/dictaron-la-conciliacion-obligatoria-y-se-levanto-el-paro-de-uta-en-el-interior\/","url":"https:\/\/apuntesdesanluis.com\/index.php\/2024\/02\/07\/dictaron-la-conciliacion-obligatoria-y-se-levanto-el-paro-de-uta-en-el-interior\/","name":"DICTARON LA CONCILIACI\u00d3N OBLIGATORIA Y SE LEVANT\u00d3 EL PARO DE UTA EN EL INTERIOR - Apuntes de San Luis","isPartOf":{"@id":"https:\/\/apuntesdesanluis.com\/#website"},"primaryImageOfPage":{"@id":"https:\/\/apuntesdesanluis.com\/index.php\/2024\/02\/07\/dictaron-la-conciliacion-obligatoria-y-se-levanto-el-paro-de-uta-en-el-interior\/#primaryimage"},"image":{"@id":"https:\/\/apuntesdesanluis.com\/index.php\/2024\/02\/07\/dictaron-la-conciliacion-obligatoria-y-se-levanto-el-paro-de-uta-en-el-interior\/#primaryimage"},"thumbnailUrl":"https:\/\/apuntesdesanluis.com\/wp-content\/uploads\/2024\/02\/bondi-vila-mercedes.png","datePublished":"2024-02-08T02:35:25+00:00","breadcrumb":{"@id":"https:\/\/apuntesdesanluis.com\/index.php\/2024\/02\/07\/dictaron-la-conciliacion-obligatoria-y-se-levanto-el-paro-de-uta-en-el-interior\/#breadcrumb"},"inLanguage":"es-AR","potentialAction":[{"@type":"ReadAction","target":["https:\/\/apuntesdesanluis.com\/index.php\/2024\/02\/07\/dictaron-la-conciliacion-obligatoria-y-se-levanto-el-paro-de-uta-en-el-interior\/"]}]},{"@type":"ImageObject","inLanguage":"es-AR","@id":"https:\/\/apuntesdesanluis.com\/index.php\/2024\/02\/07\/dictaron-la-conciliacion-obligatoria-y-se-levanto-el-paro-de-uta-en-el-interior\/#primaryimage","url":"https:\/\/apuntesdesanluis.com\/wp-content\/uploads\/2024\/02\/bondi-vila-mercedes.png","contentUrl":"https:\/\/apuntesdesanluis.com\/wp-content\/uploads\/2024\/02\/bondi-vila-mercedes.png","width":631,"height":339},{"@type":"BreadcrumbList","@id":"https:\/\/apuntesdesanluis.com\/index.php\/2024\/02\/07\/dictaron-la-conciliacion-obligatoria-y-se-levanto-el-paro-de-uta-en-el-interior\/#breadcrumb","itemListElement":[{"@type":"ListItem","position":1,"name":"Inicio","item":"https:\/\/apuntesdesanluis.com\/"},{"@type":"ListItem","position":2,"name":"DICTARON LA CONCILIACI\u00d3N OBLIGATORIA Y SE LEVANT\u00d3 EL PARO DE UTA EN EL INTERIOR"}]},{"@type":"WebSite","@id":"https:\/\/apuntesdesanluis.com\/#website","url":"https:\/\/apuntesdesanluis.com\/","name":"Apuntes de San Luis","description":"","publisher":{"@id":"https:\/\/apuntesdesanluis.com\/#\/schema\/person\/b55151d52296fcce64d1a72538a70b90"},"potentialAction":[{"@type":"SearchAction","target":{"@type":"EntryPoint","urlTemplate":"https:\/\/apuntesdesanluis.com\/?s={search_term_string}"},"query-input":{"@type":"PropertyValueSpecification","valueRequired":true,"valueName":"search_term_string"}}],"inLanguage":"es-AR"},{"@type":["Person","Organization"],"@id":"https:\/\/apuntesdesanluis.com\/#\/schema\/person\/b55151d52296fcce64d1a72538a70b90","name":"apuntesdesanluis.com","image":{"@type":"ImageObject","inLanguage":"es-AR","@id":"https:\/\/apuntesdesanluis.com\/#\/schema\/person\/image\/","url":"https:\/\/apuntesdesanluis.com\/wp-content\/uploads\/2023\/07\/cropped-apuntesdesanluis.png","contentUrl":"https:\/\/apuntesdesanluis.com\/wp-content\/uploads\/2023\/07\/cropped-apuntesdesanluis.png","width":450,"height":112,"caption":"apuntesdesanluis.com"},"logo":{"@id":"https:\/\/apuntesdesanluis.com\/#\/schema\/person\/image\/"},"sameAs":["https:\/\/apuntesdesanluis.com"],"url":"https:\/\/apuntesdesanluis.com\/index.php\/author\/apuntesdesanluis-com\/"}]}},"featured_image_urls":{"full":["https:\/\/apuntesdesanluis.com\/wp-content\/uploads\/2024\/02\/bondi-vila-mercedes.png",631,339,false],"thumbnail":["https:\/\/apuntesdesanluis.com\/wp-content\/uploads\/2024\/02\/bondi-vila-mercedes-150x150.png",150,150,true],"medium":["https:\/\/apuntesdesanluis.com\/wp-content\/uploads\/2024\/02\/bondi-vila-mercedes-300x161.png",300,161,true],"medium_large":["https:\/\/apuntesdesanluis.com\/wp-content\/uploads\/2024\/02\/bondi-vila-mercedes.png",631,339,false],"large":["https:\/\/apuntesdesanluis.com\/wp-content\/uploads\/2024\/02\/bondi-vila-mercedes.png",631,339,false],"1536x1536":["https:\/\/apuntesdesanluis.com\/wp-content\/uploads\/2024\/02\/bondi-vila-mercedes.png",631,339,false],"2048x2048":["https:\/\/apuntesdesanluis.com\/wp-content\/uploads\/2024\/02\/bondi-vila-mercedes.png",631,339,false],"newsever-slider-full":["https:\/\/apuntesdesanluis.com\/wp-content\/uploads\/2024\/02\/bondi-vila-mercedes.png",631,339,false],"newsever-featured":["https:\/\/apuntesdesanluis.com\/wp-content\/uploads\/2024\/02\/bondi-vila-mercedes.png",631,339,false],"newsever-medium":["https:\/\/apuntesdesanluis.com\/wp-content\/uploads\/2024\/02\/bondi-vila-mercedes.png",631,339,false]},"author_info":{"display_name":"apuntesdesanluis.com","author_link":"https:\/\/apuntesdesanluis.com\/index.php\/author\/apuntesdesanluis-com\/"},"category_info":"<a href=\"https:\/\/apuntesdesanluis.com\/index.php\/category\/ciudad-provincia\/\" rel=\"category tag\">Ciudad\/Provincia<\/a>","tag_info":"Ciudad\/Provincia","comment_count":"0","_links":{"self":[{"href":"https:\/\/apuntesdesanluis.com\/index.php\/wp-json\/wp\/v2\/posts\/11380","targetHints":{"allow":["GET"]}}],"collection":[{"href":"https:\/\/apuntesdesanluis.com\/index.php\/wp-json\/wp\/v2\/posts"}],"about":[{"href":"https:\/\/apuntesdesanluis.com\/index.php\/wp-json\/wp\/v2\/types\/post"}],"author":[{"embeddable":true,"href":"https:\/\/apuntesdesanluis.com\/index.php\/wp-json\/wp\/v2\/users\/1"}],"replies":[{"embeddable":true,"href":"https:\/\/apuntesdesanluis.com\/index.php\/wp-json\/wp\/v2\/comments?post=11380"}],"version-history":[{"count":1,"href":"https:\/\/apuntesdesanluis.com\/index.php\/wp-json\/wp\/v2\/posts\/11380\/revisions"}],"predecessor-version":[{"id":11382,"href":"https:\/\/apuntesdesanluis.com\/index.php\/wp-json\/wp\/v2\/posts\/11380\/revisions\/11382"}],"wp:featuredmedia":[{"embeddable":true,"href":"https:\/\/apuntesdesanluis.com\/index.php\/wp-json\/wp\/v2\/media\/11381"}],"wp:attachment":[{"href":"https:\/\/apuntesdesanluis.com\/index.php\/wp-json\/wp\/v2\/media?parent=11380"}],"wp:term":[{"taxonomy":"category","embeddable":true,"href":"https:\/\/apuntesdesanluis.com\/index.php\/wp-json\/wp\/v2\/categories?post=11380"},{"taxonomy":"post_tag","embeddable":true,"href":"https:\/\/apuntesdesanluis.com\/index.php\/wp-json\/wp\/v2\/tags?post=11380"}],"curies":[{"name":"wp","href":"https:\/\/api.w.org\/{rel}","templated":true}]}}