{"id":1139,"date":"2023-08-06T12:18:08","date_gmt":"2023-08-06T15:18:08","guid":{"rendered":"https:\/\/apuntesdesanluis.com\/?p=1139"},"modified":"2023-08-06T12:24:31","modified_gmt":"2023-08-06T15:24:31","slug":"la-universidad-publica-gratuita-e-inclusiva-se-defiende-y-se-milita","status":"publish","type":"post","link":"https:\/\/apuntesdesanluis.com\/index.php\/2023\/08\/06\/la-universidad-publica-gratuita-e-inclusiva-se-defiende-y-se-milita\/","title":{"rendered":"LA UNIVERSIDAD P\u00daBLICA, GRATUITA E INCLUSIVA SE DEFIENDE Y SE MILITA"},"content":{"rendered":"<h3>Por <strong><em>Ing. Arnoldo Domingo Pucci *<\/em><\/strong><\/h3>\n<h3><strong>\u00a0<\/strong><\/h3>\n<h3>A m\u00e1s 100 a\u00f1os de la <strong>Reforma Universitaria<\/strong>, sigue teniendo sentido su memoria por tratarse de un acontecimiento emancipatorio y se\u00f1ero que instaur\u00f3 para nuestras universidades p\u00fablicas la autonom\u00eda, el cogobierno y la libertad de c\u00e1tedra, entre otras mejoras de valor.<\/h3>\n<p><img fetchpriority=\"high\" decoding=\"async\" class=\"wp-image-1140 aligncenter\" src=\"https:\/\/apuntesdesanluis.com\/wp-content\/uploads\/2023\/08\/ING.-A.-PUCCI-300x170.png\" alt=\"\" width=\"648\" height=\"367\" srcset=\"https:\/\/apuntesdesanluis.com\/wp-content\/uploads\/2023\/08\/ING.-A.-PUCCI-300x170.png 300w, https:\/\/apuntesdesanluis.com\/wp-content\/uploads\/2023\/08\/ING.-A.-PUCCI.png 589w\" sizes=\"(max-width: 648px) 100vw, 648px\" \/><\/p>\n<h3>Hecho bisagra, con sus marchas y contramarchas asociadas a las distintas coyunturas pol\u00edticas, la Reforma Universitaria tuvo en el tiempo una proyecci\u00f3n honda al interior de la vida universitaria y tambi\u00e9n una fuerte influencia hacia fuera de ella, ya que plante\u00f3 un ideario que iba mucho m\u00e1s all\u00e1 de reformas acad\u00e9micas.<\/h3>\n<h3>En funci\u00f3n de ello, creer que el modelo argentino de universidad empez\u00f3 y termin\u00f3 para siempre con la Reforma Universitaria es un grave error al que cierto voluntarismo pol\u00edtico contribuye con una valoraci\u00f3n m\u00edtica del acontecimiento.<\/h3>\n<h3>El modelo universitario argentino incluye tambi\u00e9n la gratuidad y el ingreso irrestricto. Y esos dos baluartes no son patrimonio de la Reforma Universitaria. De hecho, la asamblea estudiantil reformista de 1918, decidi\u00f3 no aprobar el proyecto presentado por Gabriel del Mazo y Dante Ardig\u00f3, que inclu\u00eda la gratuidad y un programa de becas para estudiantes pobres. Gratuidad y acceso irrestricto fueron logros de otro grupo de transformaciones de la ense\u00f1anza universitaria, inscriptas y asociadas al proceso pol\u00edtico peronista que determin\u00f3 el acceso de las clases populares al poder. No puede obviarse adem\u00e1s, que ese proceso pol\u00edtico se encontr\u00f3 con la resistencia activa de las universidades de tradici\u00f3n reformista.<\/h3>\n<h3>Estas nuevas reformas configuraron otra tradici\u00f3n universitaria en nuestro pa\u00eds, diferente a la nacida en 1918, y estuvieron dirigidas a valorizar y jerarquizar la educaci\u00f3n t\u00e9cnica y profesional como herramientas fundamentales para el desarrollo industrial nacional, la independencia econ\u00f3mica y la justicia social. Invisibilizada, tergiversada y denostada.<\/h3>\n<h3>Esta tradici\u00f3n tuvo su punto m\u00e1s saliente hace casi 74 a\u00f1os, con la firma del Decreto 29.337 del 22 de noviembre de 1949 del mismo presidente Per\u00f3n, que habilit\u00f3 la gratuidad de la ense\u00f1anza universitaria permitiendo as\u00ed el acceso de las clases populares a la formaci\u00f3n profesional universitaria. A este avance se sum\u00f3 luego, en 1953, el ingreso irrestricto.<\/h3>\n<h3>La primera moderniz\u00f3 la universidad y la vincul\u00f3 a los sectores medios. Pero en la d\u00e9cada del 40 hay que decir que las universidades argentinas segu\u00edan siendo elitistas y restrictivas. Por caso, las facultades de ingenier\u00eda de las universidades nacionales se negaban a recibir egresados de escuelas industriales y t\u00e9cnicas. Las reformas peronistas fueron las que permitieron que los trabajadores de las f\u00e1bricas y los hijos de los trabajadores pudieran estudiar una carrera universitaria y esa fue, en gran medida, la causa de la ruptura del determinismo social y econ\u00f3mico en Argentina.<\/h3>\n<h3>Esto se pone de manifiesto cuando en el 19 de agosto de 1948, por ley de la Naci\u00f3n se crea la Universidad Obrera Nacional, que diera origen posterior a la Universidad Tecnol\u00f3gica Nacional que pone fin al elitismo y restricci\u00f3n de las universidades nacionales argentinas, con una universidad m\u00e1s federal.<\/h3>\n<h3>Estas dos tradiciones universitarias diferentes, que tuvieron no pocas contradicciones hist\u00f3ricas y enfrentamientos, plantean hoy una situaci\u00f3n novedosa. No pueden historizarse sin distinguirse y contrastarse, pero tampoco pueden reivindicarse sin asociarse, porque ambas confluyeron en la s\u00edntesis de un \u00fanico modelo universitario que llega hasta nuestro presente. Y ambas tradiciones llegan inacabadas y en riesgo. <strong>Es decir que, ninguno de los logros y rasgos de nuestras universidades p\u00fablicas puede darse por imprescriptible o asegurado para siempre.<\/strong><\/h3>\n<h3><strong>Hoy esas conquistas deben ser defendidas y potenciadas m\u00e1s que nunca en contra de los sometimientos y las injusticias que se promocionan con ah\u00ednco<\/strong>. La singularidad del modelo universitario argentino, \u00fanico y peculiar en el mundo y al mismo tiempo exitoso como motor de desarrollo social, <strong>es algo sobre lo que siempre acechan el conservadurismo retr\u00f3grado<\/strong>, <strong>los planteos privatizadores, las ansias excluyentes, los detractores de la acci\u00f3n estatal y los fan\u00e1ticos del ajuste de los presupuestos.<\/strong><\/h3>\n<p>&nbsp;<\/p>\n<h4><em><strong>* Sec General de ADOI-UNViMe. Director de Seguridad y Salud Laboral de CONADU.<\/strong><\/em><\/h4>\n<p>&nbsp;<\/p>\n","protected":false},"excerpt":{"rendered":"<p>Por Ing. Arnoldo Domingo Pucci * \u00a0 A m\u00e1s 100 a\u00f1os de la Reforma Universitaria,&#8230;<\/p>\n","protected":false},"author":1,"featured_media":1141,"comment_status":"closed","ping_status":"closed","sticky":false,"template":"","format":"standard","meta":{"footnotes":""},"categories":[9],"tags":[],"class_list":["post-1139","post","type-post","status-publish","format-standard","has-post-thumbnail","hentry","category-opinion"],"yoast_head":"<!-- This site is optimized with the Yoast SEO plugin v26.1.1 - https:\/\/yoast.com\/wordpress\/plugins\/seo\/ -->\n<title>LA UNIVERSIDAD P\u00daBLICA, GRATUITA E INCLUSIVA SE DEFIENDE Y SE MILITA - Apuntes de San Luis<\/title>\n<meta name=\"robots\" content=\"index, follow, max-snippet:-1, max-image-preview:large, max-video-preview:-1\" \/>\n<link rel=\"canonical\" href=\"https:\/\/apuntesdesanluis.com\/index.php\/2023\/08\/06\/la-universidad-publica-gratuita-e-inclusiva-se-defiende-y-se-milita\/\" \/>\n<meta property=\"og:locale\" content=\"es_ES\" \/>\n<meta property=\"og:type\" content=\"article\" \/>\n<meta property=\"og:title\" content=\"LA UNIVERSIDAD P\u00daBLICA, GRATUITA E INCLUSIVA SE DEFIENDE Y SE MILITA - Apuntes de San Luis\" \/>\n<meta property=\"og:description\" content=\"Por Ing. Arnoldo Domingo Pucci * \u00a0 A m\u00e1s 100 a\u00f1os de la Reforma Universitaria,...\" \/>\n<meta property=\"og:url\" content=\"https:\/\/apuntesdesanluis.com\/index.php\/2023\/08\/06\/la-universidad-publica-gratuita-e-inclusiva-se-defiende-y-se-milita\/\" \/>\n<meta property=\"og:site_name\" content=\"Apuntes de San Luis\" \/>\n<meta property=\"article:published_time\" content=\"2023-08-06T15:18:08+00:00\" \/>\n<meta property=\"article:modified_time\" content=\"2023-08-06T15:24:31+00:00\" \/>\n<meta property=\"og:image\" content=\"https:\/\/apuntesdesanluis.com\/wp-content\/uploads\/2023\/08\/GRATUIDAD-X-2.png\" \/>\n\t<meta property=\"og:image:width\" content=\"677\" \/>\n\t<meta property=\"og:image:height\" content=\"350\" \/>\n\t<meta property=\"og:image:type\" content=\"image\/png\" \/>\n<meta name=\"author\" content=\"apuntesdesanluis.com\" \/>\n<meta name=\"twitter:card\" content=\"summary_large_image\" \/>\n<meta name=\"twitter:label1\" content=\"Escrito por\" \/>\n\t<meta name=\"twitter:data1\" content=\"apuntesdesanluis.com\" \/>\n\t<meta name=\"twitter:label2\" content=\"Tiempo de lectura\" \/>\n\t<meta name=\"twitter:data2\" content=\"4 minutos\" \/>\n<script type=\"application\/ld+json\" class=\"yoast-schema-graph\">{\"@context\":\"https:\/\/schema.org\",\"@graph\":[{\"@type\":\"Article\",\"@id\":\"https:\/\/apuntesdesanluis.com\/index.php\/2023\/08\/06\/la-universidad-publica-gratuita-e-inclusiva-se-defiende-y-se-milita\/#article\",\"isPartOf\":{\"@id\":\"https:\/\/apuntesdesanluis.com\/index.php\/2023\/08\/06\/la-universidad-publica-gratuita-e-inclusiva-se-defiende-y-se-milita\/\"},\"author\":{\"name\":\"apuntesdesanluis.com\",\"@id\":\"https:\/\/apuntesdesanluis.com\/#\/schema\/person\/b55151d52296fcce64d1a72538a70b90\"},\"headline\":\"LA UNIVERSIDAD P\u00daBLICA, GRATUITA E INCLUSIVA SE DEFIENDE Y SE MILITA\",\"datePublished\":\"2023-08-06T15:18:08+00:00\",\"dateModified\":\"2023-08-06T15:24:31+00:00\",\"mainEntityOfPage\":{\"@id\":\"https:\/\/apuntesdesanluis.com\/index.php\/2023\/08\/06\/la-universidad-publica-gratuita-e-inclusiva-se-defiende-y-se-milita\/\"},\"wordCount\":708,\"publisher\":{\"@id\":\"https:\/\/apuntesdesanluis.com\/#\/schema\/person\/b55151d52296fcce64d1a72538a70b90\"},\"image\":{\"@id\":\"https:\/\/apuntesdesanluis.com\/index.php\/2023\/08\/06\/la-universidad-publica-gratuita-e-inclusiva-se-defiende-y-se-milita\/#primaryimage\"},\"thumbnailUrl\":\"https:\/\/apuntesdesanluis.com\/wp-content\/uploads\/2023\/08\/GRATUIDAD-X-2.png\",\"articleSection\":[\"Opini\u00f3n\"],\"inLanguage\":\"es-AR\"},{\"@type\":\"WebPage\",\"@id\":\"https:\/\/apuntesdesanluis.com\/index.php\/2023\/08\/06\/la-universidad-publica-gratuita-e-inclusiva-se-defiende-y-se-milita\/\",\"url\":\"https:\/\/apuntesdesanluis.com\/index.php\/2023\/08\/06\/la-universidad-publica-gratuita-e-inclusiva-se-defiende-y-se-milita\/\",\"name\":\"LA UNIVERSIDAD P\u00daBLICA, GRATUITA E INCLUSIVA SE DEFIENDE Y SE MILITA - Apuntes de San Luis\",\"isPartOf\":{\"@id\":\"https:\/\/apuntesdesanluis.com\/#website\"},\"primaryImageOfPage\":{\"@id\":\"https:\/\/apuntesdesanluis.com\/index.php\/2023\/08\/06\/la-universidad-publica-gratuita-e-inclusiva-se-defiende-y-se-milita\/#primaryimage\"},\"image\":{\"@id\":\"https:\/\/apuntesdesanluis.com\/index.php\/2023\/08\/06\/la-universidad-publica-gratuita-e-inclusiva-se-defiende-y-se-milita\/#primaryimage\"},\"thumbnailUrl\":\"https:\/\/apuntesdesanluis.com\/wp-content\/uploads\/2023\/08\/GRATUIDAD-X-2.png\",\"datePublished\":\"2023-08-06T15:18:08+00:00\",\"dateModified\":\"2023-08-06T15:24:31+00:00\",\"breadcrumb\":{\"@id\":\"https:\/\/apuntesdesanluis.com\/index.php\/2023\/08\/06\/la-universidad-publica-gratuita-e-inclusiva-se-defiende-y-se-milita\/#breadcrumb\"},\"inLanguage\":\"es-AR\",\"potentialAction\":[{\"@type\":\"ReadAction\",\"target\":[\"https:\/\/apuntesdesanluis.com\/index.php\/2023\/08\/06\/la-universidad-publica-gratuita-e-inclusiva-se-defiende-y-se-milita\/\"]}]},{\"@type\":\"ImageObject\",\"inLanguage\":\"es-AR\",\"@id\":\"https:\/\/apuntesdesanluis.com\/index.php\/2023\/08\/06\/la-universidad-publica-gratuita-e-inclusiva-se-defiende-y-se-milita\/#primaryimage\",\"url\":\"https:\/\/apuntesdesanluis.com\/wp-content\/uploads\/2023\/08\/GRATUIDAD-X-2.png\",\"contentUrl\":\"https:\/\/apuntesdesanluis.com\/wp-content\/uploads\/2023\/08\/GRATUIDAD-X-2.png\",\"width\":677,\"height\":350},{\"@type\":\"BreadcrumbList\",\"@id\":\"https:\/\/apuntesdesanluis.com\/index.php\/2023\/08\/06\/la-universidad-publica-gratuita-e-inclusiva-se-defiende-y-se-milita\/#breadcrumb\",\"itemListElement\":[{\"@type\":\"ListItem\",\"position\":1,\"name\":\"Inicio\",\"item\":\"https:\/\/apuntesdesanluis.com\/\"},{\"@type\":\"ListItem\",\"position\":2,\"name\":\"LA UNIVERSIDAD P\u00daBLICA, GRATUITA E INCLUSIVA SE DEFIENDE Y SE MILITA\"}]},{\"@type\":\"WebSite\",\"@id\":\"https:\/\/apuntesdesanluis.com\/#website\",\"url\":\"https:\/\/apuntesdesanluis.com\/\",\"name\":\"Apuntes de San Luis\",\"description\":\"\",\"publisher\":{\"@id\":\"https:\/\/apuntesdesanluis.com\/#\/schema\/person\/b55151d52296fcce64d1a72538a70b90\"},\"potentialAction\":[{\"@type\":\"SearchAction\",\"target\":{\"@type\":\"EntryPoint\",\"urlTemplate\":\"https:\/\/apuntesdesanluis.com\/?s={search_term_string}\"},\"query-input\":{\"@type\":\"PropertyValueSpecification\",\"valueRequired\":true,\"valueName\":\"search_term_string\"}}],\"inLanguage\":\"es-AR\"},{\"@type\":[\"Person\",\"Organization\"],\"@id\":\"https:\/\/apuntesdesanluis.com\/#\/schema\/person\/b55151d52296fcce64d1a72538a70b90\",\"name\":\"apuntesdesanluis.com\",\"image\":{\"@type\":\"ImageObject\",\"inLanguage\":\"es-AR\",\"@id\":\"https:\/\/apuntesdesanluis.com\/#\/schema\/person\/image\/\",\"url\":\"https:\/\/apuntesdesanluis.com\/wp-content\/uploads\/2023\/07\/cropped-apuntesdesanluis.png\",\"contentUrl\":\"https:\/\/apuntesdesanluis.com\/wp-content\/uploads\/2023\/07\/cropped-apuntesdesanluis.png\",\"width\":450,\"height\":112,\"caption\":\"apuntesdesanluis.com\"},\"logo\":{\"@id\":\"https:\/\/apuntesdesanluis.com\/#\/schema\/person\/image\/\"},\"sameAs\":[\"https:\/\/apuntesdesanluis.com\"],\"url\":\"https:\/\/apuntesdesanluis.com\/index.php\/author\/apuntesdesanluis-com\/\"}]}<\/script>\n<!-- \/ Yoast SEO plugin. -->","yoast_head_json":{"title":"LA UNIVERSIDAD P\u00daBLICA, GRATUITA E INCLUSIVA SE DEFIENDE Y SE MILITA - Apuntes de San Luis","robots":{"index":"index","follow":"follow","max-snippet":"max-snippet:-1","max-image-preview":"max-image-preview:large","max-video-preview":"max-video-preview:-1"},"canonical":"https:\/\/apuntesdesanluis.com\/index.php\/2023\/08\/06\/la-universidad-publica-gratuita-e-inclusiva-se-defiende-y-se-milita\/","og_locale":"es_ES","og_type":"article","og_title":"LA UNIVERSIDAD P\u00daBLICA, GRATUITA E INCLUSIVA SE DEFIENDE Y SE MILITA - Apuntes de San Luis","og_description":"Por Ing. Arnoldo Domingo Pucci * \u00a0 A m\u00e1s 100 a\u00f1os de la Reforma Universitaria,...","og_url":"https:\/\/apuntesdesanluis.com\/index.php\/2023\/08\/06\/la-universidad-publica-gratuita-e-inclusiva-se-defiende-y-se-milita\/","og_site_name":"Apuntes de San Luis","article_published_time":"2023-08-06T15:18:08+00:00","article_modified_time":"2023-08-06T15:24:31+00:00","og_image":[{"width":677,"height":350,"url":"https:\/\/apuntesdesanluis.com\/wp-content\/uploads\/2023\/08\/GRATUIDAD-X-2.png","type":"image\/png"}],"author":"apuntesdesanluis.com","twitter_card":"summary_large_image","twitter_misc":{"Escrito por":"apuntesdesanluis.com","Tiempo de lectura":"4 minutos"},"schema":{"@context":"https:\/\/schema.org","@graph":[{"@type":"Article","@id":"https:\/\/apuntesdesanluis.com\/index.php\/2023\/08\/06\/la-universidad-publica-gratuita-e-inclusiva-se-defiende-y-se-milita\/#article","isPartOf":{"@id":"https:\/\/apuntesdesanluis.com\/index.php\/2023\/08\/06\/la-universidad-publica-gratuita-e-inclusiva-se-defiende-y-se-milita\/"},"author":{"name":"apuntesdesanluis.com","@id":"https:\/\/apuntesdesanluis.com\/#\/schema\/person\/b55151d52296fcce64d1a72538a70b90"},"headline":"LA UNIVERSIDAD P\u00daBLICA, GRATUITA E INCLUSIVA SE DEFIENDE Y SE MILITA","datePublished":"2023-08-06T15:18:08+00:00","dateModified":"2023-08-06T15:24:31+00:00","mainEntityOfPage":{"@id":"https:\/\/apuntesdesanluis.com\/index.php\/2023\/08\/06\/la-universidad-publica-gratuita-e-inclusiva-se-defiende-y-se-milita\/"},"wordCount":708,"publisher":{"@id":"https:\/\/apuntesdesanluis.com\/#\/schema\/person\/b55151d52296fcce64d1a72538a70b90"},"image":{"@id":"https:\/\/apuntesdesanluis.com\/index.php\/2023\/08\/06\/la-universidad-publica-gratuita-e-inclusiva-se-defiende-y-se-milita\/#primaryimage"},"thumbnailUrl":"https:\/\/apuntesdesanluis.com\/wp-content\/uploads\/2023\/08\/GRATUIDAD-X-2.png","articleSection":["Opini\u00f3n"],"inLanguage":"es-AR"},{"@type":"WebPage","@id":"https:\/\/apuntesdesanluis.com\/index.php\/2023\/08\/06\/la-universidad-publica-gratuita-e-inclusiva-se-defiende-y-se-milita\/","url":"https:\/\/apuntesdesanluis.com\/index.php\/2023\/08\/06\/la-universidad-publica-gratuita-e-inclusiva-se-defiende-y-se-milita\/","name":"LA UNIVERSIDAD P\u00daBLICA, GRATUITA E INCLUSIVA SE DEFIENDE Y SE MILITA - Apuntes de San Luis","isPartOf":{"@id":"https:\/\/apuntesdesanluis.com\/#website"},"primaryImageOfPage":{"@id":"https:\/\/apuntesdesanluis.com\/index.php\/2023\/08\/06\/la-universidad-publica-gratuita-e-inclusiva-se-defiende-y-se-milita\/#primaryimage"},"image":{"@id":"https:\/\/apuntesdesanluis.com\/index.php\/2023\/08\/06\/la-universidad-publica-gratuita-e-inclusiva-se-defiende-y-se-milita\/#primaryimage"},"thumbnailUrl":"https:\/\/apuntesdesanluis.com\/wp-content\/uploads\/2023\/08\/GRATUIDAD-X-2.png","datePublished":"2023-08-06T15:18:08+00:00","dateModified":"2023-08-06T15:24:31+00:00","breadcrumb":{"@id":"https:\/\/apuntesdesanluis.com\/index.php\/2023\/08\/06\/la-universidad-publica-gratuita-e-inclusiva-se-defiende-y-se-milita\/#breadcrumb"},"inLanguage":"es-AR","potentialAction":[{"@type":"ReadAction","target":["https:\/\/apuntesdesanluis.com\/index.php\/2023\/08\/06\/la-universidad-publica-gratuita-e-inclusiva-se-defiende-y-se-milita\/"]}]},{"@type":"ImageObject","inLanguage":"es-AR","@id":"https:\/\/apuntesdesanluis.com\/index.php\/2023\/08\/06\/la-universidad-publica-gratuita-e-inclusiva-se-defiende-y-se-milita\/#primaryimage","url":"https:\/\/apuntesdesanluis.com\/wp-content\/uploads\/2023\/08\/GRATUIDAD-X-2.png","contentUrl":"https:\/\/apuntesdesanluis.com\/wp-content\/uploads\/2023\/08\/GRATUIDAD-X-2.png","width":677,"height":350},{"@type":"BreadcrumbList","@id":"https:\/\/apuntesdesanluis.com\/index.php\/2023\/08\/06\/la-universidad-publica-gratuita-e-inclusiva-se-defiende-y-se-milita\/#breadcrumb","itemListElement":[{"@type":"ListItem","position":1,"name":"Inicio","item":"https:\/\/apuntesdesanluis.com\/"},{"@type":"ListItem","position":2,"name":"LA UNIVERSIDAD P\u00daBLICA, GRATUITA E INCLUSIVA SE DEFIENDE Y SE MILITA"}]},{"@type":"WebSite","@id":"https:\/\/apuntesdesanluis.com\/#website","url":"https:\/\/apuntesdesanluis.com\/","name":"Apuntes de San Luis","description":"","publisher":{"@id":"https:\/\/apuntesdesanluis.com\/#\/schema\/person\/b55151d52296fcce64d1a72538a70b90"},"potentialAction":[{"@type":"SearchAction","target":{"@type":"EntryPoint","urlTemplate":"https:\/\/apuntesdesanluis.com\/?s={search_term_string}"},"query-input":{"@type":"PropertyValueSpecification","valueRequired":true,"valueName":"search_term_string"}}],"inLanguage":"es-AR"},{"@type":["Person","Organization"],"@id":"https:\/\/apuntesdesanluis.com\/#\/schema\/person\/b55151d52296fcce64d1a72538a70b90","name":"apuntesdesanluis.com","image":{"@type":"ImageObject","inLanguage":"es-AR","@id":"https:\/\/apuntesdesanluis.com\/#\/schema\/person\/image\/","url":"https:\/\/apuntesdesanluis.com\/wp-content\/uploads\/2023\/07\/cropped-apuntesdesanluis.png","contentUrl":"https:\/\/apuntesdesanluis.com\/wp-content\/uploads\/2023\/07\/cropped-apuntesdesanluis.png","width":450,"height":112,"caption":"apuntesdesanluis.com"},"logo":{"@id":"https:\/\/apuntesdesanluis.com\/#\/schema\/person\/image\/"},"sameAs":["https:\/\/apuntesdesanluis.com"],"url":"https:\/\/apuntesdesanluis.com\/index.php\/author\/apuntesdesanluis-com\/"}]}},"featured_image_urls":{"full":["https:\/\/apuntesdesanluis.com\/wp-content\/uploads\/2023\/08\/GRATUIDAD-X-2.png",677,350,false],"thumbnail":["https:\/\/apuntesdesanluis.com\/wp-content\/uploads\/2023\/08\/GRATUIDAD-X-2-150x150.png",150,150,true],"medium":["https:\/\/apuntesdesanluis.com\/wp-content\/uploads\/2023\/08\/GRATUIDAD-X-2-300x155.png",300,155,true],"medium_large":["https:\/\/apuntesdesanluis.com\/wp-content\/uploads\/2023\/08\/GRATUIDAD-X-2.png",640,331,false],"large":["https:\/\/apuntesdesanluis.com\/wp-content\/uploads\/2023\/08\/GRATUIDAD-X-2.png",640,331,false],"1536x1536":["https:\/\/apuntesdesanluis.com\/wp-content\/uploads\/2023\/08\/GRATUIDAD-X-2.png",677,350,false],"2048x2048":["https:\/\/apuntesdesanluis.com\/wp-content\/uploads\/2023\/08\/GRATUIDAD-X-2.png",677,350,false],"newsever-slider-full":["https:\/\/apuntesdesanluis.com\/wp-content\/uploads\/2023\/08\/GRATUIDAD-X-2.png",677,350,false],"newsever-featured":["https:\/\/apuntesdesanluis.com\/wp-content\/uploads\/2023\/08\/GRATUIDAD-X-2.png",677,350,false],"newsever-medium":["https:\/\/apuntesdesanluis.com\/wp-content\/uploads\/2023\/08\/GRATUIDAD-X-2.png",677,350,false]},"author_info":{"display_name":"apuntesdesanluis.com","author_link":"https:\/\/apuntesdesanluis.com\/index.php\/author\/apuntesdesanluis-com\/"},"category_info":"<a href=\"https:\/\/apuntesdesanluis.com\/index.php\/category\/opinion\/\" rel=\"category tag\">Opini\u00f3n<\/a>","tag_info":"Opini\u00f3n","comment_count":"0","_links":{"self":[{"href":"https:\/\/apuntesdesanluis.com\/index.php\/wp-json\/wp\/v2\/posts\/1139","targetHints":{"allow":["GET"]}}],"collection":[{"href":"https:\/\/apuntesdesanluis.com\/index.php\/wp-json\/wp\/v2\/posts"}],"about":[{"href":"https:\/\/apuntesdesanluis.com\/index.php\/wp-json\/wp\/v2\/types\/post"}],"author":[{"embeddable":true,"href":"https:\/\/apuntesdesanluis.com\/index.php\/wp-json\/wp\/v2\/users\/1"}],"replies":[{"embeddable":true,"href":"https:\/\/apuntesdesanluis.com\/index.php\/wp-json\/wp\/v2\/comments?post=1139"}],"version-history":[{"count":3,"href":"https:\/\/apuntesdesanluis.com\/index.php\/wp-json\/wp\/v2\/posts\/1139\/revisions"}],"predecessor-version":[{"id":1144,"href":"https:\/\/apuntesdesanluis.com\/index.php\/wp-json\/wp\/v2\/posts\/1139\/revisions\/1144"}],"wp:featuredmedia":[{"embeddable":true,"href":"https:\/\/apuntesdesanluis.com\/index.php\/wp-json\/wp\/v2\/media\/1141"}],"wp:attachment":[{"href":"https:\/\/apuntesdesanluis.com\/index.php\/wp-json\/wp\/v2\/media?parent=1139"}],"wp:term":[{"taxonomy":"category","embeddable":true,"href":"https:\/\/apuntesdesanluis.com\/index.php\/wp-json\/wp\/v2\/categories?post=1139"},{"taxonomy":"post_tag","embeddable":true,"href":"https:\/\/apuntesdesanluis.com\/index.php\/wp-json\/wp\/v2\/tags?post=1139"}],"curies":[{"name":"wp","href":"https:\/\/api.w.org\/{rel}","templated":true}]}}