{"id":11390,"date":"2024-02-08T00:23:55","date_gmt":"2024-02-08T03:23:55","guid":{"rendered":"https:\/\/apuntesdesanluis.com\/?p=11390"},"modified":"2024-02-08T00:23:55","modified_gmt":"2024-02-08T03:23:55","slug":"diputados-de-la-libertad-avanza-presentaron-un-proyecto-para-derogar-el-aborto-legal","status":"publish","type":"post","link":"https:\/\/apuntesdesanluis.com\/index.php\/2024\/02\/08\/diputados-de-la-libertad-avanza-presentaron-un-proyecto-para-derogar-el-aborto-legal\/","title":{"rendered":"DIPUTADOS DE LA LIBERTAD AVANZA PRESENTARON UN PROYECTO PARA DEROGAR EL ABORTO LEGAL"},"content":{"rendered":"<h3>Diputados de <strong>La Libertad Avanza<\/strong> presentaron un proyecto en la C\u00e1mara de Diputados para <strong>derogar la Ley 27610 de Interrupci\u00f3n Voluntaria del Embarazo<\/strong>. La noticia llega luego de la sesi\u00f3n frustrada que tuvo el oficialismo este martes para aprobar en particular la Ley \u00d3mnibus. La medida lleva la firma de los legisladores Beltr\u00e1n Benedit, Mar\u00eda Fernanda Araujo, Lilia Lemoine, Manuel Quintar y Oscar Zago.<\/h3>\n<h3>En uno de los art\u00edculos propone la reclusi\u00f3n o prisi\u00f3n de tres a diez a\u00f1os, si el aborto se realiza sin consentimiento de la mujer. \u201cEsta pena podr\u00e1 elevarse hasta quince a\u00f1os, si el hecho fuere seguido de la muerte de la mujer\u201d, detalla y agrega: \u201cCon reclusi\u00f3n o prisi\u00f3n de uno a cuatro a\u00f1os, si obrare con consentimiento de la mujer\u201d. \u201cEl m\u00e1ximum de la pena se elevar\u00e1 a seis a\u00f1os, si el hecho fuere seguido de la muerte de la mujer\u201d, agrega.<\/h3>\n<h3>Adem\u00e1s, proponen cambiar el art\u00edculo 86 que se refiere a los especialista a cargo de los abortos: \u201cSufrir\u00e1n, adem\u00e1s, inhabilitaci\u00f3n especial por doble tiempo que el de la condena, los m\u00e9dicos, cirujanos, parteras o farmac\u00e9uticos que abusaren de su ciencia o arte para causar el aborto o cooperaren a causarlo. El aborto causado por un m\u00e9dico diplomado con el consentimiento de la mujer encinta y con el fin de evitar un peligro inminente para la vida de la madre no es punible, siempre que el peligro no pueda ser evitado por otros medios\u201d.<\/h3>\n<h3>\u201cNuestra propuesta apunta a eliminar la injusta y arbitraria distinci\u00f3n que la redacci\u00f3n actual traza entre los abortos realizados antes de la semana 14 sin reproche penal- y los realizados luego de dicho plazo -penalizados en los casos en que no se verifiquen las causales de no punibilidad-, en la convicci\u00f3n de que dicha distinci\u00f3n sienta un peligroso precedente al crear, de hecho, categor\u00edas de personas\u201d, plantearon.<\/h3>\n<h3>\u201cSer\u00e1 reprimida con prisi\u00f3n de uno a tres a\u00f1os, la mujer que causare su propio aborto o consintiere en que otro se lo causare. La tentativa de la mujer no es punible. El juez podr\u00e1 disponer que se except\u00fae de la pena a la mujer en atenci\u00f3n a los motivos que la impulsaron a cometer el delito, su actitud posterior, y la naturaleza del hecho\u201d, agrega la modificaci\u00f3n del art\u00edculo 88.<\/h3>\n<p><img fetchpriority=\"high\" decoding=\"async\" class=\"wp-image-11392 aligncenter\" src=\"https:\/\/apuntesdesanluis.com\/wp-content\/uploads\/2024\/02\/SELFIE-300x211.png\" alt=\"\" width=\"653\" height=\"459\" srcset=\"https:\/\/apuntesdesanluis.com\/wp-content\/uploads\/2024\/02\/SELFIE-300x211.png 300w, https:\/\/apuntesdesanluis.com\/wp-content\/uploads\/2024\/02\/SELFIE.png 595w\" sizes=\"(max-width: 653px) 100vw, 653px\" \/><\/p>\n<h4 style=\"text-align: center;\"><em>Diputados libertarios se sacan una selfie, divertidos ellos.<\/em><\/h4>\n<h3>Uno de los puntos m\u00e1s pol\u00e9micos es el referido a los abortos realizados en embarazos originados por una violaci\u00f3n: \u201cDecidimos eliminar la causal de no punibilidad por entender que la misma ha sido sistem\u00e1ticamente interpretada como una justificaci\u00f3n de la pr\u00e1ctica. Sin embargo, dichos casos quedan comprendidos en la redacci\u00f3n propuesta para el art\u00edculo 88 del CP, que autoriza al juez a eximir a la mujer de la pena en atenci\u00f3n a las causas que la llevaron a abortar y a su comportamiento posterior, manteniendo as\u00ed el car\u00e1cter delictivo de la conducta. En efecto, creemos que no existe ninguna raz\u00f3n, por dram\u00e1tica que sea, que justifique el descarte de una vida inocente\u201d.<\/h3>\n<h3>\u201cEl comienzo de la vida humana hace tiempo que ha sido aclarada por la ciencia. En efecto, la gen\u00e9tica moderna ha demostrado que desde el instante de la fecundaci\u00f3n se forma un nuevo individuo de la especie humana, con carga cromos\u00f3mica propia, caracter\u00edstica que lo convierte en una entidad distinta a su madre. La dependencia que tiene este nuevo ser respecto de su madre no anula su condici\u00f3n de individuo, que continuar\u00e1 su desarrollo hasta el nacimiento siempre y cuando no se vea agredido por una fuerza externa. De hecho, desde la concepci\u00f3n en el seno materno no se produce ning\u00fan cambio disruptivo que permita afirmar que lo que antes era un \u201cfen\u00f3meno\u201d ahora es un ser humano; todo el proceso es un desarrollo progresivo de alguien que ya es. No creemos necesario ahondar m\u00e1s en este aspecto, que ya ha sido largamente probado y sostenido por la ciencia y la t\u00e9cnica, por lo que pasaremos a referirnos a la cuesti\u00f3n de la personalidad\u201d, detallaron en los fundamentos.<\/h3>\n<p>&nbsp;<\/p>\n<p>&nbsp;<\/p>\n<p>&nbsp;<\/p>\n<p>&nbsp;<\/p>\n","protected":false},"excerpt":{"rendered":"<p>Diputados de La Libertad Avanza presentaron un proyecto en la C\u00e1mara de Diputados para derogar&#8230;<\/p>\n","protected":false},"author":1,"featured_media":11391,"comment_status":"closed","ping_status":"closed","sticky":false,"template":"","format":"standard","meta":{"footnotes":""},"categories":[5],"tags":[],"class_list":["post-11390","post","type-post","status-publish","format-standard","has-post-thumbnail","hentry","category-nacionales-internacionales"],"yoast_head":"<!-- This site is optimized with the Yoast SEO plugin v26.1.1 - https:\/\/yoast.com\/wordpress\/plugins\/seo\/ -->\n<title>DIPUTADOS DE LA LIBERTAD AVANZA PRESENTARON UN PROYECTO PARA DEROGAR EL ABORTO LEGAL - Apuntes de San Luis<\/title>\n<meta name=\"robots\" content=\"index, follow, max-snippet:-1, max-image-preview:large, max-video-preview:-1\" \/>\n<link rel=\"canonical\" href=\"https:\/\/apuntesdesanluis.com\/index.php\/2024\/02\/08\/diputados-de-la-libertad-avanza-presentaron-un-proyecto-para-derogar-el-aborto-legal\/\" \/>\n<meta property=\"og:locale\" content=\"es_ES\" \/>\n<meta property=\"og:type\" content=\"article\" \/>\n<meta property=\"og:title\" content=\"DIPUTADOS DE LA LIBERTAD AVANZA PRESENTARON UN PROYECTO PARA DEROGAR EL ABORTO LEGAL - Apuntes de San Luis\" \/>\n<meta property=\"og:description\" content=\"Diputados de La Libertad Avanza presentaron un proyecto en la C\u00e1mara de Diputados para derogar...\" \/>\n<meta property=\"og:url\" content=\"https:\/\/apuntesdesanluis.com\/index.php\/2024\/02\/08\/diputados-de-la-libertad-avanza-presentaron-un-proyecto-para-derogar-el-aborto-legal\/\" \/>\n<meta property=\"og:site_name\" content=\"Apuntes de San Luis\" \/>\n<meta property=\"article:published_time\" content=\"2024-02-08T03:23:55+00:00\" \/>\n<meta property=\"og:image\" content=\"https:\/\/apuntesdesanluis.com\/wp-content\/uploads\/2024\/02\/ABORTO.png\" \/>\n\t<meta property=\"og:image:width\" content=\"672\" \/>\n\t<meta property=\"og:image:height\" content=\"379\" \/>\n\t<meta property=\"og:image:type\" content=\"image\/png\" \/>\n<meta name=\"author\" content=\"apuntesdesanluis.com\" \/>\n<meta name=\"twitter:card\" content=\"summary_large_image\" \/>\n<meta name=\"twitter:label1\" content=\"Escrito por\" \/>\n\t<meta name=\"twitter:data1\" content=\"apuntesdesanluis.com\" \/>\n\t<meta name=\"twitter:label2\" content=\"Tiempo de lectura\" \/>\n\t<meta name=\"twitter:data2\" content=\"4 minutos\" \/>\n<script type=\"application\/ld+json\" class=\"yoast-schema-graph\">{\"@context\":\"https:\/\/schema.org\",\"@graph\":[{\"@type\":\"Article\",\"@id\":\"https:\/\/apuntesdesanluis.com\/index.php\/2024\/02\/08\/diputados-de-la-libertad-avanza-presentaron-un-proyecto-para-derogar-el-aborto-legal\/#article\",\"isPartOf\":{\"@id\":\"https:\/\/apuntesdesanluis.com\/index.php\/2024\/02\/08\/diputados-de-la-libertad-avanza-presentaron-un-proyecto-para-derogar-el-aborto-legal\/\"},\"author\":{\"name\":\"apuntesdesanluis.com\",\"@id\":\"https:\/\/apuntesdesanluis.com\/#\/schema\/person\/b55151d52296fcce64d1a72538a70b90\"},\"headline\":\"DIPUTADOS DE LA LIBERTAD AVANZA PRESENTARON UN PROYECTO PARA DEROGAR EL ABORTO LEGAL\",\"datePublished\":\"2024-02-08T03:23:55+00:00\",\"mainEntityOfPage\":{\"@id\":\"https:\/\/apuntesdesanluis.com\/index.php\/2024\/02\/08\/diputados-de-la-libertad-avanza-presentaron-un-proyecto-para-derogar-el-aborto-legal\/\"},\"wordCount\":736,\"publisher\":{\"@id\":\"https:\/\/apuntesdesanluis.com\/#\/schema\/person\/b55151d52296fcce64d1a72538a70b90\"},\"image\":{\"@id\":\"https:\/\/apuntesdesanluis.com\/index.php\/2024\/02\/08\/diputados-de-la-libertad-avanza-presentaron-un-proyecto-para-derogar-el-aborto-legal\/#primaryimage\"},\"thumbnailUrl\":\"https:\/\/apuntesdesanluis.com\/wp-content\/uploads\/2024\/02\/ABORTO.png\",\"articleSection\":[\"Nacionales\/Internacionales\"],\"inLanguage\":\"es-AR\"},{\"@type\":\"WebPage\",\"@id\":\"https:\/\/apuntesdesanluis.com\/index.php\/2024\/02\/08\/diputados-de-la-libertad-avanza-presentaron-un-proyecto-para-derogar-el-aborto-legal\/\",\"url\":\"https:\/\/apuntesdesanluis.com\/index.php\/2024\/02\/08\/diputados-de-la-libertad-avanza-presentaron-un-proyecto-para-derogar-el-aborto-legal\/\",\"name\":\"DIPUTADOS DE LA LIBERTAD AVANZA PRESENTARON UN PROYECTO PARA DEROGAR EL ABORTO LEGAL - Apuntes de San Luis\",\"isPartOf\":{\"@id\":\"https:\/\/apuntesdesanluis.com\/#website\"},\"primaryImageOfPage\":{\"@id\":\"https:\/\/apuntesdesanluis.com\/index.php\/2024\/02\/08\/diputados-de-la-libertad-avanza-presentaron-un-proyecto-para-derogar-el-aborto-legal\/#primaryimage\"},\"image\":{\"@id\":\"https:\/\/apuntesdesanluis.com\/index.php\/2024\/02\/08\/diputados-de-la-libertad-avanza-presentaron-un-proyecto-para-derogar-el-aborto-legal\/#primaryimage\"},\"thumbnailUrl\":\"https:\/\/apuntesdesanluis.com\/wp-content\/uploads\/2024\/02\/ABORTO.png\",\"datePublished\":\"2024-02-08T03:23:55+00:00\",\"breadcrumb\":{\"@id\":\"https:\/\/apuntesdesanluis.com\/index.php\/2024\/02\/08\/diputados-de-la-libertad-avanza-presentaron-un-proyecto-para-derogar-el-aborto-legal\/#breadcrumb\"},\"inLanguage\":\"es-AR\",\"potentialAction\":[{\"@type\":\"ReadAction\",\"target\":[\"https:\/\/apuntesdesanluis.com\/index.php\/2024\/02\/08\/diputados-de-la-libertad-avanza-presentaron-un-proyecto-para-derogar-el-aborto-legal\/\"]}]},{\"@type\":\"ImageObject\",\"inLanguage\":\"es-AR\",\"@id\":\"https:\/\/apuntesdesanluis.com\/index.php\/2024\/02\/08\/diputados-de-la-libertad-avanza-presentaron-un-proyecto-para-derogar-el-aborto-legal\/#primaryimage\",\"url\":\"https:\/\/apuntesdesanluis.com\/wp-content\/uploads\/2024\/02\/ABORTO.png\",\"contentUrl\":\"https:\/\/apuntesdesanluis.com\/wp-content\/uploads\/2024\/02\/ABORTO.png\",\"width\":672,\"height\":379},{\"@type\":\"BreadcrumbList\",\"@id\":\"https:\/\/apuntesdesanluis.com\/index.php\/2024\/02\/08\/diputados-de-la-libertad-avanza-presentaron-un-proyecto-para-derogar-el-aborto-legal\/#breadcrumb\",\"itemListElement\":[{\"@type\":\"ListItem\",\"position\":1,\"name\":\"Inicio\",\"item\":\"https:\/\/apuntesdesanluis.com\/\"},{\"@type\":\"ListItem\",\"position\":2,\"name\":\"DIPUTADOS DE LA LIBERTAD AVANZA PRESENTARON UN PROYECTO PARA DEROGAR EL ABORTO LEGAL\"}]},{\"@type\":\"WebSite\",\"@id\":\"https:\/\/apuntesdesanluis.com\/#website\",\"url\":\"https:\/\/apuntesdesanluis.com\/\",\"name\":\"Apuntes de San Luis\",\"description\":\"\",\"publisher\":{\"@id\":\"https:\/\/apuntesdesanluis.com\/#\/schema\/person\/b55151d52296fcce64d1a72538a70b90\"},\"potentialAction\":[{\"@type\":\"SearchAction\",\"target\":{\"@type\":\"EntryPoint\",\"urlTemplate\":\"https:\/\/apuntesdesanluis.com\/?s={search_term_string}\"},\"query-input\":{\"@type\":\"PropertyValueSpecification\",\"valueRequired\":true,\"valueName\":\"search_term_string\"}}],\"inLanguage\":\"es-AR\"},{\"@type\":[\"Person\",\"Organization\"],\"@id\":\"https:\/\/apuntesdesanluis.com\/#\/schema\/person\/b55151d52296fcce64d1a72538a70b90\",\"name\":\"apuntesdesanluis.com\",\"image\":{\"@type\":\"ImageObject\",\"inLanguage\":\"es-AR\",\"@id\":\"https:\/\/apuntesdesanluis.com\/#\/schema\/person\/image\/\",\"url\":\"https:\/\/apuntesdesanluis.com\/wp-content\/uploads\/2023\/07\/cropped-apuntesdesanluis.png\",\"contentUrl\":\"https:\/\/apuntesdesanluis.com\/wp-content\/uploads\/2023\/07\/cropped-apuntesdesanluis.png\",\"width\":450,\"height\":112,\"caption\":\"apuntesdesanluis.com\"},\"logo\":{\"@id\":\"https:\/\/apuntesdesanluis.com\/#\/schema\/person\/image\/\"},\"sameAs\":[\"https:\/\/apuntesdesanluis.com\"],\"url\":\"https:\/\/apuntesdesanluis.com\/index.php\/author\/apuntesdesanluis-com\/\"}]}<\/script>\n<!-- \/ Yoast SEO plugin. -->","yoast_head_json":{"title":"DIPUTADOS DE LA LIBERTAD AVANZA PRESENTARON UN PROYECTO PARA DEROGAR EL ABORTO LEGAL - Apuntes de San Luis","robots":{"index":"index","follow":"follow","max-snippet":"max-snippet:-1","max-image-preview":"max-image-preview:large","max-video-preview":"max-video-preview:-1"},"canonical":"https:\/\/apuntesdesanluis.com\/index.php\/2024\/02\/08\/diputados-de-la-libertad-avanza-presentaron-un-proyecto-para-derogar-el-aborto-legal\/","og_locale":"es_ES","og_type":"article","og_title":"DIPUTADOS DE LA LIBERTAD AVANZA PRESENTARON UN PROYECTO PARA DEROGAR EL ABORTO LEGAL - Apuntes de San Luis","og_description":"Diputados de La Libertad Avanza presentaron un proyecto en la C\u00e1mara de Diputados para derogar...","og_url":"https:\/\/apuntesdesanluis.com\/index.php\/2024\/02\/08\/diputados-de-la-libertad-avanza-presentaron-un-proyecto-para-derogar-el-aborto-legal\/","og_site_name":"Apuntes de San Luis","article_published_time":"2024-02-08T03:23:55+00:00","og_image":[{"width":672,"height":379,"url":"https:\/\/apuntesdesanluis.com\/wp-content\/uploads\/2024\/02\/ABORTO.png","type":"image\/png"}],"author":"apuntesdesanluis.com","twitter_card":"summary_large_image","twitter_misc":{"Escrito por":"apuntesdesanluis.com","Tiempo de lectura":"4 minutos"},"schema":{"@context":"https:\/\/schema.org","@graph":[{"@type":"Article","@id":"https:\/\/apuntesdesanluis.com\/index.php\/2024\/02\/08\/diputados-de-la-libertad-avanza-presentaron-un-proyecto-para-derogar-el-aborto-legal\/#article","isPartOf":{"@id":"https:\/\/apuntesdesanluis.com\/index.php\/2024\/02\/08\/diputados-de-la-libertad-avanza-presentaron-un-proyecto-para-derogar-el-aborto-legal\/"},"author":{"name":"apuntesdesanluis.com","@id":"https:\/\/apuntesdesanluis.com\/#\/schema\/person\/b55151d52296fcce64d1a72538a70b90"},"headline":"DIPUTADOS DE LA LIBERTAD AVANZA PRESENTARON UN PROYECTO PARA DEROGAR EL ABORTO LEGAL","datePublished":"2024-02-08T03:23:55+00:00","mainEntityOfPage":{"@id":"https:\/\/apuntesdesanluis.com\/index.php\/2024\/02\/08\/diputados-de-la-libertad-avanza-presentaron-un-proyecto-para-derogar-el-aborto-legal\/"},"wordCount":736,"publisher":{"@id":"https:\/\/apuntesdesanluis.com\/#\/schema\/person\/b55151d52296fcce64d1a72538a70b90"},"image":{"@id":"https:\/\/apuntesdesanluis.com\/index.php\/2024\/02\/08\/diputados-de-la-libertad-avanza-presentaron-un-proyecto-para-derogar-el-aborto-legal\/#primaryimage"},"thumbnailUrl":"https:\/\/apuntesdesanluis.com\/wp-content\/uploads\/2024\/02\/ABORTO.png","articleSection":["Nacionales\/Internacionales"],"inLanguage":"es-AR"},{"@type":"WebPage","@id":"https:\/\/apuntesdesanluis.com\/index.php\/2024\/02\/08\/diputados-de-la-libertad-avanza-presentaron-un-proyecto-para-derogar-el-aborto-legal\/","url":"https:\/\/apuntesdesanluis.com\/index.php\/2024\/02\/08\/diputados-de-la-libertad-avanza-presentaron-un-proyecto-para-derogar-el-aborto-legal\/","name":"DIPUTADOS DE LA LIBERTAD AVANZA PRESENTARON UN PROYECTO PARA DEROGAR EL ABORTO LEGAL - Apuntes de San Luis","isPartOf":{"@id":"https:\/\/apuntesdesanluis.com\/#website"},"primaryImageOfPage":{"@id":"https:\/\/apuntesdesanluis.com\/index.php\/2024\/02\/08\/diputados-de-la-libertad-avanza-presentaron-un-proyecto-para-derogar-el-aborto-legal\/#primaryimage"},"image":{"@id":"https:\/\/apuntesdesanluis.com\/index.php\/2024\/02\/08\/diputados-de-la-libertad-avanza-presentaron-un-proyecto-para-derogar-el-aborto-legal\/#primaryimage"},"thumbnailUrl":"https:\/\/apuntesdesanluis.com\/wp-content\/uploads\/2024\/02\/ABORTO.png","datePublished":"2024-02-08T03:23:55+00:00","breadcrumb":{"@id":"https:\/\/apuntesdesanluis.com\/index.php\/2024\/02\/08\/diputados-de-la-libertad-avanza-presentaron-un-proyecto-para-derogar-el-aborto-legal\/#breadcrumb"},"inLanguage":"es-AR","potentialAction":[{"@type":"ReadAction","target":["https:\/\/apuntesdesanluis.com\/index.php\/2024\/02\/08\/diputados-de-la-libertad-avanza-presentaron-un-proyecto-para-derogar-el-aborto-legal\/"]}]},{"@type":"ImageObject","inLanguage":"es-AR","@id":"https:\/\/apuntesdesanluis.com\/index.php\/2024\/02\/08\/diputados-de-la-libertad-avanza-presentaron-un-proyecto-para-derogar-el-aborto-legal\/#primaryimage","url":"https:\/\/apuntesdesanluis.com\/wp-content\/uploads\/2024\/02\/ABORTO.png","contentUrl":"https:\/\/apuntesdesanluis.com\/wp-content\/uploads\/2024\/02\/ABORTO.png","width":672,"height":379},{"@type":"BreadcrumbList","@id":"https:\/\/apuntesdesanluis.com\/index.php\/2024\/02\/08\/diputados-de-la-libertad-avanza-presentaron-un-proyecto-para-derogar-el-aborto-legal\/#breadcrumb","itemListElement":[{"@type":"ListItem","position":1,"name":"Inicio","item":"https:\/\/apuntesdesanluis.com\/"},{"@type":"ListItem","position":2,"name":"DIPUTADOS DE LA LIBERTAD AVANZA PRESENTARON UN PROYECTO PARA DEROGAR EL ABORTO LEGAL"}]},{"@type":"WebSite","@id":"https:\/\/apuntesdesanluis.com\/#website","url":"https:\/\/apuntesdesanluis.com\/","name":"Apuntes de San Luis","description":"","publisher":{"@id":"https:\/\/apuntesdesanluis.com\/#\/schema\/person\/b55151d52296fcce64d1a72538a70b90"},"potentialAction":[{"@type":"SearchAction","target":{"@type":"EntryPoint","urlTemplate":"https:\/\/apuntesdesanluis.com\/?s={search_term_string}"},"query-input":{"@type":"PropertyValueSpecification","valueRequired":true,"valueName":"search_term_string"}}],"inLanguage":"es-AR"},{"@type":["Person","Organization"],"@id":"https:\/\/apuntesdesanluis.com\/#\/schema\/person\/b55151d52296fcce64d1a72538a70b90","name":"apuntesdesanluis.com","image":{"@type":"ImageObject","inLanguage":"es-AR","@id":"https:\/\/apuntesdesanluis.com\/#\/schema\/person\/image\/","url":"https:\/\/apuntesdesanluis.com\/wp-content\/uploads\/2023\/07\/cropped-apuntesdesanluis.png","contentUrl":"https:\/\/apuntesdesanluis.com\/wp-content\/uploads\/2023\/07\/cropped-apuntesdesanluis.png","width":450,"height":112,"caption":"apuntesdesanluis.com"},"logo":{"@id":"https:\/\/apuntesdesanluis.com\/#\/schema\/person\/image\/"},"sameAs":["https:\/\/apuntesdesanluis.com"],"url":"https:\/\/apuntesdesanluis.com\/index.php\/author\/apuntesdesanluis-com\/"}]}},"featured_image_urls":{"full":["https:\/\/apuntesdesanluis.com\/wp-content\/uploads\/2024\/02\/ABORTO.png",672,379,false],"thumbnail":["https:\/\/apuntesdesanluis.com\/wp-content\/uploads\/2024\/02\/ABORTO-150x150.png",150,150,true],"medium":["https:\/\/apuntesdesanluis.com\/wp-content\/uploads\/2024\/02\/ABORTO-300x169.png",300,169,true],"medium_large":["https:\/\/apuntesdesanluis.com\/wp-content\/uploads\/2024\/02\/ABORTO.png",640,361,false],"large":["https:\/\/apuntesdesanluis.com\/wp-content\/uploads\/2024\/02\/ABORTO.png",640,361,false],"1536x1536":["https:\/\/apuntesdesanluis.com\/wp-content\/uploads\/2024\/02\/ABORTO.png",672,379,false],"2048x2048":["https:\/\/apuntesdesanluis.com\/wp-content\/uploads\/2024\/02\/ABORTO.png",672,379,false],"newsever-slider-full":["https:\/\/apuntesdesanluis.com\/wp-content\/uploads\/2024\/02\/ABORTO.png",672,379,false],"newsever-featured":["https:\/\/apuntesdesanluis.com\/wp-content\/uploads\/2024\/02\/ABORTO.png",672,379,false],"newsever-medium":["https:\/\/apuntesdesanluis.com\/wp-content\/uploads\/2024\/02\/ABORTO.png",672,379,false]},"author_info":{"display_name":"apuntesdesanluis.com","author_link":"https:\/\/apuntesdesanluis.com\/index.php\/author\/apuntesdesanluis-com\/"},"category_info":"<a href=\"https:\/\/apuntesdesanluis.com\/index.php\/category\/nacionales-internacionales\/\" rel=\"category tag\">Nacionales\/Internacionales<\/a>","tag_info":"Nacionales\/Internacionales","comment_count":"0","_links":{"self":[{"href":"https:\/\/apuntesdesanluis.com\/index.php\/wp-json\/wp\/v2\/posts\/11390","targetHints":{"allow":["GET"]}}],"collection":[{"href":"https:\/\/apuntesdesanluis.com\/index.php\/wp-json\/wp\/v2\/posts"}],"about":[{"href":"https:\/\/apuntesdesanluis.com\/index.php\/wp-json\/wp\/v2\/types\/post"}],"author":[{"embeddable":true,"href":"https:\/\/apuntesdesanluis.com\/index.php\/wp-json\/wp\/v2\/users\/1"}],"replies":[{"embeddable":true,"href":"https:\/\/apuntesdesanluis.com\/index.php\/wp-json\/wp\/v2\/comments?post=11390"}],"version-history":[{"count":1,"href":"https:\/\/apuntesdesanluis.com\/index.php\/wp-json\/wp\/v2\/posts\/11390\/revisions"}],"predecessor-version":[{"id":11393,"href":"https:\/\/apuntesdesanluis.com\/index.php\/wp-json\/wp\/v2\/posts\/11390\/revisions\/11393"}],"wp:featuredmedia":[{"embeddable":true,"href":"https:\/\/apuntesdesanluis.com\/index.php\/wp-json\/wp\/v2\/media\/11391"}],"wp:attachment":[{"href":"https:\/\/apuntesdesanluis.com\/index.php\/wp-json\/wp\/v2\/media?parent=11390"}],"wp:term":[{"taxonomy":"category","embeddable":true,"href":"https:\/\/apuntesdesanluis.com\/index.php\/wp-json\/wp\/v2\/categories?post=11390"},{"taxonomy":"post_tag","embeddable":true,"href":"https:\/\/apuntesdesanluis.com\/index.php\/wp-json\/wp\/v2\/tags?post=11390"}],"curies":[{"name":"wp","href":"https:\/\/api.w.org\/{rel}","templated":true}]}}