{"id":11394,"date":"2024-02-08T00:36:01","date_gmt":"2024-02-08T03:36:01","guid":{"rendered":"https:\/\/apuntesdesanluis.com\/?p=11394"},"modified":"2024-02-08T00:36:38","modified_gmt":"2024-02-08T03:36:38","slug":"el-jefe-del-bloque-oficialista-admitio-que-no-sabia-que-la-ley-iba-a-volver-a-foja-cero","status":"publish","type":"post","link":"https:\/\/apuntesdesanluis.com\/index.php\/2024\/02\/08\/el-jefe-del-bloque-oficialista-admitio-que-no-sabia-que-la-ley-iba-a-volver-a-foja-cero\/","title":{"rendered":"EL JEFE DEL BLOQUE OFICIALISTA ADMITI\u00d3 QUE NO SAB\u00cdA QUE LA LEY IBA A VOLVER A FOJA CERO"},"content":{"rendered":"<h3>El presidente del bloque de diputados nacionales de La Libertad Avanza (LLA), <strong>Oscar Zago<\/strong>, admiti\u00f3 que al pedir que el proyecto de Ley de Bases volviera a comisi\u00f3n no sab\u00eda que iba a perder la aprobaci\u00f3n en general y quedaba en foja cero.<\/h3>\n<h3>\u201cTodo de vuelta, no, porque ya tenemos un voto en general, as\u00ed que lo que vuelve a comisi\u00f3n es para tratar algunos art\u00edculos y cap\u00edtulos que un mont\u00f3n de diputados se comprometieron a acompa\u00f1ar y ahora est\u00e1n en duda\u201d, asegur\u00f3 Zago inmediatamente despu\u00e9s de que terminara la sesi\u00f3n.<\/h3>\n<h3>Su pedido de volver el proyecto a comisi\u00f3n implicaba que la aprobaci\u00f3n en general se perdiera.<\/h3>\n<p><img fetchpriority=\"high\" decoding=\"async\" class=\"wp-image-11397 aligncenter\" src=\"https:\/\/apuntesdesanluis.com\/wp-content\/uploads\/2024\/02\/ZAGO-300x167.png\" alt=\"\" width=\"643\" height=\"358\" srcset=\"https:\/\/apuntesdesanluis.com\/wp-content\/uploads\/2024\/02\/ZAGO-300x167.png 300w, https:\/\/apuntesdesanluis.com\/wp-content\/uploads\/2024\/02\/ZAGO.png 601w\" sizes=\"(max-width: 643px) 100vw, 643px\" \/><\/p>\n<h3>El art\u00edculo 155 del reglamento de la C\u00e1mara de Diputado asegura que &#8220;un proyecto que, despu\u00e9s de sancionado en general, o en general y parcialmente en particular, vuelve a comisi\u00f3n, al considerarlo nuevamente la C\u00e1mara, se le someter\u00e1 al tr\u00e1mite ordinario como si no hubiese recibido sanci\u00f3n alguna\u201d.<\/h3>\n<h3>\u201cSe vuelve a la comisi\u00f3n y, de la comisi\u00f3n, se trata de vuelta y se vuelve a acompa\u00f1ar el nuevo dictamen. El nuevo dictamen pasa a (labor) parlamentaria, y parlamentaria llama a sesi\u00f3n. No est\u00e1 todo en foja cero. No es que no sabemos, que no conocemos las reglas y el reglamento\u201d, asegur\u00f3 Zago horas m\u00e1s tarde en declaraciones al canal LN+.<\/h3>\n<h3>Y agreg\u00f3: &#8220;Me equivoqu\u00e9 en una entrevista cuando dijo \u2018lo votamos en general, ya est\u00e1&#8217;. Cuando se vuelve a comisi\u00f3n, se vuelve a discutir todo\u201d.<\/h3>\n<h3>Algo similar le pas\u00f3 al ministro del Interior, <strong>Guillermo Francos<\/strong>, que poco despu\u00e9s de levantada la sesi\u00f3n dijo: \u201cLa ley en general est\u00e1 aprobada. Pas\u00f3 a comisi\u00f3n el tratamiento en particular de la ley\u201d. <span style=\"color: #3366ff;\"><strong>(Ver nota relacionada)<\/strong><\/span><\/h3>\n<h3>Luego, cuando periodistas le hablaron el art\u00edculo 155, expres\u00f3: \u201cYo entend\u00ed que la aprobaci\u00f3n en general estaba. Si se aprob\u00f3 en general una vez, se mandar\u00e1 otro proyecto y se tratar\u00e1 nuevamente\u201d.<\/h3>\n<h3><strong>P\u00cdPARO, GOLPEADA<\/strong><\/h3>\n<h3>La diputada del bloque Buenos Aires Libre <strong>Carolina P\u00edparo<\/strong>, sostuvo hoy que &#8220;es muy triste ver pr\u00e1cticas fascistas por parte de un espacio que lleg\u00f3 al gobierno como liberal&#8221;, luego de haber sido incluida en el listado de &#8220;traidores a la patria&#8221; que difundi\u00f3 el oficialismo con los legisladores que votaron en contra de art\u00edculos de la Ley \u00d3mnibus.<\/h3>\n<p><img decoding=\"async\" class=\"wp-image-11395 aligncenter\" src=\"https:\/\/apuntesdesanluis.com\/wp-content\/uploads\/2024\/02\/PIPARO-300x179.png\" alt=\"\" width=\"623\" height=\"372\" srcset=\"https:\/\/apuntesdesanluis.com\/wp-content\/uploads\/2024\/02\/PIPARO-300x179.png 300w, https:\/\/apuntesdesanluis.com\/wp-content\/uploads\/2024\/02\/PIPARO.png 656w\" sizes=\"(max-width: 623px) 100vw, 623px\" \/><\/p>\n<h3>La candidata a gobernadora bonaerense de La Libertad Avanza en las \u00faltimas elecciones tom\u00f3 distancia del oficialismo luego de su fallido desembarco como titular de la Anses y ahora qued\u00f3 en la mira de los libertarios por su desempe\u00f1\u00f3 en la votaci\u00f3n en particular de la Ley Bases, que termin\u00f3 naufragando y volviendo a comisi\u00f3n.<\/h3>\n<h3>&#8220;El pueblo jam\u00e1s olvidar\u00e1 los nombres de aquellos que, pudiendo facilitar las reformas que fueron elegidas por el 56% de los argentinos, decidieron seguir haci\u00e9ndole el juego a la casta&#8221;, sostuvo la cuenta de X de la Oficina del Presidente Milei, que luego comparti\u00f3 el listado, en el que incluy\u00f3 a P\u00edparo entre los nombres que &#8220;votaron contra el pueblo&#8221;.<\/h3>\n<h3>Posteriormente, el diputado de la UCR Mart\u00edn Tetaz poste\u00f3 en la misma red social un listado de la p\u00e1gina web de Diputados en donde se pod\u00eda observar que P\u00edparo solo hab\u00eda votado en contra del inciso &#8220;h&#8221; del art\u00edculo 5, referido a la cuesti\u00f3n de fondos fiduciarios.<\/h3>\n<h3>&#8220;Es cierto Mart\u00edn, es muy triste ver pr\u00e1cticas fascistas por parte de un espacio que lleg\u00f3 al gobierno como liberal. El Congreso ya mostr\u00f3 predisposici\u00f3n para aprobar en general la ley Bases, las emergencias y las facultades delegadas, seguiremos trabajando para eso&#8221;, contest\u00f3 P\u00edparo a Tetaz.<\/h3>\n<p>&nbsp;<\/p>\n<h3><span style=\"color: #3366ff;\"><strong>NOTICIA RELACIONADA:<\/strong><\/span><\/h3>\n<p><a href=\"https:\/\/apuntesdesanluis.com\/index.php\/2024\/02\/07\/francos-paso-un-mal-momento-cuando-le-explicaron-que-se-habia-caido-la-votacion-en-general\/\" target=\"_blank\" rel=\"noopener\"><img decoding=\"async\" class=\"alignnone wp-image-11329\" src=\"https:\/\/apuntesdesanluis.com\/wp-content\/uploads\/2024\/02\/POSTEO-2-300x234.png\" alt=\"\" width=\"453\" height=\"353\" srcset=\"https:\/\/apuntesdesanluis.com\/wp-content\/uploads\/2024\/02\/POSTEO-2-300x234.png 300w, https:\/\/apuntesdesanluis.com\/wp-content\/uploads\/2024\/02\/POSTEO-2.png 683w\" sizes=\"(max-width: 453px) 100vw, 453px\" \/><\/a><\/p>\n<p>&nbsp;<\/p>\n<p>&nbsp;<\/p>\n<p>&nbsp;<\/p>\n","protected":false},"excerpt":{"rendered":"<p>El presidente del bloque de diputados nacionales de La Libertad Avanza (LLA), Oscar Zago, admiti\u00f3&#8230;<\/p>\n","protected":false},"author":1,"featured_media":11396,"comment_status":"closed","ping_status":"closed","sticky":false,"template":"","format":"standard","meta":{"footnotes":""},"categories":[5],"tags":[],"class_list":["post-11394","post","type-post","status-publish","format-standard","has-post-thumbnail","hentry","category-nacionales-internacionales"],"yoast_head":"<!-- This site is optimized with the Yoast SEO plugin v26.1.1 - https:\/\/yoast.com\/wordpress\/plugins\/seo\/ -->\n<title>EL JEFE DEL BLOQUE OFICIALISTA ADMITI\u00d3 QUE NO SAB\u00cdA QUE LA LEY IBA A VOLVER A FOJA CERO - Apuntes de San Luis<\/title>\n<meta name=\"robots\" content=\"index, follow, max-snippet:-1, max-image-preview:large, max-video-preview:-1\" \/>\n<link rel=\"canonical\" href=\"https:\/\/apuntesdesanluis.com\/index.php\/2024\/02\/08\/el-jefe-del-bloque-oficialista-admitio-que-no-sabia-que-la-ley-iba-a-volver-a-foja-cero\/\" \/>\n<meta property=\"og:locale\" content=\"es_ES\" \/>\n<meta property=\"og:type\" content=\"article\" \/>\n<meta property=\"og:title\" content=\"EL JEFE DEL BLOQUE OFICIALISTA ADMITI\u00d3 QUE NO SAB\u00cdA QUE LA LEY IBA A VOLVER A FOJA CERO - Apuntes de San Luis\" \/>\n<meta property=\"og:description\" content=\"El presidente del bloque de diputados nacionales de La Libertad Avanza (LLA), Oscar Zago, admiti\u00f3...\" \/>\n<meta property=\"og:url\" content=\"https:\/\/apuntesdesanluis.com\/index.php\/2024\/02\/08\/el-jefe-del-bloque-oficialista-admitio-que-no-sabia-que-la-ley-iba-a-volver-a-foja-cero\/\" \/>\n<meta property=\"og:site_name\" content=\"Apuntes de San Luis\" \/>\n<meta property=\"article:published_time\" content=\"2024-02-08T03:36:01+00:00\" \/>\n<meta property=\"article:modified_time\" content=\"2024-02-08T03:36:38+00:00\" \/>\n<meta property=\"og:image\" content=\"https:\/\/apuntesdesanluis.com\/wp-content\/uploads\/2024\/02\/OSCAR-ZAGO.png\" \/>\n\t<meta property=\"og:image:width\" content=\"631\" \/>\n\t<meta property=\"og:image:height\" content=\"379\" \/>\n\t<meta property=\"og:image:type\" content=\"image\/png\" \/>\n<meta name=\"author\" content=\"apuntesdesanluis.com\" \/>\n<meta name=\"twitter:card\" content=\"summary_large_image\" \/>\n<meta name=\"twitter:label1\" content=\"Escrito por\" \/>\n\t<meta name=\"twitter:data1\" content=\"apuntesdesanluis.com\" \/>\n\t<meta name=\"twitter:label2\" content=\"Tiempo de lectura\" \/>\n\t<meta name=\"twitter:data2\" content=\"4 minutos\" \/>\n<script type=\"application\/ld+json\" class=\"yoast-schema-graph\">{\"@context\":\"https:\/\/schema.org\",\"@graph\":[{\"@type\":\"Article\",\"@id\":\"https:\/\/apuntesdesanluis.com\/index.php\/2024\/02\/08\/el-jefe-del-bloque-oficialista-admitio-que-no-sabia-que-la-ley-iba-a-volver-a-foja-cero\/#article\",\"isPartOf\":{\"@id\":\"https:\/\/apuntesdesanluis.com\/index.php\/2024\/02\/08\/el-jefe-del-bloque-oficialista-admitio-que-no-sabia-que-la-ley-iba-a-volver-a-foja-cero\/\"},\"author\":{\"name\":\"apuntesdesanluis.com\",\"@id\":\"https:\/\/apuntesdesanluis.com\/#\/schema\/person\/b55151d52296fcce64d1a72538a70b90\"},\"headline\":\"EL JEFE DEL BLOQUE OFICIALISTA ADMITI\u00d3 QUE NO SAB\u00cdA QUE LA LEY IBA A VOLVER A FOJA CERO\",\"datePublished\":\"2024-02-08T03:36:01+00:00\",\"dateModified\":\"2024-02-08T03:36:38+00:00\",\"mainEntityOfPage\":{\"@id\":\"https:\/\/apuntesdesanluis.com\/index.php\/2024\/02\/08\/el-jefe-del-bloque-oficialista-admitio-que-no-sabia-que-la-ley-iba-a-volver-a-foja-cero\/\"},\"wordCount\":653,\"publisher\":{\"@id\":\"https:\/\/apuntesdesanluis.com\/#\/schema\/person\/b55151d52296fcce64d1a72538a70b90\"},\"image\":{\"@id\":\"https:\/\/apuntesdesanluis.com\/index.php\/2024\/02\/08\/el-jefe-del-bloque-oficialista-admitio-que-no-sabia-que-la-ley-iba-a-volver-a-foja-cero\/#primaryimage\"},\"thumbnailUrl\":\"https:\/\/apuntesdesanluis.com\/wp-content\/uploads\/2024\/02\/OSCAR-ZAGO.png\",\"articleSection\":[\"Nacionales\/Internacionales\"],\"inLanguage\":\"es-AR\"},{\"@type\":\"WebPage\",\"@id\":\"https:\/\/apuntesdesanluis.com\/index.php\/2024\/02\/08\/el-jefe-del-bloque-oficialista-admitio-que-no-sabia-que-la-ley-iba-a-volver-a-foja-cero\/\",\"url\":\"https:\/\/apuntesdesanluis.com\/index.php\/2024\/02\/08\/el-jefe-del-bloque-oficialista-admitio-que-no-sabia-que-la-ley-iba-a-volver-a-foja-cero\/\",\"name\":\"EL JEFE DEL BLOQUE OFICIALISTA ADMITI\u00d3 QUE NO SAB\u00cdA QUE LA LEY IBA A VOLVER A FOJA CERO - Apuntes de San Luis\",\"isPartOf\":{\"@id\":\"https:\/\/apuntesdesanluis.com\/#website\"},\"primaryImageOfPage\":{\"@id\":\"https:\/\/apuntesdesanluis.com\/index.php\/2024\/02\/08\/el-jefe-del-bloque-oficialista-admitio-que-no-sabia-que-la-ley-iba-a-volver-a-foja-cero\/#primaryimage\"},\"image\":{\"@id\":\"https:\/\/apuntesdesanluis.com\/index.php\/2024\/02\/08\/el-jefe-del-bloque-oficialista-admitio-que-no-sabia-que-la-ley-iba-a-volver-a-foja-cero\/#primaryimage\"},\"thumbnailUrl\":\"https:\/\/apuntesdesanluis.com\/wp-content\/uploads\/2024\/02\/OSCAR-ZAGO.png\",\"datePublished\":\"2024-02-08T03:36:01+00:00\",\"dateModified\":\"2024-02-08T03:36:38+00:00\",\"breadcrumb\":{\"@id\":\"https:\/\/apuntesdesanluis.com\/index.php\/2024\/02\/08\/el-jefe-del-bloque-oficialista-admitio-que-no-sabia-que-la-ley-iba-a-volver-a-foja-cero\/#breadcrumb\"},\"inLanguage\":\"es-AR\",\"potentialAction\":[{\"@type\":\"ReadAction\",\"target\":[\"https:\/\/apuntesdesanluis.com\/index.php\/2024\/02\/08\/el-jefe-del-bloque-oficialista-admitio-que-no-sabia-que-la-ley-iba-a-volver-a-foja-cero\/\"]}]},{\"@type\":\"ImageObject\",\"inLanguage\":\"es-AR\",\"@id\":\"https:\/\/apuntesdesanluis.com\/index.php\/2024\/02\/08\/el-jefe-del-bloque-oficialista-admitio-que-no-sabia-que-la-ley-iba-a-volver-a-foja-cero\/#primaryimage\",\"url\":\"https:\/\/apuntesdesanluis.com\/wp-content\/uploads\/2024\/02\/OSCAR-ZAGO.png\",\"contentUrl\":\"https:\/\/apuntesdesanluis.com\/wp-content\/uploads\/2024\/02\/OSCAR-ZAGO.png\",\"width\":631,\"height\":379},{\"@type\":\"BreadcrumbList\",\"@id\":\"https:\/\/apuntesdesanluis.com\/index.php\/2024\/02\/08\/el-jefe-del-bloque-oficialista-admitio-que-no-sabia-que-la-ley-iba-a-volver-a-foja-cero\/#breadcrumb\",\"itemListElement\":[{\"@type\":\"ListItem\",\"position\":1,\"name\":\"Inicio\",\"item\":\"https:\/\/apuntesdesanluis.com\/\"},{\"@type\":\"ListItem\",\"position\":2,\"name\":\"EL JEFE DEL BLOQUE OFICIALISTA ADMITI\u00d3 QUE NO SAB\u00cdA QUE LA LEY IBA A VOLVER A FOJA CERO\"}]},{\"@type\":\"WebSite\",\"@id\":\"https:\/\/apuntesdesanluis.com\/#website\",\"url\":\"https:\/\/apuntesdesanluis.com\/\",\"name\":\"Apuntes de San Luis\",\"description\":\"\",\"publisher\":{\"@id\":\"https:\/\/apuntesdesanluis.com\/#\/schema\/person\/b55151d52296fcce64d1a72538a70b90\"},\"potentialAction\":[{\"@type\":\"SearchAction\",\"target\":{\"@type\":\"EntryPoint\",\"urlTemplate\":\"https:\/\/apuntesdesanluis.com\/?s={search_term_string}\"},\"query-input\":{\"@type\":\"PropertyValueSpecification\",\"valueRequired\":true,\"valueName\":\"search_term_string\"}}],\"inLanguage\":\"es-AR\"},{\"@type\":[\"Person\",\"Organization\"],\"@id\":\"https:\/\/apuntesdesanluis.com\/#\/schema\/person\/b55151d52296fcce64d1a72538a70b90\",\"name\":\"apuntesdesanluis.com\",\"image\":{\"@type\":\"ImageObject\",\"inLanguage\":\"es-AR\",\"@id\":\"https:\/\/apuntesdesanluis.com\/#\/schema\/person\/image\/\",\"url\":\"https:\/\/apuntesdesanluis.com\/wp-content\/uploads\/2023\/07\/cropped-apuntesdesanluis.png\",\"contentUrl\":\"https:\/\/apuntesdesanluis.com\/wp-content\/uploads\/2023\/07\/cropped-apuntesdesanluis.png\",\"width\":450,\"height\":112,\"caption\":\"apuntesdesanluis.com\"},\"logo\":{\"@id\":\"https:\/\/apuntesdesanluis.com\/#\/schema\/person\/image\/\"},\"sameAs\":[\"https:\/\/apuntesdesanluis.com\"],\"url\":\"https:\/\/apuntesdesanluis.com\/index.php\/author\/apuntesdesanluis-com\/\"}]}<\/script>\n<!-- \/ Yoast SEO plugin. -->","yoast_head_json":{"title":"EL JEFE DEL BLOQUE OFICIALISTA ADMITI\u00d3 QUE NO SAB\u00cdA QUE LA LEY IBA A VOLVER A FOJA CERO - Apuntes de San Luis","robots":{"index":"index","follow":"follow","max-snippet":"max-snippet:-1","max-image-preview":"max-image-preview:large","max-video-preview":"max-video-preview:-1"},"canonical":"https:\/\/apuntesdesanluis.com\/index.php\/2024\/02\/08\/el-jefe-del-bloque-oficialista-admitio-que-no-sabia-que-la-ley-iba-a-volver-a-foja-cero\/","og_locale":"es_ES","og_type":"article","og_title":"EL JEFE DEL BLOQUE OFICIALISTA ADMITI\u00d3 QUE NO SAB\u00cdA QUE LA LEY IBA A VOLVER A FOJA CERO - Apuntes de San Luis","og_description":"El presidente del bloque de diputados nacionales de La Libertad Avanza (LLA), Oscar Zago, admiti\u00f3...","og_url":"https:\/\/apuntesdesanluis.com\/index.php\/2024\/02\/08\/el-jefe-del-bloque-oficialista-admitio-que-no-sabia-que-la-ley-iba-a-volver-a-foja-cero\/","og_site_name":"Apuntes de San Luis","article_published_time":"2024-02-08T03:36:01+00:00","article_modified_time":"2024-02-08T03:36:38+00:00","og_image":[{"width":631,"height":379,"url":"https:\/\/apuntesdesanluis.com\/wp-content\/uploads\/2024\/02\/OSCAR-ZAGO.png","type":"image\/png"}],"author":"apuntesdesanluis.com","twitter_card":"summary_large_image","twitter_misc":{"Escrito por":"apuntesdesanluis.com","Tiempo de lectura":"4 minutos"},"schema":{"@context":"https:\/\/schema.org","@graph":[{"@type":"Article","@id":"https:\/\/apuntesdesanluis.com\/index.php\/2024\/02\/08\/el-jefe-del-bloque-oficialista-admitio-que-no-sabia-que-la-ley-iba-a-volver-a-foja-cero\/#article","isPartOf":{"@id":"https:\/\/apuntesdesanluis.com\/index.php\/2024\/02\/08\/el-jefe-del-bloque-oficialista-admitio-que-no-sabia-que-la-ley-iba-a-volver-a-foja-cero\/"},"author":{"name":"apuntesdesanluis.com","@id":"https:\/\/apuntesdesanluis.com\/#\/schema\/person\/b55151d52296fcce64d1a72538a70b90"},"headline":"EL JEFE DEL BLOQUE OFICIALISTA ADMITI\u00d3 QUE NO SAB\u00cdA QUE LA LEY IBA A VOLVER A FOJA CERO","datePublished":"2024-02-08T03:36:01+00:00","dateModified":"2024-02-08T03:36:38+00:00","mainEntityOfPage":{"@id":"https:\/\/apuntesdesanluis.com\/index.php\/2024\/02\/08\/el-jefe-del-bloque-oficialista-admitio-que-no-sabia-que-la-ley-iba-a-volver-a-foja-cero\/"},"wordCount":653,"publisher":{"@id":"https:\/\/apuntesdesanluis.com\/#\/schema\/person\/b55151d52296fcce64d1a72538a70b90"},"image":{"@id":"https:\/\/apuntesdesanluis.com\/index.php\/2024\/02\/08\/el-jefe-del-bloque-oficialista-admitio-que-no-sabia-que-la-ley-iba-a-volver-a-foja-cero\/#primaryimage"},"thumbnailUrl":"https:\/\/apuntesdesanluis.com\/wp-content\/uploads\/2024\/02\/OSCAR-ZAGO.png","articleSection":["Nacionales\/Internacionales"],"inLanguage":"es-AR"},{"@type":"WebPage","@id":"https:\/\/apuntesdesanluis.com\/index.php\/2024\/02\/08\/el-jefe-del-bloque-oficialista-admitio-que-no-sabia-que-la-ley-iba-a-volver-a-foja-cero\/","url":"https:\/\/apuntesdesanluis.com\/index.php\/2024\/02\/08\/el-jefe-del-bloque-oficialista-admitio-que-no-sabia-que-la-ley-iba-a-volver-a-foja-cero\/","name":"EL JEFE DEL BLOQUE OFICIALISTA ADMITI\u00d3 QUE NO SAB\u00cdA QUE LA LEY IBA A VOLVER A FOJA CERO - Apuntes de San Luis","isPartOf":{"@id":"https:\/\/apuntesdesanluis.com\/#website"},"primaryImageOfPage":{"@id":"https:\/\/apuntesdesanluis.com\/index.php\/2024\/02\/08\/el-jefe-del-bloque-oficialista-admitio-que-no-sabia-que-la-ley-iba-a-volver-a-foja-cero\/#primaryimage"},"image":{"@id":"https:\/\/apuntesdesanluis.com\/index.php\/2024\/02\/08\/el-jefe-del-bloque-oficialista-admitio-que-no-sabia-que-la-ley-iba-a-volver-a-foja-cero\/#primaryimage"},"thumbnailUrl":"https:\/\/apuntesdesanluis.com\/wp-content\/uploads\/2024\/02\/OSCAR-ZAGO.png","datePublished":"2024-02-08T03:36:01+00:00","dateModified":"2024-02-08T03:36:38+00:00","breadcrumb":{"@id":"https:\/\/apuntesdesanluis.com\/index.php\/2024\/02\/08\/el-jefe-del-bloque-oficialista-admitio-que-no-sabia-que-la-ley-iba-a-volver-a-foja-cero\/#breadcrumb"},"inLanguage":"es-AR","potentialAction":[{"@type":"ReadAction","target":["https:\/\/apuntesdesanluis.com\/index.php\/2024\/02\/08\/el-jefe-del-bloque-oficialista-admitio-que-no-sabia-que-la-ley-iba-a-volver-a-foja-cero\/"]}]},{"@type":"ImageObject","inLanguage":"es-AR","@id":"https:\/\/apuntesdesanluis.com\/index.php\/2024\/02\/08\/el-jefe-del-bloque-oficialista-admitio-que-no-sabia-que-la-ley-iba-a-volver-a-foja-cero\/#primaryimage","url":"https:\/\/apuntesdesanluis.com\/wp-content\/uploads\/2024\/02\/OSCAR-ZAGO.png","contentUrl":"https:\/\/apuntesdesanluis.com\/wp-content\/uploads\/2024\/02\/OSCAR-ZAGO.png","width":631,"height":379},{"@type":"BreadcrumbList","@id":"https:\/\/apuntesdesanluis.com\/index.php\/2024\/02\/08\/el-jefe-del-bloque-oficialista-admitio-que-no-sabia-que-la-ley-iba-a-volver-a-foja-cero\/#breadcrumb","itemListElement":[{"@type":"ListItem","position":1,"name":"Inicio","item":"https:\/\/apuntesdesanluis.com\/"},{"@type":"ListItem","position":2,"name":"EL JEFE DEL BLOQUE OFICIALISTA ADMITI\u00d3 QUE NO SAB\u00cdA QUE LA LEY IBA A VOLVER A FOJA CERO"}]},{"@type":"WebSite","@id":"https:\/\/apuntesdesanluis.com\/#website","url":"https:\/\/apuntesdesanluis.com\/","name":"Apuntes de San Luis","description":"","publisher":{"@id":"https:\/\/apuntesdesanluis.com\/#\/schema\/person\/b55151d52296fcce64d1a72538a70b90"},"potentialAction":[{"@type":"SearchAction","target":{"@type":"EntryPoint","urlTemplate":"https:\/\/apuntesdesanluis.com\/?s={search_term_string}"},"query-input":{"@type":"PropertyValueSpecification","valueRequired":true,"valueName":"search_term_string"}}],"inLanguage":"es-AR"},{"@type":["Person","Organization"],"@id":"https:\/\/apuntesdesanluis.com\/#\/schema\/person\/b55151d52296fcce64d1a72538a70b90","name":"apuntesdesanluis.com","image":{"@type":"ImageObject","inLanguage":"es-AR","@id":"https:\/\/apuntesdesanluis.com\/#\/schema\/person\/image\/","url":"https:\/\/apuntesdesanluis.com\/wp-content\/uploads\/2023\/07\/cropped-apuntesdesanluis.png","contentUrl":"https:\/\/apuntesdesanluis.com\/wp-content\/uploads\/2023\/07\/cropped-apuntesdesanluis.png","width":450,"height":112,"caption":"apuntesdesanluis.com"},"logo":{"@id":"https:\/\/apuntesdesanluis.com\/#\/schema\/person\/image\/"},"sameAs":["https:\/\/apuntesdesanluis.com"],"url":"https:\/\/apuntesdesanluis.com\/index.php\/author\/apuntesdesanluis-com\/"}]}},"featured_image_urls":{"full":["https:\/\/apuntesdesanluis.com\/wp-content\/uploads\/2024\/02\/OSCAR-ZAGO.png",631,379,false],"thumbnail":["https:\/\/apuntesdesanluis.com\/wp-content\/uploads\/2024\/02\/OSCAR-ZAGO-150x150.png",150,150,true],"medium":["https:\/\/apuntesdesanluis.com\/wp-content\/uploads\/2024\/02\/OSCAR-ZAGO-300x180.png",300,180,true],"medium_large":["https:\/\/apuntesdesanluis.com\/wp-content\/uploads\/2024\/02\/OSCAR-ZAGO.png",631,379,false],"large":["https:\/\/apuntesdesanluis.com\/wp-content\/uploads\/2024\/02\/OSCAR-ZAGO.png",631,379,false],"1536x1536":["https:\/\/apuntesdesanluis.com\/wp-content\/uploads\/2024\/02\/OSCAR-ZAGO.png",631,379,false],"2048x2048":["https:\/\/apuntesdesanluis.com\/wp-content\/uploads\/2024\/02\/OSCAR-ZAGO.png",631,379,false],"newsever-slider-full":["https:\/\/apuntesdesanluis.com\/wp-content\/uploads\/2024\/02\/OSCAR-ZAGO.png",631,379,false],"newsever-featured":["https:\/\/apuntesdesanluis.com\/wp-content\/uploads\/2024\/02\/OSCAR-ZAGO.png",631,379,false],"newsever-medium":["https:\/\/apuntesdesanluis.com\/wp-content\/uploads\/2024\/02\/OSCAR-ZAGO.png",631,379,false]},"author_info":{"display_name":"apuntesdesanluis.com","author_link":"https:\/\/apuntesdesanluis.com\/index.php\/author\/apuntesdesanluis-com\/"},"category_info":"<a href=\"https:\/\/apuntesdesanluis.com\/index.php\/category\/nacionales-internacionales\/\" rel=\"category tag\">Nacionales\/Internacionales<\/a>","tag_info":"Nacionales\/Internacionales","comment_count":"0","_links":{"self":[{"href":"https:\/\/apuntesdesanluis.com\/index.php\/wp-json\/wp\/v2\/posts\/11394","targetHints":{"allow":["GET"]}}],"collection":[{"href":"https:\/\/apuntesdesanluis.com\/index.php\/wp-json\/wp\/v2\/posts"}],"about":[{"href":"https:\/\/apuntesdesanluis.com\/index.php\/wp-json\/wp\/v2\/types\/post"}],"author":[{"embeddable":true,"href":"https:\/\/apuntesdesanluis.com\/index.php\/wp-json\/wp\/v2\/users\/1"}],"replies":[{"embeddable":true,"href":"https:\/\/apuntesdesanluis.com\/index.php\/wp-json\/wp\/v2\/comments?post=11394"}],"version-history":[{"count":3,"href":"https:\/\/apuntesdesanluis.com\/index.php\/wp-json\/wp\/v2\/posts\/11394\/revisions"}],"predecessor-version":[{"id":11400,"href":"https:\/\/apuntesdesanluis.com\/index.php\/wp-json\/wp\/v2\/posts\/11394\/revisions\/11400"}],"wp:featuredmedia":[{"embeddable":true,"href":"https:\/\/apuntesdesanluis.com\/index.php\/wp-json\/wp\/v2\/media\/11396"}],"wp:attachment":[{"href":"https:\/\/apuntesdesanluis.com\/index.php\/wp-json\/wp\/v2\/media?parent=11394"}],"wp:term":[{"taxonomy":"category","embeddable":true,"href":"https:\/\/apuntesdesanluis.com\/index.php\/wp-json\/wp\/v2\/categories?post=11394"},{"taxonomy":"post_tag","embeddable":true,"href":"https:\/\/apuntesdesanluis.com\/index.php\/wp-json\/wp\/v2\/tags?post=11394"}],"curies":[{"name":"wp","href":"https:\/\/api.w.org\/{rel}","templated":true}]}}