{"id":11401,"date":"2024-02-08T00:41:01","date_gmt":"2024-02-08T03:41:01","guid":{"rendered":"https:\/\/apuntesdesanluis.com\/?p=11401"},"modified":"2024-02-08T00:46:00","modified_gmt":"2024-02-08T03:46:00","slug":"la-ucr-le-reclamo-a-milei-que-deje-de-incitar-a-la-violencia-contra-el-que-piensa-distinto","status":"publish","type":"post","link":"https:\/\/apuntesdesanluis.com\/index.php\/2024\/02\/08\/la-ucr-le-reclamo-a-milei-que-deje-de-incitar-a-la-violencia-contra-el-que-piensa-distinto\/","title":{"rendered":"LA UCR LE RECLAM\u00d3 A MILEI QUE DEJE DE &#8220;INCITAR A LA VIOLENCIA CONTRA EL QUE PIENSA DISTINTO&#8221;"},"content":{"rendered":"<h3>La <strong>Uni\u00f3n C\u00edvica Radical<\/strong> apunt\u00f3 contra el presidente <strong>Javier Milei<\/strong> y le reclam\u00f3 que deje de &#8220;incitar a la violencia contra el que piensa distinto&#8221;, tras la publicaci\u00f3n en sus redes sociales de una lista en la que calific\u00f3 de &#8220;traidores&#8221; a los que votaron en contra algunos puntos de la ley \u00f3mnibus.<\/h3>\n<h3>&#8220;El Presidente se puso al frente de un operativo cargado de descalificaciones y agravios a los diputados y diputadas que no acompa\u00f1aron algunos art\u00edculos de la votaci\u00f3n en particular en el tratamiento\u00a0 de la ley \u00f3mnibus&#8221;, comenz\u00f3 la UCR.<\/h3>\n<h3>En un comunicado, el partido que lidera el senador nacional <strong>Mart\u00edn Lousteau<\/strong> se\u00f1al\u00f3 que &#8220;en una conferencia de prensa en el exterior&#8221; los llam\u00f3 &#8220;conjunto de delincuentes\u201d.<\/h3>\n<h3>&#8220;Hay una incitaci\u00f3n generalizada a la violencia contra el que piensa distinto que debe terminar. Tener coraje para emprender reformas no implica insultar, gritar y pensar que s\u00f3lo uno tiene raz\u00f3n. Tampoco es ensa\u00f1arse con insultos contra los que expresan opiniones diferentes&#8221;, subray\u00f3 el partido.<\/h3>\n<h3>&#8220;Nada de esto es lo que nos ense\u00f1\u00f3 Ra\u00fal Alfons\u00edn cuando refund\u00f3 la democracia. Argentina necesita templanza y equilibrio para lograr consensos que sobrevivan en el tiempo y resuelvan de manera definitiva los problemas que arrastramos. Ese es el camino para salir de la crisis&#8221;, agreg\u00f3 el radicalismo.<\/h3>\n<h3>Milei public\u00f3 una lista de los nombres de los diputados que votaron a favor y en contra de algunos art\u00edculos de la Ley de Bases, pese a que muchos de ellos hab\u00edan acompa\u00f1ado la norma en general.<\/h3>\n<h3>Adem\u00e1s, destac\u00f3 el rol y agradeci\u00f3 a los presidentes de los bloques del PRO, Cristian Ritondo, y de Hacemos Coalici\u00f3n Federal, Miguel \u00c1ngel Pichetto, por el acompa\u00f1amiento.<\/h3>\n<h3>Desde Israel, Milei tambi\u00e9n asegur\u00f3 que la derrota legislativa fue &#8220;buscada&#8221; para exponer a los &#8220;traidores, delincuentes y corruptos&#8221;.<\/h3>\n<p><iframe title=\"Milei trat\u00f3 de &quot;delincuentes&quot; a los diputados dialoguistas\" width=\"640\" height=\"360\" src=\"https:\/\/www.youtube.com\/embed\/GNC9ezqLRPk?feature=oembed\" frameborder=\"0\" allow=\"accelerometer; autoplay; clipboard-write; encrypted-media; gyroscope; picture-in-picture; web-share\" referrerpolicy=\"strict-origin-when-cross-origin\" allowfullscreen><\/iframe><\/p>\n<p>&nbsp;<\/p>\n<p>&nbsp;<\/p>\n<p>&nbsp;<\/p>\n","protected":false},"excerpt":{"rendered":"<p>La Uni\u00f3n C\u00edvica Radical apunt\u00f3 contra el presidente Javier Milei y le reclam\u00f3 que deje&#8230;<\/p>\n","protected":false},"author":1,"featured_media":11402,"comment_status":"closed","ping_status":"closed","sticky":false,"template":"","format":"standard","meta":{"footnotes":""},"categories":[5],"tags":[],"class_list":["post-11401","post","type-post","status-publish","format-standard","has-post-thumbnail","hentry","category-nacionales-internacionales"],"yoast_head":"<!-- This site is optimized with the Yoast SEO plugin v26.1.1 - https:\/\/yoast.com\/wordpress\/plugins\/seo\/ -->\n<title>LA UCR LE RECLAM\u00d3 A MILEI QUE DEJE DE &quot;INCITAR A LA VIOLENCIA CONTRA EL QUE PIENSA DISTINTO&quot; - Apuntes de San Luis<\/title>\n<meta name=\"robots\" content=\"index, follow, max-snippet:-1, max-image-preview:large, max-video-preview:-1\" \/>\n<link rel=\"canonical\" href=\"https:\/\/apuntesdesanluis.com\/index.php\/2024\/02\/08\/la-ucr-le-reclamo-a-milei-que-deje-de-incitar-a-la-violencia-contra-el-que-piensa-distinto\/\" \/>\n<meta property=\"og:locale\" content=\"es_ES\" \/>\n<meta property=\"og:type\" content=\"article\" \/>\n<meta property=\"og:title\" content=\"LA UCR LE RECLAM\u00d3 A MILEI QUE DEJE DE &quot;INCITAR A LA VIOLENCIA CONTRA EL QUE PIENSA DISTINTO&quot; - Apuntes de San Luis\" \/>\n<meta property=\"og:description\" content=\"La Uni\u00f3n C\u00edvica Radical apunt\u00f3 contra el presidente Javier Milei y le reclam\u00f3 que deje...\" \/>\n<meta property=\"og:url\" content=\"https:\/\/apuntesdesanluis.com\/index.php\/2024\/02\/08\/la-ucr-le-reclamo-a-milei-que-deje-de-incitar-a-la-violencia-contra-el-que-piensa-distinto\/\" \/>\n<meta property=\"og:site_name\" content=\"Apuntes de San Luis\" \/>\n<meta property=\"article:published_time\" content=\"2024-02-08T03:41:01+00:00\" \/>\n<meta property=\"article:modified_time\" content=\"2024-02-08T03:46:00+00:00\" \/>\n<meta property=\"og:image\" content=\"https:\/\/apuntesdesanluis.com\/wp-content\/uploads\/2024\/02\/MARTIN-LOUSTEAU.png\" \/>\n\t<meta property=\"og:image:width\" content=\"600\" \/>\n\t<meta property=\"og:image:height\" content=\"360\" \/>\n\t<meta property=\"og:image:type\" content=\"image\/png\" \/>\n<meta name=\"author\" content=\"apuntesdesanluis.com\" \/>\n<meta name=\"twitter:card\" content=\"summary_large_image\" \/>\n<meta name=\"twitter:label1\" content=\"Escrito por\" \/>\n\t<meta name=\"twitter:data1\" content=\"apuntesdesanluis.com\" \/>\n\t<meta name=\"twitter:label2\" content=\"Tiempo de lectura\" \/>\n\t<meta name=\"twitter:data2\" content=\"2 minutos\" \/>\n<script type=\"application\/ld+json\" class=\"yoast-schema-graph\">{\"@context\":\"https:\/\/schema.org\",\"@graph\":[{\"@type\":\"Article\",\"@id\":\"https:\/\/apuntesdesanluis.com\/index.php\/2024\/02\/08\/la-ucr-le-reclamo-a-milei-que-deje-de-incitar-a-la-violencia-contra-el-que-piensa-distinto\/#article\",\"isPartOf\":{\"@id\":\"https:\/\/apuntesdesanluis.com\/index.php\/2024\/02\/08\/la-ucr-le-reclamo-a-milei-que-deje-de-incitar-a-la-violencia-contra-el-que-piensa-distinto\/\"},\"author\":{\"name\":\"apuntesdesanluis.com\",\"@id\":\"https:\/\/apuntesdesanluis.com\/#\/schema\/person\/b55151d52296fcce64d1a72538a70b90\"},\"headline\":\"LA UCR LE RECLAM\u00d3 A MILEI QUE DEJE DE &#8220;INCITAR A LA VIOLENCIA CONTRA EL QUE PIENSA DISTINTO&#8221;\",\"datePublished\":\"2024-02-08T03:41:01+00:00\",\"dateModified\":\"2024-02-08T03:46:00+00:00\",\"mainEntityOfPage\":{\"@id\":\"https:\/\/apuntesdesanluis.com\/index.php\/2024\/02\/08\/la-ucr-le-reclamo-a-milei-que-deje-de-incitar-a-la-violencia-contra-el-que-piensa-distinto\/\"},\"wordCount\":344,\"publisher\":{\"@id\":\"https:\/\/apuntesdesanluis.com\/#\/schema\/person\/b55151d52296fcce64d1a72538a70b90\"},\"image\":{\"@id\":\"https:\/\/apuntesdesanluis.com\/index.php\/2024\/02\/08\/la-ucr-le-reclamo-a-milei-que-deje-de-incitar-a-la-violencia-contra-el-que-piensa-distinto\/#primaryimage\"},\"thumbnailUrl\":\"https:\/\/apuntesdesanluis.com\/wp-content\/uploads\/2024\/02\/MARTIN-LOUSTEAU.png\",\"articleSection\":[\"Nacionales\/Internacionales\"],\"inLanguage\":\"es-AR\"},{\"@type\":\"WebPage\",\"@id\":\"https:\/\/apuntesdesanluis.com\/index.php\/2024\/02\/08\/la-ucr-le-reclamo-a-milei-que-deje-de-incitar-a-la-violencia-contra-el-que-piensa-distinto\/\",\"url\":\"https:\/\/apuntesdesanluis.com\/index.php\/2024\/02\/08\/la-ucr-le-reclamo-a-milei-que-deje-de-incitar-a-la-violencia-contra-el-que-piensa-distinto\/\",\"name\":\"LA UCR LE RECLAM\u00d3 A MILEI QUE DEJE DE \\\"INCITAR A LA VIOLENCIA CONTRA EL QUE PIENSA DISTINTO\\\" - Apuntes de San Luis\",\"isPartOf\":{\"@id\":\"https:\/\/apuntesdesanluis.com\/#website\"},\"primaryImageOfPage\":{\"@id\":\"https:\/\/apuntesdesanluis.com\/index.php\/2024\/02\/08\/la-ucr-le-reclamo-a-milei-que-deje-de-incitar-a-la-violencia-contra-el-que-piensa-distinto\/#primaryimage\"},\"image\":{\"@id\":\"https:\/\/apuntesdesanluis.com\/index.php\/2024\/02\/08\/la-ucr-le-reclamo-a-milei-que-deje-de-incitar-a-la-violencia-contra-el-que-piensa-distinto\/#primaryimage\"},\"thumbnailUrl\":\"https:\/\/apuntesdesanluis.com\/wp-content\/uploads\/2024\/02\/MARTIN-LOUSTEAU.png\",\"datePublished\":\"2024-02-08T03:41:01+00:00\",\"dateModified\":\"2024-02-08T03:46:00+00:00\",\"breadcrumb\":{\"@id\":\"https:\/\/apuntesdesanluis.com\/index.php\/2024\/02\/08\/la-ucr-le-reclamo-a-milei-que-deje-de-incitar-a-la-violencia-contra-el-que-piensa-distinto\/#breadcrumb\"},\"inLanguage\":\"es-AR\",\"potentialAction\":[{\"@type\":\"ReadAction\",\"target\":[\"https:\/\/apuntesdesanluis.com\/index.php\/2024\/02\/08\/la-ucr-le-reclamo-a-milei-que-deje-de-incitar-a-la-violencia-contra-el-que-piensa-distinto\/\"]}]},{\"@type\":\"ImageObject\",\"inLanguage\":\"es-AR\",\"@id\":\"https:\/\/apuntesdesanluis.com\/index.php\/2024\/02\/08\/la-ucr-le-reclamo-a-milei-que-deje-de-incitar-a-la-violencia-contra-el-que-piensa-distinto\/#primaryimage\",\"url\":\"https:\/\/apuntesdesanluis.com\/wp-content\/uploads\/2024\/02\/MARTIN-LOUSTEAU.png\",\"contentUrl\":\"https:\/\/apuntesdesanluis.com\/wp-content\/uploads\/2024\/02\/MARTIN-LOUSTEAU.png\",\"width\":600,\"height\":360},{\"@type\":\"BreadcrumbList\",\"@id\":\"https:\/\/apuntesdesanluis.com\/index.php\/2024\/02\/08\/la-ucr-le-reclamo-a-milei-que-deje-de-incitar-a-la-violencia-contra-el-que-piensa-distinto\/#breadcrumb\",\"itemListElement\":[{\"@type\":\"ListItem\",\"position\":1,\"name\":\"Inicio\",\"item\":\"https:\/\/apuntesdesanluis.com\/\"},{\"@type\":\"ListItem\",\"position\":2,\"name\":\"LA UCR LE RECLAM\u00d3 A MILEI QUE DEJE DE &#8220;INCITAR A LA VIOLENCIA CONTRA EL QUE PIENSA DISTINTO&#8221;\"}]},{\"@type\":\"WebSite\",\"@id\":\"https:\/\/apuntesdesanluis.com\/#website\",\"url\":\"https:\/\/apuntesdesanluis.com\/\",\"name\":\"Apuntes de San Luis\",\"description\":\"\",\"publisher\":{\"@id\":\"https:\/\/apuntesdesanluis.com\/#\/schema\/person\/b55151d52296fcce64d1a72538a70b90\"},\"potentialAction\":[{\"@type\":\"SearchAction\",\"target\":{\"@type\":\"EntryPoint\",\"urlTemplate\":\"https:\/\/apuntesdesanluis.com\/?s={search_term_string}\"},\"query-input\":{\"@type\":\"PropertyValueSpecification\",\"valueRequired\":true,\"valueName\":\"search_term_string\"}}],\"inLanguage\":\"es-AR\"},{\"@type\":[\"Person\",\"Organization\"],\"@id\":\"https:\/\/apuntesdesanluis.com\/#\/schema\/person\/b55151d52296fcce64d1a72538a70b90\",\"name\":\"apuntesdesanluis.com\",\"image\":{\"@type\":\"ImageObject\",\"inLanguage\":\"es-AR\",\"@id\":\"https:\/\/apuntesdesanluis.com\/#\/schema\/person\/image\/\",\"url\":\"https:\/\/apuntesdesanluis.com\/wp-content\/uploads\/2023\/07\/cropped-apuntesdesanluis.png\",\"contentUrl\":\"https:\/\/apuntesdesanluis.com\/wp-content\/uploads\/2023\/07\/cropped-apuntesdesanluis.png\",\"width\":450,\"height\":112,\"caption\":\"apuntesdesanluis.com\"},\"logo\":{\"@id\":\"https:\/\/apuntesdesanluis.com\/#\/schema\/person\/image\/\"},\"sameAs\":[\"https:\/\/apuntesdesanluis.com\"],\"url\":\"https:\/\/apuntesdesanluis.com\/index.php\/author\/apuntesdesanluis-com\/\"}]}<\/script>\n<!-- \/ Yoast SEO plugin. -->","yoast_head_json":{"title":"LA UCR LE RECLAM\u00d3 A MILEI QUE DEJE DE \"INCITAR A LA VIOLENCIA CONTRA EL QUE PIENSA DISTINTO\" - Apuntes de San Luis","robots":{"index":"index","follow":"follow","max-snippet":"max-snippet:-1","max-image-preview":"max-image-preview:large","max-video-preview":"max-video-preview:-1"},"canonical":"https:\/\/apuntesdesanluis.com\/index.php\/2024\/02\/08\/la-ucr-le-reclamo-a-milei-que-deje-de-incitar-a-la-violencia-contra-el-que-piensa-distinto\/","og_locale":"es_ES","og_type":"article","og_title":"LA UCR LE RECLAM\u00d3 A MILEI QUE DEJE DE \"INCITAR A LA VIOLENCIA CONTRA EL QUE PIENSA DISTINTO\" - Apuntes de San Luis","og_description":"La Uni\u00f3n C\u00edvica Radical apunt\u00f3 contra el presidente Javier Milei y le reclam\u00f3 que deje...","og_url":"https:\/\/apuntesdesanluis.com\/index.php\/2024\/02\/08\/la-ucr-le-reclamo-a-milei-que-deje-de-incitar-a-la-violencia-contra-el-que-piensa-distinto\/","og_site_name":"Apuntes de San Luis","article_published_time":"2024-02-08T03:41:01+00:00","article_modified_time":"2024-02-08T03:46:00+00:00","og_image":[{"width":600,"height":360,"url":"https:\/\/apuntesdesanluis.com\/wp-content\/uploads\/2024\/02\/MARTIN-LOUSTEAU.png","type":"image\/png"}],"author":"apuntesdesanluis.com","twitter_card":"summary_large_image","twitter_misc":{"Escrito por":"apuntesdesanluis.com","Tiempo de lectura":"2 minutos"},"schema":{"@context":"https:\/\/schema.org","@graph":[{"@type":"Article","@id":"https:\/\/apuntesdesanluis.com\/index.php\/2024\/02\/08\/la-ucr-le-reclamo-a-milei-que-deje-de-incitar-a-la-violencia-contra-el-que-piensa-distinto\/#article","isPartOf":{"@id":"https:\/\/apuntesdesanluis.com\/index.php\/2024\/02\/08\/la-ucr-le-reclamo-a-milei-que-deje-de-incitar-a-la-violencia-contra-el-que-piensa-distinto\/"},"author":{"name":"apuntesdesanluis.com","@id":"https:\/\/apuntesdesanluis.com\/#\/schema\/person\/b55151d52296fcce64d1a72538a70b90"},"headline":"LA UCR LE RECLAM\u00d3 A MILEI QUE DEJE DE &#8220;INCITAR A LA VIOLENCIA CONTRA EL QUE PIENSA DISTINTO&#8221;","datePublished":"2024-02-08T03:41:01+00:00","dateModified":"2024-02-08T03:46:00+00:00","mainEntityOfPage":{"@id":"https:\/\/apuntesdesanluis.com\/index.php\/2024\/02\/08\/la-ucr-le-reclamo-a-milei-que-deje-de-incitar-a-la-violencia-contra-el-que-piensa-distinto\/"},"wordCount":344,"publisher":{"@id":"https:\/\/apuntesdesanluis.com\/#\/schema\/person\/b55151d52296fcce64d1a72538a70b90"},"image":{"@id":"https:\/\/apuntesdesanluis.com\/index.php\/2024\/02\/08\/la-ucr-le-reclamo-a-milei-que-deje-de-incitar-a-la-violencia-contra-el-que-piensa-distinto\/#primaryimage"},"thumbnailUrl":"https:\/\/apuntesdesanluis.com\/wp-content\/uploads\/2024\/02\/MARTIN-LOUSTEAU.png","articleSection":["Nacionales\/Internacionales"],"inLanguage":"es-AR"},{"@type":"WebPage","@id":"https:\/\/apuntesdesanluis.com\/index.php\/2024\/02\/08\/la-ucr-le-reclamo-a-milei-que-deje-de-incitar-a-la-violencia-contra-el-que-piensa-distinto\/","url":"https:\/\/apuntesdesanluis.com\/index.php\/2024\/02\/08\/la-ucr-le-reclamo-a-milei-que-deje-de-incitar-a-la-violencia-contra-el-que-piensa-distinto\/","name":"LA UCR LE RECLAM\u00d3 A MILEI QUE DEJE DE \"INCITAR A LA VIOLENCIA CONTRA EL QUE PIENSA DISTINTO\" - Apuntes de San Luis","isPartOf":{"@id":"https:\/\/apuntesdesanluis.com\/#website"},"primaryImageOfPage":{"@id":"https:\/\/apuntesdesanluis.com\/index.php\/2024\/02\/08\/la-ucr-le-reclamo-a-milei-que-deje-de-incitar-a-la-violencia-contra-el-que-piensa-distinto\/#primaryimage"},"image":{"@id":"https:\/\/apuntesdesanluis.com\/index.php\/2024\/02\/08\/la-ucr-le-reclamo-a-milei-que-deje-de-incitar-a-la-violencia-contra-el-que-piensa-distinto\/#primaryimage"},"thumbnailUrl":"https:\/\/apuntesdesanluis.com\/wp-content\/uploads\/2024\/02\/MARTIN-LOUSTEAU.png","datePublished":"2024-02-08T03:41:01+00:00","dateModified":"2024-02-08T03:46:00+00:00","breadcrumb":{"@id":"https:\/\/apuntesdesanluis.com\/index.php\/2024\/02\/08\/la-ucr-le-reclamo-a-milei-que-deje-de-incitar-a-la-violencia-contra-el-que-piensa-distinto\/#breadcrumb"},"inLanguage":"es-AR","potentialAction":[{"@type":"ReadAction","target":["https:\/\/apuntesdesanluis.com\/index.php\/2024\/02\/08\/la-ucr-le-reclamo-a-milei-que-deje-de-incitar-a-la-violencia-contra-el-que-piensa-distinto\/"]}]},{"@type":"ImageObject","inLanguage":"es-AR","@id":"https:\/\/apuntesdesanluis.com\/index.php\/2024\/02\/08\/la-ucr-le-reclamo-a-milei-que-deje-de-incitar-a-la-violencia-contra-el-que-piensa-distinto\/#primaryimage","url":"https:\/\/apuntesdesanluis.com\/wp-content\/uploads\/2024\/02\/MARTIN-LOUSTEAU.png","contentUrl":"https:\/\/apuntesdesanluis.com\/wp-content\/uploads\/2024\/02\/MARTIN-LOUSTEAU.png","width":600,"height":360},{"@type":"BreadcrumbList","@id":"https:\/\/apuntesdesanluis.com\/index.php\/2024\/02\/08\/la-ucr-le-reclamo-a-milei-que-deje-de-incitar-a-la-violencia-contra-el-que-piensa-distinto\/#breadcrumb","itemListElement":[{"@type":"ListItem","position":1,"name":"Inicio","item":"https:\/\/apuntesdesanluis.com\/"},{"@type":"ListItem","position":2,"name":"LA UCR LE RECLAM\u00d3 A MILEI QUE DEJE DE &#8220;INCITAR A LA VIOLENCIA CONTRA EL QUE PIENSA DISTINTO&#8221;"}]},{"@type":"WebSite","@id":"https:\/\/apuntesdesanluis.com\/#website","url":"https:\/\/apuntesdesanluis.com\/","name":"Apuntes de San Luis","description":"","publisher":{"@id":"https:\/\/apuntesdesanluis.com\/#\/schema\/person\/b55151d52296fcce64d1a72538a70b90"},"potentialAction":[{"@type":"SearchAction","target":{"@type":"EntryPoint","urlTemplate":"https:\/\/apuntesdesanluis.com\/?s={search_term_string}"},"query-input":{"@type":"PropertyValueSpecification","valueRequired":true,"valueName":"search_term_string"}}],"inLanguage":"es-AR"},{"@type":["Person","Organization"],"@id":"https:\/\/apuntesdesanluis.com\/#\/schema\/person\/b55151d52296fcce64d1a72538a70b90","name":"apuntesdesanluis.com","image":{"@type":"ImageObject","inLanguage":"es-AR","@id":"https:\/\/apuntesdesanluis.com\/#\/schema\/person\/image\/","url":"https:\/\/apuntesdesanluis.com\/wp-content\/uploads\/2023\/07\/cropped-apuntesdesanluis.png","contentUrl":"https:\/\/apuntesdesanluis.com\/wp-content\/uploads\/2023\/07\/cropped-apuntesdesanluis.png","width":450,"height":112,"caption":"apuntesdesanluis.com"},"logo":{"@id":"https:\/\/apuntesdesanluis.com\/#\/schema\/person\/image\/"},"sameAs":["https:\/\/apuntesdesanluis.com"],"url":"https:\/\/apuntesdesanluis.com\/index.php\/author\/apuntesdesanluis-com\/"}]}},"featured_image_urls":{"full":["https:\/\/apuntesdesanluis.com\/wp-content\/uploads\/2024\/02\/MARTIN-LOUSTEAU.png",600,360,false],"thumbnail":["https:\/\/apuntesdesanluis.com\/wp-content\/uploads\/2024\/02\/MARTIN-LOUSTEAU-150x150.png",150,150,true],"medium":["https:\/\/apuntesdesanluis.com\/wp-content\/uploads\/2024\/02\/MARTIN-LOUSTEAU-300x180.png",300,180,true],"medium_large":["https:\/\/apuntesdesanluis.com\/wp-content\/uploads\/2024\/02\/MARTIN-LOUSTEAU.png",600,360,false],"large":["https:\/\/apuntesdesanluis.com\/wp-content\/uploads\/2024\/02\/MARTIN-LOUSTEAU.png",600,360,false],"1536x1536":["https:\/\/apuntesdesanluis.com\/wp-content\/uploads\/2024\/02\/MARTIN-LOUSTEAU.png",600,360,false],"2048x2048":["https:\/\/apuntesdesanluis.com\/wp-content\/uploads\/2024\/02\/MARTIN-LOUSTEAU.png",600,360,false],"newsever-slider-full":["https:\/\/apuntesdesanluis.com\/wp-content\/uploads\/2024\/02\/MARTIN-LOUSTEAU.png",600,360,false],"newsever-featured":["https:\/\/apuntesdesanluis.com\/wp-content\/uploads\/2024\/02\/MARTIN-LOUSTEAU.png",600,360,false],"newsever-medium":["https:\/\/apuntesdesanluis.com\/wp-content\/uploads\/2024\/02\/MARTIN-LOUSTEAU.png",600,360,false]},"author_info":{"display_name":"apuntesdesanluis.com","author_link":"https:\/\/apuntesdesanluis.com\/index.php\/author\/apuntesdesanluis-com\/"},"category_info":"<a href=\"https:\/\/apuntesdesanluis.com\/index.php\/category\/nacionales-internacionales\/\" rel=\"category tag\">Nacionales\/Internacionales<\/a>","tag_info":"Nacionales\/Internacionales","comment_count":"0","_links":{"self":[{"href":"https:\/\/apuntesdesanluis.com\/index.php\/wp-json\/wp\/v2\/posts\/11401","targetHints":{"allow":["GET"]}}],"collection":[{"href":"https:\/\/apuntesdesanluis.com\/index.php\/wp-json\/wp\/v2\/posts"}],"about":[{"href":"https:\/\/apuntesdesanluis.com\/index.php\/wp-json\/wp\/v2\/types\/post"}],"author":[{"embeddable":true,"href":"https:\/\/apuntesdesanluis.com\/index.php\/wp-json\/wp\/v2\/users\/1"}],"replies":[{"embeddable":true,"href":"https:\/\/apuntesdesanluis.com\/index.php\/wp-json\/wp\/v2\/comments?post=11401"}],"version-history":[{"count":2,"href":"https:\/\/apuntesdesanluis.com\/index.php\/wp-json\/wp\/v2\/posts\/11401\/revisions"}],"predecessor-version":[{"id":11404,"href":"https:\/\/apuntesdesanluis.com\/index.php\/wp-json\/wp\/v2\/posts\/11401\/revisions\/11404"}],"wp:featuredmedia":[{"embeddable":true,"href":"https:\/\/apuntesdesanluis.com\/index.php\/wp-json\/wp\/v2\/media\/11402"}],"wp:attachment":[{"href":"https:\/\/apuntesdesanluis.com\/index.php\/wp-json\/wp\/v2\/media?parent=11401"}],"wp:term":[{"taxonomy":"category","embeddable":true,"href":"https:\/\/apuntesdesanluis.com\/index.php\/wp-json\/wp\/v2\/categories?post=11401"},{"taxonomy":"post_tag","embeddable":true,"href":"https:\/\/apuntesdesanluis.com\/index.php\/wp-json\/wp\/v2\/tags?post=11401"}],"curies":[{"name":"wp","href":"https:\/\/api.w.org\/{rel}","templated":true}]}}