{"id":11407,"date":"2024-02-08T01:15:30","date_gmt":"2024-02-08T04:15:30","guid":{"rendered":"https:\/\/apuntesdesanluis.com\/?p=11407"},"modified":"2024-02-08T01:17:54","modified_gmt":"2024-02-08T04:17:54","slug":"el-diputado-carlos-dalessandro-dijo-que-milei-retirara-la-ley-omnibus","status":"publish","type":"post","link":"https:\/\/apuntesdesanluis.com\/index.php\/2024\/02\/08\/el-diputado-carlos-dalessandro-dijo-que-milei-retirara-la-ley-omnibus\/","title":{"rendered":"EL DIPUTADO CARLOS D\u00b4ALESSANDRO DIJO QUE MILEI RETIRAR\u00c1 LA LEY \u00d3MNIBUS"},"content":{"rendered":"<h3>El diputado libertario de San Luis consider\u00f3 que el retorno de la normativa a comisiones era uno de los &#8220;resultados posibles&#8221;, debido a las disidencias en distintos art\u00edculos e incisos, al tiempo que declar\u00f3 a modo de explosivo anticipo que a su criterio la cuestionada norma ser\u00e1 retirada de la agenda.<\/h3>\n<h3>El legislador nacional por La Libertad Avanza (LLA), <strong>Carlos D&#8217;Alessandro<\/strong>, afirm\u00f3 este mi\u00e9rcoles que el Gobierno nacional no tiene previsto enviar nuevos proyectos de ley al Congreso este a\u00f1o. A ra\u00edz de esa informaci\u00f3n, infiri\u00f3 que el presidente Javier Milei retirar\u00e1 la Ley \u00d3mnibus del recinto.<\/h3>\n<h3>&#8220;Recibimos noticias desde el Ejecutivo que no piensan enviar ninguna ley durante el corriente a\u00f1o, por lo cual entiendo que esta ley \u00d3mnibus va a ser retirada&#8221;, afirm\u00f3 el legislador en declaraciones a Radio 10. Sin embargo, aclar\u00f3 que desde su bloque van a continuar presentando proyectos que &#8220;creemos correspondientes para el pa\u00eds que necesitamos&#8221;: &#8220;Yo tengo por lo menos siete, ocho leyes que ya estamos escribiendo para el 2024. Creemos que desde mi banca podemos aportar mucho al buen funcionamiento del pa\u00eds&#8221;.<\/h3>\n<h3>Sumado a esto, expres\u00f3 que desde su bancada &#8220;siempre bregamos por el consenso y el di\u00e1logo&#8221;. Al respecto, manifest\u00f3 que durante la jornada mantuvo charlas tanto con opositores dialoguistas como los no dialoguistas para intentar &#8220;entender la situaciones que va a enfrentar el Congreso&#8221; este a\u00f1o.<\/h3>\n<h3>Consultado sobre los errores que pudo haber tenido el oficialismo en el retorno de la Ley \u00d3mnibus a comisiones, el diputado asegur\u00f3 que &#8220;era uno de los resultados posibles&#8221;. &#8220;Sab\u00edamos y entend\u00edamos que la ley en el tratamiento en lo general iba a pasar porque hab\u00edamos tenido el dictamen y el consenso de los acuerdos con los bloques dialoguistas&#8221;, afirm\u00f3. Asimismo, expres\u00f3 que &#8220;quedaba mucho por transitar&#8221; porque las disidencias &#8220;no eran sobre el mismo art\u00edculo e inciso, sino que era variado: ten\u00edamos disidencias sobre la parte fiscal, la de seguridad, las econom\u00edas regionales&#8230;&#8221;.<\/h3>\n<h3>POR QU\u00c9 SE CAY\u00d3 LA LEY \u00d3MNIBUS<\/h3>\n<h3>&#8220;Yo no estuve en las negociaciones porque estaban a cargo del ministro del Interior, Guillermo Francos, del presidente de la C\u00e1mara de Diputados, Mart\u00edn Menem, y nuestro jefe de bloque, \u00d3scar Zago, pero por lo que nos ha transmitido a nosotros en las reuniones en Diputados, los acuerdos estaban bastantes avanzados. Cuando llegamos al recinto empezaron a surgir nuevas inquietudes de algunos bloques dialoguistas y ah\u00ed se empez\u00f3 a ver en algunos incisos que empezaron a votar en contra. Creo que eso es lo que molest\u00f3 al Ejecutivo y pidi\u00f3 que pidamos un cuarto intermedio y que se retire la ley y que vuelva a comisi\u00f3n&#8221;, resumi\u00f3.<\/h3>\n<h3>Al ser preguntado sobre las actitudes del presidente, las tensiones en las reuniones de comisiones y la pelea con los gobernadores, D&#8217;Alessandro consider\u00f3 que se trata de &#8220;un proceso que no tiene una l\u00f3gica a la cual estamos acostumbrados desde la pol\u00edtica&#8221;. &#8220;LLA es un espacio pol\u00edtico que se ha generado en los \u00faltimos dos a\u00f1os con un presidente que construy\u00f3 su carrera pol\u00edtica y su imagen a trav\u00e9s del confrontamiento continuo y de una manera de expresarse hacia la pol\u00edtica y hacia lo que llam\u00f3 la casta&#8221;, actitud que opin\u00f3 sigue manteniendo &#8220;a\u00fan desde el Ejecutivo&#8221;.<\/h3>\n<h3>En esa l\u00ednea, aclar\u00f3 que desde el bloque de diputados &#8220;hacen la salvedad&#8221; de que &#8220;somos un poder legislativo que fuimos electos el 22 de octubre, tenemos 38 diputados y logramos el 30% de los votos en esta ocasi\u00f3n&#8221;. &#8220;El Ejecutivo goza de un mayor respaldo porque ha sido electo en un balotaje con el 56% de los votos&#8221;, remarc\u00f3, ante lo que consider\u00f3 que &#8220;la autoridad que emana el Ejecutivo es con justa fortaleza por la cantidad de votos que sac\u00f3&#8221;.<\/h3>\n<h3>Respecto al conflicto con los gobiernos provinciales, sostuvo que &#8220;el Ejecutivo tendr\u00e1 que construir los di\u00e1logos a trav\u00e9s del Ministerio del Interior y su ministro para poder consensuar todo el territorio argentino&#8221;. &#8220;Nosotros el di\u00e1logo lo vamos a tener desde el legislativo porque si no nos van a enviar leyes, nosotros no podemos tener el Congreso parado. Como somos dos poderes distintos, es complicado a veces opinar desde este poder hacia el poder Ejecutivo donde no tenemos injerencia&#8221;, a\u00f1adi\u00f3.<\/h3>\n<h3>En el tramo final de la entrevista, el legislador se mostr\u00f3 &#8220;muy conforme&#8221; con el funcionamiento del bloque de LLA y destac\u00f3 la presidencia de Zago, quien a su criterio &#8220;ha mantenido una unidad de criterio en relaci\u00f3n con los otros bloques y nosotros mismos&#8221;. &#8220;Para nosotros fue una excelente pretemporada para empezar a demostrar a partir de las sesiones ordinarias de lo que somos capaces los diputados de LLA&#8221;, concluy\u00f3.<\/h3>\n<p>&nbsp;<\/p>\n<p>&nbsp;<\/p>\n<p>&nbsp;<\/p>\n<p>&nbsp;<\/p>\n","protected":false},"excerpt":{"rendered":"<p>El diputado libertario de San Luis consider\u00f3 que el retorno de la normativa a comisiones&#8230;<\/p>\n","protected":false},"author":1,"featured_media":11408,"comment_status":"closed","ping_status":"closed","sticky":false,"template":"","format":"standard","meta":{"footnotes":""},"categories":[5],"tags":[],"class_list":["post-11407","post","type-post","status-publish","format-standard","has-post-thumbnail","hentry","category-nacionales-internacionales"],"yoast_head":"<!-- This site is optimized with the Yoast SEO plugin v26.1.1 - https:\/\/yoast.com\/wordpress\/plugins\/seo\/ -->\n<title>EL DIPUTADO CARLOS D\u00b4ALESSANDRO DIJO QUE MILEI RETIRAR\u00c1 LA LEY \u00d3MNIBUS - Apuntes de San Luis<\/title>\n<meta name=\"robots\" content=\"index, follow, max-snippet:-1, max-image-preview:large, max-video-preview:-1\" \/>\n<link rel=\"canonical\" href=\"https:\/\/apuntesdesanluis.com\/index.php\/2024\/02\/08\/el-diputado-carlos-dalessandro-dijo-que-milei-retirara-la-ley-omnibus\/\" \/>\n<meta property=\"og:locale\" content=\"es_ES\" \/>\n<meta property=\"og:type\" content=\"article\" \/>\n<meta property=\"og:title\" content=\"EL DIPUTADO CARLOS D\u00b4ALESSANDRO DIJO QUE MILEI RETIRAR\u00c1 LA LEY \u00d3MNIBUS - Apuntes de San Luis\" \/>\n<meta property=\"og:description\" content=\"El diputado libertario de San Luis consider\u00f3 que el retorno de la normativa a comisiones...\" \/>\n<meta property=\"og:url\" content=\"https:\/\/apuntesdesanluis.com\/index.php\/2024\/02\/08\/el-diputado-carlos-dalessandro-dijo-que-milei-retirara-la-ley-omnibus\/\" \/>\n<meta property=\"og:site_name\" content=\"Apuntes de San Luis\" \/>\n<meta property=\"article:published_time\" content=\"2024-02-08T04:15:30+00:00\" \/>\n<meta property=\"article:modified_time\" content=\"2024-02-08T04:17:54+00:00\" \/>\n<meta property=\"og:image\" content=\"https:\/\/apuntesdesanluis.com\/wp-content\/uploads\/2024\/02\/d\u00b4alessandro.png\" \/>\n\t<meta property=\"og:image:width\" content=\"596\" \/>\n\t<meta property=\"og:image:height\" content=\"360\" \/>\n\t<meta property=\"og:image:type\" content=\"image\/png\" \/>\n<meta name=\"author\" content=\"apuntesdesanluis.com\" \/>\n<meta name=\"twitter:card\" content=\"summary_large_image\" \/>\n<meta name=\"twitter:label1\" content=\"Escrito por\" \/>\n\t<meta name=\"twitter:data1\" content=\"apuntesdesanluis.com\" \/>\n\t<meta name=\"twitter:label2\" content=\"Tiempo de lectura\" \/>\n\t<meta name=\"twitter:data2\" content=\"4 minutos\" \/>\n<script type=\"application\/ld+json\" class=\"yoast-schema-graph\">{\"@context\":\"https:\/\/schema.org\",\"@graph\":[{\"@type\":\"Article\",\"@id\":\"https:\/\/apuntesdesanluis.com\/index.php\/2024\/02\/08\/el-diputado-carlos-dalessandro-dijo-que-milei-retirara-la-ley-omnibus\/#article\",\"isPartOf\":{\"@id\":\"https:\/\/apuntesdesanluis.com\/index.php\/2024\/02\/08\/el-diputado-carlos-dalessandro-dijo-que-milei-retirara-la-ley-omnibus\/\"},\"author\":{\"name\":\"apuntesdesanluis.com\",\"@id\":\"https:\/\/apuntesdesanluis.com\/#\/schema\/person\/b55151d52296fcce64d1a72538a70b90\"},\"headline\":\"EL DIPUTADO CARLOS D\u00b4ALESSANDRO DIJO QUE MILEI RETIRAR\u00c1 LA LEY \u00d3MNIBUS\",\"datePublished\":\"2024-02-08T04:15:30+00:00\",\"dateModified\":\"2024-02-08T04:17:54+00:00\",\"mainEntityOfPage\":{\"@id\":\"https:\/\/apuntesdesanluis.com\/index.php\/2024\/02\/08\/el-diputado-carlos-dalessandro-dijo-que-milei-retirara-la-ley-omnibus\/\"},\"wordCount\":807,\"publisher\":{\"@id\":\"https:\/\/apuntesdesanluis.com\/#\/schema\/person\/b55151d52296fcce64d1a72538a70b90\"},\"image\":{\"@id\":\"https:\/\/apuntesdesanluis.com\/index.php\/2024\/02\/08\/el-diputado-carlos-dalessandro-dijo-que-milei-retirara-la-ley-omnibus\/#primaryimage\"},\"thumbnailUrl\":\"https:\/\/apuntesdesanluis.com\/wp-content\/uploads\/2024\/02\/d\u00b4alessandro.png\",\"articleSection\":[\"Nacionales\/Internacionales\"],\"inLanguage\":\"es-AR\"},{\"@type\":\"WebPage\",\"@id\":\"https:\/\/apuntesdesanluis.com\/index.php\/2024\/02\/08\/el-diputado-carlos-dalessandro-dijo-que-milei-retirara-la-ley-omnibus\/\",\"url\":\"https:\/\/apuntesdesanluis.com\/index.php\/2024\/02\/08\/el-diputado-carlos-dalessandro-dijo-que-milei-retirara-la-ley-omnibus\/\",\"name\":\"EL DIPUTADO CARLOS D\u00b4ALESSANDRO DIJO QUE MILEI RETIRAR\u00c1 LA LEY \u00d3MNIBUS - Apuntes de San Luis\",\"isPartOf\":{\"@id\":\"https:\/\/apuntesdesanluis.com\/#website\"},\"primaryImageOfPage\":{\"@id\":\"https:\/\/apuntesdesanluis.com\/index.php\/2024\/02\/08\/el-diputado-carlos-dalessandro-dijo-que-milei-retirara-la-ley-omnibus\/#primaryimage\"},\"image\":{\"@id\":\"https:\/\/apuntesdesanluis.com\/index.php\/2024\/02\/08\/el-diputado-carlos-dalessandro-dijo-que-milei-retirara-la-ley-omnibus\/#primaryimage\"},\"thumbnailUrl\":\"https:\/\/apuntesdesanluis.com\/wp-content\/uploads\/2024\/02\/d\u00b4alessandro.png\",\"datePublished\":\"2024-02-08T04:15:30+00:00\",\"dateModified\":\"2024-02-08T04:17:54+00:00\",\"breadcrumb\":{\"@id\":\"https:\/\/apuntesdesanluis.com\/index.php\/2024\/02\/08\/el-diputado-carlos-dalessandro-dijo-que-milei-retirara-la-ley-omnibus\/#breadcrumb\"},\"inLanguage\":\"es-AR\",\"potentialAction\":[{\"@type\":\"ReadAction\",\"target\":[\"https:\/\/apuntesdesanluis.com\/index.php\/2024\/02\/08\/el-diputado-carlos-dalessandro-dijo-que-milei-retirara-la-ley-omnibus\/\"]}]},{\"@type\":\"ImageObject\",\"inLanguage\":\"es-AR\",\"@id\":\"https:\/\/apuntesdesanluis.com\/index.php\/2024\/02\/08\/el-diputado-carlos-dalessandro-dijo-que-milei-retirara-la-ley-omnibus\/#primaryimage\",\"url\":\"https:\/\/apuntesdesanluis.com\/wp-content\/uploads\/2024\/02\/d\u00b4alessandro.png\",\"contentUrl\":\"https:\/\/apuntesdesanluis.com\/wp-content\/uploads\/2024\/02\/d\u00b4alessandro.png\",\"width\":596,\"height\":360},{\"@type\":\"BreadcrumbList\",\"@id\":\"https:\/\/apuntesdesanluis.com\/index.php\/2024\/02\/08\/el-diputado-carlos-dalessandro-dijo-que-milei-retirara-la-ley-omnibus\/#breadcrumb\",\"itemListElement\":[{\"@type\":\"ListItem\",\"position\":1,\"name\":\"Inicio\",\"item\":\"https:\/\/apuntesdesanluis.com\/\"},{\"@type\":\"ListItem\",\"position\":2,\"name\":\"EL DIPUTADO CARLOS D\u00b4ALESSANDRO DIJO QUE MILEI RETIRAR\u00c1 LA LEY \u00d3MNIBUS\"}]},{\"@type\":\"WebSite\",\"@id\":\"https:\/\/apuntesdesanluis.com\/#website\",\"url\":\"https:\/\/apuntesdesanluis.com\/\",\"name\":\"Apuntes de San Luis\",\"description\":\"\",\"publisher\":{\"@id\":\"https:\/\/apuntesdesanluis.com\/#\/schema\/person\/b55151d52296fcce64d1a72538a70b90\"},\"potentialAction\":[{\"@type\":\"SearchAction\",\"target\":{\"@type\":\"EntryPoint\",\"urlTemplate\":\"https:\/\/apuntesdesanluis.com\/?s={search_term_string}\"},\"query-input\":{\"@type\":\"PropertyValueSpecification\",\"valueRequired\":true,\"valueName\":\"search_term_string\"}}],\"inLanguage\":\"es-AR\"},{\"@type\":[\"Person\",\"Organization\"],\"@id\":\"https:\/\/apuntesdesanluis.com\/#\/schema\/person\/b55151d52296fcce64d1a72538a70b90\",\"name\":\"apuntesdesanluis.com\",\"image\":{\"@type\":\"ImageObject\",\"inLanguage\":\"es-AR\",\"@id\":\"https:\/\/apuntesdesanluis.com\/#\/schema\/person\/image\/\",\"url\":\"https:\/\/apuntesdesanluis.com\/wp-content\/uploads\/2023\/07\/cropped-apuntesdesanluis.png\",\"contentUrl\":\"https:\/\/apuntesdesanluis.com\/wp-content\/uploads\/2023\/07\/cropped-apuntesdesanluis.png\",\"width\":450,\"height\":112,\"caption\":\"apuntesdesanluis.com\"},\"logo\":{\"@id\":\"https:\/\/apuntesdesanluis.com\/#\/schema\/person\/image\/\"},\"sameAs\":[\"https:\/\/apuntesdesanluis.com\"],\"url\":\"https:\/\/apuntesdesanluis.com\/index.php\/author\/apuntesdesanluis-com\/\"}]}<\/script>\n<!-- \/ Yoast SEO plugin. -->","yoast_head_json":{"title":"EL DIPUTADO CARLOS D\u00b4ALESSANDRO DIJO QUE MILEI RETIRAR\u00c1 LA LEY \u00d3MNIBUS - Apuntes de San Luis","robots":{"index":"index","follow":"follow","max-snippet":"max-snippet:-1","max-image-preview":"max-image-preview:large","max-video-preview":"max-video-preview:-1"},"canonical":"https:\/\/apuntesdesanluis.com\/index.php\/2024\/02\/08\/el-diputado-carlos-dalessandro-dijo-que-milei-retirara-la-ley-omnibus\/","og_locale":"es_ES","og_type":"article","og_title":"EL DIPUTADO CARLOS D\u00b4ALESSANDRO DIJO QUE MILEI RETIRAR\u00c1 LA LEY \u00d3MNIBUS - Apuntes de San Luis","og_description":"El diputado libertario de San Luis consider\u00f3 que el retorno de la normativa a comisiones...","og_url":"https:\/\/apuntesdesanluis.com\/index.php\/2024\/02\/08\/el-diputado-carlos-dalessandro-dijo-que-milei-retirara-la-ley-omnibus\/","og_site_name":"Apuntes de San Luis","article_published_time":"2024-02-08T04:15:30+00:00","article_modified_time":"2024-02-08T04:17:54+00:00","og_image":[{"width":596,"height":360,"url":"https:\/\/apuntesdesanluis.com\/wp-content\/uploads\/2024\/02\/d\u00b4alessandro.png","type":"image\/png"}],"author":"apuntesdesanluis.com","twitter_card":"summary_large_image","twitter_misc":{"Escrito por":"apuntesdesanluis.com","Tiempo de lectura":"4 minutos"},"schema":{"@context":"https:\/\/schema.org","@graph":[{"@type":"Article","@id":"https:\/\/apuntesdesanluis.com\/index.php\/2024\/02\/08\/el-diputado-carlos-dalessandro-dijo-que-milei-retirara-la-ley-omnibus\/#article","isPartOf":{"@id":"https:\/\/apuntesdesanluis.com\/index.php\/2024\/02\/08\/el-diputado-carlos-dalessandro-dijo-que-milei-retirara-la-ley-omnibus\/"},"author":{"name":"apuntesdesanluis.com","@id":"https:\/\/apuntesdesanluis.com\/#\/schema\/person\/b55151d52296fcce64d1a72538a70b90"},"headline":"EL DIPUTADO CARLOS D\u00b4ALESSANDRO DIJO QUE MILEI RETIRAR\u00c1 LA LEY \u00d3MNIBUS","datePublished":"2024-02-08T04:15:30+00:00","dateModified":"2024-02-08T04:17:54+00:00","mainEntityOfPage":{"@id":"https:\/\/apuntesdesanluis.com\/index.php\/2024\/02\/08\/el-diputado-carlos-dalessandro-dijo-que-milei-retirara-la-ley-omnibus\/"},"wordCount":807,"publisher":{"@id":"https:\/\/apuntesdesanluis.com\/#\/schema\/person\/b55151d52296fcce64d1a72538a70b90"},"image":{"@id":"https:\/\/apuntesdesanluis.com\/index.php\/2024\/02\/08\/el-diputado-carlos-dalessandro-dijo-que-milei-retirara-la-ley-omnibus\/#primaryimage"},"thumbnailUrl":"https:\/\/apuntesdesanluis.com\/wp-content\/uploads\/2024\/02\/d\u00b4alessandro.png","articleSection":["Nacionales\/Internacionales"],"inLanguage":"es-AR"},{"@type":"WebPage","@id":"https:\/\/apuntesdesanluis.com\/index.php\/2024\/02\/08\/el-diputado-carlos-dalessandro-dijo-que-milei-retirara-la-ley-omnibus\/","url":"https:\/\/apuntesdesanluis.com\/index.php\/2024\/02\/08\/el-diputado-carlos-dalessandro-dijo-que-milei-retirara-la-ley-omnibus\/","name":"EL DIPUTADO CARLOS D\u00b4ALESSANDRO DIJO QUE MILEI RETIRAR\u00c1 LA LEY \u00d3MNIBUS - Apuntes de San Luis","isPartOf":{"@id":"https:\/\/apuntesdesanluis.com\/#website"},"primaryImageOfPage":{"@id":"https:\/\/apuntesdesanluis.com\/index.php\/2024\/02\/08\/el-diputado-carlos-dalessandro-dijo-que-milei-retirara-la-ley-omnibus\/#primaryimage"},"image":{"@id":"https:\/\/apuntesdesanluis.com\/index.php\/2024\/02\/08\/el-diputado-carlos-dalessandro-dijo-que-milei-retirara-la-ley-omnibus\/#primaryimage"},"thumbnailUrl":"https:\/\/apuntesdesanluis.com\/wp-content\/uploads\/2024\/02\/d\u00b4alessandro.png","datePublished":"2024-02-08T04:15:30+00:00","dateModified":"2024-02-08T04:17:54+00:00","breadcrumb":{"@id":"https:\/\/apuntesdesanluis.com\/index.php\/2024\/02\/08\/el-diputado-carlos-dalessandro-dijo-que-milei-retirara-la-ley-omnibus\/#breadcrumb"},"inLanguage":"es-AR","potentialAction":[{"@type":"ReadAction","target":["https:\/\/apuntesdesanluis.com\/index.php\/2024\/02\/08\/el-diputado-carlos-dalessandro-dijo-que-milei-retirara-la-ley-omnibus\/"]}]},{"@type":"ImageObject","inLanguage":"es-AR","@id":"https:\/\/apuntesdesanluis.com\/index.php\/2024\/02\/08\/el-diputado-carlos-dalessandro-dijo-que-milei-retirara-la-ley-omnibus\/#primaryimage","url":"https:\/\/apuntesdesanluis.com\/wp-content\/uploads\/2024\/02\/d\u00b4alessandro.png","contentUrl":"https:\/\/apuntesdesanluis.com\/wp-content\/uploads\/2024\/02\/d\u00b4alessandro.png","width":596,"height":360},{"@type":"BreadcrumbList","@id":"https:\/\/apuntesdesanluis.com\/index.php\/2024\/02\/08\/el-diputado-carlos-dalessandro-dijo-que-milei-retirara-la-ley-omnibus\/#breadcrumb","itemListElement":[{"@type":"ListItem","position":1,"name":"Inicio","item":"https:\/\/apuntesdesanluis.com\/"},{"@type":"ListItem","position":2,"name":"EL DIPUTADO CARLOS D\u00b4ALESSANDRO DIJO QUE MILEI RETIRAR\u00c1 LA LEY \u00d3MNIBUS"}]},{"@type":"WebSite","@id":"https:\/\/apuntesdesanluis.com\/#website","url":"https:\/\/apuntesdesanluis.com\/","name":"Apuntes de San Luis","description":"","publisher":{"@id":"https:\/\/apuntesdesanluis.com\/#\/schema\/person\/b55151d52296fcce64d1a72538a70b90"},"potentialAction":[{"@type":"SearchAction","target":{"@type":"EntryPoint","urlTemplate":"https:\/\/apuntesdesanluis.com\/?s={search_term_string}"},"query-input":{"@type":"PropertyValueSpecification","valueRequired":true,"valueName":"search_term_string"}}],"inLanguage":"es-AR"},{"@type":["Person","Organization"],"@id":"https:\/\/apuntesdesanluis.com\/#\/schema\/person\/b55151d52296fcce64d1a72538a70b90","name":"apuntesdesanluis.com","image":{"@type":"ImageObject","inLanguage":"es-AR","@id":"https:\/\/apuntesdesanluis.com\/#\/schema\/person\/image\/","url":"https:\/\/apuntesdesanluis.com\/wp-content\/uploads\/2023\/07\/cropped-apuntesdesanluis.png","contentUrl":"https:\/\/apuntesdesanluis.com\/wp-content\/uploads\/2023\/07\/cropped-apuntesdesanluis.png","width":450,"height":112,"caption":"apuntesdesanluis.com"},"logo":{"@id":"https:\/\/apuntesdesanluis.com\/#\/schema\/person\/image\/"},"sameAs":["https:\/\/apuntesdesanluis.com"],"url":"https:\/\/apuntesdesanluis.com\/index.php\/author\/apuntesdesanluis-com\/"}]}},"featured_image_urls":{"full":["https:\/\/apuntesdesanluis.com\/wp-content\/uploads\/2024\/02\/d\u00b4alessandro.png",596,360,false],"thumbnail":["https:\/\/apuntesdesanluis.com\/wp-content\/uploads\/2024\/02\/d\u00b4alessandro-150x150.png",150,150,true],"medium":["https:\/\/apuntesdesanluis.com\/wp-content\/uploads\/2024\/02\/d\u00b4alessandro-300x181.png",300,181,true],"medium_large":["https:\/\/apuntesdesanluis.com\/wp-content\/uploads\/2024\/02\/d\u00b4alessandro.png",596,360,false],"large":["https:\/\/apuntesdesanluis.com\/wp-content\/uploads\/2024\/02\/d\u00b4alessandro.png",596,360,false],"1536x1536":["https:\/\/apuntesdesanluis.com\/wp-content\/uploads\/2024\/02\/d\u00b4alessandro.png",596,360,false],"2048x2048":["https:\/\/apuntesdesanluis.com\/wp-content\/uploads\/2024\/02\/d\u00b4alessandro.png",596,360,false],"newsever-slider-full":["https:\/\/apuntesdesanluis.com\/wp-content\/uploads\/2024\/02\/d\u00b4alessandro.png",596,360,false],"newsever-featured":["https:\/\/apuntesdesanluis.com\/wp-content\/uploads\/2024\/02\/d\u00b4alessandro.png",596,360,false],"newsever-medium":["https:\/\/apuntesdesanluis.com\/wp-content\/uploads\/2024\/02\/d\u00b4alessandro.png",596,360,false]},"author_info":{"display_name":"apuntesdesanluis.com","author_link":"https:\/\/apuntesdesanluis.com\/index.php\/author\/apuntesdesanluis-com\/"},"category_info":"<a href=\"https:\/\/apuntesdesanluis.com\/index.php\/category\/nacionales-internacionales\/\" rel=\"category tag\">Nacionales\/Internacionales<\/a>","tag_info":"Nacionales\/Internacionales","comment_count":"0","_links":{"self":[{"href":"https:\/\/apuntesdesanluis.com\/index.php\/wp-json\/wp\/v2\/posts\/11407","targetHints":{"allow":["GET"]}}],"collection":[{"href":"https:\/\/apuntesdesanluis.com\/index.php\/wp-json\/wp\/v2\/posts"}],"about":[{"href":"https:\/\/apuntesdesanluis.com\/index.php\/wp-json\/wp\/v2\/types\/post"}],"author":[{"embeddable":true,"href":"https:\/\/apuntesdesanluis.com\/index.php\/wp-json\/wp\/v2\/users\/1"}],"replies":[{"embeddable":true,"href":"https:\/\/apuntesdesanluis.com\/index.php\/wp-json\/wp\/v2\/comments?post=11407"}],"version-history":[{"count":4,"href":"https:\/\/apuntesdesanluis.com\/index.php\/wp-json\/wp\/v2\/posts\/11407\/revisions"}],"predecessor-version":[{"id":11412,"href":"https:\/\/apuntesdesanluis.com\/index.php\/wp-json\/wp\/v2\/posts\/11407\/revisions\/11412"}],"wp:featuredmedia":[{"embeddable":true,"href":"https:\/\/apuntesdesanluis.com\/index.php\/wp-json\/wp\/v2\/media\/11408"}],"wp:attachment":[{"href":"https:\/\/apuntesdesanluis.com\/index.php\/wp-json\/wp\/v2\/media?parent=11407"}],"wp:term":[{"taxonomy":"category","embeddable":true,"href":"https:\/\/apuntesdesanluis.com\/index.php\/wp-json\/wp\/v2\/categories?post=11407"},{"taxonomy":"post_tag","embeddable":true,"href":"https:\/\/apuntesdesanluis.com\/index.php\/wp-json\/wp\/v2\/tags?post=11407"}],"curies":[{"name":"wp","href":"https:\/\/api.w.org\/{rel}","templated":true}]}}