{"id":11420,"date":"2024-02-08T07:30:07","date_gmt":"2024-02-08T10:30:07","guid":{"rendered":"https:\/\/apuntesdesanluis.com\/?p=11420"},"modified":"2024-02-08T07:30:07","modified_gmt":"2024-02-08T10:30:07","slug":"rige-alerta-meteorologica-y-se-esperan-lluvias-este-jueves","status":"publish","type":"post","link":"https:\/\/apuntesdesanluis.com\/index.php\/2024\/02\/08\/rige-alerta-meteorologica-y-se-esperan-lluvias-este-jueves\/","title":{"rendered":"RIGE ALERTA METEOROL\u00d3GICA Y SE ESPERAN LLUVIAS ESTE JUEVES"},"content":{"rendered":"<h3>La <strong>Red de Estaciones Meteorol\u00f3gicas<\/strong> de la provincia lanz\u00f3 esta ma\u00f1ana un alerta que abarca a toda la provincia.<\/h3>\n<h3>La emisi\u00f3n fue a las 7 de la ma\u00f1ana y se extiende hasta las 18 hs.<\/h3>\n<h3>Se espera la ocurrencia de tormentas de variada intensidad, algunas localmente fuertes y lluvias con importantes acumulados. Durante la ma\u00f1ana ir\u00e1n extendi\u00e9ndose hacia la regi\u00f3n central y luego al norte. Estos fen\u00f3menos pueden estar acompa\u00f1ados de abundante ca\u00edda de agua en cortos periodos de tiempo, intensa actividad el\u00e9ctrica, fuertes r\u00e1fagas de viento y ocasional ca\u00edda de granizo.<\/h3>\n<h3>Para hoy jueves la REM pronostica una jornada inestable, con precipitaciones y descenso t\u00e9rmico. El cielo estar\u00e1 mayormente nublado, con lluvias y tormentas de variada intensidad que persistir\u00e1n a lo largo del d\u00eda.<\/h3>\n<h3>Se prev\u00e9 una temperatura m\u00ednima en torno a los 22\u00b0 C mientras que la m\u00e1xima estar\u00e1 cerca de los 33\u00b0 C, en promedio. El viento ser\u00e1 predominante del sector sudeste, con velocidades entre brisa y leve (6 a 18 km\/h) acompa\u00f1ado de r\u00e1fagas.<\/h3>\n<h3><strong>VIERNES 9<\/strong><\/h3>\n<h3>Jornada inestable con descenso de las temperaturas. Cielo mayormente nublado con probabilidad de lluvias y tormentas. En promedio, se esperan m\u00ednimas de 19\u00b0C y m\u00e1ximas de 28\u00b0C. El viento ser\u00e1 del sector sureste.<\/h3>\n<h3><strong>S\u00c1BADO 10<\/strong><\/h3>\n<h3>Jornada con leve ascenso de las temperaturas m\u00e1ximas. El cielo estar\u00e1 de parcial a mayormente despejado con baja probabilidad de precipitaciones aisladas. En promedio, se esperan m\u00ednimas de 18\u00b0C y m\u00e1ximas de 29\u00b0C. El viento ser\u00e1 del sector sur.<\/h3>\n<h3><strong>DOMINGO 11<\/strong><\/h3>\n<h3>Jornada algo inestable con poco cambio de las temperaturas. El cielo estar\u00e1 entre parcial a mayormente despejado con probables lluvias y tormentas aisladas en las regiones centro y norte provincial. En promedio, se esperan m\u00ednimas de 20\u00b0C y m\u00e1ximas de 31\u00b0C. El viento ser\u00e1 del sector noreste.<\/h3>\n","protected":false},"excerpt":{"rendered":"<p>La Red de Estaciones Meteorol\u00f3gicas de la provincia lanz\u00f3 esta ma\u00f1ana un alerta que abarca&#8230;<\/p>\n","protected":false},"author":1,"featured_media":11421,"comment_status":"closed","ping_status":"closed","sticky":false,"template":"","format":"standard","meta":{"footnotes":""},"categories":[6],"tags":[],"class_list":["post-11420","post","type-post","status-publish","format-standard","has-post-thumbnail","hentry","category-ciudad-provincia"],"yoast_head":"<!-- This site is optimized with the Yoast SEO plugin v26.1.1 - https:\/\/yoast.com\/wordpress\/plugins\/seo\/ -->\n<title>RIGE ALERTA METEOROL\u00d3GICA Y SE ESPERAN LLUVIAS ESTE JUEVES - Apuntes de San Luis<\/title>\n<meta name=\"robots\" content=\"index, follow, max-snippet:-1, max-image-preview:large, max-video-preview:-1\" \/>\n<link rel=\"canonical\" href=\"https:\/\/apuntesdesanluis.com\/index.php\/2024\/02\/08\/rige-alerta-meteorologica-y-se-esperan-lluvias-este-jueves\/\" \/>\n<meta property=\"og:locale\" content=\"es_ES\" \/>\n<meta property=\"og:type\" content=\"article\" \/>\n<meta property=\"og:title\" content=\"RIGE ALERTA METEOROL\u00d3GICA Y SE ESPERAN LLUVIAS ESTE JUEVES - Apuntes de San Luis\" \/>\n<meta property=\"og:description\" content=\"La Red de Estaciones Meteorol\u00f3gicas de la provincia lanz\u00f3 esta ma\u00f1ana un alerta que abarca...\" \/>\n<meta property=\"og:url\" content=\"https:\/\/apuntesdesanluis.com\/index.php\/2024\/02\/08\/rige-alerta-meteorologica-y-se-esperan-lluvias-este-jueves\/\" \/>\n<meta property=\"og:site_name\" content=\"Apuntes de San Luis\" \/>\n<meta property=\"article:published_time\" content=\"2024-02-08T10:30:07+00:00\" \/>\n<meta property=\"og:image\" content=\"https:\/\/apuntesdesanluis.com\/wp-content\/uploads\/2024\/02\/alerta.png\" \/>\n\t<meta property=\"og:image:width\" content=\"560\" \/>\n\t<meta property=\"og:image:height\" content=\"338\" \/>\n\t<meta property=\"og:image:type\" content=\"image\/png\" \/>\n<meta name=\"author\" content=\"apuntesdesanluis.com\" \/>\n<meta name=\"twitter:card\" content=\"summary_large_image\" \/>\n<meta name=\"twitter:label1\" content=\"Escrito por\" \/>\n\t<meta name=\"twitter:data1\" content=\"apuntesdesanluis.com\" \/>\n\t<meta name=\"twitter:label2\" content=\"Tiempo de lectura\" \/>\n\t<meta name=\"twitter:data2\" content=\"2 minutos\" \/>\n<script type=\"application\/ld+json\" class=\"yoast-schema-graph\">{\"@context\":\"https:\/\/schema.org\",\"@graph\":[{\"@type\":\"Article\",\"@id\":\"https:\/\/apuntesdesanluis.com\/index.php\/2024\/02\/08\/rige-alerta-meteorologica-y-se-esperan-lluvias-este-jueves\/#article\",\"isPartOf\":{\"@id\":\"https:\/\/apuntesdesanluis.com\/index.php\/2024\/02\/08\/rige-alerta-meteorologica-y-se-esperan-lluvias-este-jueves\/\"},\"author\":{\"name\":\"apuntesdesanluis.com\",\"@id\":\"https:\/\/apuntesdesanluis.com\/#\/schema\/person\/b55151d52296fcce64d1a72538a70b90\"},\"headline\":\"RIGE ALERTA METEOROL\u00d3GICA Y SE ESPERAN LLUVIAS ESTE JUEVES\",\"datePublished\":\"2024-02-08T10:30:07+00:00\",\"mainEntityOfPage\":{\"@id\":\"https:\/\/apuntesdesanluis.com\/index.php\/2024\/02\/08\/rige-alerta-meteorologica-y-se-esperan-lluvias-este-jueves\/\"},\"wordCount\":324,\"publisher\":{\"@id\":\"https:\/\/apuntesdesanluis.com\/#\/schema\/person\/b55151d52296fcce64d1a72538a70b90\"},\"image\":{\"@id\":\"https:\/\/apuntesdesanluis.com\/index.php\/2024\/02\/08\/rige-alerta-meteorologica-y-se-esperan-lluvias-este-jueves\/#primaryimage\"},\"thumbnailUrl\":\"https:\/\/apuntesdesanluis.com\/wp-content\/uploads\/2024\/02\/alerta.png\",\"articleSection\":[\"Ciudad\/Provincia\"],\"inLanguage\":\"es-AR\"},{\"@type\":\"WebPage\",\"@id\":\"https:\/\/apuntesdesanluis.com\/index.php\/2024\/02\/08\/rige-alerta-meteorologica-y-se-esperan-lluvias-este-jueves\/\",\"url\":\"https:\/\/apuntesdesanluis.com\/index.php\/2024\/02\/08\/rige-alerta-meteorologica-y-se-esperan-lluvias-este-jueves\/\",\"name\":\"RIGE ALERTA METEOROL\u00d3GICA Y SE ESPERAN LLUVIAS ESTE JUEVES - Apuntes de San Luis\",\"isPartOf\":{\"@id\":\"https:\/\/apuntesdesanluis.com\/#website\"},\"primaryImageOfPage\":{\"@id\":\"https:\/\/apuntesdesanluis.com\/index.php\/2024\/02\/08\/rige-alerta-meteorologica-y-se-esperan-lluvias-este-jueves\/#primaryimage\"},\"image\":{\"@id\":\"https:\/\/apuntesdesanluis.com\/index.php\/2024\/02\/08\/rige-alerta-meteorologica-y-se-esperan-lluvias-este-jueves\/#primaryimage\"},\"thumbnailUrl\":\"https:\/\/apuntesdesanluis.com\/wp-content\/uploads\/2024\/02\/alerta.png\",\"datePublished\":\"2024-02-08T10:30:07+00:00\",\"breadcrumb\":{\"@id\":\"https:\/\/apuntesdesanluis.com\/index.php\/2024\/02\/08\/rige-alerta-meteorologica-y-se-esperan-lluvias-este-jueves\/#breadcrumb\"},\"inLanguage\":\"es-AR\",\"potentialAction\":[{\"@type\":\"ReadAction\",\"target\":[\"https:\/\/apuntesdesanluis.com\/index.php\/2024\/02\/08\/rige-alerta-meteorologica-y-se-esperan-lluvias-este-jueves\/\"]}]},{\"@type\":\"ImageObject\",\"inLanguage\":\"es-AR\",\"@id\":\"https:\/\/apuntesdesanluis.com\/index.php\/2024\/02\/08\/rige-alerta-meteorologica-y-se-esperan-lluvias-este-jueves\/#primaryimage\",\"url\":\"https:\/\/apuntesdesanluis.com\/wp-content\/uploads\/2024\/02\/alerta.png\",\"contentUrl\":\"https:\/\/apuntesdesanluis.com\/wp-content\/uploads\/2024\/02\/alerta.png\",\"width\":560,\"height\":338},{\"@type\":\"BreadcrumbList\",\"@id\":\"https:\/\/apuntesdesanluis.com\/index.php\/2024\/02\/08\/rige-alerta-meteorologica-y-se-esperan-lluvias-este-jueves\/#breadcrumb\",\"itemListElement\":[{\"@type\":\"ListItem\",\"position\":1,\"name\":\"Inicio\",\"item\":\"https:\/\/apuntesdesanluis.com\/\"},{\"@type\":\"ListItem\",\"position\":2,\"name\":\"RIGE ALERTA METEOROL\u00d3GICA Y SE ESPERAN LLUVIAS ESTE JUEVES\"}]},{\"@type\":\"WebSite\",\"@id\":\"https:\/\/apuntesdesanluis.com\/#website\",\"url\":\"https:\/\/apuntesdesanluis.com\/\",\"name\":\"Apuntes de San Luis\",\"description\":\"\",\"publisher\":{\"@id\":\"https:\/\/apuntesdesanluis.com\/#\/schema\/person\/b55151d52296fcce64d1a72538a70b90\"},\"potentialAction\":[{\"@type\":\"SearchAction\",\"target\":{\"@type\":\"EntryPoint\",\"urlTemplate\":\"https:\/\/apuntesdesanluis.com\/?s={search_term_string}\"},\"query-input\":{\"@type\":\"PropertyValueSpecification\",\"valueRequired\":true,\"valueName\":\"search_term_string\"}}],\"inLanguage\":\"es-AR\"},{\"@type\":[\"Person\",\"Organization\"],\"@id\":\"https:\/\/apuntesdesanluis.com\/#\/schema\/person\/b55151d52296fcce64d1a72538a70b90\",\"name\":\"apuntesdesanluis.com\",\"image\":{\"@type\":\"ImageObject\",\"inLanguage\":\"es-AR\",\"@id\":\"https:\/\/apuntesdesanluis.com\/#\/schema\/person\/image\/\",\"url\":\"https:\/\/apuntesdesanluis.com\/wp-content\/uploads\/2023\/07\/cropped-apuntesdesanluis.png\",\"contentUrl\":\"https:\/\/apuntesdesanluis.com\/wp-content\/uploads\/2023\/07\/cropped-apuntesdesanluis.png\",\"width\":450,\"height\":112,\"caption\":\"apuntesdesanluis.com\"},\"logo\":{\"@id\":\"https:\/\/apuntesdesanluis.com\/#\/schema\/person\/image\/\"},\"sameAs\":[\"https:\/\/apuntesdesanluis.com\"],\"url\":\"https:\/\/apuntesdesanluis.com\/index.php\/author\/apuntesdesanluis-com\/\"}]}<\/script>\n<!-- \/ Yoast SEO plugin. -->","yoast_head_json":{"title":"RIGE ALERTA METEOROL\u00d3GICA Y SE ESPERAN LLUVIAS ESTE JUEVES - Apuntes de San Luis","robots":{"index":"index","follow":"follow","max-snippet":"max-snippet:-1","max-image-preview":"max-image-preview:large","max-video-preview":"max-video-preview:-1"},"canonical":"https:\/\/apuntesdesanluis.com\/index.php\/2024\/02\/08\/rige-alerta-meteorologica-y-se-esperan-lluvias-este-jueves\/","og_locale":"es_ES","og_type":"article","og_title":"RIGE ALERTA METEOROL\u00d3GICA Y SE ESPERAN LLUVIAS ESTE JUEVES - Apuntes de San Luis","og_description":"La Red de Estaciones Meteorol\u00f3gicas de la provincia lanz\u00f3 esta ma\u00f1ana un alerta que abarca...","og_url":"https:\/\/apuntesdesanluis.com\/index.php\/2024\/02\/08\/rige-alerta-meteorologica-y-se-esperan-lluvias-este-jueves\/","og_site_name":"Apuntes de San Luis","article_published_time":"2024-02-08T10:30:07+00:00","og_image":[{"width":560,"height":338,"url":"https:\/\/apuntesdesanluis.com\/wp-content\/uploads\/2024\/02\/alerta.png","type":"image\/png"}],"author":"apuntesdesanluis.com","twitter_card":"summary_large_image","twitter_misc":{"Escrito por":"apuntesdesanluis.com","Tiempo de lectura":"2 minutos"},"schema":{"@context":"https:\/\/schema.org","@graph":[{"@type":"Article","@id":"https:\/\/apuntesdesanluis.com\/index.php\/2024\/02\/08\/rige-alerta-meteorologica-y-se-esperan-lluvias-este-jueves\/#article","isPartOf":{"@id":"https:\/\/apuntesdesanluis.com\/index.php\/2024\/02\/08\/rige-alerta-meteorologica-y-se-esperan-lluvias-este-jueves\/"},"author":{"name":"apuntesdesanluis.com","@id":"https:\/\/apuntesdesanluis.com\/#\/schema\/person\/b55151d52296fcce64d1a72538a70b90"},"headline":"RIGE ALERTA METEOROL\u00d3GICA Y SE ESPERAN LLUVIAS ESTE JUEVES","datePublished":"2024-02-08T10:30:07+00:00","mainEntityOfPage":{"@id":"https:\/\/apuntesdesanluis.com\/index.php\/2024\/02\/08\/rige-alerta-meteorologica-y-se-esperan-lluvias-este-jueves\/"},"wordCount":324,"publisher":{"@id":"https:\/\/apuntesdesanluis.com\/#\/schema\/person\/b55151d52296fcce64d1a72538a70b90"},"image":{"@id":"https:\/\/apuntesdesanluis.com\/index.php\/2024\/02\/08\/rige-alerta-meteorologica-y-se-esperan-lluvias-este-jueves\/#primaryimage"},"thumbnailUrl":"https:\/\/apuntesdesanluis.com\/wp-content\/uploads\/2024\/02\/alerta.png","articleSection":["Ciudad\/Provincia"],"inLanguage":"es-AR"},{"@type":"WebPage","@id":"https:\/\/apuntesdesanluis.com\/index.php\/2024\/02\/08\/rige-alerta-meteorologica-y-se-esperan-lluvias-este-jueves\/","url":"https:\/\/apuntesdesanluis.com\/index.php\/2024\/02\/08\/rige-alerta-meteorologica-y-se-esperan-lluvias-este-jueves\/","name":"RIGE ALERTA METEOROL\u00d3GICA Y SE ESPERAN LLUVIAS ESTE JUEVES - Apuntes de San Luis","isPartOf":{"@id":"https:\/\/apuntesdesanluis.com\/#website"},"primaryImageOfPage":{"@id":"https:\/\/apuntesdesanluis.com\/index.php\/2024\/02\/08\/rige-alerta-meteorologica-y-se-esperan-lluvias-este-jueves\/#primaryimage"},"image":{"@id":"https:\/\/apuntesdesanluis.com\/index.php\/2024\/02\/08\/rige-alerta-meteorologica-y-se-esperan-lluvias-este-jueves\/#primaryimage"},"thumbnailUrl":"https:\/\/apuntesdesanluis.com\/wp-content\/uploads\/2024\/02\/alerta.png","datePublished":"2024-02-08T10:30:07+00:00","breadcrumb":{"@id":"https:\/\/apuntesdesanluis.com\/index.php\/2024\/02\/08\/rige-alerta-meteorologica-y-se-esperan-lluvias-este-jueves\/#breadcrumb"},"inLanguage":"es-AR","potentialAction":[{"@type":"ReadAction","target":["https:\/\/apuntesdesanluis.com\/index.php\/2024\/02\/08\/rige-alerta-meteorologica-y-se-esperan-lluvias-este-jueves\/"]}]},{"@type":"ImageObject","inLanguage":"es-AR","@id":"https:\/\/apuntesdesanluis.com\/index.php\/2024\/02\/08\/rige-alerta-meteorologica-y-se-esperan-lluvias-este-jueves\/#primaryimage","url":"https:\/\/apuntesdesanluis.com\/wp-content\/uploads\/2024\/02\/alerta.png","contentUrl":"https:\/\/apuntesdesanluis.com\/wp-content\/uploads\/2024\/02\/alerta.png","width":560,"height":338},{"@type":"BreadcrumbList","@id":"https:\/\/apuntesdesanluis.com\/index.php\/2024\/02\/08\/rige-alerta-meteorologica-y-se-esperan-lluvias-este-jueves\/#breadcrumb","itemListElement":[{"@type":"ListItem","position":1,"name":"Inicio","item":"https:\/\/apuntesdesanluis.com\/"},{"@type":"ListItem","position":2,"name":"RIGE ALERTA METEOROL\u00d3GICA Y SE ESPERAN LLUVIAS ESTE JUEVES"}]},{"@type":"WebSite","@id":"https:\/\/apuntesdesanluis.com\/#website","url":"https:\/\/apuntesdesanluis.com\/","name":"Apuntes de San Luis","description":"","publisher":{"@id":"https:\/\/apuntesdesanluis.com\/#\/schema\/person\/b55151d52296fcce64d1a72538a70b90"},"potentialAction":[{"@type":"SearchAction","target":{"@type":"EntryPoint","urlTemplate":"https:\/\/apuntesdesanluis.com\/?s={search_term_string}"},"query-input":{"@type":"PropertyValueSpecification","valueRequired":true,"valueName":"search_term_string"}}],"inLanguage":"es-AR"},{"@type":["Person","Organization"],"@id":"https:\/\/apuntesdesanluis.com\/#\/schema\/person\/b55151d52296fcce64d1a72538a70b90","name":"apuntesdesanluis.com","image":{"@type":"ImageObject","inLanguage":"es-AR","@id":"https:\/\/apuntesdesanluis.com\/#\/schema\/person\/image\/","url":"https:\/\/apuntesdesanluis.com\/wp-content\/uploads\/2023\/07\/cropped-apuntesdesanluis.png","contentUrl":"https:\/\/apuntesdesanluis.com\/wp-content\/uploads\/2023\/07\/cropped-apuntesdesanluis.png","width":450,"height":112,"caption":"apuntesdesanluis.com"},"logo":{"@id":"https:\/\/apuntesdesanluis.com\/#\/schema\/person\/image\/"},"sameAs":["https:\/\/apuntesdesanluis.com"],"url":"https:\/\/apuntesdesanluis.com\/index.php\/author\/apuntesdesanluis-com\/"}]}},"featured_image_urls":{"full":["https:\/\/apuntesdesanluis.com\/wp-content\/uploads\/2024\/02\/alerta.png",560,338,false],"thumbnail":["https:\/\/apuntesdesanluis.com\/wp-content\/uploads\/2024\/02\/alerta-150x150.png",150,150,true],"medium":["https:\/\/apuntesdesanluis.com\/wp-content\/uploads\/2024\/02\/alerta-300x181.png",300,181,true],"medium_large":["https:\/\/apuntesdesanluis.com\/wp-content\/uploads\/2024\/02\/alerta.png",560,338,false],"large":["https:\/\/apuntesdesanluis.com\/wp-content\/uploads\/2024\/02\/alerta.png",560,338,false],"1536x1536":["https:\/\/apuntesdesanluis.com\/wp-content\/uploads\/2024\/02\/alerta.png",560,338,false],"2048x2048":["https:\/\/apuntesdesanluis.com\/wp-content\/uploads\/2024\/02\/alerta.png",560,338,false],"newsever-slider-full":["https:\/\/apuntesdesanluis.com\/wp-content\/uploads\/2024\/02\/alerta.png",560,338,false],"newsever-featured":["https:\/\/apuntesdesanluis.com\/wp-content\/uploads\/2024\/02\/alerta.png",560,338,false],"newsever-medium":["https:\/\/apuntesdesanluis.com\/wp-content\/uploads\/2024\/02\/alerta.png",560,338,false]},"author_info":{"display_name":"apuntesdesanluis.com","author_link":"https:\/\/apuntesdesanluis.com\/index.php\/author\/apuntesdesanluis-com\/"},"category_info":"<a href=\"https:\/\/apuntesdesanluis.com\/index.php\/category\/ciudad-provincia\/\" rel=\"category tag\">Ciudad\/Provincia<\/a>","tag_info":"Ciudad\/Provincia","comment_count":"0","_links":{"self":[{"href":"https:\/\/apuntesdesanluis.com\/index.php\/wp-json\/wp\/v2\/posts\/11420","targetHints":{"allow":["GET"]}}],"collection":[{"href":"https:\/\/apuntesdesanluis.com\/index.php\/wp-json\/wp\/v2\/posts"}],"about":[{"href":"https:\/\/apuntesdesanluis.com\/index.php\/wp-json\/wp\/v2\/types\/post"}],"author":[{"embeddable":true,"href":"https:\/\/apuntesdesanluis.com\/index.php\/wp-json\/wp\/v2\/users\/1"}],"replies":[{"embeddable":true,"href":"https:\/\/apuntesdesanluis.com\/index.php\/wp-json\/wp\/v2\/comments?post=11420"}],"version-history":[{"count":1,"href":"https:\/\/apuntesdesanluis.com\/index.php\/wp-json\/wp\/v2\/posts\/11420\/revisions"}],"predecessor-version":[{"id":11422,"href":"https:\/\/apuntesdesanluis.com\/index.php\/wp-json\/wp\/v2\/posts\/11420\/revisions\/11422"}],"wp:featuredmedia":[{"embeddable":true,"href":"https:\/\/apuntesdesanluis.com\/index.php\/wp-json\/wp\/v2\/media\/11421"}],"wp:attachment":[{"href":"https:\/\/apuntesdesanluis.com\/index.php\/wp-json\/wp\/v2\/media?parent=11420"}],"wp:term":[{"taxonomy":"category","embeddable":true,"href":"https:\/\/apuntesdesanluis.com\/index.php\/wp-json\/wp\/v2\/categories?post=11420"},{"taxonomy":"post_tag","embeddable":true,"href":"https:\/\/apuntesdesanluis.com\/index.php\/wp-json\/wp\/v2\/tags?post=11420"}],"curies":[{"name":"wp","href":"https:\/\/api.w.org\/{rel}","templated":true}]}}