{"id":11423,"date":"2024-02-08T19:31:15","date_gmt":"2024-02-08T22:31:15","guid":{"rendered":"https:\/\/apuntesdesanluis.com\/?p=11423"},"modified":"2024-02-08T19:31:15","modified_gmt":"2024-02-08T22:31:15","slug":"firman-convenio-para-reforzar-la-atencion-y-la-inclusion-laboral-de-las-personas-con-discapacidad","status":"publish","type":"post","link":"https:\/\/apuntesdesanluis.com\/index.php\/2024\/02\/08\/firman-convenio-para-reforzar-la-atencion-y-la-inclusion-laboral-de-las-personas-con-discapacidad\/","title":{"rendered":"FIRMAN CONVENIO PARA REFORZAR LA ATENCI\u00d3N Y LA INCLUSI\u00d3N LABORAL DE LAS PERSONAS CON DISCAPACIDAD"},"content":{"rendered":"<h3>El acuerdo fue celebrado entre la Municipalidad que conduce <strong>Maximiliano Frontera<\/strong> y la secretar\u00eda de Personas con Discapacidad, a cargo de <strong>Luis Giraudo<\/strong>.<\/h3>\n<h3>Mediante un convenio que sellaron este jueves, la municipalidad de Villa Mercedes y la secretar\u00eda de Personas con Discapacidad se comprometieron a trabajar de modo conjunto para reforzar la atenci\u00f3n en las diversas dependencias municipales a las que acudan las personas con discapacidad a realizar alg\u00fan tr\u00e1mite; ajustar la coordinaci\u00f3n entre ambos organismos, de tal modo que las diligencias puedan realizarse con mayor celeridad; y promover la inclusi\u00f3n laboral, informaron desde la Secretar\u00eda.<\/h3>\n<h3>En representaci\u00f3n de la municipalidad de Vila Mercedes firm\u00f3 el acuerdo el intendente, Maximiliano Frontera, y por la Secretar\u00eda, su m\u00e1xima autoridad, Luis Giraudo.<\/h3>\n<h3>Giraudo destac\u00f3 la labor que realiza el \u00e1rea de Desarrollo Social del Municipio, como as\u00ed tambi\u00e9n la importancia de profundizar el trabajo articulado entre el Ejecutivo provincial y el municipal para la inclusi\u00f3n de este grupo poblacional en las diversas actividades sociales.<\/h3>\n<h3><strong>FORMAR\u00c1N A DOCENTES ESPECIALIZADOS<\/strong><\/h3>\n<h3>En la ma\u00f1ana de este jueves, se reunieron en la sede de la casa de altos estudios, el secretario de Personas con Discapacidad, Luis Giraudo, acompa\u00f1ado por la mayor\u00eda de sus funcionarios y <strong>Rudy C\u00e1mara<\/strong>, rector de la UPrO, junto a sus coordinadores.<\/h3>\n<p><img fetchpriority=\"high\" decoding=\"async\" class=\"wp-image-11425 aligncenter\" src=\"https:\/\/apuntesdesanluis.com\/wp-content\/uploads\/2024\/02\/convenio-con-rudy-300x213.png\" alt=\"\" width=\"566\" height=\"402\" srcset=\"https:\/\/apuntesdesanluis.com\/wp-content\/uploads\/2024\/02\/convenio-con-rudy-300x213.png 300w, https:\/\/apuntesdesanluis.com\/wp-content\/uploads\/2024\/02\/convenio-con-rudy.png 632w\" sizes=\"(max-width: 566px) 100vw, 566px\" \/><\/p>\n<h3>Antes de la firma del convenio, se habl\u00f3 del marco legal, seg\u00fan el cual la universidad se compromete no solo a acondicionar los lugares f\u00edsicos, sino tambi\u00e9n a formar los docentes especializados en inclusi\u00f3n laboral, convocando la ayuda de distintos centros de d\u00eda, acompa\u00f1antes terap\u00e9uticos, psic\u00f3logos, realizando pr\u00e1cticas para orientar a los docentes en la parte pedag\u00f3gica.<\/h3>\n<h3>El secretario de Personas con Discapacidad se mostr\u00f3 muy contento con la idea de trabajar en conjunto, \u201cporque es muy importante que los j\u00f3venes se formen en un oficio, reciban un t\u00edtulo y se integren a la comunidad, sin el estigma de la discriminaci\u00f3n\u201d.<\/h3>\n<p>&nbsp;<\/p>\n<p>&nbsp;<\/p>\n<p>&nbsp;<\/p>\n<p>&nbsp;<\/p>\n","protected":false},"excerpt":{"rendered":"<p>El acuerdo fue celebrado entre la Municipalidad que conduce Maximiliano Frontera y la secretar\u00eda de&#8230;<\/p>\n","protected":false},"author":1,"featured_media":11424,"comment_status":"closed","ping_status":"closed","sticky":false,"template":"","format":"standard","meta":{"footnotes":""},"categories":[6],"tags":[],"class_list":["post-11423","post","type-post","status-publish","format-standard","has-post-thumbnail","hentry","category-ciudad-provincia"],"yoast_head":"<!-- This site is optimized with the Yoast SEO plugin v26.1.1 - https:\/\/yoast.com\/wordpress\/plugins\/seo\/ -->\n<title>FIRMAN CONVENIO PARA REFORZAR LA ATENCI\u00d3N Y LA INCLUSI\u00d3N LABORAL DE LAS PERSONAS CON DISCAPACIDAD - Apuntes de San Luis<\/title>\n<meta name=\"robots\" content=\"index, follow, max-snippet:-1, max-image-preview:large, max-video-preview:-1\" \/>\n<link rel=\"canonical\" href=\"https:\/\/apuntesdesanluis.com\/index.php\/2024\/02\/08\/firman-convenio-para-reforzar-la-atencion-y-la-inclusion-laboral-de-las-personas-con-discapacidad\/\" \/>\n<meta property=\"og:locale\" content=\"es_ES\" \/>\n<meta property=\"og:type\" content=\"article\" \/>\n<meta property=\"og:title\" content=\"FIRMAN CONVENIO PARA REFORZAR LA ATENCI\u00d3N Y LA INCLUSI\u00d3N LABORAL DE LAS PERSONAS CON DISCAPACIDAD - Apuntes de San Luis\" \/>\n<meta property=\"og:description\" content=\"El acuerdo fue celebrado entre la Municipalidad que conduce Maximiliano Frontera y la secretar\u00eda de...\" \/>\n<meta property=\"og:url\" content=\"https:\/\/apuntesdesanluis.com\/index.php\/2024\/02\/08\/firman-convenio-para-reforzar-la-atencion-y-la-inclusion-laboral-de-las-personas-con-discapacidad\/\" \/>\n<meta property=\"og:site_name\" content=\"Apuntes de San Luis\" \/>\n<meta property=\"article:published_time\" content=\"2024-02-08T22:31:15+00:00\" \/>\n<meta property=\"og:image\" content=\"https:\/\/apuntesdesanluis.com\/wp-content\/uploads\/2024\/02\/convenio-con-maxi.png\" \/>\n\t<meta property=\"og:image:width\" content=\"600\" \/>\n\t<meta property=\"og:image:height\" content=\"376\" \/>\n\t<meta property=\"og:image:type\" content=\"image\/png\" \/>\n<meta name=\"author\" content=\"apuntesdesanluis.com\" \/>\n<meta name=\"twitter:card\" content=\"summary_large_image\" \/>\n<meta name=\"twitter:label1\" content=\"Escrito por\" \/>\n\t<meta name=\"twitter:data1\" content=\"apuntesdesanluis.com\" \/>\n\t<meta name=\"twitter:label2\" content=\"Tiempo de lectura\" \/>\n\t<meta name=\"twitter:data2\" content=\"2 minutos\" \/>\n<script type=\"application\/ld+json\" class=\"yoast-schema-graph\">{\"@context\":\"https:\/\/schema.org\",\"@graph\":[{\"@type\":\"Article\",\"@id\":\"https:\/\/apuntesdesanluis.com\/index.php\/2024\/02\/08\/firman-convenio-para-reforzar-la-atencion-y-la-inclusion-laboral-de-las-personas-con-discapacidad\/#article\",\"isPartOf\":{\"@id\":\"https:\/\/apuntesdesanluis.com\/index.php\/2024\/02\/08\/firman-convenio-para-reforzar-la-atencion-y-la-inclusion-laboral-de-las-personas-con-discapacidad\/\"},\"author\":{\"name\":\"apuntesdesanluis.com\",\"@id\":\"https:\/\/apuntesdesanluis.com\/#\/schema\/person\/b55151d52296fcce64d1a72538a70b90\"},\"headline\":\"FIRMAN CONVENIO PARA REFORZAR LA ATENCI\u00d3N Y LA INCLUSI\u00d3N LABORAL DE LAS PERSONAS CON DISCAPACIDAD\",\"datePublished\":\"2024-02-08T22:31:15+00:00\",\"mainEntityOfPage\":{\"@id\":\"https:\/\/apuntesdesanluis.com\/index.php\/2024\/02\/08\/firman-convenio-para-reforzar-la-atencion-y-la-inclusion-laboral-de-las-personas-con-discapacidad\/\"},\"wordCount\":362,\"publisher\":{\"@id\":\"https:\/\/apuntesdesanluis.com\/#\/schema\/person\/b55151d52296fcce64d1a72538a70b90\"},\"image\":{\"@id\":\"https:\/\/apuntesdesanluis.com\/index.php\/2024\/02\/08\/firman-convenio-para-reforzar-la-atencion-y-la-inclusion-laboral-de-las-personas-con-discapacidad\/#primaryimage\"},\"thumbnailUrl\":\"https:\/\/apuntesdesanluis.com\/wp-content\/uploads\/2024\/02\/convenio-con-maxi.png\",\"articleSection\":[\"Ciudad\/Provincia\"],\"inLanguage\":\"es-AR\"},{\"@type\":\"WebPage\",\"@id\":\"https:\/\/apuntesdesanluis.com\/index.php\/2024\/02\/08\/firman-convenio-para-reforzar-la-atencion-y-la-inclusion-laboral-de-las-personas-con-discapacidad\/\",\"url\":\"https:\/\/apuntesdesanluis.com\/index.php\/2024\/02\/08\/firman-convenio-para-reforzar-la-atencion-y-la-inclusion-laboral-de-las-personas-con-discapacidad\/\",\"name\":\"FIRMAN CONVENIO PARA REFORZAR LA ATENCI\u00d3N Y LA INCLUSI\u00d3N LABORAL DE LAS PERSONAS CON DISCAPACIDAD - Apuntes de San Luis\",\"isPartOf\":{\"@id\":\"https:\/\/apuntesdesanluis.com\/#website\"},\"primaryImageOfPage\":{\"@id\":\"https:\/\/apuntesdesanluis.com\/index.php\/2024\/02\/08\/firman-convenio-para-reforzar-la-atencion-y-la-inclusion-laboral-de-las-personas-con-discapacidad\/#primaryimage\"},\"image\":{\"@id\":\"https:\/\/apuntesdesanluis.com\/index.php\/2024\/02\/08\/firman-convenio-para-reforzar-la-atencion-y-la-inclusion-laboral-de-las-personas-con-discapacidad\/#primaryimage\"},\"thumbnailUrl\":\"https:\/\/apuntesdesanluis.com\/wp-content\/uploads\/2024\/02\/convenio-con-maxi.png\",\"datePublished\":\"2024-02-08T22:31:15+00:00\",\"breadcrumb\":{\"@id\":\"https:\/\/apuntesdesanluis.com\/index.php\/2024\/02\/08\/firman-convenio-para-reforzar-la-atencion-y-la-inclusion-laboral-de-las-personas-con-discapacidad\/#breadcrumb\"},\"inLanguage\":\"es-AR\",\"potentialAction\":[{\"@type\":\"ReadAction\",\"target\":[\"https:\/\/apuntesdesanluis.com\/index.php\/2024\/02\/08\/firman-convenio-para-reforzar-la-atencion-y-la-inclusion-laboral-de-las-personas-con-discapacidad\/\"]}]},{\"@type\":\"ImageObject\",\"inLanguage\":\"es-AR\",\"@id\":\"https:\/\/apuntesdesanluis.com\/index.php\/2024\/02\/08\/firman-convenio-para-reforzar-la-atencion-y-la-inclusion-laboral-de-las-personas-con-discapacidad\/#primaryimage\",\"url\":\"https:\/\/apuntesdesanluis.com\/wp-content\/uploads\/2024\/02\/convenio-con-maxi.png\",\"contentUrl\":\"https:\/\/apuntesdesanluis.com\/wp-content\/uploads\/2024\/02\/convenio-con-maxi.png\",\"width\":600,\"height\":376},{\"@type\":\"BreadcrumbList\",\"@id\":\"https:\/\/apuntesdesanluis.com\/index.php\/2024\/02\/08\/firman-convenio-para-reforzar-la-atencion-y-la-inclusion-laboral-de-las-personas-con-discapacidad\/#breadcrumb\",\"itemListElement\":[{\"@type\":\"ListItem\",\"position\":1,\"name\":\"Inicio\",\"item\":\"https:\/\/apuntesdesanluis.com\/\"},{\"@type\":\"ListItem\",\"position\":2,\"name\":\"FIRMAN CONVENIO PARA REFORZAR LA ATENCI\u00d3N Y LA INCLUSI\u00d3N LABORAL DE LAS PERSONAS CON DISCAPACIDAD\"}]},{\"@type\":\"WebSite\",\"@id\":\"https:\/\/apuntesdesanluis.com\/#website\",\"url\":\"https:\/\/apuntesdesanluis.com\/\",\"name\":\"Apuntes de San Luis\",\"description\":\"\",\"publisher\":{\"@id\":\"https:\/\/apuntesdesanluis.com\/#\/schema\/person\/b55151d52296fcce64d1a72538a70b90\"},\"potentialAction\":[{\"@type\":\"SearchAction\",\"target\":{\"@type\":\"EntryPoint\",\"urlTemplate\":\"https:\/\/apuntesdesanluis.com\/?s={search_term_string}\"},\"query-input\":{\"@type\":\"PropertyValueSpecification\",\"valueRequired\":true,\"valueName\":\"search_term_string\"}}],\"inLanguage\":\"es-AR\"},{\"@type\":[\"Person\",\"Organization\"],\"@id\":\"https:\/\/apuntesdesanluis.com\/#\/schema\/person\/b55151d52296fcce64d1a72538a70b90\",\"name\":\"apuntesdesanluis.com\",\"image\":{\"@type\":\"ImageObject\",\"inLanguage\":\"es-AR\",\"@id\":\"https:\/\/apuntesdesanluis.com\/#\/schema\/person\/image\/\",\"url\":\"https:\/\/apuntesdesanluis.com\/wp-content\/uploads\/2023\/07\/cropped-apuntesdesanluis.png\",\"contentUrl\":\"https:\/\/apuntesdesanluis.com\/wp-content\/uploads\/2023\/07\/cropped-apuntesdesanluis.png\",\"width\":450,\"height\":112,\"caption\":\"apuntesdesanluis.com\"},\"logo\":{\"@id\":\"https:\/\/apuntesdesanluis.com\/#\/schema\/person\/image\/\"},\"sameAs\":[\"https:\/\/apuntesdesanluis.com\"],\"url\":\"https:\/\/apuntesdesanluis.com\/index.php\/author\/apuntesdesanluis-com\/\"}]}<\/script>\n<!-- \/ Yoast SEO plugin. -->","yoast_head_json":{"title":"FIRMAN CONVENIO PARA REFORZAR LA ATENCI\u00d3N Y LA INCLUSI\u00d3N LABORAL DE LAS PERSONAS CON DISCAPACIDAD - Apuntes de San Luis","robots":{"index":"index","follow":"follow","max-snippet":"max-snippet:-1","max-image-preview":"max-image-preview:large","max-video-preview":"max-video-preview:-1"},"canonical":"https:\/\/apuntesdesanluis.com\/index.php\/2024\/02\/08\/firman-convenio-para-reforzar-la-atencion-y-la-inclusion-laboral-de-las-personas-con-discapacidad\/","og_locale":"es_ES","og_type":"article","og_title":"FIRMAN CONVENIO PARA REFORZAR LA ATENCI\u00d3N Y LA INCLUSI\u00d3N LABORAL DE LAS PERSONAS CON DISCAPACIDAD - Apuntes de San Luis","og_description":"El acuerdo fue celebrado entre la Municipalidad que conduce Maximiliano Frontera y la secretar\u00eda de...","og_url":"https:\/\/apuntesdesanluis.com\/index.php\/2024\/02\/08\/firman-convenio-para-reforzar-la-atencion-y-la-inclusion-laboral-de-las-personas-con-discapacidad\/","og_site_name":"Apuntes de San Luis","article_published_time":"2024-02-08T22:31:15+00:00","og_image":[{"width":600,"height":376,"url":"https:\/\/apuntesdesanluis.com\/wp-content\/uploads\/2024\/02\/convenio-con-maxi.png","type":"image\/png"}],"author":"apuntesdesanluis.com","twitter_card":"summary_large_image","twitter_misc":{"Escrito por":"apuntesdesanluis.com","Tiempo de lectura":"2 minutos"},"schema":{"@context":"https:\/\/schema.org","@graph":[{"@type":"Article","@id":"https:\/\/apuntesdesanluis.com\/index.php\/2024\/02\/08\/firman-convenio-para-reforzar-la-atencion-y-la-inclusion-laboral-de-las-personas-con-discapacidad\/#article","isPartOf":{"@id":"https:\/\/apuntesdesanluis.com\/index.php\/2024\/02\/08\/firman-convenio-para-reforzar-la-atencion-y-la-inclusion-laboral-de-las-personas-con-discapacidad\/"},"author":{"name":"apuntesdesanluis.com","@id":"https:\/\/apuntesdesanluis.com\/#\/schema\/person\/b55151d52296fcce64d1a72538a70b90"},"headline":"FIRMAN CONVENIO PARA REFORZAR LA ATENCI\u00d3N Y LA INCLUSI\u00d3N LABORAL DE LAS PERSONAS CON DISCAPACIDAD","datePublished":"2024-02-08T22:31:15+00:00","mainEntityOfPage":{"@id":"https:\/\/apuntesdesanluis.com\/index.php\/2024\/02\/08\/firman-convenio-para-reforzar-la-atencion-y-la-inclusion-laboral-de-las-personas-con-discapacidad\/"},"wordCount":362,"publisher":{"@id":"https:\/\/apuntesdesanluis.com\/#\/schema\/person\/b55151d52296fcce64d1a72538a70b90"},"image":{"@id":"https:\/\/apuntesdesanluis.com\/index.php\/2024\/02\/08\/firman-convenio-para-reforzar-la-atencion-y-la-inclusion-laboral-de-las-personas-con-discapacidad\/#primaryimage"},"thumbnailUrl":"https:\/\/apuntesdesanluis.com\/wp-content\/uploads\/2024\/02\/convenio-con-maxi.png","articleSection":["Ciudad\/Provincia"],"inLanguage":"es-AR"},{"@type":"WebPage","@id":"https:\/\/apuntesdesanluis.com\/index.php\/2024\/02\/08\/firman-convenio-para-reforzar-la-atencion-y-la-inclusion-laboral-de-las-personas-con-discapacidad\/","url":"https:\/\/apuntesdesanluis.com\/index.php\/2024\/02\/08\/firman-convenio-para-reforzar-la-atencion-y-la-inclusion-laboral-de-las-personas-con-discapacidad\/","name":"FIRMAN CONVENIO PARA REFORZAR LA ATENCI\u00d3N Y LA INCLUSI\u00d3N LABORAL DE LAS PERSONAS CON DISCAPACIDAD - Apuntes de San Luis","isPartOf":{"@id":"https:\/\/apuntesdesanluis.com\/#website"},"primaryImageOfPage":{"@id":"https:\/\/apuntesdesanluis.com\/index.php\/2024\/02\/08\/firman-convenio-para-reforzar-la-atencion-y-la-inclusion-laboral-de-las-personas-con-discapacidad\/#primaryimage"},"image":{"@id":"https:\/\/apuntesdesanluis.com\/index.php\/2024\/02\/08\/firman-convenio-para-reforzar-la-atencion-y-la-inclusion-laboral-de-las-personas-con-discapacidad\/#primaryimage"},"thumbnailUrl":"https:\/\/apuntesdesanluis.com\/wp-content\/uploads\/2024\/02\/convenio-con-maxi.png","datePublished":"2024-02-08T22:31:15+00:00","breadcrumb":{"@id":"https:\/\/apuntesdesanluis.com\/index.php\/2024\/02\/08\/firman-convenio-para-reforzar-la-atencion-y-la-inclusion-laboral-de-las-personas-con-discapacidad\/#breadcrumb"},"inLanguage":"es-AR","potentialAction":[{"@type":"ReadAction","target":["https:\/\/apuntesdesanluis.com\/index.php\/2024\/02\/08\/firman-convenio-para-reforzar-la-atencion-y-la-inclusion-laboral-de-las-personas-con-discapacidad\/"]}]},{"@type":"ImageObject","inLanguage":"es-AR","@id":"https:\/\/apuntesdesanluis.com\/index.php\/2024\/02\/08\/firman-convenio-para-reforzar-la-atencion-y-la-inclusion-laboral-de-las-personas-con-discapacidad\/#primaryimage","url":"https:\/\/apuntesdesanluis.com\/wp-content\/uploads\/2024\/02\/convenio-con-maxi.png","contentUrl":"https:\/\/apuntesdesanluis.com\/wp-content\/uploads\/2024\/02\/convenio-con-maxi.png","width":600,"height":376},{"@type":"BreadcrumbList","@id":"https:\/\/apuntesdesanluis.com\/index.php\/2024\/02\/08\/firman-convenio-para-reforzar-la-atencion-y-la-inclusion-laboral-de-las-personas-con-discapacidad\/#breadcrumb","itemListElement":[{"@type":"ListItem","position":1,"name":"Inicio","item":"https:\/\/apuntesdesanluis.com\/"},{"@type":"ListItem","position":2,"name":"FIRMAN CONVENIO PARA REFORZAR LA ATENCI\u00d3N Y LA INCLUSI\u00d3N LABORAL DE LAS PERSONAS CON DISCAPACIDAD"}]},{"@type":"WebSite","@id":"https:\/\/apuntesdesanluis.com\/#website","url":"https:\/\/apuntesdesanluis.com\/","name":"Apuntes de San Luis","description":"","publisher":{"@id":"https:\/\/apuntesdesanluis.com\/#\/schema\/person\/b55151d52296fcce64d1a72538a70b90"},"potentialAction":[{"@type":"SearchAction","target":{"@type":"EntryPoint","urlTemplate":"https:\/\/apuntesdesanluis.com\/?s={search_term_string}"},"query-input":{"@type":"PropertyValueSpecification","valueRequired":true,"valueName":"search_term_string"}}],"inLanguage":"es-AR"},{"@type":["Person","Organization"],"@id":"https:\/\/apuntesdesanluis.com\/#\/schema\/person\/b55151d52296fcce64d1a72538a70b90","name":"apuntesdesanluis.com","image":{"@type":"ImageObject","inLanguage":"es-AR","@id":"https:\/\/apuntesdesanluis.com\/#\/schema\/person\/image\/","url":"https:\/\/apuntesdesanluis.com\/wp-content\/uploads\/2023\/07\/cropped-apuntesdesanluis.png","contentUrl":"https:\/\/apuntesdesanluis.com\/wp-content\/uploads\/2023\/07\/cropped-apuntesdesanluis.png","width":450,"height":112,"caption":"apuntesdesanluis.com"},"logo":{"@id":"https:\/\/apuntesdesanluis.com\/#\/schema\/person\/image\/"},"sameAs":["https:\/\/apuntesdesanluis.com"],"url":"https:\/\/apuntesdesanluis.com\/index.php\/author\/apuntesdesanluis-com\/"}]}},"featured_image_urls":{"full":["https:\/\/apuntesdesanluis.com\/wp-content\/uploads\/2024\/02\/convenio-con-maxi.png",600,376,false],"thumbnail":["https:\/\/apuntesdesanluis.com\/wp-content\/uploads\/2024\/02\/convenio-con-maxi-150x150.png",150,150,true],"medium":["https:\/\/apuntesdesanluis.com\/wp-content\/uploads\/2024\/02\/convenio-con-maxi-300x188.png",300,188,true],"medium_large":["https:\/\/apuntesdesanluis.com\/wp-content\/uploads\/2024\/02\/convenio-con-maxi.png",600,376,false],"large":["https:\/\/apuntesdesanluis.com\/wp-content\/uploads\/2024\/02\/convenio-con-maxi.png",600,376,false],"1536x1536":["https:\/\/apuntesdesanluis.com\/wp-content\/uploads\/2024\/02\/convenio-con-maxi.png",600,376,false],"2048x2048":["https:\/\/apuntesdesanluis.com\/wp-content\/uploads\/2024\/02\/convenio-con-maxi.png",600,376,false],"newsever-slider-full":["https:\/\/apuntesdesanluis.com\/wp-content\/uploads\/2024\/02\/convenio-con-maxi.png",600,376,false],"newsever-featured":["https:\/\/apuntesdesanluis.com\/wp-content\/uploads\/2024\/02\/convenio-con-maxi.png",600,376,false],"newsever-medium":["https:\/\/apuntesdesanluis.com\/wp-content\/uploads\/2024\/02\/convenio-con-maxi.png",600,376,false]},"author_info":{"display_name":"apuntesdesanluis.com","author_link":"https:\/\/apuntesdesanluis.com\/index.php\/author\/apuntesdesanluis-com\/"},"category_info":"<a href=\"https:\/\/apuntesdesanluis.com\/index.php\/category\/ciudad-provincia\/\" rel=\"category tag\">Ciudad\/Provincia<\/a>","tag_info":"Ciudad\/Provincia","comment_count":"0","_links":{"self":[{"href":"https:\/\/apuntesdesanluis.com\/index.php\/wp-json\/wp\/v2\/posts\/11423","targetHints":{"allow":["GET"]}}],"collection":[{"href":"https:\/\/apuntesdesanluis.com\/index.php\/wp-json\/wp\/v2\/posts"}],"about":[{"href":"https:\/\/apuntesdesanluis.com\/index.php\/wp-json\/wp\/v2\/types\/post"}],"author":[{"embeddable":true,"href":"https:\/\/apuntesdesanluis.com\/index.php\/wp-json\/wp\/v2\/users\/1"}],"replies":[{"embeddable":true,"href":"https:\/\/apuntesdesanluis.com\/index.php\/wp-json\/wp\/v2\/comments?post=11423"}],"version-history":[{"count":1,"href":"https:\/\/apuntesdesanluis.com\/index.php\/wp-json\/wp\/v2\/posts\/11423\/revisions"}],"predecessor-version":[{"id":11426,"href":"https:\/\/apuntesdesanluis.com\/index.php\/wp-json\/wp\/v2\/posts\/11423\/revisions\/11426"}],"wp:featuredmedia":[{"embeddable":true,"href":"https:\/\/apuntesdesanluis.com\/index.php\/wp-json\/wp\/v2\/media\/11424"}],"wp:attachment":[{"href":"https:\/\/apuntesdesanluis.com\/index.php\/wp-json\/wp\/v2\/media?parent=11423"}],"wp:term":[{"taxonomy":"category","embeddable":true,"href":"https:\/\/apuntesdesanluis.com\/index.php\/wp-json\/wp\/v2\/categories?post=11423"},{"taxonomy":"post_tag","embeddable":true,"href":"https:\/\/apuntesdesanluis.com\/index.php\/wp-json\/wp\/v2\/tags?post=11423"}],"curies":[{"name":"wp","href":"https:\/\/api.w.org\/{rel}","templated":true}]}}