{"id":11427,"date":"2024-02-08T20:10:13","date_gmt":"2024-02-08T23:10:13","guid":{"rendered":"https:\/\/apuntesdesanluis.com\/?p=11427"},"modified":"2024-02-08T22:29:31","modified_gmt":"2024-02-09T01:29:31","slug":"dictaron-prision-preventiva-por-60-dias-a-dos-cazadores-furtivos","status":"publish","type":"post","link":"https:\/\/apuntesdesanluis.com\/index.php\/2024\/02\/08\/dictaron-prision-preventiva-por-60-dias-a-dos-cazadores-furtivos\/","title":{"rendered":"DICTARON PRISI\u00d3N PREVENTIVA POR 60 D\u00cdAS A DOS CAZADORES FURTIVOS"},"content":{"rendered":"<h3>As\u00ed lo dispuso el Dr. Santiago Ortiz, en car\u00e1cter de\u00a0 juez subrogante del Juzgado de Garant\u00eda N\u00ba 1 de la Segunda Circunscripci\u00f3n Judicial. Orden\u00f3 el traslado al Servicio Penitenciario Provincial, donde los imputados deber\u00e1n cumplir 60 d\u00edas de encarcelamiento.<\/h3>\n<h3>Dos hombres que fueron imputados por los delitos de abigeato, caza furtiva y tenencia ilegal de arma deber\u00e1n cumplir prisi\u00f3n preventiva por el t\u00e9rmino de 60 d\u00edas en el Servicio Penitenciario Provincial. As\u00ed lo dispuso el Dr. Santiago Ortiz, en una audiencia que se celebr\u00f3 en la ma\u00f1ana de este jueves en la Segunda Circunscripci\u00f3n Judicial.<\/h3>\n<h3>El hecho investigado, seg\u00fan lo relatado por el Ministerio P\u00fablico Fiscal \u2013 Dr. Jos\u00e9 Olgu\u00edn, Fiscal de Instrucci\u00f3n N\u00ba 3 ; Dra. Andrea Court y Dr. Marcelo Fern\u00e1ndez, Fiscales Adjuntos-\u00a0\u00a0 en la audiencia de formulaci\u00f3n de cargos, ocurri\u00f3 en el sur de la provincia el 1 de febrero. Los imputados fueron detenidos en el campo a bordo de una camioneta, luego de que se fugaran de un operativo policial en la Ruta N\u00ba 43, pr\u00f3ximo a Buena Esperanza.<\/h3>\n<h3>Jos\u00e9 Luis Novillo<strong>, de 48 a\u00f1os, y <\/strong>H\u00e9ctor Oscar Romero<strong>, de 36 a\u00f1os, son considerados coautores del delito abigeato simple y caza furtiva en concurso real, tenencia ilegal de arma de fuego de uso civil y tenencia ilegal de arma de fuego de uso civil condicionado. En ese sentido, se dispuso su inmediato traslado al Servicio Penitenciario Provincial para su alojamiento.<\/strong><\/h3>\n<h3><strong>Los hombres hab\u00edan sido detenidos por efectivos policiales a principios de febrero en la ruta N\u00b0 43 (a unos 70 kil\u00f3metros de Buena Esperanza), cuando se transportaban en una camioneta Chevrolet S10 en la que cargaban un vacuno faenado. En ese procedimiento, el personal policial actuante hab\u00eda secuestrado la camioneta, una carabina calibre 22, un fusil calibre 30-06, cuchillos, sierras, dos vizcachas, vestimenta con sangre de vacuno, entre otras pertenencias.<\/strong><\/h3>\n<p><img fetchpriority=\"high\" decoding=\"async\" class=\"wp-image-11468 aligncenter\" src=\"https:\/\/apuntesdesanluis.com\/wp-content\/uploads\/2024\/02\/faena-300x214.png\" alt=\"\" width=\"625\" height=\"446\" srcset=\"https:\/\/apuntesdesanluis.com\/wp-content\/uploads\/2024\/02\/faena-300x214.png 300w, https:\/\/apuntesdesanluis.com\/wp-content\/uploads\/2024\/02\/faena.png 600w\" sizes=\"(max-width: 625px) 100vw, 625px\" \/><\/p>\n<h3>En representaci\u00f3n de los imputados intervino el Dr. Gustavo Reviglio, quien en su oportunidad, se opuso a la formulaci\u00f3n de cargos y argument\u00f3 sobre la tenencia justificada de las armas y el permiso sobre la caza.<\/h3>\n<h3>Luego de escuchar a las partes, el Dr. Santiago Ortiz, ratific\u00f3 la formulaci\u00f3n de cargos expresada por Fiscal\u00eda, como co autores de los delitos de abigeato simple, caza furtiva en concurso real, tenencia ilegal de arma de fuego de uso civil, tenencia ilegal de arma de fuego de uso civil condicionado, \u00e9stos \u00faltimos en concurso ideal (Art. 167 Ter Primer P\u00e1rrafo, Ley 22421 Art 27, 189 bis Segundo Inciso Primer y Segundo P\u00e1rrafo, 45, 54 y 55 del C\u00f3digo Penal Argentino).<\/h3>\n<h3>A continuaci\u00f3n el Ministerio P\u00fablico Fiscal solicit\u00f3 la prisi\u00f3n preventiva de ambos imputados por el t\u00e9rmino de sesenta d\u00edas. La defensa se opuso a lo solicitado y propuso medidas de coerci\u00f3n morigeradas.<\/h3>\n<h3>A la hora de resolver sobre la medida de coerci\u00f3n el Juez mencion\u00f3 el peligro de fuga, de entorpecimiento de la investigaci\u00f3n \u2013 ya que restan pruebas pendientes de realizaci\u00f3n- y\u00a0 el pron\u00f3stico punitivo hipot\u00e9tico. Estim\u00f3 coherente el pedido de encarcelamiento preventivo formulado por el Ministerio P\u00fablico Fiscal.<\/h3>\n<h3>En ese sentido, el Dr. Ortiz orden\u00f3 la prisi\u00f3n preventiva por el t\u00e9rmino de 60 d\u00edas para ambos imputados y su traslado al Servicio Penitenciario Provincial. Asimismo, fij\u00f3 una nueva audiencia para el pr\u00f3ximo 7 de abril, cuando deber\u00e1 realizarse el control de acusaci\u00f3n.<\/h3>\n<p>&nbsp;<\/p>\n<p>&nbsp;<\/p>\n<p>&nbsp;<\/p>\n<p>&nbsp;<\/p>\n<p>&nbsp;<\/p>\n","protected":false},"excerpt":{"rendered":"<p>As\u00ed lo dispuso el Dr. Santiago Ortiz, en car\u00e1cter de\u00a0 juez subrogante del Juzgado de&#8230;<\/p>\n","protected":false},"author":1,"featured_media":11428,"comment_status":"closed","ping_status":"closed","sticky":false,"template":"","format":"standard","meta":{"footnotes":""},"categories":[6],"tags":[],"class_list":["post-11427","post","type-post","status-publish","format-standard","has-post-thumbnail","hentry","category-ciudad-provincia"],"yoast_head":"<!-- This site is optimized with the Yoast SEO plugin v26.1.1 - https:\/\/yoast.com\/wordpress\/plugins\/seo\/ -->\n<title>DICTARON PRISI\u00d3N PREVENTIVA POR 60 D\u00cdAS A DOS CAZADORES FURTIVOS - Apuntes de San Luis<\/title>\n<meta name=\"robots\" content=\"index, follow, max-snippet:-1, max-image-preview:large, max-video-preview:-1\" \/>\n<link rel=\"canonical\" href=\"https:\/\/apuntesdesanluis.com\/index.php\/2024\/02\/08\/dictaron-prision-preventiva-por-60-dias-a-dos-cazadores-furtivos\/\" \/>\n<meta property=\"og:locale\" content=\"es_ES\" \/>\n<meta property=\"og:type\" content=\"article\" \/>\n<meta property=\"og:title\" content=\"DICTARON PRISI\u00d3N PREVENTIVA POR 60 D\u00cdAS A DOS CAZADORES FURTIVOS - Apuntes de San Luis\" \/>\n<meta property=\"og:description\" content=\"As\u00ed lo dispuso el Dr. Santiago Ortiz, en car\u00e1cter de\u00a0 juez subrogante del Juzgado de...\" \/>\n<meta property=\"og:url\" content=\"https:\/\/apuntesdesanluis.com\/index.php\/2024\/02\/08\/dictaron-prision-preventiva-por-60-dias-a-dos-cazadores-furtivos\/\" \/>\n<meta property=\"og:site_name\" content=\"Apuntes de San Luis\" \/>\n<meta property=\"article:published_time\" content=\"2024-02-08T23:10:13+00:00\" \/>\n<meta property=\"article:modified_time\" content=\"2024-02-09T01:29:31+00:00\" \/>\n<meta property=\"og:image\" content=\"https:\/\/apuntesdesanluis.com\/wp-content\/uploads\/2024\/02\/AUDIENCIA-CAZADORES.png\" \/>\n\t<meta property=\"og:image:width\" content=\"617\" \/>\n\t<meta property=\"og:image:height\" content=\"373\" \/>\n\t<meta property=\"og:image:type\" content=\"image\/png\" \/>\n<meta name=\"author\" content=\"apuntesdesanluis.com\" \/>\n<meta name=\"twitter:card\" content=\"summary_large_image\" \/>\n<meta name=\"twitter:label1\" content=\"Escrito por\" \/>\n\t<meta name=\"twitter:data1\" content=\"apuntesdesanluis.com\" \/>\n\t<meta name=\"twitter:label2\" content=\"Tiempo de lectura\" \/>\n\t<meta name=\"twitter:data2\" content=\"3 minutos\" \/>\n<script type=\"application\/ld+json\" class=\"yoast-schema-graph\">{\"@context\":\"https:\/\/schema.org\",\"@graph\":[{\"@type\":\"Article\",\"@id\":\"https:\/\/apuntesdesanluis.com\/index.php\/2024\/02\/08\/dictaron-prision-preventiva-por-60-dias-a-dos-cazadores-furtivos\/#article\",\"isPartOf\":{\"@id\":\"https:\/\/apuntesdesanluis.com\/index.php\/2024\/02\/08\/dictaron-prision-preventiva-por-60-dias-a-dos-cazadores-furtivos\/\"},\"author\":{\"name\":\"apuntesdesanluis.com\",\"@id\":\"https:\/\/apuntesdesanluis.com\/#\/schema\/person\/b55151d52296fcce64d1a72538a70b90\"},\"headline\":\"DICTARON PRISI\u00d3N PREVENTIVA POR 60 D\u00cdAS A DOS CAZADORES FURTIVOS\",\"datePublished\":\"2024-02-08T23:10:13+00:00\",\"dateModified\":\"2024-02-09T01:29:31+00:00\",\"mainEntityOfPage\":{\"@id\":\"https:\/\/apuntesdesanluis.com\/index.php\/2024\/02\/08\/dictaron-prision-preventiva-por-60-dias-a-dos-cazadores-furtivos\/\"},\"wordCount\":586,\"publisher\":{\"@id\":\"https:\/\/apuntesdesanluis.com\/#\/schema\/person\/b55151d52296fcce64d1a72538a70b90\"},\"image\":{\"@id\":\"https:\/\/apuntesdesanluis.com\/index.php\/2024\/02\/08\/dictaron-prision-preventiva-por-60-dias-a-dos-cazadores-furtivos\/#primaryimage\"},\"thumbnailUrl\":\"https:\/\/apuntesdesanluis.com\/wp-content\/uploads\/2024\/02\/AUDIENCIA-CAZADORES.png\",\"articleSection\":[\"Ciudad\/Provincia\"],\"inLanguage\":\"es-AR\"},{\"@type\":\"WebPage\",\"@id\":\"https:\/\/apuntesdesanluis.com\/index.php\/2024\/02\/08\/dictaron-prision-preventiva-por-60-dias-a-dos-cazadores-furtivos\/\",\"url\":\"https:\/\/apuntesdesanluis.com\/index.php\/2024\/02\/08\/dictaron-prision-preventiva-por-60-dias-a-dos-cazadores-furtivos\/\",\"name\":\"DICTARON PRISI\u00d3N PREVENTIVA POR 60 D\u00cdAS A DOS CAZADORES FURTIVOS - Apuntes de San Luis\",\"isPartOf\":{\"@id\":\"https:\/\/apuntesdesanluis.com\/#website\"},\"primaryImageOfPage\":{\"@id\":\"https:\/\/apuntesdesanluis.com\/index.php\/2024\/02\/08\/dictaron-prision-preventiva-por-60-dias-a-dos-cazadores-furtivos\/#primaryimage\"},\"image\":{\"@id\":\"https:\/\/apuntesdesanluis.com\/index.php\/2024\/02\/08\/dictaron-prision-preventiva-por-60-dias-a-dos-cazadores-furtivos\/#primaryimage\"},\"thumbnailUrl\":\"https:\/\/apuntesdesanluis.com\/wp-content\/uploads\/2024\/02\/AUDIENCIA-CAZADORES.png\",\"datePublished\":\"2024-02-08T23:10:13+00:00\",\"dateModified\":\"2024-02-09T01:29:31+00:00\",\"breadcrumb\":{\"@id\":\"https:\/\/apuntesdesanluis.com\/index.php\/2024\/02\/08\/dictaron-prision-preventiva-por-60-dias-a-dos-cazadores-furtivos\/#breadcrumb\"},\"inLanguage\":\"es-AR\",\"potentialAction\":[{\"@type\":\"ReadAction\",\"target\":[\"https:\/\/apuntesdesanluis.com\/index.php\/2024\/02\/08\/dictaron-prision-preventiva-por-60-dias-a-dos-cazadores-furtivos\/\"]}]},{\"@type\":\"ImageObject\",\"inLanguage\":\"es-AR\",\"@id\":\"https:\/\/apuntesdesanluis.com\/index.php\/2024\/02\/08\/dictaron-prision-preventiva-por-60-dias-a-dos-cazadores-furtivos\/#primaryimage\",\"url\":\"https:\/\/apuntesdesanluis.com\/wp-content\/uploads\/2024\/02\/AUDIENCIA-CAZADORES.png\",\"contentUrl\":\"https:\/\/apuntesdesanluis.com\/wp-content\/uploads\/2024\/02\/AUDIENCIA-CAZADORES.png\",\"width\":617,\"height\":373},{\"@type\":\"BreadcrumbList\",\"@id\":\"https:\/\/apuntesdesanluis.com\/index.php\/2024\/02\/08\/dictaron-prision-preventiva-por-60-dias-a-dos-cazadores-furtivos\/#breadcrumb\",\"itemListElement\":[{\"@type\":\"ListItem\",\"position\":1,\"name\":\"Inicio\",\"item\":\"https:\/\/apuntesdesanluis.com\/\"},{\"@type\":\"ListItem\",\"position\":2,\"name\":\"DICTARON PRISI\u00d3N PREVENTIVA POR 60 D\u00cdAS A DOS CAZADORES FURTIVOS\"}]},{\"@type\":\"WebSite\",\"@id\":\"https:\/\/apuntesdesanluis.com\/#website\",\"url\":\"https:\/\/apuntesdesanluis.com\/\",\"name\":\"Apuntes de San Luis\",\"description\":\"\",\"publisher\":{\"@id\":\"https:\/\/apuntesdesanluis.com\/#\/schema\/person\/b55151d52296fcce64d1a72538a70b90\"},\"potentialAction\":[{\"@type\":\"SearchAction\",\"target\":{\"@type\":\"EntryPoint\",\"urlTemplate\":\"https:\/\/apuntesdesanluis.com\/?s={search_term_string}\"},\"query-input\":{\"@type\":\"PropertyValueSpecification\",\"valueRequired\":true,\"valueName\":\"search_term_string\"}}],\"inLanguage\":\"es-AR\"},{\"@type\":[\"Person\",\"Organization\"],\"@id\":\"https:\/\/apuntesdesanluis.com\/#\/schema\/person\/b55151d52296fcce64d1a72538a70b90\",\"name\":\"apuntesdesanluis.com\",\"image\":{\"@type\":\"ImageObject\",\"inLanguage\":\"es-AR\",\"@id\":\"https:\/\/apuntesdesanluis.com\/#\/schema\/person\/image\/\",\"url\":\"https:\/\/apuntesdesanluis.com\/wp-content\/uploads\/2023\/07\/cropped-apuntesdesanluis.png\",\"contentUrl\":\"https:\/\/apuntesdesanluis.com\/wp-content\/uploads\/2023\/07\/cropped-apuntesdesanluis.png\",\"width\":450,\"height\":112,\"caption\":\"apuntesdesanluis.com\"},\"logo\":{\"@id\":\"https:\/\/apuntesdesanluis.com\/#\/schema\/person\/image\/\"},\"sameAs\":[\"https:\/\/apuntesdesanluis.com\"],\"url\":\"https:\/\/apuntesdesanluis.com\/index.php\/author\/apuntesdesanluis-com\/\"}]}<\/script>\n<!-- \/ Yoast SEO plugin. -->","yoast_head_json":{"title":"DICTARON PRISI\u00d3N PREVENTIVA POR 60 D\u00cdAS A DOS CAZADORES FURTIVOS - Apuntes de San Luis","robots":{"index":"index","follow":"follow","max-snippet":"max-snippet:-1","max-image-preview":"max-image-preview:large","max-video-preview":"max-video-preview:-1"},"canonical":"https:\/\/apuntesdesanluis.com\/index.php\/2024\/02\/08\/dictaron-prision-preventiva-por-60-dias-a-dos-cazadores-furtivos\/","og_locale":"es_ES","og_type":"article","og_title":"DICTARON PRISI\u00d3N PREVENTIVA POR 60 D\u00cdAS A DOS CAZADORES FURTIVOS - Apuntes de San Luis","og_description":"As\u00ed lo dispuso el Dr. Santiago Ortiz, en car\u00e1cter de\u00a0 juez subrogante del Juzgado de...","og_url":"https:\/\/apuntesdesanluis.com\/index.php\/2024\/02\/08\/dictaron-prision-preventiva-por-60-dias-a-dos-cazadores-furtivos\/","og_site_name":"Apuntes de San Luis","article_published_time":"2024-02-08T23:10:13+00:00","article_modified_time":"2024-02-09T01:29:31+00:00","og_image":[{"width":617,"height":373,"url":"https:\/\/apuntesdesanluis.com\/wp-content\/uploads\/2024\/02\/AUDIENCIA-CAZADORES.png","type":"image\/png"}],"author":"apuntesdesanluis.com","twitter_card":"summary_large_image","twitter_misc":{"Escrito por":"apuntesdesanluis.com","Tiempo de lectura":"3 minutos"},"schema":{"@context":"https:\/\/schema.org","@graph":[{"@type":"Article","@id":"https:\/\/apuntesdesanluis.com\/index.php\/2024\/02\/08\/dictaron-prision-preventiva-por-60-dias-a-dos-cazadores-furtivos\/#article","isPartOf":{"@id":"https:\/\/apuntesdesanluis.com\/index.php\/2024\/02\/08\/dictaron-prision-preventiva-por-60-dias-a-dos-cazadores-furtivos\/"},"author":{"name":"apuntesdesanluis.com","@id":"https:\/\/apuntesdesanluis.com\/#\/schema\/person\/b55151d52296fcce64d1a72538a70b90"},"headline":"DICTARON PRISI\u00d3N PREVENTIVA POR 60 D\u00cdAS A DOS CAZADORES FURTIVOS","datePublished":"2024-02-08T23:10:13+00:00","dateModified":"2024-02-09T01:29:31+00:00","mainEntityOfPage":{"@id":"https:\/\/apuntesdesanluis.com\/index.php\/2024\/02\/08\/dictaron-prision-preventiva-por-60-dias-a-dos-cazadores-furtivos\/"},"wordCount":586,"publisher":{"@id":"https:\/\/apuntesdesanluis.com\/#\/schema\/person\/b55151d52296fcce64d1a72538a70b90"},"image":{"@id":"https:\/\/apuntesdesanluis.com\/index.php\/2024\/02\/08\/dictaron-prision-preventiva-por-60-dias-a-dos-cazadores-furtivos\/#primaryimage"},"thumbnailUrl":"https:\/\/apuntesdesanluis.com\/wp-content\/uploads\/2024\/02\/AUDIENCIA-CAZADORES.png","articleSection":["Ciudad\/Provincia"],"inLanguage":"es-AR"},{"@type":"WebPage","@id":"https:\/\/apuntesdesanluis.com\/index.php\/2024\/02\/08\/dictaron-prision-preventiva-por-60-dias-a-dos-cazadores-furtivos\/","url":"https:\/\/apuntesdesanluis.com\/index.php\/2024\/02\/08\/dictaron-prision-preventiva-por-60-dias-a-dos-cazadores-furtivos\/","name":"DICTARON PRISI\u00d3N PREVENTIVA POR 60 D\u00cdAS A DOS CAZADORES FURTIVOS - Apuntes de San Luis","isPartOf":{"@id":"https:\/\/apuntesdesanluis.com\/#website"},"primaryImageOfPage":{"@id":"https:\/\/apuntesdesanluis.com\/index.php\/2024\/02\/08\/dictaron-prision-preventiva-por-60-dias-a-dos-cazadores-furtivos\/#primaryimage"},"image":{"@id":"https:\/\/apuntesdesanluis.com\/index.php\/2024\/02\/08\/dictaron-prision-preventiva-por-60-dias-a-dos-cazadores-furtivos\/#primaryimage"},"thumbnailUrl":"https:\/\/apuntesdesanluis.com\/wp-content\/uploads\/2024\/02\/AUDIENCIA-CAZADORES.png","datePublished":"2024-02-08T23:10:13+00:00","dateModified":"2024-02-09T01:29:31+00:00","breadcrumb":{"@id":"https:\/\/apuntesdesanluis.com\/index.php\/2024\/02\/08\/dictaron-prision-preventiva-por-60-dias-a-dos-cazadores-furtivos\/#breadcrumb"},"inLanguage":"es-AR","potentialAction":[{"@type":"ReadAction","target":["https:\/\/apuntesdesanluis.com\/index.php\/2024\/02\/08\/dictaron-prision-preventiva-por-60-dias-a-dos-cazadores-furtivos\/"]}]},{"@type":"ImageObject","inLanguage":"es-AR","@id":"https:\/\/apuntesdesanluis.com\/index.php\/2024\/02\/08\/dictaron-prision-preventiva-por-60-dias-a-dos-cazadores-furtivos\/#primaryimage","url":"https:\/\/apuntesdesanluis.com\/wp-content\/uploads\/2024\/02\/AUDIENCIA-CAZADORES.png","contentUrl":"https:\/\/apuntesdesanluis.com\/wp-content\/uploads\/2024\/02\/AUDIENCIA-CAZADORES.png","width":617,"height":373},{"@type":"BreadcrumbList","@id":"https:\/\/apuntesdesanluis.com\/index.php\/2024\/02\/08\/dictaron-prision-preventiva-por-60-dias-a-dos-cazadores-furtivos\/#breadcrumb","itemListElement":[{"@type":"ListItem","position":1,"name":"Inicio","item":"https:\/\/apuntesdesanluis.com\/"},{"@type":"ListItem","position":2,"name":"DICTARON PRISI\u00d3N PREVENTIVA POR 60 D\u00cdAS A DOS CAZADORES FURTIVOS"}]},{"@type":"WebSite","@id":"https:\/\/apuntesdesanluis.com\/#website","url":"https:\/\/apuntesdesanluis.com\/","name":"Apuntes de San Luis","description":"","publisher":{"@id":"https:\/\/apuntesdesanluis.com\/#\/schema\/person\/b55151d52296fcce64d1a72538a70b90"},"potentialAction":[{"@type":"SearchAction","target":{"@type":"EntryPoint","urlTemplate":"https:\/\/apuntesdesanluis.com\/?s={search_term_string}"},"query-input":{"@type":"PropertyValueSpecification","valueRequired":true,"valueName":"search_term_string"}}],"inLanguage":"es-AR"},{"@type":["Person","Organization"],"@id":"https:\/\/apuntesdesanluis.com\/#\/schema\/person\/b55151d52296fcce64d1a72538a70b90","name":"apuntesdesanluis.com","image":{"@type":"ImageObject","inLanguage":"es-AR","@id":"https:\/\/apuntesdesanluis.com\/#\/schema\/person\/image\/","url":"https:\/\/apuntesdesanluis.com\/wp-content\/uploads\/2023\/07\/cropped-apuntesdesanluis.png","contentUrl":"https:\/\/apuntesdesanluis.com\/wp-content\/uploads\/2023\/07\/cropped-apuntesdesanluis.png","width":450,"height":112,"caption":"apuntesdesanluis.com"},"logo":{"@id":"https:\/\/apuntesdesanluis.com\/#\/schema\/person\/image\/"},"sameAs":["https:\/\/apuntesdesanluis.com"],"url":"https:\/\/apuntesdesanluis.com\/index.php\/author\/apuntesdesanluis-com\/"}]}},"featured_image_urls":{"full":["https:\/\/apuntesdesanluis.com\/wp-content\/uploads\/2024\/02\/AUDIENCIA-CAZADORES.png",617,373,false],"thumbnail":["https:\/\/apuntesdesanluis.com\/wp-content\/uploads\/2024\/02\/AUDIENCIA-CAZADORES-150x150.png",150,150,true],"medium":["https:\/\/apuntesdesanluis.com\/wp-content\/uploads\/2024\/02\/AUDIENCIA-CAZADORES-300x181.png",300,181,true],"medium_large":["https:\/\/apuntesdesanluis.com\/wp-content\/uploads\/2024\/02\/AUDIENCIA-CAZADORES.png",617,373,false],"large":["https:\/\/apuntesdesanluis.com\/wp-content\/uploads\/2024\/02\/AUDIENCIA-CAZADORES.png",617,373,false],"1536x1536":["https:\/\/apuntesdesanluis.com\/wp-content\/uploads\/2024\/02\/AUDIENCIA-CAZADORES.png",617,373,false],"2048x2048":["https:\/\/apuntesdesanluis.com\/wp-content\/uploads\/2024\/02\/AUDIENCIA-CAZADORES.png",617,373,false],"newsever-slider-full":["https:\/\/apuntesdesanluis.com\/wp-content\/uploads\/2024\/02\/AUDIENCIA-CAZADORES.png",617,373,false],"newsever-featured":["https:\/\/apuntesdesanluis.com\/wp-content\/uploads\/2024\/02\/AUDIENCIA-CAZADORES.png",617,373,false],"newsever-medium":["https:\/\/apuntesdesanluis.com\/wp-content\/uploads\/2024\/02\/AUDIENCIA-CAZADORES.png",617,373,false]},"author_info":{"display_name":"apuntesdesanluis.com","author_link":"https:\/\/apuntesdesanluis.com\/index.php\/author\/apuntesdesanluis-com\/"},"category_info":"<a href=\"https:\/\/apuntesdesanluis.com\/index.php\/category\/ciudad-provincia\/\" rel=\"category tag\">Ciudad\/Provincia<\/a>","tag_info":"Ciudad\/Provincia","comment_count":"0","_links":{"self":[{"href":"https:\/\/apuntesdesanluis.com\/index.php\/wp-json\/wp\/v2\/posts\/11427","targetHints":{"allow":["GET"]}}],"collection":[{"href":"https:\/\/apuntesdesanluis.com\/index.php\/wp-json\/wp\/v2\/posts"}],"about":[{"href":"https:\/\/apuntesdesanluis.com\/index.php\/wp-json\/wp\/v2\/types\/post"}],"author":[{"embeddable":true,"href":"https:\/\/apuntesdesanluis.com\/index.php\/wp-json\/wp\/v2\/users\/1"}],"replies":[{"embeddable":true,"href":"https:\/\/apuntesdesanluis.com\/index.php\/wp-json\/wp\/v2\/comments?post=11427"}],"version-history":[{"count":4,"href":"https:\/\/apuntesdesanluis.com\/index.php\/wp-json\/wp\/v2\/posts\/11427\/revisions"}],"predecessor-version":[{"id":11469,"href":"https:\/\/apuntesdesanluis.com\/index.php\/wp-json\/wp\/v2\/posts\/11427\/revisions\/11469"}],"wp:featuredmedia":[{"embeddable":true,"href":"https:\/\/apuntesdesanluis.com\/index.php\/wp-json\/wp\/v2\/media\/11428"}],"wp:attachment":[{"href":"https:\/\/apuntesdesanluis.com\/index.php\/wp-json\/wp\/v2\/media?parent=11427"}],"wp:term":[{"taxonomy":"category","embeddable":true,"href":"https:\/\/apuntesdesanluis.com\/index.php\/wp-json\/wp\/v2\/categories?post=11427"},{"taxonomy":"post_tag","embeddable":true,"href":"https:\/\/apuntesdesanluis.com\/index.php\/wp-json\/wp\/v2\/tags?post=11427"}],"curies":[{"name":"wp","href":"https:\/\/api.w.org\/{rel}","templated":true}]}}