{"id":11430,"date":"2024-02-08T20:17:57","date_gmt":"2024-02-08T23:17:57","guid":{"rendered":"https:\/\/apuntesdesanluis.com\/?p=11430"},"modified":"2024-02-08T20:17:57","modified_gmt":"2024-02-08T23:17:57","slug":"caso-amancay-sandoval-continuara-en-prision-preventiva-y-la-fiscalia-solicito-la-elevacion-a-juicio-de-la-causa","status":"publish","type":"post","link":"https:\/\/apuntesdesanluis.com\/index.php\/2024\/02\/08\/caso-amancay-sandoval-continuara-en-prision-preventiva-y-la-fiscalia-solicito-la-elevacion-a-juicio-de-la-causa\/","title":{"rendered":"CASO AMANCAY: SANDOVAL CONTINUAR\u00c1 EN PRISI\u00d3N PREVENTIVA Y LA FISCAL\u00cdA SOLICIT\u00d3 LA ELEVACI\u00d3N A JUICIO DE LA CAUSA"},"content":{"rendered":"<h3><strong>Jonathan Sandoval<\/strong> continuar\u00e1 alojado en el Servicio Penitenciario. As\u00ed lo orden\u00f3 este jueves el juez de Garant\u00eda N\u00ba 2 subrogante de la ciudad de San Luis, Juan Manuel Montivero Chada, qui\u00e9n hizo lugar el pedido de la Fiscal\u00eda N\u00ba 3 y prorrog\u00f3 la prisi\u00f3n preventiva del conductor de la camioneta por 50 d\u00edas m\u00e1s.<\/h3>\n<h3>En la audiencia desarrollada hoy a la ma\u00f1ana en la Sala de Oralidad N\u00ba 1, el fiscal de Instrucci\u00f3n Esteban Roche inform\u00f3 que este mi\u00e9rcoles solicit\u00f3 la elevaci\u00f3n a juicio de la causa con la misma calificaci\u00f3n legal con la que se formularon los cargos contra el imputado: homicidio simple con dolo eventual, con un pedido provisorio de pena de 16 a\u00f1os de prisi\u00f3n.<\/h3>\n<h3>Sandoval est\u00e1 acusado de atropellar con su camioneta Toyota Hilux a <strong>Roc\u00edo Amancay Pedernera<\/strong>, que circulaba en una motocicleta 110 cent\u00edmetros c\u00fabicos, y provocar su muerte a ra\u00edz de politraumatismos que le provoc\u00f3 el impacto. El hecho ocurri\u00f3 el s\u00e1bado 29 de julio entre las 4:15 y 4:30 de la madrugada en la Avenida Santos Ortiz, a la altura del Barrio Tibilleti. La v\u00edctima ten\u00eda 20 a\u00f1os y volv\u00eda de trabajar. Ambos rodados transitaban en la misma direcci\u00f3n, de oeste a este.<\/h3>\n<h3>Sobre la solicitud de prorrogar la preventiva del ingeniero agrimensor de 39 a\u00f1os, el fiscal fund\u00f3 su solicitud de pr\u00f3rroga en que se mantienen los riesgos procesales de fuga y de entorpecimiento de la investigaci\u00f3n y volvi\u00f3 a mencionar c\u00f3mo fue el comportamiento de Sandoval durante el proceso. \u201cLuego de atropellar a la motociclista, se dio a la fuga y frustr\u00f3 muchas medidas de prueba\u201d, dijo Roche, quien era asistido por Guadalupe Becerra de la Unidad de Gesti\u00f3n Fiscal.<\/h3>\n<h3>Tambi\u00e9n expres\u00f3 que Sandoval intent\u00f3 ocultar y destruir pruebas e hizo referencia que, en el segundo allanamiento, la polic\u00eda encontr\u00f3 fragmentos de \u00f3ptica de la moto en bolsas de basura. Respecto al riesgo de entorpecimiento, Roche inform\u00f3 que muchos de los testigos de la causa conocen al imputado por lo que \u201centendemos que la influencia hacia ellos, si Sandoval recupera la libertad, va a ser negativa. Por todo ello, debemos preservar las evidencias que esta Fiscal\u00eda va a intentar introducir como prueba en el debate oral\u201d.<\/h3>\n<h3>Al finalizar, el fiscal pidi\u00f3 que el plazo de la pr\u00f3rroga sea de 90 d\u00edas. Sin embargo, Montiveros Chada entendi\u00f3 que, ya culminada la etapa de investigaci\u00f3n penal preparatoria, ese tiempo era excesivo y orden\u00f3 los 50 d\u00edas.<\/h3>\n<h3><strong>LA PALABRA DE LA QUERELLA<\/strong><\/h3>\n<h3>Los abogados de la querella, Augusto Aguilera, que representa a la mam\u00e1 de Roc\u00edo, y Guillermo S\u00e1nchez Pagano, representante del pap\u00e1, adhirieron a lo expresado por la Fiscal\u00eda. \u201cEl imputado se dio el lujo de escaparse y dejar a Roc\u00edo tirada como a un perro. Despu\u00e9s lav\u00f3 la camioneta que ten\u00eda una mancha de sangre. Su conducta es evasiva, hay peligro de fuga; adem\u00e1s, del grupo que comparti\u00f3 esa noche con Sandoval los testimonios son contradictorios. Las mujeres dicen que tom\u00f3 alcohol mientras que sus amigos dijeron que solo tom\u00f3 Coca Cola\u201d, expres\u00f3 Pagano.<\/h3>\n<h3>Marturano, por su parte, sostuvo que hay pruebas relevantes que ser\u00e1n expuestas en el debate oral \u201cpor lo que hay que evitar que Sandoval tenga incidencia en los testigos\u201d.<\/h3>\n<h3><strong>\u201cLA CALIFICACI\u00d3N LEGAL ES DESCABELLADA\u201d<\/strong><\/h3>\n<h3>La defensa t\u00e9cnica de Sandoval, representada por los abogados Marcos Ju\u00e1rez y Ramiro Rubio, pidieron que se revoque la prisi\u00f3n preventiva y calificaron la acusaci\u00f3n fiscal como \u201cdescabellada\u201d.<\/h3>\n<h3>\u201cAqu\u00ed hay una utilizaci\u00f3n indiscriminada de la prisi\u00f3n preventiva. La investigaci\u00f3n penal est\u00e1 terminada y continuar con la preventiva es estar ante una condena anticipada. La fiscal\u00eda sostiene los mismos argumentos y esto ha cesado. La calificaci\u00f3n legal es descabellada, mi defendido siempre estuvo a disposici\u00f3n de la justicia\u201d, dijo Ju\u00e1rez.<\/h3>\n<h3>Y a\u00f1adi\u00f3: \u201cSe hicieron pericias y no hubo signos de sangre y tampoco hab\u00eda lavado la camioneta. Por el impacto se parti\u00f3 el radiador, por eso hab\u00eda agua en el piso. Tampoco tuvo contacto alguno con ninguna de las personas con las que estuvo esa noche, no hubo influencia espuria ni nada que se le parezca. No destruy\u00f3 pruebas ni influy\u00f3 en los testigos\u201d.<\/h3>\n<p>&nbsp;<\/p>\n<p>&nbsp;<\/p>\n","protected":false},"excerpt":{"rendered":"<p>Jonathan Sandoval continuar\u00e1 alojado en el Servicio Penitenciario. As\u00ed lo orden\u00f3 este jueves el juez&#8230;<\/p>\n","protected":false},"author":1,"featured_media":11431,"comment_status":"closed","ping_status":"closed","sticky":false,"template":"","format":"standard","meta":{"footnotes":""},"categories":[6],"tags":[],"class_list":["post-11430","post","type-post","status-publish","format-standard","has-post-thumbnail","hentry","category-ciudad-provincia"],"yoast_head":"<!-- This site is optimized with the Yoast SEO plugin v26.1.1 - https:\/\/yoast.com\/wordpress\/plugins\/seo\/ -->\n<title>CASO AMANCAY: SANDOVAL CONTINUAR\u00c1 EN PRISI\u00d3N PREVENTIVA Y LA FISCAL\u00cdA SOLICIT\u00d3 LA ELEVACI\u00d3N A JUICIO DE LA CAUSA - Apuntes de San Luis<\/title>\n<meta name=\"robots\" content=\"index, follow, max-snippet:-1, max-image-preview:large, max-video-preview:-1\" \/>\n<link rel=\"canonical\" href=\"https:\/\/apuntesdesanluis.com\/index.php\/2024\/02\/08\/caso-amancay-sandoval-continuara-en-prision-preventiva-y-la-fiscalia-solicito-la-elevacion-a-juicio-de-la-causa\/\" \/>\n<meta property=\"og:locale\" content=\"es_ES\" \/>\n<meta property=\"og:type\" content=\"article\" \/>\n<meta property=\"og:title\" content=\"CASO AMANCAY: SANDOVAL CONTINUAR\u00c1 EN PRISI\u00d3N PREVENTIVA Y LA FISCAL\u00cdA SOLICIT\u00d3 LA ELEVACI\u00d3N A JUICIO DE LA CAUSA - Apuntes de San Luis\" \/>\n<meta property=\"og:description\" content=\"Jonathan Sandoval continuar\u00e1 alojado en el Servicio Penitenciario. As\u00ed lo orden\u00f3 este jueves el juez...\" \/>\n<meta property=\"og:url\" content=\"https:\/\/apuntesdesanluis.com\/index.php\/2024\/02\/08\/caso-amancay-sandoval-continuara-en-prision-preventiva-y-la-fiscalia-solicito-la-elevacion-a-juicio-de-la-causa\/\" \/>\n<meta property=\"og:site_name\" content=\"Apuntes de San Luis\" \/>\n<meta property=\"article:published_time\" content=\"2024-02-08T23:17:57+00:00\" \/>\n<meta property=\"og:image\" content=\"https:\/\/apuntesdesanluis.com\/wp-content\/uploads\/2024\/02\/CASO-AMANCAY.png\" \/>\n\t<meta property=\"og:image:width\" content=\"600\" \/>\n\t<meta property=\"og:image:height\" content=\"360\" \/>\n\t<meta property=\"og:image:type\" content=\"image\/png\" \/>\n<meta name=\"author\" content=\"apuntesdesanluis.com\" \/>\n<meta name=\"twitter:card\" content=\"summary_large_image\" \/>\n<meta name=\"twitter:label1\" content=\"Escrito por\" \/>\n\t<meta name=\"twitter:data1\" content=\"apuntesdesanluis.com\" \/>\n\t<meta name=\"twitter:label2\" content=\"Tiempo de lectura\" \/>\n\t<meta name=\"twitter:data2\" content=\"4 minutos\" \/>\n<script type=\"application\/ld+json\" class=\"yoast-schema-graph\">{\"@context\":\"https:\/\/schema.org\",\"@graph\":[{\"@type\":\"Article\",\"@id\":\"https:\/\/apuntesdesanluis.com\/index.php\/2024\/02\/08\/caso-amancay-sandoval-continuara-en-prision-preventiva-y-la-fiscalia-solicito-la-elevacion-a-juicio-de-la-causa\/#article\",\"isPartOf\":{\"@id\":\"https:\/\/apuntesdesanluis.com\/index.php\/2024\/02\/08\/caso-amancay-sandoval-continuara-en-prision-preventiva-y-la-fiscalia-solicito-la-elevacion-a-juicio-de-la-causa\/\"},\"author\":{\"name\":\"apuntesdesanluis.com\",\"@id\":\"https:\/\/apuntesdesanluis.com\/#\/schema\/person\/b55151d52296fcce64d1a72538a70b90\"},\"headline\":\"CASO AMANCAY: SANDOVAL CONTINUAR\u00c1 EN PRISI\u00d3N PREVENTIVA Y LA FISCAL\u00cdA SOLICIT\u00d3 LA ELEVACI\u00d3N A JUICIO DE LA CAUSA\",\"datePublished\":\"2024-02-08T23:17:57+00:00\",\"mainEntityOfPage\":{\"@id\":\"https:\/\/apuntesdesanluis.com\/index.php\/2024\/02\/08\/caso-amancay-sandoval-continuara-en-prision-preventiva-y-la-fiscalia-solicito-la-elevacion-a-juicio-de-la-causa\/\"},\"wordCount\":747,\"publisher\":{\"@id\":\"https:\/\/apuntesdesanluis.com\/#\/schema\/person\/b55151d52296fcce64d1a72538a70b90\"},\"image\":{\"@id\":\"https:\/\/apuntesdesanluis.com\/index.php\/2024\/02\/08\/caso-amancay-sandoval-continuara-en-prision-preventiva-y-la-fiscalia-solicito-la-elevacion-a-juicio-de-la-causa\/#primaryimage\"},\"thumbnailUrl\":\"https:\/\/apuntesdesanluis.com\/wp-content\/uploads\/2024\/02\/CASO-AMANCAY.png\",\"articleSection\":[\"Ciudad\/Provincia\"],\"inLanguage\":\"es-AR\"},{\"@type\":\"WebPage\",\"@id\":\"https:\/\/apuntesdesanluis.com\/index.php\/2024\/02\/08\/caso-amancay-sandoval-continuara-en-prision-preventiva-y-la-fiscalia-solicito-la-elevacion-a-juicio-de-la-causa\/\",\"url\":\"https:\/\/apuntesdesanluis.com\/index.php\/2024\/02\/08\/caso-amancay-sandoval-continuara-en-prision-preventiva-y-la-fiscalia-solicito-la-elevacion-a-juicio-de-la-causa\/\",\"name\":\"CASO AMANCAY: SANDOVAL CONTINUAR\u00c1 EN PRISI\u00d3N PREVENTIVA Y LA FISCAL\u00cdA SOLICIT\u00d3 LA ELEVACI\u00d3N A JUICIO DE LA CAUSA - Apuntes de San Luis\",\"isPartOf\":{\"@id\":\"https:\/\/apuntesdesanluis.com\/#website\"},\"primaryImageOfPage\":{\"@id\":\"https:\/\/apuntesdesanluis.com\/index.php\/2024\/02\/08\/caso-amancay-sandoval-continuara-en-prision-preventiva-y-la-fiscalia-solicito-la-elevacion-a-juicio-de-la-causa\/#primaryimage\"},\"image\":{\"@id\":\"https:\/\/apuntesdesanluis.com\/index.php\/2024\/02\/08\/caso-amancay-sandoval-continuara-en-prision-preventiva-y-la-fiscalia-solicito-la-elevacion-a-juicio-de-la-causa\/#primaryimage\"},\"thumbnailUrl\":\"https:\/\/apuntesdesanluis.com\/wp-content\/uploads\/2024\/02\/CASO-AMANCAY.png\",\"datePublished\":\"2024-02-08T23:17:57+00:00\",\"breadcrumb\":{\"@id\":\"https:\/\/apuntesdesanluis.com\/index.php\/2024\/02\/08\/caso-amancay-sandoval-continuara-en-prision-preventiva-y-la-fiscalia-solicito-la-elevacion-a-juicio-de-la-causa\/#breadcrumb\"},\"inLanguage\":\"es-AR\",\"potentialAction\":[{\"@type\":\"ReadAction\",\"target\":[\"https:\/\/apuntesdesanluis.com\/index.php\/2024\/02\/08\/caso-amancay-sandoval-continuara-en-prision-preventiva-y-la-fiscalia-solicito-la-elevacion-a-juicio-de-la-causa\/\"]}]},{\"@type\":\"ImageObject\",\"inLanguage\":\"es-AR\",\"@id\":\"https:\/\/apuntesdesanluis.com\/index.php\/2024\/02\/08\/caso-amancay-sandoval-continuara-en-prision-preventiva-y-la-fiscalia-solicito-la-elevacion-a-juicio-de-la-causa\/#primaryimage\",\"url\":\"https:\/\/apuntesdesanluis.com\/wp-content\/uploads\/2024\/02\/CASO-AMANCAY.png\",\"contentUrl\":\"https:\/\/apuntesdesanluis.com\/wp-content\/uploads\/2024\/02\/CASO-AMANCAY.png\",\"width\":600,\"height\":360},{\"@type\":\"BreadcrumbList\",\"@id\":\"https:\/\/apuntesdesanluis.com\/index.php\/2024\/02\/08\/caso-amancay-sandoval-continuara-en-prision-preventiva-y-la-fiscalia-solicito-la-elevacion-a-juicio-de-la-causa\/#breadcrumb\",\"itemListElement\":[{\"@type\":\"ListItem\",\"position\":1,\"name\":\"Inicio\",\"item\":\"https:\/\/apuntesdesanluis.com\/\"},{\"@type\":\"ListItem\",\"position\":2,\"name\":\"CASO AMANCAY: SANDOVAL CONTINUAR\u00c1 EN PRISI\u00d3N PREVENTIVA Y LA FISCAL\u00cdA SOLICIT\u00d3 LA ELEVACI\u00d3N A JUICIO DE LA CAUSA\"}]},{\"@type\":\"WebSite\",\"@id\":\"https:\/\/apuntesdesanluis.com\/#website\",\"url\":\"https:\/\/apuntesdesanluis.com\/\",\"name\":\"Apuntes de San Luis\",\"description\":\"\",\"publisher\":{\"@id\":\"https:\/\/apuntesdesanluis.com\/#\/schema\/person\/b55151d52296fcce64d1a72538a70b90\"},\"potentialAction\":[{\"@type\":\"SearchAction\",\"target\":{\"@type\":\"EntryPoint\",\"urlTemplate\":\"https:\/\/apuntesdesanluis.com\/?s={search_term_string}\"},\"query-input\":{\"@type\":\"PropertyValueSpecification\",\"valueRequired\":true,\"valueName\":\"search_term_string\"}}],\"inLanguage\":\"es-AR\"},{\"@type\":[\"Person\",\"Organization\"],\"@id\":\"https:\/\/apuntesdesanluis.com\/#\/schema\/person\/b55151d52296fcce64d1a72538a70b90\",\"name\":\"apuntesdesanluis.com\",\"image\":{\"@type\":\"ImageObject\",\"inLanguage\":\"es-AR\",\"@id\":\"https:\/\/apuntesdesanluis.com\/#\/schema\/person\/image\/\",\"url\":\"https:\/\/apuntesdesanluis.com\/wp-content\/uploads\/2023\/07\/cropped-apuntesdesanluis.png\",\"contentUrl\":\"https:\/\/apuntesdesanluis.com\/wp-content\/uploads\/2023\/07\/cropped-apuntesdesanluis.png\",\"width\":450,\"height\":112,\"caption\":\"apuntesdesanluis.com\"},\"logo\":{\"@id\":\"https:\/\/apuntesdesanluis.com\/#\/schema\/person\/image\/\"},\"sameAs\":[\"https:\/\/apuntesdesanluis.com\"],\"url\":\"https:\/\/apuntesdesanluis.com\/index.php\/author\/apuntesdesanluis-com\/\"}]}<\/script>\n<!-- \/ Yoast SEO plugin. -->","yoast_head_json":{"title":"CASO AMANCAY: SANDOVAL CONTINUAR\u00c1 EN PRISI\u00d3N PREVENTIVA Y LA FISCAL\u00cdA SOLICIT\u00d3 LA ELEVACI\u00d3N A JUICIO DE LA CAUSA - Apuntes de San Luis","robots":{"index":"index","follow":"follow","max-snippet":"max-snippet:-1","max-image-preview":"max-image-preview:large","max-video-preview":"max-video-preview:-1"},"canonical":"https:\/\/apuntesdesanluis.com\/index.php\/2024\/02\/08\/caso-amancay-sandoval-continuara-en-prision-preventiva-y-la-fiscalia-solicito-la-elevacion-a-juicio-de-la-causa\/","og_locale":"es_ES","og_type":"article","og_title":"CASO AMANCAY: SANDOVAL CONTINUAR\u00c1 EN PRISI\u00d3N PREVENTIVA Y LA FISCAL\u00cdA SOLICIT\u00d3 LA ELEVACI\u00d3N A JUICIO DE LA CAUSA - Apuntes de San Luis","og_description":"Jonathan Sandoval continuar\u00e1 alojado en el Servicio Penitenciario. As\u00ed lo orden\u00f3 este jueves el juez...","og_url":"https:\/\/apuntesdesanluis.com\/index.php\/2024\/02\/08\/caso-amancay-sandoval-continuara-en-prision-preventiva-y-la-fiscalia-solicito-la-elevacion-a-juicio-de-la-causa\/","og_site_name":"Apuntes de San Luis","article_published_time":"2024-02-08T23:17:57+00:00","og_image":[{"width":600,"height":360,"url":"https:\/\/apuntesdesanluis.com\/wp-content\/uploads\/2024\/02\/CASO-AMANCAY.png","type":"image\/png"}],"author":"apuntesdesanluis.com","twitter_card":"summary_large_image","twitter_misc":{"Escrito por":"apuntesdesanluis.com","Tiempo de lectura":"4 minutos"},"schema":{"@context":"https:\/\/schema.org","@graph":[{"@type":"Article","@id":"https:\/\/apuntesdesanluis.com\/index.php\/2024\/02\/08\/caso-amancay-sandoval-continuara-en-prision-preventiva-y-la-fiscalia-solicito-la-elevacion-a-juicio-de-la-causa\/#article","isPartOf":{"@id":"https:\/\/apuntesdesanluis.com\/index.php\/2024\/02\/08\/caso-amancay-sandoval-continuara-en-prision-preventiva-y-la-fiscalia-solicito-la-elevacion-a-juicio-de-la-causa\/"},"author":{"name":"apuntesdesanluis.com","@id":"https:\/\/apuntesdesanluis.com\/#\/schema\/person\/b55151d52296fcce64d1a72538a70b90"},"headline":"CASO AMANCAY: SANDOVAL CONTINUAR\u00c1 EN PRISI\u00d3N PREVENTIVA Y LA FISCAL\u00cdA SOLICIT\u00d3 LA ELEVACI\u00d3N A JUICIO DE LA CAUSA","datePublished":"2024-02-08T23:17:57+00:00","mainEntityOfPage":{"@id":"https:\/\/apuntesdesanluis.com\/index.php\/2024\/02\/08\/caso-amancay-sandoval-continuara-en-prision-preventiva-y-la-fiscalia-solicito-la-elevacion-a-juicio-de-la-causa\/"},"wordCount":747,"publisher":{"@id":"https:\/\/apuntesdesanluis.com\/#\/schema\/person\/b55151d52296fcce64d1a72538a70b90"},"image":{"@id":"https:\/\/apuntesdesanluis.com\/index.php\/2024\/02\/08\/caso-amancay-sandoval-continuara-en-prision-preventiva-y-la-fiscalia-solicito-la-elevacion-a-juicio-de-la-causa\/#primaryimage"},"thumbnailUrl":"https:\/\/apuntesdesanluis.com\/wp-content\/uploads\/2024\/02\/CASO-AMANCAY.png","articleSection":["Ciudad\/Provincia"],"inLanguage":"es-AR"},{"@type":"WebPage","@id":"https:\/\/apuntesdesanluis.com\/index.php\/2024\/02\/08\/caso-amancay-sandoval-continuara-en-prision-preventiva-y-la-fiscalia-solicito-la-elevacion-a-juicio-de-la-causa\/","url":"https:\/\/apuntesdesanluis.com\/index.php\/2024\/02\/08\/caso-amancay-sandoval-continuara-en-prision-preventiva-y-la-fiscalia-solicito-la-elevacion-a-juicio-de-la-causa\/","name":"CASO AMANCAY: SANDOVAL CONTINUAR\u00c1 EN PRISI\u00d3N PREVENTIVA Y LA FISCAL\u00cdA SOLICIT\u00d3 LA ELEVACI\u00d3N A JUICIO DE LA CAUSA - Apuntes de San Luis","isPartOf":{"@id":"https:\/\/apuntesdesanluis.com\/#website"},"primaryImageOfPage":{"@id":"https:\/\/apuntesdesanluis.com\/index.php\/2024\/02\/08\/caso-amancay-sandoval-continuara-en-prision-preventiva-y-la-fiscalia-solicito-la-elevacion-a-juicio-de-la-causa\/#primaryimage"},"image":{"@id":"https:\/\/apuntesdesanluis.com\/index.php\/2024\/02\/08\/caso-amancay-sandoval-continuara-en-prision-preventiva-y-la-fiscalia-solicito-la-elevacion-a-juicio-de-la-causa\/#primaryimage"},"thumbnailUrl":"https:\/\/apuntesdesanluis.com\/wp-content\/uploads\/2024\/02\/CASO-AMANCAY.png","datePublished":"2024-02-08T23:17:57+00:00","breadcrumb":{"@id":"https:\/\/apuntesdesanluis.com\/index.php\/2024\/02\/08\/caso-amancay-sandoval-continuara-en-prision-preventiva-y-la-fiscalia-solicito-la-elevacion-a-juicio-de-la-causa\/#breadcrumb"},"inLanguage":"es-AR","potentialAction":[{"@type":"ReadAction","target":["https:\/\/apuntesdesanluis.com\/index.php\/2024\/02\/08\/caso-amancay-sandoval-continuara-en-prision-preventiva-y-la-fiscalia-solicito-la-elevacion-a-juicio-de-la-causa\/"]}]},{"@type":"ImageObject","inLanguage":"es-AR","@id":"https:\/\/apuntesdesanluis.com\/index.php\/2024\/02\/08\/caso-amancay-sandoval-continuara-en-prision-preventiva-y-la-fiscalia-solicito-la-elevacion-a-juicio-de-la-causa\/#primaryimage","url":"https:\/\/apuntesdesanluis.com\/wp-content\/uploads\/2024\/02\/CASO-AMANCAY.png","contentUrl":"https:\/\/apuntesdesanluis.com\/wp-content\/uploads\/2024\/02\/CASO-AMANCAY.png","width":600,"height":360},{"@type":"BreadcrumbList","@id":"https:\/\/apuntesdesanluis.com\/index.php\/2024\/02\/08\/caso-amancay-sandoval-continuara-en-prision-preventiva-y-la-fiscalia-solicito-la-elevacion-a-juicio-de-la-causa\/#breadcrumb","itemListElement":[{"@type":"ListItem","position":1,"name":"Inicio","item":"https:\/\/apuntesdesanluis.com\/"},{"@type":"ListItem","position":2,"name":"CASO AMANCAY: SANDOVAL CONTINUAR\u00c1 EN PRISI\u00d3N PREVENTIVA Y LA FISCAL\u00cdA SOLICIT\u00d3 LA ELEVACI\u00d3N A JUICIO DE LA CAUSA"}]},{"@type":"WebSite","@id":"https:\/\/apuntesdesanluis.com\/#website","url":"https:\/\/apuntesdesanluis.com\/","name":"Apuntes de San Luis","description":"","publisher":{"@id":"https:\/\/apuntesdesanluis.com\/#\/schema\/person\/b55151d52296fcce64d1a72538a70b90"},"potentialAction":[{"@type":"SearchAction","target":{"@type":"EntryPoint","urlTemplate":"https:\/\/apuntesdesanluis.com\/?s={search_term_string}"},"query-input":{"@type":"PropertyValueSpecification","valueRequired":true,"valueName":"search_term_string"}}],"inLanguage":"es-AR"},{"@type":["Person","Organization"],"@id":"https:\/\/apuntesdesanluis.com\/#\/schema\/person\/b55151d52296fcce64d1a72538a70b90","name":"apuntesdesanluis.com","image":{"@type":"ImageObject","inLanguage":"es-AR","@id":"https:\/\/apuntesdesanluis.com\/#\/schema\/person\/image\/","url":"https:\/\/apuntesdesanluis.com\/wp-content\/uploads\/2023\/07\/cropped-apuntesdesanluis.png","contentUrl":"https:\/\/apuntesdesanluis.com\/wp-content\/uploads\/2023\/07\/cropped-apuntesdesanluis.png","width":450,"height":112,"caption":"apuntesdesanluis.com"},"logo":{"@id":"https:\/\/apuntesdesanluis.com\/#\/schema\/person\/image\/"},"sameAs":["https:\/\/apuntesdesanluis.com"],"url":"https:\/\/apuntesdesanluis.com\/index.php\/author\/apuntesdesanluis-com\/"}]}},"featured_image_urls":{"full":["https:\/\/apuntesdesanluis.com\/wp-content\/uploads\/2024\/02\/CASO-AMANCAY.png",600,360,false],"thumbnail":["https:\/\/apuntesdesanluis.com\/wp-content\/uploads\/2024\/02\/CASO-AMANCAY-150x150.png",150,150,true],"medium":["https:\/\/apuntesdesanluis.com\/wp-content\/uploads\/2024\/02\/CASO-AMANCAY-300x180.png",300,180,true],"medium_large":["https:\/\/apuntesdesanluis.com\/wp-content\/uploads\/2024\/02\/CASO-AMANCAY.png",600,360,false],"large":["https:\/\/apuntesdesanluis.com\/wp-content\/uploads\/2024\/02\/CASO-AMANCAY.png",600,360,false],"1536x1536":["https:\/\/apuntesdesanluis.com\/wp-content\/uploads\/2024\/02\/CASO-AMANCAY.png",600,360,false],"2048x2048":["https:\/\/apuntesdesanluis.com\/wp-content\/uploads\/2024\/02\/CASO-AMANCAY.png",600,360,false],"newsever-slider-full":["https:\/\/apuntesdesanluis.com\/wp-content\/uploads\/2024\/02\/CASO-AMANCAY.png",600,360,false],"newsever-featured":["https:\/\/apuntesdesanluis.com\/wp-content\/uploads\/2024\/02\/CASO-AMANCAY.png",600,360,false],"newsever-medium":["https:\/\/apuntesdesanluis.com\/wp-content\/uploads\/2024\/02\/CASO-AMANCAY.png",600,360,false]},"author_info":{"display_name":"apuntesdesanluis.com","author_link":"https:\/\/apuntesdesanluis.com\/index.php\/author\/apuntesdesanluis-com\/"},"category_info":"<a href=\"https:\/\/apuntesdesanluis.com\/index.php\/category\/ciudad-provincia\/\" rel=\"category tag\">Ciudad\/Provincia<\/a>","tag_info":"Ciudad\/Provincia","comment_count":"0","_links":{"self":[{"href":"https:\/\/apuntesdesanluis.com\/index.php\/wp-json\/wp\/v2\/posts\/11430","targetHints":{"allow":["GET"]}}],"collection":[{"href":"https:\/\/apuntesdesanluis.com\/index.php\/wp-json\/wp\/v2\/posts"}],"about":[{"href":"https:\/\/apuntesdesanluis.com\/index.php\/wp-json\/wp\/v2\/types\/post"}],"author":[{"embeddable":true,"href":"https:\/\/apuntesdesanluis.com\/index.php\/wp-json\/wp\/v2\/users\/1"}],"replies":[{"embeddable":true,"href":"https:\/\/apuntesdesanluis.com\/index.php\/wp-json\/wp\/v2\/comments?post=11430"}],"version-history":[{"count":1,"href":"https:\/\/apuntesdesanluis.com\/index.php\/wp-json\/wp\/v2\/posts\/11430\/revisions"}],"predecessor-version":[{"id":11432,"href":"https:\/\/apuntesdesanluis.com\/index.php\/wp-json\/wp\/v2\/posts\/11430\/revisions\/11432"}],"wp:featuredmedia":[{"embeddable":true,"href":"https:\/\/apuntesdesanluis.com\/index.php\/wp-json\/wp\/v2\/media\/11431"}],"wp:attachment":[{"href":"https:\/\/apuntesdesanluis.com\/index.php\/wp-json\/wp\/v2\/media?parent=11430"}],"wp:term":[{"taxonomy":"category","embeddable":true,"href":"https:\/\/apuntesdesanluis.com\/index.php\/wp-json\/wp\/v2\/categories?post=11430"},{"taxonomy":"post_tag","embeddable":true,"href":"https:\/\/apuntesdesanluis.com\/index.php\/wp-json\/wp\/v2\/tags?post=11430"}],"curies":[{"name":"wp","href":"https:\/\/api.w.org\/{rel}","templated":true}]}}