{"id":11433,"date":"2024-02-08T20:45:18","date_gmt":"2024-02-08T23:45:18","guid":{"rendered":"https:\/\/apuntesdesanluis.com\/?p=11433"},"modified":"2024-02-08T20:56:06","modified_gmt":"2024-02-08T23:56:06","slug":"obras-sanitarias-concientiza-a-los-peques-sobre-el-cuidado-del-agua","status":"publish","type":"post","link":"https:\/\/apuntesdesanluis.com\/index.php\/2024\/02\/08\/obras-sanitarias-concientiza-a-los-peques-sobre-el-cuidado-del-agua\/","title":{"rendered":"OBRAS SANITARIAS CONCIENTIZA A LOS PEQUES SOBRE EL CUIDADO DEL AGUA"},"content":{"rendered":"<h3>En el marco de la campa\u00f1a que lleva adelante la empresa <strong>Obras Sanitarias Mercedes<\/strong>, para que la poblaci\u00f3n administre responsablemente el agua potable, personal de la instituci\u00f3n llev\u00f3 su mensaje de concientizaci\u00f3n a la colonia infantil que funciona en El Lago.<\/h3>\n<h3>Con la coordinaci\u00f3n del \u00e1rea de Comunicaci\u00f3n Institucional, a cargo de <strong>Jerem\u00edas Pereyra<\/strong>, personal del Cuerpo de Inspectores de OSM ofreci\u00f3 una charla educativa el lunes pasado, sobre \u201ctips hogare\u00f1os para ahorrar agua potable en las viviendas\u201d.<\/h3>\n<p><img fetchpriority=\"high\" decoding=\"async\" class=\"wp-image-11435 aligncenter\" src=\"https:\/\/apuntesdesanluis.com\/wp-content\/uploads\/2024\/02\/CHARLA-DE-OSM-300x219.png\" alt=\"\" width=\"530\" height=\"387\" srcset=\"https:\/\/apuntesdesanluis.com\/wp-content\/uploads\/2024\/02\/CHARLA-DE-OSM-300x219.png 300w, https:\/\/apuntesdesanluis.com\/wp-content\/uploads\/2024\/02\/CHARLA-DE-OSM.png 731w\" sizes=\"(max-width: 530px) 100vw, 530px\" \/><\/p>\n<h3>Acompa\u00f1ados por personal de la Sub secretar\u00eda de Deportes de la Municipalidad, se convers\u00f3 sobre la importancia del agua en la vida diaria y los principales cuidados dom\u00e9sticos para no derrocharla, sobre todo en la \u00e9poca estival, donde se da un elevado consumo producto de las elevadas temperaturas. Lo cual puede colocar en crisis el abastecimiento de la poblaci\u00f3n, cuando adem\u00e1s coincide con una \u00e9poca de sequ\u00eda prolongada.<\/h3>\n<h3>Los chicos se mostraron muy interesados, hicieron consultas y se sorprendieron de conocer c\u00f3mo es el proceso de potabilizaci\u00f3n del agua que se realiza diariamente y cu\u00e1nto se puede ahorrar con simples acciones, como cerrar bien una canilla, cuidar el agua de la pileta para no tener que vaciarla y volver a llenarla o reducir el tiempo de la ducha a la mitad.<\/h3>\n<h3>Por otro lado, la empresa inform\u00f3 a la poblaci\u00f3n que el personal est\u00e1 dispuesto a concurrir a las instituciones que as\u00ed lo requieran, para llevar su mensaje y crear una conciencia ciudadana sobre la importancia de cuidar este elemento vital para la vida humana, como es el agua que consumimos diariamente. Para ello pueden escribir a trav\u00e9s de las redes sociales de Obras Sanitarias y coordinar el encuentro. O asistir personalmente a las oficinas de calle Balcarce.<\/h3>\n<p><img decoding=\"async\" class=\"wp-image-11436 aligncenter\" src=\"https:\/\/apuntesdesanluis.com\/wp-content\/uploads\/2024\/02\/CHARLA-EDUCATIVA-259x300.png\" alt=\"\" width=\"529\" height=\"613\" srcset=\"https:\/\/apuntesdesanluis.com\/wp-content\/uploads\/2024\/02\/CHARLA-EDUCATIVA-259x300.png 259w, https:\/\/apuntesdesanluis.com\/wp-content\/uploads\/2024\/02\/CHARLA-EDUCATIVA.png 731w\" sizes=\"(max-width: 529px) 100vw, 529px\" \/><\/p>\n<h3>\u201cA veces pensamos que los adultos nos entienden m\u00e1s, pero en educaci\u00f3n es sabido que lo principal es crear h\u00e1bitos de conducta, y son los m\u00e1s peque\u00f1os, las nuevas generaciones, los m\u00e1s permeables para adquirir pr\u00e1cticas responsables y a menudo ellos mismos convertirse en vectores que inciden sobre lo que hacemos los m\u00e1s grandes\u201d, fundament\u00f3 Pereyra.<\/h3>\n<h3>Agreg\u00f3 que &#8220;en esta tarea de cuidar el agua cada uno debe aportar lo suyo, pero todos debemos colaborar. La empresa por supuesto debe garantizar la captaci\u00f3n, potabilizaci\u00f3n y distribuci\u00f3n del agua, pero la poblaci\u00f3n debe ayudar a que no se derroche, para que alcance para todos. Felizmente en los \u00faltimos a\u00f1os no hemos tenido grandes problemas de abastecimiento, pero eso no implica que estemos exentos de sufrir una crisis h\u00eddrica, teniendo en cuenta que el a\u00f1o pasado fue -seg\u00fan los registros- el m\u00e1s caluroso de la historia. Y este a\u00f1o se presenta igual o peor. Por eso desde la administraci\u00f3n de la empresa se ha reforzado esta campa\u00f1a de concientizaci\u00f3n&#8221;, explic\u00f3.<\/h3>\n<p><img decoding=\"async\" class=\"wp-image-7531 aligncenter\" src=\"https:\/\/apuntesdesanluis.com\/wp-content\/uploads\/2023\/11\/AHORRO-DE-AGUA-293x300.png\" alt=\"\" width=\"529\" height=\"542\" srcset=\"https:\/\/apuntesdesanluis.com\/wp-content\/uploads\/2023\/11\/AHORRO-DE-AGUA-293x300.png 293w, https:\/\/apuntesdesanluis.com\/wp-content\/uploads\/2023\/11\/AHORRO-DE-AGUA.png 573w\" sizes=\"(max-width: 529px) 100vw, 529px\" \/><\/p>\n<p>&nbsp;<\/p>\n<p>&nbsp;<\/p>\n<p>&nbsp;<\/p>\n<p>&nbsp;<\/p>\n<p>&nbsp;<\/p>\n<p>&nbsp;<\/p>\n","protected":false},"excerpt":{"rendered":"<p>En el marco de la campa\u00f1a que lleva adelante la empresa Obras Sanitarias Mercedes, para&#8230;<\/p>\n","protected":false},"author":1,"featured_media":11434,"comment_status":"closed","ping_status":"closed","sticky":false,"template":"","format":"standard","meta":{"footnotes":""},"categories":[6],"tags":[],"class_list":["post-11433","post","type-post","status-publish","format-standard","has-post-thumbnail","hentry","category-ciudad-provincia"],"yoast_head":"<!-- This site is optimized with the Yoast SEO plugin v26.1.1 - https:\/\/yoast.com\/wordpress\/plugins\/seo\/ -->\n<title>OBRAS SANITARIAS CONCIENTIZA A LOS PEQUES SOBRE EL CUIDADO DEL AGUA - Apuntes de San Luis<\/title>\n<meta name=\"robots\" content=\"index, follow, max-snippet:-1, max-image-preview:large, max-video-preview:-1\" \/>\n<link rel=\"canonical\" href=\"https:\/\/apuntesdesanluis.com\/index.php\/2024\/02\/08\/obras-sanitarias-concientiza-a-los-peques-sobre-el-cuidado-del-agua\/\" \/>\n<meta property=\"og:locale\" content=\"es_ES\" \/>\n<meta property=\"og:type\" content=\"article\" \/>\n<meta property=\"og:title\" content=\"OBRAS SANITARIAS CONCIENTIZA A LOS PEQUES SOBRE EL CUIDADO DEL AGUA - Apuntes de San Luis\" \/>\n<meta property=\"og:description\" content=\"En el marco de la campa\u00f1a que lleva adelante la empresa Obras Sanitarias Mercedes, para...\" \/>\n<meta property=\"og:url\" content=\"https:\/\/apuntesdesanluis.com\/index.php\/2024\/02\/08\/obras-sanitarias-concientiza-a-los-peques-sobre-el-cuidado-del-agua\/\" \/>\n<meta property=\"og:site_name\" content=\"Apuntes de San Luis\" \/>\n<meta property=\"article:published_time\" content=\"2024-02-08T23:45:18+00:00\" \/>\n<meta property=\"article:modified_time\" content=\"2024-02-08T23:56:06+00:00\" \/>\n<meta property=\"og:image\" content=\"https:\/\/apuntesdesanluis.com\/wp-content\/uploads\/2024\/02\/CHARLA-TAPA.png\" \/>\n\t<meta property=\"og:image:width\" content=\"732\" \/>\n\t<meta property=\"og:image:height\" content=\"468\" \/>\n\t<meta property=\"og:image:type\" content=\"image\/png\" \/>\n<meta name=\"author\" content=\"apuntesdesanluis.com\" \/>\n<meta name=\"twitter:card\" content=\"summary_large_image\" \/>\n<meta name=\"twitter:label1\" content=\"Escrito por\" \/>\n\t<meta name=\"twitter:data1\" content=\"apuntesdesanluis.com\" \/>\n\t<meta name=\"twitter:label2\" content=\"Tiempo de lectura\" \/>\n\t<meta name=\"twitter:data2\" content=\"3 minutos\" \/>\n<script type=\"application\/ld+json\" class=\"yoast-schema-graph\">{\"@context\":\"https:\/\/schema.org\",\"@graph\":[{\"@type\":\"Article\",\"@id\":\"https:\/\/apuntesdesanluis.com\/index.php\/2024\/02\/08\/obras-sanitarias-concientiza-a-los-peques-sobre-el-cuidado-del-agua\/#article\",\"isPartOf\":{\"@id\":\"https:\/\/apuntesdesanluis.com\/index.php\/2024\/02\/08\/obras-sanitarias-concientiza-a-los-peques-sobre-el-cuidado-del-agua\/\"},\"author\":{\"name\":\"apuntesdesanluis.com\",\"@id\":\"https:\/\/apuntesdesanluis.com\/#\/schema\/person\/b55151d52296fcce64d1a72538a70b90\"},\"headline\":\"OBRAS SANITARIAS CONCIENTIZA A LOS PEQUES SOBRE EL CUIDADO DEL AGUA\",\"datePublished\":\"2024-02-08T23:45:18+00:00\",\"dateModified\":\"2024-02-08T23:56:06+00:00\",\"mainEntityOfPage\":{\"@id\":\"https:\/\/apuntesdesanluis.com\/index.php\/2024\/02\/08\/obras-sanitarias-concientiza-a-los-peques-sobre-el-cuidado-del-agua\/\"},\"wordCount\":511,\"publisher\":{\"@id\":\"https:\/\/apuntesdesanluis.com\/#\/schema\/person\/b55151d52296fcce64d1a72538a70b90\"},\"image\":{\"@id\":\"https:\/\/apuntesdesanluis.com\/index.php\/2024\/02\/08\/obras-sanitarias-concientiza-a-los-peques-sobre-el-cuidado-del-agua\/#primaryimage\"},\"thumbnailUrl\":\"https:\/\/apuntesdesanluis.com\/wp-content\/uploads\/2024\/02\/CHARLA-TAPA.png\",\"articleSection\":[\"Ciudad\/Provincia\"],\"inLanguage\":\"es-AR\"},{\"@type\":\"WebPage\",\"@id\":\"https:\/\/apuntesdesanluis.com\/index.php\/2024\/02\/08\/obras-sanitarias-concientiza-a-los-peques-sobre-el-cuidado-del-agua\/\",\"url\":\"https:\/\/apuntesdesanluis.com\/index.php\/2024\/02\/08\/obras-sanitarias-concientiza-a-los-peques-sobre-el-cuidado-del-agua\/\",\"name\":\"OBRAS SANITARIAS CONCIENTIZA A LOS PEQUES SOBRE EL CUIDADO DEL AGUA - Apuntes de San Luis\",\"isPartOf\":{\"@id\":\"https:\/\/apuntesdesanluis.com\/#website\"},\"primaryImageOfPage\":{\"@id\":\"https:\/\/apuntesdesanluis.com\/index.php\/2024\/02\/08\/obras-sanitarias-concientiza-a-los-peques-sobre-el-cuidado-del-agua\/#primaryimage\"},\"image\":{\"@id\":\"https:\/\/apuntesdesanluis.com\/index.php\/2024\/02\/08\/obras-sanitarias-concientiza-a-los-peques-sobre-el-cuidado-del-agua\/#primaryimage\"},\"thumbnailUrl\":\"https:\/\/apuntesdesanluis.com\/wp-content\/uploads\/2024\/02\/CHARLA-TAPA.png\",\"datePublished\":\"2024-02-08T23:45:18+00:00\",\"dateModified\":\"2024-02-08T23:56:06+00:00\",\"breadcrumb\":{\"@id\":\"https:\/\/apuntesdesanluis.com\/index.php\/2024\/02\/08\/obras-sanitarias-concientiza-a-los-peques-sobre-el-cuidado-del-agua\/#breadcrumb\"},\"inLanguage\":\"es-AR\",\"potentialAction\":[{\"@type\":\"ReadAction\",\"target\":[\"https:\/\/apuntesdesanluis.com\/index.php\/2024\/02\/08\/obras-sanitarias-concientiza-a-los-peques-sobre-el-cuidado-del-agua\/\"]}]},{\"@type\":\"ImageObject\",\"inLanguage\":\"es-AR\",\"@id\":\"https:\/\/apuntesdesanluis.com\/index.php\/2024\/02\/08\/obras-sanitarias-concientiza-a-los-peques-sobre-el-cuidado-del-agua\/#primaryimage\",\"url\":\"https:\/\/apuntesdesanluis.com\/wp-content\/uploads\/2024\/02\/CHARLA-TAPA.png\",\"contentUrl\":\"https:\/\/apuntesdesanluis.com\/wp-content\/uploads\/2024\/02\/CHARLA-TAPA.png\",\"width\":732,\"height\":468},{\"@type\":\"BreadcrumbList\",\"@id\":\"https:\/\/apuntesdesanluis.com\/index.php\/2024\/02\/08\/obras-sanitarias-concientiza-a-los-peques-sobre-el-cuidado-del-agua\/#breadcrumb\",\"itemListElement\":[{\"@type\":\"ListItem\",\"position\":1,\"name\":\"Inicio\",\"item\":\"https:\/\/apuntesdesanluis.com\/\"},{\"@type\":\"ListItem\",\"position\":2,\"name\":\"OBRAS SANITARIAS CONCIENTIZA A LOS PEQUES SOBRE EL CUIDADO DEL AGUA\"}]},{\"@type\":\"WebSite\",\"@id\":\"https:\/\/apuntesdesanluis.com\/#website\",\"url\":\"https:\/\/apuntesdesanluis.com\/\",\"name\":\"Apuntes de San Luis\",\"description\":\"\",\"publisher\":{\"@id\":\"https:\/\/apuntesdesanluis.com\/#\/schema\/person\/b55151d52296fcce64d1a72538a70b90\"},\"potentialAction\":[{\"@type\":\"SearchAction\",\"target\":{\"@type\":\"EntryPoint\",\"urlTemplate\":\"https:\/\/apuntesdesanluis.com\/?s={search_term_string}\"},\"query-input\":{\"@type\":\"PropertyValueSpecification\",\"valueRequired\":true,\"valueName\":\"search_term_string\"}}],\"inLanguage\":\"es-AR\"},{\"@type\":[\"Person\",\"Organization\"],\"@id\":\"https:\/\/apuntesdesanluis.com\/#\/schema\/person\/b55151d52296fcce64d1a72538a70b90\",\"name\":\"apuntesdesanluis.com\",\"image\":{\"@type\":\"ImageObject\",\"inLanguage\":\"es-AR\",\"@id\":\"https:\/\/apuntesdesanluis.com\/#\/schema\/person\/image\/\",\"url\":\"https:\/\/apuntesdesanluis.com\/wp-content\/uploads\/2023\/07\/cropped-apuntesdesanluis.png\",\"contentUrl\":\"https:\/\/apuntesdesanluis.com\/wp-content\/uploads\/2023\/07\/cropped-apuntesdesanluis.png\",\"width\":450,\"height\":112,\"caption\":\"apuntesdesanluis.com\"},\"logo\":{\"@id\":\"https:\/\/apuntesdesanluis.com\/#\/schema\/person\/image\/\"},\"sameAs\":[\"https:\/\/apuntesdesanluis.com\"],\"url\":\"https:\/\/apuntesdesanluis.com\/index.php\/author\/apuntesdesanluis-com\/\"}]}<\/script>\n<!-- \/ Yoast SEO plugin. -->","yoast_head_json":{"title":"OBRAS SANITARIAS CONCIENTIZA A LOS PEQUES SOBRE EL CUIDADO DEL AGUA - Apuntes de San Luis","robots":{"index":"index","follow":"follow","max-snippet":"max-snippet:-1","max-image-preview":"max-image-preview:large","max-video-preview":"max-video-preview:-1"},"canonical":"https:\/\/apuntesdesanluis.com\/index.php\/2024\/02\/08\/obras-sanitarias-concientiza-a-los-peques-sobre-el-cuidado-del-agua\/","og_locale":"es_ES","og_type":"article","og_title":"OBRAS SANITARIAS CONCIENTIZA A LOS PEQUES SOBRE EL CUIDADO DEL AGUA - Apuntes de San Luis","og_description":"En el marco de la campa\u00f1a que lleva adelante la empresa Obras Sanitarias Mercedes, para...","og_url":"https:\/\/apuntesdesanluis.com\/index.php\/2024\/02\/08\/obras-sanitarias-concientiza-a-los-peques-sobre-el-cuidado-del-agua\/","og_site_name":"Apuntes de San Luis","article_published_time":"2024-02-08T23:45:18+00:00","article_modified_time":"2024-02-08T23:56:06+00:00","og_image":[{"width":732,"height":468,"url":"https:\/\/apuntesdesanluis.com\/wp-content\/uploads\/2024\/02\/CHARLA-TAPA.png","type":"image\/png"}],"author":"apuntesdesanluis.com","twitter_card":"summary_large_image","twitter_misc":{"Escrito por":"apuntesdesanluis.com","Tiempo de lectura":"3 minutos"},"schema":{"@context":"https:\/\/schema.org","@graph":[{"@type":"Article","@id":"https:\/\/apuntesdesanluis.com\/index.php\/2024\/02\/08\/obras-sanitarias-concientiza-a-los-peques-sobre-el-cuidado-del-agua\/#article","isPartOf":{"@id":"https:\/\/apuntesdesanluis.com\/index.php\/2024\/02\/08\/obras-sanitarias-concientiza-a-los-peques-sobre-el-cuidado-del-agua\/"},"author":{"name":"apuntesdesanluis.com","@id":"https:\/\/apuntesdesanluis.com\/#\/schema\/person\/b55151d52296fcce64d1a72538a70b90"},"headline":"OBRAS SANITARIAS CONCIENTIZA A LOS PEQUES SOBRE EL CUIDADO DEL AGUA","datePublished":"2024-02-08T23:45:18+00:00","dateModified":"2024-02-08T23:56:06+00:00","mainEntityOfPage":{"@id":"https:\/\/apuntesdesanluis.com\/index.php\/2024\/02\/08\/obras-sanitarias-concientiza-a-los-peques-sobre-el-cuidado-del-agua\/"},"wordCount":511,"publisher":{"@id":"https:\/\/apuntesdesanluis.com\/#\/schema\/person\/b55151d52296fcce64d1a72538a70b90"},"image":{"@id":"https:\/\/apuntesdesanluis.com\/index.php\/2024\/02\/08\/obras-sanitarias-concientiza-a-los-peques-sobre-el-cuidado-del-agua\/#primaryimage"},"thumbnailUrl":"https:\/\/apuntesdesanluis.com\/wp-content\/uploads\/2024\/02\/CHARLA-TAPA.png","articleSection":["Ciudad\/Provincia"],"inLanguage":"es-AR"},{"@type":"WebPage","@id":"https:\/\/apuntesdesanluis.com\/index.php\/2024\/02\/08\/obras-sanitarias-concientiza-a-los-peques-sobre-el-cuidado-del-agua\/","url":"https:\/\/apuntesdesanluis.com\/index.php\/2024\/02\/08\/obras-sanitarias-concientiza-a-los-peques-sobre-el-cuidado-del-agua\/","name":"OBRAS SANITARIAS CONCIENTIZA A LOS PEQUES SOBRE EL CUIDADO DEL AGUA - Apuntes de San Luis","isPartOf":{"@id":"https:\/\/apuntesdesanluis.com\/#website"},"primaryImageOfPage":{"@id":"https:\/\/apuntesdesanluis.com\/index.php\/2024\/02\/08\/obras-sanitarias-concientiza-a-los-peques-sobre-el-cuidado-del-agua\/#primaryimage"},"image":{"@id":"https:\/\/apuntesdesanluis.com\/index.php\/2024\/02\/08\/obras-sanitarias-concientiza-a-los-peques-sobre-el-cuidado-del-agua\/#primaryimage"},"thumbnailUrl":"https:\/\/apuntesdesanluis.com\/wp-content\/uploads\/2024\/02\/CHARLA-TAPA.png","datePublished":"2024-02-08T23:45:18+00:00","dateModified":"2024-02-08T23:56:06+00:00","breadcrumb":{"@id":"https:\/\/apuntesdesanluis.com\/index.php\/2024\/02\/08\/obras-sanitarias-concientiza-a-los-peques-sobre-el-cuidado-del-agua\/#breadcrumb"},"inLanguage":"es-AR","potentialAction":[{"@type":"ReadAction","target":["https:\/\/apuntesdesanluis.com\/index.php\/2024\/02\/08\/obras-sanitarias-concientiza-a-los-peques-sobre-el-cuidado-del-agua\/"]}]},{"@type":"ImageObject","inLanguage":"es-AR","@id":"https:\/\/apuntesdesanluis.com\/index.php\/2024\/02\/08\/obras-sanitarias-concientiza-a-los-peques-sobre-el-cuidado-del-agua\/#primaryimage","url":"https:\/\/apuntesdesanluis.com\/wp-content\/uploads\/2024\/02\/CHARLA-TAPA.png","contentUrl":"https:\/\/apuntesdesanluis.com\/wp-content\/uploads\/2024\/02\/CHARLA-TAPA.png","width":732,"height":468},{"@type":"BreadcrumbList","@id":"https:\/\/apuntesdesanluis.com\/index.php\/2024\/02\/08\/obras-sanitarias-concientiza-a-los-peques-sobre-el-cuidado-del-agua\/#breadcrumb","itemListElement":[{"@type":"ListItem","position":1,"name":"Inicio","item":"https:\/\/apuntesdesanluis.com\/"},{"@type":"ListItem","position":2,"name":"OBRAS SANITARIAS CONCIENTIZA A LOS PEQUES SOBRE EL CUIDADO DEL AGUA"}]},{"@type":"WebSite","@id":"https:\/\/apuntesdesanluis.com\/#website","url":"https:\/\/apuntesdesanluis.com\/","name":"Apuntes de San Luis","description":"","publisher":{"@id":"https:\/\/apuntesdesanluis.com\/#\/schema\/person\/b55151d52296fcce64d1a72538a70b90"},"potentialAction":[{"@type":"SearchAction","target":{"@type":"EntryPoint","urlTemplate":"https:\/\/apuntesdesanluis.com\/?s={search_term_string}"},"query-input":{"@type":"PropertyValueSpecification","valueRequired":true,"valueName":"search_term_string"}}],"inLanguage":"es-AR"},{"@type":["Person","Organization"],"@id":"https:\/\/apuntesdesanluis.com\/#\/schema\/person\/b55151d52296fcce64d1a72538a70b90","name":"apuntesdesanluis.com","image":{"@type":"ImageObject","inLanguage":"es-AR","@id":"https:\/\/apuntesdesanluis.com\/#\/schema\/person\/image\/","url":"https:\/\/apuntesdesanluis.com\/wp-content\/uploads\/2023\/07\/cropped-apuntesdesanluis.png","contentUrl":"https:\/\/apuntesdesanluis.com\/wp-content\/uploads\/2023\/07\/cropped-apuntesdesanluis.png","width":450,"height":112,"caption":"apuntesdesanluis.com"},"logo":{"@id":"https:\/\/apuntesdesanluis.com\/#\/schema\/person\/image\/"},"sameAs":["https:\/\/apuntesdesanluis.com"],"url":"https:\/\/apuntesdesanluis.com\/index.php\/author\/apuntesdesanluis-com\/"}]}},"featured_image_urls":{"full":["https:\/\/apuntesdesanluis.com\/wp-content\/uploads\/2024\/02\/CHARLA-TAPA.png",732,468,false],"thumbnail":["https:\/\/apuntesdesanluis.com\/wp-content\/uploads\/2024\/02\/CHARLA-TAPA-150x150.png",150,150,true],"medium":["https:\/\/apuntesdesanluis.com\/wp-content\/uploads\/2024\/02\/CHARLA-TAPA-300x192.png",300,192,true],"medium_large":["https:\/\/apuntesdesanluis.com\/wp-content\/uploads\/2024\/02\/CHARLA-TAPA.png",640,409,false],"large":["https:\/\/apuntesdesanluis.com\/wp-content\/uploads\/2024\/02\/CHARLA-TAPA.png",640,409,false],"1536x1536":["https:\/\/apuntesdesanluis.com\/wp-content\/uploads\/2024\/02\/CHARLA-TAPA.png",732,468,false],"2048x2048":["https:\/\/apuntesdesanluis.com\/wp-content\/uploads\/2024\/02\/CHARLA-TAPA.png",732,468,false],"newsever-slider-full":["https:\/\/apuntesdesanluis.com\/wp-content\/uploads\/2024\/02\/CHARLA-TAPA.png",732,468,false],"newsever-featured":["https:\/\/apuntesdesanluis.com\/wp-content\/uploads\/2024\/02\/CHARLA-TAPA.png",732,468,false],"newsever-medium":["https:\/\/apuntesdesanluis.com\/wp-content\/uploads\/2024\/02\/CHARLA-TAPA-720x468.png",720,468,true]},"author_info":{"display_name":"apuntesdesanluis.com","author_link":"https:\/\/apuntesdesanluis.com\/index.php\/author\/apuntesdesanluis-com\/"},"category_info":"<a href=\"https:\/\/apuntesdesanluis.com\/index.php\/category\/ciudad-provincia\/\" rel=\"category tag\">Ciudad\/Provincia<\/a>","tag_info":"Ciudad\/Provincia","comment_count":"0","_links":{"self":[{"href":"https:\/\/apuntesdesanluis.com\/index.php\/wp-json\/wp\/v2\/posts\/11433","targetHints":{"allow":["GET"]}}],"collection":[{"href":"https:\/\/apuntesdesanluis.com\/index.php\/wp-json\/wp\/v2\/posts"}],"about":[{"href":"https:\/\/apuntesdesanluis.com\/index.php\/wp-json\/wp\/v2\/types\/post"}],"author":[{"embeddable":true,"href":"https:\/\/apuntesdesanluis.com\/index.php\/wp-json\/wp\/v2\/users\/1"}],"replies":[{"embeddable":true,"href":"https:\/\/apuntesdesanluis.com\/index.php\/wp-json\/wp\/v2\/comments?post=11433"}],"version-history":[{"count":5,"href":"https:\/\/apuntesdesanluis.com\/index.php\/wp-json\/wp\/v2\/posts\/11433\/revisions"}],"predecessor-version":[{"id":11441,"href":"https:\/\/apuntesdesanluis.com\/index.php\/wp-json\/wp\/v2\/posts\/11433\/revisions\/11441"}],"wp:featuredmedia":[{"embeddable":true,"href":"https:\/\/apuntesdesanluis.com\/index.php\/wp-json\/wp\/v2\/media\/11434"}],"wp:attachment":[{"href":"https:\/\/apuntesdesanluis.com\/index.php\/wp-json\/wp\/v2\/media?parent=11433"}],"wp:term":[{"taxonomy":"category","embeddable":true,"href":"https:\/\/apuntesdesanluis.com\/index.php\/wp-json\/wp\/v2\/categories?post=11433"},{"taxonomy":"post_tag","embeddable":true,"href":"https:\/\/apuntesdesanluis.com\/index.php\/wp-json\/wp\/v2\/tags?post=11433"}],"curies":[{"name":"wp","href":"https:\/\/api.w.org\/{rel}","templated":true}]}}