{"id":11442,"date":"2024-02-08T21:11:39","date_gmt":"2024-02-09T00:11:39","guid":{"rendered":"https:\/\/apuntesdesanluis.com\/?p=11442"},"modified":"2024-02-08T21:17:35","modified_gmt":"2024-02-09T00:17:35","slug":"potrero-de-los-funes-recupera-su-imagen-natural-con-la-remocion-del-enrejado-y-la-pedrera-cuando","status":"publish","type":"post","link":"https:\/\/apuntesdesanluis.com\/index.php\/2024\/02\/08\/potrero-de-los-funes-recupera-su-imagen-natural-con-la-remocion-del-enrejado-y-la-pedrera-cuando\/","title":{"rendered":"POTRERO DE LOS FUNES RECUPERA SU IMAGEN NATURAL CON LA REMOCI\u00d3N DEL ENREJADO (\u00bfY LA PEDRERA CU\u00c1NDO?)"},"content":{"rendered":"<h3>La iniciativa que se lleva adelante en el dique apunta a una remodelaci\u00f3n urban\u00edstica, del paisaje y para mejorar el atractivo para el turismo. Ya han retirado 2,7 kil\u00f3metros de rejas. En una segunda etapa se remover\u00e1n tambi\u00e9n los new jersey m\u00f3viles de lo que era el circuito automovil\u00edstico. La contracara es la actualidad de La Pedrera, donde nada se hace ni se anuncia&#8230;<\/h3>\n<h3>El Gobierno provincial puso en marcha obras para despejar los paredones de cemento y las rejas que bloquean la vista a los paisajes de Potrero de los Funes y entorpecen los accesos al espejo de agua. Se trata una de una demanda hist\u00f3rica de los vecinos y los comerciantes que empez\u00f3 a concretarse en enero.<\/h3>\n<h3>La infraestructura qued\u00f3 abandonada cuando dejaron de organizarse carreras y s\u00f3lo aporta contaminaci\u00f3n visual. Sobre los trabajos para remover alambradas y bloques de cemento, Jos\u00e9 La Malfa, director de Vialidad Provincial, explic\u00f3 que ya han intervenido en el 44% del circuito, que tiene una extensi\u00f3n de 6,2 kil\u00f3metros.<\/h3>\n<h3>La tarea comenz\u00f3 el 18 de enero y hasta la fecha han liberado 395 muros del enrejado. De este modo ya comienza a recuperarse la vista directa al paisaje natural de Potrero. En total han extra\u00eddo 207 rejas que miden ocho metros cada una. \u201cHemos removido 2,7 kil\u00f3metros hasta el momento\u201d, precis\u00f3 el funcionario.<\/h3>\n<h3>Sobre el proceso emprendido, La Malfa explic\u00f3 que \u201cen esta primera etapa removemos las rejas y en una segunda se har\u00e1 el traslado de los new jersey\u201d. Al respecto, agreg\u00f3 que los elementos ser\u00e1n reutilizados en el aut\u00f3dromo Rosendo Hern\u00e1ndez y en el Parque Industrial Norte de la ciudad de San Luis.<\/h3>\n<h3><strong>LA PEDRERA<\/strong><\/h3>\n<h3>Mientras se realizan estos trabajos, los vecinos del barrio La Ribera de Villa Mercedes contin\u00faan esperando que se abran las puertas del <strong>complejo Recreativo La Pedrera<\/strong>, para poder circular por su calle principal, que comunica a ese sector con la avenida Santana Alcaraz.<\/h3>\n<h3>No solo se permitir\u00eda el paso vehicular, con mucha precauci\u00f3n, sino que tambi\u00e9n los propios vecinos podr\u00edan disfrutar de pasear por su interior o ir a disfrutar la tarde y practicar actividades deportivas y recreativas. En s\u00edntesis, \u201capropiarse\u201d de este espacio p\u00fablico que contin\u00faa siendo percibido, desde el exterior, poco menos que como una &#8220;c\u00e1rcel modelo&#8221;. Dando la espalda al barrio m\u00e1s populoso de la ciudad. Un contrasentido por donde se lo mire, que no tiene justificativo alguno.<\/h3>\n<h3>En la actualidad, este inmenso predio de m\u00e1s de 60 hect\u00e1reas est\u00e1 siendo &#8220;sub-utilizado&#8221;, no presenta una agenda de actividades y es una de las grandes asignaturas pendientes de la anterior y de la actual gesti\u00f3n.<\/h3>\n<h3><span style=\"color: #3366ff;\"><strong>NOTICIA RELACIONADA:<\/strong><\/span><\/h3>\n<p><a href=\"https:\/\/apuntesdesanluis.com\/index.php\/2024\/01\/26\/ya-liberaron-el-dique-potrero-de-los-funes-ahora-es-tiempo-que-abran-la-pedrera\/\" target=\"_blank\" rel=\"noopener\"><img fetchpriority=\"high\" decoding=\"async\" class=\"alignnone wp-image-11443\" src=\"https:\/\/apuntesdesanluis.com\/wp-content\/uploads\/2024\/02\/POSEO-LA-PEDRERA-300x205.png\" alt=\"\" width=\"398\" height=\"272\" srcset=\"https:\/\/apuntesdesanluis.com\/wp-content\/uploads\/2024\/02\/POSEO-LA-PEDRERA-300x205.png 300w, https:\/\/apuntesdesanluis.com\/wp-content\/uploads\/2024\/02\/POSEO-LA-PEDRERA.png 635w\" sizes=\"(max-width: 398px) 100vw, 398px\" \/><\/a><\/p>\n<p>&nbsp;<\/p>\n<p>&nbsp;<\/p>\n<p>&nbsp;<\/p>\n<p>&nbsp;<\/p>\n","protected":false},"excerpt":{"rendered":"<p>La iniciativa que se lleva adelante en el dique apunta a una remodelaci\u00f3n urban\u00edstica, del&#8230;<\/p>\n","protected":false},"author":1,"featured_media":11445,"comment_status":"closed","ping_status":"closed","sticky":false,"template":"","format":"standard","meta":{"footnotes":""},"categories":[6],"tags":[],"class_list":["post-11442","post","type-post","status-publish","format-standard","has-post-thumbnail","hentry","category-ciudad-provincia"],"yoast_head":"<!-- This site is optimized with the Yoast SEO plugin v26.1.1 - https:\/\/yoast.com\/wordpress\/plugins\/seo\/ -->\n<title>POTRERO DE LOS FUNES RECUPERA SU IMAGEN NATURAL CON LA REMOCI\u00d3N DEL ENREJADO (\u00bfY LA PEDRERA CU\u00c1NDO?) - Apuntes de San Luis<\/title>\n<meta name=\"robots\" content=\"index, follow, max-snippet:-1, max-image-preview:large, max-video-preview:-1\" \/>\n<link rel=\"canonical\" href=\"https:\/\/apuntesdesanluis.com\/index.php\/2024\/02\/08\/potrero-de-los-funes-recupera-su-imagen-natural-con-la-remocion-del-enrejado-y-la-pedrera-cuando\/\" \/>\n<meta property=\"og:locale\" content=\"es_ES\" \/>\n<meta property=\"og:type\" content=\"article\" \/>\n<meta property=\"og:title\" content=\"POTRERO DE LOS FUNES RECUPERA SU IMAGEN NATURAL CON LA REMOCI\u00d3N DEL ENREJADO (\u00bfY LA PEDRERA CU\u00c1NDO?) - Apuntes de San Luis\" \/>\n<meta property=\"og:description\" content=\"La iniciativa que se lleva adelante en el dique apunta a una remodelaci\u00f3n urban\u00edstica, del...\" \/>\n<meta property=\"og:url\" content=\"https:\/\/apuntesdesanluis.com\/index.php\/2024\/02\/08\/potrero-de-los-funes-recupera-su-imagen-natural-con-la-remocion-del-enrejado-y-la-pedrera-cuando\/\" \/>\n<meta property=\"og:site_name\" content=\"Apuntes de San Luis\" \/>\n<meta property=\"article:published_time\" content=\"2024-02-09T00:11:39+00:00\" \/>\n<meta property=\"article:modified_time\" content=\"2024-02-09T00:17:35+00:00\" \/>\n<meta property=\"og:image\" content=\"https:\/\/apuntesdesanluis.com\/wp-content\/uploads\/2024\/02\/potrero-de-los-funes.png\" \/>\n\t<meta property=\"og:image:width\" content=\"712\" \/>\n\t<meta property=\"og:image:height\" content=\"412\" \/>\n\t<meta property=\"og:image:type\" content=\"image\/png\" \/>\n<meta name=\"author\" content=\"apuntesdesanluis.com\" \/>\n<meta name=\"twitter:card\" content=\"summary_large_image\" \/>\n<meta name=\"twitter:label1\" content=\"Escrito por\" \/>\n\t<meta name=\"twitter:data1\" content=\"apuntesdesanluis.com\" \/>\n\t<meta name=\"twitter:label2\" content=\"Tiempo de lectura\" \/>\n\t<meta name=\"twitter:data2\" content=\"3 minutos\" \/>\n<script type=\"application\/ld+json\" class=\"yoast-schema-graph\">{\"@context\":\"https:\/\/schema.org\",\"@graph\":[{\"@type\":\"Article\",\"@id\":\"https:\/\/apuntesdesanluis.com\/index.php\/2024\/02\/08\/potrero-de-los-funes-recupera-su-imagen-natural-con-la-remocion-del-enrejado-y-la-pedrera-cuando\/#article\",\"isPartOf\":{\"@id\":\"https:\/\/apuntesdesanluis.com\/index.php\/2024\/02\/08\/potrero-de-los-funes-recupera-su-imagen-natural-con-la-remocion-del-enrejado-y-la-pedrera-cuando\/\"},\"author\":{\"name\":\"apuntesdesanluis.com\",\"@id\":\"https:\/\/apuntesdesanluis.com\/#\/schema\/person\/b55151d52296fcce64d1a72538a70b90\"},\"headline\":\"POTRERO DE LOS FUNES RECUPERA SU IMAGEN NATURAL CON LA REMOCI\u00d3N DEL ENREJADO (\u00bfY LA PEDRERA CU\u00c1NDO?)\",\"datePublished\":\"2024-02-09T00:11:39+00:00\",\"dateModified\":\"2024-02-09T00:17:35+00:00\",\"mainEntityOfPage\":{\"@id\":\"https:\/\/apuntesdesanluis.com\/index.php\/2024\/02\/08\/potrero-de-los-funes-recupera-su-imagen-natural-con-la-remocion-del-enrejado-y-la-pedrera-cuando\/\"},\"wordCount\":479,\"publisher\":{\"@id\":\"https:\/\/apuntesdesanluis.com\/#\/schema\/person\/b55151d52296fcce64d1a72538a70b90\"},\"image\":{\"@id\":\"https:\/\/apuntesdesanluis.com\/index.php\/2024\/02\/08\/potrero-de-los-funes-recupera-su-imagen-natural-con-la-remocion-del-enrejado-y-la-pedrera-cuando\/#primaryimage\"},\"thumbnailUrl\":\"https:\/\/apuntesdesanluis.com\/wp-content\/uploads\/2024\/02\/potrero-de-los-funes.png\",\"articleSection\":[\"Ciudad\/Provincia\"],\"inLanguage\":\"es-AR\"},{\"@type\":\"WebPage\",\"@id\":\"https:\/\/apuntesdesanluis.com\/index.php\/2024\/02\/08\/potrero-de-los-funes-recupera-su-imagen-natural-con-la-remocion-del-enrejado-y-la-pedrera-cuando\/\",\"url\":\"https:\/\/apuntesdesanluis.com\/index.php\/2024\/02\/08\/potrero-de-los-funes-recupera-su-imagen-natural-con-la-remocion-del-enrejado-y-la-pedrera-cuando\/\",\"name\":\"POTRERO DE LOS FUNES RECUPERA SU IMAGEN NATURAL CON LA REMOCI\u00d3N DEL ENREJADO (\u00bfY LA PEDRERA CU\u00c1NDO?) - Apuntes de San Luis\",\"isPartOf\":{\"@id\":\"https:\/\/apuntesdesanluis.com\/#website\"},\"primaryImageOfPage\":{\"@id\":\"https:\/\/apuntesdesanluis.com\/index.php\/2024\/02\/08\/potrero-de-los-funes-recupera-su-imagen-natural-con-la-remocion-del-enrejado-y-la-pedrera-cuando\/#primaryimage\"},\"image\":{\"@id\":\"https:\/\/apuntesdesanluis.com\/index.php\/2024\/02\/08\/potrero-de-los-funes-recupera-su-imagen-natural-con-la-remocion-del-enrejado-y-la-pedrera-cuando\/#primaryimage\"},\"thumbnailUrl\":\"https:\/\/apuntesdesanluis.com\/wp-content\/uploads\/2024\/02\/potrero-de-los-funes.png\",\"datePublished\":\"2024-02-09T00:11:39+00:00\",\"dateModified\":\"2024-02-09T00:17:35+00:00\",\"breadcrumb\":{\"@id\":\"https:\/\/apuntesdesanluis.com\/index.php\/2024\/02\/08\/potrero-de-los-funes-recupera-su-imagen-natural-con-la-remocion-del-enrejado-y-la-pedrera-cuando\/#breadcrumb\"},\"inLanguage\":\"es-AR\",\"potentialAction\":[{\"@type\":\"ReadAction\",\"target\":[\"https:\/\/apuntesdesanluis.com\/index.php\/2024\/02\/08\/potrero-de-los-funes-recupera-su-imagen-natural-con-la-remocion-del-enrejado-y-la-pedrera-cuando\/\"]}]},{\"@type\":\"ImageObject\",\"inLanguage\":\"es-AR\",\"@id\":\"https:\/\/apuntesdesanluis.com\/index.php\/2024\/02\/08\/potrero-de-los-funes-recupera-su-imagen-natural-con-la-remocion-del-enrejado-y-la-pedrera-cuando\/#primaryimage\",\"url\":\"https:\/\/apuntesdesanluis.com\/wp-content\/uploads\/2024\/02\/potrero-de-los-funes.png\",\"contentUrl\":\"https:\/\/apuntesdesanluis.com\/wp-content\/uploads\/2024\/02\/potrero-de-los-funes.png\",\"width\":712,\"height\":412},{\"@type\":\"BreadcrumbList\",\"@id\":\"https:\/\/apuntesdesanluis.com\/index.php\/2024\/02\/08\/potrero-de-los-funes-recupera-su-imagen-natural-con-la-remocion-del-enrejado-y-la-pedrera-cuando\/#breadcrumb\",\"itemListElement\":[{\"@type\":\"ListItem\",\"position\":1,\"name\":\"Inicio\",\"item\":\"https:\/\/apuntesdesanluis.com\/\"},{\"@type\":\"ListItem\",\"position\":2,\"name\":\"POTRERO DE LOS FUNES RECUPERA SU IMAGEN NATURAL CON LA REMOCI\u00d3N DEL ENREJADO (\u00bfY LA PEDRERA CU\u00c1NDO?)\"}]},{\"@type\":\"WebSite\",\"@id\":\"https:\/\/apuntesdesanluis.com\/#website\",\"url\":\"https:\/\/apuntesdesanluis.com\/\",\"name\":\"Apuntes de San Luis\",\"description\":\"\",\"publisher\":{\"@id\":\"https:\/\/apuntesdesanluis.com\/#\/schema\/person\/b55151d52296fcce64d1a72538a70b90\"},\"potentialAction\":[{\"@type\":\"SearchAction\",\"target\":{\"@type\":\"EntryPoint\",\"urlTemplate\":\"https:\/\/apuntesdesanluis.com\/?s={search_term_string}\"},\"query-input\":{\"@type\":\"PropertyValueSpecification\",\"valueRequired\":true,\"valueName\":\"search_term_string\"}}],\"inLanguage\":\"es-AR\"},{\"@type\":[\"Person\",\"Organization\"],\"@id\":\"https:\/\/apuntesdesanluis.com\/#\/schema\/person\/b55151d52296fcce64d1a72538a70b90\",\"name\":\"apuntesdesanluis.com\",\"image\":{\"@type\":\"ImageObject\",\"inLanguage\":\"es-AR\",\"@id\":\"https:\/\/apuntesdesanluis.com\/#\/schema\/person\/image\/\",\"url\":\"https:\/\/apuntesdesanluis.com\/wp-content\/uploads\/2023\/07\/cropped-apuntesdesanluis.png\",\"contentUrl\":\"https:\/\/apuntesdesanluis.com\/wp-content\/uploads\/2023\/07\/cropped-apuntesdesanluis.png\",\"width\":450,\"height\":112,\"caption\":\"apuntesdesanluis.com\"},\"logo\":{\"@id\":\"https:\/\/apuntesdesanluis.com\/#\/schema\/person\/image\/\"},\"sameAs\":[\"https:\/\/apuntesdesanluis.com\"],\"url\":\"https:\/\/apuntesdesanluis.com\/index.php\/author\/apuntesdesanluis-com\/\"}]}<\/script>\n<!-- \/ Yoast SEO plugin. -->","yoast_head_json":{"title":"POTRERO DE LOS FUNES RECUPERA SU IMAGEN NATURAL CON LA REMOCI\u00d3N DEL ENREJADO (\u00bfY LA PEDRERA CU\u00c1NDO?) - Apuntes de San Luis","robots":{"index":"index","follow":"follow","max-snippet":"max-snippet:-1","max-image-preview":"max-image-preview:large","max-video-preview":"max-video-preview:-1"},"canonical":"https:\/\/apuntesdesanluis.com\/index.php\/2024\/02\/08\/potrero-de-los-funes-recupera-su-imagen-natural-con-la-remocion-del-enrejado-y-la-pedrera-cuando\/","og_locale":"es_ES","og_type":"article","og_title":"POTRERO DE LOS FUNES RECUPERA SU IMAGEN NATURAL CON LA REMOCI\u00d3N DEL ENREJADO (\u00bfY LA PEDRERA CU\u00c1NDO?) - Apuntes de San Luis","og_description":"La iniciativa que se lleva adelante en el dique apunta a una remodelaci\u00f3n urban\u00edstica, del...","og_url":"https:\/\/apuntesdesanluis.com\/index.php\/2024\/02\/08\/potrero-de-los-funes-recupera-su-imagen-natural-con-la-remocion-del-enrejado-y-la-pedrera-cuando\/","og_site_name":"Apuntes de San Luis","article_published_time":"2024-02-09T00:11:39+00:00","article_modified_time":"2024-02-09T00:17:35+00:00","og_image":[{"width":712,"height":412,"url":"https:\/\/apuntesdesanluis.com\/wp-content\/uploads\/2024\/02\/potrero-de-los-funes.png","type":"image\/png"}],"author":"apuntesdesanluis.com","twitter_card":"summary_large_image","twitter_misc":{"Escrito por":"apuntesdesanluis.com","Tiempo de lectura":"3 minutos"},"schema":{"@context":"https:\/\/schema.org","@graph":[{"@type":"Article","@id":"https:\/\/apuntesdesanluis.com\/index.php\/2024\/02\/08\/potrero-de-los-funes-recupera-su-imagen-natural-con-la-remocion-del-enrejado-y-la-pedrera-cuando\/#article","isPartOf":{"@id":"https:\/\/apuntesdesanluis.com\/index.php\/2024\/02\/08\/potrero-de-los-funes-recupera-su-imagen-natural-con-la-remocion-del-enrejado-y-la-pedrera-cuando\/"},"author":{"name":"apuntesdesanluis.com","@id":"https:\/\/apuntesdesanluis.com\/#\/schema\/person\/b55151d52296fcce64d1a72538a70b90"},"headline":"POTRERO DE LOS FUNES RECUPERA SU IMAGEN NATURAL CON LA REMOCI\u00d3N DEL ENREJADO (\u00bfY LA PEDRERA CU\u00c1NDO?)","datePublished":"2024-02-09T00:11:39+00:00","dateModified":"2024-02-09T00:17:35+00:00","mainEntityOfPage":{"@id":"https:\/\/apuntesdesanluis.com\/index.php\/2024\/02\/08\/potrero-de-los-funes-recupera-su-imagen-natural-con-la-remocion-del-enrejado-y-la-pedrera-cuando\/"},"wordCount":479,"publisher":{"@id":"https:\/\/apuntesdesanluis.com\/#\/schema\/person\/b55151d52296fcce64d1a72538a70b90"},"image":{"@id":"https:\/\/apuntesdesanluis.com\/index.php\/2024\/02\/08\/potrero-de-los-funes-recupera-su-imagen-natural-con-la-remocion-del-enrejado-y-la-pedrera-cuando\/#primaryimage"},"thumbnailUrl":"https:\/\/apuntesdesanluis.com\/wp-content\/uploads\/2024\/02\/potrero-de-los-funes.png","articleSection":["Ciudad\/Provincia"],"inLanguage":"es-AR"},{"@type":"WebPage","@id":"https:\/\/apuntesdesanluis.com\/index.php\/2024\/02\/08\/potrero-de-los-funes-recupera-su-imagen-natural-con-la-remocion-del-enrejado-y-la-pedrera-cuando\/","url":"https:\/\/apuntesdesanluis.com\/index.php\/2024\/02\/08\/potrero-de-los-funes-recupera-su-imagen-natural-con-la-remocion-del-enrejado-y-la-pedrera-cuando\/","name":"POTRERO DE LOS FUNES RECUPERA SU IMAGEN NATURAL CON LA REMOCI\u00d3N DEL ENREJADO (\u00bfY LA PEDRERA CU\u00c1NDO?) - Apuntes de San Luis","isPartOf":{"@id":"https:\/\/apuntesdesanluis.com\/#website"},"primaryImageOfPage":{"@id":"https:\/\/apuntesdesanluis.com\/index.php\/2024\/02\/08\/potrero-de-los-funes-recupera-su-imagen-natural-con-la-remocion-del-enrejado-y-la-pedrera-cuando\/#primaryimage"},"image":{"@id":"https:\/\/apuntesdesanluis.com\/index.php\/2024\/02\/08\/potrero-de-los-funes-recupera-su-imagen-natural-con-la-remocion-del-enrejado-y-la-pedrera-cuando\/#primaryimage"},"thumbnailUrl":"https:\/\/apuntesdesanluis.com\/wp-content\/uploads\/2024\/02\/potrero-de-los-funes.png","datePublished":"2024-02-09T00:11:39+00:00","dateModified":"2024-02-09T00:17:35+00:00","breadcrumb":{"@id":"https:\/\/apuntesdesanluis.com\/index.php\/2024\/02\/08\/potrero-de-los-funes-recupera-su-imagen-natural-con-la-remocion-del-enrejado-y-la-pedrera-cuando\/#breadcrumb"},"inLanguage":"es-AR","potentialAction":[{"@type":"ReadAction","target":["https:\/\/apuntesdesanluis.com\/index.php\/2024\/02\/08\/potrero-de-los-funes-recupera-su-imagen-natural-con-la-remocion-del-enrejado-y-la-pedrera-cuando\/"]}]},{"@type":"ImageObject","inLanguage":"es-AR","@id":"https:\/\/apuntesdesanluis.com\/index.php\/2024\/02\/08\/potrero-de-los-funes-recupera-su-imagen-natural-con-la-remocion-del-enrejado-y-la-pedrera-cuando\/#primaryimage","url":"https:\/\/apuntesdesanluis.com\/wp-content\/uploads\/2024\/02\/potrero-de-los-funes.png","contentUrl":"https:\/\/apuntesdesanluis.com\/wp-content\/uploads\/2024\/02\/potrero-de-los-funes.png","width":712,"height":412},{"@type":"BreadcrumbList","@id":"https:\/\/apuntesdesanluis.com\/index.php\/2024\/02\/08\/potrero-de-los-funes-recupera-su-imagen-natural-con-la-remocion-del-enrejado-y-la-pedrera-cuando\/#breadcrumb","itemListElement":[{"@type":"ListItem","position":1,"name":"Inicio","item":"https:\/\/apuntesdesanluis.com\/"},{"@type":"ListItem","position":2,"name":"POTRERO DE LOS FUNES RECUPERA SU IMAGEN NATURAL CON LA REMOCI\u00d3N DEL ENREJADO (\u00bfY LA PEDRERA CU\u00c1NDO?)"}]},{"@type":"WebSite","@id":"https:\/\/apuntesdesanluis.com\/#website","url":"https:\/\/apuntesdesanluis.com\/","name":"Apuntes de San Luis","description":"","publisher":{"@id":"https:\/\/apuntesdesanluis.com\/#\/schema\/person\/b55151d52296fcce64d1a72538a70b90"},"potentialAction":[{"@type":"SearchAction","target":{"@type":"EntryPoint","urlTemplate":"https:\/\/apuntesdesanluis.com\/?s={search_term_string}"},"query-input":{"@type":"PropertyValueSpecification","valueRequired":true,"valueName":"search_term_string"}}],"inLanguage":"es-AR"},{"@type":["Person","Organization"],"@id":"https:\/\/apuntesdesanluis.com\/#\/schema\/person\/b55151d52296fcce64d1a72538a70b90","name":"apuntesdesanluis.com","image":{"@type":"ImageObject","inLanguage":"es-AR","@id":"https:\/\/apuntesdesanluis.com\/#\/schema\/person\/image\/","url":"https:\/\/apuntesdesanluis.com\/wp-content\/uploads\/2023\/07\/cropped-apuntesdesanluis.png","contentUrl":"https:\/\/apuntesdesanluis.com\/wp-content\/uploads\/2023\/07\/cropped-apuntesdesanluis.png","width":450,"height":112,"caption":"apuntesdesanluis.com"},"logo":{"@id":"https:\/\/apuntesdesanluis.com\/#\/schema\/person\/image\/"},"sameAs":["https:\/\/apuntesdesanluis.com"],"url":"https:\/\/apuntesdesanluis.com\/index.php\/author\/apuntesdesanluis-com\/"}]}},"featured_image_urls":{"full":["https:\/\/apuntesdesanluis.com\/wp-content\/uploads\/2024\/02\/potrero-de-los-funes.png",712,412,false],"thumbnail":["https:\/\/apuntesdesanluis.com\/wp-content\/uploads\/2024\/02\/potrero-de-los-funes-150x150.png",150,150,true],"medium":["https:\/\/apuntesdesanluis.com\/wp-content\/uploads\/2024\/02\/potrero-de-los-funes-300x174.png",300,174,true],"medium_large":["https:\/\/apuntesdesanluis.com\/wp-content\/uploads\/2024\/02\/potrero-de-los-funes.png",640,370,false],"large":["https:\/\/apuntesdesanluis.com\/wp-content\/uploads\/2024\/02\/potrero-de-los-funes.png",640,370,false],"1536x1536":["https:\/\/apuntesdesanluis.com\/wp-content\/uploads\/2024\/02\/potrero-de-los-funes.png",712,412,false],"2048x2048":["https:\/\/apuntesdesanluis.com\/wp-content\/uploads\/2024\/02\/potrero-de-los-funes.png",712,412,false],"newsever-slider-full":["https:\/\/apuntesdesanluis.com\/wp-content\/uploads\/2024\/02\/potrero-de-los-funes.png",712,412,false],"newsever-featured":["https:\/\/apuntesdesanluis.com\/wp-content\/uploads\/2024\/02\/potrero-de-los-funes.png",712,412,false],"newsever-medium":["https:\/\/apuntesdesanluis.com\/wp-content\/uploads\/2024\/02\/potrero-de-los-funes.png",712,412,false]},"author_info":{"display_name":"apuntesdesanluis.com","author_link":"https:\/\/apuntesdesanluis.com\/index.php\/author\/apuntesdesanluis-com\/"},"category_info":"<a href=\"https:\/\/apuntesdesanluis.com\/index.php\/category\/ciudad-provincia\/\" rel=\"category tag\">Ciudad\/Provincia<\/a>","tag_info":"Ciudad\/Provincia","comment_count":"0","_links":{"self":[{"href":"https:\/\/apuntesdesanluis.com\/index.php\/wp-json\/wp\/v2\/posts\/11442","targetHints":{"allow":["GET"]}}],"collection":[{"href":"https:\/\/apuntesdesanluis.com\/index.php\/wp-json\/wp\/v2\/posts"}],"about":[{"href":"https:\/\/apuntesdesanluis.com\/index.php\/wp-json\/wp\/v2\/types\/post"}],"author":[{"embeddable":true,"href":"https:\/\/apuntesdesanluis.com\/index.php\/wp-json\/wp\/v2\/users\/1"}],"replies":[{"embeddable":true,"href":"https:\/\/apuntesdesanluis.com\/index.php\/wp-json\/wp\/v2\/comments?post=11442"}],"version-history":[{"count":7,"href":"https:\/\/apuntesdesanluis.com\/index.php\/wp-json\/wp\/v2\/posts\/11442\/revisions"}],"predecessor-version":[{"id":11451,"href":"https:\/\/apuntesdesanluis.com\/index.php\/wp-json\/wp\/v2\/posts\/11442\/revisions\/11451"}],"wp:featuredmedia":[{"embeddable":true,"href":"https:\/\/apuntesdesanluis.com\/index.php\/wp-json\/wp\/v2\/media\/11445"}],"wp:attachment":[{"href":"https:\/\/apuntesdesanluis.com\/index.php\/wp-json\/wp\/v2\/media?parent=11442"}],"wp:term":[{"taxonomy":"category","embeddable":true,"href":"https:\/\/apuntesdesanluis.com\/index.php\/wp-json\/wp\/v2\/categories?post=11442"},{"taxonomy":"post_tag","embeddable":true,"href":"https:\/\/apuntesdesanluis.com\/index.php\/wp-json\/wp\/v2\/tags?post=11442"}],"curies":[{"name":"wp","href":"https:\/\/api.w.org\/{rel}","templated":true}]}}