{"id":11452,"date":"2024-02-08T21:46:54","date_gmt":"2024-02-09T00:46:54","guid":{"rendered":"https:\/\/apuntesdesanluis.com\/?p=11452"},"modified":"2024-02-08T21:47:20","modified_gmt":"2024-02-09T00:47:20","slug":"homicidio-de-jorge-ashworth-elevaron-la-causa-a-juicio-con-pedido-de-prision-perpetua-para-el-imputado","status":"publish","type":"post","link":"https:\/\/apuntesdesanluis.com\/index.php\/2024\/02\/08\/homicidio-de-jorge-ashworth-elevaron-la-causa-a-juicio-con-pedido-de-prision-perpetua-para-el-imputado\/","title":{"rendered":"HOMICIDIO DE JORGE ASHWORTH: ELEVARON LA CAUSA A JUICIO CON PEDIDO DE PRISI\u00d3N PERPETUA PARA EL IMPUTADO"},"content":{"rendered":"<h3><strong>Pablo Ashworth<\/strong> fue formalmente acusado por el homicidio de su padre, y permanecer\u00e1 con prisi\u00f3n preventiva por otros 60 d\u00edas a la espera del juicio oral.<\/h3>\n<h3>Este jueves, el Ministerio P\u00fablico Fiscal de la Tercera Circunscripci\u00f3n Judicial inst\u00f3 el requerimiento de apertura a juicio correspondiente a la causa por el homicidio de <strong>Jorge Eduardo Ashworth<\/strong>, hecho ocurrido el 4 de julio de 2023 en el campo de la v\u00edctima, ubicado en la zona rural de San Pablo.<\/h3>\n<p><img fetchpriority=\"high\" decoding=\"async\" class=\"wp-image-11355 aligncenter\" src=\"https:\/\/apuntesdesanluis.com\/wp-content\/uploads\/2024\/02\/padre-e-hijo-300x200.png\" alt=\"\" width=\"572\" height=\"381\" srcset=\"https:\/\/apuntesdesanluis.com\/wp-content\/uploads\/2024\/02\/padre-e-hijo-300x200.png 300w, https:\/\/apuntesdesanluis.com\/wp-content\/uploads\/2024\/02\/padre-e-hijo.png 574w\" sizes=\"(max-width: 572px) 100vw, 572px\" \/><\/p>\n<h3>El pedido fue realizado por la Fiscal D\u00e9bora Antonella Roy Gitto, asistida por la Dra. Lorena Ohanian, quien tuvo a su cargo la instrucci\u00f3n de la causa.<\/h3>\n<h3>En la audiencia desarrollada este 8 de febrero, la fiscal\u00eda sostuvo que el d\u00eda 4 de julio de 2023, entre las 17:45 y 18:30 horas, aproximadamente, Pablo Santiago Ashworth dispar\u00f3 a su padre con un arma de fuego, lo introdujo en la camioneta de \u00e9ste e incendi\u00f3 el veh\u00edculo con su progenitor adentro.<\/h3>\n<h3>Luego, se comunic\u00f3 con su pareja cont\u00e1ndole que hab\u00eda discutido con su padre en el campo y que lo hab\u00eda matado.<\/h3>\n<h3>Seg\u00fan el informe de la autopsia practicada por el m\u00e9dico forense, la causa eficiente de muerte fue: asfixia por inhalaci\u00f3n de gases t\u00f3xicos, intoxicaci\u00f3n, carbonizaci\u00f3n por exposici\u00f3n directa al fuego.<\/h3>\n<h3>Asimismo, del informe de la Direcci\u00f3n General de Bomberos de la provincia de San Luis, surge como conclusi\u00f3n que el incendio se origin\u00f3 en el sector central izquierdo del veh\u00edculo, por el aporte de energ\u00eda cal\u00f3rica de un artefacto que genera calor y que necesit\u00f3 de la acci\u00f3n humana para ser activado.<\/h3>\n<p><img decoding=\"async\" class=\"wp-image-11356 aligncenter\" src=\"https:\/\/apuntesdesanluis.com\/wp-content\/uploads\/2024\/02\/camioneta-300x184.png\" alt=\"\" width=\"590\" height=\"362\" srcset=\"https:\/\/apuntesdesanluis.com\/wp-content\/uploads\/2024\/02\/camioneta-300x184.png 300w, https:\/\/apuntesdesanluis.com\/wp-content\/uploads\/2024\/02\/camioneta.png 597w\" sizes=\"(max-width: 590px) 100vw, 590px\" \/><\/p>\n<h3>En virtud de las constancias de la causa, la fiscal\u00eda asegur\u00f3 que el accionar perpetrado por el acusado encuadra en las previsiones del art\u00edculo 80, inciso 1 del C\u00f3digo Penal Argentino, esto es, homicidio agravado por el v\u00ednculo, que prev\u00e9 una pena de prisi\u00f3n perpetua para el que matare a su ascendiente. \u201cLa agravante se fundamenta en el menosprecio al v\u00ednculo de sangre que une a la v\u00edctima con el victimario\u201d, remarc\u00f3 la fiscal Roy Gitto.<\/h3>\n<h3>Como atenuantes de la calificaci\u00f3n legal, se\u00f1al\u00f3 la ausencia de antecedentes penales computables y, como agravantes, las circunstancias de modo, tiempo y lugar.<\/h3>\n<h3>\u201cEl agresor utiliz\u00f3 en la ejecuci\u00f3n medios, modos y formas objetivamente adecuados para asegurar la eliminaci\u00f3n de toda defensa por parte de su padre, buscando intencionadamente la producci\u00f3n de la muerte, minimizando el riesgo de defensi\u00f3n de la v\u00edctima aprovechando el v\u00ednculo de confianza que hab\u00eda, el elemento sorpresa utilizado por el mismo, que hace que a la v\u00edctima le resultara imposible defenderse\u201d, asegur\u00f3.<\/h3>\n<h3>Por todo lo expuesto, solicit\u00f3 que, al momento de dictar sentencia, se condene al acusado a sufrir la pena de prisi\u00f3n perpetua, accesorias legales y costas procesales, como autor material y penalmente responsable del delito de homicidio agravado por el v\u00ednculo, en perjuicio de quien en vida se llamara Jorge Eduardo Ashworth.<\/h3>\n<h3>Finalmente, peticion\u00f3 prorrogar la prisi\u00f3n preventiva por el t\u00e9rmino de 120 d\u00edas, hasta tanto se defina la fecha para el debate oral.<\/h3>\n<h3>Como representante del particular damnificado, intervino el Dr. Claudio Fabi\u00e1n Dom\u00ednguez, quien adhiri\u00f3 a la acusaci\u00f3n fiscal y al pedido de pr\u00f3rroga de la medida de coerci\u00f3n.<\/h3>\n<h3>En tanto, la defensa del acusado, ejercida por el Dr. Pascual Celdr\u00e1n, refiri\u00f3 que su teor\u00eda del caso era opuesta a la presentada por la fiscal\u00eda y, entendiendo la gravedad del hecho y que hay elementos que deben ser debatidos en juicio oral, solicit\u00f3 la elevaci\u00f3n de la causa a juicio.<\/h3>\n<h3>Asimismo, se opuso al pedido de pr\u00f3rroga de preventiva, aduciendo que la fiscal\u00eda no hab\u00eda puntualizado c\u00f3mo se produjo el hecho ni el m\u00f3vil que habr\u00eda llevado a su defendido a querer terminar con la vida de su padre; y que no hab\u00eda fundamentos para sostener la medida de coerci\u00f3n. Subsidiariamente, requiri\u00f3 al juez que, en caso de dictar la pr\u00f3rroga, la misma fuera por un plazo de 60 d\u00edas como \u00faltimo t\u00e9rmino para llevar a cabo el debate oral.<\/h3>\n<h3>Luego de tener por admitida e incorporada la prueba presentada por las partes, el juez resolvi\u00f3 tener por formulada la acusaci\u00f3n en contra de Pablo Santiago Ashworth, elevar la causa a juicio y prorrogar la prisi\u00f3n preventiva por el plazo de 60 d\u00edas, considerando que no restaba evidencia por reunir por parte de la fiscal\u00eda y que era necesario imprimir celeridad a la causa para resolver la situaci\u00f3n procesal del acusado de manera definitiva.<\/h3>\n<h3><\/h3>\n<p>&nbsp;<\/p>\n<p>&nbsp;<\/p>\n<h3><\/h3>\n<h3><\/h3>\n<h3><\/h3>\n","protected":false},"excerpt":{"rendered":"<p>Pablo Ashworth fue formalmente acusado por el homicidio de su padre, y permanecer\u00e1 con prisi\u00f3n&#8230;<\/p>\n","protected":false},"author":1,"featured_media":11453,"comment_status":"closed","ping_status":"closed","sticky":false,"template":"","format":"standard","meta":{"footnotes":""},"categories":[6],"tags":[],"class_list":["post-11452","post","type-post","status-publish","format-standard","has-post-thumbnail","hentry","category-ciudad-provincia"],"yoast_head":"<!-- This site is optimized with the Yoast SEO plugin v26.1.1 - https:\/\/yoast.com\/wordpress\/plugins\/seo\/ -->\n<title>HOMICIDIO DE JORGE ASHWORTH: ELEVARON LA CAUSA A JUICIO CON PEDIDO DE PRISI\u00d3N PERPETUA PARA EL IMPUTADO - Apuntes de San Luis<\/title>\n<meta name=\"robots\" content=\"index, follow, max-snippet:-1, max-image-preview:large, max-video-preview:-1\" \/>\n<link rel=\"canonical\" href=\"https:\/\/apuntesdesanluis.com\/index.php\/2024\/02\/08\/homicidio-de-jorge-ashworth-elevaron-la-causa-a-juicio-con-pedido-de-prision-perpetua-para-el-imputado\/\" \/>\n<meta property=\"og:locale\" content=\"es_ES\" \/>\n<meta property=\"og:type\" content=\"article\" \/>\n<meta property=\"og:title\" content=\"HOMICIDIO DE JORGE ASHWORTH: ELEVARON LA CAUSA A JUICIO CON PEDIDO DE PRISI\u00d3N PERPETUA PARA EL IMPUTADO - Apuntes de San Luis\" \/>\n<meta property=\"og:description\" content=\"Pablo Ashworth fue formalmente acusado por el homicidio de su padre, y permanecer\u00e1 con prisi\u00f3n...\" \/>\n<meta property=\"og:url\" content=\"https:\/\/apuntesdesanluis.com\/index.php\/2024\/02\/08\/homicidio-de-jorge-ashworth-elevaron-la-causa-a-juicio-con-pedido-de-prision-perpetua-para-el-imputado\/\" \/>\n<meta property=\"og:site_name\" content=\"Apuntes de San Luis\" \/>\n<meta property=\"article:published_time\" content=\"2024-02-09T00:46:54+00:00\" \/>\n<meta property=\"article:modified_time\" content=\"2024-02-09T00:47:20+00:00\" \/>\n<meta property=\"og:image\" content=\"https:\/\/apuntesdesanluis.com\/wp-content\/uploads\/2024\/02\/CASO-ASHWORTH.png\" \/>\n\t<meta property=\"og:image:width\" content=\"600\" \/>\n\t<meta property=\"og:image:height\" content=\"330\" \/>\n\t<meta property=\"og:image:type\" content=\"image\/png\" \/>\n<meta name=\"author\" content=\"apuntesdesanluis.com\" \/>\n<meta name=\"twitter:card\" content=\"summary_large_image\" \/>\n<meta name=\"twitter:label1\" content=\"Escrito por\" \/>\n\t<meta name=\"twitter:data1\" content=\"apuntesdesanluis.com\" \/>\n\t<meta name=\"twitter:label2\" content=\"Tiempo de lectura\" \/>\n\t<meta name=\"twitter:data2\" content=\"4 minutos\" \/>\n<script type=\"application\/ld+json\" class=\"yoast-schema-graph\">{\"@context\":\"https:\/\/schema.org\",\"@graph\":[{\"@type\":\"Article\",\"@id\":\"https:\/\/apuntesdesanluis.com\/index.php\/2024\/02\/08\/homicidio-de-jorge-ashworth-elevaron-la-causa-a-juicio-con-pedido-de-prision-perpetua-para-el-imputado\/#article\",\"isPartOf\":{\"@id\":\"https:\/\/apuntesdesanluis.com\/index.php\/2024\/02\/08\/homicidio-de-jorge-ashworth-elevaron-la-causa-a-juicio-con-pedido-de-prision-perpetua-para-el-imputado\/\"},\"author\":{\"name\":\"apuntesdesanluis.com\",\"@id\":\"https:\/\/apuntesdesanluis.com\/#\/schema\/person\/b55151d52296fcce64d1a72538a70b90\"},\"headline\":\"HOMICIDIO DE JORGE ASHWORTH: ELEVARON LA CAUSA A JUICIO CON PEDIDO DE PRISI\u00d3N PERPETUA PARA EL IMPUTADO\",\"datePublished\":\"2024-02-09T00:46:54+00:00\",\"dateModified\":\"2024-02-09T00:47:20+00:00\",\"mainEntityOfPage\":{\"@id\":\"https:\/\/apuntesdesanluis.com\/index.php\/2024\/02\/08\/homicidio-de-jorge-ashworth-elevaron-la-causa-a-juicio-con-pedido-de-prision-perpetua-para-el-imputado\/\"},\"wordCount\":809,\"publisher\":{\"@id\":\"https:\/\/apuntesdesanluis.com\/#\/schema\/person\/b55151d52296fcce64d1a72538a70b90\"},\"image\":{\"@id\":\"https:\/\/apuntesdesanluis.com\/index.php\/2024\/02\/08\/homicidio-de-jorge-ashworth-elevaron-la-causa-a-juicio-con-pedido-de-prision-perpetua-para-el-imputado\/#primaryimage\"},\"thumbnailUrl\":\"https:\/\/apuntesdesanluis.com\/wp-content\/uploads\/2024\/02\/CASO-ASHWORTH.png\",\"articleSection\":[\"Ciudad\/Provincia\"],\"inLanguage\":\"es-AR\"},{\"@type\":\"WebPage\",\"@id\":\"https:\/\/apuntesdesanluis.com\/index.php\/2024\/02\/08\/homicidio-de-jorge-ashworth-elevaron-la-causa-a-juicio-con-pedido-de-prision-perpetua-para-el-imputado\/\",\"url\":\"https:\/\/apuntesdesanluis.com\/index.php\/2024\/02\/08\/homicidio-de-jorge-ashworth-elevaron-la-causa-a-juicio-con-pedido-de-prision-perpetua-para-el-imputado\/\",\"name\":\"HOMICIDIO DE JORGE ASHWORTH: ELEVARON LA CAUSA A JUICIO CON PEDIDO DE PRISI\u00d3N PERPETUA PARA EL IMPUTADO - Apuntes de San Luis\",\"isPartOf\":{\"@id\":\"https:\/\/apuntesdesanluis.com\/#website\"},\"primaryImageOfPage\":{\"@id\":\"https:\/\/apuntesdesanluis.com\/index.php\/2024\/02\/08\/homicidio-de-jorge-ashworth-elevaron-la-causa-a-juicio-con-pedido-de-prision-perpetua-para-el-imputado\/#primaryimage\"},\"image\":{\"@id\":\"https:\/\/apuntesdesanluis.com\/index.php\/2024\/02\/08\/homicidio-de-jorge-ashworth-elevaron-la-causa-a-juicio-con-pedido-de-prision-perpetua-para-el-imputado\/#primaryimage\"},\"thumbnailUrl\":\"https:\/\/apuntesdesanluis.com\/wp-content\/uploads\/2024\/02\/CASO-ASHWORTH.png\",\"datePublished\":\"2024-02-09T00:46:54+00:00\",\"dateModified\":\"2024-02-09T00:47:20+00:00\",\"breadcrumb\":{\"@id\":\"https:\/\/apuntesdesanluis.com\/index.php\/2024\/02\/08\/homicidio-de-jorge-ashworth-elevaron-la-causa-a-juicio-con-pedido-de-prision-perpetua-para-el-imputado\/#breadcrumb\"},\"inLanguage\":\"es-AR\",\"potentialAction\":[{\"@type\":\"ReadAction\",\"target\":[\"https:\/\/apuntesdesanluis.com\/index.php\/2024\/02\/08\/homicidio-de-jorge-ashworth-elevaron-la-causa-a-juicio-con-pedido-de-prision-perpetua-para-el-imputado\/\"]}]},{\"@type\":\"ImageObject\",\"inLanguage\":\"es-AR\",\"@id\":\"https:\/\/apuntesdesanluis.com\/index.php\/2024\/02\/08\/homicidio-de-jorge-ashworth-elevaron-la-causa-a-juicio-con-pedido-de-prision-perpetua-para-el-imputado\/#primaryimage\",\"url\":\"https:\/\/apuntesdesanluis.com\/wp-content\/uploads\/2024\/02\/CASO-ASHWORTH.png\",\"contentUrl\":\"https:\/\/apuntesdesanluis.com\/wp-content\/uploads\/2024\/02\/CASO-ASHWORTH.png\",\"width\":600,\"height\":330},{\"@type\":\"BreadcrumbList\",\"@id\":\"https:\/\/apuntesdesanluis.com\/index.php\/2024\/02\/08\/homicidio-de-jorge-ashworth-elevaron-la-causa-a-juicio-con-pedido-de-prision-perpetua-para-el-imputado\/#breadcrumb\",\"itemListElement\":[{\"@type\":\"ListItem\",\"position\":1,\"name\":\"Inicio\",\"item\":\"https:\/\/apuntesdesanluis.com\/\"},{\"@type\":\"ListItem\",\"position\":2,\"name\":\"HOMICIDIO DE JORGE ASHWORTH: ELEVARON LA CAUSA A JUICIO CON PEDIDO DE PRISI\u00d3N PERPETUA PARA EL IMPUTADO\"}]},{\"@type\":\"WebSite\",\"@id\":\"https:\/\/apuntesdesanluis.com\/#website\",\"url\":\"https:\/\/apuntesdesanluis.com\/\",\"name\":\"Apuntes de San Luis\",\"description\":\"\",\"publisher\":{\"@id\":\"https:\/\/apuntesdesanluis.com\/#\/schema\/person\/b55151d52296fcce64d1a72538a70b90\"},\"potentialAction\":[{\"@type\":\"SearchAction\",\"target\":{\"@type\":\"EntryPoint\",\"urlTemplate\":\"https:\/\/apuntesdesanluis.com\/?s={search_term_string}\"},\"query-input\":{\"@type\":\"PropertyValueSpecification\",\"valueRequired\":true,\"valueName\":\"search_term_string\"}}],\"inLanguage\":\"es-AR\"},{\"@type\":[\"Person\",\"Organization\"],\"@id\":\"https:\/\/apuntesdesanluis.com\/#\/schema\/person\/b55151d52296fcce64d1a72538a70b90\",\"name\":\"apuntesdesanluis.com\",\"image\":{\"@type\":\"ImageObject\",\"inLanguage\":\"es-AR\",\"@id\":\"https:\/\/apuntesdesanluis.com\/#\/schema\/person\/image\/\",\"url\":\"https:\/\/apuntesdesanluis.com\/wp-content\/uploads\/2023\/07\/cropped-apuntesdesanluis.png\",\"contentUrl\":\"https:\/\/apuntesdesanluis.com\/wp-content\/uploads\/2023\/07\/cropped-apuntesdesanluis.png\",\"width\":450,\"height\":112,\"caption\":\"apuntesdesanluis.com\"},\"logo\":{\"@id\":\"https:\/\/apuntesdesanluis.com\/#\/schema\/person\/image\/\"},\"sameAs\":[\"https:\/\/apuntesdesanluis.com\"],\"url\":\"https:\/\/apuntesdesanluis.com\/index.php\/author\/apuntesdesanluis-com\/\"}]}<\/script>\n<!-- \/ Yoast SEO plugin. -->","yoast_head_json":{"title":"HOMICIDIO DE JORGE ASHWORTH: ELEVARON LA CAUSA A JUICIO CON PEDIDO DE PRISI\u00d3N PERPETUA PARA EL IMPUTADO - Apuntes de San Luis","robots":{"index":"index","follow":"follow","max-snippet":"max-snippet:-1","max-image-preview":"max-image-preview:large","max-video-preview":"max-video-preview:-1"},"canonical":"https:\/\/apuntesdesanluis.com\/index.php\/2024\/02\/08\/homicidio-de-jorge-ashworth-elevaron-la-causa-a-juicio-con-pedido-de-prision-perpetua-para-el-imputado\/","og_locale":"es_ES","og_type":"article","og_title":"HOMICIDIO DE JORGE ASHWORTH: ELEVARON LA CAUSA A JUICIO CON PEDIDO DE PRISI\u00d3N PERPETUA PARA EL IMPUTADO - Apuntes de San Luis","og_description":"Pablo Ashworth fue formalmente acusado por el homicidio de su padre, y permanecer\u00e1 con prisi\u00f3n...","og_url":"https:\/\/apuntesdesanluis.com\/index.php\/2024\/02\/08\/homicidio-de-jorge-ashworth-elevaron-la-causa-a-juicio-con-pedido-de-prision-perpetua-para-el-imputado\/","og_site_name":"Apuntes de San Luis","article_published_time":"2024-02-09T00:46:54+00:00","article_modified_time":"2024-02-09T00:47:20+00:00","og_image":[{"width":600,"height":330,"url":"https:\/\/apuntesdesanluis.com\/wp-content\/uploads\/2024\/02\/CASO-ASHWORTH.png","type":"image\/png"}],"author":"apuntesdesanluis.com","twitter_card":"summary_large_image","twitter_misc":{"Escrito por":"apuntesdesanluis.com","Tiempo de lectura":"4 minutos"},"schema":{"@context":"https:\/\/schema.org","@graph":[{"@type":"Article","@id":"https:\/\/apuntesdesanluis.com\/index.php\/2024\/02\/08\/homicidio-de-jorge-ashworth-elevaron-la-causa-a-juicio-con-pedido-de-prision-perpetua-para-el-imputado\/#article","isPartOf":{"@id":"https:\/\/apuntesdesanluis.com\/index.php\/2024\/02\/08\/homicidio-de-jorge-ashworth-elevaron-la-causa-a-juicio-con-pedido-de-prision-perpetua-para-el-imputado\/"},"author":{"name":"apuntesdesanluis.com","@id":"https:\/\/apuntesdesanluis.com\/#\/schema\/person\/b55151d52296fcce64d1a72538a70b90"},"headline":"HOMICIDIO DE JORGE ASHWORTH: ELEVARON LA CAUSA A JUICIO CON PEDIDO DE PRISI\u00d3N PERPETUA PARA EL IMPUTADO","datePublished":"2024-02-09T00:46:54+00:00","dateModified":"2024-02-09T00:47:20+00:00","mainEntityOfPage":{"@id":"https:\/\/apuntesdesanluis.com\/index.php\/2024\/02\/08\/homicidio-de-jorge-ashworth-elevaron-la-causa-a-juicio-con-pedido-de-prision-perpetua-para-el-imputado\/"},"wordCount":809,"publisher":{"@id":"https:\/\/apuntesdesanluis.com\/#\/schema\/person\/b55151d52296fcce64d1a72538a70b90"},"image":{"@id":"https:\/\/apuntesdesanluis.com\/index.php\/2024\/02\/08\/homicidio-de-jorge-ashworth-elevaron-la-causa-a-juicio-con-pedido-de-prision-perpetua-para-el-imputado\/#primaryimage"},"thumbnailUrl":"https:\/\/apuntesdesanluis.com\/wp-content\/uploads\/2024\/02\/CASO-ASHWORTH.png","articleSection":["Ciudad\/Provincia"],"inLanguage":"es-AR"},{"@type":"WebPage","@id":"https:\/\/apuntesdesanluis.com\/index.php\/2024\/02\/08\/homicidio-de-jorge-ashworth-elevaron-la-causa-a-juicio-con-pedido-de-prision-perpetua-para-el-imputado\/","url":"https:\/\/apuntesdesanluis.com\/index.php\/2024\/02\/08\/homicidio-de-jorge-ashworth-elevaron-la-causa-a-juicio-con-pedido-de-prision-perpetua-para-el-imputado\/","name":"HOMICIDIO DE JORGE ASHWORTH: ELEVARON LA CAUSA A JUICIO CON PEDIDO DE PRISI\u00d3N PERPETUA PARA EL IMPUTADO - Apuntes de San Luis","isPartOf":{"@id":"https:\/\/apuntesdesanluis.com\/#website"},"primaryImageOfPage":{"@id":"https:\/\/apuntesdesanluis.com\/index.php\/2024\/02\/08\/homicidio-de-jorge-ashworth-elevaron-la-causa-a-juicio-con-pedido-de-prision-perpetua-para-el-imputado\/#primaryimage"},"image":{"@id":"https:\/\/apuntesdesanluis.com\/index.php\/2024\/02\/08\/homicidio-de-jorge-ashworth-elevaron-la-causa-a-juicio-con-pedido-de-prision-perpetua-para-el-imputado\/#primaryimage"},"thumbnailUrl":"https:\/\/apuntesdesanluis.com\/wp-content\/uploads\/2024\/02\/CASO-ASHWORTH.png","datePublished":"2024-02-09T00:46:54+00:00","dateModified":"2024-02-09T00:47:20+00:00","breadcrumb":{"@id":"https:\/\/apuntesdesanluis.com\/index.php\/2024\/02\/08\/homicidio-de-jorge-ashworth-elevaron-la-causa-a-juicio-con-pedido-de-prision-perpetua-para-el-imputado\/#breadcrumb"},"inLanguage":"es-AR","potentialAction":[{"@type":"ReadAction","target":["https:\/\/apuntesdesanluis.com\/index.php\/2024\/02\/08\/homicidio-de-jorge-ashworth-elevaron-la-causa-a-juicio-con-pedido-de-prision-perpetua-para-el-imputado\/"]}]},{"@type":"ImageObject","inLanguage":"es-AR","@id":"https:\/\/apuntesdesanluis.com\/index.php\/2024\/02\/08\/homicidio-de-jorge-ashworth-elevaron-la-causa-a-juicio-con-pedido-de-prision-perpetua-para-el-imputado\/#primaryimage","url":"https:\/\/apuntesdesanluis.com\/wp-content\/uploads\/2024\/02\/CASO-ASHWORTH.png","contentUrl":"https:\/\/apuntesdesanluis.com\/wp-content\/uploads\/2024\/02\/CASO-ASHWORTH.png","width":600,"height":330},{"@type":"BreadcrumbList","@id":"https:\/\/apuntesdesanluis.com\/index.php\/2024\/02\/08\/homicidio-de-jorge-ashworth-elevaron-la-causa-a-juicio-con-pedido-de-prision-perpetua-para-el-imputado\/#breadcrumb","itemListElement":[{"@type":"ListItem","position":1,"name":"Inicio","item":"https:\/\/apuntesdesanluis.com\/"},{"@type":"ListItem","position":2,"name":"HOMICIDIO DE JORGE ASHWORTH: ELEVARON LA CAUSA A JUICIO CON PEDIDO DE PRISI\u00d3N PERPETUA PARA EL IMPUTADO"}]},{"@type":"WebSite","@id":"https:\/\/apuntesdesanluis.com\/#website","url":"https:\/\/apuntesdesanluis.com\/","name":"Apuntes de San Luis","description":"","publisher":{"@id":"https:\/\/apuntesdesanluis.com\/#\/schema\/person\/b55151d52296fcce64d1a72538a70b90"},"potentialAction":[{"@type":"SearchAction","target":{"@type":"EntryPoint","urlTemplate":"https:\/\/apuntesdesanluis.com\/?s={search_term_string}"},"query-input":{"@type":"PropertyValueSpecification","valueRequired":true,"valueName":"search_term_string"}}],"inLanguage":"es-AR"},{"@type":["Person","Organization"],"@id":"https:\/\/apuntesdesanluis.com\/#\/schema\/person\/b55151d52296fcce64d1a72538a70b90","name":"apuntesdesanluis.com","image":{"@type":"ImageObject","inLanguage":"es-AR","@id":"https:\/\/apuntesdesanluis.com\/#\/schema\/person\/image\/","url":"https:\/\/apuntesdesanluis.com\/wp-content\/uploads\/2023\/07\/cropped-apuntesdesanluis.png","contentUrl":"https:\/\/apuntesdesanluis.com\/wp-content\/uploads\/2023\/07\/cropped-apuntesdesanluis.png","width":450,"height":112,"caption":"apuntesdesanluis.com"},"logo":{"@id":"https:\/\/apuntesdesanluis.com\/#\/schema\/person\/image\/"},"sameAs":["https:\/\/apuntesdesanluis.com"],"url":"https:\/\/apuntesdesanluis.com\/index.php\/author\/apuntesdesanluis-com\/"}]}},"featured_image_urls":{"full":["https:\/\/apuntesdesanluis.com\/wp-content\/uploads\/2024\/02\/CASO-ASHWORTH.png",600,330,false],"thumbnail":["https:\/\/apuntesdesanluis.com\/wp-content\/uploads\/2024\/02\/CASO-ASHWORTH-150x150.png",150,150,true],"medium":["https:\/\/apuntesdesanluis.com\/wp-content\/uploads\/2024\/02\/CASO-ASHWORTH-300x165.png",300,165,true],"medium_large":["https:\/\/apuntesdesanluis.com\/wp-content\/uploads\/2024\/02\/CASO-ASHWORTH.png",600,330,false],"large":["https:\/\/apuntesdesanluis.com\/wp-content\/uploads\/2024\/02\/CASO-ASHWORTH.png",600,330,false],"1536x1536":["https:\/\/apuntesdesanluis.com\/wp-content\/uploads\/2024\/02\/CASO-ASHWORTH.png",600,330,false],"2048x2048":["https:\/\/apuntesdesanluis.com\/wp-content\/uploads\/2024\/02\/CASO-ASHWORTH.png",600,330,false],"newsever-slider-full":["https:\/\/apuntesdesanluis.com\/wp-content\/uploads\/2024\/02\/CASO-ASHWORTH.png",600,330,false],"newsever-featured":["https:\/\/apuntesdesanluis.com\/wp-content\/uploads\/2024\/02\/CASO-ASHWORTH.png",600,330,false],"newsever-medium":["https:\/\/apuntesdesanluis.com\/wp-content\/uploads\/2024\/02\/CASO-ASHWORTH.png",600,330,false]},"author_info":{"display_name":"apuntesdesanluis.com","author_link":"https:\/\/apuntesdesanluis.com\/index.php\/author\/apuntesdesanluis-com\/"},"category_info":"<a href=\"https:\/\/apuntesdesanluis.com\/index.php\/category\/ciudad-provincia\/\" rel=\"category tag\">Ciudad\/Provincia<\/a>","tag_info":"Ciudad\/Provincia","comment_count":"0","_links":{"self":[{"href":"https:\/\/apuntesdesanluis.com\/index.php\/wp-json\/wp\/v2\/posts\/11452","targetHints":{"allow":["GET"]}}],"collection":[{"href":"https:\/\/apuntesdesanluis.com\/index.php\/wp-json\/wp\/v2\/posts"}],"about":[{"href":"https:\/\/apuntesdesanluis.com\/index.php\/wp-json\/wp\/v2\/types\/post"}],"author":[{"embeddable":true,"href":"https:\/\/apuntesdesanluis.com\/index.php\/wp-json\/wp\/v2\/users\/1"}],"replies":[{"embeddable":true,"href":"https:\/\/apuntesdesanluis.com\/index.php\/wp-json\/wp\/v2\/comments?post=11452"}],"version-history":[{"count":2,"href":"https:\/\/apuntesdesanluis.com\/index.php\/wp-json\/wp\/v2\/posts\/11452\/revisions"}],"predecessor-version":[{"id":11455,"href":"https:\/\/apuntesdesanluis.com\/index.php\/wp-json\/wp\/v2\/posts\/11452\/revisions\/11455"}],"wp:featuredmedia":[{"embeddable":true,"href":"https:\/\/apuntesdesanluis.com\/index.php\/wp-json\/wp\/v2\/media\/11453"}],"wp:attachment":[{"href":"https:\/\/apuntesdesanluis.com\/index.php\/wp-json\/wp\/v2\/media?parent=11452"}],"wp:term":[{"taxonomy":"category","embeddable":true,"href":"https:\/\/apuntesdesanluis.com\/index.php\/wp-json\/wp\/v2\/categories?post=11452"},{"taxonomy":"post_tag","embeddable":true,"href":"https:\/\/apuntesdesanluis.com\/index.php\/wp-json\/wp\/v2\/tags?post=11452"}],"curies":[{"name":"wp","href":"https:\/\/api.w.org\/{rel}","templated":true}]}}