{"id":11456,"date":"2024-02-08T22:01:56","date_gmt":"2024-02-09T01:01:56","guid":{"rendered":"https:\/\/apuntesdesanluis.com\/?p=11456"},"modified":"2024-02-08T22:02:43","modified_gmt":"2024-02-09T01:02:43","slug":"reduccion-de-subsidios-al-transporte-repercusion-en-el-orden-provincial","status":"publish","type":"post","link":"https:\/\/apuntesdesanluis.com\/index.php\/2024\/02\/08\/reduccion-de-subsidios-al-transporte-repercusion-en-el-orden-provincial\/","title":{"rendered":"REDUCCI\u00d3N DE SUBSIDIOS AL TRANSPORTE: REPERCUSI\u00d3N EN EL ORDEN PROVINCIAL"},"content":{"rendered":"<h3>El gobierno provincial dio a conocer c\u00f3mo repercutir\u00e1 la medida comunicada por el ministerio de Econom\u00eda de la Naci\u00f3n, con respecto a la eliminaci\u00f3n del Fondo Compensador del Interior, que es el subsidio a las empresas de transportes del servicio urbano e interurbano de pasajeros del interior del pa\u00eds.<\/h3>\n<h3>\u201cLa medida nacional repercute en todos los distritos. En la provincia de San Luis, los subsidios significan un 38% de los costos operativos de la prestaci\u00f3n del mismo. En la actualidad, por cada $100 que ingresan a las empresas de colectivos, $45 los aporta el Estado provincial, $38 el Estado nacional y los $17 restantes provienen de la tarifa que paga el usuario\u201d, indic\u00f3 el informe difundido por la ANSL.<\/h3>\n<h3>El secretario de Transporte de la provincia,<strong> V\u00edctor Cianchino<\/strong>, manifest\u00f3: \u201cLa medida la conocimos en horas del mediod\u00eda, estamos preocupados por lo que significa presupuestariamente para el sistema. Seguramente en los pr\u00f3ximos d\u00edas podremos acceder a mayor informaci\u00f3n, algo que nos brinde claridad sobre la decisi\u00f3n tomada por Naci\u00f3n. Siendo que somos un pa\u00eds que se reconoce como federal, nos llama la atenci\u00f3n que se informe que la medida afecta solo al interior, tal como dice el comunicado de prensa, desconociendo si esta resoluci\u00f3n u otra similar, afecta al \u00c1rea Metropolitana de Buenos Aires (AMBA)\u201d.<\/h3>\n<h3>\u201cClaramente en estos momentos nuestra principal preocupaci\u00f3n \u00e9sta enfocada en la sostenibilidad del sistema de transporte p\u00fablico de pasajeros, los usuarios y la estabilidad laboral de los trabajadores\u201d, destac\u00f3 el titular de la cartera.<\/h3>\n<h3>Durante el a\u00f1o 2023, la Naci\u00f3n aport\u00f3 en concepto de subsidios un total al $1.774 Millones, de los cuales, la empresa que gestiona el transporte urbano de la capital provincial, Transpuntano, recibi\u00f3 $886.480.000 para el funcionamiento del servicio.<\/h3>\n<h3>En este contexto, la secretar\u00eda de Transporte solicit\u00f3 con car\u00e1cter de urgente una nueva audiencia con el secretario de Transporte de la Naci\u00f3n. El prop\u00f3sito es abordar en detalle la preocupante reducci\u00f3n de los subsidios nacionales y avanzar de manera inmediata en la implementaci\u00f3n de la tarjeta SUBE en San Luis.<\/h3>\n<h3><strong><span style=\"color: #000000;\">VER COMUNICADO REDUCCI\u00d3N DE SUBSIDIOS:<\/span> <\/strong><\/h3>\n<h3><span style=\"color: #3366ff;\"><strong><a style=\"color: #3366ff;\" href=\"https:\/\/www.argentina.gob.ar\/noticias\/se-reduce-el-subsidio-las-empresas-para-priorizar-la-asistencia-los-usuarios\" target=\"_blank\" rel=\"noopener\">https:\/\/www.argentina.gob.ar\/noticias\/se-reduce-el-subsidio-las-empresas-para-priorizar-la-asistencia-los-usuarios<\/a>\u00a0<\/strong><\/span><\/h3>\n<p>&nbsp;<\/p>\n<p>&nbsp;<\/p>\n<p>&nbsp;<\/p>\n","protected":false},"excerpt":{"rendered":"<p>El gobierno provincial dio a conocer c\u00f3mo repercutir\u00e1 la medida comunicada por el ministerio de&#8230;<\/p>\n","protected":false},"author":1,"featured_media":11457,"comment_status":"closed","ping_status":"closed","sticky":false,"template":"","format":"standard","meta":{"footnotes":""},"categories":[6],"tags":[],"class_list":["post-11456","post","type-post","status-publish","format-standard","has-post-thumbnail","hentry","category-ciudad-provincia"],"yoast_head":"<!-- This site is optimized with the Yoast SEO plugin v26.1.1 - https:\/\/yoast.com\/wordpress\/plugins\/seo\/ -->\n<title>REDUCCI\u00d3N DE SUBSIDIOS AL TRANSPORTE: REPERCUSI\u00d3N EN EL ORDEN PROVINCIAL - Apuntes de San Luis<\/title>\n<meta name=\"robots\" content=\"index, follow, max-snippet:-1, max-image-preview:large, max-video-preview:-1\" \/>\n<link rel=\"canonical\" href=\"https:\/\/apuntesdesanluis.com\/index.php\/2024\/02\/08\/reduccion-de-subsidios-al-transporte-repercusion-en-el-orden-provincial\/\" \/>\n<meta property=\"og:locale\" content=\"es_ES\" \/>\n<meta property=\"og:type\" content=\"article\" \/>\n<meta property=\"og:title\" content=\"REDUCCI\u00d3N DE SUBSIDIOS AL TRANSPORTE: REPERCUSI\u00d3N EN EL ORDEN PROVINCIAL - Apuntes de San Luis\" \/>\n<meta property=\"og:description\" content=\"El gobierno provincial dio a conocer c\u00f3mo repercutir\u00e1 la medida comunicada por el ministerio de...\" \/>\n<meta property=\"og:url\" content=\"https:\/\/apuntesdesanluis.com\/index.php\/2024\/02\/08\/reduccion-de-subsidios-al-transporte-repercusion-en-el-orden-provincial\/\" \/>\n<meta property=\"og:site_name\" content=\"Apuntes de San Luis\" \/>\n<meta property=\"article:published_time\" content=\"2024-02-09T01:01:56+00:00\" \/>\n<meta property=\"article:modified_time\" content=\"2024-02-09T01:02:43+00:00\" \/>\n<meta property=\"og:image\" content=\"https:\/\/apuntesdesanluis.com\/wp-content\/uploads\/2024\/02\/bondi-transpuntano.png\" \/>\n\t<meta property=\"og:image:width\" content=\"571\" \/>\n\t<meta property=\"og:image:height\" content=\"317\" \/>\n\t<meta property=\"og:image:type\" content=\"image\/png\" \/>\n<meta name=\"author\" content=\"apuntesdesanluis.com\" \/>\n<meta name=\"twitter:card\" content=\"summary_large_image\" \/>\n<meta name=\"twitter:label1\" content=\"Escrito por\" \/>\n\t<meta name=\"twitter:data1\" content=\"apuntesdesanluis.com\" \/>\n\t<meta name=\"twitter:label2\" content=\"Tiempo de lectura\" \/>\n\t<meta name=\"twitter:data2\" content=\"2 minutos\" \/>\n<script type=\"application\/ld+json\" class=\"yoast-schema-graph\">{\"@context\":\"https:\/\/schema.org\",\"@graph\":[{\"@type\":\"Article\",\"@id\":\"https:\/\/apuntesdesanluis.com\/index.php\/2024\/02\/08\/reduccion-de-subsidios-al-transporte-repercusion-en-el-orden-provincial\/#article\",\"isPartOf\":{\"@id\":\"https:\/\/apuntesdesanluis.com\/index.php\/2024\/02\/08\/reduccion-de-subsidios-al-transporte-repercusion-en-el-orden-provincial\/\"},\"author\":{\"name\":\"apuntesdesanluis.com\",\"@id\":\"https:\/\/apuntesdesanluis.com\/#\/schema\/person\/b55151d52296fcce64d1a72538a70b90\"},\"headline\":\"REDUCCI\u00d3N DE SUBSIDIOS AL TRANSPORTE: REPERCUSI\u00d3N EN EL ORDEN PROVINCIAL\",\"datePublished\":\"2024-02-09T01:01:56+00:00\",\"dateModified\":\"2024-02-09T01:02:43+00:00\",\"mainEntityOfPage\":{\"@id\":\"https:\/\/apuntesdesanluis.com\/index.php\/2024\/02\/08\/reduccion-de-subsidios-al-transporte-repercusion-en-el-orden-provincial\/\"},\"wordCount\":383,\"publisher\":{\"@id\":\"https:\/\/apuntesdesanluis.com\/#\/schema\/person\/b55151d52296fcce64d1a72538a70b90\"},\"image\":{\"@id\":\"https:\/\/apuntesdesanluis.com\/index.php\/2024\/02\/08\/reduccion-de-subsidios-al-transporte-repercusion-en-el-orden-provincial\/#primaryimage\"},\"thumbnailUrl\":\"https:\/\/apuntesdesanluis.com\/wp-content\/uploads\/2024\/02\/bondi-transpuntano.png\",\"articleSection\":[\"Ciudad\/Provincia\"],\"inLanguage\":\"es-AR\"},{\"@type\":\"WebPage\",\"@id\":\"https:\/\/apuntesdesanluis.com\/index.php\/2024\/02\/08\/reduccion-de-subsidios-al-transporte-repercusion-en-el-orden-provincial\/\",\"url\":\"https:\/\/apuntesdesanluis.com\/index.php\/2024\/02\/08\/reduccion-de-subsidios-al-transporte-repercusion-en-el-orden-provincial\/\",\"name\":\"REDUCCI\u00d3N DE SUBSIDIOS AL TRANSPORTE: REPERCUSI\u00d3N EN EL ORDEN PROVINCIAL - Apuntes de San Luis\",\"isPartOf\":{\"@id\":\"https:\/\/apuntesdesanluis.com\/#website\"},\"primaryImageOfPage\":{\"@id\":\"https:\/\/apuntesdesanluis.com\/index.php\/2024\/02\/08\/reduccion-de-subsidios-al-transporte-repercusion-en-el-orden-provincial\/#primaryimage\"},\"image\":{\"@id\":\"https:\/\/apuntesdesanluis.com\/index.php\/2024\/02\/08\/reduccion-de-subsidios-al-transporte-repercusion-en-el-orden-provincial\/#primaryimage\"},\"thumbnailUrl\":\"https:\/\/apuntesdesanluis.com\/wp-content\/uploads\/2024\/02\/bondi-transpuntano.png\",\"datePublished\":\"2024-02-09T01:01:56+00:00\",\"dateModified\":\"2024-02-09T01:02:43+00:00\",\"breadcrumb\":{\"@id\":\"https:\/\/apuntesdesanluis.com\/index.php\/2024\/02\/08\/reduccion-de-subsidios-al-transporte-repercusion-en-el-orden-provincial\/#breadcrumb\"},\"inLanguage\":\"es-AR\",\"potentialAction\":[{\"@type\":\"ReadAction\",\"target\":[\"https:\/\/apuntesdesanluis.com\/index.php\/2024\/02\/08\/reduccion-de-subsidios-al-transporte-repercusion-en-el-orden-provincial\/\"]}]},{\"@type\":\"ImageObject\",\"inLanguage\":\"es-AR\",\"@id\":\"https:\/\/apuntesdesanluis.com\/index.php\/2024\/02\/08\/reduccion-de-subsidios-al-transporte-repercusion-en-el-orden-provincial\/#primaryimage\",\"url\":\"https:\/\/apuntesdesanluis.com\/wp-content\/uploads\/2024\/02\/bondi-transpuntano.png\",\"contentUrl\":\"https:\/\/apuntesdesanluis.com\/wp-content\/uploads\/2024\/02\/bondi-transpuntano.png\",\"width\":571,\"height\":317},{\"@type\":\"BreadcrumbList\",\"@id\":\"https:\/\/apuntesdesanluis.com\/index.php\/2024\/02\/08\/reduccion-de-subsidios-al-transporte-repercusion-en-el-orden-provincial\/#breadcrumb\",\"itemListElement\":[{\"@type\":\"ListItem\",\"position\":1,\"name\":\"Inicio\",\"item\":\"https:\/\/apuntesdesanluis.com\/\"},{\"@type\":\"ListItem\",\"position\":2,\"name\":\"REDUCCI\u00d3N DE SUBSIDIOS AL TRANSPORTE: REPERCUSI\u00d3N EN EL ORDEN PROVINCIAL\"}]},{\"@type\":\"WebSite\",\"@id\":\"https:\/\/apuntesdesanluis.com\/#website\",\"url\":\"https:\/\/apuntesdesanluis.com\/\",\"name\":\"Apuntes de San Luis\",\"description\":\"\",\"publisher\":{\"@id\":\"https:\/\/apuntesdesanluis.com\/#\/schema\/person\/b55151d52296fcce64d1a72538a70b90\"},\"potentialAction\":[{\"@type\":\"SearchAction\",\"target\":{\"@type\":\"EntryPoint\",\"urlTemplate\":\"https:\/\/apuntesdesanluis.com\/?s={search_term_string}\"},\"query-input\":{\"@type\":\"PropertyValueSpecification\",\"valueRequired\":true,\"valueName\":\"search_term_string\"}}],\"inLanguage\":\"es-AR\"},{\"@type\":[\"Person\",\"Organization\"],\"@id\":\"https:\/\/apuntesdesanluis.com\/#\/schema\/person\/b55151d52296fcce64d1a72538a70b90\",\"name\":\"apuntesdesanluis.com\",\"image\":{\"@type\":\"ImageObject\",\"inLanguage\":\"es-AR\",\"@id\":\"https:\/\/apuntesdesanluis.com\/#\/schema\/person\/image\/\",\"url\":\"https:\/\/apuntesdesanluis.com\/wp-content\/uploads\/2023\/07\/cropped-apuntesdesanluis.png\",\"contentUrl\":\"https:\/\/apuntesdesanluis.com\/wp-content\/uploads\/2023\/07\/cropped-apuntesdesanluis.png\",\"width\":450,\"height\":112,\"caption\":\"apuntesdesanluis.com\"},\"logo\":{\"@id\":\"https:\/\/apuntesdesanluis.com\/#\/schema\/person\/image\/\"},\"sameAs\":[\"https:\/\/apuntesdesanluis.com\"],\"url\":\"https:\/\/apuntesdesanluis.com\/index.php\/author\/apuntesdesanluis-com\/\"}]}<\/script>\n<!-- \/ Yoast SEO plugin. -->","yoast_head_json":{"title":"REDUCCI\u00d3N DE SUBSIDIOS AL TRANSPORTE: REPERCUSI\u00d3N EN EL ORDEN PROVINCIAL - Apuntes de San Luis","robots":{"index":"index","follow":"follow","max-snippet":"max-snippet:-1","max-image-preview":"max-image-preview:large","max-video-preview":"max-video-preview:-1"},"canonical":"https:\/\/apuntesdesanluis.com\/index.php\/2024\/02\/08\/reduccion-de-subsidios-al-transporte-repercusion-en-el-orden-provincial\/","og_locale":"es_ES","og_type":"article","og_title":"REDUCCI\u00d3N DE SUBSIDIOS AL TRANSPORTE: REPERCUSI\u00d3N EN EL ORDEN PROVINCIAL - Apuntes de San Luis","og_description":"El gobierno provincial dio a conocer c\u00f3mo repercutir\u00e1 la medida comunicada por el ministerio de...","og_url":"https:\/\/apuntesdesanluis.com\/index.php\/2024\/02\/08\/reduccion-de-subsidios-al-transporte-repercusion-en-el-orden-provincial\/","og_site_name":"Apuntes de San Luis","article_published_time":"2024-02-09T01:01:56+00:00","article_modified_time":"2024-02-09T01:02:43+00:00","og_image":[{"width":571,"height":317,"url":"https:\/\/apuntesdesanluis.com\/wp-content\/uploads\/2024\/02\/bondi-transpuntano.png","type":"image\/png"}],"author":"apuntesdesanluis.com","twitter_card":"summary_large_image","twitter_misc":{"Escrito por":"apuntesdesanluis.com","Tiempo de lectura":"2 minutos"},"schema":{"@context":"https:\/\/schema.org","@graph":[{"@type":"Article","@id":"https:\/\/apuntesdesanluis.com\/index.php\/2024\/02\/08\/reduccion-de-subsidios-al-transporte-repercusion-en-el-orden-provincial\/#article","isPartOf":{"@id":"https:\/\/apuntesdesanluis.com\/index.php\/2024\/02\/08\/reduccion-de-subsidios-al-transporte-repercusion-en-el-orden-provincial\/"},"author":{"name":"apuntesdesanluis.com","@id":"https:\/\/apuntesdesanluis.com\/#\/schema\/person\/b55151d52296fcce64d1a72538a70b90"},"headline":"REDUCCI\u00d3N DE SUBSIDIOS AL TRANSPORTE: REPERCUSI\u00d3N EN EL ORDEN PROVINCIAL","datePublished":"2024-02-09T01:01:56+00:00","dateModified":"2024-02-09T01:02:43+00:00","mainEntityOfPage":{"@id":"https:\/\/apuntesdesanluis.com\/index.php\/2024\/02\/08\/reduccion-de-subsidios-al-transporte-repercusion-en-el-orden-provincial\/"},"wordCount":383,"publisher":{"@id":"https:\/\/apuntesdesanluis.com\/#\/schema\/person\/b55151d52296fcce64d1a72538a70b90"},"image":{"@id":"https:\/\/apuntesdesanluis.com\/index.php\/2024\/02\/08\/reduccion-de-subsidios-al-transporte-repercusion-en-el-orden-provincial\/#primaryimage"},"thumbnailUrl":"https:\/\/apuntesdesanluis.com\/wp-content\/uploads\/2024\/02\/bondi-transpuntano.png","articleSection":["Ciudad\/Provincia"],"inLanguage":"es-AR"},{"@type":"WebPage","@id":"https:\/\/apuntesdesanluis.com\/index.php\/2024\/02\/08\/reduccion-de-subsidios-al-transporte-repercusion-en-el-orden-provincial\/","url":"https:\/\/apuntesdesanluis.com\/index.php\/2024\/02\/08\/reduccion-de-subsidios-al-transporte-repercusion-en-el-orden-provincial\/","name":"REDUCCI\u00d3N DE SUBSIDIOS AL TRANSPORTE: REPERCUSI\u00d3N EN EL ORDEN PROVINCIAL - Apuntes de San Luis","isPartOf":{"@id":"https:\/\/apuntesdesanluis.com\/#website"},"primaryImageOfPage":{"@id":"https:\/\/apuntesdesanluis.com\/index.php\/2024\/02\/08\/reduccion-de-subsidios-al-transporte-repercusion-en-el-orden-provincial\/#primaryimage"},"image":{"@id":"https:\/\/apuntesdesanluis.com\/index.php\/2024\/02\/08\/reduccion-de-subsidios-al-transporte-repercusion-en-el-orden-provincial\/#primaryimage"},"thumbnailUrl":"https:\/\/apuntesdesanluis.com\/wp-content\/uploads\/2024\/02\/bondi-transpuntano.png","datePublished":"2024-02-09T01:01:56+00:00","dateModified":"2024-02-09T01:02:43+00:00","breadcrumb":{"@id":"https:\/\/apuntesdesanluis.com\/index.php\/2024\/02\/08\/reduccion-de-subsidios-al-transporte-repercusion-en-el-orden-provincial\/#breadcrumb"},"inLanguage":"es-AR","potentialAction":[{"@type":"ReadAction","target":["https:\/\/apuntesdesanluis.com\/index.php\/2024\/02\/08\/reduccion-de-subsidios-al-transporte-repercusion-en-el-orden-provincial\/"]}]},{"@type":"ImageObject","inLanguage":"es-AR","@id":"https:\/\/apuntesdesanluis.com\/index.php\/2024\/02\/08\/reduccion-de-subsidios-al-transporte-repercusion-en-el-orden-provincial\/#primaryimage","url":"https:\/\/apuntesdesanluis.com\/wp-content\/uploads\/2024\/02\/bondi-transpuntano.png","contentUrl":"https:\/\/apuntesdesanluis.com\/wp-content\/uploads\/2024\/02\/bondi-transpuntano.png","width":571,"height":317},{"@type":"BreadcrumbList","@id":"https:\/\/apuntesdesanluis.com\/index.php\/2024\/02\/08\/reduccion-de-subsidios-al-transporte-repercusion-en-el-orden-provincial\/#breadcrumb","itemListElement":[{"@type":"ListItem","position":1,"name":"Inicio","item":"https:\/\/apuntesdesanluis.com\/"},{"@type":"ListItem","position":2,"name":"REDUCCI\u00d3N DE SUBSIDIOS AL TRANSPORTE: REPERCUSI\u00d3N EN EL ORDEN PROVINCIAL"}]},{"@type":"WebSite","@id":"https:\/\/apuntesdesanluis.com\/#website","url":"https:\/\/apuntesdesanluis.com\/","name":"Apuntes de San Luis","description":"","publisher":{"@id":"https:\/\/apuntesdesanluis.com\/#\/schema\/person\/b55151d52296fcce64d1a72538a70b90"},"potentialAction":[{"@type":"SearchAction","target":{"@type":"EntryPoint","urlTemplate":"https:\/\/apuntesdesanluis.com\/?s={search_term_string}"},"query-input":{"@type":"PropertyValueSpecification","valueRequired":true,"valueName":"search_term_string"}}],"inLanguage":"es-AR"},{"@type":["Person","Organization"],"@id":"https:\/\/apuntesdesanluis.com\/#\/schema\/person\/b55151d52296fcce64d1a72538a70b90","name":"apuntesdesanluis.com","image":{"@type":"ImageObject","inLanguage":"es-AR","@id":"https:\/\/apuntesdesanluis.com\/#\/schema\/person\/image\/","url":"https:\/\/apuntesdesanluis.com\/wp-content\/uploads\/2023\/07\/cropped-apuntesdesanluis.png","contentUrl":"https:\/\/apuntesdesanluis.com\/wp-content\/uploads\/2023\/07\/cropped-apuntesdesanluis.png","width":450,"height":112,"caption":"apuntesdesanluis.com"},"logo":{"@id":"https:\/\/apuntesdesanluis.com\/#\/schema\/person\/image\/"},"sameAs":["https:\/\/apuntesdesanluis.com"],"url":"https:\/\/apuntesdesanluis.com\/index.php\/author\/apuntesdesanluis-com\/"}]}},"featured_image_urls":{"full":["https:\/\/apuntesdesanluis.com\/wp-content\/uploads\/2024\/02\/bondi-transpuntano.png",571,317,false],"thumbnail":["https:\/\/apuntesdesanluis.com\/wp-content\/uploads\/2024\/02\/bondi-transpuntano-150x150.png",150,150,true],"medium":["https:\/\/apuntesdesanluis.com\/wp-content\/uploads\/2024\/02\/bondi-transpuntano-300x167.png",300,167,true],"medium_large":["https:\/\/apuntesdesanluis.com\/wp-content\/uploads\/2024\/02\/bondi-transpuntano.png",571,317,false],"large":["https:\/\/apuntesdesanluis.com\/wp-content\/uploads\/2024\/02\/bondi-transpuntano.png",571,317,false],"1536x1536":["https:\/\/apuntesdesanluis.com\/wp-content\/uploads\/2024\/02\/bondi-transpuntano.png",571,317,false],"2048x2048":["https:\/\/apuntesdesanluis.com\/wp-content\/uploads\/2024\/02\/bondi-transpuntano.png",571,317,false],"newsever-slider-full":["https:\/\/apuntesdesanluis.com\/wp-content\/uploads\/2024\/02\/bondi-transpuntano.png",571,317,false],"newsever-featured":["https:\/\/apuntesdesanluis.com\/wp-content\/uploads\/2024\/02\/bondi-transpuntano.png",571,317,false],"newsever-medium":["https:\/\/apuntesdesanluis.com\/wp-content\/uploads\/2024\/02\/bondi-transpuntano.png",571,317,false]},"author_info":{"display_name":"apuntesdesanluis.com","author_link":"https:\/\/apuntesdesanluis.com\/index.php\/author\/apuntesdesanluis-com\/"},"category_info":"<a href=\"https:\/\/apuntesdesanluis.com\/index.php\/category\/ciudad-provincia\/\" rel=\"category tag\">Ciudad\/Provincia<\/a>","tag_info":"Ciudad\/Provincia","comment_count":"0","_links":{"self":[{"href":"https:\/\/apuntesdesanluis.com\/index.php\/wp-json\/wp\/v2\/posts\/11456","targetHints":{"allow":["GET"]}}],"collection":[{"href":"https:\/\/apuntesdesanluis.com\/index.php\/wp-json\/wp\/v2\/posts"}],"about":[{"href":"https:\/\/apuntesdesanluis.com\/index.php\/wp-json\/wp\/v2\/types\/post"}],"author":[{"embeddable":true,"href":"https:\/\/apuntesdesanluis.com\/index.php\/wp-json\/wp\/v2\/users\/1"}],"replies":[{"embeddable":true,"href":"https:\/\/apuntesdesanluis.com\/index.php\/wp-json\/wp\/v2\/comments?post=11456"}],"version-history":[{"count":3,"href":"https:\/\/apuntesdesanluis.com\/index.php\/wp-json\/wp\/v2\/posts\/11456\/revisions"}],"predecessor-version":[{"id":11460,"href":"https:\/\/apuntesdesanluis.com\/index.php\/wp-json\/wp\/v2\/posts\/11456\/revisions\/11460"}],"wp:featuredmedia":[{"embeddable":true,"href":"https:\/\/apuntesdesanluis.com\/index.php\/wp-json\/wp\/v2\/media\/11457"}],"wp:attachment":[{"href":"https:\/\/apuntesdesanluis.com\/index.php\/wp-json\/wp\/v2\/media?parent=11456"}],"wp:term":[{"taxonomy":"category","embeddable":true,"href":"https:\/\/apuntesdesanluis.com\/index.php\/wp-json\/wp\/v2\/categories?post=11456"},{"taxonomy":"post_tag","embeddable":true,"href":"https:\/\/apuntesdesanluis.com\/index.php\/wp-json\/wp\/v2\/tags?post=11456"}],"curies":[{"name":"wp","href":"https:\/\/api.w.org\/{rel}","templated":true}]}}