{"id":11490,"date":"2024-02-09T00:53:39","date_gmt":"2024-02-09T03:53:39","guid":{"rendered":"https:\/\/apuntesdesanluis.com\/?p=11490"},"modified":"2024-02-09T01:06:48","modified_gmt":"2024-02-09T04:06:48","slug":"dictaron-prision-preventiva-a-la-efectivo-policial-implicada-en-un-robo","status":"publish","type":"post","link":"https:\/\/apuntesdesanluis.com\/index.php\/2024\/02\/09\/dictaron-prision-preventiva-a-la-efectivo-policial-implicada-en-un-robo\/","title":{"rendered":"DICTARON PRISI\u00d3N PREVENTIVA A LA EFECTIVO POLICIAL IMPLICADA EN UN ROBO"},"content":{"rendered":"<h3>El juez de Garant\u00eda N\u00b0 3 de la Primera Circunscripci\u00f3n Judicial, Marcos Flores Leyes, orden\u00f3 la prisi\u00f3n preventiva por 120 d\u00edas para la efectivo policial involucrada en un robo que se produjo el mes pasado en El Suyuque-Los Molles. La medida fue emitida este jueves, en el marco de la audiencia de formulaci\u00f3n de cargos.<\/h3>\n<h3>La mujer hab\u00eda sido detenida luego de distintas tareas investigativas que se desarrollaron con el objetivo de esclarecer un robo en banda, ocurrido en un corral\u00f3n ubicado sobre la autopista 25 de Mayo.<\/h3>\n<h3><span style=\"color: #3366ff;\"><strong>NOTICIA RELACIONADA:<\/strong><\/span><\/h3>\n<p>&nbsp;<\/p>\n<p><a href=\"https:\/\/apuntesdesanluis.com\/index.php\/2024\/01\/27\/detienen-a-una-mujer-policia-sospechada-de-haber-robado-en-los-molles-suyuque\/\" target=\"_blank\" rel=\"noopener\"><img fetchpriority=\"high\" decoding=\"async\" class=\"alignnone wp-image-11491\" src=\"https:\/\/apuntesdesanluis.com\/wp-content\/uploads\/2024\/02\/POSTEO-3-300x192.png\" alt=\"\" width=\"419\" height=\"268\" srcset=\"https:\/\/apuntesdesanluis.com\/wp-content\/uploads\/2024\/02\/POSTEO-3-300x192.png 300w, https:\/\/apuntesdesanluis.com\/wp-content\/uploads\/2024\/02\/POSTEO-3.png 674w\" sizes=\"(max-width: 419px) 100vw, 419px\" \/><\/a><\/p>\n","protected":false},"excerpt":{"rendered":"<p>El juez de Garant\u00eda N\u00b0 3 de la Primera Circunscripci\u00f3n Judicial, Marcos Flores Leyes, orden\u00f3&#8230;<\/p>\n","protected":false},"author":1,"featured_media":11493,"comment_status":"closed","ping_status":"closed","sticky":false,"template":"","format":"standard","meta":{"footnotes":""},"categories":[6],"tags":[],"class_list":["post-11490","post","type-post","status-publish","format-standard","has-post-thumbnail","hentry","category-ciudad-provincia"],"yoast_head":"<!-- This site is optimized with the Yoast SEO plugin v26.1.1 - https:\/\/yoast.com\/wordpress\/plugins\/seo\/ -->\n<title>DICTARON PRISI\u00d3N PREVENTIVA A LA EFECTIVO POLICIAL IMPLICADA EN UN ROBO - Apuntes de San Luis<\/title>\n<meta name=\"robots\" content=\"index, follow, max-snippet:-1, max-image-preview:large, max-video-preview:-1\" \/>\n<link rel=\"canonical\" href=\"https:\/\/apuntesdesanluis.com\/index.php\/2024\/02\/09\/dictaron-prision-preventiva-a-la-efectivo-policial-implicada-en-un-robo\/\" \/>\n<meta property=\"og:locale\" content=\"es_ES\" \/>\n<meta property=\"og:type\" content=\"article\" \/>\n<meta property=\"og:title\" content=\"DICTARON PRISI\u00d3N PREVENTIVA A LA EFECTIVO POLICIAL IMPLICADA EN UN ROBO - Apuntes de San Luis\" \/>\n<meta property=\"og:description\" content=\"El juez de Garant\u00eda N\u00b0 3 de la Primera Circunscripci\u00f3n Judicial, Marcos Flores Leyes, orden\u00f3...\" \/>\n<meta property=\"og:url\" content=\"https:\/\/apuntesdesanluis.com\/index.php\/2024\/02\/09\/dictaron-prision-preventiva-a-la-efectivo-policial-implicada-en-un-robo\/\" \/>\n<meta property=\"og:site_name\" content=\"Apuntes de San Luis\" \/>\n<meta property=\"article:published_time\" content=\"2024-02-09T03:53:39+00:00\" \/>\n<meta property=\"article:modified_time\" content=\"2024-02-09T04:06:48+00:00\" \/>\n<meta property=\"og:image\" content=\"https:\/\/apuntesdesanluis.com\/wp-content\/uploads\/2024\/02\/DETENIDOS.png\" \/>\n\t<meta property=\"og:image:width\" content=\"517\" \/>\n\t<meta property=\"og:image:height\" content=\"335\" \/>\n\t<meta property=\"og:image:type\" content=\"image\/png\" \/>\n<meta name=\"author\" content=\"apuntesdesanluis.com\" \/>\n<meta name=\"twitter:card\" content=\"summary_large_image\" \/>\n<meta name=\"twitter:label1\" content=\"Escrito por\" \/>\n\t<meta name=\"twitter:data1\" content=\"apuntesdesanluis.com\" \/>\n\t<meta name=\"twitter:label2\" content=\"Tiempo de lectura\" \/>\n\t<meta name=\"twitter:data2\" content=\"1 minuto\" \/>\n<script type=\"application\/ld+json\" class=\"yoast-schema-graph\">{\"@context\":\"https:\/\/schema.org\",\"@graph\":[{\"@type\":\"Article\",\"@id\":\"https:\/\/apuntesdesanluis.com\/index.php\/2024\/02\/09\/dictaron-prision-preventiva-a-la-efectivo-policial-implicada-en-un-robo\/#article\",\"isPartOf\":{\"@id\":\"https:\/\/apuntesdesanluis.com\/index.php\/2024\/02\/09\/dictaron-prision-preventiva-a-la-efectivo-policial-implicada-en-un-robo\/\"},\"author\":{\"name\":\"apuntesdesanluis.com\",\"@id\":\"https:\/\/apuntesdesanluis.com\/#\/schema\/person\/b55151d52296fcce64d1a72538a70b90\"},\"headline\":\"DICTARON PRISI\u00d3N PREVENTIVA A LA EFECTIVO POLICIAL IMPLICADA EN UN ROBO\",\"datePublished\":\"2024-02-09T03:53:39+00:00\",\"dateModified\":\"2024-02-09T04:06:48+00:00\",\"mainEntityOfPage\":{\"@id\":\"https:\/\/apuntesdesanluis.com\/index.php\/2024\/02\/09\/dictaron-prision-preventiva-a-la-efectivo-policial-implicada-en-un-robo\/\"},\"wordCount\":107,\"publisher\":{\"@id\":\"https:\/\/apuntesdesanluis.com\/#\/schema\/person\/b55151d52296fcce64d1a72538a70b90\"},\"image\":{\"@id\":\"https:\/\/apuntesdesanluis.com\/index.php\/2024\/02\/09\/dictaron-prision-preventiva-a-la-efectivo-policial-implicada-en-un-robo\/#primaryimage\"},\"thumbnailUrl\":\"https:\/\/apuntesdesanluis.com\/wp-content\/uploads\/2024\/02\/DETENIDOS.png\",\"articleSection\":[\"Ciudad\/Provincia\"],\"inLanguage\":\"es-AR\"},{\"@type\":\"WebPage\",\"@id\":\"https:\/\/apuntesdesanluis.com\/index.php\/2024\/02\/09\/dictaron-prision-preventiva-a-la-efectivo-policial-implicada-en-un-robo\/\",\"url\":\"https:\/\/apuntesdesanluis.com\/index.php\/2024\/02\/09\/dictaron-prision-preventiva-a-la-efectivo-policial-implicada-en-un-robo\/\",\"name\":\"DICTARON PRISI\u00d3N PREVENTIVA A LA EFECTIVO POLICIAL IMPLICADA EN UN ROBO - Apuntes de San Luis\",\"isPartOf\":{\"@id\":\"https:\/\/apuntesdesanluis.com\/#website\"},\"primaryImageOfPage\":{\"@id\":\"https:\/\/apuntesdesanluis.com\/index.php\/2024\/02\/09\/dictaron-prision-preventiva-a-la-efectivo-policial-implicada-en-un-robo\/#primaryimage\"},\"image\":{\"@id\":\"https:\/\/apuntesdesanluis.com\/index.php\/2024\/02\/09\/dictaron-prision-preventiva-a-la-efectivo-policial-implicada-en-un-robo\/#primaryimage\"},\"thumbnailUrl\":\"https:\/\/apuntesdesanluis.com\/wp-content\/uploads\/2024\/02\/DETENIDOS.png\",\"datePublished\":\"2024-02-09T03:53:39+00:00\",\"dateModified\":\"2024-02-09T04:06:48+00:00\",\"breadcrumb\":{\"@id\":\"https:\/\/apuntesdesanluis.com\/index.php\/2024\/02\/09\/dictaron-prision-preventiva-a-la-efectivo-policial-implicada-en-un-robo\/#breadcrumb\"},\"inLanguage\":\"es-AR\",\"potentialAction\":[{\"@type\":\"ReadAction\",\"target\":[\"https:\/\/apuntesdesanluis.com\/index.php\/2024\/02\/09\/dictaron-prision-preventiva-a-la-efectivo-policial-implicada-en-un-robo\/\"]}]},{\"@type\":\"ImageObject\",\"inLanguage\":\"es-AR\",\"@id\":\"https:\/\/apuntesdesanluis.com\/index.php\/2024\/02\/09\/dictaron-prision-preventiva-a-la-efectivo-policial-implicada-en-un-robo\/#primaryimage\",\"url\":\"https:\/\/apuntesdesanluis.com\/wp-content\/uploads\/2024\/02\/DETENIDOS.png\",\"contentUrl\":\"https:\/\/apuntesdesanluis.com\/wp-content\/uploads\/2024\/02\/DETENIDOS.png\",\"width\":517,\"height\":335},{\"@type\":\"BreadcrumbList\",\"@id\":\"https:\/\/apuntesdesanluis.com\/index.php\/2024\/02\/09\/dictaron-prision-preventiva-a-la-efectivo-policial-implicada-en-un-robo\/#breadcrumb\",\"itemListElement\":[{\"@type\":\"ListItem\",\"position\":1,\"name\":\"Inicio\",\"item\":\"https:\/\/apuntesdesanluis.com\/\"},{\"@type\":\"ListItem\",\"position\":2,\"name\":\"DICTARON PRISI\u00d3N PREVENTIVA A LA EFECTIVO POLICIAL IMPLICADA EN UN ROBO\"}]},{\"@type\":\"WebSite\",\"@id\":\"https:\/\/apuntesdesanluis.com\/#website\",\"url\":\"https:\/\/apuntesdesanluis.com\/\",\"name\":\"Apuntes de San Luis\",\"description\":\"\",\"publisher\":{\"@id\":\"https:\/\/apuntesdesanluis.com\/#\/schema\/person\/b55151d52296fcce64d1a72538a70b90\"},\"potentialAction\":[{\"@type\":\"SearchAction\",\"target\":{\"@type\":\"EntryPoint\",\"urlTemplate\":\"https:\/\/apuntesdesanluis.com\/?s={search_term_string}\"},\"query-input\":{\"@type\":\"PropertyValueSpecification\",\"valueRequired\":true,\"valueName\":\"search_term_string\"}}],\"inLanguage\":\"es-AR\"},{\"@type\":[\"Person\",\"Organization\"],\"@id\":\"https:\/\/apuntesdesanluis.com\/#\/schema\/person\/b55151d52296fcce64d1a72538a70b90\",\"name\":\"apuntesdesanluis.com\",\"image\":{\"@type\":\"ImageObject\",\"inLanguage\":\"es-AR\",\"@id\":\"https:\/\/apuntesdesanluis.com\/#\/schema\/person\/image\/\",\"url\":\"https:\/\/apuntesdesanluis.com\/wp-content\/uploads\/2023\/07\/cropped-apuntesdesanluis.png\",\"contentUrl\":\"https:\/\/apuntesdesanluis.com\/wp-content\/uploads\/2023\/07\/cropped-apuntesdesanluis.png\",\"width\":450,\"height\":112,\"caption\":\"apuntesdesanluis.com\"},\"logo\":{\"@id\":\"https:\/\/apuntesdesanluis.com\/#\/schema\/person\/image\/\"},\"sameAs\":[\"https:\/\/apuntesdesanluis.com\"],\"url\":\"https:\/\/apuntesdesanluis.com\/index.php\/author\/apuntesdesanluis-com\/\"}]}<\/script>\n<!-- \/ Yoast SEO plugin. -->","yoast_head_json":{"title":"DICTARON PRISI\u00d3N PREVENTIVA A LA EFECTIVO POLICIAL IMPLICADA EN UN ROBO - Apuntes de San Luis","robots":{"index":"index","follow":"follow","max-snippet":"max-snippet:-1","max-image-preview":"max-image-preview:large","max-video-preview":"max-video-preview:-1"},"canonical":"https:\/\/apuntesdesanluis.com\/index.php\/2024\/02\/09\/dictaron-prision-preventiva-a-la-efectivo-policial-implicada-en-un-robo\/","og_locale":"es_ES","og_type":"article","og_title":"DICTARON PRISI\u00d3N PREVENTIVA A LA EFECTIVO POLICIAL IMPLICADA EN UN ROBO - Apuntes de San Luis","og_description":"El juez de Garant\u00eda N\u00b0 3 de la Primera Circunscripci\u00f3n Judicial, Marcos Flores Leyes, orden\u00f3...","og_url":"https:\/\/apuntesdesanluis.com\/index.php\/2024\/02\/09\/dictaron-prision-preventiva-a-la-efectivo-policial-implicada-en-un-robo\/","og_site_name":"Apuntes de San Luis","article_published_time":"2024-02-09T03:53:39+00:00","article_modified_time":"2024-02-09T04:06:48+00:00","og_image":[{"width":517,"height":335,"url":"https:\/\/apuntesdesanluis.com\/wp-content\/uploads\/2024\/02\/DETENIDOS.png","type":"image\/png"}],"author":"apuntesdesanluis.com","twitter_card":"summary_large_image","twitter_misc":{"Escrito por":"apuntesdesanluis.com","Tiempo de lectura":"1 minuto"},"schema":{"@context":"https:\/\/schema.org","@graph":[{"@type":"Article","@id":"https:\/\/apuntesdesanluis.com\/index.php\/2024\/02\/09\/dictaron-prision-preventiva-a-la-efectivo-policial-implicada-en-un-robo\/#article","isPartOf":{"@id":"https:\/\/apuntesdesanluis.com\/index.php\/2024\/02\/09\/dictaron-prision-preventiva-a-la-efectivo-policial-implicada-en-un-robo\/"},"author":{"name":"apuntesdesanluis.com","@id":"https:\/\/apuntesdesanluis.com\/#\/schema\/person\/b55151d52296fcce64d1a72538a70b90"},"headline":"DICTARON PRISI\u00d3N PREVENTIVA A LA EFECTIVO POLICIAL IMPLICADA EN UN ROBO","datePublished":"2024-02-09T03:53:39+00:00","dateModified":"2024-02-09T04:06:48+00:00","mainEntityOfPage":{"@id":"https:\/\/apuntesdesanluis.com\/index.php\/2024\/02\/09\/dictaron-prision-preventiva-a-la-efectivo-policial-implicada-en-un-robo\/"},"wordCount":107,"publisher":{"@id":"https:\/\/apuntesdesanluis.com\/#\/schema\/person\/b55151d52296fcce64d1a72538a70b90"},"image":{"@id":"https:\/\/apuntesdesanluis.com\/index.php\/2024\/02\/09\/dictaron-prision-preventiva-a-la-efectivo-policial-implicada-en-un-robo\/#primaryimage"},"thumbnailUrl":"https:\/\/apuntesdesanluis.com\/wp-content\/uploads\/2024\/02\/DETENIDOS.png","articleSection":["Ciudad\/Provincia"],"inLanguage":"es-AR"},{"@type":"WebPage","@id":"https:\/\/apuntesdesanluis.com\/index.php\/2024\/02\/09\/dictaron-prision-preventiva-a-la-efectivo-policial-implicada-en-un-robo\/","url":"https:\/\/apuntesdesanluis.com\/index.php\/2024\/02\/09\/dictaron-prision-preventiva-a-la-efectivo-policial-implicada-en-un-robo\/","name":"DICTARON PRISI\u00d3N PREVENTIVA A LA EFECTIVO POLICIAL IMPLICADA EN UN ROBO - Apuntes de San Luis","isPartOf":{"@id":"https:\/\/apuntesdesanluis.com\/#website"},"primaryImageOfPage":{"@id":"https:\/\/apuntesdesanluis.com\/index.php\/2024\/02\/09\/dictaron-prision-preventiva-a-la-efectivo-policial-implicada-en-un-robo\/#primaryimage"},"image":{"@id":"https:\/\/apuntesdesanluis.com\/index.php\/2024\/02\/09\/dictaron-prision-preventiva-a-la-efectivo-policial-implicada-en-un-robo\/#primaryimage"},"thumbnailUrl":"https:\/\/apuntesdesanluis.com\/wp-content\/uploads\/2024\/02\/DETENIDOS.png","datePublished":"2024-02-09T03:53:39+00:00","dateModified":"2024-02-09T04:06:48+00:00","breadcrumb":{"@id":"https:\/\/apuntesdesanluis.com\/index.php\/2024\/02\/09\/dictaron-prision-preventiva-a-la-efectivo-policial-implicada-en-un-robo\/#breadcrumb"},"inLanguage":"es-AR","potentialAction":[{"@type":"ReadAction","target":["https:\/\/apuntesdesanluis.com\/index.php\/2024\/02\/09\/dictaron-prision-preventiva-a-la-efectivo-policial-implicada-en-un-robo\/"]}]},{"@type":"ImageObject","inLanguage":"es-AR","@id":"https:\/\/apuntesdesanluis.com\/index.php\/2024\/02\/09\/dictaron-prision-preventiva-a-la-efectivo-policial-implicada-en-un-robo\/#primaryimage","url":"https:\/\/apuntesdesanluis.com\/wp-content\/uploads\/2024\/02\/DETENIDOS.png","contentUrl":"https:\/\/apuntesdesanluis.com\/wp-content\/uploads\/2024\/02\/DETENIDOS.png","width":517,"height":335},{"@type":"BreadcrumbList","@id":"https:\/\/apuntesdesanluis.com\/index.php\/2024\/02\/09\/dictaron-prision-preventiva-a-la-efectivo-policial-implicada-en-un-robo\/#breadcrumb","itemListElement":[{"@type":"ListItem","position":1,"name":"Inicio","item":"https:\/\/apuntesdesanluis.com\/"},{"@type":"ListItem","position":2,"name":"DICTARON PRISI\u00d3N PREVENTIVA A LA EFECTIVO POLICIAL IMPLICADA EN UN ROBO"}]},{"@type":"WebSite","@id":"https:\/\/apuntesdesanluis.com\/#website","url":"https:\/\/apuntesdesanluis.com\/","name":"Apuntes de San Luis","description":"","publisher":{"@id":"https:\/\/apuntesdesanluis.com\/#\/schema\/person\/b55151d52296fcce64d1a72538a70b90"},"potentialAction":[{"@type":"SearchAction","target":{"@type":"EntryPoint","urlTemplate":"https:\/\/apuntesdesanluis.com\/?s={search_term_string}"},"query-input":{"@type":"PropertyValueSpecification","valueRequired":true,"valueName":"search_term_string"}}],"inLanguage":"es-AR"},{"@type":["Person","Organization"],"@id":"https:\/\/apuntesdesanluis.com\/#\/schema\/person\/b55151d52296fcce64d1a72538a70b90","name":"apuntesdesanluis.com","image":{"@type":"ImageObject","inLanguage":"es-AR","@id":"https:\/\/apuntesdesanluis.com\/#\/schema\/person\/image\/","url":"https:\/\/apuntesdesanluis.com\/wp-content\/uploads\/2023\/07\/cropped-apuntesdesanluis.png","contentUrl":"https:\/\/apuntesdesanluis.com\/wp-content\/uploads\/2023\/07\/cropped-apuntesdesanluis.png","width":450,"height":112,"caption":"apuntesdesanluis.com"},"logo":{"@id":"https:\/\/apuntesdesanluis.com\/#\/schema\/person\/image\/"},"sameAs":["https:\/\/apuntesdesanluis.com"],"url":"https:\/\/apuntesdesanluis.com\/index.php\/author\/apuntesdesanluis-com\/"}]}},"featured_image_urls":{"full":["https:\/\/apuntesdesanluis.com\/wp-content\/uploads\/2024\/02\/DETENIDOS.png",517,335,false],"thumbnail":["https:\/\/apuntesdesanluis.com\/wp-content\/uploads\/2024\/02\/DETENIDOS-150x150.png",150,150,true],"medium":["https:\/\/apuntesdesanluis.com\/wp-content\/uploads\/2024\/02\/DETENIDOS-300x194.png",300,194,true],"medium_large":["https:\/\/apuntesdesanluis.com\/wp-content\/uploads\/2024\/02\/DETENIDOS.png",517,335,false],"large":["https:\/\/apuntesdesanluis.com\/wp-content\/uploads\/2024\/02\/DETENIDOS.png",517,335,false],"1536x1536":["https:\/\/apuntesdesanluis.com\/wp-content\/uploads\/2024\/02\/DETENIDOS.png",517,335,false],"2048x2048":["https:\/\/apuntesdesanluis.com\/wp-content\/uploads\/2024\/02\/DETENIDOS.png",517,335,false],"newsever-slider-full":["https:\/\/apuntesdesanluis.com\/wp-content\/uploads\/2024\/02\/DETENIDOS.png",517,335,false],"newsever-featured":["https:\/\/apuntesdesanluis.com\/wp-content\/uploads\/2024\/02\/DETENIDOS.png",517,335,false],"newsever-medium":["https:\/\/apuntesdesanluis.com\/wp-content\/uploads\/2024\/02\/DETENIDOS.png",517,335,false]},"author_info":{"display_name":"apuntesdesanluis.com","author_link":"https:\/\/apuntesdesanluis.com\/index.php\/author\/apuntesdesanluis-com\/"},"category_info":"<a href=\"https:\/\/apuntesdesanluis.com\/index.php\/category\/ciudad-provincia\/\" rel=\"category tag\">Ciudad\/Provincia<\/a>","tag_info":"Ciudad\/Provincia","comment_count":"0","_links":{"self":[{"href":"https:\/\/apuntesdesanluis.com\/index.php\/wp-json\/wp\/v2\/posts\/11490","targetHints":{"allow":["GET"]}}],"collection":[{"href":"https:\/\/apuntesdesanluis.com\/index.php\/wp-json\/wp\/v2\/posts"}],"about":[{"href":"https:\/\/apuntesdesanluis.com\/index.php\/wp-json\/wp\/v2\/types\/post"}],"author":[{"embeddable":true,"href":"https:\/\/apuntesdesanluis.com\/index.php\/wp-json\/wp\/v2\/users\/1"}],"replies":[{"embeddable":true,"href":"https:\/\/apuntesdesanluis.com\/index.php\/wp-json\/wp\/v2\/comments?post=11490"}],"version-history":[{"count":1,"href":"https:\/\/apuntesdesanluis.com\/index.php\/wp-json\/wp\/v2\/posts\/11490\/revisions"}],"predecessor-version":[{"id":11494,"href":"https:\/\/apuntesdesanluis.com\/index.php\/wp-json\/wp\/v2\/posts\/11490\/revisions\/11494"}],"wp:featuredmedia":[{"embeddable":true,"href":"https:\/\/apuntesdesanluis.com\/index.php\/wp-json\/wp\/v2\/media\/11493"}],"wp:attachment":[{"href":"https:\/\/apuntesdesanluis.com\/index.php\/wp-json\/wp\/v2\/media?parent=11490"}],"wp:term":[{"taxonomy":"category","embeddable":true,"href":"https:\/\/apuntesdesanluis.com\/index.php\/wp-json\/wp\/v2\/categories?post=11490"},{"taxonomy":"post_tag","embeddable":true,"href":"https:\/\/apuntesdesanluis.com\/index.php\/wp-json\/wp\/v2\/tags?post=11490"}],"curies":[{"name":"wp","href":"https:\/\/api.w.org\/{rel}","templated":true}]}}