{"id":11497,"date":"2024-02-09T01:17:26","date_gmt":"2024-02-09T04:17:26","guid":{"rendered":"https:\/\/apuntesdesanluis.com\/?p=11497"},"modified":"2024-02-09T01:17:26","modified_gmt":"2024-02-09T04:17:26","slug":"reclaman-que-el-ejecutivo-nacional-dejo-de-transferir-fondos-del-incentivo-docente","status":"publish","type":"post","link":"https:\/\/apuntesdesanluis.com\/index.php\/2024\/02\/09\/reclaman-que-el-ejecutivo-nacional-dejo-de-transferir-fondos-del-incentivo-docente\/","title":{"rendered":"RECLAMAN QUE EL EJECUTIVO NACIONAL DEJ\u00d3 DE TRANSFERIR FONDOS DEL INCENTIVO DOCENTE"},"content":{"rendered":"<h3>En medio de la puja por los fondos entre el Gobierno Nacional y las provincias, algunos gobernadores reclamaron que el Ejecutivo dej\u00f3 de transferir los <strong>Fondos del Incentivo Docente (FONID)<\/strong>. En ese sentido, el FONID se constituy\u00f3 en enero como casi el \u00fanico rubro de las transferencias discrecionales a las provincias que sigui\u00f3 devengando gastos, pero el Ejecutivo solo pag\u00f3 $12 millones.<\/h3>\n<h3>Al respecto, seg\u00fan datos de la consultora Politkon Chaco y que fueron recogidos por \u00c1mbito, el gasto devengado para el FONID fue de $46.855 millones. Sin embargo, el mes pasado solo se transfiri\u00f3 a los gobernadores menos del 1% del importe para el concepto de Educaci\u00f3n, es decir, un monto equivalente a alrededor de 12 millones de pesos.<\/h3>\n<h3>De esa manera, cuando se liquiden los salarios de enero, los docentes ver\u00e1n en sus recibos de sueldo una disminuci\u00f3n de sus ingresos, a menos que los gobiernos provinciales compensen ese adicional. Ese fue el caso de Buenos Aires, donde el gobernador Axel Kicillof inform\u00f3 a trav\u00e9s de un comunicado que \u201cel 6 de febrero fueron depositados los salarios correspondientes al mes de enero de las y los docentes bonaerenses, seg\u00fan el cronograma usual. Se abon\u00f3 la totalidad de las sumas que lo componen, incluyendo los complementos nacionales como el Fondo Nacional de Incentivo Docente (FONID), Conectividad y Material Did\u00e1ctico\u201d.<\/h3>\n<h3>En el escrito, tambi\u00e9n apunt\u00f3 contra la gesti\u00f3n de Javier Milei, aclarando que &#8220;a\u00fan cuando el Gobierno Nacional no transfiri\u00f3 los fondos correspondientes a los salarios de enero 2024, la Provincia tom\u00f3 la decisi\u00f3n de pagarlos adelantando con recursos propios los conceptos mencionados para evitar que se vea resentido el poder adquisitivo del salario en un contexto econ\u00f3mico sumamente adverso y de gran incertidumbre\u201d.<\/h3>\n<h3>Sin embargo, advirti\u00f3 que la compensaci\u00f3n no podr\u00e1 mantenerse en el tiempo. Al respecto, precis\u00f3 que, &#8220;de persistir esta situaci\u00f3n, la Provincia no podr\u00e1 hacerse cargo de estos componentes salariales que son exclusiva responsabilidad y obligaci\u00f3n del Gobierno Nacional&#8221;.<\/h3>\n<h3>Asimismo, se\u00f1al\u00f3 que \u201ctodas las provincias del pa\u00eds est\u00e1n siendo sometidas al mismo retraso en la transferencia de los complementos salariales docentes por parte del Gobierno Nacional\u201d. \u201cLa Provincia de Buenos Aires manifiesta su enorme preocupaci\u00f3n e insiste en que el Gobierno Nacional debe honrar sus compromisos y transferir los fondos de forma inmediata, a fin de dar cumplimiento a las Leyes N\u00b026.075 y N\u00ba25.053\u201d, subray\u00f3.<\/h3>\n<h3>Otro de los gobernadores que se pronunci\u00f3 al respecto fue el mandatario provincial de R\u00edo Negro, Alberto Weretilneck, quien consider\u00f3 que se trata de &#8220;una muestra m\u00e1s del desprecio del Gobierno Nacional a las provincias&#8221;. En ese sentido, a trav\u00e9s de un comunicado, la provincia inform\u00f3 que &#8220;no ha recibido los fondos nacionales correspondientes a programas esenciales para garantizar el acceso a la educaci\u00f3n que est\u00e1n establecidos en la Ley Nacional de Educaci\u00f3n&#8221;.<\/h3>\n<h3>&#8220;La falta de transferencia del FONID compromete la liquidaci\u00f3n de este concepto en los salarios docentes en R\u00edo Negro, afectando seriamente a m\u00e1s de 23.000 educadores. Con este fondo, la provincia liquida a los docentes con el Incentivo Docente y un componente de conectividad, lo que constituye un 8% del salario neto y la falta de estos recursos implicar\u00eda una disminuci\u00f3n salarial significativa&#8221;, agreg\u00f3.<\/h3>\n<h3>El gobernador de R\u00edo Negro, Alberto Weretilneck, dijo que la falta de pago es &#8220;una muestra m\u00e1s del desprecio del Gobierno Nacional a las provincias&#8221;.<\/h3>\n<h3>Sumado a esto, indic\u00f3 que la provincia todav\u00eda no recibi\u00f3 la cuota correspondiente a enero y febrero de &#8220;programas educativos importantes, como el de Hora Taller, lo que genera incertidumbre sobre su continuidad y afecta a m\u00e1s de 46.000 estudiantes&#8221;. Adem\u00e1s, remarc\u00f3 la &#8220;incertidumbre respecto a su continuidad&#8221; de diversos fondos destinados a obras escolares y programas de formaci\u00f3n docente. &#8220;Estos programas son esenciales para implementar pol\u00edticas educativas a nivel nacional y garantizar el acceso a la educaci\u00f3n en todo el territorio argentino&#8221;, a\u00f1adi\u00f3.<\/h3>\n<h3>En el caso de Misiones, el ministro de Educaci\u00f3n de la provincia, Ramiro Aranda, manifest\u00f3 que la falta de env\u00edos de fondos que debe realizar Naci\u00f3n \u201cse sienten en el bolsillo del docente\u201d. \u201cSiempre los gobiernos, independientemente del color pol\u00edtico, pudieron asegurar para que lleguen a todas las provincias porque es una parte un componente del sueldo. Hoy en d\u00eda esos fondos est\u00e1n atrasados\u201d, precis\u00f3 a la prensa local.<\/h3>\n<h3>En sinton\u00eda con el reclamo, la titular de la cartera de Educaci\u00f3n de La Pampa, Marcela Feuerschvenger, llev\u00f3 al Consejo Federal de Educaci\u00f3n el reclamo por los fondos del FONID, como condici\u00f3n imprescindible para avanzar en cualquier otro tema. &#8220;A la reuni\u00f3n, la ministra fue con la postura de no avanzar con ning\u00fan tema hasta que no se garanticen los fondos a las provincias, entre ellos el Fondo Nacional de Incentivo Docente. El FONID no lo est\u00e1n enviando desde Naci\u00f3n y lo est\u00e1 poniendo el Gobierno provincial&#8221;, explicaron fuentes del Gobierno a El Diario de La Pampa.<\/h3>\n<h3>Asimismo, el gobernador pampeano, Sergio Zilotto, acus\u00f3 al Ejecutivo Nacional de &#8220;querer tener de rodillas a las provincias&#8221;. Al respecto, adelant\u00f3 que &#8220;ya no est\u00e1n llegando los recursos para las obras p\u00fablicas ni los del fondo de incentivo docente&#8221;.<\/h3>\n<h3>EL RECLAMO DE LA CONFEDERACI\u00d3N DE TRABAJADORES DE LA EDUCACI\u00d3N<\/h3>\n<h3>En concordancia con el reclamo de los gobernadores, la Confederaci\u00f3n de Trabajadores de la Educaci\u00f3n (Ctera) exigi\u00f3 a Milei la transferencia de los recursos educativos a las provincias. \u201cLa junta directiva de Ctera exige al Gobierno el env\u00edo de los recursos para las pol\u00edticas p\u00fablicas educativas\u201d, se lee una carta firmada Sonia Alesso y el dirigente de Suteba (y secretario adjunto de la central nacional) Roberto Baradel.<\/h3>\n<h3>Al respecto, advirtieron que la situaci\u00f3n &#8220;afecta a toda la docencia del pa\u00eds, que ya est\u00e1n en una situaci\u00f3n grave; a las ni\u00f1as, ni\u00f1os y j\u00f3venes que se alimentan en los comedores escolares en un contexto de aumento de la pobreza&#8221;. Asimismo, el sindicato pidi\u00f3 al Gobierno Nacional &#8220;la urgente convocatoria a la Paritaria Nacional Docente para abordar temas salariales, laborales y pedag\u00f3gicos&#8221;.<\/h3>\n<h3>&#8220;Resaltamos con preocupaci\u00f3n la p\u00e9rdida del poder adquisitivo de las y los docentes en actividad y de nuestras y nuestros jubilados, ocasionadas por el aumento desmesurado de la inflaci\u00f3n y los tarifazos&#8221;, concluy\u00f3 el texto.<\/h3>\n<p>&nbsp;<\/p>\n<p>&nbsp;<\/p>\n<p>&nbsp;<\/p>\n<p>&nbsp;<\/p>\n<p>&nbsp;<\/p>\n<p>&nbsp;<\/p>\n<p>&nbsp;<\/p>\n","protected":false},"excerpt":{"rendered":"<p>En medio de la puja por los fondos entre el Gobierno Nacional y las provincias,&#8230;<\/p>\n","protected":false},"author":1,"featured_media":9705,"comment_status":"closed","ping_status":"closed","sticky":false,"template":"","format":"standard","meta":{"footnotes":""},"categories":[5],"tags":[],"class_list":["post-11497","post","type-post","status-publish","format-standard","has-post-thumbnail","hentry","category-nacionales-internacionales"],"yoast_head":"<!-- This site is optimized with the Yoast SEO plugin v26.1.1 - https:\/\/yoast.com\/wordpress\/plugins\/seo\/ -->\n<title>RECLAMAN QUE EL EJECUTIVO NACIONAL DEJ\u00d3 DE TRANSFERIR FONDOS DEL INCENTIVO DOCENTE - Apuntes de San Luis<\/title>\n<meta name=\"robots\" content=\"index, follow, max-snippet:-1, max-image-preview:large, max-video-preview:-1\" \/>\n<link rel=\"canonical\" href=\"https:\/\/apuntesdesanluis.com\/index.php\/2024\/02\/09\/reclaman-que-el-ejecutivo-nacional-dejo-de-transferir-fondos-del-incentivo-docente\/\" \/>\n<meta property=\"og:locale\" content=\"es_ES\" \/>\n<meta property=\"og:type\" content=\"article\" \/>\n<meta property=\"og:title\" content=\"RECLAMAN QUE EL EJECUTIVO NACIONAL DEJ\u00d3 DE TRANSFERIR FONDOS DEL INCENTIVO DOCENTE - Apuntes de San Luis\" \/>\n<meta property=\"og:description\" content=\"En medio de la puja por los fondos entre el Gobierno Nacional y las provincias,...\" \/>\n<meta property=\"og:url\" content=\"https:\/\/apuntesdesanluis.com\/index.php\/2024\/02\/09\/reclaman-que-el-ejecutivo-nacional-dejo-de-transferir-fondos-del-incentivo-docente\/\" \/>\n<meta property=\"og:site_name\" content=\"Apuntes de San Luis\" \/>\n<meta property=\"article:published_time\" content=\"2024-02-09T04:17:26+00:00\" \/>\n<meta property=\"og:image\" content=\"https:\/\/apuntesdesanluis.com\/wp-content\/uploads\/2024\/01\/milei-1.png\" \/>\n\t<meta property=\"og:image:width\" content=\"660\" \/>\n\t<meta property=\"og:image:height\" content=\"400\" \/>\n\t<meta property=\"og:image:type\" content=\"image\/png\" \/>\n<meta name=\"author\" content=\"apuntesdesanluis.com\" \/>\n<meta name=\"twitter:card\" content=\"summary_large_image\" \/>\n<meta name=\"twitter:label1\" content=\"Escrito por\" \/>\n\t<meta name=\"twitter:data1\" content=\"apuntesdesanluis.com\" \/>\n\t<meta name=\"twitter:label2\" content=\"Tiempo de lectura\" \/>\n\t<meta name=\"twitter:data2\" content=\"5 minutos\" \/>\n<script type=\"application\/ld+json\" class=\"yoast-schema-graph\">{\"@context\":\"https:\/\/schema.org\",\"@graph\":[{\"@type\":\"Article\",\"@id\":\"https:\/\/apuntesdesanluis.com\/index.php\/2024\/02\/09\/reclaman-que-el-ejecutivo-nacional-dejo-de-transferir-fondos-del-incentivo-docente\/#article\",\"isPartOf\":{\"@id\":\"https:\/\/apuntesdesanluis.com\/index.php\/2024\/02\/09\/reclaman-que-el-ejecutivo-nacional-dejo-de-transferir-fondos-del-incentivo-docente\/\"},\"author\":{\"name\":\"apuntesdesanluis.com\",\"@id\":\"https:\/\/apuntesdesanluis.com\/#\/schema\/person\/b55151d52296fcce64d1a72538a70b90\"},\"headline\":\"RECLAMAN QUE EL EJECUTIVO NACIONAL DEJ\u00d3 DE TRANSFERIR FONDOS DEL INCENTIVO DOCENTE\",\"datePublished\":\"2024-02-09T04:17:26+00:00\",\"mainEntityOfPage\":{\"@id\":\"https:\/\/apuntesdesanluis.com\/index.php\/2024\/02\/09\/reclaman-que-el-ejecutivo-nacional-dejo-de-transferir-fondos-del-incentivo-docente\/\"},\"wordCount\":1098,\"publisher\":{\"@id\":\"https:\/\/apuntesdesanluis.com\/#\/schema\/person\/b55151d52296fcce64d1a72538a70b90\"},\"image\":{\"@id\":\"https:\/\/apuntesdesanluis.com\/index.php\/2024\/02\/09\/reclaman-que-el-ejecutivo-nacional-dejo-de-transferir-fondos-del-incentivo-docente\/#primaryimage\"},\"thumbnailUrl\":\"https:\/\/apuntesdesanluis.com\/wp-content\/uploads\/2024\/01\/milei-1.png\",\"articleSection\":[\"Nacionales\/Internacionales\"],\"inLanguage\":\"es-AR\"},{\"@type\":\"WebPage\",\"@id\":\"https:\/\/apuntesdesanluis.com\/index.php\/2024\/02\/09\/reclaman-que-el-ejecutivo-nacional-dejo-de-transferir-fondos-del-incentivo-docente\/\",\"url\":\"https:\/\/apuntesdesanluis.com\/index.php\/2024\/02\/09\/reclaman-que-el-ejecutivo-nacional-dejo-de-transferir-fondos-del-incentivo-docente\/\",\"name\":\"RECLAMAN QUE EL EJECUTIVO NACIONAL DEJ\u00d3 DE TRANSFERIR FONDOS DEL INCENTIVO DOCENTE - Apuntes de San Luis\",\"isPartOf\":{\"@id\":\"https:\/\/apuntesdesanluis.com\/#website\"},\"primaryImageOfPage\":{\"@id\":\"https:\/\/apuntesdesanluis.com\/index.php\/2024\/02\/09\/reclaman-que-el-ejecutivo-nacional-dejo-de-transferir-fondos-del-incentivo-docente\/#primaryimage\"},\"image\":{\"@id\":\"https:\/\/apuntesdesanluis.com\/index.php\/2024\/02\/09\/reclaman-que-el-ejecutivo-nacional-dejo-de-transferir-fondos-del-incentivo-docente\/#primaryimage\"},\"thumbnailUrl\":\"https:\/\/apuntesdesanluis.com\/wp-content\/uploads\/2024\/01\/milei-1.png\",\"datePublished\":\"2024-02-09T04:17:26+00:00\",\"breadcrumb\":{\"@id\":\"https:\/\/apuntesdesanluis.com\/index.php\/2024\/02\/09\/reclaman-que-el-ejecutivo-nacional-dejo-de-transferir-fondos-del-incentivo-docente\/#breadcrumb\"},\"inLanguage\":\"es-AR\",\"potentialAction\":[{\"@type\":\"ReadAction\",\"target\":[\"https:\/\/apuntesdesanluis.com\/index.php\/2024\/02\/09\/reclaman-que-el-ejecutivo-nacional-dejo-de-transferir-fondos-del-incentivo-docente\/\"]}]},{\"@type\":\"ImageObject\",\"inLanguage\":\"es-AR\",\"@id\":\"https:\/\/apuntesdesanluis.com\/index.php\/2024\/02\/09\/reclaman-que-el-ejecutivo-nacional-dejo-de-transferir-fondos-del-incentivo-docente\/#primaryimage\",\"url\":\"https:\/\/apuntesdesanluis.com\/wp-content\/uploads\/2024\/01\/milei-1.png\",\"contentUrl\":\"https:\/\/apuntesdesanluis.com\/wp-content\/uploads\/2024\/01\/milei-1.png\",\"width\":660,\"height\":400},{\"@type\":\"BreadcrumbList\",\"@id\":\"https:\/\/apuntesdesanluis.com\/index.php\/2024\/02\/09\/reclaman-que-el-ejecutivo-nacional-dejo-de-transferir-fondos-del-incentivo-docente\/#breadcrumb\",\"itemListElement\":[{\"@type\":\"ListItem\",\"position\":1,\"name\":\"Inicio\",\"item\":\"https:\/\/apuntesdesanluis.com\/\"},{\"@type\":\"ListItem\",\"position\":2,\"name\":\"RECLAMAN QUE EL EJECUTIVO NACIONAL DEJ\u00d3 DE TRANSFERIR FONDOS DEL INCENTIVO DOCENTE\"}]},{\"@type\":\"WebSite\",\"@id\":\"https:\/\/apuntesdesanluis.com\/#website\",\"url\":\"https:\/\/apuntesdesanluis.com\/\",\"name\":\"Apuntes de San Luis\",\"description\":\"\",\"publisher\":{\"@id\":\"https:\/\/apuntesdesanluis.com\/#\/schema\/person\/b55151d52296fcce64d1a72538a70b90\"},\"potentialAction\":[{\"@type\":\"SearchAction\",\"target\":{\"@type\":\"EntryPoint\",\"urlTemplate\":\"https:\/\/apuntesdesanluis.com\/?s={search_term_string}\"},\"query-input\":{\"@type\":\"PropertyValueSpecification\",\"valueRequired\":true,\"valueName\":\"search_term_string\"}}],\"inLanguage\":\"es-AR\"},{\"@type\":[\"Person\",\"Organization\"],\"@id\":\"https:\/\/apuntesdesanluis.com\/#\/schema\/person\/b55151d52296fcce64d1a72538a70b90\",\"name\":\"apuntesdesanluis.com\",\"image\":{\"@type\":\"ImageObject\",\"inLanguage\":\"es-AR\",\"@id\":\"https:\/\/apuntesdesanluis.com\/#\/schema\/person\/image\/\",\"url\":\"https:\/\/apuntesdesanluis.com\/wp-content\/uploads\/2023\/07\/cropped-apuntesdesanluis.png\",\"contentUrl\":\"https:\/\/apuntesdesanluis.com\/wp-content\/uploads\/2023\/07\/cropped-apuntesdesanluis.png\",\"width\":450,\"height\":112,\"caption\":\"apuntesdesanluis.com\"},\"logo\":{\"@id\":\"https:\/\/apuntesdesanluis.com\/#\/schema\/person\/image\/\"},\"sameAs\":[\"https:\/\/apuntesdesanluis.com\"],\"url\":\"https:\/\/apuntesdesanluis.com\/index.php\/author\/apuntesdesanluis-com\/\"}]}<\/script>\n<!-- \/ Yoast SEO plugin. -->","yoast_head_json":{"title":"RECLAMAN QUE EL EJECUTIVO NACIONAL DEJ\u00d3 DE TRANSFERIR FONDOS DEL INCENTIVO DOCENTE - Apuntes de San Luis","robots":{"index":"index","follow":"follow","max-snippet":"max-snippet:-1","max-image-preview":"max-image-preview:large","max-video-preview":"max-video-preview:-1"},"canonical":"https:\/\/apuntesdesanluis.com\/index.php\/2024\/02\/09\/reclaman-que-el-ejecutivo-nacional-dejo-de-transferir-fondos-del-incentivo-docente\/","og_locale":"es_ES","og_type":"article","og_title":"RECLAMAN QUE EL EJECUTIVO NACIONAL DEJ\u00d3 DE TRANSFERIR FONDOS DEL INCENTIVO DOCENTE - Apuntes de San Luis","og_description":"En medio de la puja por los fondos entre el Gobierno Nacional y las provincias,...","og_url":"https:\/\/apuntesdesanluis.com\/index.php\/2024\/02\/09\/reclaman-que-el-ejecutivo-nacional-dejo-de-transferir-fondos-del-incentivo-docente\/","og_site_name":"Apuntes de San Luis","article_published_time":"2024-02-09T04:17:26+00:00","og_image":[{"width":660,"height":400,"url":"https:\/\/apuntesdesanluis.com\/wp-content\/uploads\/2024\/01\/milei-1.png","type":"image\/png"}],"author":"apuntesdesanluis.com","twitter_card":"summary_large_image","twitter_misc":{"Escrito por":"apuntesdesanluis.com","Tiempo de lectura":"5 minutos"},"schema":{"@context":"https:\/\/schema.org","@graph":[{"@type":"Article","@id":"https:\/\/apuntesdesanluis.com\/index.php\/2024\/02\/09\/reclaman-que-el-ejecutivo-nacional-dejo-de-transferir-fondos-del-incentivo-docente\/#article","isPartOf":{"@id":"https:\/\/apuntesdesanluis.com\/index.php\/2024\/02\/09\/reclaman-que-el-ejecutivo-nacional-dejo-de-transferir-fondos-del-incentivo-docente\/"},"author":{"name":"apuntesdesanluis.com","@id":"https:\/\/apuntesdesanluis.com\/#\/schema\/person\/b55151d52296fcce64d1a72538a70b90"},"headline":"RECLAMAN QUE EL EJECUTIVO NACIONAL DEJ\u00d3 DE TRANSFERIR FONDOS DEL INCENTIVO DOCENTE","datePublished":"2024-02-09T04:17:26+00:00","mainEntityOfPage":{"@id":"https:\/\/apuntesdesanluis.com\/index.php\/2024\/02\/09\/reclaman-que-el-ejecutivo-nacional-dejo-de-transferir-fondos-del-incentivo-docente\/"},"wordCount":1098,"publisher":{"@id":"https:\/\/apuntesdesanluis.com\/#\/schema\/person\/b55151d52296fcce64d1a72538a70b90"},"image":{"@id":"https:\/\/apuntesdesanluis.com\/index.php\/2024\/02\/09\/reclaman-que-el-ejecutivo-nacional-dejo-de-transferir-fondos-del-incentivo-docente\/#primaryimage"},"thumbnailUrl":"https:\/\/apuntesdesanluis.com\/wp-content\/uploads\/2024\/01\/milei-1.png","articleSection":["Nacionales\/Internacionales"],"inLanguage":"es-AR"},{"@type":"WebPage","@id":"https:\/\/apuntesdesanluis.com\/index.php\/2024\/02\/09\/reclaman-que-el-ejecutivo-nacional-dejo-de-transferir-fondos-del-incentivo-docente\/","url":"https:\/\/apuntesdesanluis.com\/index.php\/2024\/02\/09\/reclaman-que-el-ejecutivo-nacional-dejo-de-transferir-fondos-del-incentivo-docente\/","name":"RECLAMAN QUE EL EJECUTIVO NACIONAL DEJ\u00d3 DE TRANSFERIR FONDOS DEL INCENTIVO DOCENTE - Apuntes de San Luis","isPartOf":{"@id":"https:\/\/apuntesdesanluis.com\/#website"},"primaryImageOfPage":{"@id":"https:\/\/apuntesdesanluis.com\/index.php\/2024\/02\/09\/reclaman-que-el-ejecutivo-nacional-dejo-de-transferir-fondos-del-incentivo-docente\/#primaryimage"},"image":{"@id":"https:\/\/apuntesdesanluis.com\/index.php\/2024\/02\/09\/reclaman-que-el-ejecutivo-nacional-dejo-de-transferir-fondos-del-incentivo-docente\/#primaryimage"},"thumbnailUrl":"https:\/\/apuntesdesanluis.com\/wp-content\/uploads\/2024\/01\/milei-1.png","datePublished":"2024-02-09T04:17:26+00:00","breadcrumb":{"@id":"https:\/\/apuntesdesanluis.com\/index.php\/2024\/02\/09\/reclaman-que-el-ejecutivo-nacional-dejo-de-transferir-fondos-del-incentivo-docente\/#breadcrumb"},"inLanguage":"es-AR","potentialAction":[{"@type":"ReadAction","target":["https:\/\/apuntesdesanluis.com\/index.php\/2024\/02\/09\/reclaman-que-el-ejecutivo-nacional-dejo-de-transferir-fondos-del-incentivo-docente\/"]}]},{"@type":"ImageObject","inLanguage":"es-AR","@id":"https:\/\/apuntesdesanluis.com\/index.php\/2024\/02\/09\/reclaman-que-el-ejecutivo-nacional-dejo-de-transferir-fondos-del-incentivo-docente\/#primaryimage","url":"https:\/\/apuntesdesanluis.com\/wp-content\/uploads\/2024\/01\/milei-1.png","contentUrl":"https:\/\/apuntesdesanluis.com\/wp-content\/uploads\/2024\/01\/milei-1.png","width":660,"height":400},{"@type":"BreadcrumbList","@id":"https:\/\/apuntesdesanluis.com\/index.php\/2024\/02\/09\/reclaman-que-el-ejecutivo-nacional-dejo-de-transferir-fondos-del-incentivo-docente\/#breadcrumb","itemListElement":[{"@type":"ListItem","position":1,"name":"Inicio","item":"https:\/\/apuntesdesanluis.com\/"},{"@type":"ListItem","position":2,"name":"RECLAMAN QUE EL EJECUTIVO NACIONAL DEJ\u00d3 DE TRANSFERIR FONDOS DEL INCENTIVO DOCENTE"}]},{"@type":"WebSite","@id":"https:\/\/apuntesdesanluis.com\/#website","url":"https:\/\/apuntesdesanluis.com\/","name":"Apuntes de San Luis","description":"","publisher":{"@id":"https:\/\/apuntesdesanluis.com\/#\/schema\/person\/b55151d52296fcce64d1a72538a70b90"},"potentialAction":[{"@type":"SearchAction","target":{"@type":"EntryPoint","urlTemplate":"https:\/\/apuntesdesanluis.com\/?s={search_term_string}"},"query-input":{"@type":"PropertyValueSpecification","valueRequired":true,"valueName":"search_term_string"}}],"inLanguage":"es-AR"},{"@type":["Person","Organization"],"@id":"https:\/\/apuntesdesanluis.com\/#\/schema\/person\/b55151d52296fcce64d1a72538a70b90","name":"apuntesdesanluis.com","image":{"@type":"ImageObject","inLanguage":"es-AR","@id":"https:\/\/apuntesdesanluis.com\/#\/schema\/person\/image\/","url":"https:\/\/apuntesdesanluis.com\/wp-content\/uploads\/2023\/07\/cropped-apuntesdesanluis.png","contentUrl":"https:\/\/apuntesdesanluis.com\/wp-content\/uploads\/2023\/07\/cropped-apuntesdesanluis.png","width":450,"height":112,"caption":"apuntesdesanluis.com"},"logo":{"@id":"https:\/\/apuntesdesanluis.com\/#\/schema\/person\/image\/"},"sameAs":["https:\/\/apuntesdesanluis.com"],"url":"https:\/\/apuntesdesanluis.com\/index.php\/author\/apuntesdesanluis-com\/"}]}},"featured_image_urls":{"full":["https:\/\/apuntesdesanluis.com\/wp-content\/uploads\/2024\/01\/milei-1.png",660,400,false],"thumbnail":["https:\/\/apuntesdesanluis.com\/wp-content\/uploads\/2024\/01\/milei-1-150x150.png",150,150,true],"medium":["https:\/\/apuntesdesanluis.com\/wp-content\/uploads\/2024\/01\/milei-1-300x182.png",300,182,true],"medium_large":["https:\/\/apuntesdesanluis.com\/wp-content\/uploads\/2024\/01\/milei-1.png",640,388,false],"large":["https:\/\/apuntesdesanluis.com\/wp-content\/uploads\/2024\/01\/milei-1.png",640,388,false],"1536x1536":["https:\/\/apuntesdesanluis.com\/wp-content\/uploads\/2024\/01\/milei-1.png",660,400,false],"2048x2048":["https:\/\/apuntesdesanluis.com\/wp-content\/uploads\/2024\/01\/milei-1.png",660,400,false],"newsever-slider-full":["https:\/\/apuntesdesanluis.com\/wp-content\/uploads\/2024\/01\/milei-1.png",660,400,false],"newsever-featured":["https:\/\/apuntesdesanluis.com\/wp-content\/uploads\/2024\/01\/milei-1.png",660,400,false],"newsever-medium":["https:\/\/apuntesdesanluis.com\/wp-content\/uploads\/2024\/01\/milei-1.png",660,400,false]},"author_info":{"display_name":"apuntesdesanluis.com","author_link":"https:\/\/apuntesdesanluis.com\/index.php\/author\/apuntesdesanluis-com\/"},"category_info":"<a href=\"https:\/\/apuntesdesanluis.com\/index.php\/category\/nacionales-internacionales\/\" rel=\"category tag\">Nacionales\/Internacionales<\/a>","tag_info":"Nacionales\/Internacionales","comment_count":"0","_links":{"self":[{"href":"https:\/\/apuntesdesanluis.com\/index.php\/wp-json\/wp\/v2\/posts\/11497","targetHints":{"allow":["GET"]}}],"collection":[{"href":"https:\/\/apuntesdesanluis.com\/index.php\/wp-json\/wp\/v2\/posts"}],"about":[{"href":"https:\/\/apuntesdesanluis.com\/index.php\/wp-json\/wp\/v2\/types\/post"}],"author":[{"embeddable":true,"href":"https:\/\/apuntesdesanluis.com\/index.php\/wp-json\/wp\/v2\/users\/1"}],"replies":[{"embeddable":true,"href":"https:\/\/apuntesdesanluis.com\/index.php\/wp-json\/wp\/v2\/comments?post=11497"}],"version-history":[{"count":1,"href":"https:\/\/apuntesdesanluis.com\/index.php\/wp-json\/wp\/v2\/posts\/11497\/revisions"}],"predecessor-version":[{"id":11498,"href":"https:\/\/apuntesdesanluis.com\/index.php\/wp-json\/wp\/v2\/posts\/11497\/revisions\/11498"}],"wp:featuredmedia":[{"embeddable":true,"href":"https:\/\/apuntesdesanluis.com\/index.php\/wp-json\/wp\/v2\/media\/9705"}],"wp:attachment":[{"href":"https:\/\/apuntesdesanluis.com\/index.php\/wp-json\/wp\/v2\/media?parent=11497"}],"wp:term":[{"taxonomy":"category","embeddable":true,"href":"https:\/\/apuntesdesanluis.com\/index.php\/wp-json\/wp\/v2\/categories?post=11497"},{"taxonomy":"post_tag","embeddable":true,"href":"https:\/\/apuntesdesanluis.com\/index.php\/wp-json\/wp\/v2\/tags?post=11497"}],"curies":[{"name":"wp","href":"https:\/\/api.w.org\/{rel}","templated":true}]}}