{"id":11503,"date":"2024-02-08T23:46:17","date_gmt":"2024-02-09T02:46:17","guid":{"rendered":"https:\/\/apuntesdesanluis.com\/?p=11503"},"modified":"2024-02-09T07:51:54","modified_gmt":"2024-02-09T10:51:54","slug":"lanzaron-el-programa-prevencion-ciudadana-en-villa-mercedes","status":"publish","type":"post","link":"https:\/\/apuntesdesanluis.com\/index.php\/2024\/02\/08\/lanzaron-el-programa-prevencion-ciudadana-en-villa-mercedes\/","title":{"rendered":"LANZARON EL PROGRAMA PREVENCI\u00d3N CIUDADANA EN VILLA MERCEDES"},"content":{"rendered":"<h3>Al igual que hab\u00eda sucedido hace unos d\u00edas en San Luis, el gobernador <strong>Claudio Poggi<\/strong> aprovech\u00f3 su visita a la \u2018capital alterna\u2019 para impulsar oficialmente el programa de capacitaciones destinado a los exagentes de Seguridad Comunitaria. Los preventores adquirir\u00e1n conocimientos \u00fatiles para profesionalizar su oficio y consolidarse como el primer eslab\u00f3n de seguridad p\u00fablica.<\/h3>\n<h3>Prevenci\u00f3n Ciudadana es una iniciativa que contempla un plan de ocho semanas de capacitaciones y formaci\u00f3n del personal que conforma la antigua Seguridad Comunitaria. El objetivo es, adem\u00e1s de dotarlos de herramientas y aprendizajes fundamentales para ejercer la tarea, integrarlos a un sistema de seguridad provincial \u00fanico, donde preventores y polic\u00edas trabajen juntos de manera complementaria. Este jueves, desde el Arena de La Pedrera, anunciaron oficialmente la implementaci\u00f3n del programa para los agentes radicados en Villa Mercedes.<\/h3>\n<h3>\u201cEsto viene a sumar a lo que ustedes ya saben, conocen y vienen haciendo. Es una capacitaci\u00f3n extra porque ustedes van a cumplir un rol clave en el contexto que estamos viviendo\u201d, les dijo el gobernador, Claudio Poggi, a los agentes de Prevenci\u00f3n Ciudadana durante el acto de lanzamiento. Adem\u00e1s, les asegur\u00f3 que se termin\u00f3 la \u00e9poca en la que deb\u00edan asistir obligados a actos pol\u00edticos para conservar sus trabajos: \u201cSon libres, solo los vamos a convocar para que se profesionalicen y puedan cumplir bien sus tareas. Estoy seguro que en dos meses voy a regresar para darles el certificado de aprobaci\u00f3n\u201d, expres\u00f3 Poggi.<\/h3>\n<p><img fetchpriority=\"high\" decoding=\"async\" class=\"wp-image-11505 aligncenter\" src=\"https:\/\/apuntesdesanluis.com\/wp-content\/uploads\/2024\/02\/POGGI-300x217.png\" alt=\"\" width=\"494\" height=\"357\" srcset=\"https:\/\/apuntesdesanluis.com\/wp-content\/uploads\/2024\/02\/POGGI-300x217.png 300w, https:\/\/apuntesdesanluis.com\/wp-content\/uploads\/2024\/02\/POGGI.png 600w\" sizes=\"(max-width: 494px) 100vw, 494px\" \/><\/p>\n<h3>En el encuentro tambi\u00e9n estuvo la ministro de Seguridad, Nancy Sosa, quien enfatiz\u00f3 en recuperar la funci\u00f3n crucial que cumplen los agentes en el sistema provincial, y que hab\u00eda sido invisibilizado durante el \u00faltimo tiempo. \u201cEl preventor no es polic\u00eda, es m\u00e1s un educador social. Es qui\u00e9n acerca el vecino a las instituciones, el ni\u00f1o a las escuelas. Tienen que mirar, observar, comunicar e informar todo lo que sucede, implica un desaf\u00edo enorme que merece una preparaci\u00f3n especial\u201d, subray\u00f3 la funcionaria.<\/h3>\n<h3>Adem\u00e1s, la Ministro destac\u00f3 la importancia de la comunicaci\u00f3n entre las diferentes instituciones que componen el cuerpo de seguridad para responder eficientemente ante el pedido de soluciones por parte de la comunidad. \u201cLa seguridad la hacemos entre todos y ustedes (por los preventores) cumplen un rol esencial. No son un complemento del ministerio de Seguridad, son una parte de \u00e9l. Tenemos que conocernos, saber comunicarnos, ser conscientes de la importancia de nuestra tarea\u201d, resalt\u00f3 Sosa.<\/h3>\n<h3>Daniela Astorga es una de las trabajadoras que formar\u00e1 parte del plan de capacitaciones. Actualmente cumple funciones en el Policl\u00ednico Regional \u2018Juan Domingo Per\u00f3n\u2019 y asegur\u00f3 que el plan de formaci\u00f3n es necesario. \u201cNos van a ense\u00f1ar a manejarnos en ciertos momentos que son complejos. En mi caso hay gente que viene con crisis nerviosa, sobredosis, un mont\u00f3n de situaciones que no sabes c\u00f3mo actuar\u201d, explic\u00f3. Adem\u00e1s, confes\u00f3 que la necesidad de profesionalizarse es un tema que conversan entre los propios preventores: \u201cA muchos nos hacen falta cosas, RCP, primeros auxilios, la parte psicol\u00f3gica. Estamos todos muy agradecidos por la oportunidad\u201d.<\/h3>\n<h3><strong>VISITA A LOS CAPS<\/strong><\/h3>\n<h3>El jefe de Estado, Claudio Poggi, visit\u00f3 dos CAPS de la localidad de Villa Mercedes y convers\u00f3 con el personal de salud. El objetivo fue sentar las bases para iniciar un proceso de trabajo conjunto que acerque la salud a los vecinos.<\/h3>\n<p><img decoding=\"async\" class=\"wp-image-11506 aligncenter\" src=\"https:\/\/apuntesdesanluis.com\/wp-content\/uploads\/2024\/02\/caps-300x200.png\" alt=\"\" width=\"521\" height=\"347\" srcset=\"https:\/\/apuntesdesanluis.com\/wp-content\/uploads\/2024\/02\/caps-300x200.png 300w, https:\/\/apuntesdesanluis.com\/wp-content\/uploads\/2024\/02\/caps.png 600w\" sizes=\"(max-width: 521px) 100vw, 521px\" \/><\/p>\n<h3>El acceso a los servicios b\u00e1sicos y fundamentales de salud deben estar siempre a disposici\u00f3n de la sociedad. En la b\u00fasqueda de materializar ese concepto en el sistema sanitario de San Luis, el Gobernador inspeccion\u00f3 dos centros de atenci\u00f3n primaria en otra de sus tradicionales visitas de los jueves a la ciudad de la Calle Angosta. Se interioriz\u00f3 sobre la situaci\u00f3n precaria que atraviesan y manifest\u00f3 su voluntad de consolidar el funcionamiento del sistema sanitario de primer nivel en la provincia, para generar puentes entre la salud y los sanluise\u00f1os.<\/h3>\n<h3><strong>CON LOS BOXEADORES<\/strong><\/h3>\n<h3>En el cierre de su gira por la vecina Ciudad, visit\u00f3 el gimnasio de boxeo de Micaela Luj\u00e1n. All\u00ed, en una amena charla con los due\u00f1os, entrenadores y boxeadores, les adelant\u00f3 que pronto volver\u00e1n las veladas box\u00edsticas al Jos\u00e9 Mar\u00eda Gatica y en toda la Provincia. El regreso de los campeonatos amateurs est\u00e1 cerca.<\/h3>\n<h3>Tal como lo hizo en San Luis, el Gobernador lleg\u00f3 hasta el gimnasio acompa\u00f1ado por la titular de Relaciones Institucionales de la Federaci\u00f3n Argentina de Boxeo, Mar\u00eda Eva Gatica y se interioriz\u00f3 sobre las actividades del gimnasio y de cada espacio de entrenamiento de los referentes mercedinos del boxeo.<\/h3>\n<p><img decoding=\"async\" class=\"wp-image-11507 aligncenter\" src=\"https:\/\/apuntesdesanluis.com\/wp-content\/uploads\/2024\/02\/con-bpxeadpres-300x189.png\" alt=\"\" width=\"535\" height=\"337\" srcset=\"https:\/\/apuntesdesanluis.com\/wp-content\/uploads\/2024\/02\/con-bpxeadpres-300x189.png 300w, https:\/\/apuntesdesanluis.com\/wp-content\/uploads\/2024\/02\/con-bpxeadpres.png 600w\" sizes=\"(max-width: 535px) 100vw, 535px\" \/><\/p>\n<h3>Poggi los escuch\u00f3 atentamente. Cada uno tuvo la oportunidad de informar sobre la realidad que viven y la falta de acompa\u00f1amiento que rein\u00f3 en los \u00faltimos a\u00f1os y que les impidi\u00f3 muchas veces competir por t\u00edtulos y en eventos de jerarqu\u00eda nacional e internacional.<\/h3>\n<h3>En este punto, Claudio Poggi les adelant\u00f3 que va a trabajar para fomentar la pr\u00e1ctica del boxeo y lo har\u00e1 en Villa Mercedes con el respaldo del intendente Maximiliano Frontera.<\/h3>\n<h3>Durante la actividad, se les hizo entrega de equipamiento deportivo al gimnasio anfitri\u00f3n y en un gesto de colaboraci\u00f3n y ejemplo, parte del mismo fue repartido a otros profesores.<\/h3>\n<p>&nbsp;<\/p>\n<p>&nbsp;<\/p>\n<p>&nbsp;<\/p>\n<p>&nbsp;<\/p>\n<p>&nbsp;<\/p>\n","protected":false},"excerpt":{"rendered":"<p>Al igual que hab\u00eda sucedido hace unos d\u00edas en San Luis, el gobernador Claudio Poggi&#8230;<\/p>\n","protected":false},"author":1,"featured_media":11504,"comment_status":"closed","ping_status":"closed","sticky":false,"template":"","format":"standard","meta":{"footnotes":""},"categories":[6],"tags":[],"class_list":["post-11503","post","type-post","status-publish","format-standard","has-post-thumbnail","hentry","category-ciudad-provincia"],"yoast_head":"<!-- This site is optimized with the Yoast SEO plugin v26.1.1 - https:\/\/yoast.com\/wordpress\/plugins\/seo\/ -->\n<title>LANZARON EL PROGRAMA PREVENCI\u00d3N CIUDADANA EN VILLA MERCEDES - Apuntes de San Luis<\/title>\n<meta name=\"robots\" content=\"index, follow, max-snippet:-1, max-image-preview:large, max-video-preview:-1\" \/>\n<link rel=\"canonical\" href=\"https:\/\/apuntesdesanluis.com\/index.php\/2024\/02\/08\/lanzaron-el-programa-prevencion-ciudadana-en-villa-mercedes\/\" \/>\n<meta property=\"og:locale\" content=\"es_ES\" \/>\n<meta property=\"og:type\" content=\"article\" \/>\n<meta property=\"og:title\" content=\"LANZARON EL PROGRAMA PREVENCI\u00d3N CIUDADANA EN VILLA MERCEDES - Apuntes de San Luis\" \/>\n<meta property=\"og:description\" content=\"Al igual que hab\u00eda sucedido hace unos d\u00edas en San Luis, el gobernador Claudio Poggi...\" \/>\n<meta property=\"og:url\" content=\"https:\/\/apuntesdesanluis.com\/index.php\/2024\/02\/08\/lanzaron-el-programa-prevencion-ciudadana-en-villa-mercedes\/\" \/>\n<meta property=\"og:site_name\" content=\"Apuntes de San Luis\" \/>\n<meta property=\"article:published_time\" content=\"2024-02-09T02:46:17+00:00\" \/>\n<meta property=\"article:modified_time\" content=\"2024-02-09T10:51:54+00:00\" \/>\n<meta property=\"og:image\" content=\"https:\/\/apuntesdesanluis.com\/wp-content\/uploads\/2024\/02\/LANZAMIENTO.png\" \/>\n\t<meta property=\"og:image:width\" content=\"600\" \/>\n\t<meta property=\"og:image:height\" content=\"361\" \/>\n\t<meta property=\"og:image:type\" content=\"image\/png\" \/>\n<meta name=\"author\" content=\"apuntesdesanluis.com\" \/>\n<meta name=\"twitter:card\" content=\"summary_large_image\" \/>\n<meta name=\"twitter:label1\" content=\"Escrito por\" \/>\n\t<meta name=\"twitter:data1\" content=\"apuntesdesanluis.com\" \/>\n\t<meta name=\"twitter:label2\" content=\"Tiempo de lectura\" \/>\n\t<meta name=\"twitter:data2\" content=\"5 minutos\" \/>\n<script type=\"application\/ld+json\" class=\"yoast-schema-graph\">{\"@context\":\"https:\/\/schema.org\",\"@graph\":[{\"@type\":\"Article\",\"@id\":\"https:\/\/apuntesdesanluis.com\/index.php\/2024\/02\/08\/lanzaron-el-programa-prevencion-ciudadana-en-villa-mercedes\/#article\",\"isPartOf\":{\"@id\":\"https:\/\/apuntesdesanluis.com\/index.php\/2024\/02\/08\/lanzaron-el-programa-prevencion-ciudadana-en-villa-mercedes\/\"},\"author\":{\"name\":\"apuntesdesanluis.com\",\"@id\":\"https:\/\/apuntesdesanluis.com\/#\/schema\/person\/b55151d52296fcce64d1a72538a70b90\"},\"headline\":\"LANZARON EL PROGRAMA PREVENCI\u00d3N CIUDADANA EN VILLA MERCEDES\",\"datePublished\":\"2024-02-09T02:46:17+00:00\",\"dateModified\":\"2024-02-09T10:51:54+00:00\",\"mainEntityOfPage\":{\"@id\":\"https:\/\/apuntesdesanluis.com\/index.php\/2024\/02\/08\/lanzaron-el-programa-prevencion-ciudadana-en-villa-mercedes\/\"},\"wordCount\":907,\"publisher\":{\"@id\":\"https:\/\/apuntesdesanluis.com\/#\/schema\/person\/b55151d52296fcce64d1a72538a70b90\"},\"image\":{\"@id\":\"https:\/\/apuntesdesanluis.com\/index.php\/2024\/02\/08\/lanzaron-el-programa-prevencion-ciudadana-en-villa-mercedes\/#primaryimage\"},\"thumbnailUrl\":\"https:\/\/apuntesdesanluis.com\/wp-content\/uploads\/2024\/02\/LANZAMIENTO.png\",\"articleSection\":[\"Ciudad\/Provincia\"],\"inLanguage\":\"es-AR\"},{\"@type\":\"WebPage\",\"@id\":\"https:\/\/apuntesdesanluis.com\/index.php\/2024\/02\/08\/lanzaron-el-programa-prevencion-ciudadana-en-villa-mercedes\/\",\"url\":\"https:\/\/apuntesdesanluis.com\/index.php\/2024\/02\/08\/lanzaron-el-programa-prevencion-ciudadana-en-villa-mercedes\/\",\"name\":\"LANZARON EL PROGRAMA PREVENCI\u00d3N CIUDADANA EN VILLA MERCEDES - Apuntes de San Luis\",\"isPartOf\":{\"@id\":\"https:\/\/apuntesdesanluis.com\/#website\"},\"primaryImageOfPage\":{\"@id\":\"https:\/\/apuntesdesanluis.com\/index.php\/2024\/02\/08\/lanzaron-el-programa-prevencion-ciudadana-en-villa-mercedes\/#primaryimage\"},\"image\":{\"@id\":\"https:\/\/apuntesdesanluis.com\/index.php\/2024\/02\/08\/lanzaron-el-programa-prevencion-ciudadana-en-villa-mercedes\/#primaryimage\"},\"thumbnailUrl\":\"https:\/\/apuntesdesanluis.com\/wp-content\/uploads\/2024\/02\/LANZAMIENTO.png\",\"datePublished\":\"2024-02-09T02:46:17+00:00\",\"dateModified\":\"2024-02-09T10:51:54+00:00\",\"breadcrumb\":{\"@id\":\"https:\/\/apuntesdesanluis.com\/index.php\/2024\/02\/08\/lanzaron-el-programa-prevencion-ciudadana-en-villa-mercedes\/#breadcrumb\"},\"inLanguage\":\"es-AR\",\"potentialAction\":[{\"@type\":\"ReadAction\",\"target\":[\"https:\/\/apuntesdesanluis.com\/index.php\/2024\/02\/08\/lanzaron-el-programa-prevencion-ciudadana-en-villa-mercedes\/\"]}]},{\"@type\":\"ImageObject\",\"inLanguage\":\"es-AR\",\"@id\":\"https:\/\/apuntesdesanluis.com\/index.php\/2024\/02\/08\/lanzaron-el-programa-prevencion-ciudadana-en-villa-mercedes\/#primaryimage\",\"url\":\"https:\/\/apuntesdesanluis.com\/wp-content\/uploads\/2024\/02\/LANZAMIENTO.png\",\"contentUrl\":\"https:\/\/apuntesdesanluis.com\/wp-content\/uploads\/2024\/02\/LANZAMIENTO.png\",\"width\":600,\"height\":361},{\"@type\":\"BreadcrumbList\",\"@id\":\"https:\/\/apuntesdesanluis.com\/index.php\/2024\/02\/08\/lanzaron-el-programa-prevencion-ciudadana-en-villa-mercedes\/#breadcrumb\",\"itemListElement\":[{\"@type\":\"ListItem\",\"position\":1,\"name\":\"Inicio\",\"item\":\"https:\/\/apuntesdesanluis.com\/\"},{\"@type\":\"ListItem\",\"position\":2,\"name\":\"LANZARON EL PROGRAMA PREVENCI\u00d3N CIUDADANA EN VILLA MERCEDES\"}]},{\"@type\":\"WebSite\",\"@id\":\"https:\/\/apuntesdesanluis.com\/#website\",\"url\":\"https:\/\/apuntesdesanluis.com\/\",\"name\":\"Apuntes de San Luis\",\"description\":\"\",\"publisher\":{\"@id\":\"https:\/\/apuntesdesanluis.com\/#\/schema\/person\/b55151d52296fcce64d1a72538a70b90\"},\"potentialAction\":[{\"@type\":\"SearchAction\",\"target\":{\"@type\":\"EntryPoint\",\"urlTemplate\":\"https:\/\/apuntesdesanluis.com\/?s={search_term_string}\"},\"query-input\":{\"@type\":\"PropertyValueSpecification\",\"valueRequired\":true,\"valueName\":\"search_term_string\"}}],\"inLanguage\":\"es-AR\"},{\"@type\":[\"Person\",\"Organization\"],\"@id\":\"https:\/\/apuntesdesanluis.com\/#\/schema\/person\/b55151d52296fcce64d1a72538a70b90\",\"name\":\"apuntesdesanluis.com\",\"image\":{\"@type\":\"ImageObject\",\"inLanguage\":\"es-AR\",\"@id\":\"https:\/\/apuntesdesanluis.com\/#\/schema\/person\/image\/\",\"url\":\"https:\/\/apuntesdesanluis.com\/wp-content\/uploads\/2023\/07\/cropped-apuntesdesanluis.png\",\"contentUrl\":\"https:\/\/apuntesdesanluis.com\/wp-content\/uploads\/2023\/07\/cropped-apuntesdesanluis.png\",\"width\":450,\"height\":112,\"caption\":\"apuntesdesanluis.com\"},\"logo\":{\"@id\":\"https:\/\/apuntesdesanluis.com\/#\/schema\/person\/image\/\"},\"sameAs\":[\"https:\/\/apuntesdesanluis.com\"],\"url\":\"https:\/\/apuntesdesanluis.com\/index.php\/author\/apuntesdesanluis-com\/\"}]}<\/script>\n<!-- \/ Yoast SEO plugin. -->","yoast_head_json":{"title":"LANZARON EL PROGRAMA PREVENCI\u00d3N CIUDADANA EN VILLA MERCEDES - Apuntes de San Luis","robots":{"index":"index","follow":"follow","max-snippet":"max-snippet:-1","max-image-preview":"max-image-preview:large","max-video-preview":"max-video-preview:-1"},"canonical":"https:\/\/apuntesdesanluis.com\/index.php\/2024\/02\/08\/lanzaron-el-programa-prevencion-ciudadana-en-villa-mercedes\/","og_locale":"es_ES","og_type":"article","og_title":"LANZARON EL PROGRAMA PREVENCI\u00d3N CIUDADANA EN VILLA MERCEDES - Apuntes de San Luis","og_description":"Al igual que hab\u00eda sucedido hace unos d\u00edas en San Luis, el gobernador Claudio Poggi...","og_url":"https:\/\/apuntesdesanluis.com\/index.php\/2024\/02\/08\/lanzaron-el-programa-prevencion-ciudadana-en-villa-mercedes\/","og_site_name":"Apuntes de San Luis","article_published_time":"2024-02-09T02:46:17+00:00","article_modified_time":"2024-02-09T10:51:54+00:00","og_image":[{"width":600,"height":361,"url":"https:\/\/apuntesdesanluis.com\/wp-content\/uploads\/2024\/02\/LANZAMIENTO.png","type":"image\/png"}],"author":"apuntesdesanluis.com","twitter_card":"summary_large_image","twitter_misc":{"Escrito por":"apuntesdesanluis.com","Tiempo de lectura":"5 minutos"},"schema":{"@context":"https:\/\/schema.org","@graph":[{"@type":"Article","@id":"https:\/\/apuntesdesanluis.com\/index.php\/2024\/02\/08\/lanzaron-el-programa-prevencion-ciudadana-en-villa-mercedes\/#article","isPartOf":{"@id":"https:\/\/apuntesdesanluis.com\/index.php\/2024\/02\/08\/lanzaron-el-programa-prevencion-ciudadana-en-villa-mercedes\/"},"author":{"name":"apuntesdesanluis.com","@id":"https:\/\/apuntesdesanluis.com\/#\/schema\/person\/b55151d52296fcce64d1a72538a70b90"},"headline":"LANZARON EL PROGRAMA PREVENCI\u00d3N CIUDADANA EN VILLA MERCEDES","datePublished":"2024-02-09T02:46:17+00:00","dateModified":"2024-02-09T10:51:54+00:00","mainEntityOfPage":{"@id":"https:\/\/apuntesdesanluis.com\/index.php\/2024\/02\/08\/lanzaron-el-programa-prevencion-ciudadana-en-villa-mercedes\/"},"wordCount":907,"publisher":{"@id":"https:\/\/apuntesdesanluis.com\/#\/schema\/person\/b55151d52296fcce64d1a72538a70b90"},"image":{"@id":"https:\/\/apuntesdesanluis.com\/index.php\/2024\/02\/08\/lanzaron-el-programa-prevencion-ciudadana-en-villa-mercedes\/#primaryimage"},"thumbnailUrl":"https:\/\/apuntesdesanluis.com\/wp-content\/uploads\/2024\/02\/LANZAMIENTO.png","articleSection":["Ciudad\/Provincia"],"inLanguage":"es-AR"},{"@type":"WebPage","@id":"https:\/\/apuntesdesanluis.com\/index.php\/2024\/02\/08\/lanzaron-el-programa-prevencion-ciudadana-en-villa-mercedes\/","url":"https:\/\/apuntesdesanluis.com\/index.php\/2024\/02\/08\/lanzaron-el-programa-prevencion-ciudadana-en-villa-mercedes\/","name":"LANZARON EL PROGRAMA PREVENCI\u00d3N CIUDADANA EN VILLA MERCEDES - Apuntes de San Luis","isPartOf":{"@id":"https:\/\/apuntesdesanluis.com\/#website"},"primaryImageOfPage":{"@id":"https:\/\/apuntesdesanluis.com\/index.php\/2024\/02\/08\/lanzaron-el-programa-prevencion-ciudadana-en-villa-mercedes\/#primaryimage"},"image":{"@id":"https:\/\/apuntesdesanluis.com\/index.php\/2024\/02\/08\/lanzaron-el-programa-prevencion-ciudadana-en-villa-mercedes\/#primaryimage"},"thumbnailUrl":"https:\/\/apuntesdesanluis.com\/wp-content\/uploads\/2024\/02\/LANZAMIENTO.png","datePublished":"2024-02-09T02:46:17+00:00","dateModified":"2024-02-09T10:51:54+00:00","breadcrumb":{"@id":"https:\/\/apuntesdesanluis.com\/index.php\/2024\/02\/08\/lanzaron-el-programa-prevencion-ciudadana-en-villa-mercedes\/#breadcrumb"},"inLanguage":"es-AR","potentialAction":[{"@type":"ReadAction","target":["https:\/\/apuntesdesanluis.com\/index.php\/2024\/02\/08\/lanzaron-el-programa-prevencion-ciudadana-en-villa-mercedes\/"]}]},{"@type":"ImageObject","inLanguage":"es-AR","@id":"https:\/\/apuntesdesanluis.com\/index.php\/2024\/02\/08\/lanzaron-el-programa-prevencion-ciudadana-en-villa-mercedes\/#primaryimage","url":"https:\/\/apuntesdesanluis.com\/wp-content\/uploads\/2024\/02\/LANZAMIENTO.png","contentUrl":"https:\/\/apuntesdesanluis.com\/wp-content\/uploads\/2024\/02\/LANZAMIENTO.png","width":600,"height":361},{"@type":"BreadcrumbList","@id":"https:\/\/apuntesdesanluis.com\/index.php\/2024\/02\/08\/lanzaron-el-programa-prevencion-ciudadana-en-villa-mercedes\/#breadcrumb","itemListElement":[{"@type":"ListItem","position":1,"name":"Inicio","item":"https:\/\/apuntesdesanluis.com\/"},{"@type":"ListItem","position":2,"name":"LANZARON EL PROGRAMA PREVENCI\u00d3N CIUDADANA EN VILLA MERCEDES"}]},{"@type":"WebSite","@id":"https:\/\/apuntesdesanluis.com\/#website","url":"https:\/\/apuntesdesanluis.com\/","name":"Apuntes de San Luis","description":"","publisher":{"@id":"https:\/\/apuntesdesanluis.com\/#\/schema\/person\/b55151d52296fcce64d1a72538a70b90"},"potentialAction":[{"@type":"SearchAction","target":{"@type":"EntryPoint","urlTemplate":"https:\/\/apuntesdesanluis.com\/?s={search_term_string}"},"query-input":{"@type":"PropertyValueSpecification","valueRequired":true,"valueName":"search_term_string"}}],"inLanguage":"es-AR"},{"@type":["Person","Organization"],"@id":"https:\/\/apuntesdesanluis.com\/#\/schema\/person\/b55151d52296fcce64d1a72538a70b90","name":"apuntesdesanluis.com","image":{"@type":"ImageObject","inLanguage":"es-AR","@id":"https:\/\/apuntesdesanluis.com\/#\/schema\/person\/image\/","url":"https:\/\/apuntesdesanluis.com\/wp-content\/uploads\/2023\/07\/cropped-apuntesdesanluis.png","contentUrl":"https:\/\/apuntesdesanluis.com\/wp-content\/uploads\/2023\/07\/cropped-apuntesdesanluis.png","width":450,"height":112,"caption":"apuntesdesanluis.com"},"logo":{"@id":"https:\/\/apuntesdesanluis.com\/#\/schema\/person\/image\/"},"sameAs":["https:\/\/apuntesdesanluis.com"],"url":"https:\/\/apuntesdesanluis.com\/index.php\/author\/apuntesdesanluis-com\/"}]}},"featured_image_urls":{"full":["https:\/\/apuntesdesanluis.com\/wp-content\/uploads\/2024\/02\/LANZAMIENTO.png",600,361,false],"thumbnail":["https:\/\/apuntesdesanluis.com\/wp-content\/uploads\/2024\/02\/LANZAMIENTO-150x150.png",150,150,true],"medium":["https:\/\/apuntesdesanluis.com\/wp-content\/uploads\/2024\/02\/LANZAMIENTO-300x181.png",300,181,true],"medium_large":["https:\/\/apuntesdesanluis.com\/wp-content\/uploads\/2024\/02\/LANZAMIENTO.png",600,361,false],"large":["https:\/\/apuntesdesanluis.com\/wp-content\/uploads\/2024\/02\/LANZAMIENTO.png",600,361,false],"1536x1536":["https:\/\/apuntesdesanluis.com\/wp-content\/uploads\/2024\/02\/LANZAMIENTO.png",600,361,false],"2048x2048":["https:\/\/apuntesdesanluis.com\/wp-content\/uploads\/2024\/02\/LANZAMIENTO.png",600,361,false],"newsever-slider-full":["https:\/\/apuntesdesanluis.com\/wp-content\/uploads\/2024\/02\/LANZAMIENTO.png",600,361,false],"newsever-featured":["https:\/\/apuntesdesanluis.com\/wp-content\/uploads\/2024\/02\/LANZAMIENTO.png",600,361,false],"newsever-medium":["https:\/\/apuntesdesanluis.com\/wp-content\/uploads\/2024\/02\/LANZAMIENTO.png",600,361,false]},"author_info":{"display_name":"apuntesdesanluis.com","author_link":"https:\/\/apuntesdesanluis.com\/index.php\/author\/apuntesdesanluis-com\/"},"category_info":"<a href=\"https:\/\/apuntesdesanluis.com\/index.php\/category\/ciudad-provincia\/\" rel=\"category tag\">Ciudad\/Provincia<\/a>","tag_info":"Ciudad\/Provincia","comment_count":"0","_links":{"self":[{"href":"https:\/\/apuntesdesanluis.com\/index.php\/wp-json\/wp\/v2\/posts\/11503","targetHints":{"allow":["GET"]}}],"collection":[{"href":"https:\/\/apuntesdesanluis.com\/index.php\/wp-json\/wp\/v2\/posts"}],"about":[{"href":"https:\/\/apuntesdesanluis.com\/index.php\/wp-json\/wp\/v2\/types\/post"}],"author":[{"embeddable":true,"href":"https:\/\/apuntesdesanluis.com\/index.php\/wp-json\/wp\/v2\/users\/1"}],"replies":[{"embeddable":true,"href":"https:\/\/apuntesdesanluis.com\/index.php\/wp-json\/wp\/v2\/comments?post=11503"}],"version-history":[{"count":1,"href":"https:\/\/apuntesdesanluis.com\/index.php\/wp-json\/wp\/v2\/posts\/11503\/revisions"}],"predecessor-version":[{"id":11508,"href":"https:\/\/apuntesdesanluis.com\/index.php\/wp-json\/wp\/v2\/posts\/11503\/revisions\/11508"}],"wp:featuredmedia":[{"embeddable":true,"href":"https:\/\/apuntesdesanluis.com\/index.php\/wp-json\/wp\/v2\/media\/11504"}],"wp:attachment":[{"href":"https:\/\/apuntesdesanluis.com\/index.php\/wp-json\/wp\/v2\/media?parent=11503"}],"wp:term":[{"taxonomy":"category","embeddable":true,"href":"https:\/\/apuntesdesanluis.com\/index.php\/wp-json\/wp\/v2\/categories?post=11503"},{"taxonomy":"post_tag","embeddable":true,"href":"https:\/\/apuntesdesanluis.com\/index.php\/wp-json\/wp\/v2\/tags?post=11503"}],"curies":[{"name":"wp","href":"https:\/\/api.w.org\/{rel}","templated":true}]}}