{"id":11515,"date":"2024-02-08T23:59:40","date_gmt":"2024-02-09T02:59:40","guid":{"rendered":"https:\/\/apuntesdesanluis.com\/?p=11515"},"modified":"2024-02-09T11:17:22","modified_gmt":"2024-02-09T14:17:22","slug":"la-unvime-estrecha-vinculos-con-la-municipalidad-de-villa-mercedes","status":"publish","type":"post","link":"https:\/\/apuntesdesanluis.com\/index.php\/2024\/02\/08\/la-unvime-estrecha-vinculos-con-la-municipalidad-de-villa-mercedes\/","title":{"rendered":"LA UNVIME ESTRECHA V\u00cdNCULOS CON LA MUNICIPALIDAD DE VILLA MERCEDES"},"content":{"rendered":"<h3>El Intendente de la ciudad <strong>Maximiliano Frontera<\/strong> visit\u00f3 al Rector <strong>Marcelo Sosa<\/strong>, con quien se reuni\u00f3 para dialogar sobre acciones en conjunto que podr\u00edan implementarse en el marco de la colaboraci\u00f3n mutua.<\/h3>\n<h3>Este jueves el Dr. Frontera se interioriz\u00f3 del funcionamiento de la universidad y los principales ejes que dominar\u00e1n la gesti\u00f3n durante el presente ciclo lectivo 2024.<\/h3>\n<h3>El Rector le coment\u00f3 que una de las prioridades es la inminente mudanza de carreras al nuevo edificio de la UPrO, cedido en comodato, que est\u00e1 ubicado en Barrio Los Poetas. Otros temas son la reactivaci\u00f3n de la obra del Campus, la designaci\u00f3n de docentes y las medidas de austeridad implementadas, en el marco de las restricciones presupuestarias aplicadas al \u00e1mbito superior.<\/h3>\n<p><img fetchpriority=\"high\" decoding=\"async\" class=\"wp-image-11517 aligncenter\" src=\"https:\/\/apuntesdesanluis.com\/wp-content\/uploads\/2024\/02\/FRONTERA-RECTOR-SOSA-300x207.png\" alt=\"\" width=\"465\" height=\"321\" srcset=\"https:\/\/apuntesdesanluis.com\/wp-content\/uploads\/2024\/02\/FRONTERA-RECTOR-SOSA-300x207.png 300w, https:\/\/apuntesdesanluis.com\/wp-content\/uploads\/2024\/02\/FRONTERA-RECTOR-SOSA.png 544w\" sizes=\"(max-width: 465px) 100vw, 465px\" \/><\/p>\n<h3>Los funcionarios analizaron la \u201ccompleja situaci\u00f3n econ\u00f3mica\u201d que atraviesa el pa\u00eds y los efectos sobre sus respectivas gestiones.<\/h3>\n<h3>En este contexto, abordaron distintas acciones colaborativas y de complementariedad que podr\u00edan implementarse en beneficio de la comunidad y ratificaron los lazos de amistad personal que los unen.<\/h3>\n<h3>El Dr. Marcelo Sosa agradeci\u00f3 afectuosamente la visita del Sr. Intendente y acord\u00f3 mantener nuevos encuentros para avanzar en propuestas de capacitaci\u00f3n, entre otras iniciativas.<\/h3>\n<h3>Antes de retirarse, el Intendente Maximiliano Frontera dialog\u00f3 con Prensa Institucional.<\/h3>\n<p><img decoding=\"async\" class=\"wp-image-11518 aligncenter\" src=\"https:\/\/apuntesdesanluis.com\/wp-content\/uploads\/2024\/02\/frontera-300x211.jpg\" alt=\"\" width=\"365\" height=\"257\" srcset=\"https:\/\/apuntesdesanluis.com\/wp-content\/uploads\/2024\/02\/frontera-300x211.jpg 300w, https:\/\/apuntesdesanluis.com\/wp-content\/uploads\/2024\/02\/frontera.jpg 364w\" sizes=\"(max-width: 365px) 100vw, 365px\" \/><\/p>\n<!--[if lt IE 9]><script>document.createElement('audio');<\/script><![endif]-->\n\t<div class=\"wp-playlist wp-audio-playlist wp-playlist-light\">\n\t\t\t<div class=\"wp-playlist-current-item\"><\/div>\n\t\t<audio controls=\"controls\" preload=\"none\" width=\"618\"\n\t\t\t><\/audio>\n\t<div class=\"wp-playlist-next\"><\/div>\n\t<div class=\"wp-playlist-prev\"><\/div>\n\t<noscript>\n\t<ol>\n\t\t<li><a href='https:\/\/apuntesdesanluis.com\/wp-content\/uploads\/2024\/02\/2024-02-08-INT.-FRONTERA-REUNION-CON-RECTOR-M.-SOSA.mp3'>2024-02-08 INT. FRONTERA-REUNION CON RECTOR M. SOSA<\/a><\/li>\t<\/ol>\n\t<\/noscript>\n\t<script type=\"application\/json\" class=\"wp-playlist-script\">{\"type\":\"audio\",\"tracklist\":true,\"tracknumbers\":true,\"images\":true,\"artists\":true,\"tracks\":[{\"src\":\"https:\\\/\\\/apuntesdesanluis.com\\\/wp-content\\\/uploads\\\/2024\\\/02\\\/2024-02-08-INT.-FRONTERA-REUNION-CON-RECTOR-M.-SOSA.mp3\",\"type\":\"audio\\\/mpeg\",\"title\":\"2024-02-08 INT. FRONTERA-REUNION CON RECTOR M. SOSA\",\"caption\":\"\",\"description\":\"\\\"2024-02-08 INT. FRONTERA-REUNION CON RECTOR M. SOSA\\\". G\\u00e9nero: Blues.\",\"meta\":{\"genre\":\"Blues\",\"length_formatted\":\"2:20\"},\"image\":{\"src\":\"https:\\\/\\\/apuntesdesanluis.com\\\/wp-includes\\\/images\\\/media\\\/audio.svg\",\"width\":48,\"height\":64},\"thumb\":{\"src\":\"https:\\\/\\\/apuntesdesanluis.com\\\/wp-includes\\\/images\\\/media\\\/audio.svg\",\"width\":48,\"height\":64}}]}<\/script>\n<\/div>\n\t\n<p>&nbsp;<\/p>\n<p>&nbsp;<\/p>\n<p>&nbsp;<\/p>\n","protected":false},"excerpt":{"rendered":"<p>El Intendente de la ciudad Maximiliano Frontera visit\u00f3 al Rector Marcelo Sosa, con quien se&#8230;<\/p>\n","protected":false},"author":1,"featured_media":11516,"comment_status":"closed","ping_status":"closed","sticky":false,"template":"","format":"standard","meta":{"footnotes":""},"categories":[6],"tags":[],"class_list":["post-11515","post","type-post","status-publish","format-standard","has-post-thumbnail","hentry","category-ciudad-provincia"],"yoast_head":"<!-- This site is optimized with the Yoast SEO plugin v26.1.1 - https:\/\/yoast.com\/wordpress\/plugins\/seo\/ -->\n<title>LA UNVIME ESTRECHA V\u00cdNCULOS CON LA MUNICIPALIDAD DE VILLA MERCEDES - Apuntes de San Luis<\/title>\n<meta name=\"robots\" content=\"index, follow, max-snippet:-1, max-image-preview:large, max-video-preview:-1\" \/>\n<link rel=\"canonical\" href=\"https:\/\/apuntesdesanluis.com\/index.php\/2024\/02\/08\/la-unvime-estrecha-vinculos-con-la-municipalidad-de-villa-mercedes\/\" \/>\n<meta property=\"og:locale\" content=\"es_ES\" \/>\n<meta property=\"og:type\" content=\"article\" \/>\n<meta property=\"og:title\" content=\"LA UNVIME ESTRECHA V\u00cdNCULOS CON LA MUNICIPALIDAD DE VILLA MERCEDES - Apuntes de San Luis\" \/>\n<meta property=\"og:description\" content=\"El Intendente de la ciudad Maximiliano Frontera visit\u00f3 al Rector Marcelo Sosa, con quien se...\" \/>\n<meta property=\"og:url\" content=\"https:\/\/apuntesdesanluis.com\/index.php\/2024\/02\/08\/la-unvime-estrecha-vinculos-con-la-municipalidad-de-villa-mercedes\/\" \/>\n<meta property=\"og:site_name\" content=\"Apuntes de San Luis\" \/>\n<meta property=\"article:published_time\" content=\"2024-02-09T02:59:40+00:00\" \/>\n<meta property=\"article:modified_time\" content=\"2024-02-09T14:17:22+00:00\" \/>\n<meta property=\"og:image\" content=\"https:\/\/apuntesdesanluis.com\/wp-content\/uploads\/2024\/02\/frontera-sosa-e1707488235612.jpg\" \/>\n\t<meta property=\"og:image:width\" content=\"800\" \/>\n\t<meta property=\"og:image:height\" content=\"408\" \/>\n\t<meta property=\"og:image:type\" content=\"image\/jpeg\" \/>\n<meta name=\"author\" content=\"apuntesdesanluis.com\" \/>\n<meta name=\"twitter:card\" content=\"summary_large_image\" \/>\n<meta name=\"twitter:label1\" content=\"Escrito por\" \/>\n\t<meta name=\"twitter:data1\" content=\"apuntesdesanluis.com\" \/>\n\t<meta name=\"twitter:label2\" content=\"Tiempo de lectura\" \/>\n\t<meta name=\"twitter:data2\" content=\"2 minutos\" \/>\n<script type=\"application\/ld+json\" class=\"yoast-schema-graph\">{\"@context\":\"https:\/\/schema.org\",\"@graph\":[{\"@type\":\"Article\",\"@id\":\"https:\/\/apuntesdesanluis.com\/index.php\/2024\/02\/08\/la-unvime-estrecha-vinculos-con-la-municipalidad-de-villa-mercedes\/#article\",\"isPartOf\":{\"@id\":\"https:\/\/apuntesdesanluis.com\/index.php\/2024\/02\/08\/la-unvime-estrecha-vinculos-con-la-municipalidad-de-villa-mercedes\/\"},\"author\":{\"name\":\"apuntesdesanluis.com\",\"@id\":\"https:\/\/apuntesdesanluis.com\/#\/schema\/person\/b55151d52296fcce64d1a72538a70b90\"},\"headline\":\"LA UNVIME ESTRECHA V\u00cdNCULOS CON LA MUNICIPALIDAD DE VILLA MERCEDES\",\"datePublished\":\"2024-02-09T02:59:40+00:00\",\"dateModified\":\"2024-02-09T14:17:22+00:00\",\"mainEntityOfPage\":{\"@id\":\"https:\/\/apuntesdesanluis.com\/index.php\/2024\/02\/08\/la-unvime-estrecha-vinculos-con-la-municipalidad-de-villa-mercedes\/\"},\"wordCount\":228,\"publisher\":{\"@id\":\"https:\/\/apuntesdesanluis.com\/#\/schema\/person\/b55151d52296fcce64d1a72538a70b90\"},\"image\":{\"@id\":\"https:\/\/apuntesdesanluis.com\/index.php\/2024\/02\/08\/la-unvime-estrecha-vinculos-con-la-municipalidad-de-villa-mercedes\/#primaryimage\"},\"thumbnailUrl\":\"https:\/\/apuntesdesanluis.com\/wp-content\/uploads\/2024\/02\/frontera-sosa-e1707488235612.jpg\",\"articleSection\":[\"Ciudad\/Provincia\"],\"inLanguage\":\"es-AR\"},{\"@type\":\"WebPage\",\"@id\":\"https:\/\/apuntesdesanluis.com\/index.php\/2024\/02\/08\/la-unvime-estrecha-vinculos-con-la-municipalidad-de-villa-mercedes\/\",\"url\":\"https:\/\/apuntesdesanluis.com\/index.php\/2024\/02\/08\/la-unvime-estrecha-vinculos-con-la-municipalidad-de-villa-mercedes\/\",\"name\":\"LA UNVIME ESTRECHA V\u00cdNCULOS CON LA MUNICIPALIDAD DE VILLA MERCEDES - Apuntes de San Luis\",\"isPartOf\":{\"@id\":\"https:\/\/apuntesdesanluis.com\/#website\"},\"primaryImageOfPage\":{\"@id\":\"https:\/\/apuntesdesanluis.com\/index.php\/2024\/02\/08\/la-unvime-estrecha-vinculos-con-la-municipalidad-de-villa-mercedes\/#primaryimage\"},\"image\":{\"@id\":\"https:\/\/apuntesdesanluis.com\/index.php\/2024\/02\/08\/la-unvime-estrecha-vinculos-con-la-municipalidad-de-villa-mercedes\/#primaryimage\"},\"thumbnailUrl\":\"https:\/\/apuntesdesanluis.com\/wp-content\/uploads\/2024\/02\/frontera-sosa-e1707488235612.jpg\",\"datePublished\":\"2024-02-09T02:59:40+00:00\",\"dateModified\":\"2024-02-09T14:17:22+00:00\",\"breadcrumb\":{\"@id\":\"https:\/\/apuntesdesanluis.com\/index.php\/2024\/02\/08\/la-unvime-estrecha-vinculos-con-la-municipalidad-de-villa-mercedes\/#breadcrumb\"},\"inLanguage\":\"es-AR\",\"potentialAction\":[{\"@type\":\"ReadAction\",\"target\":[\"https:\/\/apuntesdesanluis.com\/index.php\/2024\/02\/08\/la-unvime-estrecha-vinculos-con-la-municipalidad-de-villa-mercedes\/\"]}]},{\"@type\":\"ImageObject\",\"inLanguage\":\"es-AR\",\"@id\":\"https:\/\/apuntesdesanluis.com\/index.php\/2024\/02\/08\/la-unvime-estrecha-vinculos-con-la-municipalidad-de-villa-mercedes\/#primaryimage\",\"url\":\"https:\/\/apuntesdesanluis.com\/wp-content\/uploads\/2024\/02\/frontera-sosa-e1707488235612.jpg\",\"contentUrl\":\"https:\/\/apuntesdesanluis.com\/wp-content\/uploads\/2024\/02\/frontera-sosa-e1707488235612.jpg\",\"width\":800,\"height\":408},{\"@type\":\"BreadcrumbList\",\"@id\":\"https:\/\/apuntesdesanluis.com\/index.php\/2024\/02\/08\/la-unvime-estrecha-vinculos-con-la-municipalidad-de-villa-mercedes\/#breadcrumb\",\"itemListElement\":[{\"@type\":\"ListItem\",\"position\":1,\"name\":\"Inicio\",\"item\":\"https:\/\/apuntesdesanluis.com\/\"},{\"@type\":\"ListItem\",\"position\":2,\"name\":\"LA UNVIME ESTRECHA V\u00cdNCULOS CON LA MUNICIPALIDAD DE VILLA MERCEDES\"}]},{\"@type\":\"WebSite\",\"@id\":\"https:\/\/apuntesdesanluis.com\/#website\",\"url\":\"https:\/\/apuntesdesanluis.com\/\",\"name\":\"Apuntes de San Luis\",\"description\":\"\",\"publisher\":{\"@id\":\"https:\/\/apuntesdesanluis.com\/#\/schema\/person\/b55151d52296fcce64d1a72538a70b90\"},\"potentialAction\":[{\"@type\":\"SearchAction\",\"target\":{\"@type\":\"EntryPoint\",\"urlTemplate\":\"https:\/\/apuntesdesanluis.com\/?s={search_term_string}\"},\"query-input\":{\"@type\":\"PropertyValueSpecification\",\"valueRequired\":true,\"valueName\":\"search_term_string\"}}],\"inLanguage\":\"es-AR\"},{\"@type\":[\"Person\",\"Organization\"],\"@id\":\"https:\/\/apuntesdesanluis.com\/#\/schema\/person\/b55151d52296fcce64d1a72538a70b90\",\"name\":\"apuntesdesanluis.com\",\"image\":{\"@type\":\"ImageObject\",\"inLanguage\":\"es-AR\",\"@id\":\"https:\/\/apuntesdesanluis.com\/#\/schema\/person\/image\/\",\"url\":\"https:\/\/apuntesdesanluis.com\/wp-content\/uploads\/2023\/07\/cropped-apuntesdesanluis.png\",\"contentUrl\":\"https:\/\/apuntesdesanluis.com\/wp-content\/uploads\/2023\/07\/cropped-apuntesdesanluis.png\",\"width\":450,\"height\":112,\"caption\":\"apuntesdesanluis.com\"},\"logo\":{\"@id\":\"https:\/\/apuntesdesanluis.com\/#\/schema\/person\/image\/\"},\"sameAs\":[\"https:\/\/apuntesdesanluis.com\"],\"url\":\"https:\/\/apuntesdesanluis.com\/index.php\/author\/apuntesdesanluis-com\/\"}]}<\/script>\n<!-- \/ Yoast SEO plugin. -->","yoast_head_json":{"title":"LA UNVIME ESTRECHA V\u00cdNCULOS CON LA MUNICIPALIDAD DE VILLA MERCEDES - Apuntes de San Luis","robots":{"index":"index","follow":"follow","max-snippet":"max-snippet:-1","max-image-preview":"max-image-preview:large","max-video-preview":"max-video-preview:-1"},"canonical":"https:\/\/apuntesdesanluis.com\/index.php\/2024\/02\/08\/la-unvime-estrecha-vinculos-con-la-municipalidad-de-villa-mercedes\/","og_locale":"es_ES","og_type":"article","og_title":"LA UNVIME ESTRECHA V\u00cdNCULOS CON LA MUNICIPALIDAD DE VILLA MERCEDES - Apuntes de San Luis","og_description":"El Intendente de la ciudad Maximiliano Frontera visit\u00f3 al Rector Marcelo Sosa, con quien se...","og_url":"https:\/\/apuntesdesanluis.com\/index.php\/2024\/02\/08\/la-unvime-estrecha-vinculos-con-la-municipalidad-de-villa-mercedes\/","og_site_name":"Apuntes de San Luis","article_published_time":"2024-02-09T02:59:40+00:00","article_modified_time":"2024-02-09T14:17:22+00:00","og_image":[{"width":800,"height":408,"url":"https:\/\/apuntesdesanluis.com\/wp-content\/uploads\/2024\/02\/frontera-sosa-e1707488235612.jpg","type":"image\/jpeg"}],"author":"apuntesdesanluis.com","twitter_card":"summary_large_image","twitter_misc":{"Escrito por":"apuntesdesanluis.com","Tiempo de lectura":"2 minutos"},"schema":{"@context":"https:\/\/schema.org","@graph":[{"@type":"Article","@id":"https:\/\/apuntesdesanluis.com\/index.php\/2024\/02\/08\/la-unvime-estrecha-vinculos-con-la-municipalidad-de-villa-mercedes\/#article","isPartOf":{"@id":"https:\/\/apuntesdesanluis.com\/index.php\/2024\/02\/08\/la-unvime-estrecha-vinculos-con-la-municipalidad-de-villa-mercedes\/"},"author":{"name":"apuntesdesanluis.com","@id":"https:\/\/apuntesdesanluis.com\/#\/schema\/person\/b55151d52296fcce64d1a72538a70b90"},"headline":"LA UNVIME ESTRECHA V\u00cdNCULOS CON LA MUNICIPALIDAD DE VILLA MERCEDES","datePublished":"2024-02-09T02:59:40+00:00","dateModified":"2024-02-09T14:17:22+00:00","mainEntityOfPage":{"@id":"https:\/\/apuntesdesanluis.com\/index.php\/2024\/02\/08\/la-unvime-estrecha-vinculos-con-la-municipalidad-de-villa-mercedes\/"},"wordCount":228,"publisher":{"@id":"https:\/\/apuntesdesanluis.com\/#\/schema\/person\/b55151d52296fcce64d1a72538a70b90"},"image":{"@id":"https:\/\/apuntesdesanluis.com\/index.php\/2024\/02\/08\/la-unvime-estrecha-vinculos-con-la-municipalidad-de-villa-mercedes\/#primaryimage"},"thumbnailUrl":"https:\/\/apuntesdesanluis.com\/wp-content\/uploads\/2024\/02\/frontera-sosa-e1707488235612.jpg","articleSection":["Ciudad\/Provincia"],"inLanguage":"es-AR"},{"@type":"WebPage","@id":"https:\/\/apuntesdesanluis.com\/index.php\/2024\/02\/08\/la-unvime-estrecha-vinculos-con-la-municipalidad-de-villa-mercedes\/","url":"https:\/\/apuntesdesanluis.com\/index.php\/2024\/02\/08\/la-unvime-estrecha-vinculos-con-la-municipalidad-de-villa-mercedes\/","name":"LA UNVIME ESTRECHA V\u00cdNCULOS CON LA MUNICIPALIDAD DE VILLA MERCEDES - Apuntes de San Luis","isPartOf":{"@id":"https:\/\/apuntesdesanluis.com\/#website"},"primaryImageOfPage":{"@id":"https:\/\/apuntesdesanluis.com\/index.php\/2024\/02\/08\/la-unvime-estrecha-vinculos-con-la-municipalidad-de-villa-mercedes\/#primaryimage"},"image":{"@id":"https:\/\/apuntesdesanluis.com\/index.php\/2024\/02\/08\/la-unvime-estrecha-vinculos-con-la-municipalidad-de-villa-mercedes\/#primaryimage"},"thumbnailUrl":"https:\/\/apuntesdesanluis.com\/wp-content\/uploads\/2024\/02\/frontera-sosa-e1707488235612.jpg","datePublished":"2024-02-09T02:59:40+00:00","dateModified":"2024-02-09T14:17:22+00:00","breadcrumb":{"@id":"https:\/\/apuntesdesanluis.com\/index.php\/2024\/02\/08\/la-unvime-estrecha-vinculos-con-la-municipalidad-de-villa-mercedes\/#breadcrumb"},"inLanguage":"es-AR","potentialAction":[{"@type":"ReadAction","target":["https:\/\/apuntesdesanluis.com\/index.php\/2024\/02\/08\/la-unvime-estrecha-vinculos-con-la-municipalidad-de-villa-mercedes\/"]}]},{"@type":"ImageObject","inLanguage":"es-AR","@id":"https:\/\/apuntesdesanluis.com\/index.php\/2024\/02\/08\/la-unvime-estrecha-vinculos-con-la-municipalidad-de-villa-mercedes\/#primaryimage","url":"https:\/\/apuntesdesanluis.com\/wp-content\/uploads\/2024\/02\/frontera-sosa-e1707488235612.jpg","contentUrl":"https:\/\/apuntesdesanluis.com\/wp-content\/uploads\/2024\/02\/frontera-sosa-e1707488235612.jpg","width":800,"height":408},{"@type":"BreadcrumbList","@id":"https:\/\/apuntesdesanluis.com\/index.php\/2024\/02\/08\/la-unvime-estrecha-vinculos-con-la-municipalidad-de-villa-mercedes\/#breadcrumb","itemListElement":[{"@type":"ListItem","position":1,"name":"Inicio","item":"https:\/\/apuntesdesanluis.com\/"},{"@type":"ListItem","position":2,"name":"LA UNVIME ESTRECHA V\u00cdNCULOS CON LA MUNICIPALIDAD DE VILLA MERCEDES"}]},{"@type":"WebSite","@id":"https:\/\/apuntesdesanluis.com\/#website","url":"https:\/\/apuntesdesanluis.com\/","name":"Apuntes de San Luis","description":"","publisher":{"@id":"https:\/\/apuntesdesanluis.com\/#\/schema\/person\/b55151d52296fcce64d1a72538a70b90"},"potentialAction":[{"@type":"SearchAction","target":{"@type":"EntryPoint","urlTemplate":"https:\/\/apuntesdesanluis.com\/?s={search_term_string}"},"query-input":{"@type":"PropertyValueSpecification","valueRequired":true,"valueName":"search_term_string"}}],"inLanguage":"es-AR"},{"@type":["Person","Organization"],"@id":"https:\/\/apuntesdesanluis.com\/#\/schema\/person\/b55151d52296fcce64d1a72538a70b90","name":"apuntesdesanluis.com","image":{"@type":"ImageObject","inLanguage":"es-AR","@id":"https:\/\/apuntesdesanluis.com\/#\/schema\/person\/image\/","url":"https:\/\/apuntesdesanluis.com\/wp-content\/uploads\/2023\/07\/cropped-apuntesdesanluis.png","contentUrl":"https:\/\/apuntesdesanluis.com\/wp-content\/uploads\/2023\/07\/cropped-apuntesdesanluis.png","width":450,"height":112,"caption":"apuntesdesanluis.com"},"logo":{"@id":"https:\/\/apuntesdesanluis.com\/#\/schema\/person\/image\/"},"sameAs":["https:\/\/apuntesdesanluis.com"],"url":"https:\/\/apuntesdesanluis.com\/index.php\/author\/apuntesdesanluis-com\/"}]}},"featured_image_urls":{"full":["https:\/\/apuntesdesanluis.com\/wp-content\/uploads\/2024\/02\/frontera-sosa-e1707488235612.jpg",800,408,false],"thumbnail":["https:\/\/apuntesdesanluis.com\/wp-content\/uploads\/2024\/02\/frontera-sosa-e1707488235612-150x150.jpg",150,150,true],"medium":["https:\/\/apuntesdesanluis.com\/wp-content\/uploads\/2024\/02\/frontera-sosa-e1707488235612-300x153.jpg",300,153,true],"medium_large":["https:\/\/apuntesdesanluis.com\/wp-content\/uploads\/2024\/02\/frontera-sosa-e1707488235612-768x392.jpg",640,327,true],"large":["https:\/\/apuntesdesanluis.com\/wp-content\/uploads\/2024\/02\/frontera-sosa-e1707488235612.jpg",640,326,false],"1536x1536":["https:\/\/apuntesdesanluis.com\/wp-content\/uploads\/2024\/02\/frontera-sosa-e1707488235612.jpg",800,408,false],"2048x2048":["https:\/\/apuntesdesanluis.com\/wp-content\/uploads\/2024\/02\/frontera-sosa-e1707488235612.jpg",800,408,false],"newsever-slider-full":["https:\/\/apuntesdesanluis.com\/wp-content\/uploads\/2024\/02\/frontera-sosa-e1707488235612.jpg",800,408,false],"newsever-featured":["https:\/\/apuntesdesanluis.com\/wp-content\/uploads\/2024\/02\/frontera-sosa-e1707488235612.jpg",800,408,false],"newsever-medium":["https:\/\/apuntesdesanluis.com\/wp-content\/uploads\/2024\/02\/frontera-sosa-e1707488235612-720x408.jpg",720,408,true]},"author_info":{"display_name":"apuntesdesanluis.com","author_link":"https:\/\/apuntesdesanluis.com\/index.php\/author\/apuntesdesanluis-com\/"},"category_info":"<a href=\"https:\/\/apuntesdesanluis.com\/index.php\/category\/ciudad-provincia\/\" rel=\"category tag\">Ciudad\/Provincia<\/a>","tag_info":"Ciudad\/Provincia","comment_count":"0","_links":{"self":[{"href":"https:\/\/apuntesdesanluis.com\/index.php\/wp-json\/wp\/v2\/posts\/11515","targetHints":{"allow":["GET"]}}],"collection":[{"href":"https:\/\/apuntesdesanluis.com\/index.php\/wp-json\/wp\/v2\/posts"}],"about":[{"href":"https:\/\/apuntesdesanluis.com\/index.php\/wp-json\/wp\/v2\/types\/post"}],"author":[{"embeddable":true,"href":"https:\/\/apuntesdesanluis.com\/index.php\/wp-json\/wp\/v2\/users\/1"}],"replies":[{"embeddable":true,"href":"https:\/\/apuntesdesanluis.com\/index.php\/wp-json\/wp\/v2\/comments?post=11515"}],"version-history":[{"count":1,"href":"https:\/\/apuntesdesanluis.com\/index.php\/wp-json\/wp\/v2\/posts\/11515\/revisions"}],"predecessor-version":[{"id":11520,"href":"https:\/\/apuntesdesanluis.com\/index.php\/wp-json\/wp\/v2\/posts\/11515\/revisions\/11520"}],"wp:featuredmedia":[{"embeddable":true,"href":"https:\/\/apuntesdesanluis.com\/index.php\/wp-json\/wp\/v2\/media\/11516"}],"wp:attachment":[{"href":"https:\/\/apuntesdesanluis.com\/index.php\/wp-json\/wp\/v2\/media?parent=11515"}],"wp:term":[{"taxonomy":"category","embeddable":true,"href":"https:\/\/apuntesdesanluis.com\/index.php\/wp-json\/wp\/v2\/categories?post=11515"},{"taxonomy":"post_tag","embeddable":true,"href":"https:\/\/apuntesdesanluis.com\/index.php\/wp-json\/wp\/v2\/tags?post=11515"}],"curies":[{"name":"wp","href":"https:\/\/api.w.org\/{rel}","templated":true}]}}