{"id":11532,"date":"2024-02-09T13:25:19","date_gmt":"2024-02-09T16:25:19","guid":{"rendered":"https:\/\/apuntesdesanluis.com\/?p=11532"},"modified":"2024-02-09T13:56:51","modified_gmt":"2024-02-09T16:56:51","slug":"bullrich-planteo-que-el-pro-y-la-libertad-avanza-podrian-impulsar-un-nuevo-rediseno-politico-del-gobierno","status":"publish","type":"post","link":"https:\/\/apuntesdesanluis.com\/index.php\/2024\/02\/09\/bullrich-planteo-que-el-pro-y-la-libertad-avanza-podrian-impulsar-un-nuevo-rediseno-politico-del-gobierno\/","title":{"rendered":"BULLRICH PLANTE\u00d3 QUE EL PRO Y LA LIBERTAD AVANZA PODR\u00cdAN IMPULSAR UN &#8220;NUEVO REDISE\u00d1O POL\u00cdTICO&#8221; DEL GOBIERNO"},"content":{"rendered":"<h3>La ministra de Seguridad <strong>Patricia Bullrich<\/strong> afirm\u00f3 que los espacios est\u00e1n &#8220;caminando juntos&#8221;, pero aclar\u00f3 que es un tema &#8220;a debatir&#8221; al interior del partido amarillo. Por su parte el senador Mart\u00edn Lousteau cuestion\u00f3 que \u201cel PRO est\u00e1 apoyando cualquier cosa para estar adentro del Gobierno ahora o despu\u00e9s&#8221;.<\/h3>\n<h3>Las declaraciones de Bullrich significan blanquear lo sucedido despu\u00e9s del balotaje, cuando en la pr\u00e1ctica se admiti\u00f3 que la derrota frente a Milei representaba el certificado de defunci\u00f3n de Juntos por el Cambio como alianza pol\u00edtica. Luego Milei comenz\u00f3 a integrar un mayor n\u00famero de dirigentes del Pro a sus filas, que del radicalismo.<\/h3>\n<h3>En declaraciones a La Naci\u00f3n+, la presidenta del Consejo Nacional del partido amarillo se\u00f1al\u00f3 que el acercamiento del espacio a La Libertad Avanza &#8220;se viene porque la idea es la que tiene que regir, no las estructuras pol\u00edticas&#8221;.<\/h3>\n<h3>&#8220;Como la idea es muy similar, estamos caminando juntos&#8221;, a\u00f1adi\u00f3 la ex candidata presidencial.<\/h3>\n<h3>Sobre la posibilidad de que se profundice el v\u00ednculo entre ambos espacios, Bullrich manifest\u00f3: &#8220;No me quiero apurar. Es un tema a debatir&#8221;.<\/h3>\n<h3>Y reconoci\u00f3: &#8220;Yo empujo para ese lado, sin duda. Para que la idea no se frustre de nuevo en la Argentina, que el cambio no se frustre de nuevo. No podemos darnos el lujo de que otra vez el cambio se frustre por los intereses que te traban ese cambio&#8221;.<\/h3>\n<h3>Adem\u00e1s, desliz\u00f3 que varios dirigentes del PRO podr\u00edan sumarse al Gobierno, ya que remarc\u00f3 que &#8220;hay much\u00edsimos nombramientos que faltan&#8221;.<\/h3>\n<h3>&#8220;Hubo mucho tiempo en el que se trabaj\u00f3 sobre la ley y quiz\u00e1s se puso la prioridad ah\u00ed, pero creo que hay una conciencia clara de que es necesario avanzar territorialmente sobre todos aquellos espacios que est\u00e1n dominados por gente que no s\u00f3lo es contraria, sino que desde las mismas instituciones hablan contra el Gobierno e intentan destruir al Gobierno desde adentro&#8221;, se quej\u00f3 la titular de la cartera policial.<\/h3>\n<h3>Al referirse a la designaci\u00f3n de Daniel Scioli como secretario de Turismo, Ambiente y Deporte, Bullrich expres\u00f3: &#8220;Pienso que es importante que toda la gente que est\u00e9 en el Gobierno, sobre todo por la lucha que hay que dar, est\u00e9 alineada con el Gobierno. No s\u00e9 si Scioli est\u00e1 alineado. Hace muchos a\u00f1os que viene practicando una idea muy diferente&#8221;.<\/h3>\n<h3>Y lanz\u00f3: &#8220;Toda su gente es la que el otro d\u00eda se levant\u00f3 a festejar que se hubiera votado en contra de la Ley \u00d3mnibus. Entonces, \u00bfqu\u00e9 es? \u00bfun premio personal? \u00bfEs un amigo? El Gobierno hoy tiene que alinearse pol\u00edticamente. Esto no es un tema de amigos. Es un tema de que toda la gente tiene que defender una causa y jugarse por la causa&#8221;.<\/h3>\n<h3><strong>LOUSTEAU<\/strong><\/h3>\n<h3>El senador nacional de la UCR Mart\u00edn Lousteau consider\u00f3 que &#8220;el PRO est\u00e1 apoyando cualquier cosa para estar adentro del Gobierno ahora o despu\u00e9s&#8221; y advirti\u00f3 que el presidente Javier Milei &#8220;est\u00e1 incitando un nivel de violencia inusitado&#8221;.<\/h3>\n<h3>El presidente del Comit\u00e9 Nacional de la UCR se refiri\u00f3 a los dichos de la ministra de Seguridad, Patricia Bullrich, quien plante\u00f3 que el Gobierno podr\u00eda avanzar en una alianza con el PRO, y se\u00f1al\u00f3 &#8220;eso ya existe&#8221;.<\/h3>\n<p><img fetchpriority=\"high\" decoding=\"async\" class=\"wp-image-11402 aligncenter\" src=\"https:\/\/apuntesdesanluis.com\/wp-content\/uploads\/2024\/02\/MARTIN-LOUSTEAU-300x180.png\" alt=\"\" width=\"488\" height=\"293\" srcset=\"https:\/\/apuntesdesanluis.com\/wp-content\/uploads\/2024\/02\/MARTIN-LOUSTEAU-300x180.png 300w, https:\/\/apuntesdesanluis.com\/wp-content\/uploads\/2024\/02\/MARTIN-LOUSTEAU.png 600w\" sizes=\"(max-width: 488px) 100vw, 488px\" \/><\/p>\n<h3>&#8220;Cuando uno mira que el ministro de Econom\u00eda (Luis Caputo) y la de Seguridad son ex funcionarios del Gobierno de (Mauricio) Macri y ella fue la candidata a Presidenta por el PRO. No s\u00e9 si es macrimile\u00edsmo, mileimacrismo, una alianza&#8230; Es lo mismo, no hay diferencia&#8221;, sostuvo el legislador opositor.<\/h3>\n<h3>En di\u00e1logo con Esta Ma\u00f1ana, el programa que conduce Marcelo Longobardi en Radio Rivadavia, Lousteau asegur\u00f3 que &#8220;el PRO est\u00e1 apoyando cualquier cosa para estar adentro del Gobierno ahora o despu\u00e9s&#8221;.<\/h3>\n<h3>&#8220;Se ve que la apetencia del PRO es formar parte de la pr\u00f3xima etapa de recambio del Gabinete. Hay algunos que quieren estar en el poder, independientemente de qui\u00e9n tiene el poder&#8221;, complet\u00f3.<\/h3>\n<h3>Adem\u00e1s, el senador nacional critic\u00f3 en duros t\u00e9rminos a Milei y alert\u00f3 que &#8220;est\u00e1 empezando a demostrar que est\u00e1 dispuesto a jugar por el filo externo de las reglas democr\u00e1ticas&#8221;.<\/h3>\n<h3>&#8220;Veo la tendencia de elegir un enemigo y movilizar a la parte del electorado de \u00e9l en funci\u00f3n de esa dial\u00e9ctica. El Presidente est\u00e1 incitando un nivel de violencia inusitado&#8221;, a\u00f1adi\u00f3.<\/h3>\n<h3>Y se quej\u00f3 de las publicaciones que tuitea o replica Milei en sus redes sociales: &#8220;Trata de infundir temor para que las opiniones en contra de \u00e9l se sosieguen o desaparezcan&#8221;.<\/h3>\n<p><img decoding=\"async\" class=\"wp-image-11537 aligncenter\" src=\"https:\/\/apuntesdesanluis.com\/wp-content\/uploads\/2024\/02\/DETECTADO-300x279.png\" alt=\"\" width=\"434\" height=\"404\" srcset=\"https:\/\/apuntesdesanluis.com\/wp-content\/uploads\/2024\/02\/DETECTADO-300x279.png 300w, https:\/\/apuntesdesanluis.com\/wp-content\/uploads\/2024\/02\/DETECTADO.png 491w\" sizes=\"(max-width: 434px) 100vw, 434px\" \/><\/p>\n<p>&nbsp;<\/p>\n<p>&nbsp;<\/p>\n<p>&nbsp;<\/p>\n","protected":false},"excerpt":{"rendered":"<p>La ministra de Seguridad Patricia Bullrich afirm\u00f3 que los espacios est\u00e1n &#8220;caminando juntos&#8221;, pero aclar\u00f3&#8230;<\/p>\n","protected":false},"author":1,"featured_media":6677,"comment_status":"closed","ping_status":"closed","sticky":false,"template":"","format":"standard","meta":{"footnotes":""},"categories":[5],"tags":[],"class_list":["post-11532","post","type-post","status-publish","format-standard","has-post-thumbnail","hentry","category-nacionales-internacionales"],"yoast_head":"<!-- This site is optimized with the Yoast SEO plugin v26.1.1 - https:\/\/yoast.com\/wordpress\/plugins\/seo\/ -->\n<title>BULLRICH PLANTE\u00d3 QUE EL PRO Y LA LIBERTAD AVANZA PODR\u00cdAN IMPULSAR UN &quot;NUEVO REDISE\u00d1O POL\u00cdTICO&quot; DEL GOBIERNO - Apuntes de San Luis<\/title>\n<meta name=\"robots\" content=\"index, follow, max-snippet:-1, max-image-preview:large, max-video-preview:-1\" \/>\n<link rel=\"canonical\" href=\"https:\/\/apuntesdesanluis.com\/index.php\/2024\/02\/09\/bullrich-planteo-que-el-pro-y-la-libertad-avanza-podrian-impulsar-un-nuevo-rediseno-politico-del-gobierno\/\" \/>\n<meta property=\"og:locale\" content=\"es_ES\" \/>\n<meta property=\"og:type\" content=\"article\" \/>\n<meta property=\"og:title\" content=\"BULLRICH PLANTE\u00d3 QUE EL PRO Y LA LIBERTAD AVANZA PODR\u00cdAN IMPULSAR UN &quot;NUEVO REDISE\u00d1O POL\u00cdTICO&quot; DEL GOBIERNO - Apuntes de San Luis\" \/>\n<meta property=\"og:description\" content=\"La ministra de Seguridad Patricia Bullrich afirm\u00f3 que los espacios est\u00e1n &#8220;caminando juntos&#8221;, pero aclar\u00f3...\" \/>\n<meta property=\"og:url\" content=\"https:\/\/apuntesdesanluis.com\/index.php\/2024\/02\/09\/bullrich-planteo-que-el-pro-y-la-libertad-avanza-podrian-impulsar-un-nuevo-rediseno-politico-del-gobierno\/\" \/>\n<meta property=\"og:site_name\" content=\"Apuntes de San Luis\" \/>\n<meta property=\"article:published_time\" content=\"2024-02-09T16:25:19+00:00\" \/>\n<meta property=\"article:modified_time\" content=\"2024-02-09T16:56:51+00:00\" \/>\n<meta property=\"og:image\" content=\"https:\/\/apuntesdesanluis.com\/wp-content\/uploads\/2023\/11\/macri-milei-bullrich.png\" \/>\n\t<meta property=\"og:image:width\" content=\"525\" \/>\n\t<meta property=\"og:image:height\" content=\"345\" \/>\n\t<meta property=\"og:image:type\" content=\"image\/png\" \/>\n<meta name=\"author\" content=\"apuntesdesanluis.com\" \/>\n<meta name=\"twitter:card\" content=\"summary_large_image\" \/>\n<meta name=\"twitter:label1\" content=\"Escrito por\" \/>\n\t<meta name=\"twitter:data1\" content=\"apuntesdesanluis.com\" \/>\n\t<meta name=\"twitter:label2\" content=\"Tiempo de lectura\" \/>\n\t<meta name=\"twitter:data2\" content=\"4 minutos\" \/>\n<script type=\"application\/ld+json\" class=\"yoast-schema-graph\">{\"@context\":\"https:\/\/schema.org\",\"@graph\":[{\"@type\":\"Article\",\"@id\":\"https:\/\/apuntesdesanluis.com\/index.php\/2024\/02\/09\/bullrich-planteo-que-el-pro-y-la-libertad-avanza-podrian-impulsar-un-nuevo-rediseno-politico-del-gobierno\/#article\",\"isPartOf\":{\"@id\":\"https:\/\/apuntesdesanluis.com\/index.php\/2024\/02\/09\/bullrich-planteo-que-el-pro-y-la-libertad-avanza-podrian-impulsar-un-nuevo-rediseno-politico-del-gobierno\/\"},\"author\":{\"name\":\"apuntesdesanluis.com\",\"@id\":\"https:\/\/apuntesdesanluis.com\/#\/schema\/person\/b55151d52296fcce64d1a72538a70b90\"},\"headline\":\"BULLRICH PLANTE\u00d3 QUE EL PRO Y LA LIBERTAD AVANZA PODR\u00cdAN IMPULSAR UN &#8220;NUEVO REDISE\u00d1O POL\u00cdTICO&#8221; DEL GOBIERNO\",\"datePublished\":\"2024-02-09T16:25:19+00:00\",\"dateModified\":\"2024-02-09T16:56:51+00:00\",\"mainEntityOfPage\":{\"@id\":\"https:\/\/apuntesdesanluis.com\/index.php\/2024\/02\/09\/bullrich-planteo-que-el-pro-y-la-libertad-avanza-podrian-impulsar-un-nuevo-rediseno-politico-del-gobierno\/\"},\"wordCount\":790,\"publisher\":{\"@id\":\"https:\/\/apuntesdesanluis.com\/#\/schema\/person\/b55151d52296fcce64d1a72538a70b90\"},\"image\":{\"@id\":\"https:\/\/apuntesdesanluis.com\/index.php\/2024\/02\/09\/bullrich-planteo-que-el-pro-y-la-libertad-avanza-podrian-impulsar-un-nuevo-rediseno-politico-del-gobierno\/#primaryimage\"},\"thumbnailUrl\":\"https:\/\/apuntesdesanluis.com\/wp-content\/uploads\/2023\/11\/macri-milei-bullrich.png\",\"articleSection\":[\"Nacionales\/Internacionales\"],\"inLanguage\":\"es-AR\"},{\"@type\":\"WebPage\",\"@id\":\"https:\/\/apuntesdesanluis.com\/index.php\/2024\/02\/09\/bullrich-planteo-que-el-pro-y-la-libertad-avanza-podrian-impulsar-un-nuevo-rediseno-politico-del-gobierno\/\",\"url\":\"https:\/\/apuntesdesanluis.com\/index.php\/2024\/02\/09\/bullrich-planteo-que-el-pro-y-la-libertad-avanza-podrian-impulsar-un-nuevo-rediseno-politico-del-gobierno\/\",\"name\":\"BULLRICH PLANTE\u00d3 QUE EL PRO Y LA LIBERTAD AVANZA PODR\u00cdAN IMPULSAR UN \\\"NUEVO REDISE\u00d1O POL\u00cdTICO\\\" DEL GOBIERNO - Apuntes de San Luis\",\"isPartOf\":{\"@id\":\"https:\/\/apuntesdesanluis.com\/#website\"},\"primaryImageOfPage\":{\"@id\":\"https:\/\/apuntesdesanluis.com\/index.php\/2024\/02\/09\/bullrich-planteo-que-el-pro-y-la-libertad-avanza-podrian-impulsar-un-nuevo-rediseno-politico-del-gobierno\/#primaryimage\"},\"image\":{\"@id\":\"https:\/\/apuntesdesanluis.com\/index.php\/2024\/02\/09\/bullrich-planteo-que-el-pro-y-la-libertad-avanza-podrian-impulsar-un-nuevo-rediseno-politico-del-gobierno\/#primaryimage\"},\"thumbnailUrl\":\"https:\/\/apuntesdesanluis.com\/wp-content\/uploads\/2023\/11\/macri-milei-bullrich.png\",\"datePublished\":\"2024-02-09T16:25:19+00:00\",\"dateModified\":\"2024-02-09T16:56:51+00:00\",\"breadcrumb\":{\"@id\":\"https:\/\/apuntesdesanluis.com\/index.php\/2024\/02\/09\/bullrich-planteo-que-el-pro-y-la-libertad-avanza-podrian-impulsar-un-nuevo-rediseno-politico-del-gobierno\/#breadcrumb\"},\"inLanguage\":\"es-AR\",\"potentialAction\":[{\"@type\":\"ReadAction\",\"target\":[\"https:\/\/apuntesdesanluis.com\/index.php\/2024\/02\/09\/bullrich-planteo-que-el-pro-y-la-libertad-avanza-podrian-impulsar-un-nuevo-rediseno-politico-del-gobierno\/\"]}]},{\"@type\":\"ImageObject\",\"inLanguage\":\"es-AR\",\"@id\":\"https:\/\/apuntesdesanluis.com\/index.php\/2024\/02\/09\/bullrich-planteo-que-el-pro-y-la-libertad-avanza-podrian-impulsar-un-nuevo-rediseno-politico-del-gobierno\/#primaryimage\",\"url\":\"https:\/\/apuntesdesanluis.com\/wp-content\/uploads\/2023\/11\/macri-milei-bullrich.png\",\"contentUrl\":\"https:\/\/apuntesdesanluis.com\/wp-content\/uploads\/2023\/11\/macri-milei-bullrich.png\",\"width\":525,\"height\":345},{\"@type\":\"BreadcrumbList\",\"@id\":\"https:\/\/apuntesdesanluis.com\/index.php\/2024\/02\/09\/bullrich-planteo-que-el-pro-y-la-libertad-avanza-podrian-impulsar-un-nuevo-rediseno-politico-del-gobierno\/#breadcrumb\",\"itemListElement\":[{\"@type\":\"ListItem\",\"position\":1,\"name\":\"Inicio\",\"item\":\"https:\/\/apuntesdesanluis.com\/\"},{\"@type\":\"ListItem\",\"position\":2,\"name\":\"BULLRICH PLANTE\u00d3 QUE EL PRO Y LA LIBERTAD AVANZA PODR\u00cdAN IMPULSAR UN &#8220;NUEVO REDISE\u00d1O POL\u00cdTICO&#8221; DEL GOBIERNO\"}]},{\"@type\":\"WebSite\",\"@id\":\"https:\/\/apuntesdesanluis.com\/#website\",\"url\":\"https:\/\/apuntesdesanluis.com\/\",\"name\":\"Apuntes de San Luis\",\"description\":\"\",\"publisher\":{\"@id\":\"https:\/\/apuntesdesanluis.com\/#\/schema\/person\/b55151d52296fcce64d1a72538a70b90\"},\"potentialAction\":[{\"@type\":\"SearchAction\",\"target\":{\"@type\":\"EntryPoint\",\"urlTemplate\":\"https:\/\/apuntesdesanluis.com\/?s={search_term_string}\"},\"query-input\":{\"@type\":\"PropertyValueSpecification\",\"valueRequired\":true,\"valueName\":\"search_term_string\"}}],\"inLanguage\":\"es-AR\"},{\"@type\":[\"Person\",\"Organization\"],\"@id\":\"https:\/\/apuntesdesanluis.com\/#\/schema\/person\/b55151d52296fcce64d1a72538a70b90\",\"name\":\"apuntesdesanluis.com\",\"image\":{\"@type\":\"ImageObject\",\"inLanguage\":\"es-AR\",\"@id\":\"https:\/\/apuntesdesanluis.com\/#\/schema\/person\/image\/\",\"url\":\"https:\/\/apuntesdesanluis.com\/wp-content\/uploads\/2023\/07\/cropped-apuntesdesanluis.png\",\"contentUrl\":\"https:\/\/apuntesdesanluis.com\/wp-content\/uploads\/2023\/07\/cropped-apuntesdesanluis.png\",\"width\":450,\"height\":112,\"caption\":\"apuntesdesanluis.com\"},\"logo\":{\"@id\":\"https:\/\/apuntesdesanluis.com\/#\/schema\/person\/image\/\"},\"sameAs\":[\"https:\/\/apuntesdesanluis.com\"],\"url\":\"https:\/\/apuntesdesanluis.com\/index.php\/author\/apuntesdesanluis-com\/\"}]}<\/script>\n<!-- \/ Yoast SEO plugin. -->","yoast_head_json":{"title":"BULLRICH PLANTE\u00d3 QUE EL PRO Y LA LIBERTAD AVANZA PODR\u00cdAN IMPULSAR UN \"NUEVO REDISE\u00d1O POL\u00cdTICO\" DEL GOBIERNO - Apuntes de San Luis","robots":{"index":"index","follow":"follow","max-snippet":"max-snippet:-1","max-image-preview":"max-image-preview:large","max-video-preview":"max-video-preview:-1"},"canonical":"https:\/\/apuntesdesanluis.com\/index.php\/2024\/02\/09\/bullrich-planteo-que-el-pro-y-la-libertad-avanza-podrian-impulsar-un-nuevo-rediseno-politico-del-gobierno\/","og_locale":"es_ES","og_type":"article","og_title":"BULLRICH PLANTE\u00d3 QUE EL PRO Y LA LIBERTAD AVANZA PODR\u00cdAN IMPULSAR UN \"NUEVO REDISE\u00d1O POL\u00cdTICO\" DEL GOBIERNO - Apuntes de San Luis","og_description":"La ministra de Seguridad Patricia Bullrich afirm\u00f3 que los espacios est\u00e1n &#8220;caminando juntos&#8221;, pero aclar\u00f3...","og_url":"https:\/\/apuntesdesanluis.com\/index.php\/2024\/02\/09\/bullrich-planteo-que-el-pro-y-la-libertad-avanza-podrian-impulsar-un-nuevo-rediseno-politico-del-gobierno\/","og_site_name":"Apuntes de San Luis","article_published_time":"2024-02-09T16:25:19+00:00","article_modified_time":"2024-02-09T16:56:51+00:00","og_image":[{"width":525,"height":345,"url":"https:\/\/apuntesdesanluis.com\/wp-content\/uploads\/2023\/11\/macri-milei-bullrich.png","type":"image\/png"}],"author":"apuntesdesanluis.com","twitter_card":"summary_large_image","twitter_misc":{"Escrito por":"apuntesdesanluis.com","Tiempo de lectura":"4 minutos"},"schema":{"@context":"https:\/\/schema.org","@graph":[{"@type":"Article","@id":"https:\/\/apuntesdesanluis.com\/index.php\/2024\/02\/09\/bullrich-planteo-que-el-pro-y-la-libertad-avanza-podrian-impulsar-un-nuevo-rediseno-politico-del-gobierno\/#article","isPartOf":{"@id":"https:\/\/apuntesdesanluis.com\/index.php\/2024\/02\/09\/bullrich-planteo-que-el-pro-y-la-libertad-avanza-podrian-impulsar-un-nuevo-rediseno-politico-del-gobierno\/"},"author":{"name":"apuntesdesanluis.com","@id":"https:\/\/apuntesdesanluis.com\/#\/schema\/person\/b55151d52296fcce64d1a72538a70b90"},"headline":"BULLRICH PLANTE\u00d3 QUE EL PRO Y LA LIBERTAD AVANZA PODR\u00cdAN IMPULSAR UN &#8220;NUEVO REDISE\u00d1O POL\u00cdTICO&#8221; DEL GOBIERNO","datePublished":"2024-02-09T16:25:19+00:00","dateModified":"2024-02-09T16:56:51+00:00","mainEntityOfPage":{"@id":"https:\/\/apuntesdesanluis.com\/index.php\/2024\/02\/09\/bullrich-planteo-que-el-pro-y-la-libertad-avanza-podrian-impulsar-un-nuevo-rediseno-politico-del-gobierno\/"},"wordCount":790,"publisher":{"@id":"https:\/\/apuntesdesanluis.com\/#\/schema\/person\/b55151d52296fcce64d1a72538a70b90"},"image":{"@id":"https:\/\/apuntesdesanluis.com\/index.php\/2024\/02\/09\/bullrich-planteo-que-el-pro-y-la-libertad-avanza-podrian-impulsar-un-nuevo-rediseno-politico-del-gobierno\/#primaryimage"},"thumbnailUrl":"https:\/\/apuntesdesanluis.com\/wp-content\/uploads\/2023\/11\/macri-milei-bullrich.png","articleSection":["Nacionales\/Internacionales"],"inLanguage":"es-AR"},{"@type":"WebPage","@id":"https:\/\/apuntesdesanluis.com\/index.php\/2024\/02\/09\/bullrich-planteo-que-el-pro-y-la-libertad-avanza-podrian-impulsar-un-nuevo-rediseno-politico-del-gobierno\/","url":"https:\/\/apuntesdesanluis.com\/index.php\/2024\/02\/09\/bullrich-planteo-que-el-pro-y-la-libertad-avanza-podrian-impulsar-un-nuevo-rediseno-politico-del-gobierno\/","name":"BULLRICH PLANTE\u00d3 QUE EL PRO Y LA LIBERTAD AVANZA PODR\u00cdAN IMPULSAR UN \"NUEVO REDISE\u00d1O POL\u00cdTICO\" DEL GOBIERNO - Apuntes de San Luis","isPartOf":{"@id":"https:\/\/apuntesdesanluis.com\/#website"},"primaryImageOfPage":{"@id":"https:\/\/apuntesdesanluis.com\/index.php\/2024\/02\/09\/bullrich-planteo-que-el-pro-y-la-libertad-avanza-podrian-impulsar-un-nuevo-rediseno-politico-del-gobierno\/#primaryimage"},"image":{"@id":"https:\/\/apuntesdesanluis.com\/index.php\/2024\/02\/09\/bullrich-planteo-que-el-pro-y-la-libertad-avanza-podrian-impulsar-un-nuevo-rediseno-politico-del-gobierno\/#primaryimage"},"thumbnailUrl":"https:\/\/apuntesdesanluis.com\/wp-content\/uploads\/2023\/11\/macri-milei-bullrich.png","datePublished":"2024-02-09T16:25:19+00:00","dateModified":"2024-02-09T16:56:51+00:00","breadcrumb":{"@id":"https:\/\/apuntesdesanluis.com\/index.php\/2024\/02\/09\/bullrich-planteo-que-el-pro-y-la-libertad-avanza-podrian-impulsar-un-nuevo-rediseno-politico-del-gobierno\/#breadcrumb"},"inLanguage":"es-AR","potentialAction":[{"@type":"ReadAction","target":["https:\/\/apuntesdesanluis.com\/index.php\/2024\/02\/09\/bullrich-planteo-que-el-pro-y-la-libertad-avanza-podrian-impulsar-un-nuevo-rediseno-politico-del-gobierno\/"]}]},{"@type":"ImageObject","inLanguage":"es-AR","@id":"https:\/\/apuntesdesanluis.com\/index.php\/2024\/02\/09\/bullrich-planteo-que-el-pro-y-la-libertad-avanza-podrian-impulsar-un-nuevo-rediseno-politico-del-gobierno\/#primaryimage","url":"https:\/\/apuntesdesanluis.com\/wp-content\/uploads\/2023\/11\/macri-milei-bullrich.png","contentUrl":"https:\/\/apuntesdesanluis.com\/wp-content\/uploads\/2023\/11\/macri-milei-bullrich.png","width":525,"height":345},{"@type":"BreadcrumbList","@id":"https:\/\/apuntesdesanluis.com\/index.php\/2024\/02\/09\/bullrich-planteo-que-el-pro-y-la-libertad-avanza-podrian-impulsar-un-nuevo-rediseno-politico-del-gobierno\/#breadcrumb","itemListElement":[{"@type":"ListItem","position":1,"name":"Inicio","item":"https:\/\/apuntesdesanluis.com\/"},{"@type":"ListItem","position":2,"name":"BULLRICH PLANTE\u00d3 QUE EL PRO Y LA LIBERTAD AVANZA PODR\u00cdAN IMPULSAR UN &#8220;NUEVO REDISE\u00d1O POL\u00cdTICO&#8221; DEL GOBIERNO"}]},{"@type":"WebSite","@id":"https:\/\/apuntesdesanluis.com\/#website","url":"https:\/\/apuntesdesanluis.com\/","name":"Apuntes de San Luis","description":"","publisher":{"@id":"https:\/\/apuntesdesanluis.com\/#\/schema\/person\/b55151d52296fcce64d1a72538a70b90"},"potentialAction":[{"@type":"SearchAction","target":{"@type":"EntryPoint","urlTemplate":"https:\/\/apuntesdesanluis.com\/?s={search_term_string}"},"query-input":{"@type":"PropertyValueSpecification","valueRequired":true,"valueName":"search_term_string"}}],"inLanguage":"es-AR"},{"@type":["Person","Organization"],"@id":"https:\/\/apuntesdesanluis.com\/#\/schema\/person\/b55151d52296fcce64d1a72538a70b90","name":"apuntesdesanluis.com","image":{"@type":"ImageObject","inLanguage":"es-AR","@id":"https:\/\/apuntesdesanluis.com\/#\/schema\/person\/image\/","url":"https:\/\/apuntesdesanluis.com\/wp-content\/uploads\/2023\/07\/cropped-apuntesdesanluis.png","contentUrl":"https:\/\/apuntesdesanluis.com\/wp-content\/uploads\/2023\/07\/cropped-apuntesdesanluis.png","width":450,"height":112,"caption":"apuntesdesanluis.com"},"logo":{"@id":"https:\/\/apuntesdesanluis.com\/#\/schema\/person\/image\/"},"sameAs":["https:\/\/apuntesdesanluis.com"],"url":"https:\/\/apuntesdesanluis.com\/index.php\/author\/apuntesdesanluis-com\/"}]}},"featured_image_urls":{"full":["https:\/\/apuntesdesanluis.com\/wp-content\/uploads\/2023\/11\/macri-milei-bullrich.png",525,345,false],"thumbnail":["https:\/\/apuntesdesanluis.com\/wp-content\/uploads\/2023\/11\/macri-milei-bullrich-150x150.png",150,150,true],"medium":["https:\/\/apuntesdesanluis.com\/wp-content\/uploads\/2023\/11\/macri-milei-bullrich-300x197.png",300,197,true],"medium_large":["https:\/\/apuntesdesanluis.com\/wp-content\/uploads\/2023\/11\/macri-milei-bullrich.png",525,345,false],"large":["https:\/\/apuntesdesanluis.com\/wp-content\/uploads\/2023\/11\/macri-milei-bullrich.png",525,345,false],"1536x1536":["https:\/\/apuntesdesanluis.com\/wp-content\/uploads\/2023\/11\/macri-milei-bullrich.png",525,345,false],"2048x2048":["https:\/\/apuntesdesanluis.com\/wp-content\/uploads\/2023\/11\/macri-milei-bullrich.png",525,345,false],"newsever-slider-full":["https:\/\/apuntesdesanluis.com\/wp-content\/uploads\/2023\/11\/macri-milei-bullrich.png",525,345,false],"newsever-featured":["https:\/\/apuntesdesanluis.com\/wp-content\/uploads\/2023\/11\/macri-milei-bullrich.png",525,345,false],"newsever-medium":["https:\/\/apuntesdesanluis.com\/wp-content\/uploads\/2023\/11\/macri-milei-bullrich.png",525,345,false]},"author_info":{"display_name":"apuntesdesanluis.com","author_link":"https:\/\/apuntesdesanluis.com\/index.php\/author\/apuntesdesanluis-com\/"},"category_info":"<a href=\"https:\/\/apuntesdesanluis.com\/index.php\/category\/nacionales-internacionales\/\" rel=\"category tag\">Nacionales\/Internacionales<\/a>","tag_info":"Nacionales\/Internacionales","comment_count":"0","_links":{"self":[{"href":"https:\/\/apuntesdesanluis.com\/index.php\/wp-json\/wp\/v2\/posts\/11532","targetHints":{"allow":["GET"]}}],"collection":[{"href":"https:\/\/apuntesdesanluis.com\/index.php\/wp-json\/wp\/v2\/posts"}],"about":[{"href":"https:\/\/apuntesdesanluis.com\/index.php\/wp-json\/wp\/v2\/types\/post"}],"author":[{"embeddable":true,"href":"https:\/\/apuntesdesanluis.com\/index.php\/wp-json\/wp\/v2\/users\/1"}],"replies":[{"embeddable":true,"href":"https:\/\/apuntesdesanluis.com\/index.php\/wp-json\/wp\/v2\/comments?post=11532"}],"version-history":[{"count":5,"href":"https:\/\/apuntesdesanluis.com\/index.php\/wp-json\/wp\/v2\/posts\/11532\/revisions"}],"predecessor-version":[{"id":11538,"href":"https:\/\/apuntesdesanluis.com\/index.php\/wp-json\/wp\/v2\/posts\/11532\/revisions\/11538"}],"wp:featuredmedia":[{"embeddable":true,"href":"https:\/\/apuntesdesanluis.com\/index.php\/wp-json\/wp\/v2\/media\/6677"}],"wp:attachment":[{"href":"https:\/\/apuntesdesanluis.com\/index.php\/wp-json\/wp\/v2\/media?parent=11532"}],"wp:term":[{"taxonomy":"category","embeddable":true,"href":"https:\/\/apuntesdesanluis.com\/index.php\/wp-json\/wp\/v2\/categories?post=11532"},{"taxonomy":"post_tag","embeddable":true,"href":"https:\/\/apuntesdesanluis.com\/index.php\/wp-json\/wp\/v2\/tags?post=11532"}],"curies":[{"name":"wp","href":"https:\/\/api.w.org\/{rel}","templated":true}]}}