{"id":11552,"date":"2024-02-09T19:59:36","date_gmt":"2024-02-09T22:59:36","guid":{"rendered":"https:\/\/apuntesdesanluis.com\/?p=11552"},"modified":"2024-02-09T19:59:36","modified_gmt":"2024-02-09T22:59:36","slug":"firman-convenio-para-prevenir-riesgos-laborales-y-mejorar-la-atencion-de-trabajadores-accidentados","status":"publish","type":"post","link":"https:\/\/apuntesdesanluis.com\/index.php\/2024\/02\/09\/firman-convenio-para-prevenir-riesgos-laborales-y-mejorar-la-atencion-de-trabajadores-accidentados\/","title":{"rendered":"FIRMAN CONVENIO PARA PREVENIR RIESGOS LABORALES Y MEJORAR LA ATENCI\u00d3N DE TRABAJADORES ACCIDENTADOS"},"content":{"rendered":"<h3>El director de Relaciones Laborales, <strong>Alberto Lindow<\/strong>, y el jefe de la Superintendencia de Riesgos del Trabajo (SRT) de la Naci\u00f3n, <strong>Gustavo Dar\u00edo Mor\u00f3n<\/strong>, firmaron este viernes un convenio de colaboraci\u00f3n para fortalecer la cooperaci\u00f3n mutua en la prevenci\u00f3n de riesgos laborales, para mejorar las condiciones de trabajo en la provincia y la atenci\u00f3n de los trabajadores que sufren accidentes o enfermedades profesionales.<\/h3>\n<h3>El convenio aspira a fortalecer las inspecciones, unificando criterios y optimizando los recursos en el control del cumplimiento de las normas de seguridad e higiene laboral. Y tambi\u00e9n a capacitar a trabajadores y empleadores en la prevenci\u00f3n de riesgos y en derechos y obligaciones en materia de seguridad laboral. Esto se traducir\u00e1 en beneficios para los asalariados en relaci\u00f3n de dependencia.<\/h3>\n<h3>Mor\u00f3n destac\u00f3 que la firma de este convenio ratifica el compromiso del Gobierno nacional con la protecci\u00f3n de los trabajadores y la construcci\u00f3n de ambientes laborales m\u00e1s seguros y saludables. \u201cEste acuerdo es un paso fundamental para fortalecer la prevenci\u00f3n de riesgos laborales en la provincia y mejorar las condiciones de trabajo de los trabajadores\u201d, reforz\u00f3 el concepto Lindow.<\/h3>\n<h3>El funcionario adelant\u00f3 que en abril, durante la conmemoraci\u00f3n de la Semana de la Salud y la Seguridad en el Trabajo, Relaciones Laborales lanzar\u00e1 una campa\u00f1a de acci\u00f3n directa dirigida a trabajadores, empleadores, profesionales de la salud e inspectores para trabajar en profundidad la \u2018cultura de la prevenci\u00f3n\u2019, bajo el concepto de que el trabajo est\u00e1 vinculado a la dignidad y que el trabajador no debe perder su salud ni ver deteriorada su calidad de vida en los \u00e1mbitos laborales.<\/h3>\n<p>&nbsp;<\/p>\n<p>&nbsp;<\/p>\n<p>&nbsp;<\/p>\n<p>&nbsp;<\/p>\n","protected":false},"excerpt":{"rendered":"<p>El director de Relaciones Laborales, Alberto Lindow, y el jefe de la Superintendencia de Riesgos&#8230;<\/p>\n","protected":false},"author":1,"featured_media":11553,"comment_status":"closed","ping_status":"closed","sticky":false,"template":"","format":"standard","meta":{"footnotes":""},"categories":[6],"tags":[],"class_list":["post-11552","post","type-post","status-publish","format-standard","has-post-thumbnail","hentry","category-ciudad-provincia"],"yoast_head":"<!-- This site is optimized with the Yoast SEO plugin v26.1.1 - https:\/\/yoast.com\/wordpress\/plugins\/seo\/ -->\n<title>FIRMAN CONVENIO PARA PREVENIR RIESGOS LABORALES Y MEJORAR LA ATENCI\u00d3N DE TRABAJADORES ACCIDENTADOS - Apuntes de San Luis<\/title>\n<meta name=\"robots\" content=\"index, follow, max-snippet:-1, max-image-preview:large, max-video-preview:-1\" \/>\n<link rel=\"canonical\" href=\"https:\/\/apuntesdesanluis.com\/index.php\/2024\/02\/09\/firman-convenio-para-prevenir-riesgos-laborales-y-mejorar-la-atencion-de-trabajadores-accidentados\/\" \/>\n<meta property=\"og:locale\" content=\"es_ES\" \/>\n<meta property=\"og:type\" content=\"article\" \/>\n<meta property=\"og:title\" content=\"FIRMAN CONVENIO PARA PREVENIR RIESGOS LABORALES Y MEJORAR LA ATENCI\u00d3N DE TRABAJADORES ACCIDENTADOS - Apuntes de San Luis\" \/>\n<meta property=\"og:description\" content=\"El director de Relaciones Laborales, Alberto Lindow, y el jefe de la Superintendencia de Riesgos...\" \/>\n<meta property=\"og:url\" content=\"https:\/\/apuntesdesanluis.com\/index.php\/2024\/02\/09\/firman-convenio-para-prevenir-riesgos-laborales-y-mejorar-la-atencion-de-trabajadores-accidentados\/\" \/>\n<meta property=\"og:site_name\" content=\"Apuntes de San Luis\" \/>\n<meta property=\"article:published_time\" content=\"2024-02-09T22:59:36+00:00\" \/>\n<meta property=\"og:image\" content=\"https:\/\/apuntesdesanluis.com\/wp-content\/uploads\/2024\/02\/convenio-relaciones-laborales-lindow.png\" \/>\n\t<meta property=\"og:image:width\" content=\"600\" \/>\n\t<meta property=\"og:image:height\" content=\"359\" \/>\n\t<meta property=\"og:image:type\" content=\"image\/png\" \/>\n<meta name=\"author\" content=\"apuntesdesanluis.com\" \/>\n<meta name=\"twitter:card\" content=\"summary_large_image\" \/>\n<meta name=\"twitter:label1\" content=\"Escrito por\" \/>\n\t<meta name=\"twitter:data1\" content=\"apuntesdesanluis.com\" \/>\n\t<meta name=\"twitter:label2\" content=\"Tiempo de lectura\" \/>\n\t<meta name=\"twitter:data2\" content=\"2 minutos\" \/>\n<script type=\"application\/ld+json\" class=\"yoast-schema-graph\">{\"@context\":\"https:\/\/schema.org\",\"@graph\":[{\"@type\":\"Article\",\"@id\":\"https:\/\/apuntesdesanluis.com\/index.php\/2024\/02\/09\/firman-convenio-para-prevenir-riesgos-laborales-y-mejorar-la-atencion-de-trabajadores-accidentados\/#article\",\"isPartOf\":{\"@id\":\"https:\/\/apuntesdesanluis.com\/index.php\/2024\/02\/09\/firman-convenio-para-prevenir-riesgos-laborales-y-mejorar-la-atencion-de-trabajadores-accidentados\/\"},\"author\":{\"name\":\"apuntesdesanluis.com\",\"@id\":\"https:\/\/apuntesdesanluis.com\/#\/schema\/person\/b55151d52296fcce64d1a72538a70b90\"},\"headline\":\"FIRMAN CONVENIO PARA PREVENIR RIESGOS LABORALES Y MEJORAR LA ATENCI\u00d3N DE TRABAJADORES ACCIDENTADOS\",\"datePublished\":\"2024-02-09T22:59:36+00:00\",\"mainEntityOfPage\":{\"@id\":\"https:\/\/apuntesdesanluis.com\/index.php\/2024\/02\/09\/firman-convenio-para-prevenir-riesgos-laborales-y-mejorar-la-atencion-de-trabajadores-accidentados\/\"},\"wordCount\":300,\"publisher\":{\"@id\":\"https:\/\/apuntesdesanluis.com\/#\/schema\/person\/b55151d52296fcce64d1a72538a70b90\"},\"image\":{\"@id\":\"https:\/\/apuntesdesanluis.com\/index.php\/2024\/02\/09\/firman-convenio-para-prevenir-riesgos-laborales-y-mejorar-la-atencion-de-trabajadores-accidentados\/#primaryimage\"},\"thumbnailUrl\":\"https:\/\/apuntesdesanluis.com\/wp-content\/uploads\/2024\/02\/convenio-relaciones-laborales-lindow.png\",\"articleSection\":[\"Ciudad\/Provincia\"],\"inLanguage\":\"es-AR\"},{\"@type\":\"WebPage\",\"@id\":\"https:\/\/apuntesdesanluis.com\/index.php\/2024\/02\/09\/firman-convenio-para-prevenir-riesgos-laborales-y-mejorar-la-atencion-de-trabajadores-accidentados\/\",\"url\":\"https:\/\/apuntesdesanluis.com\/index.php\/2024\/02\/09\/firman-convenio-para-prevenir-riesgos-laborales-y-mejorar-la-atencion-de-trabajadores-accidentados\/\",\"name\":\"FIRMAN CONVENIO PARA PREVENIR RIESGOS LABORALES Y MEJORAR LA ATENCI\u00d3N DE TRABAJADORES ACCIDENTADOS - Apuntes de San Luis\",\"isPartOf\":{\"@id\":\"https:\/\/apuntesdesanluis.com\/#website\"},\"primaryImageOfPage\":{\"@id\":\"https:\/\/apuntesdesanluis.com\/index.php\/2024\/02\/09\/firman-convenio-para-prevenir-riesgos-laborales-y-mejorar-la-atencion-de-trabajadores-accidentados\/#primaryimage\"},\"image\":{\"@id\":\"https:\/\/apuntesdesanluis.com\/index.php\/2024\/02\/09\/firman-convenio-para-prevenir-riesgos-laborales-y-mejorar-la-atencion-de-trabajadores-accidentados\/#primaryimage\"},\"thumbnailUrl\":\"https:\/\/apuntesdesanluis.com\/wp-content\/uploads\/2024\/02\/convenio-relaciones-laborales-lindow.png\",\"datePublished\":\"2024-02-09T22:59:36+00:00\",\"breadcrumb\":{\"@id\":\"https:\/\/apuntesdesanluis.com\/index.php\/2024\/02\/09\/firman-convenio-para-prevenir-riesgos-laborales-y-mejorar-la-atencion-de-trabajadores-accidentados\/#breadcrumb\"},\"inLanguage\":\"es-AR\",\"potentialAction\":[{\"@type\":\"ReadAction\",\"target\":[\"https:\/\/apuntesdesanluis.com\/index.php\/2024\/02\/09\/firman-convenio-para-prevenir-riesgos-laborales-y-mejorar-la-atencion-de-trabajadores-accidentados\/\"]}]},{\"@type\":\"ImageObject\",\"inLanguage\":\"es-AR\",\"@id\":\"https:\/\/apuntesdesanluis.com\/index.php\/2024\/02\/09\/firman-convenio-para-prevenir-riesgos-laborales-y-mejorar-la-atencion-de-trabajadores-accidentados\/#primaryimage\",\"url\":\"https:\/\/apuntesdesanluis.com\/wp-content\/uploads\/2024\/02\/convenio-relaciones-laborales-lindow.png\",\"contentUrl\":\"https:\/\/apuntesdesanluis.com\/wp-content\/uploads\/2024\/02\/convenio-relaciones-laborales-lindow.png\",\"width\":600,\"height\":359},{\"@type\":\"BreadcrumbList\",\"@id\":\"https:\/\/apuntesdesanluis.com\/index.php\/2024\/02\/09\/firman-convenio-para-prevenir-riesgos-laborales-y-mejorar-la-atencion-de-trabajadores-accidentados\/#breadcrumb\",\"itemListElement\":[{\"@type\":\"ListItem\",\"position\":1,\"name\":\"Inicio\",\"item\":\"https:\/\/apuntesdesanluis.com\/\"},{\"@type\":\"ListItem\",\"position\":2,\"name\":\"FIRMAN CONVENIO PARA PREVENIR RIESGOS LABORALES Y MEJORAR LA ATENCI\u00d3N DE TRABAJADORES ACCIDENTADOS\"}]},{\"@type\":\"WebSite\",\"@id\":\"https:\/\/apuntesdesanluis.com\/#website\",\"url\":\"https:\/\/apuntesdesanluis.com\/\",\"name\":\"Apuntes de San Luis\",\"description\":\"\",\"publisher\":{\"@id\":\"https:\/\/apuntesdesanluis.com\/#\/schema\/person\/b55151d52296fcce64d1a72538a70b90\"},\"potentialAction\":[{\"@type\":\"SearchAction\",\"target\":{\"@type\":\"EntryPoint\",\"urlTemplate\":\"https:\/\/apuntesdesanluis.com\/?s={search_term_string}\"},\"query-input\":{\"@type\":\"PropertyValueSpecification\",\"valueRequired\":true,\"valueName\":\"search_term_string\"}}],\"inLanguage\":\"es-AR\"},{\"@type\":[\"Person\",\"Organization\"],\"@id\":\"https:\/\/apuntesdesanluis.com\/#\/schema\/person\/b55151d52296fcce64d1a72538a70b90\",\"name\":\"apuntesdesanluis.com\",\"image\":{\"@type\":\"ImageObject\",\"inLanguage\":\"es-AR\",\"@id\":\"https:\/\/apuntesdesanluis.com\/#\/schema\/person\/image\/\",\"url\":\"https:\/\/apuntesdesanluis.com\/wp-content\/uploads\/2023\/07\/cropped-apuntesdesanluis.png\",\"contentUrl\":\"https:\/\/apuntesdesanluis.com\/wp-content\/uploads\/2023\/07\/cropped-apuntesdesanluis.png\",\"width\":450,\"height\":112,\"caption\":\"apuntesdesanluis.com\"},\"logo\":{\"@id\":\"https:\/\/apuntesdesanluis.com\/#\/schema\/person\/image\/\"},\"sameAs\":[\"https:\/\/apuntesdesanluis.com\"],\"url\":\"https:\/\/apuntesdesanluis.com\/index.php\/author\/apuntesdesanluis-com\/\"}]}<\/script>\n<!-- \/ Yoast SEO plugin. -->","yoast_head_json":{"title":"FIRMAN CONVENIO PARA PREVENIR RIESGOS LABORALES Y MEJORAR LA ATENCI\u00d3N DE TRABAJADORES ACCIDENTADOS - Apuntes de San Luis","robots":{"index":"index","follow":"follow","max-snippet":"max-snippet:-1","max-image-preview":"max-image-preview:large","max-video-preview":"max-video-preview:-1"},"canonical":"https:\/\/apuntesdesanluis.com\/index.php\/2024\/02\/09\/firman-convenio-para-prevenir-riesgos-laborales-y-mejorar-la-atencion-de-trabajadores-accidentados\/","og_locale":"es_ES","og_type":"article","og_title":"FIRMAN CONVENIO PARA PREVENIR RIESGOS LABORALES Y MEJORAR LA ATENCI\u00d3N DE TRABAJADORES ACCIDENTADOS - Apuntes de San Luis","og_description":"El director de Relaciones Laborales, Alberto Lindow, y el jefe de la Superintendencia de Riesgos...","og_url":"https:\/\/apuntesdesanluis.com\/index.php\/2024\/02\/09\/firman-convenio-para-prevenir-riesgos-laborales-y-mejorar-la-atencion-de-trabajadores-accidentados\/","og_site_name":"Apuntes de San Luis","article_published_time":"2024-02-09T22:59:36+00:00","og_image":[{"width":600,"height":359,"url":"https:\/\/apuntesdesanluis.com\/wp-content\/uploads\/2024\/02\/convenio-relaciones-laborales-lindow.png","type":"image\/png"}],"author":"apuntesdesanluis.com","twitter_card":"summary_large_image","twitter_misc":{"Escrito por":"apuntesdesanluis.com","Tiempo de lectura":"2 minutos"},"schema":{"@context":"https:\/\/schema.org","@graph":[{"@type":"Article","@id":"https:\/\/apuntesdesanluis.com\/index.php\/2024\/02\/09\/firman-convenio-para-prevenir-riesgos-laborales-y-mejorar-la-atencion-de-trabajadores-accidentados\/#article","isPartOf":{"@id":"https:\/\/apuntesdesanluis.com\/index.php\/2024\/02\/09\/firman-convenio-para-prevenir-riesgos-laborales-y-mejorar-la-atencion-de-trabajadores-accidentados\/"},"author":{"name":"apuntesdesanluis.com","@id":"https:\/\/apuntesdesanluis.com\/#\/schema\/person\/b55151d52296fcce64d1a72538a70b90"},"headline":"FIRMAN CONVENIO PARA PREVENIR RIESGOS LABORALES Y MEJORAR LA ATENCI\u00d3N DE TRABAJADORES ACCIDENTADOS","datePublished":"2024-02-09T22:59:36+00:00","mainEntityOfPage":{"@id":"https:\/\/apuntesdesanluis.com\/index.php\/2024\/02\/09\/firman-convenio-para-prevenir-riesgos-laborales-y-mejorar-la-atencion-de-trabajadores-accidentados\/"},"wordCount":300,"publisher":{"@id":"https:\/\/apuntesdesanluis.com\/#\/schema\/person\/b55151d52296fcce64d1a72538a70b90"},"image":{"@id":"https:\/\/apuntesdesanluis.com\/index.php\/2024\/02\/09\/firman-convenio-para-prevenir-riesgos-laborales-y-mejorar-la-atencion-de-trabajadores-accidentados\/#primaryimage"},"thumbnailUrl":"https:\/\/apuntesdesanluis.com\/wp-content\/uploads\/2024\/02\/convenio-relaciones-laborales-lindow.png","articleSection":["Ciudad\/Provincia"],"inLanguage":"es-AR"},{"@type":"WebPage","@id":"https:\/\/apuntesdesanluis.com\/index.php\/2024\/02\/09\/firman-convenio-para-prevenir-riesgos-laborales-y-mejorar-la-atencion-de-trabajadores-accidentados\/","url":"https:\/\/apuntesdesanluis.com\/index.php\/2024\/02\/09\/firman-convenio-para-prevenir-riesgos-laborales-y-mejorar-la-atencion-de-trabajadores-accidentados\/","name":"FIRMAN CONVENIO PARA PREVENIR RIESGOS LABORALES Y MEJORAR LA ATENCI\u00d3N DE TRABAJADORES ACCIDENTADOS - Apuntes de San Luis","isPartOf":{"@id":"https:\/\/apuntesdesanluis.com\/#website"},"primaryImageOfPage":{"@id":"https:\/\/apuntesdesanluis.com\/index.php\/2024\/02\/09\/firman-convenio-para-prevenir-riesgos-laborales-y-mejorar-la-atencion-de-trabajadores-accidentados\/#primaryimage"},"image":{"@id":"https:\/\/apuntesdesanluis.com\/index.php\/2024\/02\/09\/firman-convenio-para-prevenir-riesgos-laborales-y-mejorar-la-atencion-de-trabajadores-accidentados\/#primaryimage"},"thumbnailUrl":"https:\/\/apuntesdesanluis.com\/wp-content\/uploads\/2024\/02\/convenio-relaciones-laborales-lindow.png","datePublished":"2024-02-09T22:59:36+00:00","breadcrumb":{"@id":"https:\/\/apuntesdesanluis.com\/index.php\/2024\/02\/09\/firman-convenio-para-prevenir-riesgos-laborales-y-mejorar-la-atencion-de-trabajadores-accidentados\/#breadcrumb"},"inLanguage":"es-AR","potentialAction":[{"@type":"ReadAction","target":["https:\/\/apuntesdesanluis.com\/index.php\/2024\/02\/09\/firman-convenio-para-prevenir-riesgos-laborales-y-mejorar-la-atencion-de-trabajadores-accidentados\/"]}]},{"@type":"ImageObject","inLanguage":"es-AR","@id":"https:\/\/apuntesdesanluis.com\/index.php\/2024\/02\/09\/firman-convenio-para-prevenir-riesgos-laborales-y-mejorar-la-atencion-de-trabajadores-accidentados\/#primaryimage","url":"https:\/\/apuntesdesanluis.com\/wp-content\/uploads\/2024\/02\/convenio-relaciones-laborales-lindow.png","contentUrl":"https:\/\/apuntesdesanluis.com\/wp-content\/uploads\/2024\/02\/convenio-relaciones-laborales-lindow.png","width":600,"height":359},{"@type":"BreadcrumbList","@id":"https:\/\/apuntesdesanluis.com\/index.php\/2024\/02\/09\/firman-convenio-para-prevenir-riesgos-laborales-y-mejorar-la-atencion-de-trabajadores-accidentados\/#breadcrumb","itemListElement":[{"@type":"ListItem","position":1,"name":"Inicio","item":"https:\/\/apuntesdesanluis.com\/"},{"@type":"ListItem","position":2,"name":"FIRMAN CONVENIO PARA PREVENIR RIESGOS LABORALES Y MEJORAR LA ATENCI\u00d3N DE TRABAJADORES ACCIDENTADOS"}]},{"@type":"WebSite","@id":"https:\/\/apuntesdesanluis.com\/#website","url":"https:\/\/apuntesdesanluis.com\/","name":"Apuntes de San Luis","description":"","publisher":{"@id":"https:\/\/apuntesdesanluis.com\/#\/schema\/person\/b55151d52296fcce64d1a72538a70b90"},"potentialAction":[{"@type":"SearchAction","target":{"@type":"EntryPoint","urlTemplate":"https:\/\/apuntesdesanluis.com\/?s={search_term_string}"},"query-input":{"@type":"PropertyValueSpecification","valueRequired":true,"valueName":"search_term_string"}}],"inLanguage":"es-AR"},{"@type":["Person","Organization"],"@id":"https:\/\/apuntesdesanluis.com\/#\/schema\/person\/b55151d52296fcce64d1a72538a70b90","name":"apuntesdesanluis.com","image":{"@type":"ImageObject","inLanguage":"es-AR","@id":"https:\/\/apuntesdesanluis.com\/#\/schema\/person\/image\/","url":"https:\/\/apuntesdesanluis.com\/wp-content\/uploads\/2023\/07\/cropped-apuntesdesanluis.png","contentUrl":"https:\/\/apuntesdesanluis.com\/wp-content\/uploads\/2023\/07\/cropped-apuntesdesanluis.png","width":450,"height":112,"caption":"apuntesdesanluis.com"},"logo":{"@id":"https:\/\/apuntesdesanluis.com\/#\/schema\/person\/image\/"},"sameAs":["https:\/\/apuntesdesanluis.com"],"url":"https:\/\/apuntesdesanluis.com\/index.php\/author\/apuntesdesanluis-com\/"}]}},"featured_image_urls":{"full":["https:\/\/apuntesdesanluis.com\/wp-content\/uploads\/2024\/02\/convenio-relaciones-laborales-lindow.png",600,359,false],"thumbnail":["https:\/\/apuntesdesanluis.com\/wp-content\/uploads\/2024\/02\/convenio-relaciones-laborales-lindow-150x150.png",150,150,true],"medium":["https:\/\/apuntesdesanluis.com\/wp-content\/uploads\/2024\/02\/convenio-relaciones-laborales-lindow-300x180.png",300,180,true],"medium_large":["https:\/\/apuntesdesanluis.com\/wp-content\/uploads\/2024\/02\/convenio-relaciones-laborales-lindow.png",600,359,false],"large":["https:\/\/apuntesdesanluis.com\/wp-content\/uploads\/2024\/02\/convenio-relaciones-laborales-lindow.png",600,359,false],"1536x1536":["https:\/\/apuntesdesanluis.com\/wp-content\/uploads\/2024\/02\/convenio-relaciones-laborales-lindow.png",600,359,false],"2048x2048":["https:\/\/apuntesdesanluis.com\/wp-content\/uploads\/2024\/02\/convenio-relaciones-laborales-lindow.png",600,359,false],"newsever-slider-full":["https:\/\/apuntesdesanluis.com\/wp-content\/uploads\/2024\/02\/convenio-relaciones-laborales-lindow.png",600,359,false],"newsever-featured":["https:\/\/apuntesdesanluis.com\/wp-content\/uploads\/2024\/02\/convenio-relaciones-laborales-lindow.png",600,359,false],"newsever-medium":["https:\/\/apuntesdesanluis.com\/wp-content\/uploads\/2024\/02\/convenio-relaciones-laborales-lindow.png",600,359,false]},"author_info":{"display_name":"apuntesdesanluis.com","author_link":"https:\/\/apuntesdesanluis.com\/index.php\/author\/apuntesdesanluis-com\/"},"category_info":"<a href=\"https:\/\/apuntesdesanluis.com\/index.php\/category\/ciudad-provincia\/\" rel=\"category tag\">Ciudad\/Provincia<\/a>","tag_info":"Ciudad\/Provincia","comment_count":"0","_links":{"self":[{"href":"https:\/\/apuntesdesanluis.com\/index.php\/wp-json\/wp\/v2\/posts\/11552","targetHints":{"allow":["GET"]}}],"collection":[{"href":"https:\/\/apuntesdesanluis.com\/index.php\/wp-json\/wp\/v2\/posts"}],"about":[{"href":"https:\/\/apuntesdesanluis.com\/index.php\/wp-json\/wp\/v2\/types\/post"}],"author":[{"embeddable":true,"href":"https:\/\/apuntesdesanluis.com\/index.php\/wp-json\/wp\/v2\/users\/1"}],"replies":[{"embeddable":true,"href":"https:\/\/apuntesdesanluis.com\/index.php\/wp-json\/wp\/v2\/comments?post=11552"}],"version-history":[{"count":1,"href":"https:\/\/apuntesdesanluis.com\/index.php\/wp-json\/wp\/v2\/posts\/11552\/revisions"}],"predecessor-version":[{"id":11554,"href":"https:\/\/apuntesdesanluis.com\/index.php\/wp-json\/wp\/v2\/posts\/11552\/revisions\/11554"}],"wp:featuredmedia":[{"embeddable":true,"href":"https:\/\/apuntesdesanluis.com\/index.php\/wp-json\/wp\/v2\/media\/11553"}],"wp:attachment":[{"href":"https:\/\/apuntesdesanluis.com\/index.php\/wp-json\/wp\/v2\/media?parent=11552"}],"wp:term":[{"taxonomy":"category","embeddable":true,"href":"https:\/\/apuntesdesanluis.com\/index.php\/wp-json\/wp\/v2\/categories?post=11552"},{"taxonomy":"post_tag","embeddable":true,"href":"https:\/\/apuntesdesanluis.com\/index.php\/wp-json\/wp\/v2\/tags?post=11552"}],"curies":[{"name":"wp","href":"https:\/\/api.w.org\/{rel}","templated":true}]}}