{"id":11555,"date":"2024-02-09T22:10:16","date_gmt":"2024-02-10T01:10:16","guid":{"rendered":"https:\/\/apuntesdesanluis.com\/?p=11555"},"modified":"2024-02-09T22:59:29","modified_gmt":"2024-02-10T01:59:29","slug":"todos-unidos-un-bulldog-a-punto-de-pegar-el-portazo","status":"publish","type":"post","link":"https:\/\/apuntesdesanluis.com\/index.php\/2024\/02\/09\/todos-unidos-un-bulldog-a-punto-de-pegar-el-portazo\/","title":{"rendered":"TODOS UNIDOS: UN \u201cBULLDOG\u201d A PUNTO DE PEGAR EL PORTAZO"},"content":{"rendered":"<h3>Por <span style=\"color: #000000;\"><strong><em>Eduardo Gargiulo<\/em><\/strong><\/span><\/h3>\n<h3>De los nueve ministerios y once secretar\u00edas que componen el gabinete provincial de <strong>Claudio Poggi<\/strong>, solo un casillero contin\u00faa vacante: <strong>Ciencia e Innovaci\u00f3n<\/strong>.<\/h3>\n<h3>Naturalmente, no es porque a la coalici\u00f3n de gobierno (o puntualmente Avanzar) le falten hombres o mujeres dispuestos a asumir esa funci\u00f3n. Ocurre que cuando el gobernador electo comenz\u00f3 a dise\u00f1ar su esquema de gobierno, fue distribuyendo espacios de poder a los distintos socios electorales que contribuyeron al triunfo. Esa parcela estaba escriturada para el partido <strong>Todos Unidos<\/strong> y su titular, <strong>Adolfo Rodr\u00edguez Sa\u00e1<\/strong>, es quien deb\u00eda &#8211; y a\u00fan debe- \u00a0proponer el nombre del responsable.<\/h3>\n<h3>Transcurridos dos meses, sin embargo, el Ministerio de Ciencia e Innovaci\u00f3n sigue estando a cargo del ministro de Hacienda e Infraestructura, <strong>N\u00e9stor Ordo\u00f1ez<\/strong>, quien est\u00e1 demasiado pre-ocupado con el manejo de las cuentas p\u00fablicas como para prestarle atenci\u00f3n.<\/h3>\n<h3>Cuatro fuentes consultadas acerca de esta indefinici\u00f3n coincidieron con una misma versi\u00f3n: <em>\u201cEl Adolfo propuso el nombre de su esposa, <strong>Gisela Vartalitis<\/strong>, pero Poggi lo rechaz\u00f3\u201d<\/em>.<\/h3>\n<h3>El argumento fue que no pod\u00eda nombrar en su gabinete a una persona que \u00e9l mismo denunci\u00f3 oportunamente, por la millonaria financiaci\u00f3n estatal que recibi\u00f3 su fundaci\u00f3n, <strong>\u201cMujeres Puntanas\u201d<\/strong>, para repartir electrodom\u00e9sticos en medio de la campa\u00f1a de 2017.<\/h3>\n<p><img fetchpriority=\"high\" decoding=\"async\" class=\"wp-image-11556 aligncenter\" src=\"https:\/\/apuntesdesanluis.com\/wp-content\/uploads\/2024\/02\/adolfo-y-gisela-300x214.png\" alt=\"\" width=\"531\" height=\"379\" srcset=\"https:\/\/apuntesdesanluis.com\/wp-content\/uploads\/2024\/02\/adolfo-y-gisela-300x214.png 300w, https:\/\/apuntesdesanluis.com\/wp-content\/uploads\/2024\/02\/adolfo-y-gisela.png 444w\" sizes=\"(max-width: 531px) 100vw, 531px\" \/><\/p>\n<h3>Lo que no dijo, pero se deduce, es que ese nombramiento pod\u00eda provocar \u2013adem\u00e1s- un tembladeral entre sus socios pol\u00edticos, que ya se hab\u00edan tragado \u201cel sapo\u201d de la alianza con el cinco veces gobernador y ef\u00edmero presidente de la naci\u00f3n, para poder derrotar a su hermano.<\/h3>\n<h3>As\u00ed las cosas, Adolfo lo entendi\u00f3, pero no le gust\u00f3 el veto, toda vez que ser\u00eda el encargado de comunicarle la mala nueva a su esposa, cuyo car\u00e1cter no es ejemplo de mansedumbre, precisamente.<\/h3>\n<h3>Nadie arriesga a elucubrar c\u00f3mo fue ese \u00edntimo momento entre ambos, lo cierto es que desde entonces la comunicaci\u00f3n entre Adolfo y su \u201chijo dilecto\u201d se fris\u00f3 y nunca propuso un nombre alternativo para asumir dicho ministerio, que contin\u00faa vacante.<\/h3>\n<h3>No obstante, Poggi fue otorgando lugares a varios de los principales candidatos de Todos Unidos, en cumplimiento de su palabra de ofrecer contenci\u00f3n a sus principales aliados para co-gobernar la provincia. Uno de los m\u00e1s favorecidos fue el ex candidato a intendente, <strong>Harold Bridger<\/strong>, quien fue nombrado <strong>Secretario de Estado de Actividades Log\u00edsticas<\/strong>, con sede en la ZAL.<\/h3>\n<h3>El nombrado se hizo cargo y, hasta donde se sabe, su gesti\u00f3n ha merecido el respaldo de Poggi, quien le ha manifestado su \u201cplena conformidad\u201d, toda vez que le ha dado un mayor impulso a la actividad log\u00edstica, especialmente con la utilizaci\u00f3n del tren de carga, al tiempo que ha atra\u00eddo a m\u00e1s empresas para que aprovechen sus ventajas y servicios.<\/h3>\n<p><img decoding=\"async\" class=\"wp-image-11557 aligncenter\" src=\"https:\/\/apuntesdesanluis.com\/wp-content\/uploads\/2024\/02\/bridger-y-poggi-300x200.jpeg\" alt=\"\" width=\"590\" height=\"393\" srcset=\"https:\/\/apuntesdesanluis.com\/wp-content\/uploads\/2024\/02\/bridger-y-poggi-300x200.jpeg 300w, https:\/\/apuntesdesanluis.com\/wp-content\/uploads\/2024\/02\/bridger-y-poggi.jpeg 600w\" sizes=\"(max-width: 590px) 100vw, 590px\" \/><\/p>\n<h3>Pero no todas son rosas. Los problemas de Bridger no tienen que ver con su gesti\u00f3n institucional, sino con el manejo interno de su personal. Puntualmente, con una empleada jer\u00e1rquica que le fue impuesta: <strong>B.O. de V.<\/strong><\/h3>\n<h3>\u00bfPor qu\u00e9 es noticia una controversia semejante, si en todos los trabajos suele haber rispideces? Porque la susodicha fue propuesta por la propia Gisela, de quien ser\u00eda socia y amiga. Obviamente no es una empleada cualquiera, con semejante \u201cmadrina\u201d. Y al parecer a poco de llegar habr\u00eda &#8220;chapeado&#8221; con sus contactos.<\/h3>\n<h3>Fuentes de la ZAL aseguran que esta mujer habr\u00eda tenido no uno sino varios encontronazos con Bridger, quien lleg\u00f3 a pedirle que se fuera si no estaba c\u00f3moda. El cortocircuito habr\u00eda llegado incluso a o\u00eddos del propio Poggi, quien respald\u00f3 a su funcionario y le dio libertad de acci\u00f3n para que actuara seg\u00fan su criterio, sin condicionamientos. Pero tambi\u00e9n, claro est\u00e1, lleg\u00f3 a conocimiento de Gisela y su esposo, quienes nunca tuvieron demasiada estima por el <strong>\u201cbulldog\u201d<\/strong>, como lo llaman en reserva.<\/h3>\n<h3>La tensi\u00f3n ha ido en aumento y seg\u00fan una fuente digna de cr\u00e9dito, Bridger dijo basta y reclamar\u00eda el traslado \u201ccompulsivo\u201d de su empleada, \u201ccansado de renegar todos los d\u00edas con algo nuevo\u201d. El tema ya es una de las principales &#8220;comidillas&#8221; entre el personal de la ZAL, que llena sus tiempos de recreaci\u00f3n chusmeando las an\u00e9cdotas que trascienden sobre los entredichos que se suceden entre el jefe y su subordinada.<\/h3>\n<h3><strong>&#8211; Che, no me jod\u00e1s, \u00bftan grave puede ser el conflicto con una empleada?<\/strong><\/h3>\n<h3>&#8211; S\u00ed. Harold no quiere que nadie haga negocios en la ZAL.<\/h3>\n<h3><strong>&#8211; \u00bfA qu\u00e9 te refer\u00eds?<\/strong><\/h3>\n<h3>&#8211; No me hag\u00e1s hablar, no puedo darte m\u00e1s. Imaginate el resto\u2026<\/h3>\n<h3><strong>&#8211; Bueno, pero si como dec\u00eds la corre de su lado, se va a poner de punta al Adolfo y Gisela. Flor de kilombo se le va a armar.<\/strong><\/h3>\n<h3>&#8211; No, nada que ver. Tiene el apoyo de Poggi. Si esto sigue as\u00ed, Harold se va de Todos Unidos.<\/h3>\n<h3><strong>&#8211; \u00bfSolo?<\/strong><\/h3>\n<h3>&#8211; No creo, varios nos vamos con \u00e9l. Ya nos tiene podridos que la Gisela lo maneje al Adolfo y haga lo que quiere. Muchos compa\u00f1eros no se lo dicen pero est\u00e1n recalientes de que Adolfo no proponga otro nombre para el Ministerio de Ciencia y T\u00e9cnica. Por lo menos eso nos permitir\u00eda contener a 15 \u00f3 20 compa\u00f1eros. Pero no, se ha encaprichado que si no es Gisela no va nadie.<\/h3>\n<h3>En este contexto, no ser\u00eda extra\u00f1o que en el corto plazo haya novedades en <strong>\u201cTodos Unidos\u201d<\/strong>, espacio pol\u00edtico que no estar\u00eda haciendo honor a su nombre.<\/h3>\n<p>&nbsp;<\/p>\n<p>&nbsp;<\/p>\n<p>&nbsp;<\/p>\n<p>&nbsp;<\/p>\n<p>&nbsp;<\/p>\n<p>&nbsp;<\/p>\n","protected":false},"excerpt":{"rendered":"<p>Por Eduardo Gargiulo De los nueve ministerios y once secretar\u00edas que componen el gabinete provincial&#8230;<\/p>\n","protected":false},"author":1,"featured_media":11558,"comment_status":"closed","ping_status":"closed","sticky":false,"template":"","format":"standard","meta":{"footnotes":""},"categories":[9],"tags":[],"class_list":["post-11555","post","type-post","status-publish","format-standard","has-post-thumbnail","hentry","category-opinion"],"yoast_head":"<!-- This site is optimized with the Yoast SEO plugin v26.1.1 - https:\/\/yoast.com\/wordpress\/plugins\/seo\/ -->\n<title>TODOS UNIDOS: UN \u201cBULLDOG\u201d A PUNTO DE PEGAR EL PORTAZO - Apuntes de San Luis<\/title>\n<meta name=\"robots\" content=\"index, follow, max-snippet:-1, max-image-preview:large, max-video-preview:-1\" \/>\n<link rel=\"canonical\" href=\"https:\/\/apuntesdesanluis.com\/index.php\/2024\/02\/09\/todos-unidos-un-bulldog-a-punto-de-pegar-el-portazo\/\" \/>\n<meta property=\"og:locale\" content=\"es_ES\" \/>\n<meta property=\"og:type\" content=\"article\" \/>\n<meta property=\"og:title\" content=\"TODOS UNIDOS: UN \u201cBULLDOG\u201d A PUNTO DE PEGAR EL PORTAZO - Apuntes de San Luis\" \/>\n<meta property=\"og:description\" content=\"Por Eduardo Gargiulo De los nueve ministerios y once secretar\u00edas que componen el gabinete provincial...\" \/>\n<meta property=\"og:url\" content=\"https:\/\/apuntesdesanluis.com\/index.php\/2024\/02\/09\/todos-unidos-un-bulldog-a-punto-de-pegar-el-portazo\/\" \/>\n<meta property=\"og:site_name\" content=\"Apuntes de San Luis\" \/>\n<meta property=\"article:published_time\" content=\"2024-02-10T01:10:16+00:00\" \/>\n<meta property=\"article:modified_time\" content=\"2024-02-10T01:59:29+00:00\" \/>\n<meta property=\"og:image\" content=\"https:\/\/apuntesdesanluis.com\/wp-content\/uploads\/2024\/02\/bridger.png\" \/>\n\t<meta property=\"og:image:width\" content=\"600\" \/>\n\t<meta property=\"og:image:height\" content=\"343\" \/>\n\t<meta property=\"og:image:type\" content=\"image\/png\" \/>\n<meta name=\"author\" content=\"apuntesdesanluis.com\" \/>\n<meta name=\"twitter:card\" content=\"summary_large_image\" \/>\n<meta name=\"twitter:label1\" content=\"Escrito por\" \/>\n\t<meta name=\"twitter:data1\" content=\"apuntesdesanluis.com\" \/>\n\t<meta name=\"twitter:label2\" content=\"Tiempo de lectura\" \/>\n\t<meta name=\"twitter:data2\" content=\"5 minutos\" \/>\n<script type=\"application\/ld+json\" class=\"yoast-schema-graph\">{\"@context\":\"https:\/\/schema.org\",\"@graph\":[{\"@type\":\"Article\",\"@id\":\"https:\/\/apuntesdesanluis.com\/index.php\/2024\/02\/09\/todos-unidos-un-bulldog-a-punto-de-pegar-el-portazo\/#article\",\"isPartOf\":{\"@id\":\"https:\/\/apuntesdesanluis.com\/index.php\/2024\/02\/09\/todos-unidos-un-bulldog-a-punto-de-pegar-el-portazo\/\"},\"author\":{\"name\":\"apuntesdesanluis.com\",\"@id\":\"https:\/\/apuntesdesanluis.com\/#\/schema\/person\/b55151d52296fcce64d1a72538a70b90\"},\"headline\":\"TODOS UNIDOS: UN \u201cBULLDOG\u201d A PUNTO DE PEGAR EL PORTAZO\",\"datePublished\":\"2024-02-10T01:10:16+00:00\",\"dateModified\":\"2024-02-10T01:59:29+00:00\",\"mainEntityOfPage\":{\"@id\":\"https:\/\/apuntesdesanluis.com\/index.php\/2024\/02\/09\/todos-unidos-un-bulldog-a-punto-de-pegar-el-portazo\/\"},\"wordCount\":963,\"publisher\":{\"@id\":\"https:\/\/apuntesdesanluis.com\/#\/schema\/person\/b55151d52296fcce64d1a72538a70b90\"},\"image\":{\"@id\":\"https:\/\/apuntesdesanluis.com\/index.php\/2024\/02\/09\/todos-unidos-un-bulldog-a-punto-de-pegar-el-portazo\/#primaryimage\"},\"thumbnailUrl\":\"https:\/\/apuntesdesanluis.com\/wp-content\/uploads\/2024\/02\/bridger.png\",\"articleSection\":[\"Opini\u00f3n\"],\"inLanguage\":\"es-AR\"},{\"@type\":\"WebPage\",\"@id\":\"https:\/\/apuntesdesanluis.com\/index.php\/2024\/02\/09\/todos-unidos-un-bulldog-a-punto-de-pegar-el-portazo\/\",\"url\":\"https:\/\/apuntesdesanluis.com\/index.php\/2024\/02\/09\/todos-unidos-un-bulldog-a-punto-de-pegar-el-portazo\/\",\"name\":\"TODOS UNIDOS: UN \u201cBULLDOG\u201d A PUNTO DE PEGAR EL PORTAZO - Apuntes de San Luis\",\"isPartOf\":{\"@id\":\"https:\/\/apuntesdesanluis.com\/#website\"},\"primaryImageOfPage\":{\"@id\":\"https:\/\/apuntesdesanluis.com\/index.php\/2024\/02\/09\/todos-unidos-un-bulldog-a-punto-de-pegar-el-portazo\/#primaryimage\"},\"image\":{\"@id\":\"https:\/\/apuntesdesanluis.com\/index.php\/2024\/02\/09\/todos-unidos-un-bulldog-a-punto-de-pegar-el-portazo\/#primaryimage\"},\"thumbnailUrl\":\"https:\/\/apuntesdesanluis.com\/wp-content\/uploads\/2024\/02\/bridger.png\",\"datePublished\":\"2024-02-10T01:10:16+00:00\",\"dateModified\":\"2024-02-10T01:59:29+00:00\",\"breadcrumb\":{\"@id\":\"https:\/\/apuntesdesanluis.com\/index.php\/2024\/02\/09\/todos-unidos-un-bulldog-a-punto-de-pegar-el-portazo\/#breadcrumb\"},\"inLanguage\":\"es-AR\",\"potentialAction\":[{\"@type\":\"ReadAction\",\"target\":[\"https:\/\/apuntesdesanluis.com\/index.php\/2024\/02\/09\/todos-unidos-un-bulldog-a-punto-de-pegar-el-portazo\/\"]}]},{\"@type\":\"ImageObject\",\"inLanguage\":\"es-AR\",\"@id\":\"https:\/\/apuntesdesanluis.com\/index.php\/2024\/02\/09\/todos-unidos-un-bulldog-a-punto-de-pegar-el-portazo\/#primaryimage\",\"url\":\"https:\/\/apuntesdesanluis.com\/wp-content\/uploads\/2024\/02\/bridger.png\",\"contentUrl\":\"https:\/\/apuntesdesanluis.com\/wp-content\/uploads\/2024\/02\/bridger.png\",\"width\":600,\"height\":343},{\"@type\":\"BreadcrumbList\",\"@id\":\"https:\/\/apuntesdesanluis.com\/index.php\/2024\/02\/09\/todos-unidos-un-bulldog-a-punto-de-pegar-el-portazo\/#breadcrumb\",\"itemListElement\":[{\"@type\":\"ListItem\",\"position\":1,\"name\":\"Inicio\",\"item\":\"https:\/\/apuntesdesanluis.com\/\"},{\"@type\":\"ListItem\",\"position\":2,\"name\":\"TODOS UNIDOS: UN \u201cBULLDOG\u201d A PUNTO DE PEGAR EL PORTAZO\"}]},{\"@type\":\"WebSite\",\"@id\":\"https:\/\/apuntesdesanluis.com\/#website\",\"url\":\"https:\/\/apuntesdesanluis.com\/\",\"name\":\"Apuntes de San Luis\",\"description\":\"\",\"publisher\":{\"@id\":\"https:\/\/apuntesdesanluis.com\/#\/schema\/person\/b55151d52296fcce64d1a72538a70b90\"},\"potentialAction\":[{\"@type\":\"SearchAction\",\"target\":{\"@type\":\"EntryPoint\",\"urlTemplate\":\"https:\/\/apuntesdesanluis.com\/?s={search_term_string}\"},\"query-input\":{\"@type\":\"PropertyValueSpecification\",\"valueRequired\":true,\"valueName\":\"search_term_string\"}}],\"inLanguage\":\"es-AR\"},{\"@type\":[\"Person\",\"Organization\"],\"@id\":\"https:\/\/apuntesdesanluis.com\/#\/schema\/person\/b55151d52296fcce64d1a72538a70b90\",\"name\":\"apuntesdesanluis.com\",\"image\":{\"@type\":\"ImageObject\",\"inLanguage\":\"es-AR\",\"@id\":\"https:\/\/apuntesdesanluis.com\/#\/schema\/person\/image\/\",\"url\":\"https:\/\/apuntesdesanluis.com\/wp-content\/uploads\/2023\/07\/cropped-apuntesdesanluis.png\",\"contentUrl\":\"https:\/\/apuntesdesanluis.com\/wp-content\/uploads\/2023\/07\/cropped-apuntesdesanluis.png\",\"width\":450,\"height\":112,\"caption\":\"apuntesdesanluis.com\"},\"logo\":{\"@id\":\"https:\/\/apuntesdesanluis.com\/#\/schema\/person\/image\/\"},\"sameAs\":[\"https:\/\/apuntesdesanluis.com\"],\"url\":\"https:\/\/apuntesdesanluis.com\/index.php\/author\/apuntesdesanluis-com\/\"}]}<\/script>\n<!-- \/ Yoast SEO plugin. -->","yoast_head_json":{"title":"TODOS UNIDOS: UN \u201cBULLDOG\u201d A PUNTO DE PEGAR EL PORTAZO - Apuntes de San Luis","robots":{"index":"index","follow":"follow","max-snippet":"max-snippet:-1","max-image-preview":"max-image-preview:large","max-video-preview":"max-video-preview:-1"},"canonical":"https:\/\/apuntesdesanluis.com\/index.php\/2024\/02\/09\/todos-unidos-un-bulldog-a-punto-de-pegar-el-portazo\/","og_locale":"es_ES","og_type":"article","og_title":"TODOS UNIDOS: UN \u201cBULLDOG\u201d A PUNTO DE PEGAR EL PORTAZO - Apuntes de San Luis","og_description":"Por Eduardo Gargiulo De los nueve ministerios y once secretar\u00edas que componen el gabinete provincial...","og_url":"https:\/\/apuntesdesanluis.com\/index.php\/2024\/02\/09\/todos-unidos-un-bulldog-a-punto-de-pegar-el-portazo\/","og_site_name":"Apuntes de San Luis","article_published_time":"2024-02-10T01:10:16+00:00","article_modified_time":"2024-02-10T01:59:29+00:00","og_image":[{"width":600,"height":343,"url":"https:\/\/apuntesdesanluis.com\/wp-content\/uploads\/2024\/02\/bridger.png","type":"image\/png"}],"author":"apuntesdesanluis.com","twitter_card":"summary_large_image","twitter_misc":{"Escrito por":"apuntesdesanluis.com","Tiempo de lectura":"5 minutos"},"schema":{"@context":"https:\/\/schema.org","@graph":[{"@type":"Article","@id":"https:\/\/apuntesdesanluis.com\/index.php\/2024\/02\/09\/todos-unidos-un-bulldog-a-punto-de-pegar-el-portazo\/#article","isPartOf":{"@id":"https:\/\/apuntesdesanluis.com\/index.php\/2024\/02\/09\/todos-unidos-un-bulldog-a-punto-de-pegar-el-portazo\/"},"author":{"name":"apuntesdesanluis.com","@id":"https:\/\/apuntesdesanluis.com\/#\/schema\/person\/b55151d52296fcce64d1a72538a70b90"},"headline":"TODOS UNIDOS: UN \u201cBULLDOG\u201d A PUNTO DE PEGAR EL PORTAZO","datePublished":"2024-02-10T01:10:16+00:00","dateModified":"2024-02-10T01:59:29+00:00","mainEntityOfPage":{"@id":"https:\/\/apuntesdesanluis.com\/index.php\/2024\/02\/09\/todos-unidos-un-bulldog-a-punto-de-pegar-el-portazo\/"},"wordCount":963,"publisher":{"@id":"https:\/\/apuntesdesanluis.com\/#\/schema\/person\/b55151d52296fcce64d1a72538a70b90"},"image":{"@id":"https:\/\/apuntesdesanluis.com\/index.php\/2024\/02\/09\/todos-unidos-un-bulldog-a-punto-de-pegar-el-portazo\/#primaryimage"},"thumbnailUrl":"https:\/\/apuntesdesanluis.com\/wp-content\/uploads\/2024\/02\/bridger.png","articleSection":["Opini\u00f3n"],"inLanguage":"es-AR"},{"@type":"WebPage","@id":"https:\/\/apuntesdesanluis.com\/index.php\/2024\/02\/09\/todos-unidos-un-bulldog-a-punto-de-pegar-el-portazo\/","url":"https:\/\/apuntesdesanluis.com\/index.php\/2024\/02\/09\/todos-unidos-un-bulldog-a-punto-de-pegar-el-portazo\/","name":"TODOS UNIDOS: UN \u201cBULLDOG\u201d A PUNTO DE PEGAR EL PORTAZO - Apuntes de San Luis","isPartOf":{"@id":"https:\/\/apuntesdesanluis.com\/#website"},"primaryImageOfPage":{"@id":"https:\/\/apuntesdesanluis.com\/index.php\/2024\/02\/09\/todos-unidos-un-bulldog-a-punto-de-pegar-el-portazo\/#primaryimage"},"image":{"@id":"https:\/\/apuntesdesanluis.com\/index.php\/2024\/02\/09\/todos-unidos-un-bulldog-a-punto-de-pegar-el-portazo\/#primaryimage"},"thumbnailUrl":"https:\/\/apuntesdesanluis.com\/wp-content\/uploads\/2024\/02\/bridger.png","datePublished":"2024-02-10T01:10:16+00:00","dateModified":"2024-02-10T01:59:29+00:00","breadcrumb":{"@id":"https:\/\/apuntesdesanluis.com\/index.php\/2024\/02\/09\/todos-unidos-un-bulldog-a-punto-de-pegar-el-portazo\/#breadcrumb"},"inLanguage":"es-AR","potentialAction":[{"@type":"ReadAction","target":["https:\/\/apuntesdesanluis.com\/index.php\/2024\/02\/09\/todos-unidos-un-bulldog-a-punto-de-pegar-el-portazo\/"]}]},{"@type":"ImageObject","inLanguage":"es-AR","@id":"https:\/\/apuntesdesanluis.com\/index.php\/2024\/02\/09\/todos-unidos-un-bulldog-a-punto-de-pegar-el-portazo\/#primaryimage","url":"https:\/\/apuntesdesanluis.com\/wp-content\/uploads\/2024\/02\/bridger.png","contentUrl":"https:\/\/apuntesdesanluis.com\/wp-content\/uploads\/2024\/02\/bridger.png","width":600,"height":343},{"@type":"BreadcrumbList","@id":"https:\/\/apuntesdesanluis.com\/index.php\/2024\/02\/09\/todos-unidos-un-bulldog-a-punto-de-pegar-el-portazo\/#breadcrumb","itemListElement":[{"@type":"ListItem","position":1,"name":"Inicio","item":"https:\/\/apuntesdesanluis.com\/"},{"@type":"ListItem","position":2,"name":"TODOS UNIDOS: UN \u201cBULLDOG\u201d A PUNTO DE PEGAR EL PORTAZO"}]},{"@type":"WebSite","@id":"https:\/\/apuntesdesanluis.com\/#website","url":"https:\/\/apuntesdesanluis.com\/","name":"Apuntes de San Luis","description":"","publisher":{"@id":"https:\/\/apuntesdesanluis.com\/#\/schema\/person\/b55151d52296fcce64d1a72538a70b90"},"potentialAction":[{"@type":"SearchAction","target":{"@type":"EntryPoint","urlTemplate":"https:\/\/apuntesdesanluis.com\/?s={search_term_string}"},"query-input":{"@type":"PropertyValueSpecification","valueRequired":true,"valueName":"search_term_string"}}],"inLanguage":"es-AR"},{"@type":["Person","Organization"],"@id":"https:\/\/apuntesdesanluis.com\/#\/schema\/person\/b55151d52296fcce64d1a72538a70b90","name":"apuntesdesanluis.com","image":{"@type":"ImageObject","inLanguage":"es-AR","@id":"https:\/\/apuntesdesanluis.com\/#\/schema\/person\/image\/","url":"https:\/\/apuntesdesanluis.com\/wp-content\/uploads\/2023\/07\/cropped-apuntesdesanluis.png","contentUrl":"https:\/\/apuntesdesanluis.com\/wp-content\/uploads\/2023\/07\/cropped-apuntesdesanluis.png","width":450,"height":112,"caption":"apuntesdesanluis.com"},"logo":{"@id":"https:\/\/apuntesdesanluis.com\/#\/schema\/person\/image\/"},"sameAs":["https:\/\/apuntesdesanluis.com"],"url":"https:\/\/apuntesdesanluis.com\/index.php\/author\/apuntesdesanluis-com\/"}]}},"featured_image_urls":{"full":["https:\/\/apuntesdesanluis.com\/wp-content\/uploads\/2024\/02\/bridger.png",600,343,false],"thumbnail":["https:\/\/apuntesdesanluis.com\/wp-content\/uploads\/2024\/02\/bridger-150x150.png",150,150,true],"medium":["https:\/\/apuntesdesanluis.com\/wp-content\/uploads\/2024\/02\/bridger-300x172.png",300,172,true],"medium_large":["https:\/\/apuntesdesanluis.com\/wp-content\/uploads\/2024\/02\/bridger.png",600,343,false],"large":["https:\/\/apuntesdesanluis.com\/wp-content\/uploads\/2024\/02\/bridger.png",600,343,false],"1536x1536":["https:\/\/apuntesdesanluis.com\/wp-content\/uploads\/2024\/02\/bridger.png",600,343,false],"2048x2048":["https:\/\/apuntesdesanluis.com\/wp-content\/uploads\/2024\/02\/bridger.png",600,343,false],"newsever-slider-full":["https:\/\/apuntesdesanluis.com\/wp-content\/uploads\/2024\/02\/bridger.png",600,343,false],"newsever-featured":["https:\/\/apuntesdesanluis.com\/wp-content\/uploads\/2024\/02\/bridger.png",600,343,false],"newsever-medium":["https:\/\/apuntesdesanluis.com\/wp-content\/uploads\/2024\/02\/bridger.png",600,343,false]},"author_info":{"display_name":"apuntesdesanluis.com","author_link":"https:\/\/apuntesdesanluis.com\/index.php\/author\/apuntesdesanluis-com\/"},"category_info":"<a href=\"https:\/\/apuntesdesanluis.com\/index.php\/category\/opinion\/\" rel=\"category tag\">Opini\u00f3n<\/a>","tag_info":"Opini\u00f3n","comment_count":"0","_links":{"self":[{"href":"https:\/\/apuntesdesanluis.com\/index.php\/wp-json\/wp\/v2\/posts\/11555","targetHints":{"allow":["GET"]}}],"collection":[{"href":"https:\/\/apuntesdesanluis.com\/index.php\/wp-json\/wp\/v2\/posts"}],"about":[{"href":"https:\/\/apuntesdesanluis.com\/index.php\/wp-json\/wp\/v2\/types\/post"}],"author":[{"embeddable":true,"href":"https:\/\/apuntesdesanluis.com\/index.php\/wp-json\/wp\/v2\/users\/1"}],"replies":[{"embeddable":true,"href":"https:\/\/apuntesdesanluis.com\/index.php\/wp-json\/wp\/v2\/comments?post=11555"}],"version-history":[{"count":7,"href":"https:\/\/apuntesdesanluis.com\/index.php\/wp-json\/wp\/v2\/posts\/11555\/revisions"}],"predecessor-version":[{"id":11565,"href":"https:\/\/apuntesdesanluis.com\/index.php\/wp-json\/wp\/v2\/posts\/11555\/revisions\/11565"}],"wp:featuredmedia":[{"embeddable":true,"href":"https:\/\/apuntesdesanluis.com\/index.php\/wp-json\/wp\/v2\/media\/11558"}],"wp:attachment":[{"href":"https:\/\/apuntesdesanluis.com\/index.php\/wp-json\/wp\/v2\/media?parent=11555"}],"wp:term":[{"taxonomy":"category","embeddable":true,"href":"https:\/\/apuntesdesanluis.com\/index.php\/wp-json\/wp\/v2\/categories?post=11555"},{"taxonomy":"post_tag","embeddable":true,"href":"https:\/\/apuntesdesanluis.com\/index.php\/wp-json\/wp\/v2\/tags?post=11555"}],"curies":[{"name":"wp","href":"https:\/\/api.w.org\/{rel}","templated":true}]}}