{"id":11570,"date":"2024-02-09T23:43:17","date_gmt":"2024-02-10T02:43:17","guid":{"rendered":"https:\/\/apuntesdesanluis.com\/?p=11570"},"modified":"2024-02-09T23:43:17","modified_gmt":"2024-02-10T02:43:17","slug":"el-gobierno-de-san-luis-pago-con-fondos-provinciales-el-fonid","status":"publish","type":"post","link":"https:\/\/apuntesdesanluis.com\/index.php\/2024\/02\/09\/el-gobierno-de-san-luis-pago-con-fondos-provinciales-el-fonid\/","title":{"rendered":"EL GOBIERNO DE SAN LUIS PAG\u00d3 CON FONDOS PROVINCIALES EL FONID"},"content":{"rendered":"<h3>Ante la falta de la remisi\u00f3n de los fondos por parte de la Naci\u00f3n, la provincia de San Luis hizo efectivo el pago del Fondo Nacional de Incentivo Docente con fondos provinciales.<\/h3>\n<h3>Como inform\u00f3 <span style=\"color: #000000;\"><strong>Apuntes de San Luis<\/strong><\/span> (ver nota relacionada), en medio de la puja por los fondos entre el Gobierno Nacional y las provincias, algunos gobernadores reclamaron que el Ejecutivo dej\u00f3 de transferir los\u00a0<strong>Fondos del Incentivo Docente (FONID)<\/strong>. En ese sentido, el FONID se constituy\u00f3 en enero como casi el \u00fanico rubro de las transferencias discrecionales a las provincias que sigui\u00f3 devengando gastos, pero el Ejecutivo solo pag\u00f3 $12 millones.<\/h3>\n<h3>Este viernes, el titular de la cartera educativa, <strong>Guillermo Araujo<\/strong>, llev\u00f3 al Consejo Federal de Educaci\u00f3n el reclamo por los fondos del FONID, como condici\u00f3n imprescindible, en sinton\u00eda con las provincias que a\u00fan no recibieron el pago.<\/h3>\n<h3>Este viernes por la ma\u00f1ana, durante la Asamblea del Consejo Federal de Educaci\u00f3n, luego de abordar el tema central que los convoc\u00f3, el de sentar las bases para trabajar en una pol\u00edtica nacional de alfabetizaci\u00f3n, se rubric\u00f3 una nota por parte de todos los ministros de Educaci\u00f3n en la que se manifestaba la necesidad de que se depositen los fondos contemplados en el marco de la legislaci\u00f3n vigente; Leyes N\u00b0 26.075 y N\u00b0 25.053 \u2013 particularmente lo referido al Fondo de Compensaci\u00f3n Salarial Docente, Fondo Nacional de Incentivo Docente, Conectividad y Material Did\u00e1ctico, Programas Educativos Nacionales y Fondo de Infraestructura.<\/h3>\n<h3>Asimismo, Guillermo Araujo manifest\u00f3 la necesidad de saber cu\u00e1les son los programas nacionales que continuar\u00e1n para poder tener previsibilidad. La Provincia queda a la espera de los dep\u00f3sitos de los diversos fondos destinados a obras escolares y programas de formaci\u00f3n docente. Estos programas son esenciales para implementar pol\u00edticas educativas a nivel nacional y garantizar el acceso a la educaci\u00f3n en todo el territorio argentino.<\/h3>\n<h3><\/h3>\n<h3><span style=\"color: #3366ff;\">NOTICIA RELACIONADA:<\/span><\/h3>\n<p><a href=\"https:\/\/apuntesdesanluis.com\/index.php\/2024\/02\/09\/reclaman-que-el-ejecutivo-nacional-dejo-de-transferir-fondos-del-incentivo-docente\/\" target=\"_blank\" rel=\"noopener\"><img fetchpriority=\"high\" decoding=\"async\" class=\"alignnone  wp-image-11572\" src=\"https:\/\/apuntesdesanluis.com\/wp-content\/uploads\/2024\/02\/posteo-4-300x246.png\" alt=\"\" width=\"450\" height=\"369\" srcset=\"https:\/\/apuntesdesanluis.com\/wp-content\/uploads\/2024\/02\/posteo-4-300x246.png 300w, https:\/\/apuntesdesanluis.com\/wp-content\/uploads\/2024\/02\/posteo-4.png 647w\" sizes=\"(max-width: 450px) 100vw, 450px\" \/><\/a><\/p>\n<p>&nbsp;<\/p>\n<p>&nbsp;<\/p>\n<p>&nbsp;<\/p>\n<p>&nbsp;<\/p>\n<p>&nbsp;<\/p>\n<p>&nbsp;<\/p>\n<p>&nbsp;<\/p>\n<p>&nbsp;<\/p>\n","protected":false},"excerpt":{"rendered":"<p>Ante la falta de la remisi\u00f3n de los fondos por parte de la Naci\u00f3n, la&#8230;<\/p>\n","protected":false},"author":1,"featured_media":11571,"comment_status":"closed","ping_status":"closed","sticky":false,"template":"","format":"standard","meta":{"footnotes":""},"categories":[6],"tags":[],"class_list":["post-11570","post","type-post","status-publish","format-standard","has-post-thumbnail","hentry","category-ciudad-provincia"],"yoast_head":"<!-- This site is optimized with the Yoast SEO plugin v26.1.1 - https:\/\/yoast.com\/wordpress\/plugins\/seo\/ -->\n<title>EL GOBIERNO DE SAN LUIS PAG\u00d3 CON FONDOS PROVINCIALES EL FONID - Apuntes de San Luis<\/title>\n<meta name=\"robots\" content=\"index, follow, max-snippet:-1, max-image-preview:large, max-video-preview:-1\" \/>\n<link rel=\"canonical\" href=\"https:\/\/apuntesdesanluis.com\/index.php\/2024\/02\/09\/el-gobierno-de-san-luis-pago-con-fondos-provinciales-el-fonid\/\" \/>\n<meta property=\"og:locale\" content=\"es_ES\" \/>\n<meta property=\"og:type\" content=\"article\" \/>\n<meta property=\"og:title\" content=\"EL GOBIERNO DE SAN LUIS PAG\u00d3 CON FONDOS PROVINCIALES EL FONID - Apuntes de San Luis\" \/>\n<meta property=\"og:description\" content=\"Ante la falta de la remisi\u00f3n de los fondos por parte de la Naci\u00f3n, la...\" \/>\n<meta property=\"og:url\" content=\"https:\/\/apuntesdesanluis.com\/index.php\/2024\/02\/09\/el-gobierno-de-san-luis-pago-con-fondos-provinciales-el-fonid\/\" \/>\n<meta property=\"og:site_name\" content=\"Apuntes de San Luis\" \/>\n<meta property=\"article:published_time\" content=\"2024-02-10T02:43:17+00:00\" \/>\n<meta property=\"og:image\" content=\"https:\/\/apuntesdesanluis.com\/wp-content\/uploads\/2024\/02\/consejo-federal-de-educacion.png\" \/>\n\t<meta property=\"og:image:width\" content=\"600\" \/>\n\t<meta property=\"og:image:height\" content=\"347\" \/>\n\t<meta property=\"og:image:type\" content=\"image\/png\" \/>\n<meta name=\"author\" content=\"apuntesdesanluis.com\" \/>\n<meta name=\"twitter:card\" content=\"summary_large_image\" \/>\n<meta name=\"twitter:label1\" content=\"Escrito por\" \/>\n\t<meta name=\"twitter:data1\" content=\"apuntesdesanluis.com\" \/>\n\t<meta name=\"twitter:label2\" content=\"Tiempo de lectura\" \/>\n\t<meta name=\"twitter:data2\" content=\"2 minutos\" \/>\n<script type=\"application\/ld+json\" class=\"yoast-schema-graph\">{\"@context\":\"https:\/\/schema.org\",\"@graph\":[{\"@type\":\"Article\",\"@id\":\"https:\/\/apuntesdesanluis.com\/index.php\/2024\/02\/09\/el-gobierno-de-san-luis-pago-con-fondos-provinciales-el-fonid\/#article\",\"isPartOf\":{\"@id\":\"https:\/\/apuntesdesanluis.com\/index.php\/2024\/02\/09\/el-gobierno-de-san-luis-pago-con-fondos-provinciales-el-fonid\/\"},\"author\":{\"name\":\"apuntesdesanluis.com\",\"@id\":\"https:\/\/apuntesdesanluis.com\/#\/schema\/person\/b55151d52296fcce64d1a72538a70b90\"},\"headline\":\"EL GOBIERNO DE SAN LUIS PAG\u00d3 CON FONDOS PROVINCIALES EL FONID\",\"datePublished\":\"2024-02-10T02:43:17+00:00\",\"mainEntityOfPage\":{\"@id\":\"https:\/\/apuntesdesanluis.com\/index.php\/2024\/02\/09\/el-gobierno-de-san-luis-pago-con-fondos-provinciales-el-fonid\/\"},\"wordCount\":341,\"publisher\":{\"@id\":\"https:\/\/apuntesdesanluis.com\/#\/schema\/person\/b55151d52296fcce64d1a72538a70b90\"},\"image\":{\"@id\":\"https:\/\/apuntesdesanluis.com\/index.php\/2024\/02\/09\/el-gobierno-de-san-luis-pago-con-fondos-provinciales-el-fonid\/#primaryimage\"},\"thumbnailUrl\":\"https:\/\/apuntesdesanluis.com\/wp-content\/uploads\/2024\/02\/consejo-federal-de-educacion.png\",\"articleSection\":[\"Ciudad\/Provincia\"],\"inLanguage\":\"es-AR\"},{\"@type\":\"WebPage\",\"@id\":\"https:\/\/apuntesdesanluis.com\/index.php\/2024\/02\/09\/el-gobierno-de-san-luis-pago-con-fondos-provinciales-el-fonid\/\",\"url\":\"https:\/\/apuntesdesanluis.com\/index.php\/2024\/02\/09\/el-gobierno-de-san-luis-pago-con-fondos-provinciales-el-fonid\/\",\"name\":\"EL GOBIERNO DE SAN LUIS PAG\u00d3 CON FONDOS PROVINCIALES EL FONID - Apuntes de San Luis\",\"isPartOf\":{\"@id\":\"https:\/\/apuntesdesanluis.com\/#website\"},\"primaryImageOfPage\":{\"@id\":\"https:\/\/apuntesdesanluis.com\/index.php\/2024\/02\/09\/el-gobierno-de-san-luis-pago-con-fondos-provinciales-el-fonid\/#primaryimage\"},\"image\":{\"@id\":\"https:\/\/apuntesdesanluis.com\/index.php\/2024\/02\/09\/el-gobierno-de-san-luis-pago-con-fondos-provinciales-el-fonid\/#primaryimage\"},\"thumbnailUrl\":\"https:\/\/apuntesdesanluis.com\/wp-content\/uploads\/2024\/02\/consejo-federal-de-educacion.png\",\"datePublished\":\"2024-02-10T02:43:17+00:00\",\"breadcrumb\":{\"@id\":\"https:\/\/apuntesdesanluis.com\/index.php\/2024\/02\/09\/el-gobierno-de-san-luis-pago-con-fondos-provinciales-el-fonid\/#breadcrumb\"},\"inLanguage\":\"es-AR\",\"potentialAction\":[{\"@type\":\"ReadAction\",\"target\":[\"https:\/\/apuntesdesanluis.com\/index.php\/2024\/02\/09\/el-gobierno-de-san-luis-pago-con-fondos-provinciales-el-fonid\/\"]}]},{\"@type\":\"ImageObject\",\"inLanguage\":\"es-AR\",\"@id\":\"https:\/\/apuntesdesanluis.com\/index.php\/2024\/02\/09\/el-gobierno-de-san-luis-pago-con-fondos-provinciales-el-fonid\/#primaryimage\",\"url\":\"https:\/\/apuntesdesanluis.com\/wp-content\/uploads\/2024\/02\/consejo-federal-de-educacion.png\",\"contentUrl\":\"https:\/\/apuntesdesanluis.com\/wp-content\/uploads\/2024\/02\/consejo-federal-de-educacion.png\",\"width\":600,\"height\":347},{\"@type\":\"BreadcrumbList\",\"@id\":\"https:\/\/apuntesdesanluis.com\/index.php\/2024\/02\/09\/el-gobierno-de-san-luis-pago-con-fondos-provinciales-el-fonid\/#breadcrumb\",\"itemListElement\":[{\"@type\":\"ListItem\",\"position\":1,\"name\":\"Inicio\",\"item\":\"https:\/\/apuntesdesanluis.com\/\"},{\"@type\":\"ListItem\",\"position\":2,\"name\":\"EL GOBIERNO DE SAN LUIS PAG\u00d3 CON FONDOS PROVINCIALES EL FONID\"}]},{\"@type\":\"WebSite\",\"@id\":\"https:\/\/apuntesdesanluis.com\/#website\",\"url\":\"https:\/\/apuntesdesanluis.com\/\",\"name\":\"Apuntes de San Luis\",\"description\":\"\",\"publisher\":{\"@id\":\"https:\/\/apuntesdesanluis.com\/#\/schema\/person\/b55151d52296fcce64d1a72538a70b90\"},\"potentialAction\":[{\"@type\":\"SearchAction\",\"target\":{\"@type\":\"EntryPoint\",\"urlTemplate\":\"https:\/\/apuntesdesanluis.com\/?s={search_term_string}\"},\"query-input\":{\"@type\":\"PropertyValueSpecification\",\"valueRequired\":true,\"valueName\":\"search_term_string\"}}],\"inLanguage\":\"es-AR\"},{\"@type\":[\"Person\",\"Organization\"],\"@id\":\"https:\/\/apuntesdesanluis.com\/#\/schema\/person\/b55151d52296fcce64d1a72538a70b90\",\"name\":\"apuntesdesanluis.com\",\"image\":{\"@type\":\"ImageObject\",\"inLanguage\":\"es-AR\",\"@id\":\"https:\/\/apuntesdesanluis.com\/#\/schema\/person\/image\/\",\"url\":\"https:\/\/apuntesdesanluis.com\/wp-content\/uploads\/2023\/07\/cropped-apuntesdesanluis.png\",\"contentUrl\":\"https:\/\/apuntesdesanluis.com\/wp-content\/uploads\/2023\/07\/cropped-apuntesdesanluis.png\",\"width\":450,\"height\":112,\"caption\":\"apuntesdesanluis.com\"},\"logo\":{\"@id\":\"https:\/\/apuntesdesanluis.com\/#\/schema\/person\/image\/\"},\"sameAs\":[\"https:\/\/apuntesdesanluis.com\"],\"url\":\"https:\/\/apuntesdesanluis.com\/index.php\/author\/apuntesdesanluis-com\/\"}]}<\/script>\n<!-- \/ Yoast SEO plugin. -->","yoast_head_json":{"title":"EL GOBIERNO DE SAN LUIS PAG\u00d3 CON FONDOS PROVINCIALES EL FONID - Apuntes de San Luis","robots":{"index":"index","follow":"follow","max-snippet":"max-snippet:-1","max-image-preview":"max-image-preview:large","max-video-preview":"max-video-preview:-1"},"canonical":"https:\/\/apuntesdesanluis.com\/index.php\/2024\/02\/09\/el-gobierno-de-san-luis-pago-con-fondos-provinciales-el-fonid\/","og_locale":"es_ES","og_type":"article","og_title":"EL GOBIERNO DE SAN LUIS PAG\u00d3 CON FONDOS PROVINCIALES EL FONID - Apuntes de San Luis","og_description":"Ante la falta de la remisi\u00f3n de los fondos por parte de la Naci\u00f3n, la...","og_url":"https:\/\/apuntesdesanluis.com\/index.php\/2024\/02\/09\/el-gobierno-de-san-luis-pago-con-fondos-provinciales-el-fonid\/","og_site_name":"Apuntes de San Luis","article_published_time":"2024-02-10T02:43:17+00:00","og_image":[{"width":600,"height":347,"url":"https:\/\/apuntesdesanluis.com\/wp-content\/uploads\/2024\/02\/consejo-federal-de-educacion.png","type":"image\/png"}],"author":"apuntesdesanluis.com","twitter_card":"summary_large_image","twitter_misc":{"Escrito por":"apuntesdesanluis.com","Tiempo de lectura":"2 minutos"},"schema":{"@context":"https:\/\/schema.org","@graph":[{"@type":"Article","@id":"https:\/\/apuntesdesanluis.com\/index.php\/2024\/02\/09\/el-gobierno-de-san-luis-pago-con-fondos-provinciales-el-fonid\/#article","isPartOf":{"@id":"https:\/\/apuntesdesanluis.com\/index.php\/2024\/02\/09\/el-gobierno-de-san-luis-pago-con-fondos-provinciales-el-fonid\/"},"author":{"name":"apuntesdesanluis.com","@id":"https:\/\/apuntesdesanluis.com\/#\/schema\/person\/b55151d52296fcce64d1a72538a70b90"},"headline":"EL GOBIERNO DE SAN LUIS PAG\u00d3 CON FONDOS PROVINCIALES EL FONID","datePublished":"2024-02-10T02:43:17+00:00","mainEntityOfPage":{"@id":"https:\/\/apuntesdesanluis.com\/index.php\/2024\/02\/09\/el-gobierno-de-san-luis-pago-con-fondos-provinciales-el-fonid\/"},"wordCount":341,"publisher":{"@id":"https:\/\/apuntesdesanluis.com\/#\/schema\/person\/b55151d52296fcce64d1a72538a70b90"},"image":{"@id":"https:\/\/apuntesdesanluis.com\/index.php\/2024\/02\/09\/el-gobierno-de-san-luis-pago-con-fondos-provinciales-el-fonid\/#primaryimage"},"thumbnailUrl":"https:\/\/apuntesdesanluis.com\/wp-content\/uploads\/2024\/02\/consejo-federal-de-educacion.png","articleSection":["Ciudad\/Provincia"],"inLanguage":"es-AR"},{"@type":"WebPage","@id":"https:\/\/apuntesdesanluis.com\/index.php\/2024\/02\/09\/el-gobierno-de-san-luis-pago-con-fondos-provinciales-el-fonid\/","url":"https:\/\/apuntesdesanluis.com\/index.php\/2024\/02\/09\/el-gobierno-de-san-luis-pago-con-fondos-provinciales-el-fonid\/","name":"EL GOBIERNO DE SAN LUIS PAG\u00d3 CON FONDOS PROVINCIALES EL FONID - Apuntes de San Luis","isPartOf":{"@id":"https:\/\/apuntesdesanluis.com\/#website"},"primaryImageOfPage":{"@id":"https:\/\/apuntesdesanluis.com\/index.php\/2024\/02\/09\/el-gobierno-de-san-luis-pago-con-fondos-provinciales-el-fonid\/#primaryimage"},"image":{"@id":"https:\/\/apuntesdesanluis.com\/index.php\/2024\/02\/09\/el-gobierno-de-san-luis-pago-con-fondos-provinciales-el-fonid\/#primaryimage"},"thumbnailUrl":"https:\/\/apuntesdesanluis.com\/wp-content\/uploads\/2024\/02\/consejo-federal-de-educacion.png","datePublished":"2024-02-10T02:43:17+00:00","breadcrumb":{"@id":"https:\/\/apuntesdesanluis.com\/index.php\/2024\/02\/09\/el-gobierno-de-san-luis-pago-con-fondos-provinciales-el-fonid\/#breadcrumb"},"inLanguage":"es-AR","potentialAction":[{"@type":"ReadAction","target":["https:\/\/apuntesdesanluis.com\/index.php\/2024\/02\/09\/el-gobierno-de-san-luis-pago-con-fondos-provinciales-el-fonid\/"]}]},{"@type":"ImageObject","inLanguage":"es-AR","@id":"https:\/\/apuntesdesanluis.com\/index.php\/2024\/02\/09\/el-gobierno-de-san-luis-pago-con-fondos-provinciales-el-fonid\/#primaryimage","url":"https:\/\/apuntesdesanluis.com\/wp-content\/uploads\/2024\/02\/consejo-federal-de-educacion.png","contentUrl":"https:\/\/apuntesdesanluis.com\/wp-content\/uploads\/2024\/02\/consejo-federal-de-educacion.png","width":600,"height":347},{"@type":"BreadcrumbList","@id":"https:\/\/apuntesdesanluis.com\/index.php\/2024\/02\/09\/el-gobierno-de-san-luis-pago-con-fondos-provinciales-el-fonid\/#breadcrumb","itemListElement":[{"@type":"ListItem","position":1,"name":"Inicio","item":"https:\/\/apuntesdesanluis.com\/"},{"@type":"ListItem","position":2,"name":"EL GOBIERNO DE SAN LUIS PAG\u00d3 CON FONDOS PROVINCIALES EL FONID"}]},{"@type":"WebSite","@id":"https:\/\/apuntesdesanluis.com\/#website","url":"https:\/\/apuntesdesanluis.com\/","name":"Apuntes de San Luis","description":"","publisher":{"@id":"https:\/\/apuntesdesanluis.com\/#\/schema\/person\/b55151d52296fcce64d1a72538a70b90"},"potentialAction":[{"@type":"SearchAction","target":{"@type":"EntryPoint","urlTemplate":"https:\/\/apuntesdesanluis.com\/?s={search_term_string}"},"query-input":{"@type":"PropertyValueSpecification","valueRequired":true,"valueName":"search_term_string"}}],"inLanguage":"es-AR"},{"@type":["Person","Organization"],"@id":"https:\/\/apuntesdesanluis.com\/#\/schema\/person\/b55151d52296fcce64d1a72538a70b90","name":"apuntesdesanluis.com","image":{"@type":"ImageObject","inLanguage":"es-AR","@id":"https:\/\/apuntesdesanluis.com\/#\/schema\/person\/image\/","url":"https:\/\/apuntesdesanluis.com\/wp-content\/uploads\/2023\/07\/cropped-apuntesdesanluis.png","contentUrl":"https:\/\/apuntesdesanluis.com\/wp-content\/uploads\/2023\/07\/cropped-apuntesdesanluis.png","width":450,"height":112,"caption":"apuntesdesanluis.com"},"logo":{"@id":"https:\/\/apuntesdesanluis.com\/#\/schema\/person\/image\/"},"sameAs":["https:\/\/apuntesdesanluis.com"],"url":"https:\/\/apuntesdesanluis.com\/index.php\/author\/apuntesdesanluis-com\/"}]}},"featured_image_urls":{"full":["https:\/\/apuntesdesanluis.com\/wp-content\/uploads\/2024\/02\/consejo-federal-de-educacion.png",600,347,false],"thumbnail":["https:\/\/apuntesdesanluis.com\/wp-content\/uploads\/2024\/02\/consejo-federal-de-educacion-150x150.png",150,150,true],"medium":["https:\/\/apuntesdesanluis.com\/wp-content\/uploads\/2024\/02\/consejo-federal-de-educacion-300x174.png",300,174,true],"medium_large":["https:\/\/apuntesdesanluis.com\/wp-content\/uploads\/2024\/02\/consejo-federal-de-educacion.png",600,347,false],"large":["https:\/\/apuntesdesanluis.com\/wp-content\/uploads\/2024\/02\/consejo-federal-de-educacion.png",600,347,false],"1536x1536":["https:\/\/apuntesdesanluis.com\/wp-content\/uploads\/2024\/02\/consejo-federal-de-educacion.png",600,347,false],"2048x2048":["https:\/\/apuntesdesanluis.com\/wp-content\/uploads\/2024\/02\/consejo-federal-de-educacion.png",600,347,false],"newsever-slider-full":["https:\/\/apuntesdesanluis.com\/wp-content\/uploads\/2024\/02\/consejo-federal-de-educacion.png",600,347,false],"newsever-featured":["https:\/\/apuntesdesanluis.com\/wp-content\/uploads\/2024\/02\/consejo-federal-de-educacion.png",600,347,false],"newsever-medium":["https:\/\/apuntesdesanluis.com\/wp-content\/uploads\/2024\/02\/consejo-federal-de-educacion.png",600,347,false]},"author_info":{"display_name":"apuntesdesanluis.com","author_link":"https:\/\/apuntesdesanluis.com\/index.php\/author\/apuntesdesanluis-com\/"},"category_info":"<a href=\"https:\/\/apuntesdesanluis.com\/index.php\/category\/ciudad-provincia\/\" rel=\"category tag\">Ciudad\/Provincia<\/a>","tag_info":"Ciudad\/Provincia","comment_count":"0","_links":{"self":[{"href":"https:\/\/apuntesdesanluis.com\/index.php\/wp-json\/wp\/v2\/posts\/11570","targetHints":{"allow":["GET"]}}],"collection":[{"href":"https:\/\/apuntesdesanluis.com\/index.php\/wp-json\/wp\/v2\/posts"}],"about":[{"href":"https:\/\/apuntesdesanluis.com\/index.php\/wp-json\/wp\/v2\/types\/post"}],"author":[{"embeddable":true,"href":"https:\/\/apuntesdesanluis.com\/index.php\/wp-json\/wp\/v2\/users\/1"}],"replies":[{"embeddable":true,"href":"https:\/\/apuntesdesanluis.com\/index.php\/wp-json\/wp\/v2\/comments?post=11570"}],"version-history":[{"count":1,"href":"https:\/\/apuntesdesanluis.com\/index.php\/wp-json\/wp\/v2\/posts\/11570\/revisions"}],"predecessor-version":[{"id":11573,"href":"https:\/\/apuntesdesanluis.com\/index.php\/wp-json\/wp\/v2\/posts\/11570\/revisions\/11573"}],"wp:featuredmedia":[{"embeddable":true,"href":"https:\/\/apuntesdesanluis.com\/index.php\/wp-json\/wp\/v2\/media\/11571"}],"wp:attachment":[{"href":"https:\/\/apuntesdesanluis.com\/index.php\/wp-json\/wp\/v2\/media?parent=11570"}],"wp:term":[{"taxonomy":"category","embeddable":true,"href":"https:\/\/apuntesdesanluis.com\/index.php\/wp-json\/wp\/v2\/categories?post=11570"},{"taxonomy":"post_tag","embeddable":true,"href":"https:\/\/apuntesdesanluis.com\/index.php\/wp-json\/wp\/v2\/tags?post=11570"}],"curies":[{"name":"wp","href":"https:\/\/api.w.org\/{rel}","templated":true}]}}