{"id":11574,"date":"2024-02-09T23:53:22","date_gmt":"2024-02-10T02:53:22","guid":{"rendered":"https:\/\/apuntesdesanluis.com\/?p=11574"},"modified":"2024-02-09T23:54:15","modified_gmt":"2024-02-10T02:54:15","slug":"imputaron-a-un-joven-por-maltratar-a-un-caballo","status":"publish","type":"post","link":"https:\/\/apuntesdesanluis.com\/index.php\/2024\/02\/09\/imputaron-a-un-joven-por-maltratar-a-un-caballo\/","title":{"rendered":"IMPUTARON A UN JOVEN POR MALTRATAR A UN CABALLO"},"content":{"rendered":"<h3>Este viernes, se desarroll\u00f3 una audiencia de formulaci\u00f3n de cargos en el Juzgado de Garant\u00eda N\u00ba 3 de la Segunda Circunscripci\u00f3n Judicial a cargo de la Dra. Mirta Ucelay de Garciarena. En esta oportunidad, una persona fue imputada por maltrato animal. El hecho ocurri\u00f3 en el sur de la provincia y fue captado en un video.<\/h3>\n<h3>La investigaci\u00f3n, relat\u00f3 la Dra. Andrea Court \u2013Fiscal Adjunta- inici\u00f3 el 21 de noviembre de 2023 con la denuncia de una ciudadana donde pone en conocimiento que d\u00edas anteriores a la denuncia se hab\u00eda difundido un video donde se ve\u00eda al imputado maltratando a un caballo que se encontraba atado en sus extremidades\u00a0 (patas traseras y delanteras) para que perros le mordieran lo que ser\u00eda la panza del equino.<\/h3>\n<p><img fetchpriority=\"high\" decoding=\"async\" class=\"wp-image-11577 aligncenter\" src=\"https:\/\/apuntesdesanluis.com\/wp-content\/uploads\/2024\/02\/AUDIENCIA-1-300x195.png\" alt=\"\" width=\"658\" height=\"428\" srcset=\"https:\/\/apuntesdesanluis.com\/wp-content\/uploads\/2024\/02\/AUDIENCIA-1-300x195.png 300w, https:\/\/apuntesdesanluis.com\/wp-content\/uploads\/2024\/02\/AUDIENCIA-1.png 653w\" sizes=\"(max-width: 658px) 100vw, 658px\" \/><\/p>\n<h3>El Fiscal de Instrucci\u00f3n, Dr. Jos\u00e9 Olgu\u00edn explic\u00f3 que esta pr\u00e1ctica la realiz\u00f3 en el marco de su\u00a0 trabajo de pe\u00f3n rural que es domesticar\u00a0 o domar a caballos, en esta oportunidad utiliz\u00f3 medios violentos, innecesarios y da\u00f1inos para la integridad del animal.<\/h3>\n<h3>Agreg\u00f3 que el hecho est\u00e1 claramente comprobado ya que en el video se identifica al imputado y que fueron incorporadas alrededor de 50 denuncias por este caso.<\/h3>\n<h3>La fiscal\u00eda solicit\u00f3 que durante la tramitaci\u00f3n y hasta la finalizaci\u00f3n\u00a0 se abstenga de realizar cualquier actividad que tenga que ver con la doma de animales o alguna maniobra relacionada a esta pr\u00e1ctica.<\/h3>\n<h3>Por otro lado, la defensa ejercida por el Dr. Dami\u00e1n Bueno Aguilera manifest\u00f3 que su defendido no tuvo intenci\u00f3n de torturar al animal ni de producir un da\u00f1o en s\u00ed, sino que se trat\u00f3 de una pr\u00e1ctica generalizada dentro de la actividad que realiza. Ofreci\u00f3 la posibilidad de una reparaci\u00f3n integral y el cese de este tipo de actividades y la disposici\u00f3n de capacitarse e instruirse sobre estas pr\u00e1cticas.<\/h3>\n<h3>Finalmente, luego de las exposiciones de las partes, la Dra. Mirta Ucelay formul\u00f3 cargos por maltrato animal,\u00a0 teniendo en cuenta lo establecido en la Ley N\u00ba 14.346 y orden\u00f3 por el t\u00e9rmino de cuatro meses se abstenga de trabajar con cualquier tipo de animales y se capacite sobre otras maneras no lesivas de c\u00f3mo domesticar y tratar a los animales. Asimismo, orden\u00f3 la firma del libro e hizo reserva de analizar oportunamente las medidas alternativas para concluir la causa.<\/h3>\n<h3>\u2026\u2026.<\/h3>\n<h3>Cabe mencionar que la Ley 14.346 establece penas para las personas que maltraten o hagan v\u00edctimas de acto de crueldad a los animales:<\/h3>\n<h3>ART\u00cdCULO 1\u00ba \u2013 Ser\u00e1 reprimido con prisi\u00f3n de quince d\u00edas a un a\u00f1o, el que infligiere malos tratos o hiciere v\u00edctima de actos de crueldad a los animales.<\/h3>\n<h3>ART\u00cdCULO 2\u00ba \u2013 Ser\u00e1n considerados actos de maltrato (\u2026) inc 2\u00ba Azuzarlos para el trabajo mediante instrumentos que, no siendo de simple est\u00edmulo, les provoquen innecesarios castigos o sensaciones dolorosas.<\/h3>\n<p>&nbsp;<\/p>\n<p>&nbsp;<\/p>\n<p>&nbsp;<\/p>\n<p>&nbsp;<\/p>\n","protected":false},"excerpt":{"rendered":"<p>Este viernes, se desarroll\u00f3 una audiencia de formulaci\u00f3n de cargos en el Juzgado de Garant\u00eda&#8230;<\/p>\n","protected":false},"author":1,"featured_media":11575,"comment_status":"closed","ping_status":"closed","sticky":false,"template":"","format":"standard","meta":{"footnotes":""},"categories":[6],"tags":[],"class_list":["post-11574","post","type-post","status-publish","format-standard","has-post-thumbnail","hentry","category-ciudad-provincia"],"yoast_head":"<!-- This site is optimized with the Yoast SEO plugin v26.1.1 - https:\/\/yoast.com\/wordpress\/plugins\/seo\/ -->\n<title>IMPUTARON A UN JOVEN POR MALTRATAR A UN CABALLO - Apuntes de San Luis<\/title>\n<meta name=\"robots\" content=\"index, follow, max-snippet:-1, max-image-preview:large, max-video-preview:-1\" \/>\n<link rel=\"canonical\" href=\"https:\/\/apuntesdesanluis.com\/index.php\/2024\/02\/09\/imputaron-a-un-joven-por-maltratar-a-un-caballo\/\" \/>\n<meta property=\"og:locale\" content=\"es_ES\" \/>\n<meta property=\"og:type\" content=\"article\" \/>\n<meta property=\"og:title\" content=\"IMPUTARON A UN JOVEN POR MALTRATAR A UN CABALLO - Apuntes de San Luis\" \/>\n<meta property=\"og:description\" content=\"Este viernes, se desarroll\u00f3 una audiencia de formulaci\u00f3n de cargos en el Juzgado de Garant\u00eda...\" \/>\n<meta property=\"og:url\" content=\"https:\/\/apuntesdesanluis.com\/index.php\/2024\/02\/09\/imputaron-a-un-joven-por-maltratar-a-un-caballo\/\" \/>\n<meta property=\"og:site_name\" content=\"Apuntes de San Luis\" \/>\n<meta property=\"article:published_time\" content=\"2024-02-10T02:53:22+00:00\" \/>\n<meta property=\"article:modified_time\" content=\"2024-02-10T02:54:15+00:00\" \/>\n<meta property=\"og:image\" content=\"https:\/\/apuntesdesanluis.com\/wp-content\/uploads\/2024\/02\/caballo.png\" \/>\n\t<meta property=\"og:image:width\" content=\"525\" \/>\n\t<meta property=\"og:image:height\" content=\"324\" \/>\n\t<meta property=\"og:image:type\" content=\"image\/png\" \/>\n<meta name=\"author\" content=\"apuntesdesanluis.com\" \/>\n<meta name=\"twitter:card\" content=\"summary_large_image\" \/>\n<meta name=\"twitter:label1\" content=\"Escrito por\" \/>\n\t<meta name=\"twitter:data1\" content=\"apuntesdesanluis.com\" \/>\n\t<meta name=\"twitter:label2\" content=\"Tiempo de lectura\" \/>\n\t<meta name=\"twitter:data2\" content=\"3 minutos\" \/>\n<script type=\"application\/ld+json\" class=\"yoast-schema-graph\">{\"@context\":\"https:\/\/schema.org\",\"@graph\":[{\"@type\":\"Article\",\"@id\":\"https:\/\/apuntesdesanluis.com\/index.php\/2024\/02\/09\/imputaron-a-un-joven-por-maltratar-a-un-caballo\/#article\",\"isPartOf\":{\"@id\":\"https:\/\/apuntesdesanluis.com\/index.php\/2024\/02\/09\/imputaron-a-un-joven-por-maltratar-a-un-caballo\/\"},\"author\":{\"name\":\"apuntesdesanluis.com\",\"@id\":\"https:\/\/apuntesdesanluis.com\/#\/schema\/person\/b55151d52296fcce64d1a72538a70b90\"},\"headline\":\"IMPUTARON A UN JOVEN POR MALTRATAR A UN CABALLO\",\"datePublished\":\"2024-02-10T02:53:22+00:00\",\"dateModified\":\"2024-02-10T02:54:15+00:00\",\"mainEntityOfPage\":{\"@id\":\"https:\/\/apuntesdesanluis.com\/index.php\/2024\/02\/09\/imputaron-a-un-joven-por-maltratar-a-un-caballo\/\"},\"wordCount\":493,\"publisher\":{\"@id\":\"https:\/\/apuntesdesanluis.com\/#\/schema\/person\/b55151d52296fcce64d1a72538a70b90\"},\"image\":{\"@id\":\"https:\/\/apuntesdesanluis.com\/index.php\/2024\/02\/09\/imputaron-a-un-joven-por-maltratar-a-un-caballo\/#primaryimage\"},\"thumbnailUrl\":\"https:\/\/apuntesdesanluis.com\/wp-content\/uploads\/2024\/02\/caballo.png\",\"articleSection\":[\"Ciudad\/Provincia\"],\"inLanguage\":\"es-AR\"},{\"@type\":\"WebPage\",\"@id\":\"https:\/\/apuntesdesanluis.com\/index.php\/2024\/02\/09\/imputaron-a-un-joven-por-maltratar-a-un-caballo\/\",\"url\":\"https:\/\/apuntesdesanluis.com\/index.php\/2024\/02\/09\/imputaron-a-un-joven-por-maltratar-a-un-caballo\/\",\"name\":\"IMPUTARON A UN JOVEN POR MALTRATAR A UN CABALLO - Apuntes de San Luis\",\"isPartOf\":{\"@id\":\"https:\/\/apuntesdesanluis.com\/#website\"},\"primaryImageOfPage\":{\"@id\":\"https:\/\/apuntesdesanluis.com\/index.php\/2024\/02\/09\/imputaron-a-un-joven-por-maltratar-a-un-caballo\/#primaryimage\"},\"image\":{\"@id\":\"https:\/\/apuntesdesanluis.com\/index.php\/2024\/02\/09\/imputaron-a-un-joven-por-maltratar-a-un-caballo\/#primaryimage\"},\"thumbnailUrl\":\"https:\/\/apuntesdesanluis.com\/wp-content\/uploads\/2024\/02\/caballo.png\",\"datePublished\":\"2024-02-10T02:53:22+00:00\",\"dateModified\":\"2024-02-10T02:54:15+00:00\",\"breadcrumb\":{\"@id\":\"https:\/\/apuntesdesanluis.com\/index.php\/2024\/02\/09\/imputaron-a-un-joven-por-maltratar-a-un-caballo\/#breadcrumb\"},\"inLanguage\":\"es-AR\",\"potentialAction\":[{\"@type\":\"ReadAction\",\"target\":[\"https:\/\/apuntesdesanluis.com\/index.php\/2024\/02\/09\/imputaron-a-un-joven-por-maltratar-a-un-caballo\/\"]}]},{\"@type\":\"ImageObject\",\"inLanguage\":\"es-AR\",\"@id\":\"https:\/\/apuntesdesanluis.com\/index.php\/2024\/02\/09\/imputaron-a-un-joven-por-maltratar-a-un-caballo\/#primaryimage\",\"url\":\"https:\/\/apuntesdesanluis.com\/wp-content\/uploads\/2024\/02\/caballo.png\",\"contentUrl\":\"https:\/\/apuntesdesanluis.com\/wp-content\/uploads\/2024\/02\/caballo.png\",\"width\":525,\"height\":324},{\"@type\":\"BreadcrumbList\",\"@id\":\"https:\/\/apuntesdesanluis.com\/index.php\/2024\/02\/09\/imputaron-a-un-joven-por-maltratar-a-un-caballo\/#breadcrumb\",\"itemListElement\":[{\"@type\":\"ListItem\",\"position\":1,\"name\":\"Inicio\",\"item\":\"https:\/\/apuntesdesanluis.com\/\"},{\"@type\":\"ListItem\",\"position\":2,\"name\":\"IMPUTARON A UN JOVEN POR MALTRATAR A UN CABALLO\"}]},{\"@type\":\"WebSite\",\"@id\":\"https:\/\/apuntesdesanluis.com\/#website\",\"url\":\"https:\/\/apuntesdesanluis.com\/\",\"name\":\"Apuntes de San Luis\",\"description\":\"\",\"publisher\":{\"@id\":\"https:\/\/apuntesdesanluis.com\/#\/schema\/person\/b55151d52296fcce64d1a72538a70b90\"},\"potentialAction\":[{\"@type\":\"SearchAction\",\"target\":{\"@type\":\"EntryPoint\",\"urlTemplate\":\"https:\/\/apuntesdesanluis.com\/?s={search_term_string}\"},\"query-input\":{\"@type\":\"PropertyValueSpecification\",\"valueRequired\":true,\"valueName\":\"search_term_string\"}}],\"inLanguage\":\"es-AR\"},{\"@type\":[\"Person\",\"Organization\"],\"@id\":\"https:\/\/apuntesdesanluis.com\/#\/schema\/person\/b55151d52296fcce64d1a72538a70b90\",\"name\":\"apuntesdesanluis.com\",\"image\":{\"@type\":\"ImageObject\",\"inLanguage\":\"es-AR\",\"@id\":\"https:\/\/apuntesdesanluis.com\/#\/schema\/person\/image\/\",\"url\":\"https:\/\/apuntesdesanluis.com\/wp-content\/uploads\/2023\/07\/cropped-apuntesdesanluis.png\",\"contentUrl\":\"https:\/\/apuntesdesanluis.com\/wp-content\/uploads\/2023\/07\/cropped-apuntesdesanluis.png\",\"width\":450,\"height\":112,\"caption\":\"apuntesdesanluis.com\"},\"logo\":{\"@id\":\"https:\/\/apuntesdesanluis.com\/#\/schema\/person\/image\/\"},\"sameAs\":[\"https:\/\/apuntesdesanluis.com\"],\"url\":\"https:\/\/apuntesdesanluis.com\/index.php\/author\/apuntesdesanluis-com\/\"}]}<\/script>\n<!-- \/ Yoast SEO plugin. -->","yoast_head_json":{"title":"IMPUTARON A UN JOVEN POR MALTRATAR A UN CABALLO - Apuntes de San Luis","robots":{"index":"index","follow":"follow","max-snippet":"max-snippet:-1","max-image-preview":"max-image-preview:large","max-video-preview":"max-video-preview:-1"},"canonical":"https:\/\/apuntesdesanluis.com\/index.php\/2024\/02\/09\/imputaron-a-un-joven-por-maltratar-a-un-caballo\/","og_locale":"es_ES","og_type":"article","og_title":"IMPUTARON A UN JOVEN POR MALTRATAR A UN CABALLO - Apuntes de San Luis","og_description":"Este viernes, se desarroll\u00f3 una audiencia de formulaci\u00f3n de cargos en el Juzgado de Garant\u00eda...","og_url":"https:\/\/apuntesdesanluis.com\/index.php\/2024\/02\/09\/imputaron-a-un-joven-por-maltratar-a-un-caballo\/","og_site_name":"Apuntes de San Luis","article_published_time":"2024-02-10T02:53:22+00:00","article_modified_time":"2024-02-10T02:54:15+00:00","og_image":[{"width":525,"height":324,"url":"https:\/\/apuntesdesanluis.com\/wp-content\/uploads\/2024\/02\/caballo.png","type":"image\/png"}],"author":"apuntesdesanluis.com","twitter_card":"summary_large_image","twitter_misc":{"Escrito por":"apuntesdesanluis.com","Tiempo de lectura":"3 minutos"},"schema":{"@context":"https:\/\/schema.org","@graph":[{"@type":"Article","@id":"https:\/\/apuntesdesanluis.com\/index.php\/2024\/02\/09\/imputaron-a-un-joven-por-maltratar-a-un-caballo\/#article","isPartOf":{"@id":"https:\/\/apuntesdesanluis.com\/index.php\/2024\/02\/09\/imputaron-a-un-joven-por-maltratar-a-un-caballo\/"},"author":{"name":"apuntesdesanluis.com","@id":"https:\/\/apuntesdesanluis.com\/#\/schema\/person\/b55151d52296fcce64d1a72538a70b90"},"headline":"IMPUTARON A UN JOVEN POR MALTRATAR A UN CABALLO","datePublished":"2024-02-10T02:53:22+00:00","dateModified":"2024-02-10T02:54:15+00:00","mainEntityOfPage":{"@id":"https:\/\/apuntesdesanluis.com\/index.php\/2024\/02\/09\/imputaron-a-un-joven-por-maltratar-a-un-caballo\/"},"wordCount":493,"publisher":{"@id":"https:\/\/apuntesdesanluis.com\/#\/schema\/person\/b55151d52296fcce64d1a72538a70b90"},"image":{"@id":"https:\/\/apuntesdesanluis.com\/index.php\/2024\/02\/09\/imputaron-a-un-joven-por-maltratar-a-un-caballo\/#primaryimage"},"thumbnailUrl":"https:\/\/apuntesdesanluis.com\/wp-content\/uploads\/2024\/02\/caballo.png","articleSection":["Ciudad\/Provincia"],"inLanguage":"es-AR"},{"@type":"WebPage","@id":"https:\/\/apuntesdesanluis.com\/index.php\/2024\/02\/09\/imputaron-a-un-joven-por-maltratar-a-un-caballo\/","url":"https:\/\/apuntesdesanluis.com\/index.php\/2024\/02\/09\/imputaron-a-un-joven-por-maltratar-a-un-caballo\/","name":"IMPUTARON A UN JOVEN POR MALTRATAR A UN CABALLO - Apuntes de San Luis","isPartOf":{"@id":"https:\/\/apuntesdesanluis.com\/#website"},"primaryImageOfPage":{"@id":"https:\/\/apuntesdesanluis.com\/index.php\/2024\/02\/09\/imputaron-a-un-joven-por-maltratar-a-un-caballo\/#primaryimage"},"image":{"@id":"https:\/\/apuntesdesanluis.com\/index.php\/2024\/02\/09\/imputaron-a-un-joven-por-maltratar-a-un-caballo\/#primaryimage"},"thumbnailUrl":"https:\/\/apuntesdesanluis.com\/wp-content\/uploads\/2024\/02\/caballo.png","datePublished":"2024-02-10T02:53:22+00:00","dateModified":"2024-02-10T02:54:15+00:00","breadcrumb":{"@id":"https:\/\/apuntesdesanluis.com\/index.php\/2024\/02\/09\/imputaron-a-un-joven-por-maltratar-a-un-caballo\/#breadcrumb"},"inLanguage":"es-AR","potentialAction":[{"@type":"ReadAction","target":["https:\/\/apuntesdesanluis.com\/index.php\/2024\/02\/09\/imputaron-a-un-joven-por-maltratar-a-un-caballo\/"]}]},{"@type":"ImageObject","inLanguage":"es-AR","@id":"https:\/\/apuntesdesanluis.com\/index.php\/2024\/02\/09\/imputaron-a-un-joven-por-maltratar-a-un-caballo\/#primaryimage","url":"https:\/\/apuntesdesanluis.com\/wp-content\/uploads\/2024\/02\/caballo.png","contentUrl":"https:\/\/apuntesdesanluis.com\/wp-content\/uploads\/2024\/02\/caballo.png","width":525,"height":324},{"@type":"BreadcrumbList","@id":"https:\/\/apuntesdesanluis.com\/index.php\/2024\/02\/09\/imputaron-a-un-joven-por-maltratar-a-un-caballo\/#breadcrumb","itemListElement":[{"@type":"ListItem","position":1,"name":"Inicio","item":"https:\/\/apuntesdesanluis.com\/"},{"@type":"ListItem","position":2,"name":"IMPUTARON A UN JOVEN POR MALTRATAR A UN CABALLO"}]},{"@type":"WebSite","@id":"https:\/\/apuntesdesanluis.com\/#website","url":"https:\/\/apuntesdesanluis.com\/","name":"Apuntes de San Luis","description":"","publisher":{"@id":"https:\/\/apuntesdesanluis.com\/#\/schema\/person\/b55151d52296fcce64d1a72538a70b90"},"potentialAction":[{"@type":"SearchAction","target":{"@type":"EntryPoint","urlTemplate":"https:\/\/apuntesdesanluis.com\/?s={search_term_string}"},"query-input":{"@type":"PropertyValueSpecification","valueRequired":true,"valueName":"search_term_string"}}],"inLanguage":"es-AR"},{"@type":["Person","Organization"],"@id":"https:\/\/apuntesdesanluis.com\/#\/schema\/person\/b55151d52296fcce64d1a72538a70b90","name":"apuntesdesanluis.com","image":{"@type":"ImageObject","inLanguage":"es-AR","@id":"https:\/\/apuntesdesanluis.com\/#\/schema\/person\/image\/","url":"https:\/\/apuntesdesanluis.com\/wp-content\/uploads\/2023\/07\/cropped-apuntesdesanluis.png","contentUrl":"https:\/\/apuntesdesanluis.com\/wp-content\/uploads\/2023\/07\/cropped-apuntesdesanluis.png","width":450,"height":112,"caption":"apuntesdesanluis.com"},"logo":{"@id":"https:\/\/apuntesdesanluis.com\/#\/schema\/person\/image\/"},"sameAs":["https:\/\/apuntesdesanluis.com"],"url":"https:\/\/apuntesdesanluis.com\/index.php\/author\/apuntesdesanluis-com\/"}]}},"featured_image_urls":{"full":["https:\/\/apuntesdesanluis.com\/wp-content\/uploads\/2024\/02\/caballo.png",525,324,false],"thumbnail":["https:\/\/apuntesdesanluis.com\/wp-content\/uploads\/2024\/02\/caballo-150x150.png",150,150,true],"medium":["https:\/\/apuntesdesanluis.com\/wp-content\/uploads\/2024\/02\/caballo-300x185.png",300,185,true],"medium_large":["https:\/\/apuntesdesanluis.com\/wp-content\/uploads\/2024\/02\/caballo.png",525,324,false],"large":["https:\/\/apuntesdesanluis.com\/wp-content\/uploads\/2024\/02\/caballo.png",525,324,false],"1536x1536":["https:\/\/apuntesdesanluis.com\/wp-content\/uploads\/2024\/02\/caballo.png",525,324,false],"2048x2048":["https:\/\/apuntesdesanluis.com\/wp-content\/uploads\/2024\/02\/caballo.png",525,324,false],"newsever-slider-full":["https:\/\/apuntesdesanluis.com\/wp-content\/uploads\/2024\/02\/caballo.png",525,324,false],"newsever-featured":["https:\/\/apuntesdesanluis.com\/wp-content\/uploads\/2024\/02\/caballo.png",525,324,false],"newsever-medium":["https:\/\/apuntesdesanluis.com\/wp-content\/uploads\/2024\/02\/caballo.png",525,324,false]},"author_info":{"display_name":"apuntesdesanluis.com","author_link":"https:\/\/apuntesdesanluis.com\/index.php\/author\/apuntesdesanluis-com\/"},"category_info":"<a href=\"https:\/\/apuntesdesanluis.com\/index.php\/category\/ciudad-provincia\/\" rel=\"category tag\">Ciudad\/Provincia<\/a>","tag_info":"Ciudad\/Provincia","comment_count":"0","_links":{"self":[{"href":"https:\/\/apuntesdesanluis.com\/index.php\/wp-json\/wp\/v2\/posts\/11574","targetHints":{"allow":["GET"]}}],"collection":[{"href":"https:\/\/apuntesdesanluis.com\/index.php\/wp-json\/wp\/v2\/posts"}],"about":[{"href":"https:\/\/apuntesdesanluis.com\/index.php\/wp-json\/wp\/v2\/types\/post"}],"author":[{"embeddable":true,"href":"https:\/\/apuntesdesanluis.com\/index.php\/wp-json\/wp\/v2\/users\/1"}],"replies":[{"embeddable":true,"href":"https:\/\/apuntesdesanluis.com\/index.php\/wp-json\/wp\/v2\/comments?post=11574"}],"version-history":[{"count":2,"href":"https:\/\/apuntesdesanluis.com\/index.php\/wp-json\/wp\/v2\/posts\/11574\/revisions"}],"predecessor-version":[{"id":11578,"href":"https:\/\/apuntesdesanluis.com\/index.php\/wp-json\/wp\/v2\/posts\/11574\/revisions\/11578"}],"wp:featuredmedia":[{"embeddable":true,"href":"https:\/\/apuntesdesanluis.com\/index.php\/wp-json\/wp\/v2\/media\/11575"}],"wp:attachment":[{"href":"https:\/\/apuntesdesanluis.com\/index.php\/wp-json\/wp\/v2\/media?parent=11574"}],"wp:term":[{"taxonomy":"category","embeddable":true,"href":"https:\/\/apuntesdesanluis.com\/index.php\/wp-json\/wp\/v2\/categories?post=11574"},{"taxonomy":"post_tag","embeddable":true,"href":"https:\/\/apuntesdesanluis.com\/index.php\/wp-json\/wp\/v2\/tags?post=11574"}],"curies":[{"name":"wp","href":"https:\/\/api.w.org\/{rel}","templated":true}]}}