{"id":11598,"date":"2024-02-10T22:28:38","date_gmt":"2024-02-11T01:28:38","guid":{"rendered":"https:\/\/apuntesdesanluis.com\/?p=11598"},"modified":"2024-02-10T22:35:34","modified_gmt":"2024-02-11T01:35:34","slug":"fallecio-la-mujer-policia-que-habia-sufrido-un-accidente-el-miercoles","status":"publish","type":"post","link":"https:\/\/apuntesdesanluis.com\/index.php\/2024\/02\/10\/fallecio-la-mujer-policia-que-habia-sufrido-un-accidente-el-miercoles\/","title":{"rendered":"FALLECI\u00d3 LA MUJER POLIC\u00cdA QUE HAB\u00cdA SUFRIDO UN ACCIDENTE EL MI\u00c9RCOLES"},"content":{"rendered":"<h3>Se trata de la sargento <strong>Cecilia Ben\u00edtez<\/strong>, una de las tres personas que hab\u00edan sido trasladadas de urgencia a ra\u00edz del grave accidente que se produjo el pasado mi\u00e9rcoles 7 en la Autopista 25 de Mayo, a la altura de la rotonda de Aguaditas del Portezuelo.<\/h3>\n<h3>La tremenda colisi\u00f3n tuvo lugar luego de que un Toyota Etios que circulaba desde la ciudad de La Punta hacia la capital puntana, por razones que se desconocen, perdi\u00f3 el control, cruz\u00f3 el cantero central e impact\u00f3 contra un Volkswagen Voyage, el cual termin\u00f3 dado vuelta.<\/h3>\n<h3>El Hospital Ram\u00f3n Carrillo confirm\u00f3 el fallecimiento a trav\u00e9s de un comunicado, en el que detall\u00f3 que la paciente se encontraba internada en la unidad de terapia intensiva (UTI) con pron\u00f3stico reservado desde el mi\u00e9rcoles, hasta su deceso este s\u00e1bado.<\/h3>\n<h3>Respecto a las otras dos implicadas, el parte m\u00e9dico report\u00f3 que se encuentran en sala com\u00fan, evolucionan \u201cfavorablemente\u201d y est\u00e1n con tratamientos por los politraumatismos que presentan.<\/h3>\n<p><img fetchpriority=\"high\" decoding=\"async\" class=\"wp-image-11607 aligncenter\" src=\"https:\/\/apuntesdesanluis.com\/wp-content\/uploads\/2024\/02\/Imagen-de-WhatsApp-2024-02-10-a-las-12.49.24_f296836b-300x300.jpg\" alt=\"\" width=\"560\" height=\"560\" srcset=\"https:\/\/apuntesdesanluis.com\/wp-content\/uploads\/2024\/02\/Imagen-de-WhatsApp-2024-02-10-a-las-12.49.24_f296836b-300x300.jpg 300w, https:\/\/apuntesdesanluis.com\/wp-content\/uploads\/2024\/02\/Imagen-de-WhatsApp-2024-02-10-a-las-12.49.24_f296836b-150x150.jpg 150w, https:\/\/apuntesdesanluis.com\/wp-content\/uploads\/2024\/02\/Imagen-de-WhatsApp-2024-02-10-a-las-12.49.24_f296836b.jpg 600w\" sizes=\"(max-width: 560px) 100vw, 560px\" \/><\/p>\n<p><img decoding=\"async\" class=\"wp-image-11602 aligncenter\" src=\"https:\/\/apuntesdesanluis.com\/wp-content\/uploads\/2024\/02\/Imagen-de-WhatsApp-2024-02-10-a-las-13.23.37_26126af3-300x300.jpg\" alt=\"\" width=\"532\" height=\"532\" srcset=\"https:\/\/apuntesdesanluis.com\/wp-content\/uploads\/2024\/02\/Imagen-de-WhatsApp-2024-02-10-a-las-13.23.37_26126af3-300x300.jpg 300w, https:\/\/apuntesdesanluis.com\/wp-content\/uploads\/2024\/02\/Imagen-de-WhatsApp-2024-02-10-a-las-13.23.37_26126af3-150x150.jpg 150w, https:\/\/apuntesdesanluis.com\/wp-content\/uploads\/2024\/02\/Imagen-de-WhatsApp-2024-02-10-a-las-13.23.37_26126af3.jpg 600w\" sizes=\"(max-width: 532px) 100vw, 532px\" \/><\/p>\n<p><img decoding=\"async\" class=\"wp-image-11603 aligncenter\" src=\"https:\/\/apuntesdesanluis.com\/wp-content\/uploads\/2024\/02\/Imagen-de-WhatsApp-2024-02-10-a-las-14.13.46_51283e83-300x300.jpg\" alt=\"\" width=\"534\" height=\"534\" srcset=\"https:\/\/apuntesdesanluis.com\/wp-content\/uploads\/2024\/02\/Imagen-de-WhatsApp-2024-02-10-a-las-14.13.46_51283e83-300x300.jpg 300w, https:\/\/apuntesdesanluis.com\/wp-content\/uploads\/2024\/02\/Imagen-de-WhatsApp-2024-02-10-a-las-14.13.46_51283e83-150x150.jpg 150w, https:\/\/apuntesdesanluis.com\/wp-content\/uploads\/2024\/02\/Imagen-de-WhatsApp-2024-02-10-a-las-14.13.46_51283e83.jpg 600w\" sizes=\"(max-width: 534px) 100vw, 534px\" \/><\/p>\n<p><img loading=\"lazy\" decoding=\"async\" class=\"wp-image-11605 aligncenter\" src=\"https:\/\/apuntesdesanluis.com\/wp-content\/uploads\/2024\/02\/Imagen-de-WhatsApp-2024-02-10-a-las-14.16.50_51515be6-213x300.jpg\" alt=\"\" width=\"531\" height=\"748\" srcset=\"https:\/\/apuntesdesanluis.com\/wp-content\/uploads\/2024\/02\/Imagen-de-WhatsApp-2024-02-10-a-las-14.16.50_51515be6-213x300.jpg 213w, https:\/\/apuntesdesanluis.com\/wp-content\/uploads\/2024\/02\/Imagen-de-WhatsApp-2024-02-10-a-las-14.16.50_51515be6.jpg 600w\" sizes=\"(max-width: 531px) 100vw, 531px\" \/><\/p>\n<p>&nbsp;<\/p>\n<p>&nbsp;<\/p>\n<p>&nbsp;<\/p>\n<p>&nbsp;<\/p>\n<p>&nbsp;<\/p>\n<p>&nbsp;<\/p>\n","protected":false},"excerpt":{"rendered":"<p>Se trata de la sargento Cecilia Ben\u00edtez, una de las tres personas que hab\u00edan sido&#8230;<\/p>\n","protected":false},"author":1,"featured_media":11600,"comment_status":"closed","ping_status":"closed","sticky":false,"template":"","format":"standard","meta":{"footnotes":""},"categories":[6],"tags":[],"class_list":["post-11598","post","type-post","status-publish","format-standard","has-post-thumbnail","hentry","category-ciudad-provincia"],"yoast_head":"<!-- This site is optimized with the Yoast SEO plugin v26.1.1 - https:\/\/yoast.com\/wordpress\/plugins\/seo\/ -->\n<title>FALLECI\u00d3 LA MUJER POLIC\u00cdA QUE HAB\u00cdA SUFRIDO UN ACCIDENTE EL MI\u00c9RCOLES - Apuntes de San Luis<\/title>\n<meta name=\"robots\" content=\"index, follow, max-snippet:-1, max-image-preview:large, max-video-preview:-1\" \/>\n<link rel=\"canonical\" href=\"https:\/\/apuntesdesanluis.com\/index.php\/2024\/02\/10\/fallecio-la-mujer-policia-que-habia-sufrido-un-accidente-el-miercoles\/\" \/>\n<meta property=\"og:locale\" content=\"es_ES\" \/>\n<meta property=\"og:type\" content=\"article\" \/>\n<meta property=\"og:title\" content=\"FALLECI\u00d3 LA MUJER POLIC\u00cdA QUE HAB\u00cdA SUFRIDO UN ACCIDENTE EL MI\u00c9RCOLES - Apuntes de San Luis\" \/>\n<meta property=\"og:description\" content=\"Se trata de la sargento Cecilia Ben\u00edtez, una de las tres personas que hab\u00edan sido...\" \/>\n<meta property=\"og:url\" content=\"https:\/\/apuntesdesanluis.com\/index.php\/2024\/02\/10\/fallecio-la-mujer-policia-que-habia-sufrido-un-accidente-el-miercoles\/\" \/>\n<meta property=\"og:site_name\" content=\"Apuntes de San Luis\" \/>\n<meta property=\"article:published_time\" content=\"2024-02-11T01:28:38+00:00\" \/>\n<meta property=\"article:modified_time\" content=\"2024-02-11T01:35:34+00:00\" \/>\n<meta property=\"og:image\" content=\"https:\/\/apuntesdesanluis.com\/wp-content\/uploads\/2024\/02\/auto-volcado-1.png\" \/>\n\t<meta property=\"og:image:width\" content=\"600\" \/>\n\t<meta property=\"og:image:height\" content=\"341\" \/>\n\t<meta property=\"og:image:type\" content=\"image\/png\" \/>\n<meta name=\"author\" content=\"apuntesdesanluis.com\" \/>\n<meta name=\"twitter:card\" content=\"summary_large_image\" \/>\n<meta name=\"twitter:label1\" content=\"Escrito por\" \/>\n\t<meta name=\"twitter:data1\" content=\"apuntesdesanluis.com\" \/>\n\t<meta name=\"twitter:label2\" content=\"Tiempo de lectura\" \/>\n\t<meta name=\"twitter:data2\" content=\"2 minutos\" \/>\n<script type=\"application\/ld+json\" class=\"yoast-schema-graph\">{\"@context\":\"https:\/\/schema.org\",\"@graph\":[{\"@type\":\"Article\",\"@id\":\"https:\/\/apuntesdesanluis.com\/index.php\/2024\/02\/10\/fallecio-la-mujer-policia-que-habia-sufrido-un-accidente-el-miercoles\/#article\",\"isPartOf\":{\"@id\":\"https:\/\/apuntesdesanluis.com\/index.php\/2024\/02\/10\/fallecio-la-mujer-policia-que-habia-sufrido-un-accidente-el-miercoles\/\"},\"author\":{\"name\":\"apuntesdesanluis.com\",\"@id\":\"https:\/\/apuntesdesanluis.com\/#\/schema\/person\/b55151d52296fcce64d1a72538a70b90\"},\"headline\":\"FALLECI\u00d3 LA MUJER POLIC\u00cdA QUE HAB\u00cdA SUFRIDO UN ACCIDENTE EL MI\u00c9RCOLES\",\"datePublished\":\"2024-02-11T01:28:38+00:00\",\"dateModified\":\"2024-02-11T01:35:34+00:00\",\"mainEntityOfPage\":{\"@id\":\"https:\/\/apuntesdesanluis.com\/index.php\/2024\/02\/10\/fallecio-la-mujer-policia-que-habia-sufrido-un-accidente-el-miercoles\/\"},\"wordCount\":190,\"publisher\":{\"@id\":\"https:\/\/apuntesdesanluis.com\/#\/schema\/person\/b55151d52296fcce64d1a72538a70b90\"},\"image\":{\"@id\":\"https:\/\/apuntesdesanluis.com\/index.php\/2024\/02\/10\/fallecio-la-mujer-policia-que-habia-sufrido-un-accidente-el-miercoles\/#primaryimage\"},\"thumbnailUrl\":\"https:\/\/apuntesdesanluis.com\/wp-content\/uploads\/2024\/02\/auto-volcado-1.png\",\"articleSection\":[\"Ciudad\/Provincia\"],\"inLanguage\":\"es-AR\"},{\"@type\":\"WebPage\",\"@id\":\"https:\/\/apuntesdesanluis.com\/index.php\/2024\/02\/10\/fallecio-la-mujer-policia-que-habia-sufrido-un-accidente-el-miercoles\/\",\"url\":\"https:\/\/apuntesdesanluis.com\/index.php\/2024\/02\/10\/fallecio-la-mujer-policia-que-habia-sufrido-un-accidente-el-miercoles\/\",\"name\":\"FALLECI\u00d3 LA MUJER POLIC\u00cdA QUE HAB\u00cdA SUFRIDO UN ACCIDENTE EL MI\u00c9RCOLES - Apuntes de San Luis\",\"isPartOf\":{\"@id\":\"https:\/\/apuntesdesanluis.com\/#website\"},\"primaryImageOfPage\":{\"@id\":\"https:\/\/apuntesdesanluis.com\/index.php\/2024\/02\/10\/fallecio-la-mujer-policia-que-habia-sufrido-un-accidente-el-miercoles\/#primaryimage\"},\"image\":{\"@id\":\"https:\/\/apuntesdesanluis.com\/index.php\/2024\/02\/10\/fallecio-la-mujer-policia-que-habia-sufrido-un-accidente-el-miercoles\/#primaryimage\"},\"thumbnailUrl\":\"https:\/\/apuntesdesanluis.com\/wp-content\/uploads\/2024\/02\/auto-volcado-1.png\",\"datePublished\":\"2024-02-11T01:28:38+00:00\",\"dateModified\":\"2024-02-11T01:35:34+00:00\",\"breadcrumb\":{\"@id\":\"https:\/\/apuntesdesanluis.com\/index.php\/2024\/02\/10\/fallecio-la-mujer-policia-que-habia-sufrido-un-accidente-el-miercoles\/#breadcrumb\"},\"inLanguage\":\"es-AR\",\"potentialAction\":[{\"@type\":\"ReadAction\",\"target\":[\"https:\/\/apuntesdesanluis.com\/index.php\/2024\/02\/10\/fallecio-la-mujer-policia-que-habia-sufrido-un-accidente-el-miercoles\/\"]}]},{\"@type\":\"ImageObject\",\"inLanguage\":\"es-AR\",\"@id\":\"https:\/\/apuntesdesanluis.com\/index.php\/2024\/02\/10\/fallecio-la-mujer-policia-que-habia-sufrido-un-accidente-el-miercoles\/#primaryimage\",\"url\":\"https:\/\/apuntesdesanluis.com\/wp-content\/uploads\/2024\/02\/auto-volcado-1.png\",\"contentUrl\":\"https:\/\/apuntesdesanluis.com\/wp-content\/uploads\/2024\/02\/auto-volcado-1.png\",\"width\":600,\"height\":341},{\"@type\":\"BreadcrumbList\",\"@id\":\"https:\/\/apuntesdesanluis.com\/index.php\/2024\/02\/10\/fallecio-la-mujer-policia-que-habia-sufrido-un-accidente-el-miercoles\/#breadcrumb\",\"itemListElement\":[{\"@type\":\"ListItem\",\"position\":1,\"name\":\"Inicio\",\"item\":\"https:\/\/apuntesdesanluis.com\/\"},{\"@type\":\"ListItem\",\"position\":2,\"name\":\"FALLECI\u00d3 LA MUJER POLIC\u00cdA QUE HAB\u00cdA SUFRIDO UN ACCIDENTE EL MI\u00c9RCOLES\"}]},{\"@type\":\"WebSite\",\"@id\":\"https:\/\/apuntesdesanluis.com\/#website\",\"url\":\"https:\/\/apuntesdesanluis.com\/\",\"name\":\"Apuntes de San Luis\",\"description\":\"\",\"publisher\":{\"@id\":\"https:\/\/apuntesdesanluis.com\/#\/schema\/person\/b55151d52296fcce64d1a72538a70b90\"},\"potentialAction\":[{\"@type\":\"SearchAction\",\"target\":{\"@type\":\"EntryPoint\",\"urlTemplate\":\"https:\/\/apuntesdesanluis.com\/?s={search_term_string}\"},\"query-input\":{\"@type\":\"PropertyValueSpecification\",\"valueRequired\":true,\"valueName\":\"search_term_string\"}}],\"inLanguage\":\"es-AR\"},{\"@type\":[\"Person\",\"Organization\"],\"@id\":\"https:\/\/apuntesdesanluis.com\/#\/schema\/person\/b55151d52296fcce64d1a72538a70b90\",\"name\":\"apuntesdesanluis.com\",\"image\":{\"@type\":\"ImageObject\",\"inLanguage\":\"es-AR\",\"@id\":\"https:\/\/apuntesdesanluis.com\/#\/schema\/person\/image\/\",\"url\":\"https:\/\/apuntesdesanluis.com\/wp-content\/uploads\/2023\/07\/cropped-apuntesdesanluis.png\",\"contentUrl\":\"https:\/\/apuntesdesanluis.com\/wp-content\/uploads\/2023\/07\/cropped-apuntesdesanluis.png\",\"width\":450,\"height\":112,\"caption\":\"apuntesdesanluis.com\"},\"logo\":{\"@id\":\"https:\/\/apuntesdesanluis.com\/#\/schema\/person\/image\/\"},\"sameAs\":[\"https:\/\/apuntesdesanluis.com\"],\"url\":\"https:\/\/apuntesdesanluis.com\/index.php\/author\/apuntesdesanluis-com\/\"}]}<\/script>\n<!-- \/ Yoast SEO plugin. -->","yoast_head_json":{"title":"FALLECI\u00d3 LA MUJER POLIC\u00cdA QUE HAB\u00cdA SUFRIDO UN ACCIDENTE EL MI\u00c9RCOLES - Apuntes de San Luis","robots":{"index":"index","follow":"follow","max-snippet":"max-snippet:-1","max-image-preview":"max-image-preview:large","max-video-preview":"max-video-preview:-1"},"canonical":"https:\/\/apuntesdesanluis.com\/index.php\/2024\/02\/10\/fallecio-la-mujer-policia-que-habia-sufrido-un-accidente-el-miercoles\/","og_locale":"es_ES","og_type":"article","og_title":"FALLECI\u00d3 LA MUJER POLIC\u00cdA QUE HAB\u00cdA SUFRIDO UN ACCIDENTE EL MI\u00c9RCOLES - Apuntes de San Luis","og_description":"Se trata de la sargento Cecilia Ben\u00edtez, una de las tres personas que hab\u00edan sido...","og_url":"https:\/\/apuntesdesanluis.com\/index.php\/2024\/02\/10\/fallecio-la-mujer-policia-que-habia-sufrido-un-accidente-el-miercoles\/","og_site_name":"Apuntes de San Luis","article_published_time":"2024-02-11T01:28:38+00:00","article_modified_time":"2024-02-11T01:35:34+00:00","og_image":[{"width":600,"height":341,"url":"https:\/\/apuntesdesanluis.com\/wp-content\/uploads\/2024\/02\/auto-volcado-1.png","type":"image\/png"}],"author":"apuntesdesanluis.com","twitter_card":"summary_large_image","twitter_misc":{"Escrito por":"apuntesdesanluis.com","Tiempo de lectura":"2 minutos"},"schema":{"@context":"https:\/\/schema.org","@graph":[{"@type":"Article","@id":"https:\/\/apuntesdesanluis.com\/index.php\/2024\/02\/10\/fallecio-la-mujer-policia-que-habia-sufrido-un-accidente-el-miercoles\/#article","isPartOf":{"@id":"https:\/\/apuntesdesanluis.com\/index.php\/2024\/02\/10\/fallecio-la-mujer-policia-que-habia-sufrido-un-accidente-el-miercoles\/"},"author":{"name":"apuntesdesanluis.com","@id":"https:\/\/apuntesdesanluis.com\/#\/schema\/person\/b55151d52296fcce64d1a72538a70b90"},"headline":"FALLECI\u00d3 LA MUJER POLIC\u00cdA QUE HAB\u00cdA SUFRIDO UN ACCIDENTE EL MI\u00c9RCOLES","datePublished":"2024-02-11T01:28:38+00:00","dateModified":"2024-02-11T01:35:34+00:00","mainEntityOfPage":{"@id":"https:\/\/apuntesdesanluis.com\/index.php\/2024\/02\/10\/fallecio-la-mujer-policia-que-habia-sufrido-un-accidente-el-miercoles\/"},"wordCount":190,"publisher":{"@id":"https:\/\/apuntesdesanluis.com\/#\/schema\/person\/b55151d52296fcce64d1a72538a70b90"},"image":{"@id":"https:\/\/apuntesdesanluis.com\/index.php\/2024\/02\/10\/fallecio-la-mujer-policia-que-habia-sufrido-un-accidente-el-miercoles\/#primaryimage"},"thumbnailUrl":"https:\/\/apuntesdesanluis.com\/wp-content\/uploads\/2024\/02\/auto-volcado-1.png","articleSection":["Ciudad\/Provincia"],"inLanguage":"es-AR"},{"@type":"WebPage","@id":"https:\/\/apuntesdesanluis.com\/index.php\/2024\/02\/10\/fallecio-la-mujer-policia-que-habia-sufrido-un-accidente-el-miercoles\/","url":"https:\/\/apuntesdesanluis.com\/index.php\/2024\/02\/10\/fallecio-la-mujer-policia-que-habia-sufrido-un-accidente-el-miercoles\/","name":"FALLECI\u00d3 LA MUJER POLIC\u00cdA QUE HAB\u00cdA SUFRIDO UN ACCIDENTE EL MI\u00c9RCOLES - Apuntes de San Luis","isPartOf":{"@id":"https:\/\/apuntesdesanluis.com\/#website"},"primaryImageOfPage":{"@id":"https:\/\/apuntesdesanluis.com\/index.php\/2024\/02\/10\/fallecio-la-mujer-policia-que-habia-sufrido-un-accidente-el-miercoles\/#primaryimage"},"image":{"@id":"https:\/\/apuntesdesanluis.com\/index.php\/2024\/02\/10\/fallecio-la-mujer-policia-que-habia-sufrido-un-accidente-el-miercoles\/#primaryimage"},"thumbnailUrl":"https:\/\/apuntesdesanluis.com\/wp-content\/uploads\/2024\/02\/auto-volcado-1.png","datePublished":"2024-02-11T01:28:38+00:00","dateModified":"2024-02-11T01:35:34+00:00","breadcrumb":{"@id":"https:\/\/apuntesdesanluis.com\/index.php\/2024\/02\/10\/fallecio-la-mujer-policia-que-habia-sufrido-un-accidente-el-miercoles\/#breadcrumb"},"inLanguage":"es-AR","potentialAction":[{"@type":"ReadAction","target":["https:\/\/apuntesdesanluis.com\/index.php\/2024\/02\/10\/fallecio-la-mujer-policia-que-habia-sufrido-un-accidente-el-miercoles\/"]}]},{"@type":"ImageObject","inLanguage":"es-AR","@id":"https:\/\/apuntesdesanluis.com\/index.php\/2024\/02\/10\/fallecio-la-mujer-policia-que-habia-sufrido-un-accidente-el-miercoles\/#primaryimage","url":"https:\/\/apuntesdesanluis.com\/wp-content\/uploads\/2024\/02\/auto-volcado-1.png","contentUrl":"https:\/\/apuntesdesanluis.com\/wp-content\/uploads\/2024\/02\/auto-volcado-1.png","width":600,"height":341},{"@type":"BreadcrumbList","@id":"https:\/\/apuntesdesanluis.com\/index.php\/2024\/02\/10\/fallecio-la-mujer-policia-que-habia-sufrido-un-accidente-el-miercoles\/#breadcrumb","itemListElement":[{"@type":"ListItem","position":1,"name":"Inicio","item":"https:\/\/apuntesdesanluis.com\/"},{"@type":"ListItem","position":2,"name":"FALLECI\u00d3 LA MUJER POLIC\u00cdA QUE HAB\u00cdA SUFRIDO UN ACCIDENTE EL MI\u00c9RCOLES"}]},{"@type":"WebSite","@id":"https:\/\/apuntesdesanluis.com\/#website","url":"https:\/\/apuntesdesanluis.com\/","name":"Apuntes de San Luis","description":"","publisher":{"@id":"https:\/\/apuntesdesanluis.com\/#\/schema\/person\/b55151d52296fcce64d1a72538a70b90"},"potentialAction":[{"@type":"SearchAction","target":{"@type":"EntryPoint","urlTemplate":"https:\/\/apuntesdesanluis.com\/?s={search_term_string}"},"query-input":{"@type":"PropertyValueSpecification","valueRequired":true,"valueName":"search_term_string"}}],"inLanguage":"es-AR"},{"@type":["Person","Organization"],"@id":"https:\/\/apuntesdesanluis.com\/#\/schema\/person\/b55151d52296fcce64d1a72538a70b90","name":"apuntesdesanluis.com","image":{"@type":"ImageObject","inLanguage":"es-AR","@id":"https:\/\/apuntesdesanluis.com\/#\/schema\/person\/image\/","url":"https:\/\/apuntesdesanluis.com\/wp-content\/uploads\/2023\/07\/cropped-apuntesdesanluis.png","contentUrl":"https:\/\/apuntesdesanluis.com\/wp-content\/uploads\/2023\/07\/cropped-apuntesdesanluis.png","width":450,"height":112,"caption":"apuntesdesanluis.com"},"logo":{"@id":"https:\/\/apuntesdesanluis.com\/#\/schema\/person\/image\/"},"sameAs":["https:\/\/apuntesdesanluis.com"],"url":"https:\/\/apuntesdesanluis.com\/index.php\/author\/apuntesdesanluis-com\/"}]}},"featured_image_urls":{"full":["https:\/\/apuntesdesanluis.com\/wp-content\/uploads\/2024\/02\/auto-volcado-1.png",600,341,false],"thumbnail":["https:\/\/apuntesdesanluis.com\/wp-content\/uploads\/2024\/02\/auto-volcado-1-150x150.png",150,150,true],"medium":["https:\/\/apuntesdesanluis.com\/wp-content\/uploads\/2024\/02\/auto-volcado-1-300x171.png",300,171,true],"medium_large":["https:\/\/apuntesdesanluis.com\/wp-content\/uploads\/2024\/02\/auto-volcado-1.png",600,341,false],"large":["https:\/\/apuntesdesanluis.com\/wp-content\/uploads\/2024\/02\/auto-volcado-1.png",600,341,false],"1536x1536":["https:\/\/apuntesdesanluis.com\/wp-content\/uploads\/2024\/02\/auto-volcado-1.png",600,341,false],"2048x2048":["https:\/\/apuntesdesanluis.com\/wp-content\/uploads\/2024\/02\/auto-volcado-1.png",600,341,false],"newsever-slider-full":["https:\/\/apuntesdesanluis.com\/wp-content\/uploads\/2024\/02\/auto-volcado-1.png",600,341,false],"newsever-featured":["https:\/\/apuntesdesanluis.com\/wp-content\/uploads\/2024\/02\/auto-volcado-1.png",600,341,false],"newsever-medium":["https:\/\/apuntesdesanluis.com\/wp-content\/uploads\/2024\/02\/auto-volcado-1.png",600,341,false]},"author_info":{"display_name":"apuntesdesanluis.com","author_link":"https:\/\/apuntesdesanluis.com\/index.php\/author\/apuntesdesanluis-com\/"},"category_info":"<a href=\"https:\/\/apuntesdesanluis.com\/index.php\/category\/ciudad-provincia\/\" rel=\"category tag\">Ciudad\/Provincia<\/a>","tag_info":"Ciudad\/Provincia","comment_count":"0","_links":{"self":[{"href":"https:\/\/apuntesdesanluis.com\/index.php\/wp-json\/wp\/v2\/posts\/11598","targetHints":{"allow":["GET"]}}],"collection":[{"href":"https:\/\/apuntesdesanluis.com\/index.php\/wp-json\/wp\/v2\/posts"}],"about":[{"href":"https:\/\/apuntesdesanluis.com\/index.php\/wp-json\/wp\/v2\/types\/post"}],"author":[{"embeddable":true,"href":"https:\/\/apuntesdesanluis.com\/index.php\/wp-json\/wp\/v2\/users\/1"}],"replies":[{"embeddable":true,"href":"https:\/\/apuntesdesanluis.com\/index.php\/wp-json\/wp\/v2\/comments?post=11598"}],"version-history":[{"count":3,"href":"https:\/\/apuntesdesanluis.com\/index.php\/wp-json\/wp\/v2\/posts\/11598\/revisions"}],"predecessor-version":[{"id":11608,"href":"https:\/\/apuntesdesanluis.com\/index.php\/wp-json\/wp\/v2\/posts\/11598\/revisions\/11608"}],"wp:featuredmedia":[{"embeddable":true,"href":"https:\/\/apuntesdesanluis.com\/index.php\/wp-json\/wp\/v2\/media\/11600"}],"wp:attachment":[{"href":"https:\/\/apuntesdesanluis.com\/index.php\/wp-json\/wp\/v2\/media?parent=11598"}],"wp:term":[{"taxonomy":"category","embeddable":true,"href":"https:\/\/apuntesdesanluis.com\/index.php\/wp-json\/wp\/v2\/categories?post=11598"},{"taxonomy":"post_tag","embeddable":true,"href":"https:\/\/apuntesdesanluis.com\/index.php\/wp-json\/wp\/v2\/tags?post=11598"}],"curies":[{"name":"wp","href":"https:\/\/api.w.org\/{rel}","templated":true}]}}