{"id":11609,"date":"2024-02-10T10:53:40","date_gmt":"2024-02-10T13:53:40","guid":{"rendered":"https:\/\/apuntesdesanluis.com\/?p=11609"},"modified":"2024-02-11T00:03:54","modified_gmt":"2024-02-11T03:03:54","slug":"sigue-la-novela-el-gobierno-cedio-y-la-afa-levanto-la-suspension-de-la-liga-sanluisena-de-futbol","status":"publish","type":"post","link":"https:\/\/apuntesdesanluis.com\/index.php\/2024\/02\/10\/sigue-la-novela-el-gobierno-cedio-y-la-afa-levanto-la-suspension-de-la-liga-sanluisena-de-futbol\/","title":{"rendered":"SIGUE LA NOVELA: EL GOBIERNO CEDI\u00d3 Y LA AFA LEVANT\u00d3 LA SUSPENSI\u00d3N DE LA LIGA SANLUISE\u00d1A DE F\u00daTBOL"},"content":{"rendered":"<h3>El gobierno provincial debi\u00f3 resignar las facultades que le hab\u00eda dado a la Direcci\u00f3n de Personas Jur\u00eddicas tras intervenir al <strong>San Luis FC<\/strong>, y entregar las atribuciones al <strong>Consejo Federal de la AFA<\/strong> como ente normalizador, para destrabar el conflicto que hac\u00eda peligrar la participaci\u00f3n de los clubes sanluise\u00f1os en los torneos organizados por el m\u00e1ximo ente rector del futbol argentino.<\/h3>\n<h3>La Direcci\u00f3n de Personas Jur\u00eddicas emiti\u00f3 una resoluci\u00f3n en la que dispuso el levantamiento de la intervenci\u00f3n sobre la instituci\u00f3n de f\u00fatbol femenino y design\u00f3 como ente normalizador por 180 d\u00edas h\u00e1biles al Consejo Federal de F\u00fatbol, organismo que parad\u00f3jicamente integra la ex funcionaria de Alberto Rodr\u00edguez Sa\u00e1 y ex presidente del club, <strong>Cintia Ram\u00edrez<\/strong>.<\/h3>\n<p><img fetchpriority=\"high\" decoding=\"async\" class=\"wp-image-11613 aligncenter\" src=\"https:\/\/apuntesdesanluis.com\/wp-content\/uploads\/2024\/02\/CINTIA-300x198.png\" alt=\"\" width=\"583\" height=\"385\" srcset=\"https:\/\/apuntesdesanluis.com\/wp-content\/uploads\/2024\/02\/CINTIA-300x198.png 300w, https:\/\/apuntesdesanluis.com\/wp-content\/uploads\/2024\/02\/CINTIA.png 588w\" sizes=\"(max-width: 583px) 100vw, 583px\" \/><\/p>\n<h3>Como se recordar\u00e1, el lunes 22 de enero la AFA dio a conocer el Despacho N\u00b0 12.691 fundado en la necesidad de la integraci\u00f3n de los diferentes Departamentos creados en el \u00e1mbito del Consejo Federal del F\u00fatbol Argentino, en los t\u00e9rminos del Reglamento General, y design\u00f3 a la pol\u00e9mica funcionaria como vicepresidenta del Departamento del Torneo Federal \u201cA\u201d para la temporada 2024.<\/h3>\n<h3>Como inform\u00f3 <span style=\"color: #000000;\"><strong>Apuntes de San Luis<\/strong><\/span>, result\u00f3 sugestivo que la AFA le asignara un lugar de tanta preeminencia a un representante de una Liga de F\u00fatbol a la que el mismo ente rector hab\u00eda suspendido, y antes que un fallo judicial aclarara su responsabilidad penal. En Terrazas del Portezuelo la designaci\u00f3n fue interpretada como un \u201capriete\u201d y, a la luz de lo dispuesto, dio resultado.<\/h3>\n<h3>El pasado 25 de enero este medio hab\u00eda informado la decisi\u00f3n del gobierno de San Luis de &#8220;dar por terminada la intervenci\u00f3n&#8221;, justificando la medida en el hallazgo del colectivo usado que hab\u00eda adquirido Cintia Ramirez, pagando supuesto sobreprecio. Y que era un hecho que la AFA dejar\u00eda sin efecto, a su vez, la desafiliaci\u00f3n de la liga sanluise\u00f1a. <span style=\"color: #000000;\"><strong>(Ver nota relacionada)<\/strong><\/span><\/h3>\n<h3><strong>RESOLUCI\u00d3N<\/strong><\/h3>\n<h3>De todos modos, lo que en el gobierno no imaginaban ser\u00eda la condici\u00f3n (exigencia) que impondr\u00eda AFA, para dejar sin efecto el castigo: nada menos que sacar de juego a la provincia y tomar el control de la intervenci\u00f3n, que es lo que en definitiva sucedi\u00f3.<\/h3>\n<h3>En la extensa resoluci\u00f3n de la Direcci\u00f3n de Personas Jur\u00eddicas N\u00b0 035 -2024, con fecha del 7 de febrero y publicada el viernes 9 en el Bolet\u00edn Oficial, se hace un repaso por diversos aspectos de la intervenci\u00f3n, que hab\u00eda convocado a una asamblea normalizadora para el 2 de febrero, con el objetivo de designar las nueva autoridades.<\/h3>\n<h3>\u201cQue fs. 306 obra acta de asamblea de oficio en la que consta que transcurrida una hora desde la fijada para la celebraci\u00f3n de la asamblea, no se han presentado asociados, por lo que ante la imposibilidad de llevar adelante dicho acto se da por finalizada. La entidad se encuentra sin autoridades que la gestionen por el fracaso de la asamblea; siendo necesario finalizar el proceso de intervenci\u00f3n administrativa\u201d, dice parte de la resoluci\u00f3n.<\/h3>\n<h3>Por otra parte, Direcci\u00f3n de Personas Jur\u00eddicas argumenta hacia el final de la resoluci\u00f3n el motivo por el que el Consejo Federal del F\u00fatbol debe ser el ente normalizador del club. Afirma que San Luis FC al ser una asociaci\u00f3n civil dedicada al f\u00fatbol, \u201cse encuentra asociada a una entidad de grado superior, que posee conocimiento acabado sobre las pr\u00e1cticas deportivas y el funcionamiento interno de la misma, (por lo cual) es conveniente que sea esta persona jur\u00eddica quien la normalice\u201d.<\/h3>\n<h3><strong>SE LEVANTA EL CASTIGO PERO LA AFA TOMA EL CONTROL<\/strong><\/h3>\n<h3>El pasado viernes 9 el Consejo Federal de F\u00fatbol dispuso el cese de la suspensi\u00f3n sobre la <strong>Liga Sanluise\u00f1a<\/strong> que hab\u00eda resuelto en enero. Por lo tanto, los equipos sanluise\u00f1os podr\u00e1n participar de las competencias de la Asociaci\u00f3n del F\u00fatbol Argentino (AFA), que preside <strong>Chiqui Tapia<\/strong>.<\/h3>\n<h3>\u201cComunicamos por medio de la presente el cese de la suspensi\u00f3n de afiliaci\u00f3n oportunamente dispuesta por el Consejo Federal, adquiriendo plena vigencia los derechos como miembro AFA a partir de la notificaci\u00f3n de la presente. Asimismo, solicitamos que por intermedio de la Liga Sanluise\u00f1a de F\u00fatbol se comunique a la Direcci\u00f3n de Personas Jur\u00eddicas de lo aqu\u00ed dispuesto\u201d, dice parte de la nota firmada por el presidente secretario general del Concejo Federal, Javier Treuque.<\/h3>\n<h3><img decoding=\"async\" class=\"wp-image-11610 aligncenter\" src=\"https:\/\/apuntesdesanluis.com\/wp-content\/uploads\/2024\/02\/cese-suspension-300x157.png\" alt=\"\" width=\"571\" height=\"299\" srcset=\"https:\/\/apuntesdesanluis.com\/wp-content\/uploads\/2024\/02\/cese-suspension-300x157.png 300w, https:\/\/apuntesdesanluis.com\/wp-content\/uploads\/2024\/02\/cese-suspension.png 600w\" sizes=\"(max-width: 571px) 100vw, 571px\" \/><\/h3>\n<h3>El Consejo Federal deber\u00e1 definir las personas que integrar\u00e1n el comit\u00e9 normalizador que manejar\u00e1 el club por 180 d\u00edas. Dentro del plazo mencionado se deber\u00e1 convocar a asamblea de socios para la elecci\u00f3n de autoridades. Ser\u00eda el colmo que se presentara como candidata a presidenta de San Luis FC Cintia Ram\u00edrez, quien ser\u00e1 indagada por la justicia en los pr\u00f3ximos d\u00edas, pero en el contexto de este culebr\u00f3n no habr\u00eda que descartarlo.<\/h3>\n<h3>Hay quienes incluso sospechan que a pesar de las denuncias que pesan sobre la funcionaria, el manto protector que pareciera tener podr\u00eda tambi\u00e9n cubrirla de eventuales responsabilidades penales y terminar saliendo absuelta de todos los cargos&#8230;<\/h3>\n<p>&nbsp;<\/p>\n<h3><span style=\"color: #3366ff;\"><strong>NOTA RELACIONADA:<\/strong><\/span><\/h3>\n<p><a href=\"https:\/\/apuntesdesanluis.com\/index.php\/2024\/01\/25\/levantaron-la-intervencion-del-san-luis-fc-y-la-afa-haria-lo-propio-con-la-suspension-a-la-liga\/\" target=\"_blank\" rel=\"noopener\"><img decoding=\"async\" class=\"alignnone wp-image-11612\" src=\"https:\/\/apuntesdesanluis.com\/wp-content\/uploads\/2024\/02\/POSTEO-5-300x220.png\" alt=\"\" width=\"466\" height=\"342\" srcset=\"https:\/\/apuntesdesanluis.com\/wp-content\/uploads\/2024\/02\/POSTEO-5-300x220.png 300w, https:\/\/apuntesdesanluis.com\/wp-content\/uploads\/2024\/02\/POSTEO-5.png 643w\" sizes=\"(max-width: 466px) 100vw, 466px\" \/><\/a><\/p>\n<p>&nbsp;<\/p>\n<p>&nbsp;<\/p>\n<p>&nbsp;<\/p>\n","protected":false},"excerpt":{"rendered":"<p>El gobierno provincial debi\u00f3 resignar las facultades que le hab\u00eda dado a la Direcci\u00f3n de&#8230;<\/p>\n","protected":false},"author":1,"featured_media":11611,"comment_status":"closed","ping_status":"closed","sticky":false,"template":"","format":"standard","meta":{"footnotes":""},"categories":[6],"tags":[],"class_list":["post-11609","post","type-post","status-publish","format-standard","has-post-thumbnail","hentry","category-ciudad-provincia"],"yoast_head":"<!-- This site is optimized with the Yoast SEO plugin v26.1.1 - https:\/\/yoast.com\/wordpress\/plugins\/seo\/ -->\n<title>SIGUE LA NOVELA: EL GOBIERNO CEDI\u00d3 Y LA AFA LEVANT\u00d3 LA SUSPENSI\u00d3N DE LA LIGA SANLUISE\u00d1A DE F\u00daTBOL - Apuntes de San Luis<\/title>\n<meta name=\"robots\" content=\"index, follow, max-snippet:-1, max-image-preview:large, max-video-preview:-1\" \/>\n<link rel=\"canonical\" href=\"https:\/\/apuntesdesanluis.com\/index.php\/2024\/02\/10\/sigue-la-novela-el-gobierno-cedio-y-la-afa-levanto-la-suspension-de-la-liga-sanluisena-de-futbol\/\" \/>\n<meta property=\"og:locale\" content=\"es_ES\" \/>\n<meta property=\"og:type\" content=\"article\" \/>\n<meta property=\"og:title\" content=\"SIGUE LA NOVELA: EL GOBIERNO CEDI\u00d3 Y LA AFA LEVANT\u00d3 LA SUSPENSI\u00d3N DE LA LIGA SANLUISE\u00d1A DE F\u00daTBOL - Apuntes de San Luis\" \/>\n<meta property=\"og:description\" content=\"El gobierno provincial debi\u00f3 resignar las facultades que le hab\u00eda dado a la Direcci\u00f3n de...\" \/>\n<meta property=\"og:url\" content=\"https:\/\/apuntesdesanluis.com\/index.php\/2024\/02\/10\/sigue-la-novela-el-gobierno-cedio-y-la-afa-levanto-la-suspension-de-la-liga-sanluisena-de-futbol\/\" \/>\n<meta property=\"og:site_name\" content=\"Apuntes de San Luis\" \/>\n<meta property=\"article:published_time\" content=\"2024-02-10T13:53:40+00:00\" \/>\n<meta property=\"article:modified_time\" content=\"2024-02-11T03:03:54+00:00\" \/>\n<meta property=\"og:image\" content=\"https:\/\/apuntesdesanluis.com\/wp-content\/uploads\/2024\/02\/CHIQUI-Y-CINTIA.png\" \/>\n\t<meta property=\"og:image:width\" content=\"532\" \/>\n\t<meta property=\"og:image:height\" content=\"304\" \/>\n\t<meta property=\"og:image:type\" content=\"image\/png\" \/>\n<meta name=\"author\" content=\"apuntesdesanluis.com\" \/>\n<meta name=\"twitter:card\" content=\"summary_large_image\" \/>\n<meta name=\"twitter:label1\" content=\"Escrito por\" \/>\n\t<meta name=\"twitter:data1\" content=\"apuntesdesanluis.com\" \/>\n\t<meta name=\"twitter:label2\" content=\"Tiempo de lectura\" \/>\n\t<meta name=\"twitter:data2\" content=\"5 minutos\" \/>\n<script type=\"application\/ld+json\" class=\"yoast-schema-graph\">{\"@context\":\"https:\/\/schema.org\",\"@graph\":[{\"@type\":\"Article\",\"@id\":\"https:\/\/apuntesdesanluis.com\/index.php\/2024\/02\/10\/sigue-la-novela-el-gobierno-cedio-y-la-afa-levanto-la-suspension-de-la-liga-sanluisena-de-futbol\/#article\",\"isPartOf\":{\"@id\":\"https:\/\/apuntesdesanluis.com\/index.php\/2024\/02\/10\/sigue-la-novela-el-gobierno-cedio-y-la-afa-levanto-la-suspension-de-la-liga-sanluisena-de-futbol\/\"},\"author\":{\"name\":\"apuntesdesanluis.com\",\"@id\":\"https:\/\/apuntesdesanluis.com\/#\/schema\/person\/b55151d52296fcce64d1a72538a70b90\"},\"headline\":\"SIGUE LA NOVELA: EL GOBIERNO CEDI\u00d3 Y LA AFA LEVANT\u00d3 LA SUSPENSI\u00d3N DE LA LIGA SANLUISE\u00d1A DE F\u00daTBOL\",\"datePublished\":\"2024-02-10T13:53:40+00:00\",\"dateModified\":\"2024-02-11T03:03:54+00:00\",\"mainEntityOfPage\":{\"@id\":\"https:\/\/apuntesdesanluis.com\/index.php\/2024\/02\/10\/sigue-la-novela-el-gobierno-cedio-y-la-afa-levanto-la-suspension-de-la-liga-sanluisena-de-futbol\/\"},\"wordCount\":899,\"publisher\":{\"@id\":\"https:\/\/apuntesdesanluis.com\/#\/schema\/person\/b55151d52296fcce64d1a72538a70b90\"},\"image\":{\"@id\":\"https:\/\/apuntesdesanluis.com\/index.php\/2024\/02\/10\/sigue-la-novela-el-gobierno-cedio-y-la-afa-levanto-la-suspension-de-la-liga-sanluisena-de-futbol\/#primaryimage\"},\"thumbnailUrl\":\"https:\/\/apuntesdesanluis.com\/wp-content\/uploads\/2024\/02\/CHIQUI-Y-CINTIA.png\",\"articleSection\":[\"Ciudad\/Provincia\"],\"inLanguage\":\"es-AR\"},{\"@type\":\"WebPage\",\"@id\":\"https:\/\/apuntesdesanluis.com\/index.php\/2024\/02\/10\/sigue-la-novela-el-gobierno-cedio-y-la-afa-levanto-la-suspension-de-la-liga-sanluisena-de-futbol\/\",\"url\":\"https:\/\/apuntesdesanluis.com\/index.php\/2024\/02\/10\/sigue-la-novela-el-gobierno-cedio-y-la-afa-levanto-la-suspension-de-la-liga-sanluisena-de-futbol\/\",\"name\":\"SIGUE LA NOVELA: EL GOBIERNO CEDI\u00d3 Y LA AFA LEVANT\u00d3 LA SUSPENSI\u00d3N DE LA LIGA SANLUISE\u00d1A DE F\u00daTBOL - Apuntes de San Luis\",\"isPartOf\":{\"@id\":\"https:\/\/apuntesdesanluis.com\/#website\"},\"primaryImageOfPage\":{\"@id\":\"https:\/\/apuntesdesanluis.com\/index.php\/2024\/02\/10\/sigue-la-novela-el-gobierno-cedio-y-la-afa-levanto-la-suspension-de-la-liga-sanluisena-de-futbol\/#primaryimage\"},\"image\":{\"@id\":\"https:\/\/apuntesdesanluis.com\/index.php\/2024\/02\/10\/sigue-la-novela-el-gobierno-cedio-y-la-afa-levanto-la-suspension-de-la-liga-sanluisena-de-futbol\/#primaryimage\"},\"thumbnailUrl\":\"https:\/\/apuntesdesanluis.com\/wp-content\/uploads\/2024\/02\/CHIQUI-Y-CINTIA.png\",\"datePublished\":\"2024-02-10T13:53:40+00:00\",\"dateModified\":\"2024-02-11T03:03:54+00:00\",\"breadcrumb\":{\"@id\":\"https:\/\/apuntesdesanluis.com\/index.php\/2024\/02\/10\/sigue-la-novela-el-gobierno-cedio-y-la-afa-levanto-la-suspension-de-la-liga-sanluisena-de-futbol\/#breadcrumb\"},\"inLanguage\":\"es-AR\",\"potentialAction\":[{\"@type\":\"ReadAction\",\"target\":[\"https:\/\/apuntesdesanluis.com\/index.php\/2024\/02\/10\/sigue-la-novela-el-gobierno-cedio-y-la-afa-levanto-la-suspension-de-la-liga-sanluisena-de-futbol\/\"]}]},{\"@type\":\"ImageObject\",\"inLanguage\":\"es-AR\",\"@id\":\"https:\/\/apuntesdesanluis.com\/index.php\/2024\/02\/10\/sigue-la-novela-el-gobierno-cedio-y-la-afa-levanto-la-suspension-de-la-liga-sanluisena-de-futbol\/#primaryimage\",\"url\":\"https:\/\/apuntesdesanluis.com\/wp-content\/uploads\/2024\/02\/CHIQUI-Y-CINTIA.png\",\"contentUrl\":\"https:\/\/apuntesdesanluis.com\/wp-content\/uploads\/2024\/02\/CHIQUI-Y-CINTIA.png\",\"width\":532,\"height\":304},{\"@type\":\"BreadcrumbList\",\"@id\":\"https:\/\/apuntesdesanluis.com\/index.php\/2024\/02\/10\/sigue-la-novela-el-gobierno-cedio-y-la-afa-levanto-la-suspension-de-la-liga-sanluisena-de-futbol\/#breadcrumb\",\"itemListElement\":[{\"@type\":\"ListItem\",\"position\":1,\"name\":\"Inicio\",\"item\":\"https:\/\/apuntesdesanluis.com\/\"},{\"@type\":\"ListItem\",\"position\":2,\"name\":\"SIGUE LA NOVELA: EL GOBIERNO CEDI\u00d3 Y LA AFA LEVANT\u00d3 LA SUSPENSI\u00d3N DE LA LIGA SANLUISE\u00d1A DE F\u00daTBOL\"}]},{\"@type\":\"WebSite\",\"@id\":\"https:\/\/apuntesdesanluis.com\/#website\",\"url\":\"https:\/\/apuntesdesanluis.com\/\",\"name\":\"Apuntes de San Luis\",\"description\":\"\",\"publisher\":{\"@id\":\"https:\/\/apuntesdesanluis.com\/#\/schema\/person\/b55151d52296fcce64d1a72538a70b90\"},\"potentialAction\":[{\"@type\":\"SearchAction\",\"target\":{\"@type\":\"EntryPoint\",\"urlTemplate\":\"https:\/\/apuntesdesanluis.com\/?s={search_term_string}\"},\"query-input\":{\"@type\":\"PropertyValueSpecification\",\"valueRequired\":true,\"valueName\":\"search_term_string\"}}],\"inLanguage\":\"es-AR\"},{\"@type\":[\"Person\",\"Organization\"],\"@id\":\"https:\/\/apuntesdesanluis.com\/#\/schema\/person\/b55151d52296fcce64d1a72538a70b90\",\"name\":\"apuntesdesanluis.com\",\"image\":{\"@type\":\"ImageObject\",\"inLanguage\":\"es-AR\",\"@id\":\"https:\/\/apuntesdesanluis.com\/#\/schema\/person\/image\/\",\"url\":\"https:\/\/apuntesdesanluis.com\/wp-content\/uploads\/2023\/07\/cropped-apuntesdesanluis.png\",\"contentUrl\":\"https:\/\/apuntesdesanluis.com\/wp-content\/uploads\/2023\/07\/cropped-apuntesdesanluis.png\",\"width\":450,\"height\":112,\"caption\":\"apuntesdesanluis.com\"},\"logo\":{\"@id\":\"https:\/\/apuntesdesanluis.com\/#\/schema\/person\/image\/\"},\"sameAs\":[\"https:\/\/apuntesdesanluis.com\"],\"url\":\"https:\/\/apuntesdesanluis.com\/index.php\/author\/apuntesdesanluis-com\/\"}]}<\/script>\n<!-- \/ Yoast SEO plugin. -->","yoast_head_json":{"title":"SIGUE LA NOVELA: EL GOBIERNO CEDI\u00d3 Y LA AFA LEVANT\u00d3 LA SUSPENSI\u00d3N DE LA LIGA SANLUISE\u00d1A DE F\u00daTBOL - Apuntes de San Luis","robots":{"index":"index","follow":"follow","max-snippet":"max-snippet:-1","max-image-preview":"max-image-preview:large","max-video-preview":"max-video-preview:-1"},"canonical":"https:\/\/apuntesdesanluis.com\/index.php\/2024\/02\/10\/sigue-la-novela-el-gobierno-cedio-y-la-afa-levanto-la-suspension-de-la-liga-sanluisena-de-futbol\/","og_locale":"es_ES","og_type":"article","og_title":"SIGUE LA NOVELA: EL GOBIERNO CEDI\u00d3 Y LA AFA LEVANT\u00d3 LA SUSPENSI\u00d3N DE LA LIGA SANLUISE\u00d1A DE F\u00daTBOL - Apuntes de San Luis","og_description":"El gobierno provincial debi\u00f3 resignar las facultades que le hab\u00eda dado a la Direcci\u00f3n de...","og_url":"https:\/\/apuntesdesanluis.com\/index.php\/2024\/02\/10\/sigue-la-novela-el-gobierno-cedio-y-la-afa-levanto-la-suspension-de-la-liga-sanluisena-de-futbol\/","og_site_name":"Apuntes de San Luis","article_published_time":"2024-02-10T13:53:40+00:00","article_modified_time":"2024-02-11T03:03:54+00:00","og_image":[{"width":532,"height":304,"url":"https:\/\/apuntesdesanluis.com\/wp-content\/uploads\/2024\/02\/CHIQUI-Y-CINTIA.png","type":"image\/png"}],"author":"apuntesdesanluis.com","twitter_card":"summary_large_image","twitter_misc":{"Escrito por":"apuntesdesanluis.com","Tiempo de lectura":"5 minutos"},"schema":{"@context":"https:\/\/schema.org","@graph":[{"@type":"Article","@id":"https:\/\/apuntesdesanluis.com\/index.php\/2024\/02\/10\/sigue-la-novela-el-gobierno-cedio-y-la-afa-levanto-la-suspension-de-la-liga-sanluisena-de-futbol\/#article","isPartOf":{"@id":"https:\/\/apuntesdesanluis.com\/index.php\/2024\/02\/10\/sigue-la-novela-el-gobierno-cedio-y-la-afa-levanto-la-suspension-de-la-liga-sanluisena-de-futbol\/"},"author":{"name":"apuntesdesanluis.com","@id":"https:\/\/apuntesdesanluis.com\/#\/schema\/person\/b55151d52296fcce64d1a72538a70b90"},"headline":"SIGUE LA NOVELA: EL GOBIERNO CEDI\u00d3 Y LA AFA LEVANT\u00d3 LA SUSPENSI\u00d3N DE LA LIGA SANLUISE\u00d1A DE F\u00daTBOL","datePublished":"2024-02-10T13:53:40+00:00","dateModified":"2024-02-11T03:03:54+00:00","mainEntityOfPage":{"@id":"https:\/\/apuntesdesanluis.com\/index.php\/2024\/02\/10\/sigue-la-novela-el-gobierno-cedio-y-la-afa-levanto-la-suspension-de-la-liga-sanluisena-de-futbol\/"},"wordCount":899,"publisher":{"@id":"https:\/\/apuntesdesanluis.com\/#\/schema\/person\/b55151d52296fcce64d1a72538a70b90"},"image":{"@id":"https:\/\/apuntesdesanluis.com\/index.php\/2024\/02\/10\/sigue-la-novela-el-gobierno-cedio-y-la-afa-levanto-la-suspension-de-la-liga-sanluisena-de-futbol\/#primaryimage"},"thumbnailUrl":"https:\/\/apuntesdesanluis.com\/wp-content\/uploads\/2024\/02\/CHIQUI-Y-CINTIA.png","articleSection":["Ciudad\/Provincia"],"inLanguage":"es-AR"},{"@type":"WebPage","@id":"https:\/\/apuntesdesanluis.com\/index.php\/2024\/02\/10\/sigue-la-novela-el-gobierno-cedio-y-la-afa-levanto-la-suspension-de-la-liga-sanluisena-de-futbol\/","url":"https:\/\/apuntesdesanluis.com\/index.php\/2024\/02\/10\/sigue-la-novela-el-gobierno-cedio-y-la-afa-levanto-la-suspension-de-la-liga-sanluisena-de-futbol\/","name":"SIGUE LA NOVELA: EL GOBIERNO CEDI\u00d3 Y LA AFA LEVANT\u00d3 LA SUSPENSI\u00d3N DE LA LIGA SANLUISE\u00d1A DE F\u00daTBOL - Apuntes de San Luis","isPartOf":{"@id":"https:\/\/apuntesdesanluis.com\/#website"},"primaryImageOfPage":{"@id":"https:\/\/apuntesdesanluis.com\/index.php\/2024\/02\/10\/sigue-la-novela-el-gobierno-cedio-y-la-afa-levanto-la-suspension-de-la-liga-sanluisena-de-futbol\/#primaryimage"},"image":{"@id":"https:\/\/apuntesdesanluis.com\/index.php\/2024\/02\/10\/sigue-la-novela-el-gobierno-cedio-y-la-afa-levanto-la-suspension-de-la-liga-sanluisena-de-futbol\/#primaryimage"},"thumbnailUrl":"https:\/\/apuntesdesanluis.com\/wp-content\/uploads\/2024\/02\/CHIQUI-Y-CINTIA.png","datePublished":"2024-02-10T13:53:40+00:00","dateModified":"2024-02-11T03:03:54+00:00","breadcrumb":{"@id":"https:\/\/apuntesdesanluis.com\/index.php\/2024\/02\/10\/sigue-la-novela-el-gobierno-cedio-y-la-afa-levanto-la-suspension-de-la-liga-sanluisena-de-futbol\/#breadcrumb"},"inLanguage":"es-AR","potentialAction":[{"@type":"ReadAction","target":["https:\/\/apuntesdesanluis.com\/index.php\/2024\/02\/10\/sigue-la-novela-el-gobierno-cedio-y-la-afa-levanto-la-suspension-de-la-liga-sanluisena-de-futbol\/"]}]},{"@type":"ImageObject","inLanguage":"es-AR","@id":"https:\/\/apuntesdesanluis.com\/index.php\/2024\/02\/10\/sigue-la-novela-el-gobierno-cedio-y-la-afa-levanto-la-suspension-de-la-liga-sanluisena-de-futbol\/#primaryimage","url":"https:\/\/apuntesdesanluis.com\/wp-content\/uploads\/2024\/02\/CHIQUI-Y-CINTIA.png","contentUrl":"https:\/\/apuntesdesanluis.com\/wp-content\/uploads\/2024\/02\/CHIQUI-Y-CINTIA.png","width":532,"height":304},{"@type":"BreadcrumbList","@id":"https:\/\/apuntesdesanluis.com\/index.php\/2024\/02\/10\/sigue-la-novela-el-gobierno-cedio-y-la-afa-levanto-la-suspension-de-la-liga-sanluisena-de-futbol\/#breadcrumb","itemListElement":[{"@type":"ListItem","position":1,"name":"Inicio","item":"https:\/\/apuntesdesanluis.com\/"},{"@type":"ListItem","position":2,"name":"SIGUE LA NOVELA: EL GOBIERNO CEDI\u00d3 Y LA AFA LEVANT\u00d3 LA SUSPENSI\u00d3N DE LA LIGA SANLUISE\u00d1A DE F\u00daTBOL"}]},{"@type":"WebSite","@id":"https:\/\/apuntesdesanluis.com\/#website","url":"https:\/\/apuntesdesanluis.com\/","name":"Apuntes de San Luis","description":"","publisher":{"@id":"https:\/\/apuntesdesanluis.com\/#\/schema\/person\/b55151d52296fcce64d1a72538a70b90"},"potentialAction":[{"@type":"SearchAction","target":{"@type":"EntryPoint","urlTemplate":"https:\/\/apuntesdesanluis.com\/?s={search_term_string}"},"query-input":{"@type":"PropertyValueSpecification","valueRequired":true,"valueName":"search_term_string"}}],"inLanguage":"es-AR"},{"@type":["Person","Organization"],"@id":"https:\/\/apuntesdesanluis.com\/#\/schema\/person\/b55151d52296fcce64d1a72538a70b90","name":"apuntesdesanluis.com","image":{"@type":"ImageObject","inLanguage":"es-AR","@id":"https:\/\/apuntesdesanluis.com\/#\/schema\/person\/image\/","url":"https:\/\/apuntesdesanluis.com\/wp-content\/uploads\/2023\/07\/cropped-apuntesdesanluis.png","contentUrl":"https:\/\/apuntesdesanluis.com\/wp-content\/uploads\/2023\/07\/cropped-apuntesdesanluis.png","width":450,"height":112,"caption":"apuntesdesanluis.com"},"logo":{"@id":"https:\/\/apuntesdesanluis.com\/#\/schema\/person\/image\/"},"sameAs":["https:\/\/apuntesdesanluis.com"],"url":"https:\/\/apuntesdesanluis.com\/index.php\/author\/apuntesdesanluis-com\/"}]}},"featured_image_urls":{"full":["https:\/\/apuntesdesanluis.com\/wp-content\/uploads\/2024\/02\/CHIQUI-Y-CINTIA.png",532,304,false],"thumbnail":["https:\/\/apuntesdesanluis.com\/wp-content\/uploads\/2024\/02\/CHIQUI-Y-CINTIA-150x150.png",150,150,true],"medium":["https:\/\/apuntesdesanluis.com\/wp-content\/uploads\/2024\/02\/CHIQUI-Y-CINTIA-300x171.png",300,171,true],"medium_large":["https:\/\/apuntesdesanluis.com\/wp-content\/uploads\/2024\/02\/CHIQUI-Y-CINTIA.png",532,304,false],"large":["https:\/\/apuntesdesanluis.com\/wp-content\/uploads\/2024\/02\/CHIQUI-Y-CINTIA.png",532,304,false],"1536x1536":["https:\/\/apuntesdesanluis.com\/wp-content\/uploads\/2024\/02\/CHIQUI-Y-CINTIA.png",532,304,false],"2048x2048":["https:\/\/apuntesdesanluis.com\/wp-content\/uploads\/2024\/02\/CHIQUI-Y-CINTIA.png",532,304,false],"newsever-slider-full":["https:\/\/apuntesdesanluis.com\/wp-content\/uploads\/2024\/02\/CHIQUI-Y-CINTIA.png",532,304,false],"newsever-featured":["https:\/\/apuntesdesanluis.com\/wp-content\/uploads\/2024\/02\/CHIQUI-Y-CINTIA.png",532,304,false],"newsever-medium":["https:\/\/apuntesdesanluis.com\/wp-content\/uploads\/2024\/02\/CHIQUI-Y-CINTIA.png",532,304,false]},"author_info":{"display_name":"apuntesdesanluis.com","author_link":"https:\/\/apuntesdesanluis.com\/index.php\/author\/apuntesdesanluis-com\/"},"category_info":"<a href=\"https:\/\/apuntesdesanluis.com\/index.php\/category\/ciudad-provincia\/\" rel=\"category tag\">Ciudad\/Provincia<\/a>","tag_info":"Ciudad\/Provincia","comment_count":"0","_links":{"self":[{"href":"https:\/\/apuntesdesanluis.com\/index.php\/wp-json\/wp\/v2\/posts\/11609","targetHints":{"allow":["GET"]}}],"collection":[{"href":"https:\/\/apuntesdesanluis.com\/index.php\/wp-json\/wp\/v2\/posts"}],"about":[{"href":"https:\/\/apuntesdesanluis.com\/index.php\/wp-json\/wp\/v2\/types\/post"}],"author":[{"embeddable":true,"href":"https:\/\/apuntesdesanluis.com\/index.php\/wp-json\/wp\/v2\/users\/1"}],"replies":[{"embeddable":true,"href":"https:\/\/apuntesdesanluis.com\/index.php\/wp-json\/wp\/v2\/comments?post=11609"}],"version-history":[{"count":2,"href":"https:\/\/apuntesdesanluis.com\/index.php\/wp-json\/wp\/v2\/posts\/11609\/revisions"}],"predecessor-version":[{"id":11615,"href":"https:\/\/apuntesdesanluis.com\/index.php\/wp-json\/wp\/v2\/posts\/11609\/revisions\/11615"}],"wp:featuredmedia":[{"embeddable":true,"href":"https:\/\/apuntesdesanluis.com\/index.php\/wp-json\/wp\/v2\/media\/11611"}],"wp:attachment":[{"href":"https:\/\/apuntesdesanluis.com\/index.php\/wp-json\/wp\/v2\/media?parent=11609"}],"wp:term":[{"taxonomy":"category","embeddable":true,"href":"https:\/\/apuntesdesanluis.com\/index.php\/wp-json\/wp\/v2\/categories?post=11609"},{"taxonomy":"post_tag","embeddable":true,"href":"https:\/\/apuntesdesanluis.com\/index.php\/wp-json\/wp\/v2\/tags?post=11609"}],"curies":[{"name":"wp","href":"https:\/\/api.w.org\/{rel}","templated":true}]}}