{"id":11620,"date":"2024-02-12T22:10:41","date_gmt":"2024-02-13T01:10:41","guid":{"rendered":"https:\/\/apuntesdesanluis.com\/?p=11620"},"modified":"2024-02-12T22:11:26","modified_gmt":"2024-02-13T01:11:26","slug":"las-lluvias-provocaron-fuertes-crecidas-en-potrero-el-trapiche-y-la-carolina","status":"publish","type":"post","link":"https:\/\/apuntesdesanluis.com\/index.php\/2024\/02\/12\/las-lluvias-provocaron-fuertes-crecidas-en-potrero-el-trapiche-y-la-carolina\/","title":{"rendered":"LAS LLUVIAS PROVOCARON FUERTES CRECIDAS EN POTRERO, EL TRAPICHE Y LA CAROLINA"},"content":{"rendered":"<h3>La Direcci\u00f3n de Prevenci\u00f3n y Gesti\u00f3n de la Emergencia trabaj\u00f3 junto con polic\u00edas, bomberos voluntarios, empleados municipales y agentes de Prevenci\u00f3n Ciudadana para cortar rutas peligrosas y evacuar a quien lo necesitara.<\/h3>\n<h3>Ante las precipitaciones registradas durante horas de la madrugada de este lunes 12 de febrero, la direcci\u00f3n de Prevenci\u00f3n y Gesti\u00f3n de la Emergencia inform\u00f3 que las localidades de Potrero de los Funes, El Trapiche y La Carolina realizaron cortes preventivos en badenes de encantamiento por la crecida de r\u00edos y arroyos.<\/h3>\n<p><img fetchpriority=\"high\" decoding=\"async\" class=\"wp-image-11622 aligncenter\" src=\"https:\/\/apuntesdesanluis.com\/wp-content\/uploads\/2024\/02\/casa-hundida-300x181.png\" alt=\"\" width=\"646\" height=\"390\" srcset=\"https:\/\/apuntesdesanluis.com\/wp-content\/uploads\/2024\/02\/casa-hundida-300x181.png 300w, https:\/\/apuntesdesanluis.com\/wp-content\/uploads\/2024\/02\/casa-hundida.png 600w\" sizes=\"(max-width: 646px) 100vw, 646px\" \/><\/p>\n<h3>En Potrero se registr\u00f3 un desmoronamiento en la ruta, pero se encuentra transitable. Desde el domingo por la tarde la ruta que une La Carolina con San Francisco del Monte de Oro permanece con cortes preventivos a cargo de la Polic\u00eda Caminera, tambi\u00e9n por desmoronamiento de rocas. Tambi\u00e9n el r\u00edo Conlara registr\u00f3 una crecida, pero no registra da\u00f1os ni v\u00edctimas.<\/h3>\n<h3>Este domingo 11, en Renca hubo que evacuar a una familia por la inundaci\u00f3n de su domicilio producto de la crecida de un arroyo. Y en horas del mediod\u00eda de este lunes, personal de Bomberos actu\u00f3 para evacuar algunos pobladores de Villa de Praga, donde la crecida del r\u00edo ha provocado que el agua vuelva a circular por lugares pocos comunes.<\/h3>\n<h3>El resto del territorio solo ha registrado la ca\u00edda de abundante agua, sin registrar da\u00f1os ni v\u00edctimas. En todos los casos trabajaron polic\u00edas, bomberos voluntarios, empleados municipales y agentes de Prevenci\u00f3n Ciudadana.<\/h3>\n<p>&nbsp;<\/p>\n<p>&nbsp;<\/p>\n<p>&nbsp;<\/p>\n<p>&nbsp;<\/p>\n<p>&nbsp;<\/p>\n<p>&nbsp;<\/p>\n","protected":false},"excerpt":{"rendered":"<p>La Direcci\u00f3n de Prevenci\u00f3n y Gesti\u00f3n de la Emergencia trabaj\u00f3 junto con polic\u00edas, bomberos voluntarios,&#8230;<\/p>\n","protected":false},"author":1,"featured_media":11621,"comment_status":"closed","ping_status":"closed","sticky":false,"template":"","format":"standard","meta":{"footnotes":""},"categories":[6],"tags":[],"class_list":["post-11620","post","type-post","status-publish","format-standard","has-post-thumbnail","hentry","category-ciudad-provincia"],"yoast_head":"<!-- This site is optimized with the Yoast SEO plugin v26.1.1 - https:\/\/yoast.com\/wordpress\/plugins\/seo\/ -->\n<title>LAS LLUVIAS PROVOCARON FUERTES CRECIDAS EN POTRERO, EL TRAPICHE Y LA CAROLINA - Apuntes de San Luis<\/title>\n<meta name=\"robots\" content=\"index, follow, max-snippet:-1, max-image-preview:large, max-video-preview:-1\" \/>\n<link rel=\"canonical\" href=\"https:\/\/apuntesdesanluis.com\/index.php\/2024\/02\/12\/las-lluvias-provocaron-fuertes-crecidas-en-potrero-el-trapiche-y-la-carolina\/\" \/>\n<meta property=\"og:locale\" content=\"es_ES\" \/>\n<meta property=\"og:type\" content=\"article\" \/>\n<meta property=\"og:title\" content=\"LAS LLUVIAS PROVOCARON FUERTES CRECIDAS EN POTRERO, EL TRAPICHE Y LA CAROLINA - Apuntes de San Luis\" \/>\n<meta property=\"og:description\" content=\"La Direcci\u00f3n de Prevenci\u00f3n y Gesti\u00f3n de la Emergencia trabaj\u00f3 junto con polic\u00edas, bomberos voluntarios,...\" \/>\n<meta property=\"og:url\" content=\"https:\/\/apuntesdesanluis.com\/index.php\/2024\/02\/12\/las-lluvias-provocaron-fuertes-crecidas-en-potrero-el-trapiche-y-la-carolina\/\" \/>\n<meta property=\"og:site_name\" content=\"Apuntes de San Luis\" \/>\n<meta property=\"article:published_time\" content=\"2024-02-13T01:10:41+00:00\" \/>\n<meta property=\"article:modified_time\" content=\"2024-02-13T01:11:26+00:00\" \/>\n<meta property=\"og:image\" content=\"https:\/\/apuntesdesanluis.com\/wp-content\/uploads\/2024\/02\/casa-tapa.png\" \/>\n\t<meta property=\"og:image:width\" content=\"600\" \/>\n\t<meta property=\"og:image:height\" content=\"426\" \/>\n\t<meta property=\"og:image:type\" content=\"image\/png\" \/>\n<meta name=\"author\" content=\"apuntesdesanluis.com\" \/>\n<meta name=\"twitter:card\" content=\"summary_large_image\" \/>\n<meta name=\"twitter:label1\" content=\"Escrito por\" \/>\n\t<meta name=\"twitter:data1\" content=\"apuntesdesanluis.com\" \/>\n\t<meta name=\"twitter:label2\" content=\"Tiempo de lectura\" \/>\n\t<meta name=\"twitter:data2\" content=\"2 minutos\" \/>\n<script type=\"application\/ld+json\" class=\"yoast-schema-graph\">{\"@context\":\"https:\/\/schema.org\",\"@graph\":[{\"@type\":\"Article\",\"@id\":\"https:\/\/apuntesdesanluis.com\/index.php\/2024\/02\/12\/las-lluvias-provocaron-fuertes-crecidas-en-potrero-el-trapiche-y-la-carolina\/#article\",\"isPartOf\":{\"@id\":\"https:\/\/apuntesdesanluis.com\/index.php\/2024\/02\/12\/las-lluvias-provocaron-fuertes-crecidas-en-potrero-el-trapiche-y-la-carolina\/\"},\"author\":{\"name\":\"apuntesdesanluis.com\",\"@id\":\"https:\/\/apuntesdesanluis.com\/#\/schema\/person\/b55151d52296fcce64d1a72538a70b90\"},\"headline\":\"LAS LLUVIAS PROVOCARON FUERTES CRECIDAS EN POTRERO, EL TRAPICHE Y LA CAROLINA\",\"datePublished\":\"2024-02-13T01:10:41+00:00\",\"dateModified\":\"2024-02-13T01:11:26+00:00\",\"mainEntityOfPage\":{\"@id\":\"https:\/\/apuntesdesanluis.com\/index.php\/2024\/02\/12\/las-lluvias-provocaron-fuertes-crecidas-en-potrero-el-trapiche-y-la-carolina\/\"},\"wordCount\":276,\"publisher\":{\"@id\":\"https:\/\/apuntesdesanluis.com\/#\/schema\/person\/b55151d52296fcce64d1a72538a70b90\"},\"image\":{\"@id\":\"https:\/\/apuntesdesanluis.com\/index.php\/2024\/02\/12\/las-lluvias-provocaron-fuertes-crecidas-en-potrero-el-trapiche-y-la-carolina\/#primaryimage\"},\"thumbnailUrl\":\"https:\/\/apuntesdesanluis.com\/wp-content\/uploads\/2024\/02\/casa-tapa.png\",\"articleSection\":[\"Ciudad\/Provincia\"],\"inLanguage\":\"es-AR\"},{\"@type\":\"WebPage\",\"@id\":\"https:\/\/apuntesdesanluis.com\/index.php\/2024\/02\/12\/las-lluvias-provocaron-fuertes-crecidas-en-potrero-el-trapiche-y-la-carolina\/\",\"url\":\"https:\/\/apuntesdesanluis.com\/index.php\/2024\/02\/12\/las-lluvias-provocaron-fuertes-crecidas-en-potrero-el-trapiche-y-la-carolina\/\",\"name\":\"LAS LLUVIAS PROVOCARON FUERTES CRECIDAS EN POTRERO, EL TRAPICHE Y LA CAROLINA - Apuntes de San Luis\",\"isPartOf\":{\"@id\":\"https:\/\/apuntesdesanluis.com\/#website\"},\"primaryImageOfPage\":{\"@id\":\"https:\/\/apuntesdesanluis.com\/index.php\/2024\/02\/12\/las-lluvias-provocaron-fuertes-crecidas-en-potrero-el-trapiche-y-la-carolina\/#primaryimage\"},\"image\":{\"@id\":\"https:\/\/apuntesdesanluis.com\/index.php\/2024\/02\/12\/las-lluvias-provocaron-fuertes-crecidas-en-potrero-el-trapiche-y-la-carolina\/#primaryimage\"},\"thumbnailUrl\":\"https:\/\/apuntesdesanluis.com\/wp-content\/uploads\/2024\/02\/casa-tapa.png\",\"datePublished\":\"2024-02-13T01:10:41+00:00\",\"dateModified\":\"2024-02-13T01:11:26+00:00\",\"breadcrumb\":{\"@id\":\"https:\/\/apuntesdesanluis.com\/index.php\/2024\/02\/12\/las-lluvias-provocaron-fuertes-crecidas-en-potrero-el-trapiche-y-la-carolina\/#breadcrumb\"},\"inLanguage\":\"es-AR\",\"potentialAction\":[{\"@type\":\"ReadAction\",\"target\":[\"https:\/\/apuntesdesanluis.com\/index.php\/2024\/02\/12\/las-lluvias-provocaron-fuertes-crecidas-en-potrero-el-trapiche-y-la-carolina\/\"]}]},{\"@type\":\"ImageObject\",\"inLanguage\":\"es-AR\",\"@id\":\"https:\/\/apuntesdesanluis.com\/index.php\/2024\/02\/12\/las-lluvias-provocaron-fuertes-crecidas-en-potrero-el-trapiche-y-la-carolina\/#primaryimage\",\"url\":\"https:\/\/apuntesdesanluis.com\/wp-content\/uploads\/2024\/02\/casa-tapa.png\",\"contentUrl\":\"https:\/\/apuntesdesanluis.com\/wp-content\/uploads\/2024\/02\/casa-tapa.png\",\"width\":600,\"height\":426},{\"@type\":\"BreadcrumbList\",\"@id\":\"https:\/\/apuntesdesanluis.com\/index.php\/2024\/02\/12\/las-lluvias-provocaron-fuertes-crecidas-en-potrero-el-trapiche-y-la-carolina\/#breadcrumb\",\"itemListElement\":[{\"@type\":\"ListItem\",\"position\":1,\"name\":\"Inicio\",\"item\":\"https:\/\/apuntesdesanluis.com\/\"},{\"@type\":\"ListItem\",\"position\":2,\"name\":\"LAS LLUVIAS PROVOCARON FUERTES CRECIDAS EN POTRERO, EL TRAPICHE Y LA CAROLINA\"}]},{\"@type\":\"WebSite\",\"@id\":\"https:\/\/apuntesdesanluis.com\/#website\",\"url\":\"https:\/\/apuntesdesanluis.com\/\",\"name\":\"Apuntes de San Luis\",\"description\":\"\",\"publisher\":{\"@id\":\"https:\/\/apuntesdesanluis.com\/#\/schema\/person\/b55151d52296fcce64d1a72538a70b90\"},\"potentialAction\":[{\"@type\":\"SearchAction\",\"target\":{\"@type\":\"EntryPoint\",\"urlTemplate\":\"https:\/\/apuntesdesanluis.com\/?s={search_term_string}\"},\"query-input\":{\"@type\":\"PropertyValueSpecification\",\"valueRequired\":true,\"valueName\":\"search_term_string\"}}],\"inLanguage\":\"es-AR\"},{\"@type\":[\"Person\",\"Organization\"],\"@id\":\"https:\/\/apuntesdesanluis.com\/#\/schema\/person\/b55151d52296fcce64d1a72538a70b90\",\"name\":\"apuntesdesanluis.com\",\"image\":{\"@type\":\"ImageObject\",\"inLanguage\":\"es-AR\",\"@id\":\"https:\/\/apuntesdesanluis.com\/#\/schema\/person\/image\/\",\"url\":\"https:\/\/apuntesdesanluis.com\/wp-content\/uploads\/2023\/07\/cropped-apuntesdesanluis.png\",\"contentUrl\":\"https:\/\/apuntesdesanluis.com\/wp-content\/uploads\/2023\/07\/cropped-apuntesdesanluis.png\",\"width\":450,\"height\":112,\"caption\":\"apuntesdesanluis.com\"},\"logo\":{\"@id\":\"https:\/\/apuntesdesanluis.com\/#\/schema\/person\/image\/\"},\"sameAs\":[\"https:\/\/apuntesdesanluis.com\"],\"url\":\"https:\/\/apuntesdesanluis.com\/index.php\/author\/apuntesdesanluis-com\/\"}]}<\/script>\n<!-- \/ Yoast SEO plugin. -->","yoast_head_json":{"title":"LAS LLUVIAS PROVOCARON FUERTES CRECIDAS EN POTRERO, EL TRAPICHE Y LA CAROLINA - Apuntes de San Luis","robots":{"index":"index","follow":"follow","max-snippet":"max-snippet:-1","max-image-preview":"max-image-preview:large","max-video-preview":"max-video-preview:-1"},"canonical":"https:\/\/apuntesdesanluis.com\/index.php\/2024\/02\/12\/las-lluvias-provocaron-fuertes-crecidas-en-potrero-el-trapiche-y-la-carolina\/","og_locale":"es_ES","og_type":"article","og_title":"LAS LLUVIAS PROVOCARON FUERTES CRECIDAS EN POTRERO, EL TRAPICHE Y LA CAROLINA - Apuntes de San Luis","og_description":"La Direcci\u00f3n de Prevenci\u00f3n y Gesti\u00f3n de la Emergencia trabaj\u00f3 junto con polic\u00edas, bomberos voluntarios,...","og_url":"https:\/\/apuntesdesanluis.com\/index.php\/2024\/02\/12\/las-lluvias-provocaron-fuertes-crecidas-en-potrero-el-trapiche-y-la-carolina\/","og_site_name":"Apuntes de San Luis","article_published_time":"2024-02-13T01:10:41+00:00","article_modified_time":"2024-02-13T01:11:26+00:00","og_image":[{"width":600,"height":426,"url":"https:\/\/apuntesdesanluis.com\/wp-content\/uploads\/2024\/02\/casa-tapa.png","type":"image\/png"}],"author":"apuntesdesanluis.com","twitter_card":"summary_large_image","twitter_misc":{"Escrito por":"apuntesdesanluis.com","Tiempo de lectura":"2 minutos"},"schema":{"@context":"https:\/\/schema.org","@graph":[{"@type":"Article","@id":"https:\/\/apuntesdesanluis.com\/index.php\/2024\/02\/12\/las-lluvias-provocaron-fuertes-crecidas-en-potrero-el-trapiche-y-la-carolina\/#article","isPartOf":{"@id":"https:\/\/apuntesdesanluis.com\/index.php\/2024\/02\/12\/las-lluvias-provocaron-fuertes-crecidas-en-potrero-el-trapiche-y-la-carolina\/"},"author":{"name":"apuntesdesanluis.com","@id":"https:\/\/apuntesdesanluis.com\/#\/schema\/person\/b55151d52296fcce64d1a72538a70b90"},"headline":"LAS LLUVIAS PROVOCARON FUERTES CRECIDAS EN POTRERO, EL TRAPICHE Y LA CAROLINA","datePublished":"2024-02-13T01:10:41+00:00","dateModified":"2024-02-13T01:11:26+00:00","mainEntityOfPage":{"@id":"https:\/\/apuntesdesanluis.com\/index.php\/2024\/02\/12\/las-lluvias-provocaron-fuertes-crecidas-en-potrero-el-trapiche-y-la-carolina\/"},"wordCount":276,"publisher":{"@id":"https:\/\/apuntesdesanluis.com\/#\/schema\/person\/b55151d52296fcce64d1a72538a70b90"},"image":{"@id":"https:\/\/apuntesdesanluis.com\/index.php\/2024\/02\/12\/las-lluvias-provocaron-fuertes-crecidas-en-potrero-el-trapiche-y-la-carolina\/#primaryimage"},"thumbnailUrl":"https:\/\/apuntesdesanluis.com\/wp-content\/uploads\/2024\/02\/casa-tapa.png","articleSection":["Ciudad\/Provincia"],"inLanguage":"es-AR"},{"@type":"WebPage","@id":"https:\/\/apuntesdesanluis.com\/index.php\/2024\/02\/12\/las-lluvias-provocaron-fuertes-crecidas-en-potrero-el-trapiche-y-la-carolina\/","url":"https:\/\/apuntesdesanluis.com\/index.php\/2024\/02\/12\/las-lluvias-provocaron-fuertes-crecidas-en-potrero-el-trapiche-y-la-carolina\/","name":"LAS LLUVIAS PROVOCARON FUERTES CRECIDAS EN POTRERO, EL TRAPICHE Y LA CAROLINA - Apuntes de San Luis","isPartOf":{"@id":"https:\/\/apuntesdesanluis.com\/#website"},"primaryImageOfPage":{"@id":"https:\/\/apuntesdesanluis.com\/index.php\/2024\/02\/12\/las-lluvias-provocaron-fuertes-crecidas-en-potrero-el-trapiche-y-la-carolina\/#primaryimage"},"image":{"@id":"https:\/\/apuntesdesanluis.com\/index.php\/2024\/02\/12\/las-lluvias-provocaron-fuertes-crecidas-en-potrero-el-trapiche-y-la-carolina\/#primaryimage"},"thumbnailUrl":"https:\/\/apuntesdesanluis.com\/wp-content\/uploads\/2024\/02\/casa-tapa.png","datePublished":"2024-02-13T01:10:41+00:00","dateModified":"2024-02-13T01:11:26+00:00","breadcrumb":{"@id":"https:\/\/apuntesdesanluis.com\/index.php\/2024\/02\/12\/las-lluvias-provocaron-fuertes-crecidas-en-potrero-el-trapiche-y-la-carolina\/#breadcrumb"},"inLanguage":"es-AR","potentialAction":[{"@type":"ReadAction","target":["https:\/\/apuntesdesanluis.com\/index.php\/2024\/02\/12\/las-lluvias-provocaron-fuertes-crecidas-en-potrero-el-trapiche-y-la-carolina\/"]}]},{"@type":"ImageObject","inLanguage":"es-AR","@id":"https:\/\/apuntesdesanluis.com\/index.php\/2024\/02\/12\/las-lluvias-provocaron-fuertes-crecidas-en-potrero-el-trapiche-y-la-carolina\/#primaryimage","url":"https:\/\/apuntesdesanluis.com\/wp-content\/uploads\/2024\/02\/casa-tapa.png","contentUrl":"https:\/\/apuntesdesanluis.com\/wp-content\/uploads\/2024\/02\/casa-tapa.png","width":600,"height":426},{"@type":"BreadcrumbList","@id":"https:\/\/apuntesdesanluis.com\/index.php\/2024\/02\/12\/las-lluvias-provocaron-fuertes-crecidas-en-potrero-el-trapiche-y-la-carolina\/#breadcrumb","itemListElement":[{"@type":"ListItem","position":1,"name":"Inicio","item":"https:\/\/apuntesdesanluis.com\/"},{"@type":"ListItem","position":2,"name":"LAS LLUVIAS PROVOCARON FUERTES CRECIDAS EN POTRERO, EL TRAPICHE Y LA CAROLINA"}]},{"@type":"WebSite","@id":"https:\/\/apuntesdesanluis.com\/#website","url":"https:\/\/apuntesdesanluis.com\/","name":"Apuntes de San Luis","description":"","publisher":{"@id":"https:\/\/apuntesdesanluis.com\/#\/schema\/person\/b55151d52296fcce64d1a72538a70b90"},"potentialAction":[{"@type":"SearchAction","target":{"@type":"EntryPoint","urlTemplate":"https:\/\/apuntesdesanluis.com\/?s={search_term_string}"},"query-input":{"@type":"PropertyValueSpecification","valueRequired":true,"valueName":"search_term_string"}}],"inLanguage":"es-AR"},{"@type":["Person","Organization"],"@id":"https:\/\/apuntesdesanluis.com\/#\/schema\/person\/b55151d52296fcce64d1a72538a70b90","name":"apuntesdesanluis.com","image":{"@type":"ImageObject","inLanguage":"es-AR","@id":"https:\/\/apuntesdesanluis.com\/#\/schema\/person\/image\/","url":"https:\/\/apuntesdesanluis.com\/wp-content\/uploads\/2023\/07\/cropped-apuntesdesanluis.png","contentUrl":"https:\/\/apuntesdesanluis.com\/wp-content\/uploads\/2023\/07\/cropped-apuntesdesanluis.png","width":450,"height":112,"caption":"apuntesdesanluis.com"},"logo":{"@id":"https:\/\/apuntesdesanluis.com\/#\/schema\/person\/image\/"},"sameAs":["https:\/\/apuntesdesanluis.com"],"url":"https:\/\/apuntesdesanluis.com\/index.php\/author\/apuntesdesanluis-com\/"}]}},"featured_image_urls":{"full":["https:\/\/apuntesdesanluis.com\/wp-content\/uploads\/2024\/02\/casa-tapa.png",600,426,false],"thumbnail":["https:\/\/apuntesdesanluis.com\/wp-content\/uploads\/2024\/02\/casa-tapa-150x150.png",150,150,true],"medium":["https:\/\/apuntesdesanluis.com\/wp-content\/uploads\/2024\/02\/casa-tapa-300x213.png",300,213,true],"medium_large":["https:\/\/apuntesdesanluis.com\/wp-content\/uploads\/2024\/02\/casa-tapa.png",600,426,false],"large":["https:\/\/apuntesdesanluis.com\/wp-content\/uploads\/2024\/02\/casa-tapa.png",600,426,false],"1536x1536":["https:\/\/apuntesdesanluis.com\/wp-content\/uploads\/2024\/02\/casa-tapa.png",600,426,false],"2048x2048":["https:\/\/apuntesdesanluis.com\/wp-content\/uploads\/2024\/02\/casa-tapa.png",600,426,false],"newsever-slider-full":["https:\/\/apuntesdesanluis.com\/wp-content\/uploads\/2024\/02\/casa-tapa.png",600,426,false],"newsever-featured":["https:\/\/apuntesdesanluis.com\/wp-content\/uploads\/2024\/02\/casa-tapa.png",600,426,false],"newsever-medium":["https:\/\/apuntesdesanluis.com\/wp-content\/uploads\/2024\/02\/casa-tapa.png",600,426,false]},"author_info":{"display_name":"apuntesdesanluis.com","author_link":"https:\/\/apuntesdesanluis.com\/index.php\/author\/apuntesdesanluis-com\/"},"category_info":"<a href=\"https:\/\/apuntesdesanluis.com\/index.php\/category\/ciudad-provincia\/\" rel=\"category tag\">Ciudad\/Provincia<\/a>","tag_info":"Ciudad\/Provincia","comment_count":"0","_links":{"self":[{"href":"https:\/\/apuntesdesanluis.com\/index.php\/wp-json\/wp\/v2\/posts\/11620","targetHints":{"allow":["GET"]}}],"collection":[{"href":"https:\/\/apuntesdesanluis.com\/index.php\/wp-json\/wp\/v2\/posts"}],"about":[{"href":"https:\/\/apuntesdesanluis.com\/index.php\/wp-json\/wp\/v2\/types\/post"}],"author":[{"embeddable":true,"href":"https:\/\/apuntesdesanluis.com\/index.php\/wp-json\/wp\/v2\/users\/1"}],"replies":[{"embeddable":true,"href":"https:\/\/apuntesdesanluis.com\/index.php\/wp-json\/wp\/v2\/comments?post=11620"}],"version-history":[{"count":2,"href":"https:\/\/apuntesdesanluis.com\/index.php\/wp-json\/wp\/v2\/posts\/11620\/revisions"}],"predecessor-version":[{"id":11624,"href":"https:\/\/apuntesdesanluis.com\/index.php\/wp-json\/wp\/v2\/posts\/11620\/revisions\/11624"}],"wp:featuredmedia":[{"embeddable":true,"href":"https:\/\/apuntesdesanluis.com\/index.php\/wp-json\/wp\/v2\/media\/11621"}],"wp:attachment":[{"href":"https:\/\/apuntesdesanluis.com\/index.php\/wp-json\/wp\/v2\/media?parent=11620"}],"wp:term":[{"taxonomy":"category","embeddable":true,"href":"https:\/\/apuntesdesanluis.com\/index.php\/wp-json\/wp\/v2\/categories?post=11620"},{"taxonomy":"post_tag","embeddable":true,"href":"https:\/\/apuntesdesanluis.com\/index.php\/wp-json\/wp\/v2\/tags?post=11620"}],"curies":[{"name":"wp","href":"https:\/\/api.w.org\/{rel}","templated":true}]}}