{"id":11639,"date":"2024-02-12T12:03:18","date_gmt":"2024-02-12T15:03:18","guid":{"rendered":"https:\/\/apuntesdesanluis.com\/?p=11639"},"modified":"2024-02-13T12:04:48","modified_gmt":"2024-02-13T15:04:48","slug":"por-un-derrumbe-cortan-la-circulacion-de-la-ruta-que-une-la-carolina-con-san-francisco","status":"publish","type":"post","link":"https:\/\/apuntesdesanluis.com\/index.php\/2024\/02\/12\/por-un-derrumbe-cortan-la-circulacion-de-la-ruta-que-une-la-carolina-con-san-francisco\/","title":{"rendered":"POR UN DERRUMBE, CORTAN LA CIRCULACI\u00d3N DE LA RUTA QUE UNE LA CAROLINA CON SAN FRANCISCO"},"content":{"rendered":"<h3>Vialidad Provincial detect\u00f3 un derrumbe a la altura del kil\u00f3metro 4,5 entre el mirador del cerro El Amago y Rodeo de Gallinas. La intensa lluvia gener\u00f3 un da\u00f1o estructural en la carpeta asf\u00e1ltica. La interrupci\u00f3n es por tiempo indeterminado.<\/h3>\n<h3>Las fuertes precipitaciones ca\u00eddas en las \u00faltimas horas generaron un derrumbe sobre la ruta N\u00ba 9, en el tramo que conecta a las localidades de <strong>San Francisco y La Carolina<\/strong>. La direcci\u00f3n de Vialidad Provincial inform\u00f3 que se produjo una ca\u00edda de rocas de gran tama\u00f1o en la zona del mirador del Cerro El Amago y Rodeo de las Gallinas, por lo que decidi\u00f3 realizar un corte de la circulaci\u00f3n por tiempo indeterminado.<\/h3>\n<h3><img fetchpriority=\"high\" decoding=\"async\" class=\"wp-image-11641 aligncenter\" src=\"https:\/\/apuntesdesanluis.com\/wp-content\/uploads\/2024\/02\/DESMORONAMIENTO-300x218.png\" alt=\"\" width=\"623\" height=\"453\" srcset=\"https:\/\/apuntesdesanluis.com\/wp-content\/uploads\/2024\/02\/DESMORONAMIENTO-300x218.png 300w, https:\/\/apuntesdesanluis.com\/wp-content\/uploads\/2024\/02\/DESMORONAMIENTO.png 600w\" sizes=\"(max-width: 623px) 100vw, 623px\" \/><\/h3>\n<h3>\u201cEn el recorrido entre el mirador y la intersecci\u00f3n de la ruta N\u00ba9 con la calle Pastor, tramo que comprende 11,7 kil\u00f3metros, el derrumbe se produjo a la altura del kil\u00f3metro 4,5, bajando hacia San Francisco. La gran cantidad de agua ca\u00edda en un corto periodo de tiempo produjo que desde el cerro baje un aluvi\u00f3n incontrolable de gran caudal que se filtr\u00f3 entre la carpeta asf\u00e1ltica y la pirca, lo que la descalz\u00f3 r\u00e1pidamente\u201d, explicaron fuentes del organismo provincial.<\/h3>\n<h3>Se\u00f1alaron que en este proceso el agua debilit\u00f3 la estructura de sost\u00e9n de la carpeta de hormig\u00f3n, lo que gener\u00f3 graves da\u00f1os y una fisura estructural, por lo que es insegura la circulaci\u00f3n de cualquier tipo de veh\u00edculo.<\/h3>\n<p><img decoding=\"async\" class=\"wp-image-11642 aligncenter\" src=\"https:\/\/apuntesdesanluis.com\/wp-content\/uploads\/2024\/02\/MAPS-300x183.png\" alt=\"\" width=\"630\" height=\"384\" srcset=\"https:\/\/apuntesdesanluis.com\/wp-content\/uploads\/2024\/02\/MAPS-300x183.png 300w, https:\/\/apuntesdesanluis.com\/wp-content\/uploads\/2024\/02\/MAPS.png 600w\" sizes=\"(max-width: 630px) 100vw, 630px\" \/><\/p>\n<p>&nbsp;<\/p>\n<p>&nbsp;<\/p>\n<p>&nbsp;<\/p>\n<p>&nbsp;<\/p>\n<p>&nbsp;<\/p>\n<p>&nbsp;<\/p>\n","protected":false},"excerpt":{"rendered":"<p>Vialidad Provincial detect\u00f3 un derrumbe a la altura del kil\u00f3metro 4,5 entre el mirador del&#8230;<\/p>\n","protected":false},"author":1,"featured_media":11640,"comment_status":"closed","ping_status":"closed","sticky":false,"template":"","format":"standard","meta":{"footnotes":""},"categories":[6],"tags":[],"class_list":["post-11639","post","type-post","status-publish","format-standard","has-post-thumbnail","hentry","category-ciudad-provincia"],"yoast_head":"<!-- This site is optimized with the Yoast SEO plugin v26.1.1 - https:\/\/yoast.com\/wordpress\/plugins\/seo\/ -->\n<title>POR UN DERRUMBE, CORTAN LA CIRCULACI\u00d3N DE LA RUTA QUE UNE LA CAROLINA CON SAN FRANCISCO - Apuntes de San Luis<\/title>\n<meta name=\"robots\" content=\"index, follow, max-snippet:-1, max-image-preview:large, max-video-preview:-1\" \/>\n<link rel=\"canonical\" href=\"https:\/\/apuntesdesanluis.com\/index.php\/2024\/02\/12\/por-un-derrumbe-cortan-la-circulacion-de-la-ruta-que-une-la-carolina-con-san-francisco\/\" \/>\n<meta property=\"og:locale\" content=\"es_ES\" \/>\n<meta property=\"og:type\" content=\"article\" \/>\n<meta property=\"og:title\" content=\"POR UN DERRUMBE, CORTAN LA CIRCULACI\u00d3N DE LA RUTA QUE UNE LA CAROLINA CON SAN FRANCISCO - Apuntes de San Luis\" \/>\n<meta property=\"og:description\" content=\"Vialidad Provincial detect\u00f3 un derrumbe a la altura del kil\u00f3metro 4,5 entre el mirador del...\" \/>\n<meta property=\"og:url\" content=\"https:\/\/apuntesdesanluis.com\/index.php\/2024\/02\/12\/por-un-derrumbe-cortan-la-circulacion-de-la-ruta-que-une-la-carolina-con-san-francisco\/\" \/>\n<meta property=\"og:site_name\" content=\"Apuntes de San Luis\" \/>\n<meta property=\"article:published_time\" content=\"2024-02-12T15:03:18+00:00\" \/>\n<meta property=\"article:modified_time\" content=\"2024-02-13T15:04:48+00:00\" \/>\n<meta property=\"og:image\" content=\"https:\/\/apuntesdesanluis.com\/wp-content\/uploads\/2024\/02\/DERRUMBE.png\" \/>\n\t<meta property=\"og:image:width\" content=\"600\" \/>\n\t<meta property=\"og:image:height\" content=\"383\" \/>\n\t<meta property=\"og:image:type\" content=\"image\/png\" \/>\n<meta name=\"author\" content=\"apuntesdesanluis.com\" \/>\n<meta name=\"twitter:card\" content=\"summary_large_image\" \/>\n<meta name=\"twitter:label1\" content=\"Escrito por\" \/>\n\t<meta name=\"twitter:data1\" content=\"apuntesdesanluis.com\" \/>\n\t<meta name=\"twitter:label2\" content=\"Tiempo de lectura\" \/>\n\t<meta name=\"twitter:data2\" content=\"2 minutos\" \/>\n<script type=\"application\/ld+json\" class=\"yoast-schema-graph\">{\"@context\":\"https:\/\/schema.org\",\"@graph\":[{\"@type\":\"Article\",\"@id\":\"https:\/\/apuntesdesanluis.com\/index.php\/2024\/02\/12\/por-un-derrumbe-cortan-la-circulacion-de-la-ruta-que-une-la-carolina-con-san-francisco\/#article\",\"isPartOf\":{\"@id\":\"https:\/\/apuntesdesanluis.com\/index.php\/2024\/02\/12\/por-un-derrumbe-cortan-la-circulacion-de-la-ruta-que-une-la-carolina-con-san-francisco\/\"},\"author\":{\"name\":\"apuntesdesanluis.com\",\"@id\":\"https:\/\/apuntesdesanluis.com\/#\/schema\/person\/b55151d52296fcce64d1a72538a70b90\"},\"headline\":\"POR UN DERRUMBE, CORTAN LA CIRCULACI\u00d3N DE LA RUTA QUE UNE LA CAROLINA CON SAN FRANCISCO\",\"datePublished\":\"2024-02-12T15:03:18+00:00\",\"dateModified\":\"2024-02-13T15:04:48+00:00\",\"mainEntityOfPage\":{\"@id\":\"https:\/\/apuntesdesanluis.com\/index.php\/2024\/02\/12\/por-un-derrumbe-cortan-la-circulacion-de-la-ruta-que-une-la-carolina-con-san-francisco\/\"},\"wordCount\":271,\"publisher\":{\"@id\":\"https:\/\/apuntesdesanluis.com\/#\/schema\/person\/b55151d52296fcce64d1a72538a70b90\"},\"image\":{\"@id\":\"https:\/\/apuntesdesanluis.com\/index.php\/2024\/02\/12\/por-un-derrumbe-cortan-la-circulacion-de-la-ruta-que-une-la-carolina-con-san-francisco\/#primaryimage\"},\"thumbnailUrl\":\"https:\/\/apuntesdesanluis.com\/wp-content\/uploads\/2024\/02\/DERRUMBE.png\",\"articleSection\":[\"Ciudad\/Provincia\"],\"inLanguage\":\"es-AR\"},{\"@type\":\"WebPage\",\"@id\":\"https:\/\/apuntesdesanluis.com\/index.php\/2024\/02\/12\/por-un-derrumbe-cortan-la-circulacion-de-la-ruta-que-une-la-carolina-con-san-francisco\/\",\"url\":\"https:\/\/apuntesdesanluis.com\/index.php\/2024\/02\/12\/por-un-derrumbe-cortan-la-circulacion-de-la-ruta-que-une-la-carolina-con-san-francisco\/\",\"name\":\"POR UN DERRUMBE, CORTAN LA CIRCULACI\u00d3N DE LA RUTA QUE UNE LA CAROLINA CON SAN FRANCISCO - Apuntes de San Luis\",\"isPartOf\":{\"@id\":\"https:\/\/apuntesdesanluis.com\/#website\"},\"primaryImageOfPage\":{\"@id\":\"https:\/\/apuntesdesanluis.com\/index.php\/2024\/02\/12\/por-un-derrumbe-cortan-la-circulacion-de-la-ruta-que-une-la-carolina-con-san-francisco\/#primaryimage\"},\"image\":{\"@id\":\"https:\/\/apuntesdesanluis.com\/index.php\/2024\/02\/12\/por-un-derrumbe-cortan-la-circulacion-de-la-ruta-que-une-la-carolina-con-san-francisco\/#primaryimage\"},\"thumbnailUrl\":\"https:\/\/apuntesdesanluis.com\/wp-content\/uploads\/2024\/02\/DERRUMBE.png\",\"datePublished\":\"2024-02-12T15:03:18+00:00\",\"dateModified\":\"2024-02-13T15:04:48+00:00\",\"breadcrumb\":{\"@id\":\"https:\/\/apuntesdesanluis.com\/index.php\/2024\/02\/12\/por-un-derrumbe-cortan-la-circulacion-de-la-ruta-que-une-la-carolina-con-san-francisco\/#breadcrumb\"},\"inLanguage\":\"es-AR\",\"potentialAction\":[{\"@type\":\"ReadAction\",\"target\":[\"https:\/\/apuntesdesanluis.com\/index.php\/2024\/02\/12\/por-un-derrumbe-cortan-la-circulacion-de-la-ruta-que-une-la-carolina-con-san-francisco\/\"]}]},{\"@type\":\"ImageObject\",\"inLanguage\":\"es-AR\",\"@id\":\"https:\/\/apuntesdesanluis.com\/index.php\/2024\/02\/12\/por-un-derrumbe-cortan-la-circulacion-de-la-ruta-que-une-la-carolina-con-san-francisco\/#primaryimage\",\"url\":\"https:\/\/apuntesdesanluis.com\/wp-content\/uploads\/2024\/02\/DERRUMBE.png\",\"contentUrl\":\"https:\/\/apuntesdesanluis.com\/wp-content\/uploads\/2024\/02\/DERRUMBE.png\",\"width\":600,\"height\":383},{\"@type\":\"BreadcrumbList\",\"@id\":\"https:\/\/apuntesdesanluis.com\/index.php\/2024\/02\/12\/por-un-derrumbe-cortan-la-circulacion-de-la-ruta-que-une-la-carolina-con-san-francisco\/#breadcrumb\",\"itemListElement\":[{\"@type\":\"ListItem\",\"position\":1,\"name\":\"Inicio\",\"item\":\"https:\/\/apuntesdesanluis.com\/\"},{\"@type\":\"ListItem\",\"position\":2,\"name\":\"POR UN DERRUMBE, CORTAN LA CIRCULACI\u00d3N DE LA RUTA QUE UNE LA CAROLINA CON SAN FRANCISCO\"}]},{\"@type\":\"WebSite\",\"@id\":\"https:\/\/apuntesdesanluis.com\/#website\",\"url\":\"https:\/\/apuntesdesanluis.com\/\",\"name\":\"Apuntes de San Luis\",\"description\":\"\",\"publisher\":{\"@id\":\"https:\/\/apuntesdesanluis.com\/#\/schema\/person\/b55151d52296fcce64d1a72538a70b90\"},\"potentialAction\":[{\"@type\":\"SearchAction\",\"target\":{\"@type\":\"EntryPoint\",\"urlTemplate\":\"https:\/\/apuntesdesanluis.com\/?s={search_term_string}\"},\"query-input\":{\"@type\":\"PropertyValueSpecification\",\"valueRequired\":true,\"valueName\":\"search_term_string\"}}],\"inLanguage\":\"es-AR\"},{\"@type\":[\"Person\",\"Organization\"],\"@id\":\"https:\/\/apuntesdesanluis.com\/#\/schema\/person\/b55151d52296fcce64d1a72538a70b90\",\"name\":\"apuntesdesanluis.com\",\"image\":{\"@type\":\"ImageObject\",\"inLanguage\":\"es-AR\",\"@id\":\"https:\/\/apuntesdesanluis.com\/#\/schema\/person\/image\/\",\"url\":\"https:\/\/apuntesdesanluis.com\/wp-content\/uploads\/2023\/07\/cropped-apuntesdesanluis.png\",\"contentUrl\":\"https:\/\/apuntesdesanluis.com\/wp-content\/uploads\/2023\/07\/cropped-apuntesdesanluis.png\",\"width\":450,\"height\":112,\"caption\":\"apuntesdesanluis.com\"},\"logo\":{\"@id\":\"https:\/\/apuntesdesanluis.com\/#\/schema\/person\/image\/\"},\"sameAs\":[\"https:\/\/apuntesdesanluis.com\"],\"url\":\"https:\/\/apuntesdesanluis.com\/index.php\/author\/apuntesdesanluis-com\/\"}]}<\/script>\n<!-- \/ Yoast SEO plugin. -->","yoast_head_json":{"title":"POR UN DERRUMBE, CORTAN LA CIRCULACI\u00d3N DE LA RUTA QUE UNE LA CAROLINA CON SAN FRANCISCO - Apuntes de San Luis","robots":{"index":"index","follow":"follow","max-snippet":"max-snippet:-1","max-image-preview":"max-image-preview:large","max-video-preview":"max-video-preview:-1"},"canonical":"https:\/\/apuntesdesanluis.com\/index.php\/2024\/02\/12\/por-un-derrumbe-cortan-la-circulacion-de-la-ruta-que-une-la-carolina-con-san-francisco\/","og_locale":"es_ES","og_type":"article","og_title":"POR UN DERRUMBE, CORTAN LA CIRCULACI\u00d3N DE LA RUTA QUE UNE LA CAROLINA CON SAN FRANCISCO - Apuntes de San Luis","og_description":"Vialidad Provincial detect\u00f3 un derrumbe a la altura del kil\u00f3metro 4,5 entre el mirador del...","og_url":"https:\/\/apuntesdesanluis.com\/index.php\/2024\/02\/12\/por-un-derrumbe-cortan-la-circulacion-de-la-ruta-que-une-la-carolina-con-san-francisco\/","og_site_name":"Apuntes de San Luis","article_published_time":"2024-02-12T15:03:18+00:00","article_modified_time":"2024-02-13T15:04:48+00:00","og_image":[{"width":600,"height":383,"url":"https:\/\/apuntesdesanluis.com\/wp-content\/uploads\/2024\/02\/DERRUMBE.png","type":"image\/png"}],"author":"apuntesdesanluis.com","twitter_card":"summary_large_image","twitter_misc":{"Escrito por":"apuntesdesanluis.com","Tiempo de lectura":"2 minutos"},"schema":{"@context":"https:\/\/schema.org","@graph":[{"@type":"Article","@id":"https:\/\/apuntesdesanluis.com\/index.php\/2024\/02\/12\/por-un-derrumbe-cortan-la-circulacion-de-la-ruta-que-une-la-carolina-con-san-francisco\/#article","isPartOf":{"@id":"https:\/\/apuntesdesanluis.com\/index.php\/2024\/02\/12\/por-un-derrumbe-cortan-la-circulacion-de-la-ruta-que-une-la-carolina-con-san-francisco\/"},"author":{"name":"apuntesdesanluis.com","@id":"https:\/\/apuntesdesanluis.com\/#\/schema\/person\/b55151d52296fcce64d1a72538a70b90"},"headline":"POR UN DERRUMBE, CORTAN LA CIRCULACI\u00d3N DE LA RUTA QUE UNE LA CAROLINA CON SAN FRANCISCO","datePublished":"2024-02-12T15:03:18+00:00","dateModified":"2024-02-13T15:04:48+00:00","mainEntityOfPage":{"@id":"https:\/\/apuntesdesanluis.com\/index.php\/2024\/02\/12\/por-un-derrumbe-cortan-la-circulacion-de-la-ruta-que-une-la-carolina-con-san-francisco\/"},"wordCount":271,"publisher":{"@id":"https:\/\/apuntesdesanluis.com\/#\/schema\/person\/b55151d52296fcce64d1a72538a70b90"},"image":{"@id":"https:\/\/apuntesdesanluis.com\/index.php\/2024\/02\/12\/por-un-derrumbe-cortan-la-circulacion-de-la-ruta-que-une-la-carolina-con-san-francisco\/#primaryimage"},"thumbnailUrl":"https:\/\/apuntesdesanluis.com\/wp-content\/uploads\/2024\/02\/DERRUMBE.png","articleSection":["Ciudad\/Provincia"],"inLanguage":"es-AR"},{"@type":"WebPage","@id":"https:\/\/apuntesdesanluis.com\/index.php\/2024\/02\/12\/por-un-derrumbe-cortan-la-circulacion-de-la-ruta-que-une-la-carolina-con-san-francisco\/","url":"https:\/\/apuntesdesanluis.com\/index.php\/2024\/02\/12\/por-un-derrumbe-cortan-la-circulacion-de-la-ruta-que-une-la-carolina-con-san-francisco\/","name":"POR UN DERRUMBE, CORTAN LA CIRCULACI\u00d3N DE LA RUTA QUE UNE LA CAROLINA CON SAN FRANCISCO - Apuntes de San Luis","isPartOf":{"@id":"https:\/\/apuntesdesanluis.com\/#website"},"primaryImageOfPage":{"@id":"https:\/\/apuntesdesanluis.com\/index.php\/2024\/02\/12\/por-un-derrumbe-cortan-la-circulacion-de-la-ruta-que-une-la-carolina-con-san-francisco\/#primaryimage"},"image":{"@id":"https:\/\/apuntesdesanluis.com\/index.php\/2024\/02\/12\/por-un-derrumbe-cortan-la-circulacion-de-la-ruta-que-une-la-carolina-con-san-francisco\/#primaryimage"},"thumbnailUrl":"https:\/\/apuntesdesanluis.com\/wp-content\/uploads\/2024\/02\/DERRUMBE.png","datePublished":"2024-02-12T15:03:18+00:00","dateModified":"2024-02-13T15:04:48+00:00","breadcrumb":{"@id":"https:\/\/apuntesdesanluis.com\/index.php\/2024\/02\/12\/por-un-derrumbe-cortan-la-circulacion-de-la-ruta-que-une-la-carolina-con-san-francisco\/#breadcrumb"},"inLanguage":"es-AR","potentialAction":[{"@type":"ReadAction","target":["https:\/\/apuntesdesanluis.com\/index.php\/2024\/02\/12\/por-un-derrumbe-cortan-la-circulacion-de-la-ruta-que-une-la-carolina-con-san-francisco\/"]}]},{"@type":"ImageObject","inLanguage":"es-AR","@id":"https:\/\/apuntesdesanluis.com\/index.php\/2024\/02\/12\/por-un-derrumbe-cortan-la-circulacion-de-la-ruta-que-une-la-carolina-con-san-francisco\/#primaryimage","url":"https:\/\/apuntesdesanluis.com\/wp-content\/uploads\/2024\/02\/DERRUMBE.png","contentUrl":"https:\/\/apuntesdesanluis.com\/wp-content\/uploads\/2024\/02\/DERRUMBE.png","width":600,"height":383},{"@type":"BreadcrumbList","@id":"https:\/\/apuntesdesanluis.com\/index.php\/2024\/02\/12\/por-un-derrumbe-cortan-la-circulacion-de-la-ruta-que-une-la-carolina-con-san-francisco\/#breadcrumb","itemListElement":[{"@type":"ListItem","position":1,"name":"Inicio","item":"https:\/\/apuntesdesanluis.com\/"},{"@type":"ListItem","position":2,"name":"POR UN DERRUMBE, CORTAN LA CIRCULACI\u00d3N DE LA RUTA QUE UNE LA CAROLINA CON SAN FRANCISCO"}]},{"@type":"WebSite","@id":"https:\/\/apuntesdesanluis.com\/#website","url":"https:\/\/apuntesdesanluis.com\/","name":"Apuntes de San Luis","description":"","publisher":{"@id":"https:\/\/apuntesdesanluis.com\/#\/schema\/person\/b55151d52296fcce64d1a72538a70b90"},"potentialAction":[{"@type":"SearchAction","target":{"@type":"EntryPoint","urlTemplate":"https:\/\/apuntesdesanluis.com\/?s={search_term_string}"},"query-input":{"@type":"PropertyValueSpecification","valueRequired":true,"valueName":"search_term_string"}}],"inLanguage":"es-AR"},{"@type":["Person","Organization"],"@id":"https:\/\/apuntesdesanluis.com\/#\/schema\/person\/b55151d52296fcce64d1a72538a70b90","name":"apuntesdesanluis.com","image":{"@type":"ImageObject","inLanguage":"es-AR","@id":"https:\/\/apuntesdesanluis.com\/#\/schema\/person\/image\/","url":"https:\/\/apuntesdesanluis.com\/wp-content\/uploads\/2023\/07\/cropped-apuntesdesanluis.png","contentUrl":"https:\/\/apuntesdesanluis.com\/wp-content\/uploads\/2023\/07\/cropped-apuntesdesanluis.png","width":450,"height":112,"caption":"apuntesdesanluis.com"},"logo":{"@id":"https:\/\/apuntesdesanluis.com\/#\/schema\/person\/image\/"},"sameAs":["https:\/\/apuntesdesanluis.com"],"url":"https:\/\/apuntesdesanluis.com\/index.php\/author\/apuntesdesanluis-com\/"}]}},"featured_image_urls":{"full":["https:\/\/apuntesdesanluis.com\/wp-content\/uploads\/2024\/02\/DERRUMBE.png",600,383,false],"thumbnail":["https:\/\/apuntesdesanluis.com\/wp-content\/uploads\/2024\/02\/DERRUMBE-150x150.png",150,150,true],"medium":["https:\/\/apuntesdesanluis.com\/wp-content\/uploads\/2024\/02\/DERRUMBE-300x192.png",300,192,true],"medium_large":["https:\/\/apuntesdesanluis.com\/wp-content\/uploads\/2024\/02\/DERRUMBE.png",600,383,false],"large":["https:\/\/apuntesdesanluis.com\/wp-content\/uploads\/2024\/02\/DERRUMBE.png",600,383,false],"1536x1536":["https:\/\/apuntesdesanluis.com\/wp-content\/uploads\/2024\/02\/DERRUMBE.png",600,383,false],"2048x2048":["https:\/\/apuntesdesanluis.com\/wp-content\/uploads\/2024\/02\/DERRUMBE.png",600,383,false],"newsever-slider-full":["https:\/\/apuntesdesanluis.com\/wp-content\/uploads\/2024\/02\/DERRUMBE.png",600,383,false],"newsever-featured":["https:\/\/apuntesdesanluis.com\/wp-content\/uploads\/2024\/02\/DERRUMBE.png",600,383,false],"newsever-medium":["https:\/\/apuntesdesanluis.com\/wp-content\/uploads\/2024\/02\/DERRUMBE.png",600,383,false]},"author_info":{"display_name":"apuntesdesanluis.com","author_link":"https:\/\/apuntesdesanluis.com\/index.php\/author\/apuntesdesanluis-com\/"},"category_info":"<a href=\"https:\/\/apuntesdesanluis.com\/index.php\/category\/ciudad-provincia\/\" rel=\"category tag\">Ciudad\/Provincia<\/a>","tag_info":"Ciudad\/Provincia","comment_count":"0","_links":{"self":[{"href":"https:\/\/apuntesdesanluis.com\/index.php\/wp-json\/wp\/v2\/posts\/11639","targetHints":{"allow":["GET"]}}],"collection":[{"href":"https:\/\/apuntesdesanluis.com\/index.php\/wp-json\/wp\/v2\/posts"}],"about":[{"href":"https:\/\/apuntesdesanluis.com\/index.php\/wp-json\/wp\/v2\/types\/post"}],"author":[{"embeddable":true,"href":"https:\/\/apuntesdesanluis.com\/index.php\/wp-json\/wp\/v2\/users\/1"}],"replies":[{"embeddable":true,"href":"https:\/\/apuntesdesanluis.com\/index.php\/wp-json\/wp\/v2\/comments?post=11639"}],"version-history":[{"count":3,"href":"https:\/\/apuntesdesanluis.com\/index.php\/wp-json\/wp\/v2\/posts\/11639\/revisions"}],"predecessor-version":[{"id":11645,"href":"https:\/\/apuntesdesanluis.com\/index.php\/wp-json\/wp\/v2\/posts\/11639\/revisions\/11645"}],"wp:featuredmedia":[{"embeddable":true,"href":"https:\/\/apuntesdesanluis.com\/index.php\/wp-json\/wp\/v2\/media\/11640"}],"wp:attachment":[{"href":"https:\/\/apuntesdesanluis.com\/index.php\/wp-json\/wp\/v2\/media?parent=11639"}],"wp:term":[{"taxonomy":"category","embeddable":true,"href":"https:\/\/apuntesdesanluis.com\/index.php\/wp-json\/wp\/v2\/categories?post=11639"},{"taxonomy":"post_tag","embeddable":true,"href":"https:\/\/apuntesdesanluis.com\/index.php\/wp-json\/wp\/v2\/tags?post=11639"}],"curies":[{"name":"wp","href":"https:\/\/api.w.org\/{rel}","templated":true}]}}