{"id":11646,"date":"2024-02-13T12:13:10","date_gmt":"2024-02-13T15:13:10","guid":{"rendered":"https:\/\/apuntesdesanluis.com\/?p=11646"},"modified":"2024-02-13T12:13:10","modified_gmt":"2024-02-13T15:13:10","slug":"las-transferencias-automaticas-a-las-provincias-alcanzarian-el-nivel-mas-bajo-desde-el-2007","status":"publish","type":"post","link":"https:\/\/apuntesdesanluis.com\/index.php\/2024\/02\/13\/las-transferencias-automaticas-a-las-provincias-alcanzarian-el-nivel-mas-bajo-desde-el-2007\/","title":{"rendered":"LAS TRANSFERENCIAS AUTOM\u00c1TICAS A LAS PROVINCIAS ALCANZAR\u00cdAN EL NIVEL M\u00c1S BAJO DESDE EL 2007"},"content":{"rendered":"<h3>La merma del porcentaje de recaudaci\u00f3n girado a las provincias est\u00e1 vinculada a un menor ingreso por recursos coparticipables.<\/h3>\n<h3>Las transferencias autom\u00e1ticas a las provincias alcanzar\u00edan, este a\u00f1o, el nivel m\u00e1s bajo desde el 2007, debido a la pol\u00edtica de recorte del gasto propiciada por el Gobierno nacional y al menor ingreso por impuestos coparticipables, de acuerdo a lo estimado en un informe por la consultora LCG.<\/h3>\n<h3>El estudio de LCG proyect\u00f3 que \u201cesperamos que las provincias se queden con apenas 28% del total recaudado, un nivel semejante al de 15 a\u00f1os atr\u00e1s\u201d. Este porcentaje significar\u00eda un retroceso evidente frente al 34% de la recaudaci\u00f3n impositiva total recibida el a\u00f1o pasado por los Estados provinciales, un nivel hist\u00f3rico alto, que igual\u00f3 la misma proporci\u00f3n registrada en 2020.<\/h3>\n<h3>Al explicar los motivos de la merma, la consultora expres\u00f3 que \u201deste a\u00f1o las provincias ver\u00e1n reducida su participaci\u00f3n en el total de la recaudaci\u00f3n nacional porque el aumento de los recursos tributarios ser\u00e1 traccionado por los impuestos no coparticipados: derechos de exportaci\u00f3n a partir del fin de la sequ\u00eda y del sinceramiento del tipo de cambio aplicable (por ahora un esquema 80% oficial y 20% CCL) y el impuesto Pa\u00eds por la ampliaci\u00f3n de la base imponible y la suba de al\u00edcuotas dispuestas en diciembre \u00faltimo\u201d.<\/h3>\n<h3>Continuando en esa l\u00ednea, indic\u00f3 que \u201cen paralelo, el principal impuesto coparticipado (Ganancias) se ver\u00e1 afectado por la reforma del a\u00f1o pasado que elev\u00f3 a 15 salarios m\u00ednimo vitales y m\u00f3viles, el m\u00ednimo no imponible para las ganancias de la cuarta categor\u00eda de los empleados en relaci\u00f3n de dependencia\u201d.<\/h3>\n<h3>Al mismo tiempo, en medio de la disputa entre el Ejecutivo nacional y los gobiernos provinciales, profundizada por el rechazo de la Ley \u00d3mnibus en el Congreso, desde la administraci\u00f3n de Javier Milei recalcularon el ajuste sobre los fondos discrecionales que se giran a las provincias, como los destinados a financiar educaci\u00f3n, salud, vivienda o transporte p\u00fablico, y lo elevar\u00edan al doble de lo previsto inicialmente, desde 0,5% hasta 1 punto del PBI, lo que con la nominalidad de hoy significar\u00eda cerca de 1,8 billones de pesos.<\/h3>\n<h3>A pesar del mayor recorte planteado, desde LCG aseguraron que \u201cestos n\u00fameros ponen en evidencia que el recorte a los giros provinciales potencialmente tendr\u00e1 s\u00f3lo un impacto limitado, dado que a\u00fan reduci\u00e9ndolos por completo se podr\u00e1 conseguir un 20% de los 5 puntos de ajuste para equilibrar el resultado financiero\u201d.<\/h3>\n<h3>Tanto en las transferencias autom\u00e1ticas (determinadas por el c\u00e1lculo que establece la f\u00f3rmula de coparticipaci\u00f3n federal), como en las discrecionales, las provincias tendr\u00e1n una notoria ca\u00edda en los ingresos girados por el Gobierno nacional. En este sentido, con respecto a los fondos discrecionales, Naci\u00f3n ya los redujo en algunos casos un 100% en los primeros dos meses del a\u00f1o.<\/h3>\n<p>&nbsp;<\/p>\n<p>&nbsp;<\/p>\n<p>&nbsp;<\/p>\n<p>&nbsp;<\/p>\n<p>&nbsp;<\/p>\n<p>&nbsp;<\/p>\n<p>&nbsp;<\/p>\n","protected":false},"excerpt":{"rendered":"<p>La merma del porcentaje de recaudaci\u00f3n girado a las provincias est\u00e1 vinculada a un menor&#8230;<\/p>\n","protected":false},"author":1,"featured_media":11647,"comment_status":"closed","ping_status":"closed","sticky":false,"template":"","format":"standard","meta":{"footnotes":""},"categories":[5],"tags":[],"class_list":["post-11646","post","type-post","status-publish","format-standard","has-post-thumbnail","hentry","category-nacionales-internacionales"],"yoast_head":"<!-- This site is optimized with the Yoast SEO plugin v26.1.1 - https:\/\/yoast.com\/wordpress\/plugins\/seo\/ -->\n<title>LAS TRANSFERENCIAS AUTOM\u00c1TICAS A LAS PROVINCIAS ALCANZAR\u00cdAN EL NIVEL M\u00c1S BAJO DESDE EL 2007 - Apuntes de San Luis<\/title>\n<meta name=\"robots\" content=\"index, follow, max-snippet:-1, max-image-preview:large, max-video-preview:-1\" \/>\n<link rel=\"canonical\" href=\"https:\/\/apuntesdesanluis.com\/index.php\/2024\/02\/13\/las-transferencias-automaticas-a-las-provincias-alcanzarian-el-nivel-mas-bajo-desde-el-2007\/\" \/>\n<meta property=\"og:locale\" content=\"es_ES\" \/>\n<meta property=\"og:type\" content=\"article\" \/>\n<meta property=\"og:title\" content=\"LAS TRANSFERENCIAS AUTOM\u00c1TICAS A LAS PROVINCIAS ALCANZAR\u00cdAN EL NIVEL M\u00c1S BAJO DESDE EL 2007 - Apuntes de San Luis\" \/>\n<meta property=\"og:description\" content=\"La merma del porcentaje de recaudaci\u00f3n girado a las provincias est\u00e1 vinculada a un menor...\" \/>\n<meta property=\"og:url\" content=\"https:\/\/apuntesdesanluis.com\/index.php\/2024\/02\/13\/las-transferencias-automaticas-a-las-provincias-alcanzarian-el-nivel-mas-bajo-desde-el-2007\/\" \/>\n<meta property=\"og:site_name\" content=\"Apuntes de San Luis\" \/>\n<meta property=\"article:published_time\" content=\"2024-02-13T15:13:10+00:00\" \/>\n<meta property=\"og:image\" content=\"https:\/\/apuntesdesanluis.com\/wp-content\/uploads\/2024\/02\/MILEI-Y-GOBERNADORES.png\" \/>\n\t<meta property=\"og:image:width\" content=\"638\" \/>\n\t<meta property=\"og:image:height\" content=\"403\" \/>\n\t<meta property=\"og:image:type\" content=\"image\/png\" \/>\n<meta name=\"author\" content=\"apuntesdesanluis.com\" \/>\n<meta name=\"twitter:card\" content=\"summary_large_image\" \/>\n<meta name=\"twitter:label1\" content=\"Escrito por\" \/>\n\t<meta name=\"twitter:data1\" content=\"apuntesdesanluis.com\" \/>\n\t<meta name=\"twitter:label2\" content=\"Tiempo de lectura\" \/>\n\t<meta name=\"twitter:data2\" content=\"3 minutos\" \/>\n<script type=\"application\/ld+json\" class=\"yoast-schema-graph\">{\"@context\":\"https:\/\/schema.org\",\"@graph\":[{\"@type\":\"Article\",\"@id\":\"https:\/\/apuntesdesanluis.com\/index.php\/2024\/02\/13\/las-transferencias-automaticas-a-las-provincias-alcanzarian-el-nivel-mas-bajo-desde-el-2007\/#article\",\"isPartOf\":{\"@id\":\"https:\/\/apuntesdesanluis.com\/index.php\/2024\/02\/13\/las-transferencias-automaticas-a-las-provincias-alcanzarian-el-nivel-mas-bajo-desde-el-2007\/\"},\"author\":{\"name\":\"apuntesdesanluis.com\",\"@id\":\"https:\/\/apuntesdesanluis.com\/#\/schema\/person\/b55151d52296fcce64d1a72538a70b90\"},\"headline\":\"LAS TRANSFERENCIAS AUTOM\u00c1TICAS A LAS PROVINCIAS ALCANZAR\u00cdAN EL NIVEL M\u00c1S BAJO DESDE EL 2007\",\"datePublished\":\"2024-02-13T15:13:10+00:00\",\"mainEntityOfPage\":{\"@id\":\"https:\/\/apuntesdesanluis.com\/index.php\/2024\/02\/13\/las-transferencias-automaticas-a-las-provincias-alcanzarian-el-nivel-mas-bajo-desde-el-2007\/\"},\"wordCount\":514,\"publisher\":{\"@id\":\"https:\/\/apuntesdesanluis.com\/#\/schema\/person\/b55151d52296fcce64d1a72538a70b90\"},\"image\":{\"@id\":\"https:\/\/apuntesdesanluis.com\/index.php\/2024\/02\/13\/las-transferencias-automaticas-a-las-provincias-alcanzarian-el-nivel-mas-bajo-desde-el-2007\/#primaryimage\"},\"thumbnailUrl\":\"https:\/\/apuntesdesanluis.com\/wp-content\/uploads\/2024\/02\/MILEI-Y-GOBERNADORES.png\",\"articleSection\":[\"Nacionales\/Internacionales\"],\"inLanguage\":\"es-AR\"},{\"@type\":\"WebPage\",\"@id\":\"https:\/\/apuntesdesanluis.com\/index.php\/2024\/02\/13\/las-transferencias-automaticas-a-las-provincias-alcanzarian-el-nivel-mas-bajo-desde-el-2007\/\",\"url\":\"https:\/\/apuntesdesanluis.com\/index.php\/2024\/02\/13\/las-transferencias-automaticas-a-las-provincias-alcanzarian-el-nivel-mas-bajo-desde-el-2007\/\",\"name\":\"LAS TRANSFERENCIAS AUTOM\u00c1TICAS A LAS PROVINCIAS ALCANZAR\u00cdAN EL NIVEL M\u00c1S BAJO DESDE EL 2007 - Apuntes de San Luis\",\"isPartOf\":{\"@id\":\"https:\/\/apuntesdesanluis.com\/#website\"},\"primaryImageOfPage\":{\"@id\":\"https:\/\/apuntesdesanluis.com\/index.php\/2024\/02\/13\/las-transferencias-automaticas-a-las-provincias-alcanzarian-el-nivel-mas-bajo-desde-el-2007\/#primaryimage\"},\"image\":{\"@id\":\"https:\/\/apuntesdesanluis.com\/index.php\/2024\/02\/13\/las-transferencias-automaticas-a-las-provincias-alcanzarian-el-nivel-mas-bajo-desde-el-2007\/#primaryimage\"},\"thumbnailUrl\":\"https:\/\/apuntesdesanluis.com\/wp-content\/uploads\/2024\/02\/MILEI-Y-GOBERNADORES.png\",\"datePublished\":\"2024-02-13T15:13:10+00:00\",\"breadcrumb\":{\"@id\":\"https:\/\/apuntesdesanluis.com\/index.php\/2024\/02\/13\/las-transferencias-automaticas-a-las-provincias-alcanzarian-el-nivel-mas-bajo-desde-el-2007\/#breadcrumb\"},\"inLanguage\":\"es-AR\",\"potentialAction\":[{\"@type\":\"ReadAction\",\"target\":[\"https:\/\/apuntesdesanluis.com\/index.php\/2024\/02\/13\/las-transferencias-automaticas-a-las-provincias-alcanzarian-el-nivel-mas-bajo-desde-el-2007\/\"]}]},{\"@type\":\"ImageObject\",\"inLanguage\":\"es-AR\",\"@id\":\"https:\/\/apuntesdesanluis.com\/index.php\/2024\/02\/13\/las-transferencias-automaticas-a-las-provincias-alcanzarian-el-nivel-mas-bajo-desde-el-2007\/#primaryimage\",\"url\":\"https:\/\/apuntesdesanluis.com\/wp-content\/uploads\/2024\/02\/MILEI-Y-GOBERNADORES.png\",\"contentUrl\":\"https:\/\/apuntesdesanluis.com\/wp-content\/uploads\/2024\/02\/MILEI-Y-GOBERNADORES.png\",\"width\":638,\"height\":403},{\"@type\":\"BreadcrumbList\",\"@id\":\"https:\/\/apuntesdesanluis.com\/index.php\/2024\/02\/13\/las-transferencias-automaticas-a-las-provincias-alcanzarian-el-nivel-mas-bajo-desde-el-2007\/#breadcrumb\",\"itemListElement\":[{\"@type\":\"ListItem\",\"position\":1,\"name\":\"Inicio\",\"item\":\"https:\/\/apuntesdesanluis.com\/\"},{\"@type\":\"ListItem\",\"position\":2,\"name\":\"LAS TRANSFERENCIAS AUTOM\u00c1TICAS A LAS PROVINCIAS ALCANZAR\u00cdAN EL NIVEL M\u00c1S BAJO DESDE EL 2007\"}]},{\"@type\":\"WebSite\",\"@id\":\"https:\/\/apuntesdesanluis.com\/#website\",\"url\":\"https:\/\/apuntesdesanluis.com\/\",\"name\":\"Apuntes de San Luis\",\"description\":\"\",\"publisher\":{\"@id\":\"https:\/\/apuntesdesanluis.com\/#\/schema\/person\/b55151d52296fcce64d1a72538a70b90\"},\"potentialAction\":[{\"@type\":\"SearchAction\",\"target\":{\"@type\":\"EntryPoint\",\"urlTemplate\":\"https:\/\/apuntesdesanluis.com\/?s={search_term_string}\"},\"query-input\":{\"@type\":\"PropertyValueSpecification\",\"valueRequired\":true,\"valueName\":\"search_term_string\"}}],\"inLanguage\":\"es-AR\"},{\"@type\":[\"Person\",\"Organization\"],\"@id\":\"https:\/\/apuntesdesanluis.com\/#\/schema\/person\/b55151d52296fcce64d1a72538a70b90\",\"name\":\"apuntesdesanluis.com\",\"image\":{\"@type\":\"ImageObject\",\"inLanguage\":\"es-AR\",\"@id\":\"https:\/\/apuntesdesanluis.com\/#\/schema\/person\/image\/\",\"url\":\"https:\/\/apuntesdesanluis.com\/wp-content\/uploads\/2023\/07\/cropped-apuntesdesanluis.png\",\"contentUrl\":\"https:\/\/apuntesdesanluis.com\/wp-content\/uploads\/2023\/07\/cropped-apuntesdesanluis.png\",\"width\":450,\"height\":112,\"caption\":\"apuntesdesanluis.com\"},\"logo\":{\"@id\":\"https:\/\/apuntesdesanluis.com\/#\/schema\/person\/image\/\"},\"sameAs\":[\"https:\/\/apuntesdesanluis.com\"],\"url\":\"https:\/\/apuntesdesanluis.com\/index.php\/author\/apuntesdesanluis-com\/\"}]}<\/script>\n<!-- \/ Yoast SEO plugin. -->","yoast_head_json":{"title":"LAS TRANSFERENCIAS AUTOM\u00c1TICAS A LAS PROVINCIAS ALCANZAR\u00cdAN EL NIVEL M\u00c1S BAJO DESDE EL 2007 - Apuntes de San Luis","robots":{"index":"index","follow":"follow","max-snippet":"max-snippet:-1","max-image-preview":"max-image-preview:large","max-video-preview":"max-video-preview:-1"},"canonical":"https:\/\/apuntesdesanluis.com\/index.php\/2024\/02\/13\/las-transferencias-automaticas-a-las-provincias-alcanzarian-el-nivel-mas-bajo-desde-el-2007\/","og_locale":"es_ES","og_type":"article","og_title":"LAS TRANSFERENCIAS AUTOM\u00c1TICAS A LAS PROVINCIAS ALCANZAR\u00cdAN EL NIVEL M\u00c1S BAJO DESDE EL 2007 - Apuntes de San Luis","og_description":"La merma del porcentaje de recaudaci\u00f3n girado a las provincias est\u00e1 vinculada a un menor...","og_url":"https:\/\/apuntesdesanluis.com\/index.php\/2024\/02\/13\/las-transferencias-automaticas-a-las-provincias-alcanzarian-el-nivel-mas-bajo-desde-el-2007\/","og_site_name":"Apuntes de San Luis","article_published_time":"2024-02-13T15:13:10+00:00","og_image":[{"width":638,"height":403,"url":"https:\/\/apuntesdesanluis.com\/wp-content\/uploads\/2024\/02\/MILEI-Y-GOBERNADORES.png","type":"image\/png"}],"author":"apuntesdesanluis.com","twitter_card":"summary_large_image","twitter_misc":{"Escrito por":"apuntesdesanluis.com","Tiempo de lectura":"3 minutos"},"schema":{"@context":"https:\/\/schema.org","@graph":[{"@type":"Article","@id":"https:\/\/apuntesdesanluis.com\/index.php\/2024\/02\/13\/las-transferencias-automaticas-a-las-provincias-alcanzarian-el-nivel-mas-bajo-desde-el-2007\/#article","isPartOf":{"@id":"https:\/\/apuntesdesanluis.com\/index.php\/2024\/02\/13\/las-transferencias-automaticas-a-las-provincias-alcanzarian-el-nivel-mas-bajo-desde-el-2007\/"},"author":{"name":"apuntesdesanluis.com","@id":"https:\/\/apuntesdesanluis.com\/#\/schema\/person\/b55151d52296fcce64d1a72538a70b90"},"headline":"LAS TRANSFERENCIAS AUTOM\u00c1TICAS A LAS PROVINCIAS ALCANZAR\u00cdAN EL NIVEL M\u00c1S BAJO DESDE EL 2007","datePublished":"2024-02-13T15:13:10+00:00","mainEntityOfPage":{"@id":"https:\/\/apuntesdesanluis.com\/index.php\/2024\/02\/13\/las-transferencias-automaticas-a-las-provincias-alcanzarian-el-nivel-mas-bajo-desde-el-2007\/"},"wordCount":514,"publisher":{"@id":"https:\/\/apuntesdesanluis.com\/#\/schema\/person\/b55151d52296fcce64d1a72538a70b90"},"image":{"@id":"https:\/\/apuntesdesanluis.com\/index.php\/2024\/02\/13\/las-transferencias-automaticas-a-las-provincias-alcanzarian-el-nivel-mas-bajo-desde-el-2007\/#primaryimage"},"thumbnailUrl":"https:\/\/apuntesdesanluis.com\/wp-content\/uploads\/2024\/02\/MILEI-Y-GOBERNADORES.png","articleSection":["Nacionales\/Internacionales"],"inLanguage":"es-AR"},{"@type":"WebPage","@id":"https:\/\/apuntesdesanluis.com\/index.php\/2024\/02\/13\/las-transferencias-automaticas-a-las-provincias-alcanzarian-el-nivel-mas-bajo-desde-el-2007\/","url":"https:\/\/apuntesdesanluis.com\/index.php\/2024\/02\/13\/las-transferencias-automaticas-a-las-provincias-alcanzarian-el-nivel-mas-bajo-desde-el-2007\/","name":"LAS TRANSFERENCIAS AUTOM\u00c1TICAS A LAS PROVINCIAS ALCANZAR\u00cdAN EL NIVEL M\u00c1S BAJO DESDE EL 2007 - Apuntes de San Luis","isPartOf":{"@id":"https:\/\/apuntesdesanluis.com\/#website"},"primaryImageOfPage":{"@id":"https:\/\/apuntesdesanluis.com\/index.php\/2024\/02\/13\/las-transferencias-automaticas-a-las-provincias-alcanzarian-el-nivel-mas-bajo-desde-el-2007\/#primaryimage"},"image":{"@id":"https:\/\/apuntesdesanluis.com\/index.php\/2024\/02\/13\/las-transferencias-automaticas-a-las-provincias-alcanzarian-el-nivel-mas-bajo-desde-el-2007\/#primaryimage"},"thumbnailUrl":"https:\/\/apuntesdesanluis.com\/wp-content\/uploads\/2024\/02\/MILEI-Y-GOBERNADORES.png","datePublished":"2024-02-13T15:13:10+00:00","breadcrumb":{"@id":"https:\/\/apuntesdesanluis.com\/index.php\/2024\/02\/13\/las-transferencias-automaticas-a-las-provincias-alcanzarian-el-nivel-mas-bajo-desde-el-2007\/#breadcrumb"},"inLanguage":"es-AR","potentialAction":[{"@type":"ReadAction","target":["https:\/\/apuntesdesanluis.com\/index.php\/2024\/02\/13\/las-transferencias-automaticas-a-las-provincias-alcanzarian-el-nivel-mas-bajo-desde-el-2007\/"]}]},{"@type":"ImageObject","inLanguage":"es-AR","@id":"https:\/\/apuntesdesanluis.com\/index.php\/2024\/02\/13\/las-transferencias-automaticas-a-las-provincias-alcanzarian-el-nivel-mas-bajo-desde-el-2007\/#primaryimage","url":"https:\/\/apuntesdesanluis.com\/wp-content\/uploads\/2024\/02\/MILEI-Y-GOBERNADORES.png","contentUrl":"https:\/\/apuntesdesanluis.com\/wp-content\/uploads\/2024\/02\/MILEI-Y-GOBERNADORES.png","width":638,"height":403},{"@type":"BreadcrumbList","@id":"https:\/\/apuntesdesanluis.com\/index.php\/2024\/02\/13\/las-transferencias-automaticas-a-las-provincias-alcanzarian-el-nivel-mas-bajo-desde-el-2007\/#breadcrumb","itemListElement":[{"@type":"ListItem","position":1,"name":"Inicio","item":"https:\/\/apuntesdesanluis.com\/"},{"@type":"ListItem","position":2,"name":"LAS TRANSFERENCIAS AUTOM\u00c1TICAS A LAS PROVINCIAS ALCANZAR\u00cdAN EL NIVEL M\u00c1S BAJO DESDE EL 2007"}]},{"@type":"WebSite","@id":"https:\/\/apuntesdesanluis.com\/#website","url":"https:\/\/apuntesdesanluis.com\/","name":"Apuntes de San Luis","description":"","publisher":{"@id":"https:\/\/apuntesdesanluis.com\/#\/schema\/person\/b55151d52296fcce64d1a72538a70b90"},"potentialAction":[{"@type":"SearchAction","target":{"@type":"EntryPoint","urlTemplate":"https:\/\/apuntesdesanluis.com\/?s={search_term_string}"},"query-input":{"@type":"PropertyValueSpecification","valueRequired":true,"valueName":"search_term_string"}}],"inLanguage":"es-AR"},{"@type":["Person","Organization"],"@id":"https:\/\/apuntesdesanluis.com\/#\/schema\/person\/b55151d52296fcce64d1a72538a70b90","name":"apuntesdesanluis.com","image":{"@type":"ImageObject","inLanguage":"es-AR","@id":"https:\/\/apuntesdesanluis.com\/#\/schema\/person\/image\/","url":"https:\/\/apuntesdesanluis.com\/wp-content\/uploads\/2023\/07\/cropped-apuntesdesanluis.png","contentUrl":"https:\/\/apuntesdesanluis.com\/wp-content\/uploads\/2023\/07\/cropped-apuntesdesanluis.png","width":450,"height":112,"caption":"apuntesdesanluis.com"},"logo":{"@id":"https:\/\/apuntesdesanluis.com\/#\/schema\/person\/image\/"},"sameAs":["https:\/\/apuntesdesanluis.com"],"url":"https:\/\/apuntesdesanluis.com\/index.php\/author\/apuntesdesanluis-com\/"}]}},"featured_image_urls":{"full":["https:\/\/apuntesdesanluis.com\/wp-content\/uploads\/2024\/02\/MILEI-Y-GOBERNADORES.png",638,403,false],"thumbnail":["https:\/\/apuntesdesanluis.com\/wp-content\/uploads\/2024\/02\/MILEI-Y-GOBERNADORES-150x150.png",150,150,true],"medium":["https:\/\/apuntesdesanluis.com\/wp-content\/uploads\/2024\/02\/MILEI-Y-GOBERNADORES-300x189.png",300,189,true],"medium_large":["https:\/\/apuntesdesanluis.com\/wp-content\/uploads\/2024\/02\/MILEI-Y-GOBERNADORES.png",638,403,false],"large":["https:\/\/apuntesdesanluis.com\/wp-content\/uploads\/2024\/02\/MILEI-Y-GOBERNADORES.png",638,403,false],"1536x1536":["https:\/\/apuntesdesanluis.com\/wp-content\/uploads\/2024\/02\/MILEI-Y-GOBERNADORES.png",638,403,false],"2048x2048":["https:\/\/apuntesdesanluis.com\/wp-content\/uploads\/2024\/02\/MILEI-Y-GOBERNADORES.png",638,403,false],"newsever-slider-full":["https:\/\/apuntesdesanluis.com\/wp-content\/uploads\/2024\/02\/MILEI-Y-GOBERNADORES.png",638,403,false],"newsever-featured":["https:\/\/apuntesdesanluis.com\/wp-content\/uploads\/2024\/02\/MILEI-Y-GOBERNADORES.png",638,403,false],"newsever-medium":["https:\/\/apuntesdesanluis.com\/wp-content\/uploads\/2024\/02\/MILEI-Y-GOBERNADORES.png",638,403,false]},"author_info":{"display_name":"apuntesdesanluis.com","author_link":"https:\/\/apuntesdesanluis.com\/index.php\/author\/apuntesdesanluis-com\/"},"category_info":"<a href=\"https:\/\/apuntesdesanluis.com\/index.php\/category\/nacionales-internacionales\/\" rel=\"category tag\">Nacionales\/Internacionales<\/a>","tag_info":"Nacionales\/Internacionales","comment_count":"0","_links":{"self":[{"href":"https:\/\/apuntesdesanluis.com\/index.php\/wp-json\/wp\/v2\/posts\/11646","targetHints":{"allow":["GET"]}}],"collection":[{"href":"https:\/\/apuntesdesanluis.com\/index.php\/wp-json\/wp\/v2\/posts"}],"about":[{"href":"https:\/\/apuntesdesanluis.com\/index.php\/wp-json\/wp\/v2\/types\/post"}],"author":[{"embeddable":true,"href":"https:\/\/apuntesdesanluis.com\/index.php\/wp-json\/wp\/v2\/users\/1"}],"replies":[{"embeddable":true,"href":"https:\/\/apuntesdesanluis.com\/index.php\/wp-json\/wp\/v2\/comments?post=11646"}],"version-history":[{"count":1,"href":"https:\/\/apuntesdesanluis.com\/index.php\/wp-json\/wp\/v2\/posts\/11646\/revisions"}],"predecessor-version":[{"id":11648,"href":"https:\/\/apuntesdesanluis.com\/index.php\/wp-json\/wp\/v2\/posts\/11646\/revisions\/11648"}],"wp:featuredmedia":[{"embeddable":true,"href":"https:\/\/apuntesdesanluis.com\/index.php\/wp-json\/wp\/v2\/media\/11647"}],"wp:attachment":[{"href":"https:\/\/apuntesdesanluis.com\/index.php\/wp-json\/wp\/v2\/media?parent=11646"}],"wp:term":[{"taxonomy":"category","embeddable":true,"href":"https:\/\/apuntesdesanluis.com\/index.php\/wp-json\/wp\/v2\/categories?post=11646"},{"taxonomy":"post_tag","embeddable":true,"href":"https:\/\/apuntesdesanluis.com\/index.php\/wp-json\/wp\/v2\/tags?post=11646"}],"curies":[{"name":"wp","href":"https:\/\/api.w.org\/{rel}","templated":true}]}}