{"id":11649,"date":"2024-02-13T12:26:37","date_gmt":"2024-02-13T15:26:37","guid":{"rendered":"https:\/\/apuntesdesanluis.com\/?p=11649"},"modified":"2024-02-13T12:26:37","modified_gmt":"2024-02-13T15:26:37","slug":"murio-el-joven-que-intento-robar-cables-de-alta-tension-en-rosario-y-termino-con-el-90-del-cuerpo-quemado","status":"publish","type":"post","link":"https:\/\/apuntesdesanluis.com\/index.php\/2024\/02\/13\/murio-el-joven-que-intento-robar-cables-de-alta-tension-en-rosario-y-termino-con-el-90-del-cuerpo-quemado\/","title":{"rendered":"MURI\u00d3 EL JOVEN QUE INTENT\u00d3 ROBAR CABLES DE ALTA TENSI\u00d3N EN ROSARIO Y TERMIN\u00d3 CON EL 90% DEL CUERPO QUEMADO"},"content":{"rendered":"<h3><\/h3>\n<h3><strong>Ezequiel Francisco Curaba<\/strong>, el ladr\u00f3n de 21 a\u00f1os que intent\u00f3 robar cables de alta tensi\u00f3n en Rosario y termin\u00f3 con el 90% del cuerpo quemado, muri\u00f3 esta ma\u00f1ana en el centro de salud en el que permanec\u00eda internado en grave estado, informaron fuentes policiales a Infobae.<\/h3>\n<h3>Seg\u00fan hab\u00eda informado esta ma\u00f1ana la subdirectora del Hospital de Emergencias Clemente \u00c1lvarez (HECA), Laura Taljame, los \u00f3rganos vitales del delincuente hab\u00edan empezado a fallar como consecuencia de la descarga.<\/h3>\n<h3>Las im\u00e1genes de Curaba recorrieron el pa\u00eds. Vecinos de avenida Juan Domingo Per\u00f3n al 6100 lo filmaron mientras sal\u00eda caminando de intentar robar los cables de alta tensi\u00f3n. Su cuerpo, casi por completo, hab\u00eda sufrido quemaduras y su ropa hab\u00eda quedado rota producto de la explosi\u00f3n e incendio. Quienes estaban al momento del hecho lo increparon por haber dejado sin luz al barrio.<\/h3>\n<p><iframe title=\"Intent\u00f3 robar cables de alta tensi\u00f3n, se electrocut\u00f3 y termin\u00f3 con el 90% del cuerpo quemado\" width=\"640\" height=\"360\" src=\"https:\/\/www.youtube.com\/embed\/GPrXcmKzB7A?start=12&#038;feature=oembed\" frameborder=\"0\" allow=\"accelerometer; autoplay; clipboard-write; encrypted-media; gyroscope; picture-in-picture; web-share\" referrerpolicy=\"strict-origin-when-cross-origin\" allowfullscreen><\/iframe><\/p>\n<h3>El joven ladr\u00f3n hab\u00eda cumplido 21 a\u00f1os el 1 de febrero y estaba en situaci\u00f3n de calle. Tras el incidente, fue internado en la cama N\u00b08 de la unidad de terapia intensiva, intubado, con soporte vasopresor, en estado cr\u00edtico y con custodia policial.<\/h3>\n<h3>\u201cEs incre\u00edble que este chico est\u00e9 vivo\u201d, hab\u00eda dicho a Radio 2 Taljame horas antes, cuando dio el parte de salud matutino, en el que anticipaba que su cuadro de salud hab\u00eda empeorado con respecto al de este lunes.<\/h3>\n<h3>\u201cLa piel est\u00e1 quemada y adentro, sus \u00f3rganos se inflaman y empiezan a fallar. Est\u00e1 conectado a un respirador porque tiene los pulmones inflamados\u201d, sostuvo poco antes de que tuviera lugar el fallecimiento.<\/h3>\n<h3>No era la primera vez que Curaba incurr\u00eda en un delito. En abril de 2023, seg\u00fan consta en su prontuario, fue detenido por encubrimiento simple. Cuatro meses despu\u00e9s, el 29 de agosto del mismo a\u00f1o, se le imput\u00f3 una tentativa de robo.<\/h3>\n<h3>Cuando sali\u00f3 del pozo de la Empresa Provincial de la Energ\u00eda (EPE) de Santa Fe, Curaba estaba totalmente desorientado, se tambaleaba de un lado a otro y apenas pod\u00eda mantenerse en pie. Pero no estaba solo: ten\u00eda un c\u00f3mplice que robaba cables junto a \u00e9l.<\/h3>\n<h3>Se trata de Cristian de la Cruz Encina, de 34 a\u00f1os, quien tambi\u00e9n est\u00e1 en situaci\u00f3n de calle. Seg\u00fan declar\u00f3, es hermano de Curaba. Qued\u00f3 detenido en la Comisar\u00eda N\u00b0 32, ubicada en barrio Godoy, en la zona oeste de Rosario.<\/h3>\n<h3>El robo de metales en Rosario creci\u00f3 en los \u00faltimos cuatro a\u00f1os. Y con ello, tambi\u00e9n las internaciones de quienes sufren quemaduras en este tipo de hurtos. La subdirectora del Heca afirm\u00f3 que la suba de pacientes por ese motivo qued\u00f3 evidenciada el a\u00f1o pasado, donde incluso hubo casos reincidentes.<\/h3>\n<h3>\u201cRecuerdo un caso de un paciente que entr\u00f3 con quemaduras severas. Se le dio el alta y a los dos meses volvi\u00f3 a ingresar por lo mismo, pero con quemaduras a\u00fan peores. Lo vemos con m\u00e1s frecuencia. Vienen muchos pacientes con estas quemaduras\u201d, concluy\u00f3.<\/h3>\n<h3>Taljame cont\u00f3 que trabaj\u00f3 en la unidad de quemados del Hospital de Emergencias Clemente \u00c1lvarez y asegur\u00f3 que estos casos antes no exist\u00edan. \u201cHa habido pacientes que por robar paltas de un \u00e1rbol sin querer se electrocutaban, pero no recuerdo casos de estos, que est\u00e1n en franco ascenso y van a seguir aumentando. No usan ninguna protecci\u00f3n. Van y arrancan los cables\u201d, insisti\u00f3.<\/h3>\n<p>&nbsp;<\/p>\n<p>&nbsp;<\/p>\n<p>&nbsp;<\/p>\n<p>&nbsp;<\/p>\n<p>&nbsp;<\/p>\n<p>&nbsp;<\/p>\n","protected":false},"excerpt":{"rendered":"<p>Ezequiel Francisco Curaba, el ladr\u00f3n de 21 a\u00f1os que intent\u00f3 robar cables de alta tensi\u00f3n&#8230;<\/p>\n","protected":false},"author":1,"featured_media":11650,"comment_status":"closed","ping_status":"closed","sticky":false,"template":"","format":"standard","meta":{"footnotes":""},"categories":[5],"tags":[],"class_list":["post-11649","post","type-post","status-publish","format-standard","has-post-thumbnail","hentry","category-nacionales-internacionales"],"yoast_head":"<!-- This site is optimized with the Yoast SEO plugin v26.1.1 - https:\/\/yoast.com\/wordpress\/plugins\/seo\/ -->\n<title>MURI\u00d3 EL JOVEN QUE INTENT\u00d3 ROBAR CABLES DE ALTA TENSI\u00d3N EN ROSARIO Y TERMIN\u00d3 CON EL 90% DEL CUERPO QUEMADO - Apuntes de San Luis<\/title>\n<meta name=\"robots\" content=\"index, follow, max-snippet:-1, max-image-preview:large, max-video-preview:-1\" \/>\n<link rel=\"canonical\" href=\"https:\/\/apuntesdesanluis.com\/index.php\/2024\/02\/13\/murio-el-joven-que-intento-robar-cables-de-alta-tension-en-rosario-y-termino-con-el-90-del-cuerpo-quemado\/\" \/>\n<meta property=\"og:locale\" content=\"es_ES\" \/>\n<meta property=\"og:type\" content=\"article\" \/>\n<meta property=\"og:title\" content=\"MURI\u00d3 EL JOVEN QUE INTENT\u00d3 ROBAR CABLES DE ALTA TENSI\u00d3N EN ROSARIO Y TERMIN\u00d3 CON EL 90% DEL CUERPO QUEMADO - Apuntes de San Luis\" \/>\n<meta property=\"og:description\" content=\"Ezequiel Francisco Curaba, el ladr\u00f3n de 21 a\u00f1os que intent\u00f3 robar cables de alta tensi\u00f3n...\" \/>\n<meta property=\"og:url\" content=\"https:\/\/apuntesdesanluis.com\/index.php\/2024\/02\/13\/murio-el-joven-que-intento-robar-cables-de-alta-tension-en-rosario-y-termino-con-el-90-del-cuerpo-quemado\/\" \/>\n<meta property=\"og:site_name\" content=\"Apuntes de San Luis\" \/>\n<meta property=\"article:published_time\" content=\"2024-02-13T15:26:37+00:00\" \/>\n<meta property=\"og:image\" content=\"https:\/\/apuntesdesanluis.com\/wp-content\/uploads\/2024\/02\/joven-quemado.png\" \/>\n\t<meta property=\"og:image:width\" content=\"600\" \/>\n\t<meta property=\"og:image:height\" content=\"390\" \/>\n\t<meta property=\"og:image:type\" content=\"image\/png\" \/>\n<meta name=\"author\" content=\"apuntesdesanluis.com\" \/>\n<meta name=\"twitter:card\" content=\"summary_large_image\" \/>\n<meta name=\"twitter:label1\" content=\"Escrito por\" \/>\n\t<meta name=\"twitter:data1\" content=\"apuntesdesanluis.com\" \/>\n\t<meta name=\"twitter:label2\" content=\"Tiempo de lectura\" \/>\n\t<meta name=\"twitter:data2\" content=\"3 minutos\" \/>\n<script type=\"application\/ld+json\" class=\"yoast-schema-graph\">{\"@context\":\"https:\/\/schema.org\",\"@graph\":[{\"@type\":\"Article\",\"@id\":\"https:\/\/apuntesdesanluis.com\/index.php\/2024\/02\/13\/murio-el-joven-que-intento-robar-cables-de-alta-tension-en-rosario-y-termino-con-el-90-del-cuerpo-quemado\/#article\",\"isPartOf\":{\"@id\":\"https:\/\/apuntesdesanluis.com\/index.php\/2024\/02\/13\/murio-el-joven-que-intento-robar-cables-de-alta-tension-en-rosario-y-termino-con-el-90-del-cuerpo-quemado\/\"},\"author\":{\"name\":\"apuntesdesanluis.com\",\"@id\":\"https:\/\/apuntesdesanluis.com\/#\/schema\/person\/b55151d52296fcce64d1a72538a70b90\"},\"headline\":\"MURI\u00d3 EL JOVEN QUE INTENT\u00d3 ROBAR CABLES DE ALTA TENSI\u00d3N EN ROSARIO Y TERMIN\u00d3 CON EL 90% DEL CUERPO QUEMADO\",\"datePublished\":\"2024-02-13T15:26:37+00:00\",\"mainEntityOfPage\":{\"@id\":\"https:\/\/apuntesdesanluis.com\/index.php\/2024\/02\/13\/murio-el-joven-que-intento-robar-cables-de-alta-tension-en-rosario-y-termino-con-el-90-del-cuerpo-quemado\/\"},\"wordCount\":609,\"publisher\":{\"@id\":\"https:\/\/apuntesdesanluis.com\/#\/schema\/person\/b55151d52296fcce64d1a72538a70b90\"},\"image\":{\"@id\":\"https:\/\/apuntesdesanluis.com\/index.php\/2024\/02\/13\/murio-el-joven-que-intento-robar-cables-de-alta-tension-en-rosario-y-termino-con-el-90-del-cuerpo-quemado\/#primaryimage\"},\"thumbnailUrl\":\"https:\/\/apuntesdesanluis.com\/wp-content\/uploads\/2024\/02\/joven-quemado.png\",\"articleSection\":[\"Nacionales\/Internacionales\"],\"inLanguage\":\"es-AR\"},{\"@type\":\"WebPage\",\"@id\":\"https:\/\/apuntesdesanluis.com\/index.php\/2024\/02\/13\/murio-el-joven-que-intento-robar-cables-de-alta-tension-en-rosario-y-termino-con-el-90-del-cuerpo-quemado\/\",\"url\":\"https:\/\/apuntesdesanluis.com\/index.php\/2024\/02\/13\/murio-el-joven-que-intento-robar-cables-de-alta-tension-en-rosario-y-termino-con-el-90-del-cuerpo-quemado\/\",\"name\":\"MURI\u00d3 EL JOVEN QUE INTENT\u00d3 ROBAR CABLES DE ALTA TENSI\u00d3N EN ROSARIO Y TERMIN\u00d3 CON EL 90% DEL CUERPO QUEMADO - Apuntes de San Luis\",\"isPartOf\":{\"@id\":\"https:\/\/apuntesdesanluis.com\/#website\"},\"primaryImageOfPage\":{\"@id\":\"https:\/\/apuntesdesanluis.com\/index.php\/2024\/02\/13\/murio-el-joven-que-intento-robar-cables-de-alta-tension-en-rosario-y-termino-con-el-90-del-cuerpo-quemado\/#primaryimage\"},\"image\":{\"@id\":\"https:\/\/apuntesdesanluis.com\/index.php\/2024\/02\/13\/murio-el-joven-que-intento-robar-cables-de-alta-tension-en-rosario-y-termino-con-el-90-del-cuerpo-quemado\/#primaryimage\"},\"thumbnailUrl\":\"https:\/\/apuntesdesanluis.com\/wp-content\/uploads\/2024\/02\/joven-quemado.png\",\"datePublished\":\"2024-02-13T15:26:37+00:00\",\"breadcrumb\":{\"@id\":\"https:\/\/apuntesdesanluis.com\/index.php\/2024\/02\/13\/murio-el-joven-que-intento-robar-cables-de-alta-tension-en-rosario-y-termino-con-el-90-del-cuerpo-quemado\/#breadcrumb\"},\"inLanguage\":\"es-AR\",\"potentialAction\":[{\"@type\":\"ReadAction\",\"target\":[\"https:\/\/apuntesdesanluis.com\/index.php\/2024\/02\/13\/murio-el-joven-que-intento-robar-cables-de-alta-tension-en-rosario-y-termino-con-el-90-del-cuerpo-quemado\/\"]}]},{\"@type\":\"ImageObject\",\"inLanguage\":\"es-AR\",\"@id\":\"https:\/\/apuntesdesanluis.com\/index.php\/2024\/02\/13\/murio-el-joven-que-intento-robar-cables-de-alta-tension-en-rosario-y-termino-con-el-90-del-cuerpo-quemado\/#primaryimage\",\"url\":\"https:\/\/apuntesdesanluis.com\/wp-content\/uploads\/2024\/02\/joven-quemado.png\",\"contentUrl\":\"https:\/\/apuntesdesanluis.com\/wp-content\/uploads\/2024\/02\/joven-quemado.png\",\"width\":600,\"height\":390},{\"@type\":\"BreadcrumbList\",\"@id\":\"https:\/\/apuntesdesanluis.com\/index.php\/2024\/02\/13\/murio-el-joven-que-intento-robar-cables-de-alta-tension-en-rosario-y-termino-con-el-90-del-cuerpo-quemado\/#breadcrumb\",\"itemListElement\":[{\"@type\":\"ListItem\",\"position\":1,\"name\":\"Inicio\",\"item\":\"https:\/\/apuntesdesanluis.com\/\"},{\"@type\":\"ListItem\",\"position\":2,\"name\":\"MURI\u00d3 EL JOVEN QUE INTENT\u00d3 ROBAR CABLES DE ALTA TENSI\u00d3N EN ROSARIO Y TERMIN\u00d3 CON EL 90% DEL CUERPO QUEMADO\"}]},{\"@type\":\"WebSite\",\"@id\":\"https:\/\/apuntesdesanluis.com\/#website\",\"url\":\"https:\/\/apuntesdesanluis.com\/\",\"name\":\"Apuntes de San Luis\",\"description\":\"\",\"publisher\":{\"@id\":\"https:\/\/apuntesdesanluis.com\/#\/schema\/person\/b55151d52296fcce64d1a72538a70b90\"},\"potentialAction\":[{\"@type\":\"SearchAction\",\"target\":{\"@type\":\"EntryPoint\",\"urlTemplate\":\"https:\/\/apuntesdesanluis.com\/?s={search_term_string}\"},\"query-input\":{\"@type\":\"PropertyValueSpecification\",\"valueRequired\":true,\"valueName\":\"search_term_string\"}}],\"inLanguage\":\"es-AR\"},{\"@type\":[\"Person\",\"Organization\"],\"@id\":\"https:\/\/apuntesdesanluis.com\/#\/schema\/person\/b55151d52296fcce64d1a72538a70b90\",\"name\":\"apuntesdesanluis.com\",\"image\":{\"@type\":\"ImageObject\",\"inLanguage\":\"es-AR\",\"@id\":\"https:\/\/apuntesdesanluis.com\/#\/schema\/person\/image\/\",\"url\":\"https:\/\/apuntesdesanluis.com\/wp-content\/uploads\/2023\/07\/cropped-apuntesdesanluis.png\",\"contentUrl\":\"https:\/\/apuntesdesanluis.com\/wp-content\/uploads\/2023\/07\/cropped-apuntesdesanluis.png\",\"width\":450,\"height\":112,\"caption\":\"apuntesdesanluis.com\"},\"logo\":{\"@id\":\"https:\/\/apuntesdesanluis.com\/#\/schema\/person\/image\/\"},\"sameAs\":[\"https:\/\/apuntesdesanluis.com\"],\"url\":\"https:\/\/apuntesdesanluis.com\/index.php\/author\/apuntesdesanluis-com\/\"}]}<\/script>\n<!-- \/ Yoast SEO plugin. -->","yoast_head_json":{"title":"MURI\u00d3 EL JOVEN QUE INTENT\u00d3 ROBAR CABLES DE ALTA TENSI\u00d3N EN ROSARIO Y TERMIN\u00d3 CON EL 90% DEL CUERPO QUEMADO - Apuntes de San Luis","robots":{"index":"index","follow":"follow","max-snippet":"max-snippet:-1","max-image-preview":"max-image-preview:large","max-video-preview":"max-video-preview:-1"},"canonical":"https:\/\/apuntesdesanluis.com\/index.php\/2024\/02\/13\/murio-el-joven-que-intento-robar-cables-de-alta-tension-en-rosario-y-termino-con-el-90-del-cuerpo-quemado\/","og_locale":"es_ES","og_type":"article","og_title":"MURI\u00d3 EL JOVEN QUE INTENT\u00d3 ROBAR CABLES DE ALTA TENSI\u00d3N EN ROSARIO Y TERMIN\u00d3 CON EL 90% DEL CUERPO QUEMADO - Apuntes de San Luis","og_description":"Ezequiel Francisco Curaba, el ladr\u00f3n de 21 a\u00f1os que intent\u00f3 robar cables de alta tensi\u00f3n...","og_url":"https:\/\/apuntesdesanluis.com\/index.php\/2024\/02\/13\/murio-el-joven-que-intento-robar-cables-de-alta-tension-en-rosario-y-termino-con-el-90-del-cuerpo-quemado\/","og_site_name":"Apuntes de San Luis","article_published_time":"2024-02-13T15:26:37+00:00","og_image":[{"width":600,"height":390,"url":"https:\/\/apuntesdesanluis.com\/wp-content\/uploads\/2024\/02\/joven-quemado.png","type":"image\/png"}],"author":"apuntesdesanluis.com","twitter_card":"summary_large_image","twitter_misc":{"Escrito por":"apuntesdesanluis.com","Tiempo de lectura":"3 minutos"},"schema":{"@context":"https:\/\/schema.org","@graph":[{"@type":"Article","@id":"https:\/\/apuntesdesanluis.com\/index.php\/2024\/02\/13\/murio-el-joven-que-intento-robar-cables-de-alta-tension-en-rosario-y-termino-con-el-90-del-cuerpo-quemado\/#article","isPartOf":{"@id":"https:\/\/apuntesdesanluis.com\/index.php\/2024\/02\/13\/murio-el-joven-que-intento-robar-cables-de-alta-tension-en-rosario-y-termino-con-el-90-del-cuerpo-quemado\/"},"author":{"name":"apuntesdesanluis.com","@id":"https:\/\/apuntesdesanluis.com\/#\/schema\/person\/b55151d52296fcce64d1a72538a70b90"},"headline":"MURI\u00d3 EL JOVEN QUE INTENT\u00d3 ROBAR CABLES DE ALTA TENSI\u00d3N EN ROSARIO Y TERMIN\u00d3 CON EL 90% DEL CUERPO QUEMADO","datePublished":"2024-02-13T15:26:37+00:00","mainEntityOfPage":{"@id":"https:\/\/apuntesdesanluis.com\/index.php\/2024\/02\/13\/murio-el-joven-que-intento-robar-cables-de-alta-tension-en-rosario-y-termino-con-el-90-del-cuerpo-quemado\/"},"wordCount":609,"publisher":{"@id":"https:\/\/apuntesdesanluis.com\/#\/schema\/person\/b55151d52296fcce64d1a72538a70b90"},"image":{"@id":"https:\/\/apuntesdesanluis.com\/index.php\/2024\/02\/13\/murio-el-joven-que-intento-robar-cables-de-alta-tension-en-rosario-y-termino-con-el-90-del-cuerpo-quemado\/#primaryimage"},"thumbnailUrl":"https:\/\/apuntesdesanluis.com\/wp-content\/uploads\/2024\/02\/joven-quemado.png","articleSection":["Nacionales\/Internacionales"],"inLanguage":"es-AR"},{"@type":"WebPage","@id":"https:\/\/apuntesdesanluis.com\/index.php\/2024\/02\/13\/murio-el-joven-que-intento-robar-cables-de-alta-tension-en-rosario-y-termino-con-el-90-del-cuerpo-quemado\/","url":"https:\/\/apuntesdesanluis.com\/index.php\/2024\/02\/13\/murio-el-joven-que-intento-robar-cables-de-alta-tension-en-rosario-y-termino-con-el-90-del-cuerpo-quemado\/","name":"MURI\u00d3 EL JOVEN QUE INTENT\u00d3 ROBAR CABLES DE ALTA TENSI\u00d3N EN ROSARIO Y TERMIN\u00d3 CON EL 90% DEL CUERPO QUEMADO - Apuntes de San Luis","isPartOf":{"@id":"https:\/\/apuntesdesanluis.com\/#website"},"primaryImageOfPage":{"@id":"https:\/\/apuntesdesanluis.com\/index.php\/2024\/02\/13\/murio-el-joven-que-intento-robar-cables-de-alta-tension-en-rosario-y-termino-con-el-90-del-cuerpo-quemado\/#primaryimage"},"image":{"@id":"https:\/\/apuntesdesanluis.com\/index.php\/2024\/02\/13\/murio-el-joven-que-intento-robar-cables-de-alta-tension-en-rosario-y-termino-con-el-90-del-cuerpo-quemado\/#primaryimage"},"thumbnailUrl":"https:\/\/apuntesdesanluis.com\/wp-content\/uploads\/2024\/02\/joven-quemado.png","datePublished":"2024-02-13T15:26:37+00:00","breadcrumb":{"@id":"https:\/\/apuntesdesanluis.com\/index.php\/2024\/02\/13\/murio-el-joven-que-intento-robar-cables-de-alta-tension-en-rosario-y-termino-con-el-90-del-cuerpo-quemado\/#breadcrumb"},"inLanguage":"es-AR","potentialAction":[{"@type":"ReadAction","target":["https:\/\/apuntesdesanluis.com\/index.php\/2024\/02\/13\/murio-el-joven-que-intento-robar-cables-de-alta-tension-en-rosario-y-termino-con-el-90-del-cuerpo-quemado\/"]}]},{"@type":"ImageObject","inLanguage":"es-AR","@id":"https:\/\/apuntesdesanluis.com\/index.php\/2024\/02\/13\/murio-el-joven-que-intento-robar-cables-de-alta-tension-en-rosario-y-termino-con-el-90-del-cuerpo-quemado\/#primaryimage","url":"https:\/\/apuntesdesanluis.com\/wp-content\/uploads\/2024\/02\/joven-quemado.png","contentUrl":"https:\/\/apuntesdesanluis.com\/wp-content\/uploads\/2024\/02\/joven-quemado.png","width":600,"height":390},{"@type":"BreadcrumbList","@id":"https:\/\/apuntesdesanluis.com\/index.php\/2024\/02\/13\/murio-el-joven-que-intento-robar-cables-de-alta-tension-en-rosario-y-termino-con-el-90-del-cuerpo-quemado\/#breadcrumb","itemListElement":[{"@type":"ListItem","position":1,"name":"Inicio","item":"https:\/\/apuntesdesanluis.com\/"},{"@type":"ListItem","position":2,"name":"MURI\u00d3 EL JOVEN QUE INTENT\u00d3 ROBAR CABLES DE ALTA TENSI\u00d3N EN ROSARIO Y TERMIN\u00d3 CON EL 90% DEL CUERPO QUEMADO"}]},{"@type":"WebSite","@id":"https:\/\/apuntesdesanluis.com\/#website","url":"https:\/\/apuntesdesanluis.com\/","name":"Apuntes de San Luis","description":"","publisher":{"@id":"https:\/\/apuntesdesanluis.com\/#\/schema\/person\/b55151d52296fcce64d1a72538a70b90"},"potentialAction":[{"@type":"SearchAction","target":{"@type":"EntryPoint","urlTemplate":"https:\/\/apuntesdesanluis.com\/?s={search_term_string}"},"query-input":{"@type":"PropertyValueSpecification","valueRequired":true,"valueName":"search_term_string"}}],"inLanguage":"es-AR"},{"@type":["Person","Organization"],"@id":"https:\/\/apuntesdesanluis.com\/#\/schema\/person\/b55151d52296fcce64d1a72538a70b90","name":"apuntesdesanluis.com","image":{"@type":"ImageObject","inLanguage":"es-AR","@id":"https:\/\/apuntesdesanluis.com\/#\/schema\/person\/image\/","url":"https:\/\/apuntesdesanluis.com\/wp-content\/uploads\/2023\/07\/cropped-apuntesdesanluis.png","contentUrl":"https:\/\/apuntesdesanluis.com\/wp-content\/uploads\/2023\/07\/cropped-apuntesdesanluis.png","width":450,"height":112,"caption":"apuntesdesanluis.com"},"logo":{"@id":"https:\/\/apuntesdesanluis.com\/#\/schema\/person\/image\/"},"sameAs":["https:\/\/apuntesdesanluis.com"],"url":"https:\/\/apuntesdesanluis.com\/index.php\/author\/apuntesdesanluis-com\/"}]}},"featured_image_urls":{"full":["https:\/\/apuntesdesanluis.com\/wp-content\/uploads\/2024\/02\/joven-quemado.png",600,390,false],"thumbnail":["https:\/\/apuntesdesanluis.com\/wp-content\/uploads\/2024\/02\/joven-quemado-150x150.png",150,150,true],"medium":["https:\/\/apuntesdesanluis.com\/wp-content\/uploads\/2024\/02\/joven-quemado-300x195.png",300,195,true],"medium_large":["https:\/\/apuntesdesanluis.com\/wp-content\/uploads\/2024\/02\/joven-quemado.png",600,390,false],"large":["https:\/\/apuntesdesanluis.com\/wp-content\/uploads\/2024\/02\/joven-quemado.png",600,390,false],"1536x1536":["https:\/\/apuntesdesanluis.com\/wp-content\/uploads\/2024\/02\/joven-quemado.png",600,390,false],"2048x2048":["https:\/\/apuntesdesanluis.com\/wp-content\/uploads\/2024\/02\/joven-quemado.png",600,390,false],"newsever-slider-full":["https:\/\/apuntesdesanluis.com\/wp-content\/uploads\/2024\/02\/joven-quemado.png",600,390,false],"newsever-featured":["https:\/\/apuntesdesanluis.com\/wp-content\/uploads\/2024\/02\/joven-quemado.png",600,390,false],"newsever-medium":["https:\/\/apuntesdesanluis.com\/wp-content\/uploads\/2024\/02\/joven-quemado.png",600,390,false]},"author_info":{"display_name":"apuntesdesanluis.com","author_link":"https:\/\/apuntesdesanluis.com\/index.php\/author\/apuntesdesanluis-com\/"},"category_info":"<a href=\"https:\/\/apuntesdesanluis.com\/index.php\/category\/nacionales-internacionales\/\" rel=\"category tag\">Nacionales\/Internacionales<\/a>","tag_info":"Nacionales\/Internacionales","comment_count":"0","_links":{"self":[{"href":"https:\/\/apuntesdesanluis.com\/index.php\/wp-json\/wp\/v2\/posts\/11649","targetHints":{"allow":["GET"]}}],"collection":[{"href":"https:\/\/apuntesdesanluis.com\/index.php\/wp-json\/wp\/v2\/posts"}],"about":[{"href":"https:\/\/apuntesdesanluis.com\/index.php\/wp-json\/wp\/v2\/types\/post"}],"author":[{"embeddable":true,"href":"https:\/\/apuntesdesanluis.com\/index.php\/wp-json\/wp\/v2\/users\/1"}],"replies":[{"embeddable":true,"href":"https:\/\/apuntesdesanluis.com\/index.php\/wp-json\/wp\/v2\/comments?post=11649"}],"version-history":[{"count":1,"href":"https:\/\/apuntesdesanluis.com\/index.php\/wp-json\/wp\/v2\/posts\/11649\/revisions"}],"predecessor-version":[{"id":11651,"href":"https:\/\/apuntesdesanluis.com\/index.php\/wp-json\/wp\/v2\/posts\/11649\/revisions\/11651"}],"wp:featuredmedia":[{"embeddable":true,"href":"https:\/\/apuntesdesanluis.com\/index.php\/wp-json\/wp\/v2\/media\/11650"}],"wp:attachment":[{"href":"https:\/\/apuntesdesanluis.com\/index.php\/wp-json\/wp\/v2\/media?parent=11649"}],"wp:term":[{"taxonomy":"category","embeddable":true,"href":"https:\/\/apuntesdesanluis.com\/index.php\/wp-json\/wp\/v2\/categories?post=11649"},{"taxonomy":"post_tag","embeddable":true,"href":"https:\/\/apuntesdesanluis.com\/index.php\/wp-json\/wp\/v2\/tags?post=11649"}],"curies":[{"name":"wp","href":"https:\/\/api.w.org\/{rel}","templated":true}]}}