{"id":11665,"date":"2024-02-13T14:31:56","date_gmt":"2024-02-13T17:31:56","guid":{"rendered":"https:\/\/apuntesdesanluis.com\/?p=11665"},"modified":"2024-02-13T14:32:22","modified_gmt":"2024-02-13T17:32:22","slug":"de-cristina-a-milei-del-relato-k-al-m","status":"publish","type":"post","link":"https:\/\/apuntesdesanluis.com\/index.php\/2024\/02\/13\/de-cristina-a-milei-del-relato-k-al-m\/","title":{"rendered":"DE CRISTINA A MILEI. DEL RELATO K AL M"},"content":{"rendered":"<h3>Por <span style=\"color: #000000;\"><strong><em>Gustavo Gonz\u00e1lez *<\/em><\/strong><\/span><\/h3>\n<h3><\/h3>\n<h3><img fetchpriority=\"high\" decoding=\"async\" class=\"wp-image-11667 aligncenter\" src=\"https:\/\/apuntesdesanluis.com\/wp-content\/uploads\/2024\/02\/gustavo-gonzalez-300x245.png\" alt=\"\" width=\"590\" height=\"482\" srcset=\"https:\/\/apuntesdesanluis.com\/wp-content\/uploads\/2024\/02\/gustavo-gonzalez-300x245.png 300w, https:\/\/apuntesdesanluis.com\/wp-content\/uploads\/2024\/02\/gustavo-gonzalez.png 449w\" sizes=\"(max-width: 590px) 100vw, 590px\" \/><\/h3>\n<h3>Lo que para cualquier pol\u00edtico puede ser una derrota descalificante, para un pol\u00edtico-antipol\u00edtica puede ser una medalla m\u00e1s frente a ese sector del electorado que \u201ccompr\u00f3\u201d el relato simplificador de que la crisis de la Argentina es responsabilidad de un Estado ineficiente y de una casta que lo us\u00f3 en beneficio propio.<\/h3>\n<h3>Por eso, si para la dirigencia tradicional la ca\u00edda de la ley \u00f3mnibus podr\u00eda ser considerada un papel\u00f3n o una se\u00f1al de debilidad, para Javier Milei puede ser una nueva oportunidad de confirmar lo diferente que es.<\/h3>\n<h3>De hecho, es esa particularidad la que lo hizo popular y con la que lleg\u00f3 a ganar la elecci\u00f3n. Pregonando las ideas pol\u00edticamente m\u00e1s incorrectas conocidas desde la \u00faltima dictadura militar: la liberalizaci\u00f3n de la venta de \u00f3rganos y armas, insultar a quien no piensa igual, calificar la justicia social de \u201caberraci\u00f3n\u201d, tratar al Papa de comunista y enviado del Maligno, descalificar las pol\u00edticas de derechos humanos o elegir como compa\u00f1era de f\u00f3rmula a una defensora de los viejos dictadores.<\/h3>\n<h3>Es el mismo outsider que en plena negociaci\u00f3n de sus funcionarios por la megaley llam\u00f3 delincuentes, estafadores, corruptos y coimeros a los legisladores y gobernadores con los que negociaban; y el mismo que en las \u00faltimas horas apoy\u00f3 con RT y \u201cme gusta\u201d a seguidores suyos que dijeron que los radicales son \u201cputitas del peronismo\u201d, que Macri \u201cnegoci\u00f3 y se lo cogieron\u201d y que Pichetto us\u00f3 \u201cbulos o kioscos como moneda de intercambio\u201d.<\/h3>\n<h3>El mismo que difundi\u00f3 una lista con las caras de los diputados que no lo acompa\u00f1aron acus\u00e1ndolos de traidores. Incluyendo a legisladores de su propio espacio y aliados que trabajan en el Gobierno. Despu\u00e9s agreg\u00f3 que fueron diputados que \u201cusaron el discurso del cambio para rapi\u00f1ar una banca\u201d y que son \u201cenemigos\u201d del pueblo.<\/h3>\n<h3>Nuevo relato hegem\u00f3nico. El mayor \u00e9xito de Milei no fue exponer un plan econ\u00f3mico que explicara c\u00f3mo volver a crecer, sino haber impuesto como verdadero un nuevo relato de \u00e9poca. Un relato que sostiene que el problema del pa\u00eds son sus pol\u00edticos y el Estado y no que, entre otros factores, el problema son los malos pol\u00edticos y un Estado mal gestionado.<\/h3>\n<h3>Como el relato K, este relato M tambi\u00e9n resulta lo suficientemente veros\u00edmil (y en parte verdadero y en parte falso) como para prender con facilidad en amplios sectores sociales.<\/h3>\n<h3>Tanto prendi\u00f3 que hasta los mismos pol\u00edticos se acusan mutuamente de ser casta. O lo acusan a Milei de que, al final, termina designando a la casta en su gabinete.<\/h3>\n<h3>La \u00faltima acusaci\u00f3n ocurri\u00f3 tras el nombramiento de Daniel Scioli, a quien los propios peronistas y opositores califican de \u201cel m\u00e1s casta de todos\u201d. O sea, los mismos pol\u00edticos acusados de casta por el oficialismo acusan de casta a un dirigente que, guste o no, fue electo democr\u00e1ticamente como diputado (en dos per\u00edodos), gobernador de la provincia de Buenos Aires (dos mandatos) y vicepresidente de la Naci\u00f3n, y que en 2015 perdi\u00f3 el balotaje para la presidencia por menos de tres puntos.<\/h3>\n<h3>Siguiendo a Gramsci, se podr\u00eda decir que si los propios sometidos por el discurso de Milei aceptan mansamente el lugar en el que ese discurso los coloca, esa es la prueba de que el relato M se ha impuesto como nuevo relato hegem\u00f3nico.<\/h3>\n<h3>Esto es: si los mismos pol\u00edticos creen que quienes dedican toda su vida a la cosa p\u00fablica son incapaces y\/o corruptos y si el Estado es sin\u00f3nimo del Mal, entonces el poder ha logrado el sometimiento m\u00e1s importante que, seg\u00fan el fil\u00f3sofo italiano, es el cultural.<\/h3>\n<h3>El Estado macrista. Tambi\u00e9n es curioso que el PRO acepte este nuevo relato hegem\u00f3nico. Se trata de un partido que, seg\u00fan su fundador, Mauricio Macri, fue creado como una alternativa permanente de poder para gobernar el pa\u00eds y que hizo intervenir al Estado en la vida cotidiana de los habitantes de la Ciudad de Buenos Aires como no lo hab\u00eda hecho ning\u00fan gobierno antes. Una pol\u00edtica de Estado-distrito que continu\u00f3 Larreta y que seguramente seguir\u00e1 Jorge Macri.<\/h3>\n<h3>Hasta se podr\u00eda coincidir en que ese intervencionismo estatal (en la v\u00eda p\u00fablica, en la prioridad del transporte p\u00fablico sobre el privado, en la de los ciclistas sobre los automovilistas y en la decisi\u00f3n de haber tomado la seguridad en manos del Estado porte\u00f1o) fue m\u00e1s exitoso que el de un partido supuestamente m\u00e1s intervencionista, como el peronismo.<\/h3>\n<h3>En materia de seguridad, esa consideraci\u00f3n del rol del Estado en el macrismo hoy est\u00e1 expresada por la ministra Patricia Bullrich y bajo la razonable consigna de que en una democracia es el Estado el que ostenta el monopolio de la fuerza. Ese intervencionismo es tan decidido que no retrocede pese a los cr\u00edticos que le reclaman una intervenci\u00f3n m\u00e1s consensuada, menos dura.<\/h3>\n<h3>Esta mirada sobre el Estado, aun de un sector como el macrismo, que propone una mayor racionalidad de ese Estado, se contrapone con el anarcocapitalismo de Milei, cuyo objetivo declarado es la abolici\u00f3n del Estado de toda la vida p\u00fablica, con transici\u00f3n en este minarquismo que intenta aplicar.<\/h3>\n<h3>Nuevo viejo relato. No es la primera vez que un relato como el mile\u00edsta encuentra eco en la sociedad. La anterior fue a mediados de la d\u00e9cada del 70, cuando la dictadura militar consigui\u00f3 (tras el caos social y econ\u00f3mico del gobierno de Isabel Per\u00f3n y el delirio de las organizaciones guerrilleras y de las bandas terroristas) instalar la idea de que sin pol\u00edticos y sin Estado la Argentina ser\u00eda mejor.<\/h3>\n<h3>De all\u00ed surgi\u00f3 el fin de las elecciones democr\u00e1ticas, el cierre del Congreso y los esl\u00f3ganes repetidos a toda hora del estilo \u201cAchicar el Estado es agrandar la Naci\u00f3n\u201d o \u201cEl silencio es salud\u201d.<\/h3>\n<h3>Durante m\u00e1s de seis a\u00f1os de esa dictadura con facultades absolutas y represi\u00f3n ilegal, y con un resultado econ\u00f3mico de alta inflaci\u00f3n y bajo crecimiento, aquel relato hegem\u00f3nico se fue diluyendo.<\/h3>\n<h3>El que lo reemplaz\u00f3 y se extendi\u00f3 desde la recuperaci\u00f3n democr\u00e1tica fue otro que daba por cierto que lo malo es el autoritarismo, la violencia f\u00edsica y verbal, la descalificaci\u00f3n del que piensa distinto, la represi\u00f3n estatal por fuera de sus atribuciones legales o cualquier intento por ignorar la potestad del Parlamento.<\/h3>\n<h3>Sobre ese relato hegem\u00f3nico general, el kirchnerismo tuvo su propia variante setentista que fue tomada por v\u00e1lida por seguidores que a\u00fan la reivindican.<\/h3>\n<h3>Pero ahora surgi\u00f3 el relato M, que tambi\u00e9n abreva en aquella d\u00e9cada y es aceptado como real por un sector importante de la poblaci\u00f3n e intenta imponerse en general.<\/h3>\n<h3>Cristina Kirchner, a trav\u00e9s de un periodista cercano a ella como Roberto Navarro, entre otros elogios, acaba de decir que Milei \u201ces kirchnerista en su manera de obrar, es decir que siempre redobla la apuesta\u201d y que la oposici\u00f3n no tiene el coraje que \u00e9l demuestra.<\/h3>\n<h3>Coincidencias. Tiene raz\u00f3n la expresidenta: hay m\u00e1s cosas que unen a ambos y a sus respectivos relatos de lo que las apariencias indicar\u00edan. De ah\u00ed las sonrisas y la \u201cbuena onda\u201d el d\u00eda de la asunci\u00f3n, y la retribuida consideraci\u00f3n de Milei hacia ella.<\/h3>\n<h3>Por lo pronto, es cierto que tanto en el relato K como en el M los que no piensan igual son sospechosos, la ideolog\u00eda de enfrente representa el Mal (el salvaje neoliberalismo o el maligno socialismo) y ambos postulan el \u201cvamos por todo\u201d.<\/h3>\n<h3>Y en su m\u00e1ximo esplendor (ayer el kirchnerismo, hoy el mile\u00edsmo), la oposici\u00f3n parece acobardada; el empresariado, alineado, y la mayor\u00eda de los medios, oficialistas.<\/h3>\n<h3>Una coincidencia m\u00e1s: cuando los relatos se vuelven hegem\u00f3nicos, los l\u00edderes pol\u00edticos que los representan parecen blindados frente a cualquier acusaci\u00f3n, pruebas o aparentes derrotas.<\/h3>\n<h3>Sus seguidores, y quienes aceptan esa hegemon\u00eda adormecen su sentido cr\u00edtico y son capaces de justificar todo antes de poner en cuesti\u00f3n el relato aceptado.<\/h3>\n<h3>Fue el blindaje que por mucho tiempo protegi\u00f3 a N\u00e9stor y Cristina Kirchner y del que, hasta ahora, goza Milei.<\/h3>\n<h3><\/h3>\n<h3>* <strong><em>Presidente y CEO de Editorial Perfil.<\/em><\/strong><\/h3>\n<p>&nbsp;<\/p>\n<p>&nbsp;<\/p>\n<p>&nbsp;<\/p>\n<p>&nbsp;<\/p>\n","protected":false},"excerpt":{"rendered":"<p>Por Gustavo Gonz\u00e1lez * Lo que para cualquier pol\u00edtico puede ser una derrota descalificante, para&#8230;<\/p>\n","protected":false},"author":1,"featured_media":11666,"comment_status":"closed","ping_status":"closed","sticky":false,"template":"","format":"standard","meta":{"footnotes":""},"categories":[9],"tags":[],"class_list":["post-11665","post","type-post","status-publish","format-standard","has-post-thumbnail","hentry","category-opinion"],"yoast_head":"<!-- This site is optimized with the Yoast SEO plugin v26.1.1 - https:\/\/yoast.com\/wordpress\/plugins\/seo\/ -->\n<title>DE CRISTINA A MILEI. DEL RELATO K AL M - Apuntes de San Luis<\/title>\n<meta name=\"robots\" content=\"index, follow, max-snippet:-1, max-image-preview:large, max-video-preview:-1\" \/>\n<link rel=\"canonical\" href=\"https:\/\/apuntesdesanluis.com\/index.php\/2024\/02\/13\/de-cristina-a-milei-del-relato-k-al-m\/\" \/>\n<meta property=\"og:locale\" content=\"es_ES\" \/>\n<meta property=\"og:type\" content=\"article\" \/>\n<meta property=\"og:title\" content=\"DE CRISTINA A MILEI. DEL RELATO K AL M - Apuntes de San Luis\" \/>\n<meta property=\"og:description\" content=\"Por Gustavo Gonz\u00e1lez * Lo que para cualquier pol\u00edtico puede ser una derrota descalificante, para...\" \/>\n<meta property=\"og:url\" content=\"https:\/\/apuntesdesanluis.com\/index.php\/2024\/02\/13\/de-cristina-a-milei-del-relato-k-al-m\/\" \/>\n<meta property=\"og:site_name\" content=\"Apuntes de San Luis\" \/>\n<meta property=\"article:published_time\" content=\"2024-02-13T17:31:56+00:00\" \/>\n<meta property=\"article:modified_time\" content=\"2024-02-13T17:32:22+00:00\" \/>\n<meta property=\"og:image\" content=\"https:\/\/apuntesdesanluis.com\/wp-content\/uploads\/2024\/02\/cristina-y-milei.png\" \/>\n\t<meta property=\"og:image:width\" content=\"585\" \/>\n\t<meta property=\"og:image:height\" content=\"353\" \/>\n\t<meta property=\"og:image:type\" content=\"image\/png\" \/>\n<meta name=\"author\" content=\"apuntesdesanluis.com\" \/>\n<meta name=\"twitter:card\" content=\"summary_large_image\" \/>\n<meta name=\"twitter:label1\" content=\"Escrito por\" \/>\n\t<meta name=\"twitter:data1\" content=\"apuntesdesanluis.com\" \/>\n\t<meta name=\"twitter:label2\" content=\"Tiempo de lectura\" \/>\n\t<meta name=\"twitter:data2\" content=\"7 minutos\" \/>\n<script type=\"application\/ld+json\" class=\"yoast-schema-graph\">{\"@context\":\"https:\/\/schema.org\",\"@graph\":[{\"@type\":\"Article\",\"@id\":\"https:\/\/apuntesdesanluis.com\/index.php\/2024\/02\/13\/de-cristina-a-milei-del-relato-k-al-m\/#article\",\"isPartOf\":{\"@id\":\"https:\/\/apuntesdesanluis.com\/index.php\/2024\/02\/13\/de-cristina-a-milei-del-relato-k-al-m\/\"},\"author\":{\"name\":\"apuntesdesanluis.com\",\"@id\":\"https:\/\/apuntesdesanluis.com\/#\/schema\/person\/b55151d52296fcce64d1a72538a70b90\"},\"headline\":\"DE CRISTINA A MILEI. DEL RELATO K AL M\",\"datePublished\":\"2024-02-13T17:31:56+00:00\",\"dateModified\":\"2024-02-13T17:32:22+00:00\",\"mainEntityOfPage\":{\"@id\":\"https:\/\/apuntesdesanluis.com\/index.php\/2024\/02\/13\/de-cristina-a-milei-del-relato-k-al-m\/\"},\"wordCount\":1438,\"publisher\":{\"@id\":\"https:\/\/apuntesdesanluis.com\/#\/schema\/person\/b55151d52296fcce64d1a72538a70b90\"},\"image\":{\"@id\":\"https:\/\/apuntesdesanluis.com\/index.php\/2024\/02\/13\/de-cristina-a-milei-del-relato-k-al-m\/#primaryimage\"},\"thumbnailUrl\":\"https:\/\/apuntesdesanluis.com\/wp-content\/uploads\/2024\/02\/cristina-y-milei.png\",\"articleSection\":[\"Opini\u00f3n\"],\"inLanguage\":\"es-AR\"},{\"@type\":\"WebPage\",\"@id\":\"https:\/\/apuntesdesanluis.com\/index.php\/2024\/02\/13\/de-cristina-a-milei-del-relato-k-al-m\/\",\"url\":\"https:\/\/apuntesdesanluis.com\/index.php\/2024\/02\/13\/de-cristina-a-milei-del-relato-k-al-m\/\",\"name\":\"DE CRISTINA A MILEI. DEL RELATO K AL M - Apuntes de San Luis\",\"isPartOf\":{\"@id\":\"https:\/\/apuntesdesanluis.com\/#website\"},\"primaryImageOfPage\":{\"@id\":\"https:\/\/apuntesdesanluis.com\/index.php\/2024\/02\/13\/de-cristina-a-milei-del-relato-k-al-m\/#primaryimage\"},\"image\":{\"@id\":\"https:\/\/apuntesdesanluis.com\/index.php\/2024\/02\/13\/de-cristina-a-milei-del-relato-k-al-m\/#primaryimage\"},\"thumbnailUrl\":\"https:\/\/apuntesdesanluis.com\/wp-content\/uploads\/2024\/02\/cristina-y-milei.png\",\"datePublished\":\"2024-02-13T17:31:56+00:00\",\"dateModified\":\"2024-02-13T17:32:22+00:00\",\"breadcrumb\":{\"@id\":\"https:\/\/apuntesdesanluis.com\/index.php\/2024\/02\/13\/de-cristina-a-milei-del-relato-k-al-m\/#breadcrumb\"},\"inLanguage\":\"es-AR\",\"potentialAction\":[{\"@type\":\"ReadAction\",\"target\":[\"https:\/\/apuntesdesanluis.com\/index.php\/2024\/02\/13\/de-cristina-a-milei-del-relato-k-al-m\/\"]}]},{\"@type\":\"ImageObject\",\"inLanguage\":\"es-AR\",\"@id\":\"https:\/\/apuntesdesanluis.com\/index.php\/2024\/02\/13\/de-cristina-a-milei-del-relato-k-al-m\/#primaryimage\",\"url\":\"https:\/\/apuntesdesanluis.com\/wp-content\/uploads\/2024\/02\/cristina-y-milei.png\",\"contentUrl\":\"https:\/\/apuntesdesanluis.com\/wp-content\/uploads\/2024\/02\/cristina-y-milei.png\",\"width\":585,\"height\":353},{\"@type\":\"BreadcrumbList\",\"@id\":\"https:\/\/apuntesdesanluis.com\/index.php\/2024\/02\/13\/de-cristina-a-milei-del-relato-k-al-m\/#breadcrumb\",\"itemListElement\":[{\"@type\":\"ListItem\",\"position\":1,\"name\":\"Inicio\",\"item\":\"https:\/\/apuntesdesanluis.com\/\"},{\"@type\":\"ListItem\",\"position\":2,\"name\":\"DE CRISTINA A MILEI. DEL RELATO K AL M\"}]},{\"@type\":\"WebSite\",\"@id\":\"https:\/\/apuntesdesanluis.com\/#website\",\"url\":\"https:\/\/apuntesdesanluis.com\/\",\"name\":\"Apuntes de San Luis\",\"description\":\"\",\"publisher\":{\"@id\":\"https:\/\/apuntesdesanluis.com\/#\/schema\/person\/b55151d52296fcce64d1a72538a70b90\"},\"potentialAction\":[{\"@type\":\"SearchAction\",\"target\":{\"@type\":\"EntryPoint\",\"urlTemplate\":\"https:\/\/apuntesdesanluis.com\/?s={search_term_string}\"},\"query-input\":{\"@type\":\"PropertyValueSpecification\",\"valueRequired\":true,\"valueName\":\"search_term_string\"}}],\"inLanguage\":\"es-AR\"},{\"@type\":[\"Person\",\"Organization\"],\"@id\":\"https:\/\/apuntesdesanluis.com\/#\/schema\/person\/b55151d52296fcce64d1a72538a70b90\",\"name\":\"apuntesdesanluis.com\",\"image\":{\"@type\":\"ImageObject\",\"inLanguage\":\"es-AR\",\"@id\":\"https:\/\/apuntesdesanluis.com\/#\/schema\/person\/image\/\",\"url\":\"https:\/\/apuntesdesanluis.com\/wp-content\/uploads\/2023\/07\/cropped-apuntesdesanluis.png\",\"contentUrl\":\"https:\/\/apuntesdesanluis.com\/wp-content\/uploads\/2023\/07\/cropped-apuntesdesanluis.png\",\"width\":450,\"height\":112,\"caption\":\"apuntesdesanluis.com\"},\"logo\":{\"@id\":\"https:\/\/apuntesdesanluis.com\/#\/schema\/person\/image\/\"},\"sameAs\":[\"https:\/\/apuntesdesanluis.com\"],\"url\":\"https:\/\/apuntesdesanluis.com\/index.php\/author\/apuntesdesanluis-com\/\"}]}<\/script>\n<!-- \/ Yoast SEO plugin. -->","yoast_head_json":{"title":"DE CRISTINA A MILEI. DEL RELATO K AL M - Apuntes de San Luis","robots":{"index":"index","follow":"follow","max-snippet":"max-snippet:-1","max-image-preview":"max-image-preview:large","max-video-preview":"max-video-preview:-1"},"canonical":"https:\/\/apuntesdesanluis.com\/index.php\/2024\/02\/13\/de-cristina-a-milei-del-relato-k-al-m\/","og_locale":"es_ES","og_type":"article","og_title":"DE CRISTINA A MILEI. DEL RELATO K AL M - Apuntes de San Luis","og_description":"Por Gustavo Gonz\u00e1lez * Lo que para cualquier pol\u00edtico puede ser una derrota descalificante, para...","og_url":"https:\/\/apuntesdesanluis.com\/index.php\/2024\/02\/13\/de-cristina-a-milei-del-relato-k-al-m\/","og_site_name":"Apuntes de San Luis","article_published_time":"2024-02-13T17:31:56+00:00","article_modified_time":"2024-02-13T17:32:22+00:00","og_image":[{"width":585,"height":353,"url":"https:\/\/apuntesdesanluis.com\/wp-content\/uploads\/2024\/02\/cristina-y-milei.png","type":"image\/png"}],"author":"apuntesdesanluis.com","twitter_card":"summary_large_image","twitter_misc":{"Escrito por":"apuntesdesanluis.com","Tiempo de lectura":"7 minutos"},"schema":{"@context":"https:\/\/schema.org","@graph":[{"@type":"Article","@id":"https:\/\/apuntesdesanluis.com\/index.php\/2024\/02\/13\/de-cristina-a-milei-del-relato-k-al-m\/#article","isPartOf":{"@id":"https:\/\/apuntesdesanluis.com\/index.php\/2024\/02\/13\/de-cristina-a-milei-del-relato-k-al-m\/"},"author":{"name":"apuntesdesanluis.com","@id":"https:\/\/apuntesdesanluis.com\/#\/schema\/person\/b55151d52296fcce64d1a72538a70b90"},"headline":"DE CRISTINA A MILEI. DEL RELATO K AL M","datePublished":"2024-02-13T17:31:56+00:00","dateModified":"2024-02-13T17:32:22+00:00","mainEntityOfPage":{"@id":"https:\/\/apuntesdesanluis.com\/index.php\/2024\/02\/13\/de-cristina-a-milei-del-relato-k-al-m\/"},"wordCount":1438,"publisher":{"@id":"https:\/\/apuntesdesanluis.com\/#\/schema\/person\/b55151d52296fcce64d1a72538a70b90"},"image":{"@id":"https:\/\/apuntesdesanluis.com\/index.php\/2024\/02\/13\/de-cristina-a-milei-del-relato-k-al-m\/#primaryimage"},"thumbnailUrl":"https:\/\/apuntesdesanluis.com\/wp-content\/uploads\/2024\/02\/cristina-y-milei.png","articleSection":["Opini\u00f3n"],"inLanguage":"es-AR"},{"@type":"WebPage","@id":"https:\/\/apuntesdesanluis.com\/index.php\/2024\/02\/13\/de-cristina-a-milei-del-relato-k-al-m\/","url":"https:\/\/apuntesdesanluis.com\/index.php\/2024\/02\/13\/de-cristina-a-milei-del-relato-k-al-m\/","name":"DE CRISTINA A MILEI. DEL RELATO K AL M - Apuntes de San Luis","isPartOf":{"@id":"https:\/\/apuntesdesanluis.com\/#website"},"primaryImageOfPage":{"@id":"https:\/\/apuntesdesanluis.com\/index.php\/2024\/02\/13\/de-cristina-a-milei-del-relato-k-al-m\/#primaryimage"},"image":{"@id":"https:\/\/apuntesdesanluis.com\/index.php\/2024\/02\/13\/de-cristina-a-milei-del-relato-k-al-m\/#primaryimage"},"thumbnailUrl":"https:\/\/apuntesdesanluis.com\/wp-content\/uploads\/2024\/02\/cristina-y-milei.png","datePublished":"2024-02-13T17:31:56+00:00","dateModified":"2024-02-13T17:32:22+00:00","breadcrumb":{"@id":"https:\/\/apuntesdesanluis.com\/index.php\/2024\/02\/13\/de-cristina-a-milei-del-relato-k-al-m\/#breadcrumb"},"inLanguage":"es-AR","potentialAction":[{"@type":"ReadAction","target":["https:\/\/apuntesdesanluis.com\/index.php\/2024\/02\/13\/de-cristina-a-milei-del-relato-k-al-m\/"]}]},{"@type":"ImageObject","inLanguage":"es-AR","@id":"https:\/\/apuntesdesanluis.com\/index.php\/2024\/02\/13\/de-cristina-a-milei-del-relato-k-al-m\/#primaryimage","url":"https:\/\/apuntesdesanluis.com\/wp-content\/uploads\/2024\/02\/cristina-y-milei.png","contentUrl":"https:\/\/apuntesdesanluis.com\/wp-content\/uploads\/2024\/02\/cristina-y-milei.png","width":585,"height":353},{"@type":"BreadcrumbList","@id":"https:\/\/apuntesdesanluis.com\/index.php\/2024\/02\/13\/de-cristina-a-milei-del-relato-k-al-m\/#breadcrumb","itemListElement":[{"@type":"ListItem","position":1,"name":"Inicio","item":"https:\/\/apuntesdesanluis.com\/"},{"@type":"ListItem","position":2,"name":"DE CRISTINA A MILEI. DEL RELATO K AL M"}]},{"@type":"WebSite","@id":"https:\/\/apuntesdesanluis.com\/#website","url":"https:\/\/apuntesdesanluis.com\/","name":"Apuntes de San Luis","description":"","publisher":{"@id":"https:\/\/apuntesdesanluis.com\/#\/schema\/person\/b55151d52296fcce64d1a72538a70b90"},"potentialAction":[{"@type":"SearchAction","target":{"@type":"EntryPoint","urlTemplate":"https:\/\/apuntesdesanluis.com\/?s={search_term_string}"},"query-input":{"@type":"PropertyValueSpecification","valueRequired":true,"valueName":"search_term_string"}}],"inLanguage":"es-AR"},{"@type":["Person","Organization"],"@id":"https:\/\/apuntesdesanluis.com\/#\/schema\/person\/b55151d52296fcce64d1a72538a70b90","name":"apuntesdesanluis.com","image":{"@type":"ImageObject","inLanguage":"es-AR","@id":"https:\/\/apuntesdesanluis.com\/#\/schema\/person\/image\/","url":"https:\/\/apuntesdesanluis.com\/wp-content\/uploads\/2023\/07\/cropped-apuntesdesanluis.png","contentUrl":"https:\/\/apuntesdesanluis.com\/wp-content\/uploads\/2023\/07\/cropped-apuntesdesanluis.png","width":450,"height":112,"caption":"apuntesdesanluis.com"},"logo":{"@id":"https:\/\/apuntesdesanluis.com\/#\/schema\/person\/image\/"},"sameAs":["https:\/\/apuntesdesanluis.com"],"url":"https:\/\/apuntesdesanluis.com\/index.php\/author\/apuntesdesanluis-com\/"}]}},"featured_image_urls":{"full":["https:\/\/apuntesdesanluis.com\/wp-content\/uploads\/2024\/02\/cristina-y-milei.png",585,353,false],"thumbnail":["https:\/\/apuntesdesanluis.com\/wp-content\/uploads\/2024\/02\/cristina-y-milei-150x150.png",150,150,true],"medium":["https:\/\/apuntesdesanluis.com\/wp-content\/uploads\/2024\/02\/cristina-y-milei-300x181.png",300,181,true],"medium_large":["https:\/\/apuntesdesanluis.com\/wp-content\/uploads\/2024\/02\/cristina-y-milei.png",585,353,false],"large":["https:\/\/apuntesdesanluis.com\/wp-content\/uploads\/2024\/02\/cristina-y-milei.png",585,353,false],"1536x1536":["https:\/\/apuntesdesanluis.com\/wp-content\/uploads\/2024\/02\/cristina-y-milei.png",585,353,false],"2048x2048":["https:\/\/apuntesdesanluis.com\/wp-content\/uploads\/2024\/02\/cristina-y-milei.png",585,353,false],"newsever-slider-full":["https:\/\/apuntesdesanluis.com\/wp-content\/uploads\/2024\/02\/cristina-y-milei.png",585,353,false],"newsever-featured":["https:\/\/apuntesdesanluis.com\/wp-content\/uploads\/2024\/02\/cristina-y-milei.png",585,353,false],"newsever-medium":["https:\/\/apuntesdesanluis.com\/wp-content\/uploads\/2024\/02\/cristina-y-milei.png",585,353,false]},"author_info":{"display_name":"apuntesdesanluis.com","author_link":"https:\/\/apuntesdesanluis.com\/index.php\/author\/apuntesdesanluis-com\/"},"category_info":"<a href=\"https:\/\/apuntesdesanluis.com\/index.php\/category\/opinion\/\" rel=\"category tag\">Opini\u00f3n<\/a>","tag_info":"Opini\u00f3n","comment_count":"0","_links":{"self":[{"href":"https:\/\/apuntesdesanluis.com\/index.php\/wp-json\/wp\/v2\/posts\/11665","targetHints":{"allow":["GET"]}}],"collection":[{"href":"https:\/\/apuntesdesanluis.com\/index.php\/wp-json\/wp\/v2\/posts"}],"about":[{"href":"https:\/\/apuntesdesanluis.com\/index.php\/wp-json\/wp\/v2\/types\/post"}],"author":[{"embeddable":true,"href":"https:\/\/apuntesdesanluis.com\/index.php\/wp-json\/wp\/v2\/users\/1"}],"replies":[{"embeddable":true,"href":"https:\/\/apuntesdesanluis.com\/index.php\/wp-json\/wp\/v2\/comments?post=11665"}],"version-history":[{"count":2,"href":"https:\/\/apuntesdesanluis.com\/index.php\/wp-json\/wp\/v2\/posts\/11665\/revisions"}],"predecessor-version":[{"id":11669,"href":"https:\/\/apuntesdesanluis.com\/index.php\/wp-json\/wp\/v2\/posts\/11665\/revisions\/11669"}],"wp:featuredmedia":[{"embeddable":true,"href":"https:\/\/apuntesdesanluis.com\/index.php\/wp-json\/wp\/v2\/media\/11666"}],"wp:attachment":[{"href":"https:\/\/apuntesdesanluis.com\/index.php\/wp-json\/wp\/v2\/media?parent=11665"}],"wp:term":[{"taxonomy":"category","embeddable":true,"href":"https:\/\/apuntesdesanluis.com\/index.php\/wp-json\/wp\/v2\/categories?post=11665"},{"taxonomy":"post_tag","embeddable":true,"href":"https:\/\/apuntesdesanluis.com\/index.php\/wp-json\/wp\/v2\/tags?post=11665"}],"curies":[{"name":"wp","href":"https:\/\/api.w.org\/{rel}","templated":true}]}}