{"id":11671,"date":"2024-02-14T13:08:12","date_gmt":"2024-02-14T16:08:12","guid":{"rendered":"https:\/\/apuntesdesanluis.com\/?p=11671"},"modified":"2024-02-14T13:13:25","modified_gmt":"2024-02-14T16:13:25","slug":"el-intendente-frontera-participara-del-ecuentro-de-la-federacion-argentina-de-municipios","status":"publish","type":"post","link":"https:\/\/apuntesdesanluis.com\/index.php\/2024\/02\/14\/el-intendente-frontera-participara-del-ecuentro-de-la-federacion-argentina-de-municipios\/","title":{"rendered":"EL INTENDENTE FRONTERA PARTICIPAR\u00c1 DEL ENCUENTRO DE LA FEDERACI\u00d3N ARGENTINA DE MUNICIPIOS"},"content":{"rendered":"<h3>El jefe comunal viaj\u00f3 este mi\u00e9rcoles a Buenos Aires para reunirse con sus pares de todo el pa\u00eds, y deliberar en torno de cinco ejes claves y urgentes para afrontar el dif\u00edcil contexto socioecon\u00f3mico actual.<\/h3>\n<h3>Este jueves al mediod\u00eda, <strong>Maximiliano Frontera<\/strong> participar\u00e1 en un plenario organizado por la <strong>Federaci\u00f3n Argentina de Municipios (FAM), <\/strong>que preside el intendente de La Matanza<strong>, Fernando Espinoza<\/strong>.<\/h3>\n<h3>El organismo que nuclea a las comunas en gran parte del territorio nacional, convoc\u00f3 a los intendentes e intendentas, para efectuar un diagn\u00f3stico y definir lineas de acci\u00f3n ante el ajuste nacional que lleva adelante el presidente Javier Milei.<\/h3>\n<h3>En la reuni\u00f3n tratar\u00e1n &#8220;cinco ejes prioritarios y urgentes&#8221;. A trav\u00e9s de un comunicado explicaron que estos son &#8220;alimentos, transporte, educaci\u00f3n, salud y obra p\u00fablica&#8221;.<\/h3>\n<h3>\u201cDesde la Federaci\u00f3n Argentina de Municipios expresamos con alarma y extrema preocupaci\u00f3n el camino anti federal y extorsivo que ha tomado el gobierno nacional. Argentina vive una dram\u00e1tica situaci\u00f3n socioecon\u00f3mica que d\u00eda a d\u00eda se agrava por las medidas que lleva adelante el presidente de la Naci\u00f3n y su ministro plenipotenciario de Econom\u00eda\u201d, enfatiza la organizaci\u00f3n.<\/h3>\n<p><img fetchpriority=\"high\" decoding=\"async\" class=\"wp-image-11673 aligncenter\" src=\"https:\/\/apuntesdesanluis.com\/wp-content\/uploads\/2024\/02\/flyer-300x160.jpg\" alt=\"\" width=\"585\" height=\"312\" srcset=\"https:\/\/apuntesdesanluis.com\/wp-content\/uploads\/2024\/02\/flyer-300x160.jpg 300w, https:\/\/apuntesdesanluis.com\/wp-content\/uploads\/2024\/02\/flyer.jpg 741w\" sizes=\"(max-width: 585px) 100vw, 585px\" \/><\/p>\n<h3>Con el fin de explicar el contexto local y profundizar sobre las problem\u00e1ticas que atraviesa Villa Mercedes a ra\u00edz de estas medidas, Frontera har\u00e1 un balance de lo que sucede en nuestra ciudad, particularmente con el transporte, qu\u00e9 pasara con el boleto gratuito y el servicio del colectivo con esta quita de subsidios; la suspensi+on del pago del incentivo docente, un tema que gener\u00f3 movilizaciones y que pone en peligro el inicio de clases en las aulas de la provincia; as\u00ed como tambi\u00e9n la obra p\u00fablica, ya que desde diciembre quedaron paradas construcciones como la colectora industrial, nuevas viviendas en el barrio Uni\u00f3n y los 84 departamentos del plan Procrear, entre otras.<\/h3>\n<h3>En otro p\u00e1rrafo, la FAM advierte: \u201cAnte el panorama inminente de mayor pobreza y alt\u00edsima inflaci\u00f3n, nos vemos en la obligaci\u00f3n de alertar y exigir a las autoridades nacionales que tomen medidas urgentes para frenar la cat\u00e1strofe que se avecina. Ante todo, se deben respetar la Constituci\u00f3n Nacional, la divisi\u00f3n de poderes y el federalismo. Hoy las jurisdicciones provinciales y municipales est\u00e1n siendo atacadas de forma inescrupulosa generando un impacto sin precedentes en la vida de cada ciudadano argentino\u201d.<\/h3>\n<p>&nbsp;<\/p>\n<h3><span style=\"color: #3366ff;\"><a style=\"color: #3366ff;\" href=\"https:\/\/apuntesdesanluis.com\/wp-content\/uploads\/2024\/02\/COMUNICADO-FAM-LLAMAMOS-A-.doc-1.pdf\">COMUNICADO-FAM-LLAMAMOS-A-.doc-1<\/a><\/span><\/h3>\n<p>&nbsp;<\/p>\n<p>&nbsp;<\/p>\n<p>&nbsp;<\/p>\n<h3><\/h3>\n","protected":false},"excerpt":{"rendered":"<p>El jefe comunal viaj\u00f3 este mi\u00e9rcoles a Buenos Aires para reunirse con sus pares de&#8230;<\/p>\n","protected":false},"author":1,"featured_media":11674,"comment_status":"closed","ping_status":"closed","sticky":false,"template":"","format":"standard","meta":{"footnotes":""},"categories":[6],"tags":[],"class_list":["post-11671","post","type-post","status-publish","format-standard","has-post-thumbnail","hentry","category-ciudad-provincia"],"yoast_head":"<!-- This site is optimized with the Yoast SEO plugin v26.1.1 - https:\/\/yoast.com\/wordpress\/plugins\/seo\/ -->\n<title>EL INTENDENTE FRONTERA PARTICIPAR\u00c1 DEL ENCUENTRO DE LA FEDERACI\u00d3N ARGENTINA DE MUNICIPIOS - Apuntes de San Luis<\/title>\n<meta name=\"robots\" content=\"index, follow, max-snippet:-1, max-image-preview:large, max-video-preview:-1\" \/>\n<link rel=\"canonical\" href=\"https:\/\/apuntesdesanluis.com\/index.php\/2024\/02\/14\/el-intendente-frontera-participara-del-ecuentro-de-la-federacion-argentina-de-municipios\/\" \/>\n<meta property=\"og:locale\" content=\"es_ES\" \/>\n<meta property=\"og:type\" content=\"article\" \/>\n<meta property=\"og:title\" content=\"EL INTENDENTE FRONTERA PARTICIPAR\u00c1 DEL ENCUENTRO DE LA FEDERACI\u00d3N ARGENTINA DE MUNICIPIOS - Apuntes de San Luis\" \/>\n<meta property=\"og:description\" content=\"El jefe comunal viaj\u00f3 este mi\u00e9rcoles a Buenos Aires para reunirse con sus pares de...\" \/>\n<meta property=\"og:url\" content=\"https:\/\/apuntesdesanluis.com\/index.php\/2024\/02\/14\/el-intendente-frontera-participara-del-ecuentro-de-la-federacion-argentina-de-municipios\/\" \/>\n<meta property=\"og:site_name\" content=\"Apuntes de San Luis\" \/>\n<meta property=\"article:published_time\" content=\"2024-02-14T16:08:12+00:00\" \/>\n<meta property=\"article:modified_time\" content=\"2024-02-14T16:13:25+00:00\" \/>\n<meta property=\"og:image\" content=\"https:\/\/apuntesdesanluis.com\/wp-content\/uploads\/2024\/02\/FRONTERA-2.png\" \/>\n\t<meta property=\"og:image:width\" content=\"612\" \/>\n\t<meta property=\"og:image:height\" content=\"378\" \/>\n\t<meta property=\"og:image:type\" content=\"image\/png\" \/>\n<meta name=\"author\" content=\"apuntesdesanluis.com\" \/>\n<meta name=\"twitter:card\" content=\"summary_large_image\" \/>\n<meta name=\"twitter:label1\" content=\"Escrito por\" \/>\n\t<meta name=\"twitter:data1\" content=\"apuntesdesanluis.com\" \/>\n\t<meta name=\"twitter:label2\" content=\"Tiempo de lectura\" \/>\n\t<meta name=\"twitter:data2\" content=\"2 minutos\" \/>\n<script type=\"application\/ld+json\" class=\"yoast-schema-graph\">{\"@context\":\"https:\/\/schema.org\",\"@graph\":[{\"@type\":\"Article\",\"@id\":\"https:\/\/apuntesdesanluis.com\/index.php\/2024\/02\/14\/el-intendente-frontera-participara-del-ecuentro-de-la-federacion-argentina-de-municipios\/#article\",\"isPartOf\":{\"@id\":\"https:\/\/apuntesdesanluis.com\/index.php\/2024\/02\/14\/el-intendente-frontera-participara-del-ecuentro-de-la-federacion-argentina-de-municipios\/\"},\"author\":{\"name\":\"apuntesdesanluis.com\",\"@id\":\"https:\/\/apuntesdesanluis.com\/#\/schema\/person\/b55151d52296fcce64d1a72538a70b90\"},\"headline\":\"EL INTENDENTE FRONTERA PARTICIPAR\u00c1 DEL ENCUENTRO DE LA FEDERACI\u00d3N ARGENTINA DE MUNICIPIOS\",\"datePublished\":\"2024-02-14T16:08:12+00:00\",\"dateModified\":\"2024-02-14T16:13:25+00:00\",\"mainEntityOfPage\":{\"@id\":\"https:\/\/apuntesdesanluis.com\/index.php\/2024\/02\/14\/el-intendente-frontera-participara-del-ecuentro-de-la-federacion-argentina-de-municipios\/\"},\"wordCount\":428,\"publisher\":{\"@id\":\"https:\/\/apuntesdesanluis.com\/#\/schema\/person\/b55151d52296fcce64d1a72538a70b90\"},\"image\":{\"@id\":\"https:\/\/apuntesdesanluis.com\/index.php\/2024\/02\/14\/el-intendente-frontera-participara-del-ecuentro-de-la-federacion-argentina-de-municipios\/#primaryimage\"},\"thumbnailUrl\":\"https:\/\/apuntesdesanluis.com\/wp-content\/uploads\/2024\/02\/FRONTERA-2.png\",\"articleSection\":[\"Ciudad\/Provincia\"],\"inLanguage\":\"es-AR\"},{\"@type\":\"WebPage\",\"@id\":\"https:\/\/apuntesdesanluis.com\/index.php\/2024\/02\/14\/el-intendente-frontera-participara-del-ecuentro-de-la-federacion-argentina-de-municipios\/\",\"url\":\"https:\/\/apuntesdesanluis.com\/index.php\/2024\/02\/14\/el-intendente-frontera-participara-del-ecuentro-de-la-federacion-argentina-de-municipios\/\",\"name\":\"EL INTENDENTE FRONTERA PARTICIPAR\u00c1 DEL ENCUENTRO DE LA FEDERACI\u00d3N ARGENTINA DE MUNICIPIOS - Apuntes de San Luis\",\"isPartOf\":{\"@id\":\"https:\/\/apuntesdesanluis.com\/#website\"},\"primaryImageOfPage\":{\"@id\":\"https:\/\/apuntesdesanluis.com\/index.php\/2024\/02\/14\/el-intendente-frontera-participara-del-ecuentro-de-la-federacion-argentina-de-municipios\/#primaryimage\"},\"image\":{\"@id\":\"https:\/\/apuntesdesanluis.com\/index.php\/2024\/02\/14\/el-intendente-frontera-participara-del-ecuentro-de-la-federacion-argentina-de-municipios\/#primaryimage\"},\"thumbnailUrl\":\"https:\/\/apuntesdesanluis.com\/wp-content\/uploads\/2024\/02\/FRONTERA-2.png\",\"datePublished\":\"2024-02-14T16:08:12+00:00\",\"dateModified\":\"2024-02-14T16:13:25+00:00\",\"breadcrumb\":{\"@id\":\"https:\/\/apuntesdesanluis.com\/index.php\/2024\/02\/14\/el-intendente-frontera-participara-del-ecuentro-de-la-federacion-argentina-de-municipios\/#breadcrumb\"},\"inLanguage\":\"es-AR\",\"potentialAction\":[{\"@type\":\"ReadAction\",\"target\":[\"https:\/\/apuntesdesanluis.com\/index.php\/2024\/02\/14\/el-intendente-frontera-participara-del-ecuentro-de-la-federacion-argentina-de-municipios\/\"]}]},{\"@type\":\"ImageObject\",\"inLanguage\":\"es-AR\",\"@id\":\"https:\/\/apuntesdesanluis.com\/index.php\/2024\/02\/14\/el-intendente-frontera-participara-del-ecuentro-de-la-federacion-argentina-de-municipios\/#primaryimage\",\"url\":\"https:\/\/apuntesdesanluis.com\/wp-content\/uploads\/2024\/02\/FRONTERA-2.png\",\"contentUrl\":\"https:\/\/apuntesdesanluis.com\/wp-content\/uploads\/2024\/02\/FRONTERA-2.png\",\"width\":612,\"height\":378},{\"@type\":\"BreadcrumbList\",\"@id\":\"https:\/\/apuntesdesanluis.com\/index.php\/2024\/02\/14\/el-intendente-frontera-participara-del-ecuentro-de-la-federacion-argentina-de-municipios\/#breadcrumb\",\"itemListElement\":[{\"@type\":\"ListItem\",\"position\":1,\"name\":\"Inicio\",\"item\":\"https:\/\/apuntesdesanluis.com\/\"},{\"@type\":\"ListItem\",\"position\":2,\"name\":\"EL INTENDENTE FRONTERA PARTICIPAR\u00c1 DEL ENCUENTRO DE LA FEDERACI\u00d3N ARGENTINA DE MUNICIPIOS\"}]},{\"@type\":\"WebSite\",\"@id\":\"https:\/\/apuntesdesanluis.com\/#website\",\"url\":\"https:\/\/apuntesdesanluis.com\/\",\"name\":\"Apuntes de San Luis\",\"description\":\"\",\"publisher\":{\"@id\":\"https:\/\/apuntesdesanluis.com\/#\/schema\/person\/b55151d52296fcce64d1a72538a70b90\"},\"potentialAction\":[{\"@type\":\"SearchAction\",\"target\":{\"@type\":\"EntryPoint\",\"urlTemplate\":\"https:\/\/apuntesdesanluis.com\/?s={search_term_string}\"},\"query-input\":{\"@type\":\"PropertyValueSpecification\",\"valueRequired\":true,\"valueName\":\"search_term_string\"}}],\"inLanguage\":\"es-AR\"},{\"@type\":[\"Person\",\"Organization\"],\"@id\":\"https:\/\/apuntesdesanluis.com\/#\/schema\/person\/b55151d52296fcce64d1a72538a70b90\",\"name\":\"apuntesdesanluis.com\",\"image\":{\"@type\":\"ImageObject\",\"inLanguage\":\"es-AR\",\"@id\":\"https:\/\/apuntesdesanluis.com\/#\/schema\/person\/image\/\",\"url\":\"https:\/\/apuntesdesanluis.com\/wp-content\/uploads\/2023\/07\/cropped-apuntesdesanluis.png\",\"contentUrl\":\"https:\/\/apuntesdesanluis.com\/wp-content\/uploads\/2023\/07\/cropped-apuntesdesanluis.png\",\"width\":450,\"height\":112,\"caption\":\"apuntesdesanluis.com\"},\"logo\":{\"@id\":\"https:\/\/apuntesdesanluis.com\/#\/schema\/person\/image\/\"},\"sameAs\":[\"https:\/\/apuntesdesanluis.com\"],\"url\":\"https:\/\/apuntesdesanluis.com\/index.php\/author\/apuntesdesanluis-com\/\"}]}<\/script>\n<!-- \/ Yoast SEO plugin. -->","yoast_head_json":{"title":"EL INTENDENTE FRONTERA PARTICIPAR\u00c1 DEL ENCUENTRO DE LA FEDERACI\u00d3N ARGENTINA DE MUNICIPIOS - Apuntes de San Luis","robots":{"index":"index","follow":"follow","max-snippet":"max-snippet:-1","max-image-preview":"max-image-preview:large","max-video-preview":"max-video-preview:-1"},"canonical":"https:\/\/apuntesdesanluis.com\/index.php\/2024\/02\/14\/el-intendente-frontera-participara-del-ecuentro-de-la-federacion-argentina-de-municipios\/","og_locale":"es_ES","og_type":"article","og_title":"EL INTENDENTE FRONTERA PARTICIPAR\u00c1 DEL ENCUENTRO DE LA FEDERACI\u00d3N ARGENTINA DE MUNICIPIOS - Apuntes de San Luis","og_description":"El jefe comunal viaj\u00f3 este mi\u00e9rcoles a Buenos Aires para reunirse con sus pares de...","og_url":"https:\/\/apuntesdesanluis.com\/index.php\/2024\/02\/14\/el-intendente-frontera-participara-del-ecuentro-de-la-federacion-argentina-de-municipios\/","og_site_name":"Apuntes de San Luis","article_published_time":"2024-02-14T16:08:12+00:00","article_modified_time":"2024-02-14T16:13:25+00:00","og_image":[{"width":612,"height":378,"url":"https:\/\/apuntesdesanluis.com\/wp-content\/uploads\/2024\/02\/FRONTERA-2.png","type":"image\/png"}],"author":"apuntesdesanluis.com","twitter_card":"summary_large_image","twitter_misc":{"Escrito por":"apuntesdesanluis.com","Tiempo de lectura":"2 minutos"},"schema":{"@context":"https:\/\/schema.org","@graph":[{"@type":"Article","@id":"https:\/\/apuntesdesanluis.com\/index.php\/2024\/02\/14\/el-intendente-frontera-participara-del-ecuentro-de-la-federacion-argentina-de-municipios\/#article","isPartOf":{"@id":"https:\/\/apuntesdesanluis.com\/index.php\/2024\/02\/14\/el-intendente-frontera-participara-del-ecuentro-de-la-federacion-argentina-de-municipios\/"},"author":{"name":"apuntesdesanluis.com","@id":"https:\/\/apuntesdesanluis.com\/#\/schema\/person\/b55151d52296fcce64d1a72538a70b90"},"headline":"EL INTENDENTE FRONTERA PARTICIPAR\u00c1 DEL ENCUENTRO DE LA FEDERACI\u00d3N ARGENTINA DE MUNICIPIOS","datePublished":"2024-02-14T16:08:12+00:00","dateModified":"2024-02-14T16:13:25+00:00","mainEntityOfPage":{"@id":"https:\/\/apuntesdesanluis.com\/index.php\/2024\/02\/14\/el-intendente-frontera-participara-del-ecuentro-de-la-federacion-argentina-de-municipios\/"},"wordCount":428,"publisher":{"@id":"https:\/\/apuntesdesanluis.com\/#\/schema\/person\/b55151d52296fcce64d1a72538a70b90"},"image":{"@id":"https:\/\/apuntesdesanluis.com\/index.php\/2024\/02\/14\/el-intendente-frontera-participara-del-ecuentro-de-la-federacion-argentina-de-municipios\/#primaryimage"},"thumbnailUrl":"https:\/\/apuntesdesanluis.com\/wp-content\/uploads\/2024\/02\/FRONTERA-2.png","articleSection":["Ciudad\/Provincia"],"inLanguage":"es-AR"},{"@type":"WebPage","@id":"https:\/\/apuntesdesanluis.com\/index.php\/2024\/02\/14\/el-intendente-frontera-participara-del-ecuentro-de-la-federacion-argentina-de-municipios\/","url":"https:\/\/apuntesdesanluis.com\/index.php\/2024\/02\/14\/el-intendente-frontera-participara-del-ecuentro-de-la-federacion-argentina-de-municipios\/","name":"EL INTENDENTE FRONTERA PARTICIPAR\u00c1 DEL ENCUENTRO DE LA FEDERACI\u00d3N ARGENTINA DE MUNICIPIOS - Apuntes de San Luis","isPartOf":{"@id":"https:\/\/apuntesdesanluis.com\/#website"},"primaryImageOfPage":{"@id":"https:\/\/apuntesdesanluis.com\/index.php\/2024\/02\/14\/el-intendente-frontera-participara-del-ecuentro-de-la-federacion-argentina-de-municipios\/#primaryimage"},"image":{"@id":"https:\/\/apuntesdesanluis.com\/index.php\/2024\/02\/14\/el-intendente-frontera-participara-del-ecuentro-de-la-federacion-argentina-de-municipios\/#primaryimage"},"thumbnailUrl":"https:\/\/apuntesdesanluis.com\/wp-content\/uploads\/2024\/02\/FRONTERA-2.png","datePublished":"2024-02-14T16:08:12+00:00","dateModified":"2024-02-14T16:13:25+00:00","breadcrumb":{"@id":"https:\/\/apuntesdesanluis.com\/index.php\/2024\/02\/14\/el-intendente-frontera-participara-del-ecuentro-de-la-federacion-argentina-de-municipios\/#breadcrumb"},"inLanguage":"es-AR","potentialAction":[{"@type":"ReadAction","target":["https:\/\/apuntesdesanluis.com\/index.php\/2024\/02\/14\/el-intendente-frontera-participara-del-ecuentro-de-la-federacion-argentina-de-municipios\/"]}]},{"@type":"ImageObject","inLanguage":"es-AR","@id":"https:\/\/apuntesdesanluis.com\/index.php\/2024\/02\/14\/el-intendente-frontera-participara-del-ecuentro-de-la-federacion-argentina-de-municipios\/#primaryimage","url":"https:\/\/apuntesdesanluis.com\/wp-content\/uploads\/2024\/02\/FRONTERA-2.png","contentUrl":"https:\/\/apuntesdesanluis.com\/wp-content\/uploads\/2024\/02\/FRONTERA-2.png","width":612,"height":378},{"@type":"BreadcrumbList","@id":"https:\/\/apuntesdesanluis.com\/index.php\/2024\/02\/14\/el-intendente-frontera-participara-del-ecuentro-de-la-federacion-argentina-de-municipios\/#breadcrumb","itemListElement":[{"@type":"ListItem","position":1,"name":"Inicio","item":"https:\/\/apuntesdesanluis.com\/"},{"@type":"ListItem","position":2,"name":"EL INTENDENTE FRONTERA PARTICIPAR\u00c1 DEL ENCUENTRO DE LA FEDERACI\u00d3N ARGENTINA DE MUNICIPIOS"}]},{"@type":"WebSite","@id":"https:\/\/apuntesdesanluis.com\/#website","url":"https:\/\/apuntesdesanluis.com\/","name":"Apuntes de San Luis","description":"","publisher":{"@id":"https:\/\/apuntesdesanluis.com\/#\/schema\/person\/b55151d52296fcce64d1a72538a70b90"},"potentialAction":[{"@type":"SearchAction","target":{"@type":"EntryPoint","urlTemplate":"https:\/\/apuntesdesanluis.com\/?s={search_term_string}"},"query-input":{"@type":"PropertyValueSpecification","valueRequired":true,"valueName":"search_term_string"}}],"inLanguage":"es-AR"},{"@type":["Person","Organization"],"@id":"https:\/\/apuntesdesanluis.com\/#\/schema\/person\/b55151d52296fcce64d1a72538a70b90","name":"apuntesdesanluis.com","image":{"@type":"ImageObject","inLanguage":"es-AR","@id":"https:\/\/apuntesdesanluis.com\/#\/schema\/person\/image\/","url":"https:\/\/apuntesdesanluis.com\/wp-content\/uploads\/2023\/07\/cropped-apuntesdesanluis.png","contentUrl":"https:\/\/apuntesdesanluis.com\/wp-content\/uploads\/2023\/07\/cropped-apuntesdesanluis.png","width":450,"height":112,"caption":"apuntesdesanluis.com"},"logo":{"@id":"https:\/\/apuntesdesanluis.com\/#\/schema\/person\/image\/"},"sameAs":["https:\/\/apuntesdesanluis.com"],"url":"https:\/\/apuntesdesanluis.com\/index.php\/author\/apuntesdesanluis-com\/"}]}},"featured_image_urls":{"full":["https:\/\/apuntesdesanluis.com\/wp-content\/uploads\/2024\/02\/FRONTERA-2.png",612,378,false],"thumbnail":["https:\/\/apuntesdesanluis.com\/wp-content\/uploads\/2024\/02\/FRONTERA-2-150x150.png",150,150,true],"medium":["https:\/\/apuntesdesanluis.com\/wp-content\/uploads\/2024\/02\/FRONTERA-2-300x185.png",300,185,true],"medium_large":["https:\/\/apuntesdesanluis.com\/wp-content\/uploads\/2024\/02\/FRONTERA-2.png",612,378,false],"large":["https:\/\/apuntesdesanluis.com\/wp-content\/uploads\/2024\/02\/FRONTERA-2.png",612,378,false],"1536x1536":["https:\/\/apuntesdesanluis.com\/wp-content\/uploads\/2024\/02\/FRONTERA-2.png",612,378,false],"2048x2048":["https:\/\/apuntesdesanluis.com\/wp-content\/uploads\/2024\/02\/FRONTERA-2.png",612,378,false],"newsever-slider-full":["https:\/\/apuntesdesanluis.com\/wp-content\/uploads\/2024\/02\/FRONTERA-2.png",612,378,false],"newsever-featured":["https:\/\/apuntesdesanluis.com\/wp-content\/uploads\/2024\/02\/FRONTERA-2.png",612,378,false],"newsever-medium":["https:\/\/apuntesdesanluis.com\/wp-content\/uploads\/2024\/02\/FRONTERA-2.png",612,378,false]},"author_info":{"display_name":"apuntesdesanluis.com","author_link":"https:\/\/apuntesdesanluis.com\/index.php\/author\/apuntesdesanluis-com\/"},"category_info":"<a href=\"https:\/\/apuntesdesanluis.com\/index.php\/category\/ciudad-provincia\/\" rel=\"category tag\">Ciudad\/Provincia<\/a>","tag_info":"Ciudad\/Provincia","comment_count":"0","_links":{"self":[{"href":"https:\/\/apuntesdesanluis.com\/index.php\/wp-json\/wp\/v2\/posts\/11671","targetHints":{"allow":["GET"]}}],"collection":[{"href":"https:\/\/apuntesdesanluis.com\/index.php\/wp-json\/wp\/v2\/posts"}],"about":[{"href":"https:\/\/apuntesdesanluis.com\/index.php\/wp-json\/wp\/v2\/types\/post"}],"author":[{"embeddable":true,"href":"https:\/\/apuntesdesanluis.com\/index.php\/wp-json\/wp\/v2\/users\/1"}],"replies":[{"embeddable":true,"href":"https:\/\/apuntesdesanluis.com\/index.php\/wp-json\/wp\/v2\/comments?post=11671"}],"version-history":[{"count":8,"href":"https:\/\/apuntesdesanluis.com\/index.php\/wp-json\/wp\/v2\/posts\/11671\/revisions"}],"predecessor-version":[{"id":11682,"href":"https:\/\/apuntesdesanluis.com\/index.php\/wp-json\/wp\/v2\/posts\/11671\/revisions\/11682"}],"wp:featuredmedia":[{"embeddable":true,"href":"https:\/\/apuntesdesanluis.com\/index.php\/wp-json\/wp\/v2\/media\/11674"}],"wp:attachment":[{"href":"https:\/\/apuntesdesanluis.com\/index.php\/wp-json\/wp\/v2\/media?parent=11671"}],"wp:term":[{"taxonomy":"category","embeddable":true,"href":"https:\/\/apuntesdesanluis.com\/index.php\/wp-json\/wp\/v2\/categories?post=11671"},{"taxonomy":"post_tag","embeddable":true,"href":"https:\/\/apuntesdesanluis.com\/index.php\/wp-json\/wp\/v2\/tags?post=11671"}],"curies":[{"name":"wp","href":"https:\/\/api.w.org\/{rel}","templated":true}]}}