{"id":11683,"date":"2024-02-14T15:05:46","date_gmt":"2024-02-14T18:05:46","guid":{"rendered":"https:\/\/apuntesdesanluis.com\/?p=11683"},"modified":"2024-02-14T15:05:46","modified_gmt":"2024-02-14T18:05:46","slug":"adorni-confirmo-que-el-gobierno-no-enviara-los-fondos-educativos-a-las-provincias-y-los-gremios","status":"publish","type":"post","link":"https:\/\/apuntesdesanluis.com\/index.php\/2024\/02\/14\/adorni-confirmo-que-el-gobierno-no-enviara-los-fondos-educativos-a-las-provincias-y-los-gremios\/","title":{"rendered":"ADORNI CONFIRM\u00d3 QUE EL GOBIERNO NO ENVIAR\u00c1 LOS FONDOS EDUCATIVOS A LAS PROVINCIAS Y LOS GREMIOS"},"content":{"rendered":"<h3>El vocero presidencial, <strong>Manuel Adorni<\/strong>, descart\u00f3 la posibilidad de enviar los fondos para los sueldos y programas educativos que adeuda la Naci\u00f3n a las provincias. En la habitual conferencia de prensa, confirm\u00f3 que el Gobierno no eval\u00faa girar el Fondo Nacional de Incentivo Docente por lo que peligra el inicio de las clases.<\/h3>\n<h3>\u201cEn principio la Naci\u00f3n no lo va a transferir porque es un fondo que no tiene existencia hoy, no existe\u201d, remarc\u00f3 al respecto a pesar de los reclamos de los gobernadores y distintos gremios docentes.<\/h3>\n<h3>El funcionario asegur\u00f3 que los salarios \u201cdependen de los gobernadores\u201d, por lo que precis\u00f3 que \u201ccada jurisdicci\u00f3n es libre de pactar el salario que desee\u201d. \u201cLos docentes de la Argentina dependen de las provincias y la Ciudad, est\u00e1n en libertad de pactar el salario que pretenden o que consideran justo para iniciar las clases\u201d, indic\u00f3.<\/h3>\n<h3>Por su parte, tambi\u00e9n sostuvo: &#8220;El Gobierno promueve siempre que los d\u00edas de clases se cumplan y que todos los argentinos puedan hacerlo, independientemente de la paritaria o la discusi\u00f3n salarial, que es relevante, pero se debe dar con las provincias\u201d.<\/h3>\n<h3>Las declaraciones se dieron horas despu\u00e9s de la conferencia de prensa que brind\u00f3 hoy la Confederaci\u00f3n de Trabajadores de la Educaci\u00f3n (CTERA), en la que advirtieron que el Gobierno no cit\u00f3 todav\u00eda a la paritaria nacional docente y reclam\u00f3 por \u201cel cumplimiento de la Ley de Financiamiento Educativo y que env\u00ede los recursos econ\u00f3micos a las provincias para el FONID, el Fondo Compensador de Desigualdades Salariales y los comedores escolares\u201d.<\/h3>\n<h3>En otro pasaje de la entrevista, Adorni habl\u00f3 adem\u00e1s de la p\u00e9rdida adquisitiva de los salarios, en l\u00edneas generales, y revel\u00f3 que el Gobierno combate la inflaci\u00f3n para recuperar el valor de los sueldos.<\/h3>\n<h3>&#8220;Despu\u00e9s, siempre invitamos, propusimos y defendimos las paritarias libres. El problema de la Argentina es m\u00e1s profundo que un mero aumento de sueldos\u201d, concluy\u00f3.<\/h3>\n<p>&nbsp;<\/p>\n<p>&nbsp;<\/p>\n<p>&nbsp;<\/p>\n","protected":false},"excerpt":{"rendered":"<p>El vocero presidencial, Manuel Adorni, descart\u00f3 la posibilidad de enviar los fondos para los sueldos&#8230;<\/p>\n","protected":false},"author":1,"featured_media":9572,"comment_status":"closed","ping_status":"closed","sticky":false,"template":"","format":"standard","meta":{"footnotes":""},"categories":[5],"tags":[],"class_list":["post-11683","post","type-post","status-publish","format-standard","has-post-thumbnail","hentry","category-nacionales-internacionales"],"yoast_head":"<!-- This site is optimized with the Yoast SEO plugin v26.1.1 - https:\/\/yoast.com\/wordpress\/plugins\/seo\/ -->\n<title>ADORNI CONFIRM\u00d3 QUE EL GOBIERNO NO ENVIAR\u00c1 LOS FONDOS EDUCATIVOS A LAS PROVINCIAS Y LOS GREMIOS - Apuntes de San Luis<\/title>\n<meta name=\"robots\" content=\"index, follow, max-snippet:-1, max-image-preview:large, max-video-preview:-1\" \/>\n<link rel=\"canonical\" href=\"https:\/\/apuntesdesanluis.com\/index.php\/2024\/02\/14\/adorni-confirmo-que-el-gobierno-no-enviara-los-fondos-educativos-a-las-provincias-y-los-gremios\/\" \/>\n<meta property=\"og:locale\" content=\"es_ES\" \/>\n<meta property=\"og:type\" content=\"article\" \/>\n<meta property=\"og:title\" content=\"ADORNI CONFIRM\u00d3 QUE EL GOBIERNO NO ENVIAR\u00c1 LOS FONDOS EDUCATIVOS A LAS PROVINCIAS Y LOS GREMIOS - Apuntes de San Luis\" \/>\n<meta property=\"og:description\" content=\"El vocero presidencial, Manuel Adorni, descart\u00f3 la posibilidad de enviar los fondos para los sueldos...\" \/>\n<meta property=\"og:url\" content=\"https:\/\/apuntesdesanluis.com\/index.php\/2024\/02\/14\/adorni-confirmo-que-el-gobierno-no-enviara-los-fondos-educativos-a-las-provincias-y-los-gremios\/\" \/>\n<meta property=\"og:site_name\" content=\"Apuntes de San Luis\" \/>\n<meta property=\"article:published_time\" content=\"2024-02-14T18:05:46+00:00\" \/>\n<meta property=\"og:image\" content=\"https:\/\/apuntesdesanluis.com\/wp-content\/uploads\/2024\/01\/ADORNI.png\" \/>\n\t<meta property=\"og:image:width\" content=\"796\" \/>\n\t<meta property=\"og:image:height\" content=\"478\" \/>\n\t<meta property=\"og:image:type\" content=\"image\/png\" \/>\n<meta name=\"author\" content=\"apuntesdesanluis.com\" \/>\n<meta name=\"twitter:card\" content=\"summary_large_image\" \/>\n<meta name=\"twitter:label1\" content=\"Escrito por\" \/>\n\t<meta name=\"twitter:data1\" content=\"apuntesdesanluis.com\" \/>\n\t<meta name=\"twitter:label2\" content=\"Tiempo de lectura\" \/>\n\t<meta name=\"twitter:data2\" content=\"2 minutos\" \/>\n<script type=\"application\/ld+json\" class=\"yoast-schema-graph\">{\"@context\":\"https:\/\/schema.org\",\"@graph\":[{\"@type\":\"Article\",\"@id\":\"https:\/\/apuntesdesanluis.com\/index.php\/2024\/02\/14\/adorni-confirmo-que-el-gobierno-no-enviara-los-fondos-educativos-a-las-provincias-y-los-gremios\/#article\",\"isPartOf\":{\"@id\":\"https:\/\/apuntesdesanluis.com\/index.php\/2024\/02\/14\/adorni-confirmo-que-el-gobierno-no-enviara-los-fondos-educativos-a-las-provincias-y-los-gremios\/\"},\"author\":{\"name\":\"apuntesdesanluis.com\",\"@id\":\"https:\/\/apuntesdesanluis.com\/#\/schema\/person\/b55151d52296fcce64d1a72538a70b90\"},\"headline\":\"ADORNI CONFIRM\u00d3 QUE EL GOBIERNO NO ENVIAR\u00c1 LOS FONDOS EDUCATIVOS A LAS PROVINCIAS Y LOS GREMIOS\",\"datePublished\":\"2024-02-14T18:05:46+00:00\",\"mainEntityOfPage\":{\"@id\":\"https:\/\/apuntesdesanluis.com\/index.php\/2024\/02\/14\/adorni-confirmo-que-el-gobierno-no-enviara-los-fondos-educativos-a-las-provincias-y-los-gremios\/\"},\"wordCount\":351,\"publisher\":{\"@id\":\"https:\/\/apuntesdesanluis.com\/#\/schema\/person\/b55151d52296fcce64d1a72538a70b90\"},\"image\":{\"@id\":\"https:\/\/apuntesdesanluis.com\/index.php\/2024\/02\/14\/adorni-confirmo-que-el-gobierno-no-enviara-los-fondos-educativos-a-las-provincias-y-los-gremios\/#primaryimage\"},\"thumbnailUrl\":\"https:\/\/apuntesdesanluis.com\/wp-content\/uploads\/2024\/01\/ADORNI.png\",\"articleSection\":[\"Nacionales\/Internacionales\"],\"inLanguage\":\"es-AR\"},{\"@type\":\"WebPage\",\"@id\":\"https:\/\/apuntesdesanluis.com\/index.php\/2024\/02\/14\/adorni-confirmo-que-el-gobierno-no-enviara-los-fondos-educativos-a-las-provincias-y-los-gremios\/\",\"url\":\"https:\/\/apuntesdesanluis.com\/index.php\/2024\/02\/14\/adorni-confirmo-que-el-gobierno-no-enviara-los-fondos-educativos-a-las-provincias-y-los-gremios\/\",\"name\":\"ADORNI CONFIRM\u00d3 QUE EL GOBIERNO NO ENVIAR\u00c1 LOS FONDOS EDUCATIVOS A LAS PROVINCIAS Y LOS GREMIOS - Apuntes de San Luis\",\"isPartOf\":{\"@id\":\"https:\/\/apuntesdesanluis.com\/#website\"},\"primaryImageOfPage\":{\"@id\":\"https:\/\/apuntesdesanluis.com\/index.php\/2024\/02\/14\/adorni-confirmo-que-el-gobierno-no-enviara-los-fondos-educativos-a-las-provincias-y-los-gremios\/#primaryimage\"},\"image\":{\"@id\":\"https:\/\/apuntesdesanluis.com\/index.php\/2024\/02\/14\/adorni-confirmo-que-el-gobierno-no-enviara-los-fondos-educativos-a-las-provincias-y-los-gremios\/#primaryimage\"},\"thumbnailUrl\":\"https:\/\/apuntesdesanluis.com\/wp-content\/uploads\/2024\/01\/ADORNI.png\",\"datePublished\":\"2024-02-14T18:05:46+00:00\",\"breadcrumb\":{\"@id\":\"https:\/\/apuntesdesanluis.com\/index.php\/2024\/02\/14\/adorni-confirmo-que-el-gobierno-no-enviara-los-fondos-educativos-a-las-provincias-y-los-gremios\/#breadcrumb\"},\"inLanguage\":\"es-AR\",\"potentialAction\":[{\"@type\":\"ReadAction\",\"target\":[\"https:\/\/apuntesdesanluis.com\/index.php\/2024\/02\/14\/adorni-confirmo-que-el-gobierno-no-enviara-los-fondos-educativos-a-las-provincias-y-los-gremios\/\"]}]},{\"@type\":\"ImageObject\",\"inLanguage\":\"es-AR\",\"@id\":\"https:\/\/apuntesdesanluis.com\/index.php\/2024\/02\/14\/adorni-confirmo-que-el-gobierno-no-enviara-los-fondos-educativos-a-las-provincias-y-los-gremios\/#primaryimage\",\"url\":\"https:\/\/apuntesdesanluis.com\/wp-content\/uploads\/2024\/01\/ADORNI.png\",\"contentUrl\":\"https:\/\/apuntesdesanluis.com\/wp-content\/uploads\/2024\/01\/ADORNI.png\",\"width\":796,\"height\":478},{\"@type\":\"BreadcrumbList\",\"@id\":\"https:\/\/apuntesdesanluis.com\/index.php\/2024\/02\/14\/adorni-confirmo-que-el-gobierno-no-enviara-los-fondos-educativos-a-las-provincias-y-los-gremios\/#breadcrumb\",\"itemListElement\":[{\"@type\":\"ListItem\",\"position\":1,\"name\":\"Inicio\",\"item\":\"https:\/\/apuntesdesanluis.com\/\"},{\"@type\":\"ListItem\",\"position\":2,\"name\":\"ADORNI CONFIRM\u00d3 QUE EL GOBIERNO NO ENVIAR\u00c1 LOS FONDOS EDUCATIVOS A LAS PROVINCIAS Y LOS GREMIOS\"}]},{\"@type\":\"WebSite\",\"@id\":\"https:\/\/apuntesdesanluis.com\/#website\",\"url\":\"https:\/\/apuntesdesanluis.com\/\",\"name\":\"Apuntes de San Luis\",\"description\":\"\",\"publisher\":{\"@id\":\"https:\/\/apuntesdesanluis.com\/#\/schema\/person\/b55151d52296fcce64d1a72538a70b90\"},\"potentialAction\":[{\"@type\":\"SearchAction\",\"target\":{\"@type\":\"EntryPoint\",\"urlTemplate\":\"https:\/\/apuntesdesanluis.com\/?s={search_term_string}\"},\"query-input\":{\"@type\":\"PropertyValueSpecification\",\"valueRequired\":true,\"valueName\":\"search_term_string\"}}],\"inLanguage\":\"es-AR\"},{\"@type\":[\"Person\",\"Organization\"],\"@id\":\"https:\/\/apuntesdesanluis.com\/#\/schema\/person\/b55151d52296fcce64d1a72538a70b90\",\"name\":\"apuntesdesanluis.com\",\"image\":{\"@type\":\"ImageObject\",\"inLanguage\":\"es-AR\",\"@id\":\"https:\/\/apuntesdesanluis.com\/#\/schema\/person\/image\/\",\"url\":\"https:\/\/apuntesdesanluis.com\/wp-content\/uploads\/2023\/07\/cropped-apuntesdesanluis.png\",\"contentUrl\":\"https:\/\/apuntesdesanluis.com\/wp-content\/uploads\/2023\/07\/cropped-apuntesdesanluis.png\",\"width\":450,\"height\":112,\"caption\":\"apuntesdesanluis.com\"},\"logo\":{\"@id\":\"https:\/\/apuntesdesanluis.com\/#\/schema\/person\/image\/\"},\"sameAs\":[\"https:\/\/apuntesdesanluis.com\"],\"url\":\"https:\/\/apuntesdesanluis.com\/index.php\/author\/apuntesdesanluis-com\/\"}]}<\/script>\n<!-- \/ Yoast SEO plugin. -->","yoast_head_json":{"title":"ADORNI CONFIRM\u00d3 QUE EL GOBIERNO NO ENVIAR\u00c1 LOS FONDOS EDUCATIVOS A LAS PROVINCIAS Y LOS GREMIOS - Apuntes de San Luis","robots":{"index":"index","follow":"follow","max-snippet":"max-snippet:-1","max-image-preview":"max-image-preview:large","max-video-preview":"max-video-preview:-1"},"canonical":"https:\/\/apuntesdesanluis.com\/index.php\/2024\/02\/14\/adorni-confirmo-que-el-gobierno-no-enviara-los-fondos-educativos-a-las-provincias-y-los-gremios\/","og_locale":"es_ES","og_type":"article","og_title":"ADORNI CONFIRM\u00d3 QUE EL GOBIERNO NO ENVIAR\u00c1 LOS FONDOS EDUCATIVOS A LAS PROVINCIAS Y LOS GREMIOS - Apuntes de San Luis","og_description":"El vocero presidencial, Manuel Adorni, descart\u00f3 la posibilidad de enviar los fondos para los sueldos...","og_url":"https:\/\/apuntesdesanluis.com\/index.php\/2024\/02\/14\/adorni-confirmo-que-el-gobierno-no-enviara-los-fondos-educativos-a-las-provincias-y-los-gremios\/","og_site_name":"Apuntes de San Luis","article_published_time":"2024-02-14T18:05:46+00:00","og_image":[{"width":796,"height":478,"url":"https:\/\/apuntesdesanluis.com\/wp-content\/uploads\/2024\/01\/ADORNI.png","type":"image\/png"}],"author":"apuntesdesanluis.com","twitter_card":"summary_large_image","twitter_misc":{"Escrito por":"apuntesdesanluis.com","Tiempo de lectura":"2 minutos"},"schema":{"@context":"https:\/\/schema.org","@graph":[{"@type":"Article","@id":"https:\/\/apuntesdesanluis.com\/index.php\/2024\/02\/14\/adorni-confirmo-que-el-gobierno-no-enviara-los-fondos-educativos-a-las-provincias-y-los-gremios\/#article","isPartOf":{"@id":"https:\/\/apuntesdesanluis.com\/index.php\/2024\/02\/14\/adorni-confirmo-que-el-gobierno-no-enviara-los-fondos-educativos-a-las-provincias-y-los-gremios\/"},"author":{"name":"apuntesdesanluis.com","@id":"https:\/\/apuntesdesanluis.com\/#\/schema\/person\/b55151d52296fcce64d1a72538a70b90"},"headline":"ADORNI CONFIRM\u00d3 QUE EL GOBIERNO NO ENVIAR\u00c1 LOS FONDOS EDUCATIVOS A LAS PROVINCIAS Y LOS GREMIOS","datePublished":"2024-02-14T18:05:46+00:00","mainEntityOfPage":{"@id":"https:\/\/apuntesdesanluis.com\/index.php\/2024\/02\/14\/adorni-confirmo-que-el-gobierno-no-enviara-los-fondos-educativos-a-las-provincias-y-los-gremios\/"},"wordCount":351,"publisher":{"@id":"https:\/\/apuntesdesanluis.com\/#\/schema\/person\/b55151d52296fcce64d1a72538a70b90"},"image":{"@id":"https:\/\/apuntesdesanluis.com\/index.php\/2024\/02\/14\/adorni-confirmo-que-el-gobierno-no-enviara-los-fondos-educativos-a-las-provincias-y-los-gremios\/#primaryimage"},"thumbnailUrl":"https:\/\/apuntesdesanluis.com\/wp-content\/uploads\/2024\/01\/ADORNI.png","articleSection":["Nacionales\/Internacionales"],"inLanguage":"es-AR"},{"@type":"WebPage","@id":"https:\/\/apuntesdesanluis.com\/index.php\/2024\/02\/14\/adorni-confirmo-que-el-gobierno-no-enviara-los-fondos-educativos-a-las-provincias-y-los-gremios\/","url":"https:\/\/apuntesdesanluis.com\/index.php\/2024\/02\/14\/adorni-confirmo-que-el-gobierno-no-enviara-los-fondos-educativos-a-las-provincias-y-los-gremios\/","name":"ADORNI CONFIRM\u00d3 QUE EL GOBIERNO NO ENVIAR\u00c1 LOS FONDOS EDUCATIVOS A LAS PROVINCIAS Y LOS GREMIOS - Apuntes de San Luis","isPartOf":{"@id":"https:\/\/apuntesdesanluis.com\/#website"},"primaryImageOfPage":{"@id":"https:\/\/apuntesdesanluis.com\/index.php\/2024\/02\/14\/adorni-confirmo-que-el-gobierno-no-enviara-los-fondos-educativos-a-las-provincias-y-los-gremios\/#primaryimage"},"image":{"@id":"https:\/\/apuntesdesanluis.com\/index.php\/2024\/02\/14\/adorni-confirmo-que-el-gobierno-no-enviara-los-fondos-educativos-a-las-provincias-y-los-gremios\/#primaryimage"},"thumbnailUrl":"https:\/\/apuntesdesanluis.com\/wp-content\/uploads\/2024\/01\/ADORNI.png","datePublished":"2024-02-14T18:05:46+00:00","breadcrumb":{"@id":"https:\/\/apuntesdesanluis.com\/index.php\/2024\/02\/14\/adorni-confirmo-que-el-gobierno-no-enviara-los-fondos-educativos-a-las-provincias-y-los-gremios\/#breadcrumb"},"inLanguage":"es-AR","potentialAction":[{"@type":"ReadAction","target":["https:\/\/apuntesdesanluis.com\/index.php\/2024\/02\/14\/adorni-confirmo-que-el-gobierno-no-enviara-los-fondos-educativos-a-las-provincias-y-los-gremios\/"]}]},{"@type":"ImageObject","inLanguage":"es-AR","@id":"https:\/\/apuntesdesanluis.com\/index.php\/2024\/02\/14\/adorni-confirmo-que-el-gobierno-no-enviara-los-fondos-educativos-a-las-provincias-y-los-gremios\/#primaryimage","url":"https:\/\/apuntesdesanluis.com\/wp-content\/uploads\/2024\/01\/ADORNI.png","contentUrl":"https:\/\/apuntesdesanluis.com\/wp-content\/uploads\/2024\/01\/ADORNI.png","width":796,"height":478},{"@type":"BreadcrumbList","@id":"https:\/\/apuntesdesanluis.com\/index.php\/2024\/02\/14\/adorni-confirmo-que-el-gobierno-no-enviara-los-fondos-educativos-a-las-provincias-y-los-gremios\/#breadcrumb","itemListElement":[{"@type":"ListItem","position":1,"name":"Inicio","item":"https:\/\/apuntesdesanluis.com\/"},{"@type":"ListItem","position":2,"name":"ADORNI CONFIRM\u00d3 QUE EL GOBIERNO NO ENVIAR\u00c1 LOS FONDOS EDUCATIVOS A LAS PROVINCIAS Y LOS GREMIOS"}]},{"@type":"WebSite","@id":"https:\/\/apuntesdesanluis.com\/#website","url":"https:\/\/apuntesdesanluis.com\/","name":"Apuntes de San Luis","description":"","publisher":{"@id":"https:\/\/apuntesdesanluis.com\/#\/schema\/person\/b55151d52296fcce64d1a72538a70b90"},"potentialAction":[{"@type":"SearchAction","target":{"@type":"EntryPoint","urlTemplate":"https:\/\/apuntesdesanluis.com\/?s={search_term_string}"},"query-input":{"@type":"PropertyValueSpecification","valueRequired":true,"valueName":"search_term_string"}}],"inLanguage":"es-AR"},{"@type":["Person","Organization"],"@id":"https:\/\/apuntesdesanluis.com\/#\/schema\/person\/b55151d52296fcce64d1a72538a70b90","name":"apuntesdesanluis.com","image":{"@type":"ImageObject","inLanguage":"es-AR","@id":"https:\/\/apuntesdesanluis.com\/#\/schema\/person\/image\/","url":"https:\/\/apuntesdesanluis.com\/wp-content\/uploads\/2023\/07\/cropped-apuntesdesanluis.png","contentUrl":"https:\/\/apuntesdesanluis.com\/wp-content\/uploads\/2023\/07\/cropped-apuntesdesanluis.png","width":450,"height":112,"caption":"apuntesdesanluis.com"},"logo":{"@id":"https:\/\/apuntesdesanluis.com\/#\/schema\/person\/image\/"},"sameAs":["https:\/\/apuntesdesanluis.com"],"url":"https:\/\/apuntesdesanluis.com\/index.php\/author\/apuntesdesanluis-com\/"}]}},"featured_image_urls":{"full":["https:\/\/apuntesdesanluis.com\/wp-content\/uploads\/2024\/01\/ADORNI.png",796,478,false],"thumbnail":["https:\/\/apuntesdesanluis.com\/wp-content\/uploads\/2024\/01\/ADORNI-150x150.png",150,150,true],"medium":["https:\/\/apuntesdesanluis.com\/wp-content\/uploads\/2024\/01\/ADORNI-300x180.png",300,180,true],"medium_large":["https:\/\/apuntesdesanluis.com\/wp-content\/uploads\/2024\/01\/ADORNI-768x461.png",640,384,true],"large":["https:\/\/apuntesdesanluis.com\/wp-content\/uploads\/2024\/01\/ADORNI.png",640,384,false],"1536x1536":["https:\/\/apuntesdesanluis.com\/wp-content\/uploads\/2024\/01\/ADORNI.png",796,478,false],"2048x2048":["https:\/\/apuntesdesanluis.com\/wp-content\/uploads\/2024\/01\/ADORNI.png",796,478,false],"newsever-slider-full":["https:\/\/apuntesdesanluis.com\/wp-content\/uploads\/2024\/01\/ADORNI.png",796,478,false],"newsever-featured":["https:\/\/apuntesdesanluis.com\/wp-content\/uploads\/2024\/01\/ADORNI.png",796,478,false],"newsever-medium":["https:\/\/apuntesdesanluis.com\/wp-content\/uploads\/2024\/01\/ADORNI-720x475.png",720,475,true]},"author_info":{"display_name":"apuntesdesanluis.com","author_link":"https:\/\/apuntesdesanluis.com\/index.php\/author\/apuntesdesanluis-com\/"},"category_info":"<a href=\"https:\/\/apuntesdesanluis.com\/index.php\/category\/nacionales-internacionales\/\" rel=\"category tag\">Nacionales\/Internacionales<\/a>","tag_info":"Nacionales\/Internacionales","comment_count":"0","_links":{"self":[{"href":"https:\/\/apuntesdesanluis.com\/index.php\/wp-json\/wp\/v2\/posts\/11683","targetHints":{"allow":["GET"]}}],"collection":[{"href":"https:\/\/apuntesdesanluis.com\/index.php\/wp-json\/wp\/v2\/posts"}],"about":[{"href":"https:\/\/apuntesdesanluis.com\/index.php\/wp-json\/wp\/v2\/types\/post"}],"author":[{"embeddable":true,"href":"https:\/\/apuntesdesanluis.com\/index.php\/wp-json\/wp\/v2\/users\/1"}],"replies":[{"embeddable":true,"href":"https:\/\/apuntesdesanluis.com\/index.php\/wp-json\/wp\/v2\/comments?post=11683"}],"version-history":[{"count":1,"href":"https:\/\/apuntesdesanluis.com\/index.php\/wp-json\/wp\/v2\/posts\/11683\/revisions"}],"predecessor-version":[{"id":11684,"href":"https:\/\/apuntesdesanluis.com\/index.php\/wp-json\/wp\/v2\/posts\/11683\/revisions\/11684"}],"wp:featuredmedia":[{"embeddable":true,"href":"https:\/\/apuntesdesanluis.com\/index.php\/wp-json\/wp\/v2\/media\/9572"}],"wp:attachment":[{"href":"https:\/\/apuntesdesanluis.com\/index.php\/wp-json\/wp\/v2\/media?parent=11683"}],"wp:term":[{"taxonomy":"category","embeddable":true,"href":"https:\/\/apuntesdesanluis.com\/index.php\/wp-json\/wp\/v2\/categories?post=11683"},{"taxonomy":"post_tag","embeddable":true,"href":"https:\/\/apuntesdesanluis.com\/index.php\/wp-json\/wp\/v2\/tags?post=11683"}],"curies":[{"name":"wp","href":"https:\/\/api.w.org\/{rel}","templated":true}]}}