{"id":11696,"date":"2024-02-14T18:33:14","date_gmt":"2024-02-14T21:33:14","guid":{"rendered":"https:\/\/apuntesdesanluis.com\/?p=11696"},"modified":"2024-02-14T18:33:54","modified_gmt":"2024-02-14T21:33:54","slug":"diputados-radicales-pidieron-que-javier-milei-ratifique-en-la-justicia-sus-dichos-sobre-supuestas-coimas-en-el-congreso","status":"publish","type":"post","link":"https:\/\/apuntesdesanluis.com\/index.php\/2024\/02\/14\/diputados-radicales-pidieron-que-javier-milei-ratifique-en-la-justicia-sus-dichos-sobre-supuestas-coimas-en-el-congreso\/","title":{"rendered":"DIPUTADOS RADICALES PIDIERON QUE JAVIER MILEI RATIFIQUE EN LA JUSTICIA SUS DICHOS SOBRE SUPUESTAS COIMAS EN EL CONGRESO"},"content":{"rendered":"<h3>Una docena de diputados radicales se presentaron hoy ante la justicia federal y pidieron que se investiguen los dichos del presidente <strong>Javier Milei<\/strong> sobre supuestas coimas en torno a la Ley \u00d3mnibus. En ese contexto, solicitaron que el jefe de Estado sea citado y declare como testigo.<\/h3>\n<h3>La denuncia fue presentada esta ma\u00f1ana en Comodoro Py y por sorteo le toc\u00f3 al juez Juli\u00e1n Ercolini y al fiscal Ramiro Gonz\u00e1lez. La presentaci\u00f3n lleva la firma de una docena de diputados nacionales que integran el bloque de la UCR como <strong>Mart\u00edn Tetaz, Rodrigo De Loredo, Karina Banfi y Pedro Galimberti<\/strong>, entre otros.<\/h3>\n<h3>Todo comenz\u00f3 a fines de diciembre, cuando Milei habl\u00f3 de coimas en una entrevista con <strong>Luis Majul<\/strong> por LN+. En ese momento, la discusi\u00f3n pol\u00edtica pasaba por el DNU y ni quisiera hab\u00eda arrancado el debate en comisiones.<\/h3>\n<p><iframe title=\"Milei acus\u00f3 a Senadores y Diputados de &quot;buscar coimas&quot; para no aprobar el DNU\" width=\"640\" height=\"360\" src=\"https:\/\/www.youtube.com\/embed\/7pPlaRonOl4?feature=oembed\" frameborder=\"0\" allow=\"accelerometer; autoplay; clipboard-write; encrypted-media; gyroscope; picture-in-picture; web-share\" referrerpolicy=\"strict-origin-when-cross-origin\" allowfullscreen><\/iframe><\/p>\n<h3>\u201cNo tienen consciencia de la gravedad de la situaci\u00f3n, o la subestiman. Hice un posteo con una frase de Frondizi. Los que me cuestionan la forma imagino que estar\u00e1n despotricando contra \u00e9l. Sabiendo que cuando entra la maquinaria del Congreso le pone tanta lentitud que estropea todo. Parte de esa lentitud es porque buscan coimas. Algunos, no dije todos. Pero a esos que les gusta tanto la discusi\u00f3n, que discuten la coma, est\u00e1n buscando coimas. Esto apunta contra los corruptos, esa din\u00e1mica para vender sus votos. Ojo que hay mucho vivillo dando vuelta\u201d, advirti\u00f3 en ese momento.<\/h3>\n<h3>Esas declaraciones generaron una avalancha de cuestionamientos de casi todos los sectores pol\u00edticos. \u201cMUY GRAVE. Milei fue diputado hasta hace pocos d\u00edas. Si conoci\u00f3 o conoce alg\u00fan pedido de coimas o soborno en la C\u00e1mara de Diputados deber\u00eda denunciarlo. Un fiscal tiene que actuar de oficio y exigir urgentes explicaciones. Si no, impulsaremos una denuncia. NO VALE TODO\u201d, tuite\u00f3 ese mismo d\u00eda Germ\u00e1n Mart\u00ednez, de Uni\u00f3n por la Patria.<\/h3>\n<h3><img fetchpriority=\"high\" decoding=\"async\" class=\"wp-image-11697 aligncenter\" src=\"https:\/\/apuntesdesanluis.com\/wp-content\/uploads\/2024\/02\/DE-LOREDO-300x185.png\" alt=\"\" width=\"652\" height=\"402\" srcset=\"https:\/\/apuntesdesanluis.com\/wp-content\/uploads\/2024\/02\/DE-LOREDO-300x185.png 300w, https:\/\/apuntesdesanluis.com\/wp-content\/uploads\/2024\/02\/DE-LOREDO.png 542w\" sizes=\"(max-width: 652px) 100vw, 652px\" \/><\/h3>\n<h4 style=\"text-align: center;\"><em>Rodrigo de Loredo y Karina Banfi, dos de los denunciantes. <\/em><\/h4>\n<h3>El Gobierno intent\u00f3 bajarle el tono a la pol\u00e9mica. Al d\u00eda siguiente, en su habitual conferencia de prensa, el vocero presidencial minimiz\u00f3 los dichos y dijo que no hab\u00eda pruebas para denunciar a nadie. \u201cMilei no hizo referencia a nadie en particular, habl\u00f3 de una situaci\u00f3n general porque queremos evitar que los proyectos entren en una senda donde se negocien beneficios particulares. Cuando se detecte un pedido de coima en particular se va a denunciar\u201d, sostuvo Adorni.<\/h3>\n<h3>A fines de enero, en otra entrevista, Milei volvi\u00f3 a embestir contra los legisladores de la oposici\u00f3n y denunci\u00f3 la existencia de \u201cvalijas de las coimas\u201d para la discusi\u00f3n de art\u00edculos en particular del cap\u00edtulo fiscal que, finalmente, se retir\u00f3 de la ley \u00f3mnibus. \u201cTenemos identificadas a las valijas y a los valijeros. Hay decenas. Los del tabaco. Los del biodiesel. Los del aceite\u201d, dijo el Presidente en declaraciones a la radio El Observador.<\/h3>\n<h3>Durante la gira por Israel, tras el fracaso en Diputados, Milei insistio\u0301 con las acusaciones. \u201cLa casta poli\u0301tica, como nosotros llamamos a ese conjunto de delincuentes que quieren una argentina peor, porque no esta\u0301n dispuestos a ceder sus privilegios, empezaron a descuartizar nuestra ley &#8230; para poder sostener sus distintos mecanismos por los cuales le roban a los argentinos\u201d, dijo.<\/h3>\n<h3>La denuncia penal de los diputados radicales destaca una imagen que habr\u00eda posteado el Presidente donde se ve a dos personas con remeras de la UCR y el kirchnerismo que miran una bolsa llena de billetes. \u201cEl mensaje que trasmite es inequi\u0301voco, y refiere a que sectores vinculados al anterior gobierno han sobornado a los legisladores de la UNION CIVICA RADICAL con el pago de dinero en efectivo. Por la investidura del denunciante, estos memes alcanzan gran difusio\u0301n y son reproducidos por los restantes medios de prensa\u201d, advierte la presentaci\u00f3n a la que tuvo acceso Infobae.<\/h3>\n<h3>Adem\u00e1s de impulsar una investigaci\u00f3n judicial para determinar si hubo sobornos o coimas, la denuncia pide que el Presidente ratifique sus dichos y que puntualice tres cuestiones: 1) informe nombre de los\/as legisladores que habri\u0301an percibido, 2) informe el nombre de quienes habri\u0301an pagado dichos sobornos; 3) aporte los indicios y pruebas que otorguen base a la informacio\u0301n que provea, indicando en su caso las fuentes de informacio\u0301n de las cuales se ha valido.<\/h3>\n<p>&nbsp;<\/p>\n<p>&nbsp;<\/p>\n<p>&nbsp;<\/p>\n","protected":false},"excerpt":{"rendered":"<p>Una docena de diputados radicales se presentaron hoy ante la justicia federal y pidieron que&#8230;<\/p>\n","protected":false},"author":1,"featured_media":11698,"comment_status":"closed","ping_status":"closed","sticky":false,"template":"","format":"standard","meta":{"footnotes":""},"categories":[5],"tags":[],"class_list":["post-11696","post","type-post","status-publish","format-standard","has-post-thumbnail","hentry","category-nacionales-internacionales"],"yoast_head":"<!-- This site is optimized with the Yoast SEO plugin v26.1.1 - https:\/\/yoast.com\/wordpress\/plugins\/seo\/ -->\n<title>DIPUTADOS RADICALES PIDIERON QUE JAVIER MILEI RATIFIQUE EN LA JUSTICIA SUS DICHOS SOBRE SUPUESTAS COIMAS EN EL CONGRESO - Apuntes de San Luis<\/title>\n<meta name=\"robots\" content=\"index, follow, max-snippet:-1, max-image-preview:large, max-video-preview:-1\" \/>\n<link rel=\"canonical\" href=\"https:\/\/apuntesdesanluis.com\/index.php\/2024\/02\/14\/diputados-radicales-pidieron-que-javier-milei-ratifique-en-la-justicia-sus-dichos-sobre-supuestas-coimas-en-el-congreso\/\" \/>\n<meta property=\"og:locale\" content=\"es_ES\" \/>\n<meta property=\"og:type\" content=\"article\" \/>\n<meta property=\"og:title\" content=\"DIPUTADOS RADICALES PIDIERON QUE JAVIER MILEI RATIFIQUE EN LA JUSTICIA SUS DICHOS SOBRE SUPUESTAS COIMAS EN EL CONGRESO - Apuntes de San Luis\" \/>\n<meta property=\"og:description\" content=\"Una docena de diputados radicales se presentaron hoy ante la justicia federal y pidieron que...\" \/>\n<meta property=\"og:url\" content=\"https:\/\/apuntesdesanluis.com\/index.php\/2024\/02\/14\/diputados-radicales-pidieron-que-javier-milei-ratifique-en-la-justicia-sus-dichos-sobre-supuestas-coimas-en-el-congreso\/\" \/>\n<meta property=\"og:site_name\" content=\"Apuntes de San Luis\" \/>\n<meta property=\"article:published_time\" content=\"2024-02-14T21:33:14+00:00\" \/>\n<meta property=\"article:modified_time\" content=\"2024-02-14T21:33:54+00:00\" \/>\n<meta property=\"og:image\" content=\"https:\/\/apuntesdesanluis.com\/wp-content\/uploads\/2024\/02\/MILEI-2.png\" \/>\n\t<meta property=\"og:image:width\" content=\"692\" \/>\n\t<meta property=\"og:image:height\" content=\"417\" \/>\n\t<meta property=\"og:image:type\" content=\"image\/png\" \/>\n<meta name=\"author\" content=\"apuntesdesanluis.com\" \/>\n<meta name=\"twitter:card\" content=\"summary_large_image\" \/>\n<meta name=\"twitter:label1\" content=\"Escrito por\" \/>\n\t<meta name=\"twitter:data1\" content=\"apuntesdesanluis.com\" \/>\n\t<meta name=\"twitter:label2\" content=\"Tiempo de lectura\" \/>\n\t<meta name=\"twitter:data2\" content=\"4 minutos\" \/>\n<script type=\"application\/ld+json\" class=\"yoast-schema-graph\">{\"@context\":\"https:\/\/schema.org\",\"@graph\":[{\"@type\":\"Article\",\"@id\":\"https:\/\/apuntesdesanluis.com\/index.php\/2024\/02\/14\/diputados-radicales-pidieron-que-javier-milei-ratifique-en-la-justicia-sus-dichos-sobre-supuestas-coimas-en-el-congreso\/#article\",\"isPartOf\":{\"@id\":\"https:\/\/apuntesdesanluis.com\/index.php\/2024\/02\/14\/diputados-radicales-pidieron-que-javier-milei-ratifique-en-la-justicia-sus-dichos-sobre-supuestas-coimas-en-el-congreso\/\"},\"author\":{\"name\":\"apuntesdesanluis.com\",\"@id\":\"https:\/\/apuntesdesanluis.com\/#\/schema\/person\/b55151d52296fcce64d1a72538a70b90\"},\"headline\":\"DIPUTADOS RADICALES PIDIERON QUE JAVIER MILEI RATIFIQUE EN LA JUSTICIA SUS DICHOS SOBRE SUPUESTAS COIMAS EN EL CONGRESO\",\"datePublished\":\"2024-02-14T21:33:14+00:00\",\"dateModified\":\"2024-02-14T21:33:54+00:00\",\"mainEntityOfPage\":{\"@id\":\"https:\/\/apuntesdesanluis.com\/index.php\/2024\/02\/14\/diputados-radicales-pidieron-que-javier-milei-ratifique-en-la-justicia-sus-dichos-sobre-supuestas-coimas-en-el-congreso\/\"},\"wordCount\":762,\"publisher\":{\"@id\":\"https:\/\/apuntesdesanluis.com\/#\/schema\/person\/b55151d52296fcce64d1a72538a70b90\"},\"image\":{\"@id\":\"https:\/\/apuntesdesanluis.com\/index.php\/2024\/02\/14\/diputados-radicales-pidieron-que-javier-milei-ratifique-en-la-justicia-sus-dichos-sobre-supuestas-coimas-en-el-congreso\/#primaryimage\"},\"thumbnailUrl\":\"https:\/\/apuntesdesanluis.com\/wp-content\/uploads\/2024\/02\/MILEI-2.png\",\"articleSection\":[\"Nacionales\/Internacionales\"],\"inLanguage\":\"es-AR\"},{\"@type\":\"WebPage\",\"@id\":\"https:\/\/apuntesdesanluis.com\/index.php\/2024\/02\/14\/diputados-radicales-pidieron-que-javier-milei-ratifique-en-la-justicia-sus-dichos-sobre-supuestas-coimas-en-el-congreso\/\",\"url\":\"https:\/\/apuntesdesanluis.com\/index.php\/2024\/02\/14\/diputados-radicales-pidieron-que-javier-milei-ratifique-en-la-justicia-sus-dichos-sobre-supuestas-coimas-en-el-congreso\/\",\"name\":\"DIPUTADOS RADICALES PIDIERON QUE JAVIER MILEI RATIFIQUE EN LA JUSTICIA SUS DICHOS SOBRE SUPUESTAS COIMAS EN EL CONGRESO - Apuntes de San Luis\",\"isPartOf\":{\"@id\":\"https:\/\/apuntesdesanluis.com\/#website\"},\"primaryImageOfPage\":{\"@id\":\"https:\/\/apuntesdesanluis.com\/index.php\/2024\/02\/14\/diputados-radicales-pidieron-que-javier-milei-ratifique-en-la-justicia-sus-dichos-sobre-supuestas-coimas-en-el-congreso\/#primaryimage\"},\"image\":{\"@id\":\"https:\/\/apuntesdesanluis.com\/index.php\/2024\/02\/14\/diputados-radicales-pidieron-que-javier-milei-ratifique-en-la-justicia-sus-dichos-sobre-supuestas-coimas-en-el-congreso\/#primaryimage\"},\"thumbnailUrl\":\"https:\/\/apuntesdesanluis.com\/wp-content\/uploads\/2024\/02\/MILEI-2.png\",\"datePublished\":\"2024-02-14T21:33:14+00:00\",\"dateModified\":\"2024-02-14T21:33:54+00:00\",\"breadcrumb\":{\"@id\":\"https:\/\/apuntesdesanluis.com\/index.php\/2024\/02\/14\/diputados-radicales-pidieron-que-javier-milei-ratifique-en-la-justicia-sus-dichos-sobre-supuestas-coimas-en-el-congreso\/#breadcrumb\"},\"inLanguage\":\"es-AR\",\"potentialAction\":[{\"@type\":\"ReadAction\",\"target\":[\"https:\/\/apuntesdesanluis.com\/index.php\/2024\/02\/14\/diputados-radicales-pidieron-que-javier-milei-ratifique-en-la-justicia-sus-dichos-sobre-supuestas-coimas-en-el-congreso\/\"]}]},{\"@type\":\"ImageObject\",\"inLanguage\":\"es-AR\",\"@id\":\"https:\/\/apuntesdesanluis.com\/index.php\/2024\/02\/14\/diputados-radicales-pidieron-que-javier-milei-ratifique-en-la-justicia-sus-dichos-sobre-supuestas-coimas-en-el-congreso\/#primaryimage\",\"url\":\"https:\/\/apuntesdesanluis.com\/wp-content\/uploads\/2024\/02\/MILEI-2.png\",\"contentUrl\":\"https:\/\/apuntesdesanluis.com\/wp-content\/uploads\/2024\/02\/MILEI-2.png\",\"width\":692,\"height\":417},{\"@type\":\"BreadcrumbList\",\"@id\":\"https:\/\/apuntesdesanluis.com\/index.php\/2024\/02\/14\/diputados-radicales-pidieron-que-javier-milei-ratifique-en-la-justicia-sus-dichos-sobre-supuestas-coimas-en-el-congreso\/#breadcrumb\",\"itemListElement\":[{\"@type\":\"ListItem\",\"position\":1,\"name\":\"Inicio\",\"item\":\"https:\/\/apuntesdesanluis.com\/\"},{\"@type\":\"ListItem\",\"position\":2,\"name\":\"DIPUTADOS RADICALES PIDIERON QUE JAVIER MILEI RATIFIQUE EN LA JUSTICIA SUS DICHOS SOBRE SUPUESTAS COIMAS EN EL CONGRESO\"}]},{\"@type\":\"WebSite\",\"@id\":\"https:\/\/apuntesdesanluis.com\/#website\",\"url\":\"https:\/\/apuntesdesanluis.com\/\",\"name\":\"Apuntes de San Luis\",\"description\":\"\",\"publisher\":{\"@id\":\"https:\/\/apuntesdesanluis.com\/#\/schema\/person\/b55151d52296fcce64d1a72538a70b90\"},\"potentialAction\":[{\"@type\":\"SearchAction\",\"target\":{\"@type\":\"EntryPoint\",\"urlTemplate\":\"https:\/\/apuntesdesanluis.com\/?s={search_term_string}\"},\"query-input\":{\"@type\":\"PropertyValueSpecification\",\"valueRequired\":true,\"valueName\":\"search_term_string\"}}],\"inLanguage\":\"es-AR\"},{\"@type\":[\"Person\",\"Organization\"],\"@id\":\"https:\/\/apuntesdesanluis.com\/#\/schema\/person\/b55151d52296fcce64d1a72538a70b90\",\"name\":\"apuntesdesanluis.com\",\"image\":{\"@type\":\"ImageObject\",\"inLanguage\":\"es-AR\",\"@id\":\"https:\/\/apuntesdesanluis.com\/#\/schema\/person\/image\/\",\"url\":\"https:\/\/apuntesdesanluis.com\/wp-content\/uploads\/2023\/07\/cropped-apuntesdesanluis.png\",\"contentUrl\":\"https:\/\/apuntesdesanluis.com\/wp-content\/uploads\/2023\/07\/cropped-apuntesdesanluis.png\",\"width\":450,\"height\":112,\"caption\":\"apuntesdesanluis.com\"},\"logo\":{\"@id\":\"https:\/\/apuntesdesanluis.com\/#\/schema\/person\/image\/\"},\"sameAs\":[\"https:\/\/apuntesdesanluis.com\"],\"url\":\"https:\/\/apuntesdesanluis.com\/index.php\/author\/apuntesdesanluis-com\/\"}]}<\/script>\n<!-- \/ Yoast SEO plugin. -->","yoast_head_json":{"title":"DIPUTADOS RADICALES PIDIERON QUE JAVIER MILEI RATIFIQUE EN LA JUSTICIA SUS DICHOS SOBRE SUPUESTAS COIMAS EN EL CONGRESO - Apuntes de San Luis","robots":{"index":"index","follow":"follow","max-snippet":"max-snippet:-1","max-image-preview":"max-image-preview:large","max-video-preview":"max-video-preview:-1"},"canonical":"https:\/\/apuntesdesanluis.com\/index.php\/2024\/02\/14\/diputados-radicales-pidieron-que-javier-milei-ratifique-en-la-justicia-sus-dichos-sobre-supuestas-coimas-en-el-congreso\/","og_locale":"es_ES","og_type":"article","og_title":"DIPUTADOS RADICALES PIDIERON QUE JAVIER MILEI RATIFIQUE EN LA JUSTICIA SUS DICHOS SOBRE SUPUESTAS COIMAS EN EL CONGRESO - Apuntes de San Luis","og_description":"Una docena de diputados radicales se presentaron hoy ante la justicia federal y pidieron que...","og_url":"https:\/\/apuntesdesanluis.com\/index.php\/2024\/02\/14\/diputados-radicales-pidieron-que-javier-milei-ratifique-en-la-justicia-sus-dichos-sobre-supuestas-coimas-en-el-congreso\/","og_site_name":"Apuntes de San Luis","article_published_time":"2024-02-14T21:33:14+00:00","article_modified_time":"2024-02-14T21:33:54+00:00","og_image":[{"width":692,"height":417,"url":"https:\/\/apuntesdesanluis.com\/wp-content\/uploads\/2024\/02\/MILEI-2.png","type":"image\/png"}],"author":"apuntesdesanluis.com","twitter_card":"summary_large_image","twitter_misc":{"Escrito por":"apuntesdesanluis.com","Tiempo de lectura":"4 minutos"},"schema":{"@context":"https:\/\/schema.org","@graph":[{"@type":"Article","@id":"https:\/\/apuntesdesanluis.com\/index.php\/2024\/02\/14\/diputados-radicales-pidieron-que-javier-milei-ratifique-en-la-justicia-sus-dichos-sobre-supuestas-coimas-en-el-congreso\/#article","isPartOf":{"@id":"https:\/\/apuntesdesanluis.com\/index.php\/2024\/02\/14\/diputados-radicales-pidieron-que-javier-milei-ratifique-en-la-justicia-sus-dichos-sobre-supuestas-coimas-en-el-congreso\/"},"author":{"name":"apuntesdesanluis.com","@id":"https:\/\/apuntesdesanluis.com\/#\/schema\/person\/b55151d52296fcce64d1a72538a70b90"},"headline":"DIPUTADOS RADICALES PIDIERON QUE JAVIER MILEI RATIFIQUE EN LA JUSTICIA SUS DICHOS SOBRE SUPUESTAS COIMAS EN EL CONGRESO","datePublished":"2024-02-14T21:33:14+00:00","dateModified":"2024-02-14T21:33:54+00:00","mainEntityOfPage":{"@id":"https:\/\/apuntesdesanluis.com\/index.php\/2024\/02\/14\/diputados-radicales-pidieron-que-javier-milei-ratifique-en-la-justicia-sus-dichos-sobre-supuestas-coimas-en-el-congreso\/"},"wordCount":762,"publisher":{"@id":"https:\/\/apuntesdesanluis.com\/#\/schema\/person\/b55151d52296fcce64d1a72538a70b90"},"image":{"@id":"https:\/\/apuntesdesanluis.com\/index.php\/2024\/02\/14\/diputados-radicales-pidieron-que-javier-milei-ratifique-en-la-justicia-sus-dichos-sobre-supuestas-coimas-en-el-congreso\/#primaryimage"},"thumbnailUrl":"https:\/\/apuntesdesanluis.com\/wp-content\/uploads\/2024\/02\/MILEI-2.png","articleSection":["Nacionales\/Internacionales"],"inLanguage":"es-AR"},{"@type":"WebPage","@id":"https:\/\/apuntesdesanluis.com\/index.php\/2024\/02\/14\/diputados-radicales-pidieron-que-javier-milei-ratifique-en-la-justicia-sus-dichos-sobre-supuestas-coimas-en-el-congreso\/","url":"https:\/\/apuntesdesanluis.com\/index.php\/2024\/02\/14\/diputados-radicales-pidieron-que-javier-milei-ratifique-en-la-justicia-sus-dichos-sobre-supuestas-coimas-en-el-congreso\/","name":"DIPUTADOS RADICALES PIDIERON QUE JAVIER MILEI RATIFIQUE EN LA JUSTICIA SUS DICHOS SOBRE SUPUESTAS COIMAS EN EL CONGRESO - Apuntes de San Luis","isPartOf":{"@id":"https:\/\/apuntesdesanluis.com\/#website"},"primaryImageOfPage":{"@id":"https:\/\/apuntesdesanluis.com\/index.php\/2024\/02\/14\/diputados-radicales-pidieron-que-javier-milei-ratifique-en-la-justicia-sus-dichos-sobre-supuestas-coimas-en-el-congreso\/#primaryimage"},"image":{"@id":"https:\/\/apuntesdesanluis.com\/index.php\/2024\/02\/14\/diputados-radicales-pidieron-que-javier-milei-ratifique-en-la-justicia-sus-dichos-sobre-supuestas-coimas-en-el-congreso\/#primaryimage"},"thumbnailUrl":"https:\/\/apuntesdesanluis.com\/wp-content\/uploads\/2024\/02\/MILEI-2.png","datePublished":"2024-02-14T21:33:14+00:00","dateModified":"2024-02-14T21:33:54+00:00","breadcrumb":{"@id":"https:\/\/apuntesdesanluis.com\/index.php\/2024\/02\/14\/diputados-radicales-pidieron-que-javier-milei-ratifique-en-la-justicia-sus-dichos-sobre-supuestas-coimas-en-el-congreso\/#breadcrumb"},"inLanguage":"es-AR","potentialAction":[{"@type":"ReadAction","target":["https:\/\/apuntesdesanluis.com\/index.php\/2024\/02\/14\/diputados-radicales-pidieron-que-javier-milei-ratifique-en-la-justicia-sus-dichos-sobre-supuestas-coimas-en-el-congreso\/"]}]},{"@type":"ImageObject","inLanguage":"es-AR","@id":"https:\/\/apuntesdesanluis.com\/index.php\/2024\/02\/14\/diputados-radicales-pidieron-que-javier-milei-ratifique-en-la-justicia-sus-dichos-sobre-supuestas-coimas-en-el-congreso\/#primaryimage","url":"https:\/\/apuntesdesanluis.com\/wp-content\/uploads\/2024\/02\/MILEI-2.png","contentUrl":"https:\/\/apuntesdesanluis.com\/wp-content\/uploads\/2024\/02\/MILEI-2.png","width":692,"height":417},{"@type":"BreadcrumbList","@id":"https:\/\/apuntesdesanluis.com\/index.php\/2024\/02\/14\/diputados-radicales-pidieron-que-javier-milei-ratifique-en-la-justicia-sus-dichos-sobre-supuestas-coimas-en-el-congreso\/#breadcrumb","itemListElement":[{"@type":"ListItem","position":1,"name":"Inicio","item":"https:\/\/apuntesdesanluis.com\/"},{"@type":"ListItem","position":2,"name":"DIPUTADOS RADICALES PIDIERON QUE JAVIER MILEI RATIFIQUE EN LA JUSTICIA SUS DICHOS SOBRE SUPUESTAS COIMAS EN EL CONGRESO"}]},{"@type":"WebSite","@id":"https:\/\/apuntesdesanluis.com\/#website","url":"https:\/\/apuntesdesanluis.com\/","name":"Apuntes de San Luis","description":"","publisher":{"@id":"https:\/\/apuntesdesanluis.com\/#\/schema\/person\/b55151d52296fcce64d1a72538a70b90"},"potentialAction":[{"@type":"SearchAction","target":{"@type":"EntryPoint","urlTemplate":"https:\/\/apuntesdesanluis.com\/?s={search_term_string}"},"query-input":{"@type":"PropertyValueSpecification","valueRequired":true,"valueName":"search_term_string"}}],"inLanguage":"es-AR"},{"@type":["Person","Organization"],"@id":"https:\/\/apuntesdesanluis.com\/#\/schema\/person\/b55151d52296fcce64d1a72538a70b90","name":"apuntesdesanluis.com","image":{"@type":"ImageObject","inLanguage":"es-AR","@id":"https:\/\/apuntesdesanluis.com\/#\/schema\/person\/image\/","url":"https:\/\/apuntesdesanluis.com\/wp-content\/uploads\/2023\/07\/cropped-apuntesdesanluis.png","contentUrl":"https:\/\/apuntesdesanluis.com\/wp-content\/uploads\/2023\/07\/cropped-apuntesdesanluis.png","width":450,"height":112,"caption":"apuntesdesanluis.com"},"logo":{"@id":"https:\/\/apuntesdesanluis.com\/#\/schema\/person\/image\/"},"sameAs":["https:\/\/apuntesdesanluis.com"],"url":"https:\/\/apuntesdesanluis.com\/index.php\/author\/apuntesdesanluis-com\/"}]}},"featured_image_urls":{"full":["https:\/\/apuntesdesanluis.com\/wp-content\/uploads\/2024\/02\/MILEI-2.png",692,417,false],"thumbnail":["https:\/\/apuntesdesanluis.com\/wp-content\/uploads\/2024\/02\/MILEI-2-150x150.png",150,150,true],"medium":["https:\/\/apuntesdesanluis.com\/wp-content\/uploads\/2024\/02\/MILEI-2-300x181.png",300,181,true],"medium_large":["https:\/\/apuntesdesanluis.com\/wp-content\/uploads\/2024\/02\/MILEI-2.png",640,386,false],"large":["https:\/\/apuntesdesanluis.com\/wp-content\/uploads\/2024\/02\/MILEI-2.png",640,386,false],"1536x1536":["https:\/\/apuntesdesanluis.com\/wp-content\/uploads\/2024\/02\/MILEI-2.png",692,417,false],"2048x2048":["https:\/\/apuntesdesanluis.com\/wp-content\/uploads\/2024\/02\/MILEI-2.png",692,417,false],"newsever-slider-full":["https:\/\/apuntesdesanluis.com\/wp-content\/uploads\/2024\/02\/MILEI-2.png",692,417,false],"newsever-featured":["https:\/\/apuntesdesanluis.com\/wp-content\/uploads\/2024\/02\/MILEI-2.png",692,417,false],"newsever-medium":["https:\/\/apuntesdesanluis.com\/wp-content\/uploads\/2024\/02\/MILEI-2.png",692,417,false]},"author_info":{"display_name":"apuntesdesanluis.com","author_link":"https:\/\/apuntesdesanluis.com\/index.php\/author\/apuntesdesanluis-com\/"},"category_info":"<a href=\"https:\/\/apuntesdesanluis.com\/index.php\/category\/nacionales-internacionales\/\" rel=\"category tag\">Nacionales\/Internacionales<\/a>","tag_info":"Nacionales\/Internacionales","comment_count":"0","_links":{"self":[{"href":"https:\/\/apuntesdesanluis.com\/index.php\/wp-json\/wp\/v2\/posts\/11696","targetHints":{"allow":["GET"]}}],"collection":[{"href":"https:\/\/apuntesdesanluis.com\/index.php\/wp-json\/wp\/v2\/posts"}],"about":[{"href":"https:\/\/apuntesdesanluis.com\/index.php\/wp-json\/wp\/v2\/types\/post"}],"author":[{"embeddable":true,"href":"https:\/\/apuntesdesanluis.com\/index.php\/wp-json\/wp\/v2\/users\/1"}],"replies":[{"embeddable":true,"href":"https:\/\/apuntesdesanluis.com\/index.php\/wp-json\/wp\/v2\/comments?post=11696"}],"version-history":[{"count":2,"href":"https:\/\/apuntesdesanluis.com\/index.php\/wp-json\/wp\/v2\/posts\/11696\/revisions"}],"predecessor-version":[{"id":11700,"href":"https:\/\/apuntesdesanluis.com\/index.php\/wp-json\/wp\/v2\/posts\/11696\/revisions\/11700"}],"wp:featuredmedia":[{"embeddable":true,"href":"https:\/\/apuntesdesanluis.com\/index.php\/wp-json\/wp\/v2\/media\/11698"}],"wp:attachment":[{"href":"https:\/\/apuntesdesanluis.com\/index.php\/wp-json\/wp\/v2\/media?parent=11696"}],"wp:term":[{"taxonomy":"category","embeddable":true,"href":"https:\/\/apuntesdesanluis.com\/index.php\/wp-json\/wp\/v2\/categories?post=11696"},{"taxonomy":"post_tag","embeddable":true,"href":"https:\/\/apuntesdesanluis.com\/index.php\/wp-json\/wp\/v2\/tags?post=11696"}],"curies":[{"name":"wp","href":"https:\/\/api.w.org\/{rel}","templated":true}]}}