{"id":11701,"date":"2024-02-14T18:45:58","date_gmt":"2024-02-14T21:45:58","guid":{"rendered":"https:\/\/apuntesdesanluis.com\/?p=11701"},"modified":"2024-02-14T18:45:58","modified_gmt":"2024-02-14T21:45:58","slug":"sin-paritaria-nacional-docente-no-comenzaran-las-clases-en-todo-el-pais","status":"publish","type":"post","link":"https:\/\/apuntesdesanluis.com\/index.php\/2024\/02\/14\/sin-paritaria-nacional-docente-no-comenzaran-las-clases-en-todo-el-pais\/","title":{"rendered":"SIN PARITARIA NACIONAL DOCENTE NO COMENZAR\u00c1N LAS CLASES EN TODO EL  PAIS"},"content":{"rendered":"<h3>As\u00ed lo declararon los sindicatos docentes de la CGT con personer\u00eda gremial e integrantes de la Paritaria Nacional Docente: <strong>AMET, CEA, SADoP y UDA<\/strong> (4 de las 5 entidades paritarias), las que afirmaron encontrarse \u201cen estado de alerta y movilizaci\u00f3n\u201d.<\/h3>\n<h3>El documento que emitieron indica:<\/h3>\n<h3>\u201cExpresamos a la sociedad en su conjunto que no somos -ni vamos a ser- responsables de la situaci\u00f3n de disoluci\u00f3n del Sistema Educativo Nacional a la que se empuja desde el gobierno.<\/h3>\n<h3>El Secretario de Educaci\u00f3n, Prof. Carlos Torrendell, debe cumplir inmediatamente su promesa de convocar a Paritaria Nacional Docente (herramienta de di\u00e1logo y paz social), en tiempo y forma, antes del inicio del ciclo lectivo. Todas las medidas gremiales que en lo sucesivo resuelvan \u00a0los cuerpos org\u00e1nicos de nuestras organizaciones sindicales, son y ser\u00e1n una reacci\u00f3n connatural a su falta de respuestas.<\/h3>\n<h3>Es urgente la discusi\u00f3n del Salario M\u00ednimo Nacional Docente, FONID, material did\u00e1ctico\/conectividad, fondo compensador, fondo de infraestructura y toda transferencias de fondos a las provincias para cumplir con la normativa vigente.<\/h3>\n<h3>No se puede construir positivamente a partir del incumplimiento de una de las partes, que adem\u00e1s esencialmente tiene la obligaci\u00f3n debe cumplir con el art\u00edculo 10 de la Ley N\u00ba 26.075 de Financiamiento Educativo, que establece la convocatoria a la Paritaria Nacional Docente (Convenio Marco).<\/h3>\n<h3>Instamos a los gobernadores a defender la continuidad de la Paritaria Nacional Docente, y su urgente convocatoria. No permitiremos reducciones salariales, ni el incumplimiento de la Leyes conquistadas. Los salarios docentes, ya se encuentran mayoritariamente ubicados por debajo de la l\u00ednea de pobreza.<\/h3>\n<h3>El ciclo lectivo est\u00e1 a pocos d\u00edas h\u00e1biles de comenzar y, de no encontrar respuesta urgente a nuestro leg\u00edtimo y justo reclamo, estas circunstancias por nosotros no generadas nos habilitan a iniciar todas las medidas gremiales a disposici\u00f3n, incluidas la de acci\u00f3n directa, afectando el inicio del ciclo lectivo\u201d.<\/h3>\n<p><img fetchpriority=\"high\" decoding=\"async\" class=\"wp-image-11702 aligncenter\" src=\"https:\/\/apuntesdesanluis.com\/wp-content\/uploads\/2024\/02\/firmantes-300x60.png\" alt=\"\" width=\"795\" height=\"159\" srcset=\"https:\/\/apuntesdesanluis.com\/wp-content\/uploads\/2024\/02\/firmantes-300x60.png 300w, https:\/\/apuntesdesanluis.com\/wp-content\/uploads\/2024\/02\/firmantes.png 521w\" sizes=\"(max-width: 795px) 100vw, 795px\" \/><\/p>\n<p>&nbsp;<\/p>\n<p>&nbsp;<\/p>\n<p>&nbsp;<\/p>\n<p>&nbsp;<\/p>\n","protected":false},"excerpt":{"rendered":"<p>As\u00ed lo declararon los sindicatos docentes de la CGT con personer\u00eda gremial e integrantes de&#8230;<\/p>\n","protected":false},"author":1,"featured_media":11703,"comment_status":"closed","ping_status":"closed","sticky":false,"template":"","format":"standard","meta":{"footnotes":""},"categories":[5],"tags":[],"class_list":["post-11701","post","type-post","status-publish","format-standard","has-post-thumbnail","hentry","category-nacionales-internacionales"],"yoast_head":"<!-- This site is optimized with the Yoast SEO plugin v26.1.1 - https:\/\/yoast.com\/wordpress\/plugins\/seo\/ -->\n<title>SIN PARITARIA NACIONAL DOCENTE NO COMENZAR\u00c1N LAS CLASES EN TODO EL PAIS - Apuntes de San Luis<\/title>\n<meta name=\"robots\" content=\"index, follow, max-snippet:-1, max-image-preview:large, max-video-preview:-1\" \/>\n<link rel=\"canonical\" href=\"https:\/\/apuntesdesanluis.com\/index.php\/2024\/02\/14\/sin-paritaria-nacional-docente-no-comenzaran-las-clases-en-todo-el-pais\/\" \/>\n<meta property=\"og:locale\" content=\"es_ES\" \/>\n<meta property=\"og:type\" content=\"article\" \/>\n<meta property=\"og:title\" content=\"SIN PARITARIA NACIONAL DOCENTE NO COMENZAR\u00c1N LAS CLASES EN TODO EL PAIS - Apuntes de San Luis\" \/>\n<meta property=\"og:description\" content=\"As\u00ed lo declararon los sindicatos docentes de la CGT con personer\u00eda gremial e integrantes de...\" \/>\n<meta property=\"og:url\" content=\"https:\/\/apuntesdesanluis.com\/index.php\/2024\/02\/14\/sin-paritaria-nacional-docente-no-comenzaran-las-clases-en-todo-el-pais\/\" \/>\n<meta property=\"og:site_name\" content=\"Apuntes de San Luis\" \/>\n<meta property=\"article:published_time\" content=\"2024-02-14T21:45:58+00:00\" \/>\n<meta property=\"og:image\" content=\"https:\/\/apuntesdesanluis.com\/wp-content\/uploads\/2024\/02\/apertura-paritaria.png\" \/>\n\t<meta property=\"og:image:width\" content=\"600\" \/>\n\t<meta property=\"og:image:height\" content=\"355\" \/>\n\t<meta property=\"og:image:type\" content=\"image\/png\" \/>\n<meta name=\"author\" content=\"apuntesdesanluis.com\" \/>\n<meta name=\"twitter:card\" content=\"summary_large_image\" \/>\n<meta name=\"twitter:label1\" content=\"Escrito por\" \/>\n\t<meta name=\"twitter:data1\" content=\"apuntesdesanluis.com\" \/>\n\t<meta name=\"twitter:label2\" content=\"Tiempo de lectura\" \/>\n\t<meta name=\"twitter:data2\" content=\"2 minutos\" \/>\n<script type=\"application\/ld+json\" class=\"yoast-schema-graph\">{\"@context\":\"https:\/\/schema.org\",\"@graph\":[{\"@type\":\"Article\",\"@id\":\"https:\/\/apuntesdesanluis.com\/index.php\/2024\/02\/14\/sin-paritaria-nacional-docente-no-comenzaran-las-clases-en-todo-el-pais\/#article\",\"isPartOf\":{\"@id\":\"https:\/\/apuntesdesanluis.com\/index.php\/2024\/02\/14\/sin-paritaria-nacional-docente-no-comenzaran-las-clases-en-todo-el-pais\/\"},\"author\":{\"name\":\"apuntesdesanluis.com\",\"@id\":\"https:\/\/apuntesdesanluis.com\/#\/schema\/person\/b55151d52296fcce64d1a72538a70b90\"},\"headline\":\"SIN PARITARIA NACIONAL DOCENTE NO COMENZAR\u00c1N LAS CLASES EN TODO EL PAIS\",\"datePublished\":\"2024-02-14T21:45:58+00:00\",\"mainEntityOfPage\":{\"@id\":\"https:\/\/apuntesdesanluis.com\/index.php\/2024\/02\/14\/sin-paritaria-nacional-docente-no-comenzaran-las-clases-en-todo-el-pais\/\"},\"wordCount\":341,\"publisher\":{\"@id\":\"https:\/\/apuntesdesanluis.com\/#\/schema\/person\/b55151d52296fcce64d1a72538a70b90\"},\"image\":{\"@id\":\"https:\/\/apuntesdesanluis.com\/index.php\/2024\/02\/14\/sin-paritaria-nacional-docente-no-comenzaran-las-clases-en-todo-el-pais\/#primaryimage\"},\"thumbnailUrl\":\"https:\/\/apuntesdesanluis.com\/wp-content\/uploads\/2024\/02\/apertura-paritaria.png\",\"articleSection\":[\"Nacionales\/Internacionales\"],\"inLanguage\":\"es-AR\"},{\"@type\":\"WebPage\",\"@id\":\"https:\/\/apuntesdesanluis.com\/index.php\/2024\/02\/14\/sin-paritaria-nacional-docente-no-comenzaran-las-clases-en-todo-el-pais\/\",\"url\":\"https:\/\/apuntesdesanluis.com\/index.php\/2024\/02\/14\/sin-paritaria-nacional-docente-no-comenzaran-las-clases-en-todo-el-pais\/\",\"name\":\"SIN PARITARIA NACIONAL DOCENTE NO COMENZAR\u00c1N LAS CLASES EN TODO EL PAIS - Apuntes de San Luis\",\"isPartOf\":{\"@id\":\"https:\/\/apuntesdesanluis.com\/#website\"},\"primaryImageOfPage\":{\"@id\":\"https:\/\/apuntesdesanluis.com\/index.php\/2024\/02\/14\/sin-paritaria-nacional-docente-no-comenzaran-las-clases-en-todo-el-pais\/#primaryimage\"},\"image\":{\"@id\":\"https:\/\/apuntesdesanluis.com\/index.php\/2024\/02\/14\/sin-paritaria-nacional-docente-no-comenzaran-las-clases-en-todo-el-pais\/#primaryimage\"},\"thumbnailUrl\":\"https:\/\/apuntesdesanluis.com\/wp-content\/uploads\/2024\/02\/apertura-paritaria.png\",\"datePublished\":\"2024-02-14T21:45:58+00:00\",\"breadcrumb\":{\"@id\":\"https:\/\/apuntesdesanluis.com\/index.php\/2024\/02\/14\/sin-paritaria-nacional-docente-no-comenzaran-las-clases-en-todo-el-pais\/#breadcrumb\"},\"inLanguage\":\"es-AR\",\"potentialAction\":[{\"@type\":\"ReadAction\",\"target\":[\"https:\/\/apuntesdesanluis.com\/index.php\/2024\/02\/14\/sin-paritaria-nacional-docente-no-comenzaran-las-clases-en-todo-el-pais\/\"]}]},{\"@type\":\"ImageObject\",\"inLanguage\":\"es-AR\",\"@id\":\"https:\/\/apuntesdesanluis.com\/index.php\/2024\/02\/14\/sin-paritaria-nacional-docente-no-comenzaran-las-clases-en-todo-el-pais\/#primaryimage\",\"url\":\"https:\/\/apuntesdesanluis.com\/wp-content\/uploads\/2024\/02\/apertura-paritaria.png\",\"contentUrl\":\"https:\/\/apuntesdesanluis.com\/wp-content\/uploads\/2024\/02\/apertura-paritaria.png\",\"width\":600,\"height\":355},{\"@type\":\"BreadcrumbList\",\"@id\":\"https:\/\/apuntesdesanluis.com\/index.php\/2024\/02\/14\/sin-paritaria-nacional-docente-no-comenzaran-las-clases-en-todo-el-pais\/#breadcrumb\",\"itemListElement\":[{\"@type\":\"ListItem\",\"position\":1,\"name\":\"Inicio\",\"item\":\"https:\/\/apuntesdesanluis.com\/\"},{\"@type\":\"ListItem\",\"position\":2,\"name\":\"SIN PARITARIA NACIONAL DOCENTE NO COMENZAR\u00c1N LAS CLASES EN TODO EL PAIS\"}]},{\"@type\":\"WebSite\",\"@id\":\"https:\/\/apuntesdesanluis.com\/#website\",\"url\":\"https:\/\/apuntesdesanluis.com\/\",\"name\":\"Apuntes de San Luis\",\"description\":\"\",\"publisher\":{\"@id\":\"https:\/\/apuntesdesanluis.com\/#\/schema\/person\/b55151d52296fcce64d1a72538a70b90\"},\"potentialAction\":[{\"@type\":\"SearchAction\",\"target\":{\"@type\":\"EntryPoint\",\"urlTemplate\":\"https:\/\/apuntesdesanluis.com\/?s={search_term_string}\"},\"query-input\":{\"@type\":\"PropertyValueSpecification\",\"valueRequired\":true,\"valueName\":\"search_term_string\"}}],\"inLanguage\":\"es-AR\"},{\"@type\":[\"Person\",\"Organization\"],\"@id\":\"https:\/\/apuntesdesanluis.com\/#\/schema\/person\/b55151d52296fcce64d1a72538a70b90\",\"name\":\"apuntesdesanluis.com\",\"image\":{\"@type\":\"ImageObject\",\"inLanguage\":\"es-AR\",\"@id\":\"https:\/\/apuntesdesanluis.com\/#\/schema\/person\/image\/\",\"url\":\"https:\/\/apuntesdesanluis.com\/wp-content\/uploads\/2023\/07\/cropped-apuntesdesanluis.png\",\"contentUrl\":\"https:\/\/apuntesdesanluis.com\/wp-content\/uploads\/2023\/07\/cropped-apuntesdesanluis.png\",\"width\":450,\"height\":112,\"caption\":\"apuntesdesanluis.com\"},\"logo\":{\"@id\":\"https:\/\/apuntesdesanluis.com\/#\/schema\/person\/image\/\"},\"sameAs\":[\"https:\/\/apuntesdesanluis.com\"],\"url\":\"https:\/\/apuntesdesanluis.com\/index.php\/author\/apuntesdesanluis-com\/\"}]}<\/script>\n<!-- \/ Yoast SEO plugin. -->","yoast_head_json":{"title":"SIN PARITARIA NACIONAL DOCENTE NO COMENZAR\u00c1N LAS CLASES EN TODO EL PAIS - Apuntes de San Luis","robots":{"index":"index","follow":"follow","max-snippet":"max-snippet:-1","max-image-preview":"max-image-preview:large","max-video-preview":"max-video-preview:-1"},"canonical":"https:\/\/apuntesdesanluis.com\/index.php\/2024\/02\/14\/sin-paritaria-nacional-docente-no-comenzaran-las-clases-en-todo-el-pais\/","og_locale":"es_ES","og_type":"article","og_title":"SIN PARITARIA NACIONAL DOCENTE NO COMENZAR\u00c1N LAS CLASES EN TODO EL PAIS - Apuntes de San Luis","og_description":"As\u00ed lo declararon los sindicatos docentes de la CGT con personer\u00eda gremial e integrantes de...","og_url":"https:\/\/apuntesdesanluis.com\/index.php\/2024\/02\/14\/sin-paritaria-nacional-docente-no-comenzaran-las-clases-en-todo-el-pais\/","og_site_name":"Apuntes de San Luis","article_published_time":"2024-02-14T21:45:58+00:00","og_image":[{"width":600,"height":355,"url":"https:\/\/apuntesdesanluis.com\/wp-content\/uploads\/2024\/02\/apertura-paritaria.png","type":"image\/png"}],"author":"apuntesdesanluis.com","twitter_card":"summary_large_image","twitter_misc":{"Escrito por":"apuntesdesanluis.com","Tiempo de lectura":"2 minutos"},"schema":{"@context":"https:\/\/schema.org","@graph":[{"@type":"Article","@id":"https:\/\/apuntesdesanluis.com\/index.php\/2024\/02\/14\/sin-paritaria-nacional-docente-no-comenzaran-las-clases-en-todo-el-pais\/#article","isPartOf":{"@id":"https:\/\/apuntesdesanluis.com\/index.php\/2024\/02\/14\/sin-paritaria-nacional-docente-no-comenzaran-las-clases-en-todo-el-pais\/"},"author":{"name":"apuntesdesanluis.com","@id":"https:\/\/apuntesdesanluis.com\/#\/schema\/person\/b55151d52296fcce64d1a72538a70b90"},"headline":"SIN PARITARIA NACIONAL DOCENTE NO COMENZAR\u00c1N LAS CLASES EN TODO EL PAIS","datePublished":"2024-02-14T21:45:58+00:00","mainEntityOfPage":{"@id":"https:\/\/apuntesdesanluis.com\/index.php\/2024\/02\/14\/sin-paritaria-nacional-docente-no-comenzaran-las-clases-en-todo-el-pais\/"},"wordCount":341,"publisher":{"@id":"https:\/\/apuntesdesanluis.com\/#\/schema\/person\/b55151d52296fcce64d1a72538a70b90"},"image":{"@id":"https:\/\/apuntesdesanluis.com\/index.php\/2024\/02\/14\/sin-paritaria-nacional-docente-no-comenzaran-las-clases-en-todo-el-pais\/#primaryimage"},"thumbnailUrl":"https:\/\/apuntesdesanluis.com\/wp-content\/uploads\/2024\/02\/apertura-paritaria.png","articleSection":["Nacionales\/Internacionales"],"inLanguage":"es-AR"},{"@type":"WebPage","@id":"https:\/\/apuntesdesanluis.com\/index.php\/2024\/02\/14\/sin-paritaria-nacional-docente-no-comenzaran-las-clases-en-todo-el-pais\/","url":"https:\/\/apuntesdesanluis.com\/index.php\/2024\/02\/14\/sin-paritaria-nacional-docente-no-comenzaran-las-clases-en-todo-el-pais\/","name":"SIN PARITARIA NACIONAL DOCENTE NO COMENZAR\u00c1N LAS CLASES EN TODO EL PAIS - Apuntes de San Luis","isPartOf":{"@id":"https:\/\/apuntesdesanluis.com\/#website"},"primaryImageOfPage":{"@id":"https:\/\/apuntesdesanluis.com\/index.php\/2024\/02\/14\/sin-paritaria-nacional-docente-no-comenzaran-las-clases-en-todo-el-pais\/#primaryimage"},"image":{"@id":"https:\/\/apuntesdesanluis.com\/index.php\/2024\/02\/14\/sin-paritaria-nacional-docente-no-comenzaran-las-clases-en-todo-el-pais\/#primaryimage"},"thumbnailUrl":"https:\/\/apuntesdesanluis.com\/wp-content\/uploads\/2024\/02\/apertura-paritaria.png","datePublished":"2024-02-14T21:45:58+00:00","breadcrumb":{"@id":"https:\/\/apuntesdesanluis.com\/index.php\/2024\/02\/14\/sin-paritaria-nacional-docente-no-comenzaran-las-clases-en-todo-el-pais\/#breadcrumb"},"inLanguage":"es-AR","potentialAction":[{"@type":"ReadAction","target":["https:\/\/apuntesdesanluis.com\/index.php\/2024\/02\/14\/sin-paritaria-nacional-docente-no-comenzaran-las-clases-en-todo-el-pais\/"]}]},{"@type":"ImageObject","inLanguage":"es-AR","@id":"https:\/\/apuntesdesanluis.com\/index.php\/2024\/02\/14\/sin-paritaria-nacional-docente-no-comenzaran-las-clases-en-todo-el-pais\/#primaryimage","url":"https:\/\/apuntesdesanluis.com\/wp-content\/uploads\/2024\/02\/apertura-paritaria.png","contentUrl":"https:\/\/apuntesdesanluis.com\/wp-content\/uploads\/2024\/02\/apertura-paritaria.png","width":600,"height":355},{"@type":"BreadcrumbList","@id":"https:\/\/apuntesdesanluis.com\/index.php\/2024\/02\/14\/sin-paritaria-nacional-docente-no-comenzaran-las-clases-en-todo-el-pais\/#breadcrumb","itemListElement":[{"@type":"ListItem","position":1,"name":"Inicio","item":"https:\/\/apuntesdesanluis.com\/"},{"@type":"ListItem","position":2,"name":"SIN PARITARIA NACIONAL DOCENTE NO COMENZAR\u00c1N LAS CLASES EN TODO EL PAIS"}]},{"@type":"WebSite","@id":"https:\/\/apuntesdesanluis.com\/#website","url":"https:\/\/apuntesdesanluis.com\/","name":"Apuntes de San Luis","description":"","publisher":{"@id":"https:\/\/apuntesdesanluis.com\/#\/schema\/person\/b55151d52296fcce64d1a72538a70b90"},"potentialAction":[{"@type":"SearchAction","target":{"@type":"EntryPoint","urlTemplate":"https:\/\/apuntesdesanluis.com\/?s={search_term_string}"},"query-input":{"@type":"PropertyValueSpecification","valueRequired":true,"valueName":"search_term_string"}}],"inLanguage":"es-AR"},{"@type":["Person","Organization"],"@id":"https:\/\/apuntesdesanluis.com\/#\/schema\/person\/b55151d52296fcce64d1a72538a70b90","name":"apuntesdesanluis.com","image":{"@type":"ImageObject","inLanguage":"es-AR","@id":"https:\/\/apuntesdesanluis.com\/#\/schema\/person\/image\/","url":"https:\/\/apuntesdesanluis.com\/wp-content\/uploads\/2023\/07\/cropped-apuntesdesanluis.png","contentUrl":"https:\/\/apuntesdesanluis.com\/wp-content\/uploads\/2023\/07\/cropped-apuntesdesanluis.png","width":450,"height":112,"caption":"apuntesdesanluis.com"},"logo":{"@id":"https:\/\/apuntesdesanluis.com\/#\/schema\/person\/image\/"},"sameAs":["https:\/\/apuntesdesanluis.com"],"url":"https:\/\/apuntesdesanluis.com\/index.php\/author\/apuntesdesanluis-com\/"}]}},"featured_image_urls":{"full":["https:\/\/apuntesdesanluis.com\/wp-content\/uploads\/2024\/02\/apertura-paritaria.png",600,355,false],"thumbnail":["https:\/\/apuntesdesanluis.com\/wp-content\/uploads\/2024\/02\/apertura-paritaria-150x150.png",150,150,true],"medium":["https:\/\/apuntesdesanluis.com\/wp-content\/uploads\/2024\/02\/apertura-paritaria-300x178.png",300,178,true],"medium_large":["https:\/\/apuntesdesanluis.com\/wp-content\/uploads\/2024\/02\/apertura-paritaria.png",600,355,false],"large":["https:\/\/apuntesdesanluis.com\/wp-content\/uploads\/2024\/02\/apertura-paritaria.png",600,355,false],"1536x1536":["https:\/\/apuntesdesanluis.com\/wp-content\/uploads\/2024\/02\/apertura-paritaria.png",600,355,false],"2048x2048":["https:\/\/apuntesdesanluis.com\/wp-content\/uploads\/2024\/02\/apertura-paritaria.png",600,355,false],"newsever-slider-full":["https:\/\/apuntesdesanluis.com\/wp-content\/uploads\/2024\/02\/apertura-paritaria.png",600,355,false],"newsever-featured":["https:\/\/apuntesdesanluis.com\/wp-content\/uploads\/2024\/02\/apertura-paritaria.png",600,355,false],"newsever-medium":["https:\/\/apuntesdesanluis.com\/wp-content\/uploads\/2024\/02\/apertura-paritaria.png",600,355,false]},"author_info":{"display_name":"apuntesdesanluis.com","author_link":"https:\/\/apuntesdesanluis.com\/index.php\/author\/apuntesdesanluis-com\/"},"category_info":"<a href=\"https:\/\/apuntesdesanluis.com\/index.php\/category\/nacionales-internacionales\/\" rel=\"category tag\">Nacionales\/Internacionales<\/a>","tag_info":"Nacionales\/Internacionales","comment_count":"0","_links":{"self":[{"href":"https:\/\/apuntesdesanluis.com\/index.php\/wp-json\/wp\/v2\/posts\/11701","targetHints":{"allow":["GET"]}}],"collection":[{"href":"https:\/\/apuntesdesanluis.com\/index.php\/wp-json\/wp\/v2\/posts"}],"about":[{"href":"https:\/\/apuntesdesanluis.com\/index.php\/wp-json\/wp\/v2\/types\/post"}],"author":[{"embeddable":true,"href":"https:\/\/apuntesdesanluis.com\/index.php\/wp-json\/wp\/v2\/users\/1"}],"replies":[{"embeddable":true,"href":"https:\/\/apuntesdesanluis.com\/index.php\/wp-json\/wp\/v2\/comments?post=11701"}],"version-history":[{"count":1,"href":"https:\/\/apuntesdesanluis.com\/index.php\/wp-json\/wp\/v2\/posts\/11701\/revisions"}],"predecessor-version":[{"id":11704,"href":"https:\/\/apuntesdesanluis.com\/index.php\/wp-json\/wp\/v2\/posts\/11701\/revisions\/11704"}],"wp:featuredmedia":[{"embeddable":true,"href":"https:\/\/apuntesdesanluis.com\/index.php\/wp-json\/wp\/v2\/media\/11703"}],"wp:attachment":[{"href":"https:\/\/apuntesdesanluis.com\/index.php\/wp-json\/wp\/v2\/media?parent=11701"}],"wp:term":[{"taxonomy":"category","embeddable":true,"href":"https:\/\/apuntesdesanluis.com\/index.php\/wp-json\/wp\/v2\/categories?post=11701"},{"taxonomy":"post_tag","embeddable":true,"href":"https:\/\/apuntesdesanluis.com\/index.php\/wp-json\/wp\/v2\/tags?post=11701"}],"curies":[{"name":"wp","href":"https:\/\/api.w.org\/{rel}","templated":true}]}}