{"id":11710,"date":"2024-02-14T19:10:49","date_gmt":"2024-02-14T22:10:49","guid":{"rendered":"https:\/\/apuntesdesanluis.com\/?p=11710"},"modified":"2024-02-14T19:11:36","modified_gmt":"2024-02-14T22:11:36","slug":"exhibiran-en-villa-mercedes-las-copas-de-la-seleccion-argentina-de-futbol","status":"publish","type":"post","link":"https:\/\/apuntesdesanluis.com\/index.php\/2024\/02\/14\/exhibiran-en-villa-mercedes-las-copas-de-la-seleccion-argentina-de-futbol\/","title":{"rendered":"EXHIBIR\u00c1N EN VILLA MERCEDES LAS COPAS DE LA SELECCI\u00d3N ARGENTINA DE F\u00daTBOL"},"content":{"rendered":"<h3>El f\u00fatbol es, para los argentinos, una pasi\u00f3n, tanto como lo es la Selecci\u00f3n nacional, que ha alimentado la gloria en su paso por distintos campeonatos y estadios del mundo.<\/h3>\n<h3>El pr\u00f3ximo s\u00e1bado 17, Villa Mercedes ser\u00e1 sede de la exhibici\u00f3n <strong>\u2018Eternos Laureles\u2019<\/strong>, en la que se podr\u00e1 ver la Copa del Mundo que levant\u00f3 en Qatar, la de la \u2018Final\u00edssima\u2019 contra Italia (ambas en 2022) y la Copa Am\u00e9rica 2021. Los trofeos se podr\u00e1n apreciar en el Microestadio \u2018Jorge Newbery\u2019, de 10:00 a 18:00, con entrada libre y gratuita.<\/h3>\n<h3>La novedad se conoci\u00f3 este mi\u00e9rcoles, despu\u00e9s de que el secretario de Deportes, <strong>Gabriel Rivero<\/strong>, recibiera en su despacho al secretario de Coordinaci\u00f3n del Consejo Federal de AFA y presidente de la Federaci\u00f3n Sanluise\u00f1a de F\u00fatbol, <strong>Mario Echeverr\u00eda<\/strong>.<\/h3>\n<h3>El dirigente valor\u00f3 como muy positivo el encuentro para comenzar a trabajar en varios frentes referidos al f\u00fatbol, fundamentalmente, y a la relaci\u00f3n del Consejo Federal de AFA con la secretar\u00eda de Deportes.<\/h3>\n<h3>Con respecto a las expectativas, Echeverr\u00eda expres\u00f3: \u201cEstoy muy esperanzado en que podamos generar pol\u00edticas en conjunto. Hay una idea del Gobierno provincial de aportar sobre todo en capacitaci\u00f3n, que para nosotros es muy importante. A partir de ahora tomamos una agenda, que desarrollaremos en los pr\u00f3ximos d\u00edas. La idea es escuchar al f\u00fatbol, saber cu\u00e1l es la realidad, qu\u00e9 es lo que los clubes quieren y comenzar a actuar. Es muy bueno saber que contamos con este apoyo\u201d.<\/h3>\n<p>&nbsp;<\/p>\n<p>&nbsp;<\/p>\n<p>&nbsp;<\/p>\n","protected":false},"excerpt":{"rendered":"<p>El f\u00fatbol es, para los argentinos, una pasi\u00f3n, tanto como lo es la Selecci\u00f3n nacional,&#8230;<\/p>\n","protected":false},"author":1,"featured_media":11711,"comment_status":"closed","ping_status":"closed","sticky":false,"template":"","format":"standard","meta":{"footnotes":""},"categories":[6],"tags":[],"class_list":["post-11710","post","type-post","status-publish","format-standard","has-post-thumbnail","hentry","category-ciudad-provincia"],"yoast_head":"<!-- This site is optimized with the Yoast SEO plugin v26.1.1 - https:\/\/yoast.com\/wordpress\/plugins\/seo\/ -->\n<title>EXHIBIR\u00c1N EN VILLA MERCEDES LAS COPAS DE LA SELECCI\u00d3N ARGENTINA DE F\u00daTBOL - Apuntes de San Luis<\/title>\n<meta name=\"robots\" content=\"index, follow, max-snippet:-1, max-image-preview:large, max-video-preview:-1\" \/>\n<link rel=\"canonical\" href=\"https:\/\/apuntesdesanluis.com\/index.php\/2024\/02\/14\/exhibiran-en-villa-mercedes-las-copas-de-la-seleccion-argentina-de-futbol\/\" \/>\n<meta property=\"og:locale\" content=\"es_ES\" \/>\n<meta property=\"og:type\" content=\"article\" \/>\n<meta property=\"og:title\" content=\"EXHIBIR\u00c1N EN VILLA MERCEDES LAS COPAS DE LA SELECCI\u00d3N ARGENTINA DE F\u00daTBOL - Apuntes de San Luis\" \/>\n<meta property=\"og:description\" content=\"El f\u00fatbol es, para los argentinos, una pasi\u00f3n, tanto como lo es la Selecci\u00f3n nacional,...\" \/>\n<meta property=\"og:url\" content=\"https:\/\/apuntesdesanluis.com\/index.php\/2024\/02\/14\/exhibiran-en-villa-mercedes-las-copas-de-la-seleccion-argentina-de-futbol\/\" \/>\n<meta property=\"og:site_name\" content=\"Apuntes de San Luis\" \/>\n<meta property=\"article:published_time\" content=\"2024-02-14T22:10:49+00:00\" \/>\n<meta property=\"article:modified_time\" content=\"2024-02-14T22:11:36+00:00\" \/>\n<meta property=\"og:image\" content=\"https:\/\/apuntesdesanluis.com\/wp-content\/uploads\/2024\/02\/COPA-DEL-MUNDO.png\" \/>\n\t<meta property=\"og:image:width\" content=\"600\" \/>\n\t<meta property=\"og:image:height\" content=\"354\" \/>\n\t<meta property=\"og:image:type\" content=\"image\/png\" \/>\n<meta name=\"author\" content=\"apuntesdesanluis.com\" \/>\n<meta name=\"twitter:card\" content=\"summary_large_image\" \/>\n<meta name=\"twitter:label1\" content=\"Escrito por\" \/>\n\t<meta name=\"twitter:data1\" content=\"apuntesdesanluis.com\" \/>\n\t<meta name=\"twitter:label2\" content=\"Tiempo de lectura\" \/>\n\t<meta name=\"twitter:data2\" content=\"2 minutos\" \/>\n<script type=\"application\/ld+json\" class=\"yoast-schema-graph\">{\"@context\":\"https:\/\/schema.org\",\"@graph\":[{\"@type\":\"Article\",\"@id\":\"https:\/\/apuntesdesanluis.com\/index.php\/2024\/02\/14\/exhibiran-en-villa-mercedes-las-copas-de-la-seleccion-argentina-de-futbol\/#article\",\"isPartOf\":{\"@id\":\"https:\/\/apuntesdesanluis.com\/index.php\/2024\/02\/14\/exhibiran-en-villa-mercedes-las-copas-de-la-seleccion-argentina-de-futbol\/\"},\"author\":{\"name\":\"apuntesdesanluis.com\",\"@id\":\"https:\/\/apuntesdesanluis.com\/#\/schema\/person\/b55151d52296fcce64d1a72538a70b90\"},\"headline\":\"EXHIBIR\u00c1N EN VILLA MERCEDES LAS COPAS DE LA SELECCI\u00d3N ARGENTINA DE F\u00daTBOL\",\"datePublished\":\"2024-02-14T22:10:49+00:00\",\"dateModified\":\"2024-02-14T22:11:36+00:00\",\"mainEntityOfPage\":{\"@id\":\"https:\/\/apuntesdesanluis.com\/index.php\/2024\/02\/14\/exhibiran-en-villa-mercedes-las-copas-de-la-seleccion-argentina-de-futbol\/\"},\"wordCount\":279,\"publisher\":{\"@id\":\"https:\/\/apuntesdesanluis.com\/#\/schema\/person\/b55151d52296fcce64d1a72538a70b90\"},\"image\":{\"@id\":\"https:\/\/apuntesdesanluis.com\/index.php\/2024\/02\/14\/exhibiran-en-villa-mercedes-las-copas-de-la-seleccion-argentina-de-futbol\/#primaryimage\"},\"thumbnailUrl\":\"https:\/\/apuntesdesanluis.com\/wp-content\/uploads\/2024\/02\/COPA-DEL-MUNDO.png\",\"articleSection\":[\"Ciudad\/Provincia\"],\"inLanguage\":\"es-AR\"},{\"@type\":\"WebPage\",\"@id\":\"https:\/\/apuntesdesanluis.com\/index.php\/2024\/02\/14\/exhibiran-en-villa-mercedes-las-copas-de-la-seleccion-argentina-de-futbol\/\",\"url\":\"https:\/\/apuntesdesanluis.com\/index.php\/2024\/02\/14\/exhibiran-en-villa-mercedes-las-copas-de-la-seleccion-argentina-de-futbol\/\",\"name\":\"EXHIBIR\u00c1N EN VILLA MERCEDES LAS COPAS DE LA SELECCI\u00d3N ARGENTINA DE F\u00daTBOL - Apuntes de San Luis\",\"isPartOf\":{\"@id\":\"https:\/\/apuntesdesanluis.com\/#website\"},\"primaryImageOfPage\":{\"@id\":\"https:\/\/apuntesdesanluis.com\/index.php\/2024\/02\/14\/exhibiran-en-villa-mercedes-las-copas-de-la-seleccion-argentina-de-futbol\/#primaryimage\"},\"image\":{\"@id\":\"https:\/\/apuntesdesanluis.com\/index.php\/2024\/02\/14\/exhibiran-en-villa-mercedes-las-copas-de-la-seleccion-argentina-de-futbol\/#primaryimage\"},\"thumbnailUrl\":\"https:\/\/apuntesdesanluis.com\/wp-content\/uploads\/2024\/02\/COPA-DEL-MUNDO.png\",\"datePublished\":\"2024-02-14T22:10:49+00:00\",\"dateModified\":\"2024-02-14T22:11:36+00:00\",\"breadcrumb\":{\"@id\":\"https:\/\/apuntesdesanluis.com\/index.php\/2024\/02\/14\/exhibiran-en-villa-mercedes-las-copas-de-la-seleccion-argentina-de-futbol\/#breadcrumb\"},\"inLanguage\":\"es-AR\",\"potentialAction\":[{\"@type\":\"ReadAction\",\"target\":[\"https:\/\/apuntesdesanluis.com\/index.php\/2024\/02\/14\/exhibiran-en-villa-mercedes-las-copas-de-la-seleccion-argentina-de-futbol\/\"]}]},{\"@type\":\"ImageObject\",\"inLanguage\":\"es-AR\",\"@id\":\"https:\/\/apuntesdesanluis.com\/index.php\/2024\/02\/14\/exhibiran-en-villa-mercedes-las-copas-de-la-seleccion-argentina-de-futbol\/#primaryimage\",\"url\":\"https:\/\/apuntesdesanluis.com\/wp-content\/uploads\/2024\/02\/COPA-DEL-MUNDO.png\",\"contentUrl\":\"https:\/\/apuntesdesanluis.com\/wp-content\/uploads\/2024\/02\/COPA-DEL-MUNDO.png\",\"width\":600,\"height\":354},{\"@type\":\"BreadcrumbList\",\"@id\":\"https:\/\/apuntesdesanluis.com\/index.php\/2024\/02\/14\/exhibiran-en-villa-mercedes-las-copas-de-la-seleccion-argentina-de-futbol\/#breadcrumb\",\"itemListElement\":[{\"@type\":\"ListItem\",\"position\":1,\"name\":\"Inicio\",\"item\":\"https:\/\/apuntesdesanluis.com\/\"},{\"@type\":\"ListItem\",\"position\":2,\"name\":\"EXHIBIR\u00c1N EN VILLA MERCEDES LAS COPAS DE LA SELECCI\u00d3N ARGENTINA DE F\u00daTBOL\"}]},{\"@type\":\"WebSite\",\"@id\":\"https:\/\/apuntesdesanluis.com\/#website\",\"url\":\"https:\/\/apuntesdesanluis.com\/\",\"name\":\"Apuntes de San Luis\",\"description\":\"\",\"publisher\":{\"@id\":\"https:\/\/apuntesdesanluis.com\/#\/schema\/person\/b55151d52296fcce64d1a72538a70b90\"},\"potentialAction\":[{\"@type\":\"SearchAction\",\"target\":{\"@type\":\"EntryPoint\",\"urlTemplate\":\"https:\/\/apuntesdesanluis.com\/?s={search_term_string}\"},\"query-input\":{\"@type\":\"PropertyValueSpecification\",\"valueRequired\":true,\"valueName\":\"search_term_string\"}}],\"inLanguage\":\"es-AR\"},{\"@type\":[\"Person\",\"Organization\"],\"@id\":\"https:\/\/apuntesdesanluis.com\/#\/schema\/person\/b55151d52296fcce64d1a72538a70b90\",\"name\":\"apuntesdesanluis.com\",\"image\":{\"@type\":\"ImageObject\",\"inLanguage\":\"es-AR\",\"@id\":\"https:\/\/apuntesdesanluis.com\/#\/schema\/person\/image\/\",\"url\":\"https:\/\/apuntesdesanluis.com\/wp-content\/uploads\/2023\/07\/cropped-apuntesdesanluis.png\",\"contentUrl\":\"https:\/\/apuntesdesanluis.com\/wp-content\/uploads\/2023\/07\/cropped-apuntesdesanluis.png\",\"width\":450,\"height\":112,\"caption\":\"apuntesdesanluis.com\"},\"logo\":{\"@id\":\"https:\/\/apuntesdesanluis.com\/#\/schema\/person\/image\/\"},\"sameAs\":[\"https:\/\/apuntesdesanluis.com\"],\"url\":\"https:\/\/apuntesdesanluis.com\/index.php\/author\/apuntesdesanluis-com\/\"}]}<\/script>\n<!-- \/ Yoast SEO plugin. -->","yoast_head_json":{"title":"EXHIBIR\u00c1N EN VILLA MERCEDES LAS COPAS DE LA SELECCI\u00d3N ARGENTINA DE F\u00daTBOL - Apuntes de San Luis","robots":{"index":"index","follow":"follow","max-snippet":"max-snippet:-1","max-image-preview":"max-image-preview:large","max-video-preview":"max-video-preview:-1"},"canonical":"https:\/\/apuntesdesanluis.com\/index.php\/2024\/02\/14\/exhibiran-en-villa-mercedes-las-copas-de-la-seleccion-argentina-de-futbol\/","og_locale":"es_ES","og_type":"article","og_title":"EXHIBIR\u00c1N EN VILLA MERCEDES LAS COPAS DE LA SELECCI\u00d3N ARGENTINA DE F\u00daTBOL - Apuntes de San Luis","og_description":"El f\u00fatbol es, para los argentinos, una pasi\u00f3n, tanto como lo es la Selecci\u00f3n nacional,...","og_url":"https:\/\/apuntesdesanluis.com\/index.php\/2024\/02\/14\/exhibiran-en-villa-mercedes-las-copas-de-la-seleccion-argentina-de-futbol\/","og_site_name":"Apuntes de San Luis","article_published_time":"2024-02-14T22:10:49+00:00","article_modified_time":"2024-02-14T22:11:36+00:00","og_image":[{"width":600,"height":354,"url":"https:\/\/apuntesdesanluis.com\/wp-content\/uploads\/2024\/02\/COPA-DEL-MUNDO.png","type":"image\/png"}],"author":"apuntesdesanluis.com","twitter_card":"summary_large_image","twitter_misc":{"Escrito por":"apuntesdesanluis.com","Tiempo de lectura":"2 minutos"},"schema":{"@context":"https:\/\/schema.org","@graph":[{"@type":"Article","@id":"https:\/\/apuntesdesanluis.com\/index.php\/2024\/02\/14\/exhibiran-en-villa-mercedes-las-copas-de-la-seleccion-argentina-de-futbol\/#article","isPartOf":{"@id":"https:\/\/apuntesdesanluis.com\/index.php\/2024\/02\/14\/exhibiran-en-villa-mercedes-las-copas-de-la-seleccion-argentina-de-futbol\/"},"author":{"name":"apuntesdesanluis.com","@id":"https:\/\/apuntesdesanluis.com\/#\/schema\/person\/b55151d52296fcce64d1a72538a70b90"},"headline":"EXHIBIR\u00c1N EN VILLA MERCEDES LAS COPAS DE LA SELECCI\u00d3N ARGENTINA DE F\u00daTBOL","datePublished":"2024-02-14T22:10:49+00:00","dateModified":"2024-02-14T22:11:36+00:00","mainEntityOfPage":{"@id":"https:\/\/apuntesdesanluis.com\/index.php\/2024\/02\/14\/exhibiran-en-villa-mercedes-las-copas-de-la-seleccion-argentina-de-futbol\/"},"wordCount":279,"publisher":{"@id":"https:\/\/apuntesdesanluis.com\/#\/schema\/person\/b55151d52296fcce64d1a72538a70b90"},"image":{"@id":"https:\/\/apuntesdesanluis.com\/index.php\/2024\/02\/14\/exhibiran-en-villa-mercedes-las-copas-de-la-seleccion-argentina-de-futbol\/#primaryimage"},"thumbnailUrl":"https:\/\/apuntesdesanluis.com\/wp-content\/uploads\/2024\/02\/COPA-DEL-MUNDO.png","articleSection":["Ciudad\/Provincia"],"inLanguage":"es-AR"},{"@type":"WebPage","@id":"https:\/\/apuntesdesanluis.com\/index.php\/2024\/02\/14\/exhibiran-en-villa-mercedes-las-copas-de-la-seleccion-argentina-de-futbol\/","url":"https:\/\/apuntesdesanluis.com\/index.php\/2024\/02\/14\/exhibiran-en-villa-mercedes-las-copas-de-la-seleccion-argentina-de-futbol\/","name":"EXHIBIR\u00c1N EN VILLA MERCEDES LAS COPAS DE LA SELECCI\u00d3N ARGENTINA DE F\u00daTBOL - Apuntes de San Luis","isPartOf":{"@id":"https:\/\/apuntesdesanluis.com\/#website"},"primaryImageOfPage":{"@id":"https:\/\/apuntesdesanluis.com\/index.php\/2024\/02\/14\/exhibiran-en-villa-mercedes-las-copas-de-la-seleccion-argentina-de-futbol\/#primaryimage"},"image":{"@id":"https:\/\/apuntesdesanluis.com\/index.php\/2024\/02\/14\/exhibiran-en-villa-mercedes-las-copas-de-la-seleccion-argentina-de-futbol\/#primaryimage"},"thumbnailUrl":"https:\/\/apuntesdesanluis.com\/wp-content\/uploads\/2024\/02\/COPA-DEL-MUNDO.png","datePublished":"2024-02-14T22:10:49+00:00","dateModified":"2024-02-14T22:11:36+00:00","breadcrumb":{"@id":"https:\/\/apuntesdesanluis.com\/index.php\/2024\/02\/14\/exhibiran-en-villa-mercedes-las-copas-de-la-seleccion-argentina-de-futbol\/#breadcrumb"},"inLanguage":"es-AR","potentialAction":[{"@type":"ReadAction","target":["https:\/\/apuntesdesanluis.com\/index.php\/2024\/02\/14\/exhibiran-en-villa-mercedes-las-copas-de-la-seleccion-argentina-de-futbol\/"]}]},{"@type":"ImageObject","inLanguage":"es-AR","@id":"https:\/\/apuntesdesanluis.com\/index.php\/2024\/02\/14\/exhibiran-en-villa-mercedes-las-copas-de-la-seleccion-argentina-de-futbol\/#primaryimage","url":"https:\/\/apuntesdesanluis.com\/wp-content\/uploads\/2024\/02\/COPA-DEL-MUNDO.png","contentUrl":"https:\/\/apuntesdesanluis.com\/wp-content\/uploads\/2024\/02\/COPA-DEL-MUNDO.png","width":600,"height":354},{"@type":"BreadcrumbList","@id":"https:\/\/apuntesdesanluis.com\/index.php\/2024\/02\/14\/exhibiran-en-villa-mercedes-las-copas-de-la-seleccion-argentina-de-futbol\/#breadcrumb","itemListElement":[{"@type":"ListItem","position":1,"name":"Inicio","item":"https:\/\/apuntesdesanluis.com\/"},{"@type":"ListItem","position":2,"name":"EXHIBIR\u00c1N EN VILLA MERCEDES LAS COPAS DE LA SELECCI\u00d3N ARGENTINA DE F\u00daTBOL"}]},{"@type":"WebSite","@id":"https:\/\/apuntesdesanluis.com\/#website","url":"https:\/\/apuntesdesanluis.com\/","name":"Apuntes de San Luis","description":"","publisher":{"@id":"https:\/\/apuntesdesanluis.com\/#\/schema\/person\/b55151d52296fcce64d1a72538a70b90"},"potentialAction":[{"@type":"SearchAction","target":{"@type":"EntryPoint","urlTemplate":"https:\/\/apuntesdesanluis.com\/?s={search_term_string}"},"query-input":{"@type":"PropertyValueSpecification","valueRequired":true,"valueName":"search_term_string"}}],"inLanguage":"es-AR"},{"@type":["Person","Organization"],"@id":"https:\/\/apuntesdesanluis.com\/#\/schema\/person\/b55151d52296fcce64d1a72538a70b90","name":"apuntesdesanluis.com","image":{"@type":"ImageObject","inLanguage":"es-AR","@id":"https:\/\/apuntesdesanluis.com\/#\/schema\/person\/image\/","url":"https:\/\/apuntesdesanluis.com\/wp-content\/uploads\/2023\/07\/cropped-apuntesdesanluis.png","contentUrl":"https:\/\/apuntesdesanluis.com\/wp-content\/uploads\/2023\/07\/cropped-apuntesdesanluis.png","width":450,"height":112,"caption":"apuntesdesanluis.com"},"logo":{"@id":"https:\/\/apuntesdesanluis.com\/#\/schema\/person\/image\/"},"sameAs":["https:\/\/apuntesdesanluis.com"],"url":"https:\/\/apuntesdesanluis.com\/index.php\/author\/apuntesdesanluis-com\/"}]}},"featured_image_urls":{"full":["https:\/\/apuntesdesanluis.com\/wp-content\/uploads\/2024\/02\/COPA-DEL-MUNDO.png",600,354,false],"thumbnail":["https:\/\/apuntesdesanluis.com\/wp-content\/uploads\/2024\/02\/COPA-DEL-MUNDO-150x150.png",150,150,true],"medium":["https:\/\/apuntesdesanluis.com\/wp-content\/uploads\/2024\/02\/COPA-DEL-MUNDO-300x177.png",300,177,true],"medium_large":["https:\/\/apuntesdesanluis.com\/wp-content\/uploads\/2024\/02\/COPA-DEL-MUNDO.png",600,354,false],"large":["https:\/\/apuntesdesanluis.com\/wp-content\/uploads\/2024\/02\/COPA-DEL-MUNDO.png",600,354,false],"1536x1536":["https:\/\/apuntesdesanluis.com\/wp-content\/uploads\/2024\/02\/COPA-DEL-MUNDO.png",600,354,false],"2048x2048":["https:\/\/apuntesdesanluis.com\/wp-content\/uploads\/2024\/02\/COPA-DEL-MUNDO.png",600,354,false],"newsever-slider-full":["https:\/\/apuntesdesanluis.com\/wp-content\/uploads\/2024\/02\/COPA-DEL-MUNDO.png",600,354,false],"newsever-featured":["https:\/\/apuntesdesanluis.com\/wp-content\/uploads\/2024\/02\/COPA-DEL-MUNDO.png",600,354,false],"newsever-medium":["https:\/\/apuntesdesanluis.com\/wp-content\/uploads\/2024\/02\/COPA-DEL-MUNDO.png",600,354,false]},"author_info":{"display_name":"apuntesdesanluis.com","author_link":"https:\/\/apuntesdesanluis.com\/index.php\/author\/apuntesdesanluis-com\/"},"category_info":"<a href=\"https:\/\/apuntesdesanluis.com\/index.php\/category\/ciudad-provincia\/\" rel=\"category tag\">Ciudad\/Provincia<\/a>","tag_info":"Ciudad\/Provincia","comment_count":"0","_links":{"self":[{"href":"https:\/\/apuntesdesanluis.com\/index.php\/wp-json\/wp\/v2\/posts\/11710","targetHints":{"allow":["GET"]}}],"collection":[{"href":"https:\/\/apuntesdesanluis.com\/index.php\/wp-json\/wp\/v2\/posts"}],"about":[{"href":"https:\/\/apuntesdesanluis.com\/index.php\/wp-json\/wp\/v2\/types\/post"}],"author":[{"embeddable":true,"href":"https:\/\/apuntesdesanluis.com\/index.php\/wp-json\/wp\/v2\/users\/1"}],"replies":[{"embeddable":true,"href":"https:\/\/apuntesdesanluis.com\/index.php\/wp-json\/wp\/v2\/comments?post=11710"}],"version-history":[{"count":2,"href":"https:\/\/apuntesdesanluis.com\/index.php\/wp-json\/wp\/v2\/posts\/11710\/revisions"}],"predecessor-version":[{"id":11713,"href":"https:\/\/apuntesdesanluis.com\/index.php\/wp-json\/wp\/v2\/posts\/11710\/revisions\/11713"}],"wp:featuredmedia":[{"embeddable":true,"href":"https:\/\/apuntesdesanluis.com\/index.php\/wp-json\/wp\/v2\/media\/11711"}],"wp:attachment":[{"href":"https:\/\/apuntesdesanluis.com\/index.php\/wp-json\/wp\/v2\/media?parent=11710"}],"wp:term":[{"taxonomy":"category","embeddable":true,"href":"https:\/\/apuntesdesanluis.com\/index.php\/wp-json\/wp\/v2\/categories?post=11710"},{"taxonomy":"post_tag","embeddable":true,"href":"https:\/\/apuntesdesanluis.com\/index.php\/wp-json\/wp\/v2\/tags?post=11710"}],"curies":[{"name":"wp","href":"https:\/\/api.w.org\/{rel}","templated":true}]}}