{"id":11722,"date":"2024-02-14T20:10:34","date_gmt":"2024-02-14T23:10:34","guid":{"rendered":"https:\/\/apuntesdesanluis.com\/?p=11722"},"modified":"2024-02-14T20:10:34","modified_gmt":"2024-02-14T23:10:34","slug":"naschel-nueve-anos-y-medio-de-prision-para-un-hombre-acusado-de-abusar-sexualmente-de-su-hija","status":"publish","type":"post","link":"https:\/\/apuntesdesanluis.com\/index.php\/2024\/02\/14\/naschel-nueve-anos-y-medio-de-prision-para-un-hombre-acusado-de-abusar-sexualmente-de-su-hija\/","title":{"rendered":"NASCHEL: NUEVE A\u00d1OS Y MEDIO DE PRISI\u00d3N PARA UN HOMBRE ACUSADO DE ABUSAR SEXUALMENTE DE SU HIJA"},"content":{"rendered":"<h3><strong>D.G.<\/strong> fue declarado culpable como autor material y penalmente responsable del delito de abuso sexual con acceso carnal, agravado por el v\u00ednculo y por ser el encargado de la guarda.<\/h3>\n<h3>Este mi\u00e9rcoles, el tribunal de juicio de la Tercera Circunscripci\u00f3n Judicial emiti\u00f3 veredicto condenatorio en contra de D.G., un hombre de 27 a\u00f1os acusado de abusar sexualmente de su hija menor de edad.<\/h3>\n<h3>Los hechos ocurrieron en la localidad de Naschel en 2022, y la denuncia fue radicada por la madre de la ni\u00f1a en noviembre de ese a\u00f1o, luego de que la peque\u00f1a le contara lo que su pap\u00e1 le hac\u00eda.<\/h3>\n<h3>En los alegatos de clausura, los representantes del Ministerio P\u00fablico Fiscal, Mario Zudaire y D\u00e9bora Roy Gitto, refirieron que la menor damnificada es fruto de la relaci\u00f3n entre D.G. y la denunciante. Tras la separaci\u00f3n de la pareja, el imputado se mud\u00f3 a la casa de sus padres donde quedaba al cuidado de su hija durante la noche cuando la madre de la ni\u00f1a se iba a trabajar.<\/h3>\n<h3>Para la fiscal\u00eda, una de las pruebas contundentes para la causa fue la declaraci\u00f3n de la peque\u00f1a en C\u00e1mara Gesell, donde brind\u00f3 detalles precisos de c\u00f3mo ocurrieron los ultrajes, consistentes en maniobras digitales en la zona anal. Tambi\u00e9n se\u00f1alaron el informe de un pediatra judicial quien, al momento del examen m\u00e9dico, constat\u00f3 lesiones en dicha zona compatibles con manipulaci\u00f3n cr\u00f3nica.<\/h3>\n<h3>Asimismo, mencionaron la pericia psicol\u00f3gico-psiquiatra practicada al acusado, en cuyo informe, los peritos judiciales refirieron observar indicadores de perturbaci\u00f3n vinculados a la esfera de lo sexual.<\/h3>\n<h3>Por todo ello, solicitaron que, al momento de dictar sentencia, D.G. fuera condenado a la pena de 15 a\u00f1os de prisi\u00f3n como autor del delito de abuso sexual con acceso carnal, agravado por el v\u00ednculo y por ser el encargado de la guarda.<\/h3>\n<h3>Como atenuantes de la calificaci\u00f3n legal, consideraron la ausencia de antecedentes penales computables y, como agravantes, el modo de comisi\u00f3n del delito, el aprovechamiento de las circunstancias para cometer el mismo y la extensi\u00f3n del da\u00f1o causado.<\/h3>\n<h3><img fetchpriority=\"high\" decoding=\"async\" class=\"wp-image-11724 aligncenter\" src=\"https:\/\/apuntesdesanluis.com\/wp-content\/uploads\/2024\/02\/jueces-300x202.png\" alt=\"\" width=\"604\" height=\"407\" srcset=\"https:\/\/apuntesdesanluis.com\/wp-content\/uploads\/2024\/02\/jueces-300x202.png 300w, https:\/\/apuntesdesanluis.com\/wp-content\/uploads\/2024\/02\/jueces.png 581w\" sizes=\"(max-width: 604px) 100vw, 604px\" \/><\/h3>\n<h3>Tanto la abogada querellante, Guadalupe S\u00e1nchez; como la Defensora de Ni\u00f1ez, Gabriela L\u00b4Huillier y su par adjunta, Mar\u00eda Luz V\u00edlchez; adhirieron a la acusaci\u00f3n fiscal y al monto de la pena requerida. En ambos casos, las letradas hicieron especial \u00e9nfasis en el testimonio ofrecido por la v\u00edctima en C\u00e1mara Gesell quien, pese a su corta edad (cinco a\u00f1os al momento de la pericia), pudo expresar con claridad el trauma sufrido, trat\u00e1ndose de un relato espont\u00e1neo y preciso que fue respaldado por peritos y profesionales intervinientes.<\/h3>\n<h3>En contrapartida, la abogada defensora, Antonella Zangl\u00e1, manifest\u00f3 que hubo numerosas contradicciones en la denuncia efectuada por la madre de la menor, reprochando el tiempo que demor\u00f3 en radicar la misma, puesto que la ni\u00f1a le confes\u00f3 sobre los presuntos ultrajes el 27 de septiembre de 2022 y la denuncia fue realizada el 1 de noviembre de ese a\u00f1o. Al respecto, hizo referencia al primer examen m\u00e9dico practicado a la menor por su pediatra de cabecera en fecha 28 de septiembre de 2022, quien no inform\u00f3 sobre ning\u00fan tipo de lesi\u00f3n, a diferencia del pediatra judicial que intervino luego de la denuncia. En ese sentido, indic\u00f3 que, en esos 35 d\u00edas previos a judicializaci\u00f3n del caso, su defendido nunca qued\u00f3 a solas con la ni\u00f1a y que, por lo tanto, no pod\u00eda ser el autor de tales lesiones.<\/h3>\n<h3>Por otra parte, se\u00f1al\u00f3 que la habitaci\u00f3n donde D.G. dorm\u00eda con su hija no ten\u00eda puerta y que las dimensiones de la vivienda en general eran peque\u00f1as, motivo por el cual era imposible la intimidad y la reserva en dicho lugar.<\/h3>\n<h3>Por todo ello, sostuvo la inocencia absoluta de su defendido respecto de los hechos atribu\u00eddos, solicitando su absoluci\u00f3n.<\/h3>\n<h3>Finalizados los alegatos, el tribunal integrado por los Dres. Daniel Sanchi\u00f1o, Sandra Piguillem y Mar\u00eda Claudia Uccello, resolvi\u00f3 declarar a D.G. culpable como autor material y penalmente responsable del delito de abuso sexual con acceso carnal agravado por el v\u00ednculo y por ser el encargado de la guarda, en perjuicio de su hija V.G., conden\u00e1ndolo a sufrir la pena de 9 a\u00f1os y 6 meses de prisi\u00f3n, accesorias de ley y costas procesales.<\/h3>\n<p>&nbsp;<\/p>\n<p>&nbsp;<\/p>\n<p>&nbsp;<\/p>\n","protected":false},"excerpt":{"rendered":"<p>D.G. fue declarado culpable como autor material y penalmente responsable del delito de abuso sexual&#8230;<\/p>\n","protected":false},"author":1,"featured_media":11723,"comment_status":"closed","ping_status":"closed","sticky":false,"template":"","format":"standard","meta":{"footnotes":""},"categories":[6],"tags":[],"class_list":["post-11722","post","type-post","status-publish","format-standard","has-post-thumbnail","hentry","category-ciudad-provincia"],"yoast_head":"<!-- This site is optimized with the Yoast SEO plugin v26.1.1 - https:\/\/yoast.com\/wordpress\/plugins\/seo\/ -->\n<title>NASCHEL: NUEVE A\u00d1OS Y MEDIO DE PRISI\u00d3N PARA UN HOMBRE ACUSADO DE ABUSAR SEXUALMENTE DE SU HIJA - Apuntes de San Luis<\/title>\n<meta name=\"robots\" content=\"index, follow, max-snippet:-1, max-image-preview:large, max-video-preview:-1\" \/>\n<link rel=\"canonical\" href=\"https:\/\/apuntesdesanluis.com\/index.php\/2024\/02\/14\/naschel-nueve-anos-y-medio-de-prision-para-un-hombre-acusado-de-abusar-sexualmente-de-su-hija\/\" \/>\n<meta property=\"og:locale\" content=\"es_ES\" \/>\n<meta property=\"og:type\" content=\"article\" \/>\n<meta property=\"og:title\" content=\"NASCHEL: NUEVE A\u00d1OS Y MEDIO DE PRISI\u00d3N PARA UN HOMBRE ACUSADO DE ABUSAR SEXUALMENTE DE SU HIJA - Apuntes de San Luis\" \/>\n<meta property=\"og:description\" content=\"D.G. fue declarado culpable como autor material y penalmente responsable del delito de abuso sexual...\" \/>\n<meta property=\"og:url\" content=\"https:\/\/apuntesdesanluis.com\/index.php\/2024\/02\/14\/naschel-nueve-anos-y-medio-de-prision-para-un-hombre-acusado-de-abusar-sexualmente-de-su-hija\/\" \/>\n<meta property=\"og:site_name\" content=\"Apuntes de San Luis\" \/>\n<meta property=\"article:published_time\" content=\"2024-02-14T23:10:34+00:00\" \/>\n<meta property=\"og:image\" content=\"https:\/\/apuntesdesanluis.com\/wp-content\/uploads\/2024\/02\/juicio-1.png\" \/>\n\t<meta property=\"og:image:width\" content=\"600\" \/>\n\t<meta property=\"og:image:height\" content=\"388\" \/>\n\t<meta property=\"og:image:type\" content=\"image\/png\" \/>\n<meta name=\"author\" content=\"apuntesdesanluis.com\" \/>\n<meta name=\"twitter:card\" content=\"summary_large_image\" \/>\n<meta name=\"twitter:label1\" content=\"Escrito por\" \/>\n\t<meta name=\"twitter:data1\" content=\"apuntesdesanluis.com\" \/>\n\t<meta name=\"twitter:label2\" content=\"Tiempo de lectura\" \/>\n\t<meta name=\"twitter:data2\" content=\"4 minutos\" \/>\n<script type=\"application\/ld+json\" class=\"yoast-schema-graph\">{\"@context\":\"https:\/\/schema.org\",\"@graph\":[{\"@type\":\"Article\",\"@id\":\"https:\/\/apuntesdesanluis.com\/index.php\/2024\/02\/14\/naschel-nueve-anos-y-medio-de-prision-para-un-hombre-acusado-de-abusar-sexualmente-de-su-hija\/#article\",\"isPartOf\":{\"@id\":\"https:\/\/apuntesdesanluis.com\/index.php\/2024\/02\/14\/naschel-nueve-anos-y-medio-de-prision-para-un-hombre-acusado-de-abusar-sexualmente-de-su-hija\/\"},\"author\":{\"name\":\"apuntesdesanluis.com\",\"@id\":\"https:\/\/apuntesdesanluis.com\/#\/schema\/person\/b55151d52296fcce64d1a72538a70b90\"},\"headline\":\"NASCHEL: NUEVE A\u00d1OS Y MEDIO DE PRISI\u00d3N PARA UN HOMBRE ACUSADO DE ABUSAR SEXUALMENTE DE SU HIJA\",\"datePublished\":\"2024-02-14T23:10:34+00:00\",\"mainEntityOfPage\":{\"@id\":\"https:\/\/apuntesdesanluis.com\/index.php\/2024\/02\/14\/naschel-nueve-anos-y-medio-de-prision-para-un-hombre-acusado-de-abusar-sexualmente-de-su-hija\/\"},\"wordCount\":774,\"publisher\":{\"@id\":\"https:\/\/apuntesdesanluis.com\/#\/schema\/person\/b55151d52296fcce64d1a72538a70b90\"},\"image\":{\"@id\":\"https:\/\/apuntesdesanluis.com\/index.php\/2024\/02\/14\/naschel-nueve-anos-y-medio-de-prision-para-un-hombre-acusado-de-abusar-sexualmente-de-su-hija\/#primaryimage\"},\"thumbnailUrl\":\"https:\/\/apuntesdesanluis.com\/wp-content\/uploads\/2024\/02\/juicio-1.png\",\"articleSection\":[\"Ciudad\/Provincia\"],\"inLanguage\":\"es-AR\"},{\"@type\":\"WebPage\",\"@id\":\"https:\/\/apuntesdesanluis.com\/index.php\/2024\/02\/14\/naschel-nueve-anos-y-medio-de-prision-para-un-hombre-acusado-de-abusar-sexualmente-de-su-hija\/\",\"url\":\"https:\/\/apuntesdesanluis.com\/index.php\/2024\/02\/14\/naschel-nueve-anos-y-medio-de-prision-para-un-hombre-acusado-de-abusar-sexualmente-de-su-hija\/\",\"name\":\"NASCHEL: NUEVE A\u00d1OS Y MEDIO DE PRISI\u00d3N PARA UN HOMBRE ACUSADO DE ABUSAR SEXUALMENTE DE SU HIJA - Apuntes de San Luis\",\"isPartOf\":{\"@id\":\"https:\/\/apuntesdesanluis.com\/#website\"},\"primaryImageOfPage\":{\"@id\":\"https:\/\/apuntesdesanluis.com\/index.php\/2024\/02\/14\/naschel-nueve-anos-y-medio-de-prision-para-un-hombre-acusado-de-abusar-sexualmente-de-su-hija\/#primaryimage\"},\"image\":{\"@id\":\"https:\/\/apuntesdesanluis.com\/index.php\/2024\/02\/14\/naschel-nueve-anos-y-medio-de-prision-para-un-hombre-acusado-de-abusar-sexualmente-de-su-hija\/#primaryimage\"},\"thumbnailUrl\":\"https:\/\/apuntesdesanluis.com\/wp-content\/uploads\/2024\/02\/juicio-1.png\",\"datePublished\":\"2024-02-14T23:10:34+00:00\",\"breadcrumb\":{\"@id\":\"https:\/\/apuntesdesanluis.com\/index.php\/2024\/02\/14\/naschel-nueve-anos-y-medio-de-prision-para-un-hombre-acusado-de-abusar-sexualmente-de-su-hija\/#breadcrumb\"},\"inLanguage\":\"es-AR\",\"potentialAction\":[{\"@type\":\"ReadAction\",\"target\":[\"https:\/\/apuntesdesanluis.com\/index.php\/2024\/02\/14\/naschel-nueve-anos-y-medio-de-prision-para-un-hombre-acusado-de-abusar-sexualmente-de-su-hija\/\"]}]},{\"@type\":\"ImageObject\",\"inLanguage\":\"es-AR\",\"@id\":\"https:\/\/apuntesdesanluis.com\/index.php\/2024\/02\/14\/naschel-nueve-anos-y-medio-de-prision-para-un-hombre-acusado-de-abusar-sexualmente-de-su-hija\/#primaryimage\",\"url\":\"https:\/\/apuntesdesanluis.com\/wp-content\/uploads\/2024\/02\/juicio-1.png\",\"contentUrl\":\"https:\/\/apuntesdesanluis.com\/wp-content\/uploads\/2024\/02\/juicio-1.png\",\"width\":600,\"height\":388},{\"@type\":\"BreadcrumbList\",\"@id\":\"https:\/\/apuntesdesanluis.com\/index.php\/2024\/02\/14\/naschel-nueve-anos-y-medio-de-prision-para-un-hombre-acusado-de-abusar-sexualmente-de-su-hija\/#breadcrumb\",\"itemListElement\":[{\"@type\":\"ListItem\",\"position\":1,\"name\":\"Inicio\",\"item\":\"https:\/\/apuntesdesanluis.com\/\"},{\"@type\":\"ListItem\",\"position\":2,\"name\":\"NASCHEL: NUEVE A\u00d1OS Y MEDIO DE PRISI\u00d3N PARA UN HOMBRE ACUSADO DE ABUSAR SEXUALMENTE DE SU HIJA\"}]},{\"@type\":\"WebSite\",\"@id\":\"https:\/\/apuntesdesanluis.com\/#website\",\"url\":\"https:\/\/apuntesdesanluis.com\/\",\"name\":\"Apuntes de San Luis\",\"description\":\"\",\"publisher\":{\"@id\":\"https:\/\/apuntesdesanluis.com\/#\/schema\/person\/b55151d52296fcce64d1a72538a70b90\"},\"potentialAction\":[{\"@type\":\"SearchAction\",\"target\":{\"@type\":\"EntryPoint\",\"urlTemplate\":\"https:\/\/apuntesdesanluis.com\/?s={search_term_string}\"},\"query-input\":{\"@type\":\"PropertyValueSpecification\",\"valueRequired\":true,\"valueName\":\"search_term_string\"}}],\"inLanguage\":\"es-AR\"},{\"@type\":[\"Person\",\"Organization\"],\"@id\":\"https:\/\/apuntesdesanluis.com\/#\/schema\/person\/b55151d52296fcce64d1a72538a70b90\",\"name\":\"apuntesdesanluis.com\",\"image\":{\"@type\":\"ImageObject\",\"inLanguage\":\"es-AR\",\"@id\":\"https:\/\/apuntesdesanluis.com\/#\/schema\/person\/image\/\",\"url\":\"https:\/\/apuntesdesanluis.com\/wp-content\/uploads\/2023\/07\/cropped-apuntesdesanluis.png\",\"contentUrl\":\"https:\/\/apuntesdesanluis.com\/wp-content\/uploads\/2023\/07\/cropped-apuntesdesanluis.png\",\"width\":450,\"height\":112,\"caption\":\"apuntesdesanluis.com\"},\"logo\":{\"@id\":\"https:\/\/apuntesdesanluis.com\/#\/schema\/person\/image\/\"},\"sameAs\":[\"https:\/\/apuntesdesanluis.com\"],\"url\":\"https:\/\/apuntesdesanluis.com\/index.php\/author\/apuntesdesanluis-com\/\"}]}<\/script>\n<!-- \/ Yoast SEO plugin. -->","yoast_head_json":{"title":"NASCHEL: NUEVE A\u00d1OS Y MEDIO DE PRISI\u00d3N PARA UN HOMBRE ACUSADO DE ABUSAR SEXUALMENTE DE SU HIJA - Apuntes de San Luis","robots":{"index":"index","follow":"follow","max-snippet":"max-snippet:-1","max-image-preview":"max-image-preview:large","max-video-preview":"max-video-preview:-1"},"canonical":"https:\/\/apuntesdesanluis.com\/index.php\/2024\/02\/14\/naschel-nueve-anos-y-medio-de-prision-para-un-hombre-acusado-de-abusar-sexualmente-de-su-hija\/","og_locale":"es_ES","og_type":"article","og_title":"NASCHEL: NUEVE A\u00d1OS Y MEDIO DE PRISI\u00d3N PARA UN HOMBRE ACUSADO DE ABUSAR SEXUALMENTE DE SU HIJA - Apuntes de San Luis","og_description":"D.G. fue declarado culpable como autor material y penalmente responsable del delito de abuso sexual...","og_url":"https:\/\/apuntesdesanluis.com\/index.php\/2024\/02\/14\/naschel-nueve-anos-y-medio-de-prision-para-un-hombre-acusado-de-abusar-sexualmente-de-su-hija\/","og_site_name":"Apuntes de San Luis","article_published_time":"2024-02-14T23:10:34+00:00","og_image":[{"width":600,"height":388,"url":"https:\/\/apuntesdesanluis.com\/wp-content\/uploads\/2024\/02\/juicio-1.png","type":"image\/png"}],"author":"apuntesdesanluis.com","twitter_card":"summary_large_image","twitter_misc":{"Escrito por":"apuntesdesanluis.com","Tiempo de lectura":"4 minutos"},"schema":{"@context":"https:\/\/schema.org","@graph":[{"@type":"Article","@id":"https:\/\/apuntesdesanluis.com\/index.php\/2024\/02\/14\/naschel-nueve-anos-y-medio-de-prision-para-un-hombre-acusado-de-abusar-sexualmente-de-su-hija\/#article","isPartOf":{"@id":"https:\/\/apuntesdesanluis.com\/index.php\/2024\/02\/14\/naschel-nueve-anos-y-medio-de-prision-para-un-hombre-acusado-de-abusar-sexualmente-de-su-hija\/"},"author":{"name":"apuntesdesanluis.com","@id":"https:\/\/apuntesdesanluis.com\/#\/schema\/person\/b55151d52296fcce64d1a72538a70b90"},"headline":"NASCHEL: NUEVE A\u00d1OS Y MEDIO DE PRISI\u00d3N PARA UN HOMBRE ACUSADO DE ABUSAR SEXUALMENTE DE SU HIJA","datePublished":"2024-02-14T23:10:34+00:00","mainEntityOfPage":{"@id":"https:\/\/apuntesdesanluis.com\/index.php\/2024\/02\/14\/naschel-nueve-anos-y-medio-de-prision-para-un-hombre-acusado-de-abusar-sexualmente-de-su-hija\/"},"wordCount":774,"publisher":{"@id":"https:\/\/apuntesdesanluis.com\/#\/schema\/person\/b55151d52296fcce64d1a72538a70b90"},"image":{"@id":"https:\/\/apuntesdesanluis.com\/index.php\/2024\/02\/14\/naschel-nueve-anos-y-medio-de-prision-para-un-hombre-acusado-de-abusar-sexualmente-de-su-hija\/#primaryimage"},"thumbnailUrl":"https:\/\/apuntesdesanluis.com\/wp-content\/uploads\/2024\/02\/juicio-1.png","articleSection":["Ciudad\/Provincia"],"inLanguage":"es-AR"},{"@type":"WebPage","@id":"https:\/\/apuntesdesanluis.com\/index.php\/2024\/02\/14\/naschel-nueve-anos-y-medio-de-prision-para-un-hombre-acusado-de-abusar-sexualmente-de-su-hija\/","url":"https:\/\/apuntesdesanluis.com\/index.php\/2024\/02\/14\/naschel-nueve-anos-y-medio-de-prision-para-un-hombre-acusado-de-abusar-sexualmente-de-su-hija\/","name":"NASCHEL: NUEVE A\u00d1OS Y MEDIO DE PRISI\u00d3N PARA UN HOMBRE ACUSADO DE ABUSAR SEXUALMENTE DE SU HIJA - Apuntes de San Luis","isPartOf":{"@id":"https:\/\/apuntesdesanluis.com\/#website"},"primaryImageOfPage":{"@id":"https:\/\/apuntesdesanluis.com\/index.php\/2024\/02\/14\/naschel-nueve-anos-y-medio-de-prision-para-un-hombre-acusado-de-abusar-sexualmente-de-su-hija\/#primaryimage"},"image":{"@id":"https:\/\/apuntesdesanluis.com\/index.php\/2024\/02\/14\/naschel-nueve-anos-y-medio-de-prision-para-un-hombre-acusado-de-abusar-sexualmente-de-su-hija\/#primaryimage"},"thumbnailUrl":"https:\/\/apuntesdesanluis.com\/wp-content\/uploads\/2024\/02\/juicio-1.png","datePublished":"2024-02-14T23:10:34+00:00","breadcrumb":{"@id":"https:\/\/apuntesdesanluis.com\/index.php\/2024\/02\/14\/naschel-nueve-anos-y-medio-de-prision-para-un-hombre-acusado-de-abusar-sexualmente-de-su-hija\/#breadcrumb"},"inLanguage":"es-AR","potentialAction":[{"@type":"ReadAction","target":["https:\/\/apuntesdesanluis.com\/index.php\/2024\/02\/14\/naschel-nueve-anos-y-medio-de-prision-para-un-hombre-acusado-de-abusar-sexualmente-de-su-hija\/"]}]},{"@type":"ImageObject","inLanguage":"es-AR","@id":"https:\/\/apuntesdesanluis.com\/index.php\/2024\/02\/14\/naschel-nueve-anos-y-medio-de-prision-para-un-hombre-acusado-de-abusar-sexualmente-de-su-hija\/#primaryimage","url":"https:\/\/apuntesdesanluis.com\/wp-content\/uploads\/2024\/02\/juicio-1.png","contentUrl":"https:\/\/apuntesdesanluis.com\/wp-content\/uploads\/2024\/02\/juicio-1.png","width":600,"height":388},{"@type":"BreadcrumbList","@id":"https:\/\/apuntesdesanluis.com\/index.php\/2024\/02\/14\/naschel-nueve-anos-y-medio-de-prision-para-un-hombre-acusado-de-abusar-sexualmente-de-su-hija\/#breadcrumb","itemListElement":[{"@type":"ListItem","position":1,"name":"Inicio","item":"https:\/\/apuntesdesanluis.com\/"},{"@type":"ListItem","position":2,"name":"NASCHEL: NUEVE A\u00d1OS Y MEDIO DE PRISI\u00d3N PARA UN HOMBRE ACUSADO DE ABUSAR SEXUALMENTE DE SU HIJA"}]},{"@type":"WebSite","@id":"https:\/\/apuntesdesanluis.com\/#website","url":"https:\/\/apuntesdesanluis.com\/","name":"Apuntes de San Luis","description":"","publisher":{"@id":"https:\/\/apuntesdesanluis.com\/#\/schema\/person\/b55151d52296fcce64d1a72538a70b90"},"potentialAction":[{"@type":"SearchAction","target":{"@type":"EntryPoint","urlTemplate":"https:\/\/apuntesdesanluis.com\/?s={search_term_string}"},"query-input":{"@type":"PropertyValueSpecification","valueRequired":true,"valueName":"search_term_string"}}],"inLanguage":"es-AR"},{"@type":["Person","Organization"],"@id":"https:\/\/apuntesdesanluis.com\/#\/schema\/person\/b55151d52296fcce64d1a72538a70b90","name":"apuntesdesanluis.com","image":{"@type":"ImageObject","inLanguage":"es-AR","@id":"https:\/\/apuntesdesanluis.com\/#\/schema\/person\/image\/","url":"https:\/\/apuntesdesanluis.com\/wp-content\/uploads\/2023\/07\/cropped-apuntesdesanluis.png","contentUrl":"https:\/\/apuntesdesanluis.com\/wp-content\/uploads\/2023\/07\/cropped-apuntesdesanluis.png","width":450,"height":112,"caption":"apuntesdesanluis.com"},"logo":{"@id":"https:\/\/apuntesdesanluis.com\/#\/schema\/person\/image\/"},"sameAs":["https:\/\/apuntesdesanluis.com"],"url":"https:\/\/apuntesdesanluis.com\/index.php\/author\/apuntesdesanluis-com\/"}]}},"featured_image_urls":{"full":["https:\/\/apuntesdesanluis.com\/wp-content\/uploads\/2024\/02\/juicio-1.png",600,388,false],"thumbnail":["https:\/\/apuntesdesanluis.com\/wp-content\/uploads\/2024\/02\/juicio-1-150x150.png",150,150,true],"medium":["https:\/\/apuntesdesanluis.com\/wp-content\/uploads\/2024\/02\/juicio-1-300x194.png",300,194,true],"medium_large":["https:\/\/apuntesdesanluis.com\/wp-content\/uploads\/2024\/02\/juicio-1.png",600,388,false],"large":["https:\/\/apuntesdesanluis.com\/wp-content\/uploads\/2024\/02\/juicio-1.png",600,388,false],"1536x1536":["https:\/\/apuntesdesanluis.com\/wp-content\/uploads\/2024\/02\/juicio-1.png",600,388,false],"2048x2048":["https:\/\/apuntesdesanluis.com\/wp-content\/uploads\/2024\/02\/juicio-1.png",600,388,false],"newsever-slider-full":["https:\/\/apuntesdesanluis.com\/wp-content\/uploads\/2024\/02\/juicio-1.png",600,388,false],"newsever-featured":["https:\/\/apuntesdesanluis.com\/wp-content\/uploads\/2024\/02\/juicio-1.png",600,388,false],"newsever-medium":["https:\/\/apuntesdesanluis.com\/wp-content\/uploads\/2024\/02\/juicio-1.png",600,388,false]},"author_info":{"display_name":"apuntesdesanluis.com","author_link":"https:\/\/apuntesdesanluis.com\/index.php\/author\/apuntesdesanluis-com\/"},"category_info":"<a href=\"https:\/\/apuntesdesanluis.com\/index.php\/category\/ciudad-provincia\/\" rel=\"category tag\">Ciudad\/Provincia<\/a>","tag_info":"Ciudad\/Provincia","comment_count":"0","_links":{"self":[{"href":"https:\/\/apuntesdesanluis.com\/index.php\/wp-json\/wp\/v2\/posts\/11722","targetHints":{"allow":["GET"]}}],"collection":[{"href":"https:\/\/apuntesdesanluis.com\/index.php\/wp-json\/wp\/v2\/posts"}],"about":[{"href":"https:\/\/apuntesdesanluis.com\/index.php\/wp-json\/wp\/v2\/types\/post"}],"author":[{"embeddable":true,"href":"https:\/\/apuntesdesanluis.com\/index.php\/wp-json\/wp\/v2\/users\/1"}],"replies":[{"embeddable":true,"href":"https:\/\/apuntesdesanluis.com\/index.php\/wp-json\/wp\/v2\/comments?post=11722"}],"version-history":[{"count":1,"href":"https:\/\/apuntesdesanluis.com\/index.php\/wp-json\/wp\/v2\/posts\/11722\/revisions"}],"predecessor-version":[{"id":11725,"href":"https:\/\/apuntesdesanluis.com\/index.php\/wp-json\/wp\/v2\/posts\/11722\/revisions\/11725"}],"wp:featuredmedia":[{"embeddable":true,"href":"https:\/\/apuntesdesanluis.com\/index.php\/wp-json\/wp\/v2\/media\/11723"}],"wp:attachment":[{"href":"https:\/\/apuntesdesanluis.com\/index.php\/wp-json\/wp\/v2\/media?parent=11722"}],"wp:term":[{"taxonomy":"category","embeddable":true,"href":"https:\/\/apuntesdesanluis.com\/index.php\/wp-json\/wp\/v2\/categories?post=11722"},{"taxonomy":"post_tag","embeddable":true,"href":"https:\/\/apuntesdesanluis.com\/index.php\/wp-json\/wp\/v2\/tags?post=11722"}],"curies":[{"name":"wp","href":"https:\/\/api.w.org\/{rel}","templated":true}]}}