{"id":11750,"date":"2024-02-15T20:34:07","date_gmt":"2024-02-15T23:34:07","guid":{"rendered":"https:\/\/apuntesdesanluis.com\/?p=11750"},"modified":"2024-02-15T20:34:07","modified_gmt":"2024-02-15T23:34:07","slug":"el-gobierno-y-17-universidades-e-institutos-trabajan-para-articular-la-secundaria-con-el-nivel-superior","status":"publish","type":"post","link":"https:\/\/apuntesdesanluis.com\/index.php\/2024\/02\/15\/el-gobierno-y-17-universidades-e-institutos-trabajan-para-articular-la-secundaria-con-el-nivel-superior\/","title":{"rendered":"EL GOBIERNO Y 17 UNIVERSIDADES E INSTITUTOS TRABAJAN PARA ARTICULAR LA SECUNDARIA CON EL NIVEL SUPERIOR"},"content":{"rendered":"<h3>Participaron casas de estudio nacionales y provinciales, tanto de gesti\u00f3n privada como p\u00fablica. \u201cQueremos que m\u00e1s chicos de nuestros secundarios puedan concluir sus estudios superiores\u201d, sintetiz\u00f3 el gobernador, <strong>Claudio Poggi<\/strong>.<\/h3>\n<h3>Uno de los cuatro grandes ejes que orientar\u00e1n la pol\u00edtica educativa entre 2024 y 2027 consistir\u00e1 en profundizar la articulaci\u00f3n del nivel secundario con los estudios superiores, con un horizonte m\u00e1s amplio: una mejor inserci\u00f3n en el mundo laboral. Para empezar a trabajar en acciones concretas, este jueves el gobernador Claudio Poggi y el ministro de Educaci\u00f3n, <strong>Guillermo Araujo<\/strong>, encabezaron un encuentro al que fueron invitadas 17 instituciones educativas de la provincia, entre ellas, universidades nacionales y provinciales e institutos de formaci\u00f3n, tanto de gesti\u00f3n p\u00fablica como privada.<\/h3>\n<h3>En un mes, seg\u00fan acordaron, volver\u00e1n a reunirse para evaluar los avances y continuar la tarea.<\/h3>\n<p><iframe title=\"Guillermo Araujo, ministro de Educaci\u00f3n\" width=\"640\" height=\"360\" src=\"https:\/\/www.youtube.com\/embed\/VZG1GtrIKdg?feature=oembed\" frameborder=\"0\" allow=\"accelerometer; autoplay; clipboard-write; encrypted-media; gyroscope; picture-in-picture; web-share\" referrerpolicy=\"strict-origin-when-cross-origin\" allowfullscreen><\/iframe><\/p>\n<h3>En la presentaci\u00f3n del encuentro, el Gobernador dijo que el prop\u00f3sito es construir \u201cmejores v\u00ednculos desde lo pedag\u00f3gico e institucional\u201d, entre la secundaria y el nivel superior. \u201cQueremos que m\u00e1s chicos de nuestros secundarios puedan concluir sus estudios superiores, que no se traben de entrada, se frustren o no est\u00e9n preparados para afrontar el desaf\u00edo que implica elegir una carrera de nivel superior, poder transitarla del mejor modo posible y recibirse\u201d, dijo el Primer mandatario.<\/h3>\n<h3>Para poder lograr ese objetivo, es decir, acompa\u00f1ar el ingreso, la permanencia y la finalizaci\u00f3n de la carrera universitaria, \u201cnecesitamos eliminar todas las barreras que haya, por ejemplo las pedag\u00f3gicas y las de informaci\u00f3n en cuanto a oferta acad\u00e9mica, y tambi\u00e9n las econ\u00f3micas\u201d, enumer\u00f3 Araujo. Y refiri\u00f3 que al respecto de ese \u00faltimo obst\u00e1culo, el econ\u00f3mico, el Gobierno provincial ya puso en marcha una acci\u00f3n puntual con el relanzamiento de la Beca al M\u00e9rito, que reconoce a los estudiantes que tienen los mejores promedios con un incentivo de $200.000 mensuales para que puedan solventar ciertos gastos mientras cursan la carrera elegida.<\/h3>\n<h3>En el encuentro estuvieron el vicerrector de la Universidad Nacional de San Luis (UNSL), H\u00e9ctor Flores; el rector de la Universidad Provincial de Oficios (UPrO), Rudy Camera; el rector interventor de la Universidad de La Punta (ULP), Luis Quintas; el rector de la Universidad Nacional de Villa Mercedes (UNViMe), Marcelo Sosa; y la rectora de la Universidad Nacional de Los Comechingones (UNLC), Agustina Rodr\u00edguez Sa\u00e1.<\/h3>\n<p><iframe title=\"H\u00e9ctor Flores, vicerrector de la UNSL\" width=\"640\" height=\"360\" src=\"https:\/\/www.youtube.com\/embed\/Pl8PP-9XHSM?feature=oembed\" frameborder=\"0\" allow=\"accelerometer; autoplay; clipboard-write; encrypted-media; gyroscope; picture-in-picture; web-share\" referrerpolicy=\"strict-origin-when-cross-origin\" allowfullscreen><\/iframe><\/p>\n<h3>Tambi\u00e9n integraron la mesa de trabajo la rectora del Instituto de Formaci\u00f3n Docente Continua de San Luis (IFDC-SL), Flavia Morales; la rectora del Instituto de Formaci\u00f3n Docente de Villa Mercedes (IFDC-VM), Milena Damario; y los rectores de los Institutos Superiores de Educaci\u00f3n e Innovaci\u00f3n (ISEeI) de Santa Rosa del Conlara y San Francisco, del Monte de Oro, A\u00edda Alba Spinosa Casta\u00f1o y Gabriel Malizeski, respectivamente.<\/h3>\n<h3>Adem\u00e1s, asistieron la rectora del Instituto Superior \u2018Nuestra Se\u00f1ora del Carmen\u2019 de Villa Mercedes, Claudia Bogino; su par del Instituto Superior \u2018San Jos\u00e9\u2019 de Quines, Jessica Falc\u00f3n; el rector del Instituto Superior \u2018Monse\u00f1or Orzali\u2019 de Merlo, padre Sergio Kunz; y la rectora del Instituto de Formaci\u00f3n Docente Continua \u2018Juan Pascual Pringles\u2019 de San Luis, Ana Mar\u00eda Maldonado.<\/h3>\n<h3>En representaci\u00f3n de la Universidad Cat\u00f3lica de Cuyo (UCCuyo) asisti\u00f3 Georgina Rallo y por el Instituto Superior de Innovaci\u00f3n Tecnol\u00f3gica (ISIET) de San Luis estuvo su rectora, Isabel Rinaudo. Tambi\u00e9n fueron invitados el Instituto Superior de Educaci\u00f3n F\u00edsica (ISEF) de San Luis y el Instituto Cultural Argentino de Villa Mercedes.<\/h3>\n<h3>\u201cLo primero que rescato es la convocatoria que en s\u00ed misma define una vocaci\u00f3n de di\u00e1logo y una mirada que, en tiempos complejos como los que vivimos, la soluci\u00f3n es que articulemos, que nos integremos y fortalezcamos los esfuerzos conjuntos. Porque eso nos va a hacer mejores y nos va a dar una escala que nos permitir\u00e1 remediar temas que hasta el d\u00eda de hoy no se han podido resolver, como la integraci\u00f3n de la educaci\u00f3n universitaria o superior con el nivel medio\u201d, expres\u00f3 el vicerrector de la UNSL.<\/h3>\n<h3>Coment\u00f3 que la agenda de trabajo conformada en base a lo planteado por los referentes de las instituciones incluye el fortalecimiento de la formaci\u00f3n de los docentes y en particular de los estudiantes que van a dar el salto entre un nivel y el otro. \u201cPese a que la universidad, a trav\u00e9s del Programa de Ingreso y Permanencia de los Estudiantes (PIPE), da cursos de ingreso nivelatorios, no eliminatorios, el salto sigue siendo largo y complejo. Ah\u00ed tenemos que trabajar en una metodolog\u00eda distinta, que permita a lo mejor darlo antes o con m\u00e1s tiempo, para que esto sea incorporado, madurado e internalizado por los estudiantes\u201d, consider\u00f3 Flores.<\/h3>\n<p><iframe title=\"Marcelo Sosa, rector de la UNViMe\" width=\"640\" height=\"360\" src=\"https:\/\/www.youtube.com\/embed\/3Pz3ZLCF6g0?feature=oembed\" frameborder=\"0\" allow=\"accelerometer; autoplay; clipboard-write; encrypted-media; gyroscope; picture-in-picture; web-share\" referrerpolicy=\"strict-origin-when-cross-origin\" allowfullscreen><\/iframe><\/p>\n<h3>El rector de la UNViMe, Marcelo Sosa, dijo que, en efecto, la desarticulaci\u00f3n entre la secundaria y la universidad es una realidad que se sufre, por lo que valor\u00f3 la decisi\u00f3n pol\u00edtica de poder trabajar en conjunto para empezar a vincular los niveles y ver qu\u00e9 puede aportar cada uno. \u201cHay una decisi\u00f3n de acompa\u00f1ar el ingreso, la permanencia y el egreso de los estudiantes en las universidades, as\u00ed que me parece algo muy positivo. No s\u00e9 si en otro lugar del pa\u00eds se habla de esto, as\u00ed que lo celebro como rector. Adem\u00e1s, en la UNViMe tenemos carreras docentes y soy docente, entonces me parece que es muy atinado, muy oportuno y relevante para la educaci\u00f3n de San Luis\u201d, expres\u00f3.<\/h3>\n<p>&nbsp;<\/p>\n<p>&nbsp;<\/p>\n<p>&nbsp;<\/p>\n","protected":false},"excerpt":{"rendered":"<p>Participaron casas de estudio nacionales y provinciales, tanto de gesti\u00f3n privada como p\u00fablica. \u201cQueremos que&#8230;<\/p>\n","protected":false},"author":1,"featured_media":11751,"comment_status":"closed","ping_status":"closed","sticky":false,"template":"","format":"standard","meta":{"footnotes":""},"categories":[6],"tags":[],"class_list":["post-11750","post","type-post","status-publish","format-standard","has-post-thumbnail","hentry","category-ciudad-provincia"],"yoast_head":"<!-- This site is optimized with the Yoast SEO plugin v26.1.1 - https:\/\/yoast.com\/wordpress\/plugins\/seo\/ -->\n<title>EL GOBIERNO Y 17 UNIVERSIDADES E INSTITUTOS TRABAJAN PARA ARTICULAR LA SECUNDARIA CON EL NIVEL SUPERIOR - Apuntes de San Luis<\/title>\n<meta name=\"robots\" content=\"index, follow, max-snippet:-1, max-image-preview:large, max-video-preview:-1\" \/>\n<link rel=\"canonical\" href=\"https:\/\/apuntesdesanluis.com\/index.php\/2024\/02\/15\/el-gobierno-y-17-universidades-e-institutos-trabajan-para-articular-la-secundaria-con-el-nivel-superior\/\" \/>\n<meta property=\"og:locale\" content=\"es_ES\" \/>\n<meta property=\"og:type\" content=\"article\" \/>\n<meta property=\"og:title\" content=\"EL GOBIERNO Y 17 UNIVERSIDADES E INSTITUTOS TRABAJAN PARA ARTICULAR LA SECUNDARIA CON EL NIVEL SUPERIOR - Apuntes de San Luis\" \/>\n<meta property=\"og:description\" content=\"Participaron casas de estudio nacionales y provinciales, tanto de gesti\u00f3n privada como p\u00fablica. \u201cQueremos que...\" \/>\n<meta property=\"og:url\" content=\"https:\/\/apuntesdesanluis.com\/index.php\/2024\/02\/15\/el-gobierno-y-17-universidades-e-institutos-trabajan-para-articular-la-secundaria-con-el-nivel-superior\/\" \/>\n<meta property=\"og:site_name\" content=\"Apuntes de San Luis\" \/>\n<meta property=\"article:published_time\" content=\"2024-02-15T23:34:07+00:00\" \/>\n<meta property=\"og:image\" content=\"https:\/\/apuntesdesanluis.com\/wp-content\/uploads\/2024\/02\/ENCUENTRO-CON-UNIVERSIDADES.png\" \/>\n\t<meta property=\"og:image:width\" content=\"600\" \/>\n\t<meta property=\"og:image:height\" content=\"355\" \/>\n\t<meta property=\"og:image:type\" content=\"image\/png\" \/>\n<meta name=\"author\" content=\"apuntesdesanluis.com\" \/>\n<meta name=\"twitter:card\" content=\"summary_large_image\" \/>\n<meta name=\"twitter:label1\" content=\"Escrito por\" \/>\n\t<meta name=\"twitter:data1\" content=\"apuntesdesanluis.com\" \/>\n\t<meta name=\"twitter:label2\" content=\"Tiempo de lectura\" \/>\n\t<meta name=\"twitter:data2\" content=\"4 minutos\" \/>\n<script type=\"application\/ld+json\" class=\"yoast-schema-graph\">{\"@context\":\"https:\/\/schema.org\",\"@graph\":[{\"@type\":\"Article\",\"@id\":\"https:\/\/apuntesdesanluis.com\/index.php\/2024\/02\/15\/el-gobierno-y-17-universidades-e-institutos-trabajan-para-articular-la-secundaria-con-el-nivel-superior\/#article\",\"isPartOf\":{\"@id\":\"https:\/\/apuntesdesanluis.com\/index.php\/2024\/02\/15\/el-gobierno-y-17-universidades-e-institutos-trabajan-para-articular-la-secundaria-con-el-nivel-superior\/\"},\"author\":{\"name\":\"apuntesdesanluis.com\",\"@id\":\"https:\/\/apuntesdesanluis.com\/#\/schema\/person\/b55151d52296fcce64d1a72538a70b90\"},\"headline\":\"EL GOBIERNO Y 17 UNIVERSIDADES E INSTITUTOS TRABAJAN PARA ARTICULAR LA SECUNDARIA CON EL NIVEL SUPERIOR\",\"datePublished\":\"2024-02-15T23:34:07+00:00\",\"mainEntityOfPage\":{\"@id\":\"https:\/\/apuntesdesanluis.com\/index.php\/2024\/02\/15\/el-gobierno-y-17-universidades-e-institutos-trabajan-para-articular-la-secundaria-con-el-nivel-superior\/\"},\"wordCount\":974,\"publisher\":{\"@id\":\"https:\/\/apuntesdesanluis.com\/#\/schema\/person\/b55151d52296fcce64d1a72538a70b90\"},\"image\":{\"@id\":\"https:\/\/apuntesdesanluis.com\/index.php\/2024\/02\/15\/el-gobierno-y-17-universidades-e-institutos-trabajan-para-articular-la-secundaria-con-el-nivel-superior\/#primaryimage\"},\"thumbnailUrl\":\"https:\/\/apuntesdesanluis.com\/wp-content\/uploads\/2024\/02\/ENCUENTRO-CON-UNIVERSIDADES.png\",\"articleSection\":[\"Ciudad\/Provincia\"],\"inLanguage\":\"es-AR\"},{\"@type\":\"WebPage\",\"@id\":\"https:\/\/apuntesdesanluis.com\/index.php\/2024\/02\/15\/el-gobierno-y-17-universidades-e-institutos-trabajan-para-articular-la-secundaria-con-el-nivel-superior\/\",\"url\":\"https:\/\/apuntesdesanluis.com\/index.php\/2024\/02\/15\/el-gobierno-y-17-universidades-e-institutos-trabajan-para-articular-la-secundaria-con-el-nivel-superior\/\",\"name\":\"EL GOBIERNO Y 17 UNIVERSIDADES E INSTITUTOS TRABAJAN PARA ARTICULAR LA SECUNDARIA CON EL NIVEL SUPERIOR - Apuntes de San Luis\",\"isPartOf\":{\"@id\":\"https:\/\/apuntesdesanluis.com\/#website\"},\"primaryImageOfPage\":{\"@id\":\"https:\/\/apuntesdesanluis.com\/index.php\/2024\/02\/15\/el-gobierno-y-17-universidades-e-institutos-trabajan-para-articular-la-secundaria-con-el-nivel-superior\/#primaryimage\"},\"image\":{\"@id\":\"https:\/\/apuntesdesanluis.com\/index.php\/2024\/02\/15\/el-gobierno-y-17-universidades-e-institutos-trabajan-para-articular-la-secundaria-con-el-nivel-superior\/#primaryimage\"},\"thumbnailUrl\":\"https:\/\/apuntesdesanluis.com\/wp-content\/uploads\/2024\/02\/ENCUENTRO-CON-UNIVERSIDADES.png\",\"datePublished\":\"2024-02-15T23:34:07+00:00\",\"breadcrumb\":{\"@id\":\"https:\/\/apuntesdesanluis.com\/index.php\/2024\/02\/15\/el-gobierno-y-17-universidades-e-institutos-trabajan-para-articular-la-secundaria-con-el-nivel-superior\/#breadcrumb\"},\"inLanguage\":\"es-AR\",\"potentialAction\":[{\"@type\":\"ReadAction\",\"target\":[\"https:\/\/apuntesdesanluis.com\/index.php\/2024\/02\/15\/el-gobierno-y-17-universidades-e-institutos-trabajan-para-articular-la-secundaria-con-el-nivel-superior\/\"]}]},{\"@type\":\"ImageObject\",\"inLanguage\":\"es-AR\",\"@id\":\"https:\/\/apuntesdesanluis.com\/index.php\/2024\/02\/15\/el-gobierno-y-17-universidades-e-institutos-trabajan-para-articular-la-secundaria-con-el-nivel-superior\/#primaryimage\",\"url\":\"https:\/\/apuntesdesanluis.com\/wp-content\/uploads\/2024\/02\/ENCUENTRO-CON-UNIVERSIDADES.png\",\"contentUrl\":\"https:\/\/apuntesdesanluis.com\/wp-content\/uploads\/2024\/02\/ENCUENTRO-CON-UNIVERSIDADES.png\",\"width\":600,\"height\":355},{\"@type\":\"BreadcrumbList\",\"@id\":\"https:\/\/apuntesdesanluis.com\/index.php\/2024\/02\/15\/el-gobierno-y-17-universidades-e-institutos-trabajan-para-articular-la-secundaria-con-el-nivel-superior\/#breadcrumb\",\"itemListElement\":[{\"@type\":\"ListItem\",\"position\":1,\"name\":\"Inicio\",\"item\":\"https:\/\/apuntesdesanluis.com\/\"},{\"@type\":\"ListItem\",\"position\":2,\"name\":\"EL GOBIERNO Y 17 UNIVERSIDADES E INSTITUTOS TRABAJAN PARA ARTICULAR LA SECUNDARIA CON EL NIVEL SUPERIOR\"}]},{\"@type\":\"WebSite\",\"@id\":\"https:\/\/apuntesdesanluis.com\/#website\",\"url\":\"https:\/\/apuntesdesanluis.com\/\",\"name\":\"Apuntes de San Luis\",\"description\":\"\",\"publisher\":{\"@id\":\"https:\/\/apuntesdesanluis.com\/#\/schema\/person\/b55151d52296fcce64d1a72538a70b90\"},\"potentialAction\":[{\"@type\":\"SearchAction\",\"target\":{\"@type\":\"EntryPoint\",\"urlTemplate\":\"https:\/\/apuntesdesanluis.com\/?s={search_term_string}\"},\"query-input\":{\"@type\":\"PropertyValueSpecification\",\"valueRequired\":true,\"valueName\":\"search_term_string\"}}],\"inLanguage\":\"es-AR\"},{\"@type\":[\"Person\",\"Organization\"],\"@id\":\"https:\/\/apuntesdesanluis.com\/#\/schema\/person\/b55151d52296fcce64d1a72538a70b90\",\"name\":\"apuntesdesanluis.com\",\"image\":{\"@type\":\"ImageObject\",\"inLanguage\":\"es-AR\",\"@id\":\"https:\/\/apuntesdesanluis.com\/#\/schema\/person\/image\/\",\"url\":\"https:\/\/apuntesdesanluis.com\/wp-content\/uploads\/2023\/07\/cropped-apuntesdesanluis.png\",\"contentUrl\":\"https:\/\/apuntesdesanluis.com\/wp-content\/uploads\/2023\/07\/cropped-apuntesdesanluis.png\",\"width\":450,\"height\":112,\"caption\":\"apuntesdesanluis.com\"},\"logo\":{\"@id\":\"https:\/\/apuntesdesanluis.com\/#\/schema\/person\/image\/\"},\"sameAs\":[\"https:\/\/apuntesdesanluis.com\"],\"url\":\"https:\/\/apuntesdesanluis.com\/index.php\/author\/apuntesdesanluis-com\/\"}]}<\/script>\n<!-- \/ Yoast SEO plugin. -->","yoast_head_json":{"title":"EL GOBIERNO Y 17 UNIVERSIDADES E INSTITUTOS TRABAJAN PARA ARTICULAR LA SECUNDARIA CON EL NIVEL SUPERIOR - Apuntes de San Luis","robots":{"index":"index","follow":"follow","max-snippet":"max-snippet:-1","max-image-preview":"max-image-preview:large","max-video-preview":"max-video-preview:-1"},"canonical":"https:\/\/apuntesdesanluis.com\/index.php\/2024\/02\/15\/el-gobierno-y-17-universidades-e-institutos-trabajan-para-articular-la-secundaria-con-el-nivel-superior\/","og_locale":"es_ES","og_type":"article","og_title":"EL GOBIERNO Y 17 UNIVERSIDADES E INSTITUTOS TRABAJAN PARA ARTICULAR LA SECUNDARIA CON EL NIVEL SUPERIOR - Apuntes de San Luis","og_description":"Participaron casas de estudio nacionales y provinciales, tanto de gesti\u00f3n privada como p\u00fablica. \u201cQueremos que...","og_url":"https:\/\/apuntesdesanluis.com\/index.php\/2024\/02\/15\/el-gobierno-y-17-universidades-e-institutos-trabajan-para-articular-la-secundaria-con-el-nivel-superior\/","og_site_name":"Apuntes de San Luis","article_published_time":"2024-02-15T23:34:07+00:00","og_image":[{"width":600,"height":355,"url":"https:\/\/apuntesdesanluis.com\/wp-content\/uploads\/2024\/02\/ENCUENTRO-CON-UNIVERSIDADES.png","type":"image\/png"}],"author":"apuntesdesanluis.com","twitter_card":"summary_large_image","twitter_misc":{"Escrito por":"apuntesdesanluis.com","Tiempo de lectura":"4 minutos"},"schema":{"@context":"https:\/\/schema.org","@graph":[{"@type":"Article","@id":"https:\/\/apuntesdesanluis.com\/index.php\/2024\/02\/15\/el-gobierno-y-17-universidades-e-institutos-trabajan-para-articular-la-secundaria-con-el-nivel-superior\/#article","isPartOf":{"@id":"https:\/\/apuntesdesanluis.com\/index.php\/2024\/02\/15\/el-gobierno-y-17-universidades-e-institutos-trabajan-para-articular-la-secundaria-con-el-nivel-superior\/"},"author":{"name":"apuntesdesanluis.com","@id":"https:\/\/apuntesdesanluis.com\/#\/schema\/person\/b55151d52296fcce64d1a72538a70b90"},"headline":"EL GOBIERNO Y 17 UNIVERSIDADES E INSTITUTOS TRABAJAN PARA ARTICULAR LA SECUNDARIA CON EL NIVEL SUPERIOR","datePublished":"2024-02-15T23:34:07+00:00","mainEntityOfPage":{"@id":"https:\/\/apuntesdesanluis.com\/index.php\/2024\/02\/15\/el-gobierno-y-17-universidades-e-institutos-trabajan-para-articular-la-secundaria-con-el-nivel-superior\/"},"wordCount":974,"publisher":{"@id":"https:\/\/apuntesdesanluis.com\/#\/schema\/person\/b55151d52296fcce64d1a72538a70b90"},"image":{"@id":"https:\/\/apuntesdesanluis.com\/index.php\/2024\/02\/15\/el-gobierno-y-17-universidades-e-institutos-trabajan-para-articular-la-secundaria-con-el-nivel-superior\/#primaryimage"},"thumbnailUrl":"https:\/\/apuntesdesanluis.com\/wp-content\/uploads\/2024\/02\/ENCUENTRO-CON-UNIVERSIDADES.png","articleSection":["Ciudad\/Provincia"],"inLanguage":"es-AR"},{"@type":"WebPage","@id":"https:\/\/apuntesdesanluis.com\/index.php\/2024\/02\/15\/el-gobierno-y-17-universidades-e-institutos-trabajan-para-articular-la-secundaria-con-el-nivel-superior\/","url":"https:\/\/apuntesdesanluis.com\/index.php\/2024\/02\/15\/el-gobierno-y-17-universidades-e-institutos-trabajan-para-articular-la-secundaria-con-el-nivel-superior\/","name":"EL GOBIERNO Y 17 UNIVERSIDADES E INSTITUTOS TRABAJAN PARA ARTICULAR LA SECUNDARIA CON EL NIVEL SUPERIOR - Apuntes de San Luis","isPartOf":{"@id":"https:\/\/apuntesdesanluis.com\/#website"},"primaryImageOfPage":{"@id":"https:\/\/apuntesdesanluis.com\/index.php\/2024\/02\/15\/el-gobierno-y-17-universidades-e-institutos-trabajan-para-articular-la-secundaria-con-el-nivel-superior\/#primaryimage"},"image":{"@id":"https:\/\/apuntesdesanluis.com\/index.php\/2024\/02\/15\/el-gobierno-y-17-universidades-e-institutos-trabajan-para-articular-la-secundaria-con-el-nivel-superior\/#primaryimage"},"thumbnailUrl":"https:\/\/apuntesdesanluis.com\/wp-content\/uploads\/2024\/02\/ENCUENTRO-CON-UNIVERSIDADES.png","datePublished":"2024-02-15T23:34:07+00:00","breadcrumb":{"@id":"https:\/\/apuntesdesanluis.com\/index.php\/2024\/02\/15\/el-gobierno-y-17-universidades-e-institutos-trabajan-para-articular-la-secundaria-con-el-nivel-superior\/#breadcrumb"},"inLanguage":"es-AR","potentialAction":[{"@type":"ReadAction","target":["https:\/\/apuntesdesanluis.com\/index.php\/2024\/02\/15\/el-gobierno-y-17-universidades-e-institutos-trabajan-para-articular-la-secundaria-con-el-nivel-superior\/"]}]},{"@type":"ImageObject","inLanguage":"es-AR","@id":"https:\/\/apuntesdesanluis.com\/index.php\/2024\/02\/15\/el-gobierno-y-17-universidades-e-institutos-trabajan-para-articular-la-secundaria-con-el-nivel-superior\/#primaryimage","url":"https:\/\/apuntesdesanluis.com\/wp-content\/uploads\/2024\/02\/ENCUENTRO-CON-UNIVERSIDADES.png","contentUrl":"https:\/\/apuntesdesanluis.com\/wp-content\/uploads\/2024\/02\/ENCUENTRO-CON-UNIVERSIDADES.png","width":600,"height":355},{"@type":"BreadcrumbList","@id":"https:\/\/apuntesdesanluis.com\/index.php\/2024\/02\/15\/el-gobierno-y-17-universidades-e-institutos-trabajan-para-articular-la-secundaria-con-el-nivel-superior\/#breadcrumb","itemListElement":[{"@type":"ListItem","position":1,"name":"Inicio","item":"https:\/\/apuntesdesanluis.com\/"},{"@type":"ListItem","position":2,"name":"EL GOBIERNO Y 17 UNIVERSIDADES E INSTITUTOS TRABAJAN PARA ARTICULAR LA SECUNDARIA CON EL NIVEL SUPERIOR"}]},{"@type":"WebSite","@id":"https:\/\/apuntesdesanluis.com\/#website","url":"https:\/\/apuntesdesanluis.com\/","name":"Apuntes de San Luis","description":"","publisher":{"@id":"https:\/\/apuntesdesanluis.com\/#\/schema\/person\/b55151d52296fcce64d1a72538a70b90"},"potentialAction":[{"@type":"SearchAction","target":{"@type":"EntryPoint","urlTemplate":"https:\/\/apuntesdesanluis.com\/?s={search_term_string}"},"query-input":{"@type":"PropertyValueSpecification","valueRequired":true,"valueName":"search_term_string"}}],"inLanguage":"es-AR"},{"@type":["Person","Organization"],"@id":"https:\/\/apuntesdesanluis.com\/#\/schema\/person\/b55151d52296fcce64d1a72538a70b90","name":"apuntesdesanluis.com","image":{"@type":"ImageObject","inLanguage":"es-AR","@id":"https:\/\/apuntesdesanluis.com\/#\/schema\/person\/image\/","url":"https:\/\/apuntesdesanluis.com\/wp-content\/uploads\/2023\/07\/cropped-apuntesdesanluis.png","contentUrl":"https:\/\/apuntesdesanluis.com\/wp-content\/uploads\/2023\/07\/cropped-apuntesdesanluis.png","width":450,"height":112,"caption":"apuntesdesanluis.com"},"logo":{"@id":"https:\/\/apuntesdesanluis.com\/#\/schema\/person\/image\/"},"sameAs":["https:\/\/apuntesdesanluis.com"],"url":"https:\/\/apuntesdesanluis.com\/index.php\/author\/apuntesdesanluis-com\/"}]}},"featured_image_urls":{"full":["https:\/\/apuntesdesanluis.com\/wp-content\/uploads\/2024\/02\/ENCUENTRO-CON-UNIVERSIDADES.png",600,355,false],"thumbnail":["https:\/\/apuntesdesanluis.com\/wp-content\/uploads\/2024\/02\/ENCUENTRO-CON-UNIVERSIDADES-150x150.png",150,150,true],"medium":["https:\/\/apuntesdesanluis.com\/wp-content\/uploads\/2024\/02\/ENCUENTRO-CON-UNIVERSIDADES-300x178.png",300,178,true],"medium_large":["https:\/\/apuntesdesanluis.com\/wp-content\/uploads\/2024\/02\/ENCUENTRO-CON-UNIVERSIDADES.png",600,355,false],"large":["https:\/\/apuntesdesanluis.com\/wp-content\/uploads\/2024\/02\/ENCUENTRO-CON-UNIVERSIDADES.png",600,355,false],"1536x1536":["https:\/\/apuntesdesanluis.com\/wp-content\/uploads\/2024\/02\/ENCUENTRO-CON-UNIVERSIDADES.png",600,355,false],"2048x2048":["https:\/\/apuntesdesanluis.com\/wp-content\/uploads\/2024\/02\/ENCUENTRO-CON-UNIVERSIDADES.png",600,355,false],"newsever-slider-full":["https:\/\/apuntesdesanluis.com\/wp-content\/uploads\/2024\/02\/ENCUENTRO-CON-UNIVERSIDADES.png",600,355,false],"newsever-featured":["https:\/\/apuntesdesanluis.com\/wp-content\/uploads\/2024\/02\/ENCUENTRO-CON-UNIVERSIDADES.png",600,355,false],"newsever-medium":["https:\/\/apuntesdesanluis.com\/wp-content\/uploads\/2024\/02\/ENCUENTRO-CON-UNIVERSIDADES.png",600,355,false]},"author_info":{"display_name":"apuntesdesanluis.com","author_link":"https:\/\/apuntesdesanluis.com\/index.php\/author\/apuntesdesanluis-com\/"},"category_info":"<a href=\"https:\/\/apuntesdesanluis.com\/index.php\/category\/ciudad-provincia\/\" rel=\"category tag\">Ciudad\/Provincia<\/a>","tag_info":"Ciudad\/Provincia","comment_count":"0","_links":{"self":[{"href":"https:\/\/apuntesdesanluis.com\/index.php\/wp-json\/wp\/v2\/posts\/11750","targetHints":{"allow":["GET"]}}],"collection":[{"href":"https:\/\/apuntesdesanluis.com\/index.php\/wp-json\/wp\/v2\/posts"}],"about":[{"href":"https:\/\/apuntesdesanluis.com\/index.php\/wp-json\/wp\/v2\/types\/post"}],"author":[{"embeddable":true,"href":"https:\/\/apuntesdesanluis.com\/index.php\/wp-json\/wp\/v2\/users\/1"}],"replies":[{"embeddable":true,"href":"https:\/\/apuntesdesanluis.com\/index.php\/wp-json\/wp\/v2\/comments?post=11750"}],"version-history":[{"count":1,"href":"https:\/\/apuntesdesanluis.com\/index.php\/wp-json\/wp\/v2\/posts\/11750\/revisions"}],"predecessor-version":[{"id":11752,"href":"https:\/\/apuntesdesanluis.com\/index.php\/wp-json\/wp\/v2\/posts\/11750\/revisions\/11752"}],"wp:featuredmedia":[{"embeddable":true,"href":"https:\/\/apuntesdesanluis.com\/index.php\/wp-json\/wp\/v2\/media\/11751"}],"wp:attachment":[{"href":"https:\/\/apuntesdesanluis.com\/index.php\/wp-json\/wp\/v2\/media?parent=11750"}],"wp:term":[{"taxonomy":"category","embeddable":true,"href":"https:\/\/apuntesdesanluis.com\/index.php\/wp-json\/wp\/v2\/categories?post=11750"},{"taxonomy":"post_tag","embeddable":true,"href":"https:\/\/apuntesdesanluis.com\/index.php\/wp-json\/wp\/v2\/tags?post=11750"}],"curies":[{"name":"wp","href":"https:\/\/api.w.org\/{rel}","templated":true}]}}