{"id":11753,"date":"2024-02-15T20:46:13","date_gmt":"2024-02-15T23:46:13","guid":{"rendered":"https:\/\/apuntesdesanluis.com\/?p=11753"},"modified":"2024-02-15T20:46:13","modified_gmt":"2024-02-15T23:46:13","slug":"le-pidio-fuego-y-como-no-le-dio-le-empezo-a-romper-el-vehiculo","status":"publish","type":"post","link":"https:\/\/apuntesdesanluis.com\/index.php\/2024\/02\/15\/le-pidio-fuego-y-como-no-le-dio-le-empezo-a-romper-el-vehiculo\/","title":{"rendered":"LE PIDI\u00d3 FUEGO Y COMO NO LE DIO LE EMPEZ\u00d3 A ROMPER EL VEH\u00cdCULO"},"content":{"rendered":"<h3>Mientras dure la investigaci\u00f3n el imputado deber\u00e1 cumplir una prohibici\u00f3n de acercamiento y todo tipo de contacto con respecto al damnificado.<\/h3>\n<h3>Vencida la pr\u00f3rroga de detenci\u00f3n para el imputado, en la ma\u00f1ana de este jueves, se desarroll\u00f3 una nueva audiencia en el Juzgado de Garant\u00edas N\u00ba 2, de la Segunda Circunscripci\u00f3n Judicial.<\/h3>\n<h3>El hecho, ocurri\u00f3 el pasado 9 de febrero, en ese entonces el imputado se encontraba circulando por la calle cuando se encontr\u00f3 con el damnificado, le pidi\u00f3 fuego y ante la negativa, se acerc\u00f3 al auto y procedi\u00f3 a golpear el veh\u00edculo con un destornillador y una chaira ocasion\u00e1ndole da\u00f1os y una destrucci\u00f3n parcial. La audiencia de formulaci\u00f3n de cargos se desarroll\u00f3 el 11 de febrero y se le imput\u00f3 el delito de da\u00f1os.<\/h3>\n<h3>En representaci\u00f3n del Ministerio P\u00fablico Fiscal estuvo presente la Dra. Nayla Cabrera Mu\u00f1oz \u2013Fiscal Adjunta-, y por la defensa del imputado intervino la Dra. Eliana Pradel \u2013Defensora Oficial en lo Penal, ambas expresaron el trabajo en conjunto realizado a los fines de abordar este caso de una manera integral.<\/h3>\n<h3>En relaci\u00f3n a ello y atento a lo informado por el perito psiquiatra, la fiscal\u00eda solicit\u00f3 como medida la prohibici\u00f3n de acercamiento y de todo tipo de contacto del imputado con respecto al damnificado.<\/h3>\n<h3>Luego de escuchar las exposiciones de las partes, el Juez \u2013 Dr. Matias Farinazzo Tempestini- resolvi\u00f3 hacer lugar a lo solicitado por las partes.<\/h3>\n<p>&nbsp;<\/p>\n<p>&nbsp;<\/p>\n<p>&nbsp;<\/p>\n","protected":false},"excerpt":{"rendered":"<p>Mientras dure la investigaci\u00f3n el imputado deber\u00e1 cumplir una prohibici\u00f3n de acercamiento y todo tipo&#8230;<\/p>\n","protected":false},"author":1,"featured_media":11754,"comment_status":"closed","ping_status":"closed","sticky":false,"template":"","format":"standard","meta":{"footnotes":""},"categories":[6],"tags":[],"class_list":["post-11753","post","type-post","status-publish","format-standard","has-post-thumbnail","hentry","category-ciudad-provincia"],"yoast_head":"<!-- This site is optimized with the Yoast SEO plugin v26.1.1 - https:\/\/yoast.com\/wordpress\/plugins\/seo\/ -->\n<title>LE PIDI\u00d3 FUEGO Y COMO NO LE DIO LE EMPEZ\u00d3 A ROMPER EL VEH\u00cdCULO - Apuntes de San Luis<\/title>\n<meta name=\"robots\" content=\"index, follow, max-snippet:-1, max-image-preview:large, max-video-preview:-1\" \/>\n<link rel=\"canonical\" href=\"https:\/\/apuntesdesanluis.com\/index.php\/2024\/02\/15\/le-pidio-fuego-y-como-no-le-dio-le-empezo-a-romper-el-vehiculo\/\" \/>\n<meta property=\"og:locale\" content=\"es_ES\" \/>\n<meta property=\"og:type\" content=\"article\" \/>\n<meta property=\"og:title\" content=\"LE PIDI\u00d3 FUEGO Y COMO NO LE DIO LE EMPEZ\u00d3 A ROMPER EL VEH\u00cdCULO - Apuntes de San Luis\" \/>\n<meta property=\"og:description\" content=\"Mientras dure la investigaci\u00f3n el imputado deber\u00e1 cumplir una prohibici\u00f3n de acercamiento y todo tipo...\" \/>\n<meta property=\"og:url\" content=\"https:\/\/apuntesdesanluis.com\/index.php\/2024\/02\/15\/le-pidio-fuego-y-como-no-le-dio-le-empezo-a-romper-el-vehiculo\/\" \/>\n<meta property=\"og:site_name\" content=\"Apuntes de San Luis\" \/>\n<meta property=\"article:published_time\" content=\"2024-02-15T23:46:13+00:00\" \/>\n<meta property=\"og:image\" content=\"https:\/\/apuntesdesanluis.com\/wp-content\/uploads\/2024\/02\/JUEZ-TEMNPESTINI.png\" \/>\n\t<meta property=\"og:image:width\" content=\"608\" \/>\n\t<meta property=\"og:image:height\" content=\"397\" \/>\n\t<meta property=\"og:image:type\" content=\"image\/png\" \/>\n<meta name=\"author\" content=\"apuntesdesanluis.com\" \/>\n<meta name=\"twitter:card\" content=\"summary_large_image\" \/>\n<meta name=\"twitter:label1\" content=\"Escrito por\" \/>\n\t<meta name=\"twitter:data1\" content=\"apuntesdesanluis.com\" \/>\n\t<meta name=\"twitter:label2\" content=\"Tiempo de lectura\" \/>\n\t<meta name=\"twitter:data2\" content=\"2 minutos\" \/>\n<script type=\"application\/ld+json\" class=\"yoast-schema-graph\">{\"@context\":\"https:\/\/schema.org\",\"@graph\":[{\"@type\":\"Article\",\"@id\":\"https:\/\/apuntesdesanluis.com\/index.php\/2024\/02\/15\/le-pidio-fuego-y-como-no-le-dio-le-empezo-a-romper-el-vehiculo\/#article\",\"isPartOf\":{\"@id\":\"https:\/\/apuntesdesanluis.com\/index.php\/2024\/02\/15\/le-pidio-fuego-y-como-no-le-dio-le-empezo-a-romper-el-vehiculo\/\"},\"author\":{\"name\":\"apuntesdesanluis.com\",\"@id\":\"https:\/\/apuntesdesanluis.com\/#\/schema\/person\/b55151d52296fcce64d1a72538a70b90\"},\"headline\":\"LE PIDI\u00d3 FUEGO Y COMO NO LE DIO LE EMPEZ\u00d3 A ROMPER EL VEH\u00cdCULO\",\"datePublished\":\"2024-02-15T23:46:13+00:00\",\"mainEntityOfPage\":{\"@id\":\"https:\/\/apuntesdesanluis.com\/index.php\/2024\/02\/15\/le-pidio-fuego-y-como-no-le-dio-le-empezo-a-romper-el-vehiculo\/\"},\"wordCount\":266,\"publisher\":{\"@id\":\"https:\/\/apuntesdesanluis.com\/#\/schema\/person\/b55151d52296fcce64d1a72538a70b90\"},\"image\":{\"@id\":\"https:\/\/apuntesdesanluis.com\/index.php\/2024\/02\/15\/le-pidio-fuego-y-como-no-le-dio-le-empezo-a-romper-el-vehiculo\/#primaryimage\"},\"thumbnailUrl\":\"https:\/\/apuntesdesanluis.com\/wp-content\/uploads\/2024\/02\/JUEZ-TEMNPESTINI.png\",\"articleSection\":[\"Ciudad\/Provincia\"],\"inLanguage\":\"es-AR\"},{\"@type\":\"WebPage\",\"@id\":\"https:\/\/apuntesdesanluis.com\/index.php\/2024\/02\/15\/le-pidio-fuego-y-como-no-le-dio-le-empezo-a-romper-el-vehiculo\/\",\"url\":\"https:\/\/apuntesdesanluis.com\/index.php\/2024\/02\/15\/le-pidio-fuego-y-como-no-le-dio-le-empezo-a-romper-el-vehiculo\/\",\"name\":\"LE PIDI\u00d3 FUEGO Y COMO NO LE DIO LE EMPEZ\u00d3 A ROMPER EL VEH\u00cdCULO - Apuntes de San Luis\",\"isPartOf\":{\"@id\":\"https:\/\/apuntesdesanluis.com\/#website\"},\"primaryImageOfPage\":{\"@id\":\"https:\/\/apuntesdesanluis.com\/index.php\/2024\/02\/15\/le-pidio-fuego-y-como-no-le-dio-le-empezo-a-romper-el-vehiculo\/#primaryimage\"},\"image\":{\"@id\":\"https:\/\/apuntesdesanluis.com\/index.php\/2024\/02\/15\/le-pidio-fuego-y-como-no-le-dio-le-empezo-a-romper-el-vehiculo\/#primaryimage\"},\"thumbnailUrl\":\"https:\/\/apuntesdesanluis.com\/wp-content\/uploads\/2024\/02\/JUEZ-TEMNPESTINI.png\",\"datePublished\":\"2024-02-15T23:46:13+00:00\",\"breadcrumb\":{\"@id\":\"https:\/\/apuntesdesanluis.com\/index.php\/2024\/02\/15\/le-pidio-fuego-y-como-no-le-dio-le-empezo-a-romper-el-vehiculo\/#breadcrumb\"},\"inLanguage\":\"es-AR\",\"potentialAction\":[{\"@type\":\"ReadAction\",\"target\":[\"https:\/\/apuntesdesanluis.com\/index.php\/2024\/02\/15\/le-pidio-fuego-y-como-no-le-dio-le-empezo-a-romper-el-vehiculo\/\"]}]},{\"@type\":\"ImageObject\",\"inLanguage\":\"es-AR\",\"@id\":\"https:\/\/apuntesdesanluis.com\/index.php\/2024\/02\/15\/le-pidio-fuego-y-como-no-le-dio-le-empezo-a-romper-el-vehiculo\/#primaryimage\",\"url\":\"https:\/\/apuntesdesanluis.com\/wp-content\/uploads\/2024\/02\/JUEZ-TEMNPESTINI.png\",\"contentUrl\":\"https:\/\/apuntesdesanluis.com\/wp-content\/uploads\/2024\/02\/JUEZ-TEMNPESTINI.png\",\"width\":608,\"height\":397},{\"@type\":\"BreadcrumbList\",\"@id\":\"https:\/\/apuntesdesanluis.com\/index.php\/2024\/02\/15\/le-pidio-fuego-y-como-no-le-dio-le-empezo-a-romper-el-vehiculo\/#breadcrumb\",\"itemListElement\":[{\"@type\":\"ListItem\",\"position\":1,\"name\":\"Inicio\",\"item\":\"https:\/\/apuntesdesanluis.com\/\"},{\"@type\":\"ListItem\",\"position\":2,\"name\":\"LE PIDI\u00d3 FUEGO Y COMO NO LE DIO LE EMPEZ\u00d3 A ROMPER EL VEH\u00cdCULO\"}]},{\"@type\":\"WebSite\",\"@id\":\"https:\/\/apuntesdesanluis.com\/#website\",\"url\":\"https:\/\/apuntesdesanluis.com\/\",\"name\":\"Apuntes de San Luis\",\"description\":\"\",\"publisher\":{\"@id\":\"https:\/\/apuntesdesanluis.com\/#\/schema\/person\/b55151d52296fcce64d1a72538a70b90\"},\"potentialAction\":[{\"@type\":\"SearchAction\",\"target\":{\"@type\":\"EntryPoint\",\"urlTemplate\":\"https:\/\/apuntesdesanluis.com\/?s={search_term_string}\"},\"query-input\":{\"@type\":\"PropertyValueSpecification\",\"valueRequired\":true,\"valueName\":\"search_term_string\"}}],\"inLanguage\":\"es-AR\"},{\"@type\":[\"Person\",\"Organization\"],\"@id\":\"https:\/\/apuntesdesanluis.com\/#\/schema\/person\/b55151d52296fcce64d1a72538a70b90\",\"name\":\"apuntesdesanluis.com\",\"image\":{\"@type\":\"ImageObject\",\"inLanguage\":\"es-AR\",\"@id\":\"https:\/\/apuntesdesanluis.com\/#\/schema\/person\/image\/\",\"url\":\"https:\/\/apuntesdesanluis.com\/wp-content\/uploads\/2023\/07\/cropped-apuntesdesanluis.png\",\"contentUrl\":\"https:\/\/apuntesdesanluis.com\/wp-content\/uploads\/2023\/07\/cropped-apuntesdesanluis.png\",\"width\":450,\"height\":112,\"caption\":\"apuntesdesanluis.com\"},\"logo\":{\"@id\":\"https:\/\/apuntesdesanluis.com\/#\/schema\/person\/image\/\"},\"sameAs\":[\"https:\/\/apuntesdesanluis.com\"],\"url\":\"https:\/\/apuntesdesanluis.com\/index.php\/author\/apuntesdesanluis-com\/\"}]}<\/script>\n<!-- \/ Yoast SEO plugin. -->","yoast_head_json":{"title":"LE PIDI\u00d3 FUEGO Y COMO NO LE DIO LE EMPEZ\u00d3 A ROMPER EL VEH\u00cdCULO - Apuntes de San Luis","robots":{"index":"index","follow":"follow","max-snippet":"max-snippet:-1","max-image-preview":"max-image-preview:large","max-video-preview":"max-video-preview:-1"},"canonical":"https:\/\/apuntesdesanluis.com\/index.php\/2024\/02\/15\/le-pidio-fuego-y-como-no-le-dio-le-empezo-a-romper-el-vehiculo\/","og_locale":"es_ES","og_type":"article","og_title":"LE PIDI\u00d3 FUEGO Y COMO NO LE DIO LE EMPEZ\u00d3 A ROMPER EL VEH\u00cdCULO - Apuntes de San Luis","og_description":"Mientras dure la investigaci\u00f3n el imputado deber\u00e1 cumplir una prohibici\u00f3n de acercamiento y todo tipo...","og_url":"https:\/\/apuntesdesanluis.com\/index.php\/2024\/02\/15\/le-pidio-fuego-y-como-no-le-dio-le-empezo-a-romper-el-vehiculo\/","og_site_name":"Apuntes de San Luis","article_published_time":"2024-02-15T23:46:13+00:00","og_image":[{"width":608,"height":397,"url":"https:\/\/apuntesdesanluis.com\/wp-content\/uploads\/2024\/02\/JUEZ-TEMNPESTINI.png","type":"image\/png"}],"author":"apuntesdesanluis.com","twitter_card":"summary_large_image","twitter_misc":{"Escrito por":"apuntesdesanluis.com","Tiempo de lectura":"2 minutos"},"schema":{"@context":"https:\/\/schema.org","@graph":[{"@type":"Article","@id":"https:\/\/apuntesdesanluis.com\/index.php\/2024\/02\/15\/le-pidio-fuego-y-como-no-le-dio-le-empezo-a-romper-el-vehiculo\/#article","isPartOf":{"@id":"https:\/\/apuntesdesanluis.com\/index.php\/2024\/02\/15\/le-pidio-fuego-y-como-no-le-dio-le-empezo-a-romper-el-vehiculo\/"},"author":{"name":"apuntesdesanluis.com","@id":"https:\/\/apuntesdesanluis.com\/#\/schema\/person\/b55151d52296fcce64d1a72538a70b90"},"headline":"LE PIDI\u00d3 FUEGO Y COMO NO LE DIO LE EMPEZ\u00d3 A ROMPER EL VEH\u00cdCULO","datePublished":"2024-02-15T23:46:13+00:00","mainEntityOfPage":{"@id":"https:\/\/apuntesdesanluis.com\/index.php\/2024\/02\/15\/le-pidio-fuego-y-como-no-le-dio-le-empezo-a-romper-el-vehiculo\/"},"wordCount":266,"publisher":{"@id":"https:\/\/apuntesdesanluis.com\/#\/schema\/person\/b55151d52296fcce64d1a72538a70b90"},"image":{"@id":"https:\/\/apuntesdesanluis.com\/index.php\/2024\/02\/15\/le-pidio-fuego-y-como-no-le-dio-le-empezo-a-romper-el-vehiculo\/#primaryimage"},"thumbnailUrl":"https:\/\/apuntesdesanluis.com\/wp-content\/uploads\/2024\/02\/JUEZ-TEMNPESTINI.png","articleSection":["Ciudad\/Provincia"],"inLanguage":"es-AR"},{"@type":"WebPage","@id":"https:\/\/apuntesdesanluis.com\/index.php\/2024\/02\/15\/le-pidio-fuego-y-como-no-le-dio-le-empezo-a-romper-el-vehiculo\/","url":"https:\/\/apuntesdesanluis.com\/index.php\/2024\/02\/15\/le-pidio-fuego-y-como-no-le-dio-le-empezo-a-romper-el-vehiculo\/","name":"LE PIDI\u00d3 FUEGO Y COMO NO LE DIO LE EMPEZ\u00d3 A ROMPER EL VEH\u00cdCULO - Apuntes de San Luis","isPartOf":{"@id":"https:\/\/apuntesdesanluis.com\/#website"},"primaryImageOfPage":{"@id":"https:\/\/apuntesdesanluis.com\/index.php\/2024\/02\/15\/le-pidio-fuego-y-como-no-le-dio-le-empezo-a-romper-el-vehiculo\/#primaryimage"},"image":{"@id":"https:\/\/apuntesdesanluis.com\/index.php\/2024\/02\/15\/le-pidio-fuego-y-como-no-le-dio-le-empezo-a-romper-el-vehiculo\/#primaryimage"},"thumbnailUrl":"https:\/\/apuntesdesanluis.com\/wp-content\/uploads\/2024\/02\/JUEZ-TEMNPESTINI.png","datePublished":"2024-02-15T23:46:13+00:00","breadcrumb":{"@id":"https:\/\/apuntesdesanluis.com\/index.php\/2024\/02\/15\/le-pidio-fuego-y-como-no-le-dio-le-empezo-a-romper-el-vehiculo\/#breadcrumb"},"inLanguage":"es-AR","potentialAction":[{"@type":"ReadAction","target":["https:\/\/apuntesdesanluis.com\/index.php\/2024\/02\/15\/le-pidio-fuego-y-como-no-le-dio-le-empezo-a-romper-el-vehiculo\/"]}]},{"@type":"ImageObject","inLanguage":"es-AR","@id":"https:\/\/apuntesdesanluis.com\/index.php\/2024\/02\/15\/le-pidio-fuego-y-como-no-le-dio-le-empezo-a-romper-el-vehiculo\/#primaryimage","url":"https:\/\/apuntesdesanluis.com\/wp-content\/uploads\/2024\/02\/JUEZ-TEMNPESTINI.png","contentUrl":"https:\/\/apuntesdesanluis.com\/wp-content\/uploads\/2024\/02\/JUEZ-TEMNPESTINI.png","width":608,"height":397},{"@type":"BreadcrumbList","@id":"https:\/\/apuntesdesanluis.com\/index.php\/2024\/02\/15\/le-pidio-fuego-y-como-no-le-dio-le-empezo-a-romper-el-vehiculo\/#breadcrumb","itemListElement":[{"@type":"ListItem","position":1,"name":"Inicio","item":"https:\/\/apuntesdesanluis.com\/"},{"@type":"ListItem","position":2,"name":"LE PIDI\u00d3 FUEGO Y COMO NO LE DIO LE EMPEZ\u00d3 A ROMPER EL VEH\u00cdCULO"}]},{"@type":"WebSite","@id":"https:\/\/apuntesdesanluis.com\/#website","url":"https:\/\/apuntesdesanluis.com\/","name":"Apuntes de San Luis","description":"","publisher":{"@id":"https:\/\/apuntesdesanluis.com\/#\/schema\/person\/b55151d52296fcce64d1a72538a70b90"},"potentialAction":[{"@type":"SearchAction","target":{"@type":"EntryPoint","urlTemplate":"https:\/\/apuntesdesanluis.com\/?s={search_term_string}"},"query-input":{"@type":"PropertyValueSpecification","valueRequired":true,"valueName":"search_term_string"}}],"inLanguage":"es-AR"},{"@type":["Person","Organization"],"@id":"https:\/\/apuntesdesanluis.com\/#\/schema\/person\/b55151d52296fcce64d1a72538a70b90","name":"apuntesdesanluis.com","image":{"@type":"ImageObject","inLanguage":"es-AR","@id":"https:\/\/apuntesdesanluis.com\/#\/schema\/person\/image\/","url":"https:\/\/apuntesdesanluis.com\/wp-content\/uploads\/2023\/07\/cropped-apuntesdesanluis.png","contentUrl":"https:\/\/apuntesdesanluis.com\/wp-content\/uploads\/2023\/07\/cropped-apuntesdesanluis.png","width":450,"height":112,"caption":"apuntesdesanluis.com"},"logo":{"@id":"https:\/\/apuntesdesanluis.com\/#\/schema\/person\/image\/"},"sameAs":["https:\/\/apuntesdesanluis.com"],"url":"https:\/\/apuntesdesanluis.com\/index.php\/author\/apuntesdesanluis-com\/"}]}},"featured_image_urls":{"full":["https:\/\/apuntesdesanluis.com\/wp-content\/uploads\/2024\/02\/JUEZ-TEMNPESTINI.png",608,397,false],"thumbnail":["https:\/\/apuntesdesanluis.com\/wp-content\/uploads\/2024\/02\/JUEZ-TEMNPESTINI-150x150.png",150,150,true],"medium":["https:\/\/apuntesdesanluis.com\/wp-content\/uploads\/2024\/02\/JUEZ-TEMNPESTINI-300x196.png",300,196,true],"medium_large":["https:\/\/apuntesdesanluis.com\/wp-content\/uploads\/2024\/02\/JUEZ-TEMNPESTINI.png",608,397,false],"large":["https:\/\/apuntesdesanluis.com\/wp-content\/uploads\/2024\/02\/JUEZ-TEMNPESTINI.png",608,397,false],"1536x1536":["https:\/\/apuntesdesanluis.com\/wp-content\/uploads\/2024\/02\/JUEZ-TEMNPESTINI.png",608,397,false],"2048x2048":["https:\/\/apuntesdesanluis.com\/wp-content\/uploads\/2024\/02\/JUEZ-TEMNPESTINI.png",608,397,false],"newsever-slider-full":["https:\/\/apuntesdesanluis.com\/wp-content\/uploads\/2024\/02\/JUEZ-TEMNPESTINI.png",608,397,false],"newsever-featured":["https:\/\/apuntesdesanluis.com\/wp-content\/uploads\/2024\/02\/JUEZ-TEMNPESTINI.png",608,397,false],"newsever-medium":["https:\/\/apuntesdesanluis.com\/wp-content\/uploads\/2024\/02\/JUEZ-TEMNPESTINI.png",608,397,false]},"author_info":{"display_name":"apuntesdesanluis.com","author_link":"https:\/\/apuntesdesanluis.com\/index.php\/author\/apuntesdesanluis-com\/"},"category_info":"<a href=\"https:\/\/apuntesdesanluis.com\/index.php\/category\/ciudad-provincia\/\" rel=\"category tag\">Ciudad\/Provincia<\/a>","tag_info":"Ciudad\/Provincia","comment_count":"0","_links":{"self":[{"href":"https:\/\/apuntesdesanluis.com\/index.php\/wp-json\/wp\/v2\/posts\/11753","targetHints":{"allow":["GET"]}}],"collection":[{"href":"https:\/\/apuntesdesanluis.com\/index.php\/wp-json\/wp\/v2\/posts"}],"about":[{"href":"https:\/\/apuntesdesanluis.com\/index.php\/wp-json\/wp\/v2\/types\/post"}],"author":[{"embeddable":true,"href":"https:\/\/apuntesdesanluis.com\/index.php\/wp-json\/wp\/v2\/users\/1"}],"replies":[{"embeddable":true,"href":"https:\/\/apuntesdesanluis.com\/index.php\/wp-json\/wp\/v2\/comments?post=11753"}],"version-history":[{"count":1,"href":"https:\/\/apuntesdesanluis.com\/index.php\/wp-json\/wp\/v2\/posts\/11753\/revisions"}],"predecessor-version":[{"id":11755,"href":"https:\/\/apuntesdesanluis.com\/index.php\/wp-json\/wp\/v2\/posts\/11753\/revisions\/11755"}],"wp:featuredmedia":[{"embeddable":true,"href":"https:\/\/apuntesdesanluis.com\/index.php\/wp-json\/wp\/v2\/media\/11754"}],"wp:attachment":[{"href":"https:\/\/apuntesdesanluis.com\/index.php\/wp-json\/wp\/v2\/media?parent=11753"}],"wp:term":[{"taxonomy":"category","embeddable":true,"href":"https:\/\/apuntesdesanluis.com\/index.php\/wp-json\/wp\/v2\/categories?post=11753"},{"taxonomy":"post_tag","embeddable":true,"href":"https:\/\/apuntesdesanluis.com\/index.php\/wp-json\/wp\/v2\/tags?post=11753"}],"curies":[{"name":"wp","href":"https:\/\/api.w.org\/{rel}","templated":true}]}}