{"id":11756,"date":"2024-02-16T04:15:29","date_gmt":"2024-02-16T07:15:29","guid":{"rendered":"https:\/\/apuntesdesanluis.com\/?p=11756"},"modified":"2024-02-16T04:24:58","modified_gmt":"2024-02-16T07:24:58","slug":"perdida-salarial-lleva-a-la-docencia-universitaria-a-niveles-intolerables","status":"publish","type":"post","link":"https:\/\/apuntesdesanluis.com\/index.php\/2024\/02\/16\/perdida-salarial-lleva-a-la-docencia-universitaria-a-niveles-intolerables\/","title":{"rendered":"P\u00c9RDIDA SALARIAL LLEVA A LA DOCENCIA UNIVERSITARIA A NIVELES INTOLERABLES"},"content":{"rendered":"<h3><em>La falta de respuesta al pedido de paritarias y la escalada de precios, que ha deteriorado el poder adquisitivo de los salarios, han provocado un marcado malestar en la docencia universitaria. Los diferentes gremios docentes se encuentran en estado de alerta y no descartan iniciar un plan de lucha que complicar\u00eda el inicio del ciclo lectivo.<\/em><\/h3>\n<h3>Por <em>Arnoldo Pucci *<\/em><\/h3>\n<p><img fetchpriority=\"high\" decoding=\"async\" class=\"wp-image-1140 aligncenter\" src=\"https:\/\/apuntesdesanluis.com\/wp-content\/uploads\/2023\/08\/ING.-A.-PUCCI-300x170.png\" alt=\"\" width=\"544\" height=\"308\" srcset=\"https:\/\/apuntesdesanluis.com\/wp-content\/uploads\/2023\/08\/ING.-A.-PUCCI-300x170.png 300w, https:\/\/apuntesdesanluis.com\/wp-content\/uploads\/2023\/08\/ING.-A.-PUCCI.png 589w\" sizes=\"(max-width: 544px) 100vw, 544px\" \/><\/p>\n<h3>Cuando las y los docentes universitarios estamos pidiendo una apertura URGENTE de las negociaciones paritarias, lo hacemos desde la m\u00e1s estricta responsabilidad, en el sentido de que nuestros salarios no sigan perdiendo con la inflaci\u00f3n su poder adquisitivo. Y esto lo queremos dejar aclarado. No un \u201crelato\u201d, como mal intencionadamente se dice en algunos medios de comunicaci\u00f3n. Que adem\u00e1s distorsionan los valores publicados por el propio INDEC, en lo referido a inflaci\u00f3n anualizada.<\/h3>\n<h3>Para ilustrar esto, nada mejor que con un ejemplo: un profesor adjunto con dedicaci\u00f3n exclusiva, comparando sus b\u00e1sicos cobrados y teniendo en cuenta la \u00faltima negociaci\u00f3n paritaria firmada con el gobierno anterior al de la actual gesti\u00f3n, y que se termina de cobrar en el mes de febrero, alcanzar\u00e1 de manera acumulada un aumento de un 170 %, contra una inflaci\u00f3n interanual correspondiente al a\u00f1o 2023 que fue del 211.4 %.<\/h3>\n<h3>Por lo cual la p\u00e9rdida en valores nominales con la inflaci\u00f3n de manera anual fue de m\u00e1s del 41 %,, en la que en gran parte se debi\u00f3 a la devaluaci\u00f3n del 138 % realizada por el ministro Caputo, con lo cual nuestros salarios perdieron en el mes de diciembre m\u00e1s de lo que hab\u00edan perdido en los cuatro a\u00f1os de macrismo.<\/h3>\n<h3>Y todav\u00eda vemos que algunos gobernadores negocian a espaldas de las y los trabajadores volver a imponer el impuesto a las ganancias y son estos mismos gobernadores que en sus provincias implementan un pol\u00edtica de ajuste similar a la del gobierno nacional y cuando est\u00e1n en el radio de influencia de Balcarce 50, se comportan como \u201cgatitos mimosos\u201d del poder central y se olvidan de quienes los votaron.<\/h3>\n<h3>Retomando lo complejo de la situaci\u00f3n salarial de nuestro sector y porque vamos a defender con toda la fuerza que tengamos las negociaciones paritarias abiertas, libres y sin techo; tambi\u00e9n la no reversi\u00f3n de ganancias es porque con la inflaci\u00f3n confirmada de enero en el 20,6 % en los dos meses de la gesti\u00f3n de la actual gesti\u00f3n vamos a haber perdido alrededor del 46 % con la inflaci\u00f3n. Eso explica lo perdido en todo el a\u00f1o 2023, en donde debemos destacar que hasta el mes de noviembre del 2023, llevamos recuperado 9 puntos de lo que nuestros salarios hab\u00edan perdido durante el macrismo y que en 20 d\u00edas el ministro Caputo se lo llev\u00f3 puesto.<\/h3>\n<h3>Es tal el deterioro salarial, que el relato que nos quieren imponer se contrarresta con los n\u00fameros fr\u00edos de la matem\u00e1tica; esto porque de cumplirse la proyecci\u00f3n de inflaci\u00f3n publicada por el Banco Central la p\u00e9rdida salarial solo en el primer trimestre del a\u00f1o rondar\u00e1 del 85 %. Mas a\u00fan, si esta comparaci\u00f3n que son los n\u00fameros tomados en base al IPC Nivel General es comparar ese salario b\u00e1sico cobrado en el mes de enero por un profesor adjunto dedicaci\u00f3n exclusiva, como lo podemos ver con dos ejemplos de cuantos litros de leche o cuantos kilos de pan se pod\u00edan comprar con un salario b\u00e1sico del profesor adjunto dedicaci\u00f3n exclusiva, todos los valores fueron extra\u00eddos de datos del INDEC, BCRA y las diferentes c\u00e1maras y comisiones empresariales de los diferentes sectores.<\/h3>\n<h3><img decoding=\"async\" class=\"wp-image-11757 aligncenter\" src=\"https:\/\/apuntesdesanluis.com\/wp-content\/uploads\/2024\/02\/adoi-1-300x149.png\" alt=\"\" width=\"747\" height=\"371\" srcset=\"https:\/\/apuntesdesanluis.com\/wp-content\/uploads\/2024\/02\/adoi-1-300x149.png 300w, https:\/\/apuntesdesanluis.com\/wp-content\/uploads\/2024\/02\/adoi-1.png 629w\" sizes=\"(max-width: 747px) 100vw, 747px\" \/><\/h3>\n<h3>En la comparaci\u00f3n de ambos ejemplos se puede decir que si el mes de referencia es Diciembre de 2015 y el porqu\u00e9 de la expresi\u00f3n <em>\u201cen 60 d\u00edas se llevaron puesto todas las mejoras alcanzadas y mucho m\u00e1s!!!!\u201d<\/em>, se deduce que en los 4 a\u00f1os de macrismo el salario a moneda constante hab\u00eda perdido alrededor de 30 %; que a la finalizaci\u00f3n del periodo de la gesti\u00f3n anterior el poder adquisitivo del salario se hab\u00eda recuperado fundado en que con un salario b\u00e1sico se pod\u00eda comprar mas kilos de pan y litros de leche que lo que se compraba en diciembre de 2019 sin alcanzar los niveles de diciembre de 2015 y lo cobrado en el mes de enero 2024. Despu\u00e9s de 60 d\u00edas de la gesti\u00f3n del Presidente Milei el poder adquisitivo cay\u00f3 a niveles por debajo de lo que hab\u00eda dejado el Macrismo siendo este pr\u00f3ximo a una p\u00e9rdida del 50 %.<\/h3>\n<h3>Un \u00faltimo ejemplo, es la comparaci\u00f3n del Salario B\u00e1sico cobrado en el mes de enero por un profesor adjunto o de un profesor asociado ambos con dedicaci\u00f3n exclusiva con la Canasta B\u00e1sica Total, siendo estos cargos los mas altos es decir que los m\u00e1s bajos la situaci\u00f3n es m\u00e1s complicada; en los casos mencionados, <em><u>ambos est\u00e1n por debajo de la l\u00ednea de la pobreza<\/u><\/em>.<\/h3>\n<p><img decoding=\"async\" class=\"wp-image-11758 aligncenter\" src=\"https:\/\/apuntesdesanluis.com\/wp-content\/uploads\/2024\/02\/adoi-2-300x300.png\" alt=\"\" width=\"604\" height=\"604\" srcset=\"https:\/\/apuntesdesanluis.com\/wp-content\/uploads\/2024\/02\/adoi-2-300x300.png 300w, https:\/\/apuntesdesanluis.com\/wp-content\/uploads\/2024\/02\/adoi-2-150x150.png 150w, https:\/\/apuntesdesanluis.com\/wp-content\/uploads\/2024\/02\/adoi-2.png 428w\" sizes=\"(max-width: 604px) 100vw, 604px\" \/><\/p>\n<h3>Este cuadro muestra el deterioro del salario en los \u00faltimos dos meses, lo que nos pone en evidencia que efectivamente hay una transferencia de recursos desde los sectores\u00a0de menores recursos a los m\u00e1s ricos por lo que el ajuste no se realiz\u00f3 a la CASTA sino a las y los trabajadores.<\/h3>\n<h3><strong>EXIGIMOS APERTURA DE PARITARIAS SALARIALES YA. !!!!LA SITUACI\u00d3N CADA VEZ ES M\u00c1S INSOSTENIBLE!!!!!!<\/strong><\/h3>\n<p>&nbsp;<\/p>\n<h3><em>* Secretario General ADOI. Miembro de CONADU.<\/em><\/h3>\n<p>&nbsp;<\/p>\n<p>&nbsp;<\/p>\n<p>&nbsp;<\/p>\n<h3><\/h3>\n","protected":false},"excerpt":{"rendered":"<p>La falta de respuesta al pedido de paritarias y la escalada de precios, que ha&#8230;<\/p>\n","protected":false},"author":1,"featured_media":11759,"comment_status":"closed","ping_status":"closed","sticky":false,"template":"","format":"standard","meta":{"footnotes":""},"categories":[9],"tags":[],"class_list":["post-11756","post","type-post","status-publish","format-standard","has-post-thumbnail","hentry","category-opinion"],"yoast_head":"<!-- This site is optimized with the Yoast SEO plugin v26.1.1 - https:\/\/yoast.com\/wordpress\/plugins\/seo\/ -->\n<title>P\u00c9RDIDA SALARIAL LLEVA A LA DOCENCIA UNIVERSITARIA A NIVELES INTOLERABLES - Apuntes de San Luis<\/title>\n<meta name=\"robots\" content=\"index, follow, max-snippet:-1, max-image-preview:large, max-video-preview:-1\" \/>\n<link rel=\"canonical\" href=\"https:\/\/apuntesdesanluis.com\/index.php\/2024\/02\/16\/perdida-salarial-lleva-a-la-docencia-universitaria-a-niveles-intolerables\/\" \/>\n<meta property=\"og:locale\" content=\"es_ES\" \/>\n<meta property=\"og:type\" content=\"article\" \/>\n<meta property=\"og:title\" content=\"P\u00c9RDIDA SALARIAL LLEVA A LA DOCENCIA UNIVERSITARIA A NIVELES INTOLERABLES - Apuntes de San Luis\" \/>\n<meta property=\"og:description\" content=\"La falta de respuesta al pedido de paritarias y la escalada de precios, que ha...\" \/>\n<meta property=\"og:url\" content=\"https:\/\/apuntesdesanluis.com\/index.php\/2024\/02\/16\/perdida-salarial-lleva-a-la-docencia-universitaria-a-niveles-intolerables\/\" \/>\n<meta property=\"og:site_name\" content=\"Apuntes de San Luis\" \/>\n<meta property=\"article:published_time\" content=\"2024-02-16T07:15:29+00:00\" \/>\n<meta property=\"article:modified_time\" content=\"2024-02-16T07:24:58+00:00\" \/>\n<meta property=\"og:image\" content=\"https:\/\/apuntesdesanluis.com\/wp-content\/uploads\/2024\/02\/conadu.png\" \/>\n\t<meta property=\"og:image:width\" content=\"544\" \/>\n\t<meta property=\"og:image:height\" content=\"323\" \/>\n\t<meta property=\"og:image:type\" content=\"image\/png\" \/>\n<meta name=\"author\" content=\"apuntesdesanluis.com\" \/>\n<meta name=\"twitter:card\" content=\"summary_large_image\" \/>\n<meta name=\"twitter:label1\" content=\"Escrito por\" \/>\n\t<meta name=\"twitter:data1\" content=\"apuntesdesanluis.com\" \/>\n\t<meta name=\"twitter:label2\" content=\"Tiempo de lectura\" \/>\n\t<meta name=\"twitter:data2\" content=\"5 minutos\" \/>\n<script type=\"application\/ld+json\" class=\"yoast-schema-graph\">{\"@context\":\"https:\/\/schema.org\",\"@graph\":[{\"@type\":\"Article\",\"@id\":\"https:\/\/apuntesdesanluis.com\/index.php\/2024\/02\/16\/perdida-salarial-lleva-a-la-docencia-universitaria-a-niveles-intolerables\/#article\",\"isPartOf\":{\"@id\":\"https:\/\/apuntesdesanluis.com\/index.php\/2024\/02\/16\/perdida-salarial-lleva-a-la-docencia-universitaria-a-niveles-intolerables\/\"},\"author\":{\"name\":\"apuntesdesanluis.com\",\"@id\":\"https:\/\/apuntesdesanluis.com\/#\/schema\/person\/b55151d52296fcce64d1a72538a70b90\"},\"headline\":\"P\u00c9RDIDA SALARIAL LLEVA A LA DOCENCIA UNIVERSITARIA A NIVELES INTOLERABLES\",\"datePublished\":\"2024-02-16T07:15:29+00:00\",\"dateModified\":\"2024-02-16T07:24:58+00:00\",\"mainEntityOfPage\":{\"@id\":\"https:\/\/apuntesdesanluis.com\/index.php\/2024\/02\/16\/perdida-salarial-lleva-a-la-docencia-universitaria-a-niveles-intolerables\/\"},\"wordCount\":931,\"publisher\":{\"@id\":\"https:\/\/apuntesdesanluis.com\/#\/schema\/person\/b55151d52296fcce64d1a72538a70b90\"},\"image\":{\"@id\":\"https:\/\/apuntesdesanluis.com\/index.php\/2024\/02\/16\/perdida-salarial-lleva-a-la-docencia-universitaria-a-niveles-intolerables\/#primaryimage\"},\"thumbnailUrl\":\"https:\/\/apuntesdesanluis.com\/wp-content\/uploads\/2024\/02\/conadu.png\",\"articleSection\":[\"Opini\u00f3n\"],\"inLanguage\":\"es-AR\"},{\"@type\":\"WebPage\",\"@id\":\"https:\/\/apuntesdesanluis.com\/index.php\/2024\/02\/16\/perdida-salarial-lleva-a-la-docencia-universitaria-a-niveles-intolerables\/\",\"url\":\"https:\/\/apuntesdesanluis.com\/index.php\/2024\/02\/16\/perdida-salarial-lleva-a-la-docencia-universitaria-a-niveles-intolerables\/\",\"name\":\"P\u00c9RDIDA SALARIAL LLEVA A LA DOCENCIA UNIVERSITARIA A NIVELES INTOLERABLES - Apuntes de San Luis\",\"isPartOf\":{\"@id\":\"https:\/\/apuntesdesanluis.com\/#website\"},\"primaryImageOfPage\":{\"@id\":\"https:\/\/apuntesdesanluis.com\/index.php\/2024\/02\/16\/perdida-salarial-lleva-a-la-docencia-universitaria-a-niveles-intolerables\/#primaryimage\"},\"image\":{\"@id\":\"https:\/\/apuntesdesanluis.com\/index.php\/2024\/02\/16\/perdida-salarial-lleva-a-la-docencia-universitaria-a-niveles-intolerables\/#primaryimage\"},\"thumbnailUrl\":\"https:\/\/apuntesdesanluis.com\/wp-content\/uploads\/2024\/02\/conadu.png\",\"datePublished\":\"2024-02-16T07:15:29+00:00\",\"dateModified\":\"2024-02-16T07:24:58+00:00\",\"breadcrumb\":{\"@id\":\"https:\/\/apuntesdesanluis.com\/index.php\/2024\/02\/16\/perdida-salarial-lleva-a-la-docencia-universitaria-a-niveles-intolerables\/#breadcrumb\"},\"inLanguage\":\"es-AR\",\"potentialAction\":[{\"@type\":\"ReadAction\",\"target\":[\"https:\/\/apuntesdesanluis.com\/index.php\/2024\/02\/16\/perdida-salarial-lleva-a-la-docencia-universitaria-a-niveles-intolerables\/\"]}]},{\"@type\":\"ImageObject\",\"inLanguage\":\"es-AR\",\"@id\":\"https:\/\/apuntesdesanluis.com\/index.php\/2024\/02\/16\/perdida-salarial-lleva-a-la-docencia-universitaria-a-niveles-intolerables\/#primaryimage\",\"url\":\"https:\/\/apuntesdesanluis.com\/wp-content\/uploads\/2024\/02\/conadu.png\",\"contentUrl\":\"https:\/\/apuntesdesanluis.com\/wp-content\/uploads\/2024\/02\/conadu.png\",\"width\":544,\"height\":323},{\"@type\":\"BreadcrumbList\",\"@id\":\"https:\/\/apuntesdesanluis.com\/index.php\/2024\/02\/16\/perdida-salarial-lleva-a-la-docencia-universitaria-a-niveles-intolerables\/#breadcrumb\",\"itemListElement\":[{\"@type\":\"ListItem\",\"position\":1,\"name\":\"Inicio\",\"item\":\"https:\/\/apuntesdesanluis.com\/\"},{\"@type\":\"ListItem\",\"position\":2,\"name\":\"P\u00c9RDIDA SALARIAL LLEVA A LA DOCENCIA UNIVERSITARIA A NIVELES INTOLERABLES\"}]},{\"@type\":\"WebSite\",\"@id\":\"https:\/\/apuntesdesanluis.com\/#website\",\"url\":\"https:\/\/apuntesdesanluis.com\/\",\"name\":\"Apuntes de San Luis\",\"description\":\"\",\"publisher\":{\"@id\":\"https:\/\/apuntesdesanluis.com\/#\/schema\/person\/b55151d52296fcce64d1a72538a70b90\"},\"potentialAction\":[{\"@type\":\"SearchAction\",\"target\":{\"@type\":\"EntryPoint\",\"urlTemplate\":\"https:\/\/apuntesdesanluis.com\/?s={search_term_string}\"},\"query-input\":{\"@type\":\"PropertyValueSpecification\",\"valueRequired\":true,\"valueName\":\"search_term_string\"}}],\"inLanguage\":\"es-AR\"},{\"@type\":[\"Person\",\"Organization\"],\"@id\":\"https:\/\/apuntesdesanluis.com\/#\/schema\/person\/b55151d52296fcce64d1a72538a70b90\",\"name\":\"apuntesdesanluis.com\",\"image\":{\"@type\":\"ImageObject\",\"inLanguage\":\"es-AR\",\"@id\":\"https:\/\/apuntesdesanluis.com\/#\/schema\/person\/image\/\",\"url\":\"https:\/\/apuntesdesanluis.com\/wp-content\/uploads\/2023\/07\/cropped-apuntesdesanluis.png\",\"contentUrl\":\"https:\/\/apuntesdesanluis.com\/wp-content\/uploads\/2023\/07\/cropped-apuntesdesanluis.png\",\"width\":450,\"height\":112,\"caption\":\"apuntesdesanluis.com\"},\"logo\":{\"@id\":\"https:\/\/apuntesdesanluis.com\/#\/schema\/person\/image\/\"},\"sameAs\":[\"https:\/\/apuntesdesanluis.com\"],\"url\":\"https:\/\/apuntesdesanluis.com\/index.php\/author\/apuntesdesanluis-com\/\"}]}<\/script>\n<!-- \/ Yoast SEO plugin. -->","yoast_head_json":{"title":"P\u00c9RDIDA SALARIAL LLEVA A LA DOCENCIA UNIVERSITARIA A NIVELES INTOLERABLES - Apuntes de San Luis","robots":{"index":"index","follow":"follow","max-snippet":"max-snippet:-1","max-image-preview":"max-image-preview:large","max-video-preview":"max-video-preview:-1"},"canonical":"https:\/\/apuntesdesanluis.com\/index.php\/2024\/02\/16\/perdida-salarial-lleva-a-la-docencia-universitaria-a-niveles-intolerables\/","og_locale":"es_ES","og_type":"article","og_title":"P\u00c9RDIDA SALARIAL LLEVA A LA DOCENCIA UNIVERSITARIA A NIVELES INTOLERABLES - Apuntes de San Luis","og_description":"La falta de respuesta al pedido de paritarias y la escalada de precios, que ha...","og_url":"https:\/\/apuntesdesanluis.com\/index.php\/2024\/02\/16\/perdida-salarial-lleva-a-la-docencia-universitaria-a-niveles-intolerables\/","og_site_name":"Apuntes de San Luis","article_published_time":"2024-02-16T07:15:29+00:00","article_modified_time":"2024-02-16T07:24:58+00:00","og_image":[{"width":544,"height":323,"url":"https:\/\/apuntesdesanluis.com\/wp-content\/uploads\/2024\/02\/conadu.png","type":"image\/png"}],"author":"apuntesdesanluis.com","twitter_card":"summary_large_image","twitter_misc":{"Escrito por":"apuntesdesanluis.com","Tiempo de lectura":"5 minutos"},"schema":{"@context":"https:\/\/schema.org","@graph":[{"@type":"Article","@id":"https:\/\/apuntesdesanluis.com\/index.php\/2024\/02\/16\/perdida-salarial-lleva-a-la-docencia-universitaria-a-niveles-intolerables\/#article","isPartOf":{"@id":"https:\/\/apuntesdesanluis.com\/index.php\/2024\/02\/16\/perdida-salarial-lleva-a-la-docencia-universitaria-a-niveles-intolerables\/"},"author":{"name":"apuntesdesanluis.com","@id":"https:\/\/apuntesdesanluis.com\/#\/schema\/person\/b55151d52296fcce64d1a72538a70b90"},"headline":"P\u00c9RDIDA SALARIAL LLEVA A LA DOCENCIA UNIVERSITARIA A NIVELES INTOLERABLES","datePublished":"2024-02-16T07:15:29+00:00","dateModified":"2024-02-16T07:24:58+00:00","mainEntityOfPage":{"@id":"https:\/\/apuntesdesanluis.com\/index.php\/2024\/02\/16\/perdida-salarial-lleva-a-la-docencia-universitaria-a-niveles-intolerables\/"},"wordCount":931,"publisher":{"@id":"https:\/\/apuntesdesanluis.com\/#\/schema\/person\/b55151d52296fcce64d1a72538a70b90"},"image":{"@id":"https:\/\/apuntesdesanluis.com\/index.php\/2024\/02\/16\/perdida-salarial-lleva-a-la-docencia-universitaria-a-niveles-intolerables\/#primaryimage"},"thumbnailUrl":"https:\/\/apuntesdesanluis.com\/wp-content\/uploads\/2024\/02\/conadu.png","articleSection":["Opini\u00f3n"],"inLanguage":"es-AR"},{"@type":"WebPage","@id":"https:\/\/apuntesdesanluis.com\/index.php\/2024\/02\/16\/perdida-salarial-lleva-a-la-docencia-universitaria-a-niveles-intolerables\/","url":"https:\/\/apuntesdesanluis.com\/index.php\/2024\/02\/16\/perdida-salarial-lleva-a-la-docencia-universitaria-a-niveles-intolerables\/","name":"P\u00c9RDIDA SALARIAL LLEVA A LA DOCENCIA UNIVERSITARIA A NIVELES INTOLERABLES - Apuntes de San Luis","isPartOf":{"@id":"https:\/\/apuntesdesanluis.com\/#website"},"primaryImageOfPage":{"@id":"https:\/\/apuntesdesanluis.com\/index.php\/2024\/02\/16\/perdida-salarial-lleva-a-la-docencia-universitaria-a-niveles-intolerables\/#primaryimage"},"image":{"@id":"https:\/\/apuntesdesanluis.com\/index.php\/2024\/02\/16\/perdida-salarial-lleva-a-la-docencia-universitaria-a-niveles-intolerables\/#primaryimage"},"thumbnailUrl":"https:\/\/apuntesdesanluis.com\/wp-content\/uploads\/2024\/02\/conadu.png","datePublished":"2024-02-16T07:15:29+00:00","dateModified":"2024-02-16T07:24:58+00:00","breadcrumb":{"@id":"https:\/\/apuntesdesanluis.com\/index.php\/2024\/02\/16\/perdida-salarial-lleva-a-la-docencia-universitaria-a-niveles-intolerables\/#breadcrumb"},"inLanguage":"es-AR","potentialAction":[{"@type":"ReadAction","target":["https:\/\/apuntesdesanluis.com\/index.php\/2024\/02\/16\/perdida-salarial-lleva-a-la-docencia-universitaria-a-niveles-intolerables\/"]}]},{"@type":"ImageObject","inLanguage":"es-AR","@id":"https:\/\/apuntesdesanluis.com\/index.php\/2024\/02\/16\/perdida-salarial-lleva-a-la-docencia-universitaria-a-niveles-intolerables\/#primaryimage","url":"https:\/\/apuntesdesanluis.com\/wp-content\/uploads\/2024\/02\/conadu.png","contentUrl":"https:\/\/apuntesdesanluis.com\/wp-content\/uploads\/2024\/02\/conadu.png","width":544,"height":323},{"@type":"BreadcrumbList","@id":"https:\/\/apuntesdesanluis.com\/index.php\/2024\/02\/16\/perdida-salarial-lleva-a-la-docencia-universitaria-a-niveles-intolerables\/#breadcrumb","itemListElement":[{"@type":"ListItem","position":1,"name":"Inicio","item":"https:\/\/apuntesdesanluis.com\/"},{"@type":"ListItem","position":2,"name":"P\u00c9RDIDA SALARIAL LLEVA A LA DOCENCIA UNIVERSITARIA A NIVELES INTOLERABLES"}]},{"@type":"WebSite","@id":"https:\/\/apuntesdesanluis.com\/#website","url":"https:\/\/apuntesdesanluis.com\/","name":"Apuntes de San Luis","description":"","publisher":{"@id":"https:\/\/apuntesdesanluis.com\/#\/schema\/person\/b55151d52296fcce64d1a72538a70b90"},"potentialAction":[{"@type":"SearchAction","target":{"@type":"EntryPoint","urlTemplate":"https:\/\/apuntesdesanluis.com\/?s={search_term_string}"},"query-input":{"@type":"PropertyValueSpecification","valueRequired":true,"valueName":"search_term_string"}}],"inLanguage":"es-AR"},{"@type":["Person","Organization"],"@id":"https:\/\/apuntesdesanluis.com\/#\/schema\/person\/b55151d52296fcce64d1a72538a70b90","name":"apuntesdesanluis.com","image":{"@type":"ImageObject","inLanguage":"es-AR","@id":"https:\/\/apuntesdesanluis.com\/#\/schema\/person\/image\/","url":"https:\/\/apuntesdesanluis.com\/wp-content\/uploads\/2023\/07\/cropped-apuntesdesanluis.png","contentUrl":"https:\/\/apuntesdesanluis.com\/wp-content\/uploads\/2023\/07\/cropped-apuntesdesanluis.png","width":450,"height":112,"caption":"apuntesdesanluis.com"},"logo":{"@id":"https:\/\/apuntesdesanluis.com\/#\/schema\/person\/image\/"},"sameAs":["https:\/\/apuntesdesanluis.com"],"url":"https:\/\/apuntesdesanluis.com\/index.php\/author\/apuntesdesanluis-com\/"}]}},"featured_image_urls":{"full":["https:\/\/apuntesdesanluis.com\/wp-content\/uploads\/2024\/02\/conadu.png",544,323,false],"thumbnail":["https:\/\/apuntesdesanluis.com\/wp-content\/uploads\/2024\/02\/conadu-150x150.png",150,150,true],"medium":["https:\/\/apuntesdesanluis.com\/wp-content\/uploads\/2024\/02\/conadu-300x178.png",300,178,true],"medium_large":["https:\/\/apuntesdesanluis.com\/wp-content\/uploads\/2024\/02\/conadu.png",544,323,false],"large":["https:\/\/apuntesdesanluis.com\/wp-content\/uploads\/2024\/02\/conadu.png",544,323,false],"1536x1536":["https:\/\/apuntesdesanluis.com\/wp-content\/uploads\/2024\/02\/conadu.png",544,323,false],"2048x2048":["https:\/\/apuntesdesanluis.com\/wp-content\/uploads\/2024\/02\/conadu.png",544,323,false],"newsever-slider-full":["https:\/\/apuntesdesanluis.com\/wp-content\/uploads\/2024\/02\/conadu.png",544,323,false],"newsever-featured":["https:\/\/apuntesdesanluis.com\/wp-content\/uploads\/2024\/02\/conadu.png",544,323,false],"newsever-medium":["https:\/\/apuntesdesanluis.com\/wp-content\/uploads\/2024\/02\/conadu.png",544,323,false]},"author_info":{"display_name":"apuntesdesanluis.com","author_link":"https:\/\/apuntesdesanluis.com\/index.php\/author\/apuntesdesanluis-com\/"},"category_info":"<a href=\"https:\/\/apuntesdesanluis.com\/index.php\/category\/opinion\/\" rel=\"category tag\">Opini\u00f3n<\/a>","tag_info":"Opini\u00f3n","comment_count":"0","_links":{"self":[{"href":"https:\/\/apuntesdesanluis.com\/index.php\/wp-json\/wp\/v2\/posts\/11756","targetHints":{"allow":["GET"]}}],"collection":[{"href":"https:\/\/apuntesdesanluis.com\/index.php\/wp-json\/wp\/v2\/posts"}],"about":[{"href":"https:\/\/apuntesdesanluis.com\/index.php\/wp-json\/wp\/v2\/types\/post"}],"author":[{"embeddable":true,"href":"https:\/\/apuntesdesanluis.com\/index.php\/wp-json\/wp\/v2\/users\/1"}],"replies":[{"embeddable":true,"href":"https:\/\/apuntesdesanluis.com\/index.php\/wp-json\/wp\/v2\/comments?post=11756"}],"version-history":[{"count":6,"href":"https:\/\/apuntesdesanluis.com\/index.php\/wp-json\/wp\/v2\/posts\/11756\/revisions"}],"predecessor-version":[{"id":11765,"href":"https:\/\/apuntesdesanluis.com\/index.php\/wp-json\/wp\/v2\/posts\/11756\/revisions\/11765"}],"wp:featuredmedia":[{"embeddable":true,"href":"https:\/\/apuntesdesanluis.com\/index.php\/wp-json\/wp\/v2\/media\/11759"}],"wp:attachment":[{"href":"https:\/\/apuntesdesanluis.com\/index.php\/wp-json\/wp\/v2\/media?parent=11756"}],"wp:term":[{"taxonomy":"category","embeddable":true,"href":"https:\/\/apuntesdesanluis.com\/index.php\/wp-json\/wp\/v2\/categories?post=11756"},{"taxonomy":"post_tag","embeddable":true,"href":"https:\/\/apuntesdesanluis.com\/index.php\/wp-json\/wp\/v2\/tags?post=11756"}],"curies":[{"name":"wp","href":"https:\/\/api.w.org\/{rel}","templated":true}]}}